{"id":2309,"date":"2012-12-01T11:40:35","date_gmt":"2012-12-01T15:40:35","guid":{"rendered":"http:\/\/www.duarte.cl\/?p=2309"},"modified":"2018-11-25T08:47:24","modified_gmt":"2018-11-25T13:47:24","slug":"receta-naranjitas-con-chocolate-estamos-en-problemas","status":"publish","type":"post","link":"https:\/\/le-fort.org\/cocina\/receta-naranjitas-con-chocolate-estamos-en-problemas\/","title":{"rendered":"Receta: Naranjitas con Chocolate. Estamos en Problemas"},"content":{"rendered":"<p>Aprendimos a hacer c\u00e1scaras de naranja confitadas cubiertas de chocolate \u2013naranjitas\u2013 en casa. Estamos en problemas. Son adictivas.<\/p>\n<p>A continuaci\u00f3n les contamos como hacer naranjitas a partir de <strong>una<\/strong> naranja.<!--more--><\/p>\n<p class=\"destacado\"><a href=\"https:\/\/www.le-fort.org\/naranjitas\/\">Tenemos una mejor forma de confitar las naranjas<\/a><\/p>\n<figure id=\"attachment_13490\" aria-describedby=\"caption-attachment-13490\" style=\"width: 654px\" class=\"wp-caption aligncenter\"><img data-recalc-dims=\"1\" loading=\"lazy\" decoding=\"async\" data-attachment-id=\"13490\" data-permalink=\"https:\/\/le-fort.org\/cocina\/receta-naranjitas-con-chocolate-estamos-en-problemas\/mde-4\/\" data-orig-file=\"https:\/\/i0.wp.com\/le-fort.org\/cocina\/wp-content\/uploads\/2012\/12\/2018-11-18-20.25.13.jpg?fit=4608%2C2272&amp;ssl=1\" data-orig-size=\"4608,2272\" data-comments-opened=\"0\" data-image-meta=\"{&quot;aperture&quot;:&quot;2.2&quot;,&quot;credit&quot;:&quot;&quot;,&quot;camera&quot;:&quot;ANE-LX3&quot;,&quot;caption&quot;:&quot;mde&quot;,&quot;created_timestamp&quot;:&quot;1542572713&quot;,&quot;copyright&quot;:&quot;&quot;,&quot;focal_length&quot;:&quot;3.81&quot;,&quot;iso&quot;:&quot;800&quot;,&quot;shutter_speed&quot;:&quot;0.058333&quot;,&quot;title&quot;:&quot;mde&quot;,&quot;orientation&quot;:&quot;0&quot;}\" data-image-title=\"mde\" data-image-description=\"\" data-image-caption=\"&lt;p&gt;Naranjas confitadas&lt;\/p&gt;\n\" data-large-file=\"https:\/\/i0.wp.com\/le-fort.org\/cocina\/wp-content\/uploads\/2012\/12\/2018-11-18-20.25.13.jpg?fit=1200%2C592&amp;ssl=1\" class=\"size-large wp-image-13490\" src=\"https:\/\/i0.wp.com\/www.le-fort.org\/wp-content\/uploads\/2012\/12\/2018-11-18-20.25.13-1280x631.jpg?resize=654%2C322&#038;ssl=1\" alt=\"Naranjas confitadas\" width=\"654\" height=\"322\" srcset=\"https:\/\/i0.wp.com\/le-fort.org\/cocina\/wp-content\/uploads\/2012\/12\/2018-11-18-20.25.13.jpg?resize=1280%2C631&amp;ssl=1 1280w, https:\/\/i0.wp.com\/le-fort.org\/cocina\/wp-content\/uploads\/2012\/12\/2018-11-18-20.25.13.jpg?resize=600%2C296&amp;ssl=1 600w, https:\/\/i0.wp.com\/le-fort.org\/cocina\/wp-content\/uploads\/2012\/12\/2018-11-18-20.25.13.jpg?resize=2%2C1&amp;ssl=1 2w, https:\/\/i0.wp.com\/le-fort.org\/cocina\/wp-content\/uploads\/2012\/12\/2018-11-18-20.25.13.jpg?w=2400&amp;ssl=1 2400w, https:\/\/i0.wp.com\/le-fort.org\/cocina\/wp-content\/uploads\/2012\/12\/2018-11-18-20.25.13.jpg?w=3600&amp;ssl=1 3600w\" sizes=\"auto, (max-width: 654px) 100vw, 654px\" \/><figcaption id=\"caption-attachment-13490\" class=\"wp-caption-text\">Naranjas confitadas<\/figcaption><\/figure>\n<h2>Ingredientes<\/h2>\n<ul>\n<li>Una naranja<\/li>\n<li>Una taza de az\u00facar<\/li>\n<li>Una taza de agua<\/li>\n<li>50 grs. de chocolate cobertura<\/li>\n<\/ul>\n<h2>M\u00e9todo<\/h2>\n<p>Remover los casquetes polares de la naranja.<\/p>\n<p>Pelarla, cuidando de sacar la c\u00e1scara lo m\u00e1s entera posible.<\/p>\n<p>Cortar la c\u00e1scara en tiritas de unos 3 mm. de ancho.<\/p>\n<p>Hervir en agua unos 15 minutos.<\/p>\n<p>Colar, enjuagar, colar.<\/p>\n<p>Llevar a ebullici\u00f3n el agua con el az\u00facar y agregar las c\u00e1scaras de naranja. Hervir a fuego lento unos 30 minutos, o hasta que se empiecen a tostar las c\u00e1scaras. <em>Cuidado, que del caramelizado al quemado hay poco tiempo<\/em>.<\/p>\n<p><img data-recalc-dims=\"1\" loading=\"lazy\" decoding=\"async\" data-attachment-id=\"4058\" data-permalink=\"https:\/\/le-fort.org\/cocina\/receta-naranjitas-con-chocolate-estamos-en-problemas\/2012-12-01_09-52-26_669-520x390\/\" data-orig-file=\"https:\/\/i0.wp.com\/le-fort.org\/cocina\/wp-content\/uploads\/2012\/12\/2012-12-01_09-52-26_669-520x390.jpg?fit=520%2C390&amp;ssl=1\" data-orig-size=\"520,390\" data-comments-opened=\"0\" data-image-meta=\"{&quot;aperture&quot;:&quot;0&quot;,&quot;credit&quot;:&quot;&quot;,&quot;camera&quot;:&quot;&quot;,&quot;caption&quot;:&quot;&quot;,&quot;created_timestamp&quot;:&quot;0&quot;,&quot;copyright&quot;:&quot;&quot;,&quot;focal_length&quot;:&quot;0&quot;,&quot;iso&quot;:&quot;0&quot;,&quot;shutter_speed&quot;:&quot;0&quot;,&quot;title&quot;:&quot;&quot;,&quot;orientation&quot;:&quot;0&quot;}\" data-image-title=\"2012-12-01_09-52-26_669-520&amp;#215;390\" data-image-description=\"\" data-image-caption=\"\" data-large-file=\"https:\/\/i0.wp.com\/le-fort.org\/cocina\/wp-content\/uploads\/2012\/12\/2012-12-01_09-52-26_669-520x390.jpg?fit=520%2C390&amp;ssl=1\" class=\"aligncenter size-full wp-image-4058\" src=\"https:\/\/i0.wp.com\/www.le-fort.org\/wp-content\/uploads\/2012\/12\/2012-12-01_09-52-26_669-520x390.jpg?resize=520%2C390&#038;ssl=1\" alt=\"2012-12-01_09-52-26_669-520x390\" width=\"520\" height=\"390\" \/><\/p>\n<p>Colar nuevamente, reservando el alm\u00edbar para alguna otra cosa, y cubrir con el chocolate derretido, ya sea a ba\u00f1o mar\u00eda o en el microondas.<\/p>\n<p><img data-recalc-dims=\"1\" loading=\"lazy\" decoding=\"async\" data-attachment-id=\"4050\" data-permalink=\"https:\/\/le-fort.org\/cocina\/receta-naranjitas-con-chocolate-estamos-en-problemas\/2012-12-01_09-53-01_803-520x390\/\" data-orig-file=\"https:\/\/i0.wp.com\/le-fort.org\/cocina\/wp-content\/uploads\/2012\/12\/2012-12-01_09-53-01_803-520x390.jpg?fit=520%2C390&amp;ssl=1\" data-orig-size=\"520,390\" data-comments-opened=\"0\" data-image-meta=\"{&quot;aperture&quot;:&quot;0&quot;,&quot;credit&quot;:&quot;&quot;,&quot;camera&quot;:&quot;&quot;,&quot;caption&quot;:&quot;&quot;,&quot;created_timestamp&quot;:&quot;0&quot;,&quot;copyright&quot;:&quot;&quot;,&quot;focal_length&quot;:&quot;0&quot;,&quot;iso&quot;:&quot;0&quot;,&quot;shutter_speed&quot;:&quot;0&quot;,&quot;title&quot;:&quot;&quot;,&quot;orientation&quot;:&quot;0&quot;}\" data-image-title=\"2012-12-01_09-53-01_803-520&amp;#215;390\" data-image-description=\"\" data-image-caption=\"\" data-large-file=\"https:\/\/i0.wp.com\/le-fort.org\/cocina\/wp-content\/uploads\/2012\/12\/2012-12-01_09-53-01_803-520x390.jpg?fit=520%2C390&amp;ssl=1\" class=\"aligncenter size-full wp-image-4050\" src=\"https:\/\/i0.wp.com\/www.le-fort.org\/wp-content\/uploads\/2012\/12\/2012-12-01_09-53-01_803-520x390.jpg?resize=520%2C390&#038;ssl=1\" alt=\"2012-12-01_09-53-01_803-520x390\" width=\"520\" height=\"390\" \/><\/p>\n<p>Dejar solidificar el chocolate, y devorar.<\/p>\n<p><a href=\"https:\/\/i0.wp.com\/le-fort.org\/wp-content\/uploads\/2012\/12\/2012-12-01_10-04-040-520x390.jpg?ssl=1\"><img data-recalc-dims=\"1\" loading=\"lazy\" decoding=\"async\" data-attachment-id=\"4055\" data-permalink=\"https:\/\/le-fort.org\/cocina\/receta-naranjitas-con-chocolate-estamos-en-problemas\/2012-12-01_10-04-040-520x390\/\" data-orig-file=\"https:\/\/i0.wp.com\/le-fort.org\/cocina\/wp-content\/uploads\/2012\/12\/2012-12-01_10-04-040-520x390.jpg?fit=520%2C390&amp;ssl=1\" data-orig-size=\"520,390\" data-comments-opened=\"0\" data-image-meta=\"{&quot;aperture&quot;:&quot;0&quot;,&quot;credit&quot;:&quot;&quot;,&quot;camera&quot;:&quot;&quot;,&quot;caption&quot;:&quot;&quot;,&quot;created_timestamp&quot;:&quot;0&quot;,&quot;copyright&quot;:&quot;&quot;,&quot;focal_length&quot;:&quot;0&quot;,&quot;iso&quot;:&quot;0&quot;,&quot;shutter_speed&quot;:&quot;0&quot;,&quot;title&quot;:&quot;&quot;,&quot;orientation&quot;:&quot;0&quot;}\" data-image-title=\"2012-12-01_10-04-040-520&amp;#215;390\" data-image-description=\"\" data-image-caption=\"\" data-large-file=\"https:\/\/i0.wp.com\/le-fort.org\/cocina\/wp-content\/uploads\/2012\/12\/2012-12-01_10-04-040-520x390.jpg?fit=520%2C390&amp;ssl=1\" class=\"aligncenter size-full wp-image-4055\" src=\"https:\/\/i0.wp.com\/www.le-fort.org\/wp-content\/uploads\/2012\/12\/2012-12-01_10-04-040-520x390.jpg?resize=520%2C390&#038;ssl=1\" alt=\"2012-12-01_10-04-040-520x390\" width=\"520\" height=\"390\" \/><\/a><\/p>\n<h2>Notas<\/h2>\n<ol>\n<li>Poner las naranjitas sobre Alusa Foil (papel de aluminio) hace que el chocolate se solidifique r\u00e1pidamente. Se recomienda.<\/li>\n<li>No poner las naranjitas muy juntas, ya que los chocolates se unen, y alguien se puede ver obligado a comerse dos en vez de una \ud83d\ude09<\/li>\n<li>Creemos que es mejor usar cobertura de chocolate amargo<\/li>\n<li>Al derretir el chocolate en el microondas, conviene hacerlo en incrementos de 10 en 10 segundos, para evitar que se queme.<\/li>\n<\/ol>\n","protected":false},"excerpt":{"rendered":"<p>Aprendimos a hacer c\u00e1scaras de naranja confitadas cubiertas de chocolate. Estamos en problemas.<\/p>\n","protected":false},"author":1,"featured_media":4057,"comment_status":"open","ping_status":"closed","sticky":false,"template":"","format":"standard","meta":{"_jetpack_newsletter_access":"","_jetpack_dont_email_post_to_subs":false,"_jetpack_newsletter_tier_id":0,"_jetpack_memberships_contains_paywalled_content":false,"_jetpack_memberships_contains_paid_content":false,"footnotes":""},"categories":[19],"tags":[358,355,98,351],"class_list":["post-2309","post","type-post","status-publish","format-standard","has-post-thumbnail","hentry","category-cocina-comida","tag-chocolate","tag-cocina-comida","tag-naranja","tag-recetas","entry","has-media"],"jetpack_featured_media_url":"https:\/\/i0.wp.com\/le-fort.org\/cocina\/wp-content\/uploads\/2012\/12\/2012-12-01_10-03-59_273-800x288.jpg?fit=800%2C288&ssl=1","jetpack_shortlink":"https:\/\/wp.me\/pghKer-Bf","jetpack_sharing_enabled":true,"jetpack-related-posts":[{"id":4728,"url":"https:\/\/le-fort.org\/cocina\/brownies-con-naranja-y-nutella\/","url_meta":{"origin":2309,"position":0},"title":"Brownies con Naranja y Nutella","author":"Le-Fort.org","date":"11 de Julio, 2013","format":false,"excerpt":"Receta de Brownies de naranja y Nutella, con trocitos de c\u00e1scara de naranja confitada y una capa de Nutella.","rel":"","context":"En &quot;Recetas&quot;","block_context":{"text":"Recetas","link":"https:\/\/le-fort.org\/cocina\/categoria\/recetas\/"},"img":{"alt_text":"","src":"https:\/\/i0.wp.com\/le-fort.org\/cocina\/wp-content\/uploads\/2013\/07\/brownie-naranja-nutella-hd.jpg?fit=1200%2C401&ssl=1&resize=350%2C200","width":350,"height":200,"srcset":"https:\/\/i0.wp.com\/le-fort.org\/cocina\/wp-content\/uploads\/2013\/07\/brownie-naranja-nutella-hd.jpg?fit=1200%2C401&ssl=1&resize=350%2C200 1x, https:\/\/i0.wp.com\/le-fort.org\/cocina\/wp-content\/uploads\/2013\/07\/brownie-naranja-nutella-hd.jpg?fit=1200%2C401&ssl=1&resize=525%2C300 1.5x, https:\/\/i0.wp.com\/le-fort.org\/cocina\/wp-content\/uploads\/2013\/07\/brownie-naranja-nutella-hd.jpg?fit=1200%2C401&ssl=1&resize=700%2C400 2x, https:\/\/i0.wp.com\/le-fort.org\/cocina\/wp-content\/uploads\/2013\/07\/brownie-naranja-nutella-hd.jpg?fit=1200%2C401&ssl=1&resize=1050%2C600 3x"},"classes":[]},{"id":13500,"url":"https:\/\/le-fort.org\/cocina\/naranjitas\/","url_meta":{"origin":2309,"position":1},"title":"Naranjitas: C\u00e1scaras de naranja confitadas","author":"Marell Rojas","date":"25 de Noviembre, 2018","format":false,"excerpt":"Naranjitas: c\u00e1scaras de naranja confitadas en el propio jugo de las naranjas, despu\u00e9s de tres hervores cortos para reducir el amargo.","rel":"","context":"En &quot;General&quot;","block_context":{"text":"General","link":"https:\/\/le-fort.org\/cocina\/categoria\/general\/"},"img":{"alt_text":"","src":"https:\/\/i0.wp.com\/le-fort.org\/cocina\/wp-content\/uploads\/2018\/11\/naranjitas-hd-1.jpg?fit=1200%2C400&ssl=1&resize=350%2C200","width":350,"height":200,"srcset":"https:\/\/i0.wp.com\/le-fort.org\/cocina\/wp-content\/uploads\/2018\/11\/naranjitas-hd-1.jpg?fit=1200%2C400&ssl=1&resize=350%2C200 1x, https:\/\/i0.wp.com\/le-fort.org\/cocina\/wp-content\/uploads\/2018\/11\/naranjitas-hd-1.jpg?fit=1200%2C400&ssl=1&resize=525%2C300 1.5x, https:\/\/i0.wp.com\/le-fort.org\/cocina\/wp-content\/uploads\/2018\/11\/naranjitas-hd-1.jpg?fit=1200%2C400&ssl=1&resize=700%2C400 2x, https:\/\/i0.wp.com\/le-fort.org\/cocina\/wp-content\/uploads\/2018\/11\/naranjitas-hd-1.jpg?fit=1200%2C400&ssl=1&resize=1050%2C600 3x"},"classes":[]},{"id":2061,"url":"https:\/\/le-fort.org\/cocina\/receta-de-brownies\/","url_meta":{"origin":2309,"position":2},"title":"Receta de Brownies B\u00e1sica y Chocolatosa","author":"Le-Fort.org","date":"2 de Agosto, 2012","format":false,"excerpt":"Los Brownies \u2013negritos en nuestro idioma\u2013 son un h\u00edbrido entre queque y \u00bfcaluga? de chocolate de origen estadounidense. Aqu\u00ed est\u00e1 la receta de los brownies de chocolate.","rel":"","context":"En &quot;Comida&quot;","block_context":{"text":"Comida","link":"https:\/\/le-fort.org\/cocina\/categoria\/cocina-comida\/"},"img":{"alt_text":"","src":"https:\/\/i0.wp.com\/le-fort.org\/cocina\/wp-content\/uploads\/2012\/08\/brownies-800x288.jpg?fit=800%2C288&ssl=1&resize=350%2C200","width":350,"height":200,"srcset":"https:\/\/i0.wp.com\/le-fort.org\/cocina\/wp-content\/uploads\/2012\/08\/brownies-800x288.jpg?fit=800%2C288&ssl=1&resize=350%2C200 1x, https:\/\/i0.wp.com\/le-fort.org\/cocina\/wp-content\/uploads\/2012\/08\/brownies-800x288.jpg?fit=800%2C288&ssl=1&resize=525%2C300 1.5x, https:\/\/i0.wp.com\/le-fort.org\/cocina\/wp-content\/uploads\/2012\/08\/brownies-800x288.jpg?fit=800%2C288&ssl=1&resize=700%2C400 2x"},"classes":[]},{"id":3155,"url":"https:\/\/le-fort.org\/cocina\/queque-vegano-de-chocolate\/","url_meta":{"origin":2309,"position":3},"title":"Queque Vegano de Chocolate","author":"Le-Fort.org","date":"13 de Febrero, 2013","format":false,"excerpt":"Receta de queque r\u00e1pido y vegano de chocolate.","rel":"","context":"En &quot;Recetas&quot;","block_context":{"text":"Recetas","link":"https:\/\/le-fort.org\/cocina\/categoria\/recetas\/"},"img":{"alt_text":"","src":"https:\/\/i0.wp.com\/le-fort.org\/cocina\/wp-content\/uploads\/2013\/02\/P1280105.jpg?fit=960%2C249&ssl=1&resize=350%2C200","width":350,"height":200,"srcset":"https:\/\/i0.wp.com\/le-fort.org\/cocina\/wp-content\/uploads\/2013\/02\/P1280105.jpg?fit=960%2C249&ssl=1&resize=350%2C200 1x, https:\/\/i0.wp.com\/le-fort.org\/cocina\/wp-content\/uploads\/2013\/02\/P1280105.jpg?fit=960%2C249&ssl=1&resize=525%2C300 1.5x, https:\/\/i0.wp.com\/le-fort.org\/cocina\/wp-content\/uploads\/2013\/02\/P1280105.jpg?fit=960%2C249&ssl=1&resize=700%2C400 2x"},"classes":[]},{"id":8337,"url":"https:\/\/le-fort.org\/cocina\/torta-de-panqueques\/","url_meta":{"origin":2309,"position":4},"title":"Torta de Panqueques","author":"Le-Fort.org","date":"7 de Julio, 2016","format":false,"excerpt":"Deliciosa torta de panqueques basada en recetas alemanas (schichttorte y baumkuchen). Es una de nuestras nuevas favoritas.","rel":"","context":"En &quot;Reposter\u00eda&quot;","block_context":{"text":"Reposter\u00eda","link":"https:\/\/le-fort.org\/cocina\/categoria\/reposteria\/"},"img":{"alt_text":"","src":"https:\/\/i0.wp.com\/le-fort.org\/cocina\/wp-content\/uploads\/2016\/07\/torte-hd.jpg?fit=1200%2C400&ssl=1&resize=350%2C200","width":350,"height":200,"srcset":"https:\/\/i0.wp.com\/le-fort.org\/cocina\/wp-content\/uploads\/2016\/07\/torte-hd.jpg?fit=1200%2C400&ssl=1&resize=350%2C200 1x, https:\/\/i0.wp.com\/le-fort.org\/cocina\/wp-content\/uploads\/2016\/07\/torte-hd.jpg?fit=1200%2C400&ssl=1&resize=525%2C300 1.5x, https:\/\/i0.wp.com\/le-fort.org\/cocina\/wp-content\/uploads\/2016\/07\/torte-hd.jpg?fit=1200%2C400&ssl=1&resize=700%2C400 2x, https:\/\/i0.wp.com\/le-fort.org\/cocina\/wp-content\/uploads\/2016\/07\/torte-hd.jpg?fit=1200%2C400&ssl=1&resize=1050%2C600 3x"},"classes":[]},{"id":16048,"url":"https:\/\/le-fort.org\/cocina\/tartatletas-de-limon\/","url_meta":{"origin":2309,"position":5},"title":"Tartaletas de Lim\u00f3n","author":"Marell Rojas","date":"13 de Mayo, 2020","format":false,"excerpt":"Receta de tartaletas de lim\u00f3n","rel":"","context":"En &quot;Productos&quot;","block_context":{"text":"Productos","link":"https:\/\/le-fort.org\/cocina\/categoria\/productos\/"},"img":{"alt_text":"","src":"https:\/\/i0.wp.com\/le-fort.org\/cocina\/wp-content\/uploads\/2020\/05\/tarta-hd.jpg?fit=1200%2C400&ssl=1&resize=350%2C200","width":350,"height":200,"srcset":"https:\/\/i0.wp.com\/le-fort.org\/cocina\/wp-content\/uploads\/2020\/05\/tarta-hd.jpg?fit=1200%2C400&ssl=1&resize=350%2C200 1x, https:\/\/i0.wp.com\/le-fort.org\/cocina\/wp-content\/uploads\/2020\/05\/tarta-hd.jpg?fit=1200%2C400&ssl=1&resize=525%2C300 1.5x, https:\/\/i0.wp.com\/le-fort.org\/cocina\/wp-content\/uploads\/2020\/05\/tarta-hd.jpg?fit=1200%2C400&ssl=1&resize=700%2C400 2x, https:\/\/i0.wp.com\/le-fort.org\/cocina\/wp-content\/uploads\/2020\/05\/tarta-hd.jpg?fit=1200%2C400&ssl=1&resize=1050%2C600 3x"},"classes":[]}],"_links":{"self":[{"href":"https:\/\/le-fort.org\/cocina\/wp-json\/wp\/v2\/posts\/2309","targetHints":{"allow":["GET"]}}],"collection":[{"href":"https:\/\/le-fort.org\/cocina\/wp-json\/wp\/v2\/posts"}],"about":[{"href":"https:\/\/le-fort.org\/cocina\/wp-json\/wp\/v2\/types\/post"}],"author":[{"embeddable":true,"href":"https:\/\/le-fort.org\/cocina\/wp-json\/wp\/v2\/users\/1"}],"replies":[{"embeddable":true,"href":"https:\/\/le-fort.org\/cocina\/wp-json\/wp\/v2\/comments?post=2309"}],"version-history":[{"count":3,"href":"https:\/\/le-fort.org\/cocina\/wp-json\/wp\/v2\/posts\/2309\/revisions"}],"predecessor-version":[{"id":13517,"href":"https:\/\/le-fort.org\/cocina\/wp-json\/wp\/v2\/posts\/2309\/revisions\/13517"}],"wp:featuredmedia":[{"embeddable":true,"href":"https:\/\/le-fort.org\/cocina\/wp-json\/wp\/v2\/media\/4057"}],"wp:attachment":[{"href":"https:\/\/le-fort.org\/cocina\/wp-json\/wp\/v2\/media?parent=2309"}],"wp:term":[{"taxonomy":"category","embeddable":true,"href":"https:\/\/le-fort.org\/cocina\/wp-json\/wp\/v2\/categories?post=2309"},{"taxonomy":"post_tag","embeddable":true,"href":"https:\/\/le-fort.org\/cocina\/wp-json\/wp\/v2\/tags?post=2309"}],"curies":[{"name":"wp","href":"https:\/\/api.w.org\/{rel}","templated":true}]}}