{"id":234,"date":"2020-12-07T10:18:28","date_gmt":"2020-12-07T15:18:28","guid":{"rendered":"https:\/\/comer.me\/?p=234"},"modified":"2020-12-07T10:18:28","modified_gmt":"2020-12-07T15:18:28","slug":"tortilla-de-papas","status":"publish","type":"post","link":"https:\/\/le-fort.org\/cocina\/tortilla-de-papas\/","title":{"rendered":"Tortilla de Papas"},"content":{"rendered":"<p>Plato espa\u00f1ol cl\u00e1sico.<\/p>\n<p><!--more--><br \/>\nPara 2 porciones<\/p>\n<h2>Ingredientes<\/h2>\n<ul>\n<li>1 pimiento rojo mediano<\/li>\n<li>200 g de papas<\/li>\n<li>4 huevos medianos<\/li>\n<li>1 cebolla perla<\/li>\n<li>250ml aceite vegetal<\/li>\n<li>Sal<\/li>\n<\/ul>\n<h2>Procedimiento<\/h2>\n<ol>\n<li>Asar los pimientos envueltos en papel de aluminio 45 minutos en horno a 200\u00b0C. Dejar enfriar hasta poder manipularlos. No enfriar totalmente. Pelar, despepar y cortar en tiras<\/li>\n<li>Pelar las papas y cortar en rodajas finas<\/li>\n<li>Pelar la cebolla y cortar en pluma<\/li>\n<li>Calentar el aceite en una olla. A\u00f1adir cebolla y papas y cocinar, removiendo con frecuencia para que no se pegue, por 30 minutos.<\/li>\n<li>Romper los huevos en un cuenco y batir. Salar a gusto.<\/li>\n<li>Retirar papas y cebolla del aceite y pasarlas al bol en que est\u00e1n los huevos. Revolver la mezcla y corregir la sal.<\/li>\n<li>Calentar 2 cucharadas del aceite de las papas en un sart\u00e9n antiadherente. Verter la mezcla de huevos en la sart\u00e9n y dejar cuajar a fuego medio<\/li>\n<li>A\u00f1adir el pimiento en tiras en la superficie de la tortilla.<\/li>\n<li>Una vez que la base est\u00e9 bien hecha, girarla y terminar de cocinar por el otro lado.<\/li>\n<\/ol>\n<h2>Trabajo Previo<\/h2>\n<ol>\n<li>Convertir esta receta a\u00a0<a href=\"https:\/\/docs.google.com\/document\/d\/1rxrpx3hyQPg1-3O66g4L601kv7cysMbHz34XHiXE-gA\/copy\" target=\"_blank\" rel=\"noopener noreferrer\">formato receta est\u00e1ndar<\/a>.<\/li>\n<li>Revisar los tipos de corte y otras operaciones requeridas<\/li>\n<li>Revisar si hay alg\u00fan ingrediente que presente dificultades, y organizarse entre compa\u00f1eros para su obtenci\u00f3n<\/li>\n<li>Consultar cualquier duda sobre la preparaci\u00f3n con anticipaci\u00f3n con el docente o con la ayudante.<\/li>\n<\/ol>\n","protected":false},"excerpt":{"rendered":"<p>Un cl\u00e1sico espa\u00f1ol<\/p>\n","protected":false},"author":4,"featured_media":241,"comment_status":"open","ping_status":"open","sticky":false,"template":"","format":"standard","meta":{"_jetpack_newsletter_access":"","_jetpack_dont_email_post_to_subs":false,"_jetpack_newsletter_tier_id":0,"_jetpack_memberships_contains_paywalled_content":false,"_jetpack_memberships_contains_paid_content":false,"footnotes":""},"categories":[912],"tags":[924,943],"class_list":["post-234","post","type-post","status-publish","format-standard","has-post-thumbnail","hentry","category-rectas-tecnicas","tag-espana","tag-semana-9","entry","has-media"],"jetpack_featured_media_url":"https:\/\/i0.wp.com\/le-fort.org\/cocina\/wp-content\/uploads\/2020\/12\/tortilla-de-papas-heretica-hd.jpg?fit=1200%2C400&ssl=1","jetpack_shortlink":"https:\/\/wp.me\/pghKer-3M","jetpack_sharing_enabled":true,"jetpack-related-posts":[{"id":646,"url":"https:\/\/le-fort.org\/cocina\/tortila-espanola-tortilla-de-papas\/","url_meta":{"origin":234,"position":0},"title":"Tortila espa\u00f1ola (tortilla de papas)","author":"Le-Fort.org","date":"5 de Agosto, 2009","format":false,"excerpt":"Receta de tortilla de papas, hecha con papas fritas en cuadritos y cebolla cortada en pluma.","rel":"","context":"En &quot;Comida&quot;","block_context":{"text":"Comida","link":"https:\/\/le-fort.org\/cocina\/categoria\/cocina-comida\/"},"img":{"alt_text":"","src":"https:\/\/i0.wp.com\/le-fort.org\/cocina\/wp-content\/uploads\/2009\/08\/head.jpg?fit=614%2C225&ssl=1&resize=350%2C200","width":350,"height":200,"srcset":"https:\/\/i0.wp.com\/le-fort.org\/cocina\/wp-content\/uploads\/2009\/08\/head.jpg?fit=614%2C225&ssl=1&resize=350%2C200 1x, https:\/\/i0.wp.com\/le-fort.org\/cocina\/wp-content\/uploads\/2009\/08\/head.jpg?fit=614%2C225&ssl=1&resize=525%2C300 1.5x"},"classes":[]},{"id":4984,"url":"https:\/\/le-fort.org\/cocina\/tortilla-de-papas-heretica\/","url_meta":{"origin":234,"position":1},"title":"Tortilla de Papas Her\u00e9tica","author":"Le-Fort.org","date":"2 de Noviembre, 2013","format":false,"excerpt":"Receta de tortilla de patatas, tortilla de papas o tortilla espa\u00f1ola her\u00e9tica. R\u00e1pida y muy buena aunque inferior a una tortilla can\u00f3nica.","rel":"","context":"En &quot;Recetas&quot;","block_context":{"text":"Recetas","link":"https:\/\/le-fort.org\/cocina\/categoria\/recetas\/"},"img":{"alt_text":"","src":"https:\/\/i0.wp.com\/le-fort.org\/cocina\/wp-content\/uploads\/2013\/11\/tortilla-de-papas-heretica-hd.jpg?fit=1200%2C400&ssl=1&resize=350%2C200","width":350,"height":200,"srcset":"https:\/\/i0.wp.com\/le-fort.org\/cocina\/wp-content\/uploads\/2013\/11\/tortilla-de-papas-heretica-hd.jpg?fit=1200%2C400&ssl=1&resize=350%2C200 1x, https:\/\/i0.wp.com\/le-fort.org\/cocina\/wp-content\/uploads\/2013\/11\/tortilla-de-papas-heretica-hd.jpg?fit=1200%2C400&ssl=1&resize=525%2C300 1.5x, https:\/\/i0.wp.com\/le-fort.org\/cocina\/wp-content\/uploads\/2013\/11\/tortilla-de-papas-heretica-hd.jpg?fit=1200%2C400&ssl=1&resize=700%2C400 2x, https:\/\/i0.wp.com\/le-fort.org\/cocina\/wp-content\/uploads\/2013\/11\/tortilla-de-papas-heretica-hd.jpg?fit=1200%2C400&ssl=1&resize=1050%2C600 3x"},"classes":[]},{"id":15362,"url":"https:\/\/le-fort.org\/cocina\/tortilla-de-papas-rellena-de-jamon-y-queso\/","url_meta":{"origin":234,"position":2},"title":"Tortilla de Papas Rellena de Jam\u00f3n y Queso","author":"Le-Fort.org","date":"30 de Diciembre, 2020","format":false,"excerpt":"Tortilla de Papas Rellena de Jam\u00f3n y Queso, inspirada por la de las chicas de la tres, vista en Netflix.","rel":"","context":"En &quot;Recetas&quot;","block_context":{"text":"Recetas","link":"https:\/\/le-fort.org\/cocina\/categoria\/recetas\/"},"img":{"alt_text":"","src":"https:\/\/i0.wp.com\/le-fort.org\/cocina\/wp-content\/uploads\/2020\/12\/tortilla-re-llena-hd.jpg?fit=1200%2C400&ssl=1&resize=350%2C200","width":350,"height":200,"srcset":"https:\/\/i0.wp.com\/le-fort.org\/cocina\/wp-content\/uploads\/2020\/12\/tortilla-re-llena-hd.jpg?fit=1200%2C400&ssl=1&resize=350%2C200 1x, https:\/\/i0.wp.com\/le-fort.org\/cocina\/wp-content\/uploads\/2020\/12\/tortilla-re-llena-hd.jpg?fit=1200%2C400&ssl=1&resize=525%2C300 1.5x, https:\/\/i0.wp.com\/le-fort.org\/cocina\/wp-content\/uploads\/2020\/12\/tortilla-re-llena-hd.jpg?fit=1200%2C400&ssl=1&resize=700%2C400 2x, https:\/\/i0.wp.com\/le-fort.org\/cocina\/wp-content\/uploads\/2020\/12\/tortilla-re-llena-hd.jpg?fit=1200%2C400&ssl=1&resize=1050%2C600 3x"},"classes":[]},{"id":16694,"url":"https:\/\/le-fort.org\/cocina\/tortilla-de-chifles-espanola\/","url_meta":{"origin":234,"position":3},"title":"Tortilla de Chifles: No tan Espa\u00f1ola","author":"Le-Fort.org","date":"3 de Octubre, 2022","format":false,"excerpt":"Receta de tortilla de chifles. No es espa\u00f1ola ni se le parece pero es incre\u00edblemente buena.","rel":"","context":"En &quot;Recetas&quot;","block_context":{"text":"Recetas","link":"https:\/\/le-fort.org\/cocina\/categoria\/recetas\/"},"img":{"alt_text":"","src":"https:\/\/i0.wp.com\/le-fort.org\/cocina\/wp-content\/uploads\/2022\/10\/tortilla-chifles-hd.jpg?fit=1200%2C400&ssl=1&resize=350%2C200","width":350,"height":200,"srcset":"https:\/\/i0.wp.com\/le-fort.org\/cocina\/wp-content\/uploads\/2022\/10\/tortilla-chifles-hd.jpg?fit=1200%2C400&ssl=1&resize=350%2C200 1x, https:\/\/i0.wp.com\/le-fort.org\/cocina\/wp-content\/uploads\/2022\/10\/tortilla-chifles-hd.jpg?fit=1200%2C400&ssl=1&resize=525%2C300 1.5x, https:\/\/i0.wp.com\/le-fort.org\/cocina\/wp-content\/uploads\/2022\/10\/tortilla-chifles-hd.jpg?fit=1200%2C400&ssl=1&resize=700%2C400 2x, https:\/\/i0.wp.com\/le-fort.org\/cocina\/wp-content\/uploads\/2022\/10\/tortilla-chifles-hd.jpg?fit=1200%2C400&ssl=1&resize=1050%2C600 3x"},"classes":[]},{"id":5433,"url":"https:\/\/le-fort.org\/cocina\/chorrillana-chilena\/","url_meta":{"origin":234,"position":4},"title":"Chorrillana Chilena","author":"Le-Fort.org","date":"29 de Abril, 2014","format":false,"excerpt":"Receta de chorrillana, plato t\u00edpico de Valpara\u00edso en Chile, consistente en carne picada, cebolla frita, papas fritas y huevo frito.","rel":"","context":"En &quot;Recetas&quot;","block_context":{"text":"Recetas","link":"https:\/\/le-fort.org\/cocina\/categoria\/recetas\/"},"img":{"alt_text":"","src":"https:\/\/i0.wp.com\/le-fort.org\/cocina\/wp-content\/uploads\/2014\/04\/chorrillana-hd.jpg?fit=1200%2C400&ssl=1&resize=350%2C200","width":350,"height":200,"srcset":"https:\/\/i0.wp.com\/le-fort.org\/cocina\/wp-content\/uploads\/2014\/04\/chorrillana-hd.jpg?fit=1200%2C400&ssl=1&resize=350%2C200 1x, https:\/\/i0.wp.com\/le-fort.org\/cocina\/wp-content\/uploads\/2014\/04\/chorrillana-hd.jpg?fit=1200%2C400&ssl=1&resize=525%2C300 1.5x, https:\/\/i0.wp.com\/le-fort.org\/cocina\/wp-content\/uploads\/2014\/04\/chorrillana-hd.jpg?fit=1200%2C400&ssl=1&resize=700%2C400 2x, https:\/\/i0.wp.com\/le-fort.org\/cocina\/wp-content\/uploads\/2014\/04\/chorrillana-hd.jpg?fit=1200%2C400&ssl=1&resize=1050%2C600 3x"},"classes":[]},{"id":6981,"url":"https:\/\/le-fort.org\/cocina\/aros-de-cebolla\/","url_meta":{"origin":234,"position":5},"title":"Aros de Cebolla","author":"Le-Fort.org","date":"23 de Noviembre, 2015","format":false,"excerpt":"Con frecuencia, cuando vamos a comer chatarra, pedimos que nos cambien las papas fritas por aros de cebolla (cuando hay). Es mucho m\u00e1s frecuente hacer papas fritas en casa que aros de cebolla en casa, y la verdad, es que no es mucho trabajo. Veamos c\u00f3mo se hacen. Para preparar\u2026","rel":"","context":"En &quot;Recetas&quot;","block_context":{"text":"Recetas","link":"https:\/\/le-fort.org\/cocina\/categoria\/recetas\/"},"img":{"alt_text":"","src":"https:\/\/i0.wp.com\/le-fort.org\/cocina\/wp-content\/uploads\/2015\/11\/aros-de-cebolla-hd.jpg?fit=1200%2C400&ssl=1&resize=350%2C200","width":350,"height":200,"srcset":"https:\/\/i0.wp.com\/le-fort.org\/cocina\/wp-content\/uploads\/2015\/11\/aros-de-cebolla-hd.jpg?fit=1200%2C400&ssl=1&resize=350%2C200 1x, https:\/\/i0.wp.com\/le-fort.org\/cocina\/wp-content\/uploads\/2015\/11\/aros-de-cebolla-hd.jpg?fit=1200%2C400&ssl=1&resize=525%2C300 1.5x, https:\/\/i0.wp.com\/le-fort.org\/cocina\/wp-content\/uploads\/2015\/11\/aros-de-cebolla-hd.jpg?fit=1200%2C400&ssl=1&resize=700%2C400 2x, https:\/\/i0.wp.com\/le-fort.org\/cocina\/wp-content\/uploads\/2015\/11\/aros-de-cebolla-hd.jpg?fit=1200%2C400&ssl=1&resize=1050%2C600 3x"},"classes":[]}],"_links":{"self":[{"href":"https:\/\/le-fort.org\/cocina\/wp-json\/wp\/v2\/posts\/234","targetHints":{"allow":["GET"]}}],"collection":[{"href":"https:\/\/le-fort.org\/cocina\/wp-json\/wp\/v2\/posts"}],"about":[{"href":"https:\/\/le-fort.org\/cocina\/wp-json\/wp\/v2\/types\/post"}],"author":[{"embeddable":true,"href":"https:\/\/le-fort.org\/cocina\/wp-json\/wp\/v2\/users\/4"}],"replies":[{"embeddable":true,"href":"https:\/\/le-fort.org\/cocina\/wp-json\/wp\/v2\/comments?post=234"}],"version-history":[{"count":0,"href":"https:\/\/le-fort.org\/cocina\/wp-json\/wp\/v2\/posts\/234\/revisions"}],"wp:featuredmedia":[{"embeddable":true,"href":"https:\/\/le-fort.org\/cocina\/wp-json\/wp\/v2\/media\/241"}],"wp:attachment":[{"href":"https:\/\/le-fort.org\/cocina\/wp-json\/wp\/v2\/media?parent=234"}],"wp:term":[{"taxonomy":"category","embeddable":true,"href":"https:\/\/le-fort.org\/cocina\/wp-json\/wp\/v2\/categories?post=234"},{"taxonomy":"post_tag","embeddable":true,"href":"https:\/\/le-fort.org\/cocina\/wp-json\/wp\/v2\/tags?post=234"}],"curies":[{"name":"wp","href":"https:\/\/api.w.org\/{rel}","templated":true}]}}