{"id":2396,"date":"2012-12-16T12:59:51","date_gmt":"2012-12-16T16:59:51","guid":{"rendered":"http:\/\/www.duarte.cl\/?p=2396"},"modified":"2017-12-08T08:58:32","modified_gmt":"2017-12-08T13:58:32","slug":"chocobananas","status":"publish","type":"post","link":"https:\/\/le-fort.org\/cocina\/chocobananas\/","title":{"rendered":"Chocobananas"},"content":{"rendered":"<p>Esto es tan simple y tan bueno, que es pecado no haberlo posteado antes.<\/p>\n<p><img data-recalc-dims=\"1\" loading=\"lazy\" decoding=\"async\" class=\"aligncenter size-large wp-image-2397\" title=\"Chocobanana\" src=\"https:\/\/i0.wp.com\/www.duarte.cl\/wp-content\/uploads\/2012\/12\/2012-12-15_17-28-060-1024x768.jpg?resize=584%2C438\" alt=\"\" width=\"584\" height=\"438\" \/><!--more-->La receta es casi una no-receta.<\/p>\n<ul>\n<li>Dos pl\u00e1tanos, cortados en mitades, transversalmente, y las mitades ensartadas en brochetas de madera.<\/li>\n<li>100 grs. de chocolate cobertura, derretido<\/li>\n<\/ul>\n<div>Congelar los pl\u00e1tanos 15 minutos, para que el chocolate se &#8220;afirme&#8221;<\/div>\n<div>Cubrir los trozos de pl\u00e1tano con chocolate<\/div>\n<div>Dejar solidificar.<\/div>\n<div>\n<figure id=\"attachment_7507\" aria-describedby=\"caption-attachment-7507\" style=\"width: 1280px\" class=\"wp-caption aligncenter\"><img data-recalc-dims=\"1\" loading=\"lazy\" decoding=\"async\" data-attachment-id=\"7507\" data-permalink=\"https:\/\/le-fort.org\/cocina\/chocobananas\/chocoban\/\" data-orig-file=\"https:\/\/i0.wp.com\/le-fort.org\/cocina\/wp-content\/uploads\/2012\/12\/chocoban.jpg?fit=1280%2C720&amp;ssl=1\" data-orig-size=\"1280,720\" data-comments-opened=\"0\" data-image-meta=\"{&quot;aperture&quot;:&quot;0&quot;,&quot;credit&quot;:&quot;&quot;,&quot;camera&quot;:&quot;&quot;,&quot;caption&quot;:&quot;&quot;,&quot;created_timestamp&quot;:&quot;0&quot;,&quot;copyright&quot;:&quot;&quot;,&quot;focal_length&quot;:&quot;0&quot;,&quot;iso&quot;:&quot;0&quot;,&quot;shutter_speed&quot;:&quot;0&quot;,&quot;title&quot;:&quot;&quot;,&quot;orientation&quot;:&quot;0&quot;}\" data-image-title=\"chocoban\" data-image-description=\"\" data-image-caption=\"&lt;p&gt;Chocobananas en Cop\u00e1n Ruinas, Honduras&lt;\/p&gt;\n\" data-large-file=\"https:\/\/i0.wp.com\/le-fort.org\/cocina\/wp-content\/uploads\/2012\/12\/chocoban.jpg?fit=1200%2C675&amp;ssl=1\" class=\"size-full wp-image-7507\" src=\"https:\/\/i0.wp.com\/www.le-fort.org\/wp-content\/uploads\/2012\/12\/chocoban.jpg?resize=1200%2C675&#038;ssl=1\" alt=\"chocobananas en Honduras\" width=\"1200\" height=\"675\" srcset=\"https:\/\/i0.wp.com\/le-fort.org\/cocina\/wp-content\/uploads\/2012\/12\/chocoban.jpg?w=1280&amp;ssl=1 1280w, https:\/\/i0.wp.com\/le-fort.org\/cocina\/wp-content\/uploads\/2012\/12\/chocoban.jpg?resize=600%2C338&amp;ssl=1 600w\" sizes=\"auto, (max-width: 1200px) 100vw, 1200px\" \/><figcaption id=\"caption-attachment-7507\" class=\"wp-caption-text\">Chocobananas en Cop\u00e1n Ruinas, Honduras<\/figcaption><\/figure>\n<\/div>\n<div>Las conocimos en Honduras, donde se venden totalmente congeladas. Las preferimos sin congelar, nosotros.<\/div>\n<div>\n<figure id=\"attachment_2398\" aria-describedby=\"caption-attachment-2398\" style=\"width: 480px\" class=\"wp-caption aligncenter\"><img data-recalc-dims=\"1\" loading=\"lazy\" decoding=\"async\" class=\"size-full wp-image-2398\" title=\"Chocobanana\" src=\"https:\/\/i0.wp.com\/www.duarte.cl\/wp-content\/uploads\/2012\/12\/2012-12-15_17-28-10_2.jpg?resize=480%2C640\" alt=\"\" width=\"480\" height=\"640\" \/><figcaption id=\"caption-attachment-2398\" class=\"wp-caption-text\">No: no es lo que piensas, salvo que pienses que es una chocobanana<\/figcaption><\/figure>\n<p>Nos imaginamos que hacerlas en masa debe ser mejor, con un recipiente lleno de chocolate derretido en el que sumergir los medios pl\u00e1tanos enteros.<\/p>\n<\/div>\n","protected":false},"excerpt":{"rendered":"<p>Receta de chocobananas, pl\u00e1tanos ba\u00f1ados en chocolate.<\/p>\n","protected":false},"author":1,"featured_media":10661,"comment_status":"open","ping_status":"closed","sticky":false,"template":"","format":"standard","meta":{"_jetpack_newsletter_access":"","_jetpack_dont_email_post_to_subs":false,"_jetpack_newsletter_tier_id":0,"_jetpack_memberships_contains_paywalled_content":false,"_jetpack_memberships_contains_paid_content":false,"footnotes":""},"categories":[19],"tags":[358,49],"class_list":["post-2396","post","type-post","status-publish","format-standard","has-post-thumbnail","hentry","category-cocina-comida","tag-chocolate","tag-platano","entry","has-media"],"jetpack_featured_media_url":"https:\/\/i0.wp.com\/le-fort.org\/cocina\/wp-content\/uploads\/2012\/12\/2012-12-15_17-28-10_2.jpg?fit=480%2C640&ssl=1","jetpack_shortlink":"https:\/\/wp.me\/pghKer-CE","jetpack_sharing_enabled":true,"jetpack-related-posts":[{"id":5403,"url":"https:\/\/le-fort.org\/cocina\/queque-vegano-de-chocolate-y-platano\/","url_meta":{"origin":2396,"position":0},"title":"Queque Vegano de Chocolate y Pl\u00e1tano","author":"Le-Fort.org","date":"16 de Abril, 2014","format":false,"excerpt":"Receta de queque vegano de chocolate con pl\u00e1tano. Lo curioso es que tiene un poco de vinagre, pero queda excelente.","rel":"","context":"En &quot;Recetas&quot;","block_context":{"text":"Recetas","link":"https:\/\/le-fort.org\/cocina\/categoria\/recetas\/"},"img":{"alt_text":"","src":"https:\/\/i0.wp.com\/le-fort.org\/cocina\/wp-content\/uploads\/2014\/04\/queque-vegano-platano-chocolate-hd.jpg?fit=1200%2C400&ssl=1&resize=350%2C200","width":350,"height":200,"srcset":"https:\/\/i0.wp.com\/le-fort.org\/cocina\/wp-content\/uploads\/2014\/04\/queque-vegano-platano-chocolate-hd.jpg?fit=1200%2C400&ssl=1&resize=350%2C200 1x, https:\/\/i0.wp.com\/le-fort.org\/cocina\/wp-content\/uploads\/2014\/04\/queque-vegano-platano-chocolate-hd.jpg?fit=1200%2C400&ssl=1&resize=525%2C300 1.5x, https:\/\/i0.wp.com\/le-fort.org\/cocina\/wp-content\/uploads\/2014\/04\/queque-vegano-platano-chocolate-hd.jpg?fit=1200%2C400&ssl=1&resize=700%2C400 2x, https:\/\/i0.wp.com\/le-fort.org\/cocina\/wp-content\/uploads\/2014\/04\/queque-vegano-platano-chocolate-hd.jpg?fit=1200%2C400&ssl=1&resize=1050%2C600 3x"},"classes":[]},{"id":2084,"url":"https:\/\/le-fort.org\/cocina\/helado-de-platano-facil-receta\/","url_meta":{"origin":2396,"position":1},"title":"Helado de Pl\u00e1tano F\u00e1cil: Receta","author":"Le-Fort.org","date":"27 de Agosto, 2012","format":false,"excerpt":"Helado de pl\u00e1tano (banano) f\u00e1cil y r\u00e1pido, hecho s\u00f3lo a partir de trozos de pl\u00e1tano congelado.","rel":"","context":"En &quot;Comida&quot;","block_context":{"text":"Comida","link":"https:\/\/le-fort.org\/cocina\/categoria\/cocina-comida\/"},"img":{"alt_text":"","src":"https:\/\/i0.wp.com\/www.duarte.cl\/wp-content\/uploads\/2012\/08\/antes-150x150.jpg?resize=350%2C200","width":350,"height":200},"classes":[]},{"id":5352,"url":"https:\/\/le-fort.org\/cocina\/barra-de-chocolate-frita\/","url_meta":{"origin":2396,"position":2},"title":"Barra de Chocolate Frita","author":"Le-Fort.org","date":"22 de Marzo, 2014","format":false,"excerpt":"Receta de barra de chocolate frita, en este caso con un Milky Way. Se congela el chocolate, se pasa por harina y batido y se fr\u00ede. Parece ser una receta escocesa.","rel":"","context":"En &quot;Reposter\u00eda&quot;","block_context":{"text":"Reposter\u00eda","link":"https:\/\/le-fort.org\/cocina\/categoria\/reposteria\/"},"img":{"alt_text":"","src":"https:\/\/i0.wp.com\/le-fort.org\/cocina\/wp-content\/uploads\/2014\/03\/chocolate-frito-hd.jpg?fit=1200%2C400&ssl=1&resize=350%2C200","width":350,"height":200,"srcset":"https:\/\/i0.wp.com\/le-fort.org\/cocina\/wp-content\/uploads\/2014\/03\/chocolate-frito-hd.jpg?fit=1200%2C400&ssl=1&resize=350%2C200 1x, https:\/\/i0.wp.com\/le-fort.org\/cocina\/wp-content\/uploads\/2014\/03\/chocolate-frito-hd.jpg?fit=1200%2C400&ssl=1&resize=525%2C300 1.5x, https:\/\/i0.wp.com\/le-fort.org\/cocina\/wp-content\/uploads\/2014\/03\/chocolate-frito-hd.jpg?fit=1200%2C400&ssl=1&resize=700%2C400 2x, https:\/\/i0.wp.com\/le-fort.org\/cocina\/wp-content\/uploads\/2014\/03\/chocolate-frito-hd.jpg?fit=1200%2C400&ssl=1&resize=1050%2C600 3x"},"classes":[]},{"id":2061,"url":"https:\/\/le-fort.org\/cocina\/receta-de-brownies\/","url_meta":{"origin":2396,"position":3},"title":"Receta de Brownies B\u00e1sica y Chocolatosa","author":"Le-Fort.org","date":"2 de Agosto, 2012","format":false,"excerpt":"Los Brownies \u2013negritos en nuestro idioma\u2013 son un h\u00edbrido entre queque y \u00bfcaluga? de chocolate de origen estadounidense. Aqu\u00ed est\u00e1 la receta de los brownies de chocolate.","rel":"","context":"En &quot;Comida&quot;","block_context":{"text":"Comida","link":"https:\/\/le-fort.org\/cocina\/categoria\/cocina-comida\/"},"img":{"alt_text":"","src":"https:\/\/i0.wp.com\/le-fort.org\/cocina\/wp-content\/uploads\/2012\/08\/brownies-800x288.jpg?fit=800%2C288&ssl=1&resize=350%2C200","width":350,"height":200,"srcset":"https:\/\/i0.wp.com\/le-fort.org\/cocina\/wp-content\/uploads\/2012\/08\/brownies-800x288.jpg?fit=800%2C288&ssl=1&resize=350%2C200 1x, https:\/\/i0.wp.com\/le-fort.org\/cocina\/wp-content\/uploads\/2012\/08\/brownies-800x288.jpg?fit=800%2C288&ssl=1&resize=525%2C300 1.5x, https:\/\/i0.wp.com\/le-fort.org\/cocina\/wp-content\/uploads\/2012\/08\/brownies-800x288.jpg?fit=800%2C288&ssl=1&resize=700%2C400 2x"},"classes":[]},{"id":1529,"url":"https:\/\/le-fort.org\/cocina\/receta-queque-de-platano\/","url_meta":{"origin":2396,"position":4},"title":"Queque de pl\u00e1tano de Diego Mollenhauer: La Receta","author":"Le-Fort.org","date":"13 de Octubre, 2011","format":false,"excerpt":"Receta de un excelente queque de pl\u00e1tano que nos prepar\u00f3 Diego cuando lo fuimos a visitar a \u00e9l y Graciela el 2011 \u2013 tambi\u00e9n le dicen pan de pl\u00e1tano.","rel":"","context":"En &quot;Comida&quot;","block_context":{"text":"Comida","link":"https:\/\/le-fort.org\/cocina\/categoria\/cocina-comida\/"},"img":{"alt_text":"Trozo de queque de pl\u00e1tano y un buen caf\u00e9","src":"https:\/\/i0.wp.com\/www.le-fort.org\/wp-content\/uploads\/2011\/10\/P1230970-520x390.jpg?resize=350%2C200&ssl=1","width":350,"height":200},"classes":[]},{"id":5409,"url":"https:\/\/le-fort.org\/cocina\/kelewele-platano-frito-ghanes\/","url_meta":{"origin":2396,"position":5},"title":"Kelewele: Pl\u00e1tano Frito Ghan\u00e9s","author":"Le-Fort.org","date":"17 de Abril, 2014","format":false,"excerpt":"Receta de Kelewele, pl\u00e1tanos fritos especiados de origen ghan\u00e9s. Comida africana","rel":"","context":"En &quot;Recetas&quot;","block_context":{"text":"Recetas","link":"https:\/\/le-fort.org\/cocina\/categoria\/recetas\/"},"img":{"alt_text":"","src":"https:\/\/i0.wp.com\/le-fort.org\/cocina\/wp-content\/uploads\/2014\/04\/redred-kelewele-hd-2.jpg?fit=1200%2C400&ssl=1&resize=350%2C200","width":350,"height":200,"srcset":"https:\/\/i0.wp.com\/le-fort.org\/cocina\/wp-content\/uploads\/2014\/04\/redred-kelewele-hd-2.jpg?fit=1200%2C400&ssl=1&resize=350%2C200 1x, https:\/\/i0.wp.com\/le-fort.org\/cocina\/wp-content\/uploads\/2014\/04\/redred-kelewele-hd-2.jpg?fit=1200%2C400&ssl=1&resize=525%2C300 1.5x, https:\/\/i0.wp.com\/le-fort.org\/cocina\/wp-content\/uploads\/2014\/04\/redred-kelewele-hd-2.jpg?fit=1200%2C400&ssl=1&resize=700%2C400 2x, https:\/\/i0.wp.com\/le-fort.org\/cocina\/wp-content\/uploads\/2014\/04\/redred-kelewele-hd-2.jpg?fit=1200%2C400&ssl=1&resize=1050%2C600 3x"},"classes":[]}],"_links":{"self":[{"href":"https:\/\/le-fort.org\/cocina\/wp-json\/wp\/v2\/posts\/2396","targetHints":{"allow":["GET"]}}],"collection":[{"href":"https:\/\/le-fort.org\/cocina\/wp-json\/wp\/v2\/posts"}],"about":[{"href":"https:\/\/le-fort.org\/cocina\/wp-json\/wp\/v2\/types\/post"}],"author":[{"embeddable":true,"href":"https:\/\/le-fort.org\/cocina\/wp-json\/wp\/v2\/users\/1"}],"replies":[{"embeddable":true,"href":"https:\/\/le-fort.org\/cocina\/wp-json\/wp\/v2\/comments?post=2396"}],"version-history":[{"count":0,"href":"https:\/\/le-fort.org\/cocina\/wp-json\/wp\/v2\/posts\/2396\/revisions"}],"wp:featuredmedia":[{"embeddable":true,"href":"https:\/\/le-fort.org\/cocina\/wp-json\/wp\/v2\/media\/10661"}],"wp:attachment":[{"href":"https:\/\/le-fort.org\/cocina\/wp-json\/wp\/v2\/media?parent=2396"}],"wp:term":[{"taxonomy":"category","embeddable":true,"href":"https:\/\/le-fort.org\/cocina\/wp-json\/wp\/v2\/categories?post=2396"},{"taxonomy":"post_tag","embeddable":true,"href":"https:\/\/le-fort.org\/cocina\/wp-json\/wp\/v2\/tags?post=2396"}],"curies":[{"name":"wp","href":"https:\/\/api.w.org\/{rel}","templated":true}]}}