{"id":2498,"date":"2012-12-30T15:35:16","date_gmt":"2012-12-30T15:35:16","guid":{"rendered":"http:\/\/www.duarte.cl\/?p=2498"},"modified":"2015-05-05T22:01:20","modified_gmt":"2015-05-06T03:01:20","slug":"noquis-gratinados-con-queso-azul","status":"publish","type":"post","link":"https:\/\/le-fort.org\/cocina\/noquis-gratinados-con-queso-azul\/","title":{"rendered":"\u00d1oquis Gratinados con Queso Azul"},"content":{"rendered":"<p>El \u00faltimo d\u00eda del \u00f1oqui del 2012 fue ciertamente un broche de oro. Decidimos variar la doctrina de los \u00f1oquis dorados e hicimos \u00f1oquis gratinados, con lo que se fue al tacho la doctrina del &#8220;nunca m\u00e1s herviremos los \u00f1oquis.&#8221; Como me dec\u00eda mi compa\u00f1ero de trabajo gay en el BCI: &#8220;nunca digas nuuuncaaaa,&#8221; pero volvamos a los \u00f1oquis gratinados.<!--more--><\/p>\n<p>Hemos disfrutado los d\u00edas del \u00f1oqui, 29 tras 29. Hemos tambi\u00e9n llegado a la conclusi\u00f3n de que son mejores en casa que en restaurante; y hemos experimentado much\u00edsimo. De vez en cuando aparecen experimentos notables, y esta vez fue una de ellas, adaptando <a title=\"Receta de \u00f1oquis gratinados con queso azul que adaptamos.\" href=\"http:\/\/www.bonappetit.com\/recipes\/2011\/12\/gnocchi-gratin-with-gorgonzola-dolce\">esta receta<\/a>. El m\u00e9todo fue simple:<\/p>\n<ol>\n<li><span style=\"line-height: 14px;\">Hervimos <strong>1 kg. de papas<\/strong>, con c\u00e1scara en agua con un poco de sal. Las tuvimos unos 25 minutos hirviendo, pero eso depende de m\u00faltiples variables. Lo mejor es pincharlas con un cuchillo. Si hay resistencia, les falta.<\/span><\/li>\n<li>Las sacamos de la olla, eliminando el agua y las dejamos enfriar hasta poder manipularlas sin quemarnos.<\/li>\n<li>Las pelamos<\/li>\n<li>Las molimos con un moledor de papas.<\/li>\n<li>A\u00f1adimos <strong>3\/4 taza de harina<\/strong>, <strong>100 grs. de queso rallado<\/strong>, <strong>1 cucharadita de pimienta de jamaica molida<\/strong> (no encontramos la nuez moscada), 2<strong>\u00a0huevos<\/strong> y <strong>un poco de sal<\/strong>.<\/li>\n<li>Amasamos hasta incorporar.<\/li>\n<li>Mientras la masa reposaba, hervimos <strong>500 ml. de crema de leche<\/strong> con <strong>una ramita de romero<\/strong>. Apagamos el fuego apenas hirvi\u00f3, y dejamos la infusi\u00f3n en reposo mientras armamos los \u00f1oquis.<\/li>\n<li>Luego cubrimos el mes\u00f3n de la cocina con abundante s\u00e9mola y procedimos a hacer cilindros de unos 3 cm. de di\u00e1metro con porciones de la masa. Son cilindros largos.<\/li>\n<li>Luego los cortamos en trozos de aprox. 1,5cm. de grosor.<a href=\"https:\/\/i0.wp.com\/le-fort.org\/wp-content\/uploads\/2012\/11\/P1270761.jpg?ssl=1\"><img data-recalc-dims=\"1\" loading=\"lazy\" decoding=\"async\" data-attachment-id=\"3881\" data-permalink=\"https:\/\/le-fort.org\/cocina\/receta-noquis-dorados\/p1270761-2\/\" data-orig-file=\"https:\/\/i0.wp.com\/le-fort.org\/cocina\/wp-content\/uploads\/2012\/11\/P1270761.jpg?fit=1024%2C768&amp;ssl=1\" data-orig-size=\"1024,768\" data-comments-opened=\"0\" data-image-meta=\"{&quot;aperture&quot;:&quot;2.8&quot;,&quot;credit&quot;:&quot;&quot;,&quot;camera&quot;:&quot;DMC-FZ100&quot;,&quot;caption&quot;:&quot;&quot;,&quot;created_timestamp&quot;:&quot;1333039945&quot;,&quot;copyright&quot;:&quot;&quot;,&quot;focal_length&quot;:&quot;4.5&quot;,&quot;iso&quot;:&quot;200&quot;,&quot;shutter_speed&quot;:&quot;0.066666666666667&quot;,&quot;title&quot;:&quot;&quot;,&quot;orientation&quot;:&quot;1&quot;}\" data-image-title=\"P1270761\" data-image-description=\"\" data-image-caption=\"\" data-large-file=\"https:\/\/i0.wp.com\/le-fort.org\/cocina\/wp-content\/uploads\/2012\/11\/P1270761.jpg?fit=1024%2C768&amp;ssl=1\" class=\"aligncenter size-full wp-image-3881\" alt=\"P1270761\" src=\"https:\/\/i0.wp.com\/www.le-fort.org\/wp-content\/uploads\/2012\/11\/P1270761.jpg?resize=1024%2C768&#038;ssl=1\" width=\"1024\" height=\"768\" srcset=\"https:\/\/i0.wp.com\/le-fort.org\/cocina\/wp-content\/uploads\/2012\/11\/P1270761.jpg?w=1024&amp;ssl=1 1024w, https:\/\/i0.wp.com\/le-fort.org\/cocina\/wp-content\/uploads\/2012\/11\/P1270761.jpg?resize=600%2C450&amp;ssl=1 600w\" sizes=\"auto, (max-width: 1024px) 100vw, 1024px\" \/><\/a><\/li>\n<li>Paralelamente hab\u00edamos hervido agua con sal y fuimos echando los \u00f1oquis de 12 en 12 aproximadamente. Cuando el \u00f1oqui flota, est\u00e1 listo.<\/li>\n<li>Cuando salen a flote, los sacamos con una cuchara ranurada y los distribuimos en un molde aceitado, que pueda ir al horno.<\/li>\n<li>Repetimos el proceso hasta que cocimos todos los \u00f1oquis.<\/li>\n<li>Cubrimos los \u00f1oquis con otros <strong>100 grs. de queso rallado<\/strong>.<\/li>\n<li>Sacamos la ramita de romero y vertemos la crema sobre los \u00f1oquis<\/li>\n<li>Desmigajamos <strong>100 grs. de queso azul<\/strong> \u2013da lo mismo si es gorgonzola, Roquefort o queso azul sin raza\u2013 sobre los \u00f1oquis<\/li>\n<li>Cubrimos con <strong>un par de cucharadas soperas de pan rallado<\/strong> y <strong>m\u00e1s queso rallado<\/strong>.<\/li>\n<li>Horneamos a <strong>350F<\/strong> o sea 350-32=318*5=1590\/9=<strong>175\u00baC\u00a0<\/strong>por unos 25 minutos, o hasta que todo burbujee alegremente y se dore por arriba.<\/li>\n<\/ol>\n<p>Lo que deber\u00edamos sacar del horno es algo como esto:<\/p>\n<p><a href=\"https:\/\/i0.wp.com\/le-fort.org\/wp-content\/uploads\/2012\/12\/2012-12-29_20-41-48_845.jpg?ssl=1\"><img data-recalc-dims=\"1\" loading=\"lazy\" decoding=\"async\" data-attachment-id=\"3914\" data-permalink=\"https:\/\/le-fort.org\/cocina\/noquis-gratinados-con-queso-azul\/2012-12-29_20-41-48_845\/\" data-orig-file=\"https:\/\/i0.wp.com\/le-fort.org\/cocina\/wp-content\/uploads\/2012\/12\/2012-12-29_20-41-48_845.jpg?fit=640%2C480&amp;ssl=1\" data-orig-size=\"640,480\" data-comments-opened=\"0\" data-image-meta=\"{&quot;aperture&quot;:&quot;2.4&quot;,&quot;credit&quot;:&quot;Picasa&quot;,&quot;camera&quot;:&quot;MB865&quot;,&quot;caption&quot;:&quot;&quot;,&quot;created_timestamp&quot;:&quot;1356831708&quot;,&quot;copyright&quot;:&quot;&quot;,&quot;focal_length&quot;:&quot;4.6&quot;,&quot;iso&quot;:&quot;984&quot;,&quot;shutter_speed&quot;:&quot;0.066641&quot;,&quot;title&quot;:&quot;&quot;,&quot;orientation&quot;:&quot;0&quot;}\" data-image-title=\"2012-12-29_20-41-48_845\" data-image-description=\"\" data-image-caption=\"\" data-large-file=\"https:\/\/i0.wp.com\/le-fort.org\/cocina\/wp-content\/uploads\/2012\/12\/2012-12-29_20-41-48_845.jpg?fit=640%2C480&amp;ssl=1\" class=\"aligncenter size-full wp-image-3914\" alt=\"2012-12-29_20-41-48_845\" src=\"https:\/\/i0.wp.com\/www.le-fort.org\/wp-content\/uploads\/2012\/12\/2012-12-29_20-41-48_845.jpg?resize=640%2C480&#038;ssl=1\" width=\"640\" height=\"480\" srcset=\"https:\/\/i0.wp.com\/le-fort.org\/cocina\/wp-content\/uploads\/2012\/12\/2012-12-29_20-41-48_845.jpg?w=640&amp;ssl=1 640w, https:\/\/i0.wp.com\/le-fort.org\/cocina\/wp-content\/uploads\/2012\/12\/2012-12-29_20-41-48_845.jpg?resize=600%2C450&amp;ssl=1 600w\" sizes=\"auto, (max-width: 640px) 100vw, 640px\" \/><\/a><\/p>\n<p>Dejamos enfriar unos 10 minutos y servimos.<\/p>\n<p>Definitivamente los mejores \u00f1oquis en un a\u00f1o lleno de excelentes \u00f1oquis. Se los recomendamos.<\/p>\n<p><a href=\"https:\/\/i0.wp.com\/le-fort.org\/wp-content\/uploads\/2012\/12\/2012-12-29_20-51-33_419.jpg?ssl=1\"><img data-recalc-dims=\"1\" loading=\"lazy\" decoding=\"async\" data-attachment-id=\"3916\" data-permalink=\"https:\/\/le-fort.org\/cocina\/noquis-gratinados-con-queso-azul\/2012-12-29_20-51-33_419-2\/\" data-orig-file=\"https:\/\/i0.wp.com\/le-fort.org\/cocina\/wp-content\/uploads\/2012\/12\/2012-12-29_20-51-33_419.jpg?fit=640%2C480&amp;ssl=1\" data-orig-size=\"640,480\" data-comments-opened=\"0\" data-image-meta=\"{&quot;aperture&quot;:&quot;2.4&quot;,&quot;credit&quot;:&quot;Picasa&quot;,&quot;camera&quot;:&quot;MB865&quot;,&quot;caption&quot;:&quot;&quot;,&quot;created_timestamp&quot;:&quot;1356832292&quot;,&quot;copyright&quot;:&quot;&quot;,&quot;focal_length&quot;:&quot;4.6&quot;,&quot;iso&quot;:&quot;1056&quot;,&quot;shutter_speed&quot;:&quot;0.066641&quot;,&quot;title&quot;:&quot;&quot;,&quot;orientation&quot;:&quot;0&quot;}\" data-image-title=\"2012-12-29_20-51-33_419\" data-image-description=\"\" data-image-caption=\"\" data-large-file=\"https:\/\/i0.wp.com\/le-fort.org\/cocina\/wp-content\/uploads\/2012\/12\/2012-12-29_20-51-33_419.jpg?fit=640%2C480&amp;ssl=1\" class=\"aligncenter size-full wp-image-3916\" alt=\"2012-12-29_20-51-33_419\" src=\"https:\/\/i0.wp.com\/www.le-fort.org\/wp-content\/uploads\/2012\/12\/2012-12-29_20-51-33_419.jpg?resize=640%2C480&#038;ssl=1\" width=\"640\" height=\"480\" srcset=\"https:\/\/i0.wp.com\/le-fort.org\/cocina\/wp-content\/uploads\/2012\/12\/2012-12-29_20-51-33_419.jpg?w=640&amp;ssl=1 640w, https:\/\/i0.wp.com\/le-fort.org\/cocina\/wp-content\/uploads\/2012\/12\/2012-12-29_20-51-33_419.jpg?resize=600%2C450&amp;ssl=1 600w\" sizes=\"auto, (max-width: 640px) 100vw, 640px\" \/><\/a><\/p>\n","protected":false},"excerpt":{"rendered":"<p>Receta de \u00d1oquis gratinados con queso azul, crema y romero. Fueron los mejores \u00f1oquis del 2012<\/p>\n","protected":false},"author":1,"featured_media":3918,"comment_status":"open","ping_status":"closed","sticky":false,"template":"","format":"standard","meta":{"_jetpack_newsletter_access":"","_jetpack_dont_email_post_to_subs":false,"_jetpack_newsletter_tier_id":0,"_jetpack_memberships_contains_paywalled_content":false,"_jetpack_memberships_contains_paid_content":false,"footnotes":""},"categories":[19,2],"tags":[70,16,76],"class_list":["post-2498","post","type-post","status-publish","format-standard","has-post-thumbnail","hentry","category-cocina-comida","category-recetas","tag-comida-italiana","tag-dia-del-noqui","tag-noqui","entry","has-media"],"jetpack_featured_media_url":"https:\/\/i0.wp.com\/le-fort.org\/cocina\/wp-content\/uploads\/2012\/12\/head.jpg?fit=960%2C250&ssl=1","jetpack_shortlink":"https:\/\/wp.me\/pghKer-Ei","jetpack_sharing_enabled":true,"jetpack-related-posts":[{"id":1823,"url":"https:\/\/le-fort.org\/cocina\/dia-del-noqui\/","url_meta":{"origin":2498,"position":0},"title":"D\u00eda del \u00d1oqui: 29 de cada Mes","author":"Le-Fort.org","date":"29 de Abril, 2012","format":false,"excerpt":"Algunos comentarios sobre el d\u00eda del \u00f1oqui y su oportunista celebraci\u00f3n en nuestra casa.","rel":"","context":"En &quot;Comida&quot;","block_context":{"text":"Comida","link":"https:\/\/le-fort.org\/cocina\/categoria\/cocina-comida\/"},"img":{"alt_text":"","src":"https:\/\/i0.wp.com\/le-fort.org\/cocina\/wp-content\/uploads\/2012\/04\/hd1.jpg?fit=800%2C300&ssl=1&resize=350%2C200","width":350,"height":200,"srcset":"https:\/\/i0.wp.com\/le-fort.org\/cocina\/wp-content\/uploads\/2012\/04\/hd1.jpg?fit=800%2C300&ssl=1&resize=350%2C200 1x, https:\/\/i0.wp.com\/le-fort.org\/cocina\/wp-content\/uploads\/2012\/04\/hd1.jpg?fit=800%2C300&ssl=1&resize=525%2C300 1.5x, https:\/\/i0.wp.com\/le-fort.org\/cocina\/wp-content\/uploads\/2012\/04\/hd1.jpg?fit=800%2C300&ssl=1&resize=700%2C400 2x"},"classes":[]},{"id":2302,"url":"https:\/\/le-fort.org\/cocina\/receta-noquis-dorados\/","url_meta":{"origin":2498,"position":1},"title":"\u00d1oquis dorados","author":"Le-Fort.org","date":"30 de Noviembre, 2012","format":false,"excerpt":"C\u00f3mo preparar \u00f1oquis dorados en vez de cocidos. Mejoran grandemente.","rel":"","context":"En &quot;Comida&quot;","block_context":{"text":"Comida","link":"https:\/\/le-fort.org\/cocina\/categoria\/cocina-comida\/"},"img":{"alt_text":"","src":"https:\/\/i0.wp.com\/le-fort.org\/cocina\/wp-content\/uploads\/2012\/11\/hd-noqui.jpg?fit=600%2C225&ssl=1&resize=350%2C200","width":350,"height":200,"srcset":"https:\/\/i0.wp.com\/le-fort.org\/cocina\/wp-content\/uploads\/2012\/11\/hd-noqui.jpg?fit=600%2C225&ssl=1&resize=350%2C200 1x, https:\/\/i0.wp.com\/le-fort.org\/cocina\/wp-content\/uploads\/2012\/11\/hd-noqui.jpg?fit=600%2C225&ssl=1&resize=525%2C300 1.5x"},"classes":[]},{"id":42,"url":"https:\/\/le-fort.org\/cocina\/gnocchi-de-zapallo-con-queso-azul\/","url_meta":{"origin":2498,"position":2},"title":"Gnocchi de Zapallo con Queso Azul","author":"Le-Fort.org","date":"30 de Abril, 2013","format":false,"excerpt":"Receta de \u00f1oquis de zapallo con salsa de queso azul y mozarella, creados para celebrar el d\u00eda del \u00f1oqui.","rel":"","context":"En &quot;Recetas&quot;","block_context":{"text":"Recetas","link":"https:\/\/le-fort.org\/cocina\/categoria\/recetas\/"},"img":{"alt_text":"","src":"https:\/\/i0.wp.com\/le-fort.org\/cocina\/wp-content\/uploads\/2013\/04\/hd2.jpg?fit=800%2C300&ssl=1&resize=350%2C200","width":350,"height":200,"srcset":"https:\/\/i0.wp.com\/le-fort.org\/cocina\/wp-content\/uploads\/2013\/04\/hd2.jpg?fit=800%2C300&ssl=1&resize=350%2C200 1x, https:\/\/i0.wp.com\/le-fort.org\/cocina\/wp-content\/uploads\/2013\/04\/hd2.jpg?fit=800%2C300&ssl=1&resize=525%2C300 1.5x, https:\/\/i0.wp.com\/le-fort.org\/cocina\/wp-content\/uploads\/2013\/04\/hd2.jpg?fit=800%2C300&ssl=1&resize=700%2C400 2x"},"classes":[]},{"id":8506,"url":"https:\/\/le-fort.org\/cocina\/noquis-harina-maiz\/","url_meta":{"origin":2498,"position":3},"title":"\u00d1oquis de Harina de Ma\u00edz","author":"Le-Fort.org","date":"29 de Julio, 2016","format":false,"excerpt":"Receta de \u00f1oquis de harina de ma\u00edz (la misma que se usa para hacer arepas). R\u00e1pidos, f\u00e1ciles y deliciosos.","rel":"","context":"En &quot;Recetas&quot;","block_context":{"text":"Recetas","link":"https:\/\/le-fort.org\/cocina\/categoria\/recetas\/"},"img":{"alt_text":"","src":"https:\/\/i0.wp.com\/le-fort.org\/cocina\/wp-content\/uploads\/2016\/07\/gnocchi-maiz-hd.jpg?fit=1200%2C400&ssl=1&resize=350%2C200","width":350,"height":200,"srcset":"https:\/\/i0.wp.com\/le-fort.org\/cocina\/wp-content\/uploads\/2016\/07\/gnocchi-maiz-hd.jpg?fit=1200%2C400&ssl=1&resize=350%2C200 1x, https:\/\/i0.wp.com\/le-fort.org\/cocina\/wp-content\/uploads\/2016\/07\/gnocchi-maiz-hd.jpg?fit=1200%2C400&ssl=1&resize=525%2C300 1.5x, https:\/\/i0.wp.com\/le-fort.org\/cocina\/wp-content\/uploads\/2016\/07\/gnocchi-maiz-hd.jpg?fit=1200%2C400&ssl=1&resize=700%2C400 2x, https:\/\/i0.wp.com\/le-fort.org\/cocina\/wp-content\/uploads\/2016\/07\/gnocchi-maiz-hd.jpg?fit=1200%2C400&ssl=1&resize=1050%2C600 3x"},"classes":[]},{"id":8864,"url":"https:\/\/le-fort.org\/cocina\/noquis-con-manga-pastelera\/","url_meta":{"origin":2498,"position":4},"title":"\u00d1oquis con Manga Pastelera: M\u00e1s r\u00e1pidos y limpios","author":"Le-Fort.org","date":"31 de Octubre, 2016","format":false,"excerpt":"\u00d1oquis con manga pastelera: una mejor forma de preparar \u00f1oquis en casa.","rel":"","context":"En &quot;T\u00e9cnicas&quot;","block_context":{"text":"T\u00e9cnicas","link":"https:\/\/le-fort.org\/cocina\/categoria\/tecnicas\/"},"img":{"alt_text":"","src":"https:\/\/i0.wp.com\/le-fort.org\/cocina\/wp-content\/uploads\/2016\/10\/gnocchi-manga-hd.jpg?fit=1200%2C400&ssl=1&resize=350%2C200","width":350,"height":200,"srcset":"https:\/\/i0.wp.com\/le-fort.org\/cocina\/wp-content\/uploads\/2016\/10\/gnocchi-manga-hd.jpg?fit=1200%2C400&ssl=1&resize=350%2C200 1x, https:\/\/i0.wp.com\/le-fort.org\/cocina\/wp-content\/uploads\/2016\/10\/gnocchi-manga-hd.jpg?fit=1200%2C400&ssl=1&resize=525%2C300 1.5x, https:\/\/i0.wp.com\/le-fort.org\/cocina\/wp-content\/uploads\/2016\/10\/gnocchi-manga-hd.jpg?fit=1200%2C400&ssl=1&resize=700%2C400 2x, https:\/\/i0.wp.com\/le-fort.org\/cocina\/wp-content\/uploads\/2016\/10\/gnocchi-manga-hd.jpg?fit=1200%2C400&ssl=1&resize=1050%2C600 3x"},"classes":[]},{"id":4565,"url":"https:\/\/le-fort.org\/cocina\/dia-del-noqui-una-vez-mas\/","url_meta":{"origin":2498,"position":5},"title":"D\u00eda del \u00d1oqui, una vez m\u00e1s","author":"Le-Fort.org","date":"2 de Julio, 2013","format":false,"excerpt":"Almuerzo del d\u00eda del \u00f1oqui, con \u00f1oquis de zapallo y papa y salsa picante de calamares, tomate y curry","rel":"","context":"En &quot;Comida&quot;","block_context":{"text":"Comida","link":"https:\/\/le-fort.org\/cocina\/categoria\/cocina-comida\/"},"img":{"alt_text":"","src":"https:\/\/i0.wp.com\/le-fort.org\/cocina\/wp-content\/uploads\/2013\/07\/noqui-diva-hd.jpg?fit=1200%2C400&ssl=1&resize=350%2C200","width":350,"height":200,"srcset":"https:\/\/i0.wp.com\/le-fort.org\/cocina\/wp-content\/uploads\/2013\/07\/noqui-diva-hd.jpg?fit=1200%2C400&ssl=1&resize=350%2C200 1x, https:\/\/i0.wp.com\/le-fort.org\/cocina\/wp-content\/uploads\/2013\/07\/noqui-diva-hd.jpg?fit=1200%2C400&ssl=1&resize=525%2C300 1.5x, https:\/\/i0.wp.com\/le-fort.org\/cocina\/wp-content\/uploads\/2013\/07\/noqui-diva-hd.jpg?fit=1200%2C400&ssl=1&resize=700%2C400 2x, https:\/\/i0.wp.com\/le-fort.org\/cocina\/wp-content\/uploads\/2013\/07\/noqui-diva-hd.jpg?fit=1200%2C400&ssl=1&resize=1050%2C600 3x"},"classes":[]}],"_links":{"self":[{"href":"https:\/\/le-fort.org\/cocina\/wp-json\/wp\/v2\/posts\/2498","targetHints":{"allow":["GET"]}}],"collection":[{"href":"https:\/\/le-fort.org\/cocina\/wp-json\/wp\/v2\/posts"}],"about":[{"href":"https:\/\/le-fort.org\/cocina\/wp-json\/wp\/v2\/types\/post"}],"author":[{"embeddable":true,"href":"https:\/\/le-fort.org\/cocina\/wp-json\/wp\/v2\/users\/1"}],"replies":[{"embeddable":true,"href":"https:\/\/le-fort.org\/cocina\/wp-json\/wp\/v2\/comments?post=2498"}],"version-history":[{"count":0,"href":"https:\/\/le-fort.org\/cocina\/wp-json\/wp\/v2\/posts\/2498\/revisions"}],"wp:featuredmedia":[{"embeddable":true,"href":"https:\/\/le-fort.org\/cocina\/wp-json\/wp\/v2\/media\/3918"}],"wp:attachment":[{"href":"https:\/\/le-fort.org\/cocina\/wp-json\/wp\/v2\/media?parent=2498"}],"wp:term":[{"taxonomy":"category","embeddable":true,"href":"https:\/\/le-fort.org\/cocina\/wp-json\/wp\/v2\/categories?post=2498"},{"taxonomy":"post_tag","embeddable":true,"href":"https:\/\/le-fort.org\/cocina\/wp-json\/wp\/v2\/tags?post=2498"}],"curies":[{"name":"wp","href":"https:\/\/api.w.org\/{rel}","templated":true}]}}