{"id":257,"date":"2020-12-15T22:28:07","date_gmt":"2020-12-16T03:28:07","guid":{"rendered":"https:\/\/comer.me\/?p=257"},"modified":"2020-12-15T22:28:07","modified_gmt":"2020-12-16T03:28:07","slug":"ensalada-waldorf","status":"publish","type":"post","link":"https:\/\/le-fort.org\/cocina\/ensalada-waldorf\/","title":{"rendered":"Ensalada Waldorf"},"content":{"rendered":"<p>Simple y elegante<\/p>\n<p><!--more--><\/p>\n<h2>Ingredientes<\/h2>\n<ul>\n<li>100g manzana pelada y picada en dado fino<\/li>\n<li>30g apio pelado y picado en dado fino<\/li>\n<li>1cda mayonesa<br \/>\nc\/n sal<\/li>\n<li>c\/n pimienta<\/li>\n<li>1 hoja de lechuga para utilizar como cama<br \/>\n1 cda de nueces picadas<\/li>\n<\/ul>\n<h2>Procedimiento<\/h2>\n<ol>\n<li>Mezclar manzana, apio y mayonesa. Salpimentar. Almacenar en refrigeraci\u00f3n hasta servir<\/li>\n<li>Servir sobre hoja de lechuga y cubrir con las nueces picadas<\/li>\n<\/ol>\n","protected":false},"excerpt":{"rendered":"<p>Ensalada de manzana, apio y nueces<\/p>\n","protected":false},"author":4,"featured_media":15981,"comment_status":"open","ping_status":"open","sticky":false,"template":"","format":"standard","meta":{"_jetpack_newsletter_access":"","_jetpack_dont_email_post_to_subs":false,"_jetpack_newsletter_tier_id":0,"_jetpack_memberships_contains_paywalled_content":false,"_jetpack_memberships_contains_paid_content":false,"footnotes":""},"categories":[912],"tags":[919,933],"class_list":["post-257","post","type-post","status-publish","format-standard","has-post-thumbnail","hentry","category-rectas-tecnicas","tag-bimestre-2","tag-semana-10","entry","has-media"],"jetpack_featured_media_url":"https:\/\/i0.wp.com\/le-fort.org\/cocina\/wp-content\/uploads\/2020\/12\/wald-hd.jpg?fit=1500%2C500&ssl=1","jetpack_shortlink":"https:\/\/wp.me\/pghKer-49","jetpack_sharing_enabled":true,"jetpack-related-posts":[{"id":8489,"url":"https:\/\/le-fort.org\/cocina\/merengon-de-cafe\/","url_meta":{"origin":257,"position":0},"title":"Mereng\u00f3n de Caf\u00e9","author":"Le-Fort.org","date":"28 de Julio, 2016","format":false,"excerpt":"Es un placer rescatar recetas tradicionales de nuestras familias. Aqu\u00ed un mereng\u00f3n de caf\u00e9.","rel":"","context":"En &quot;Reposter\u00eda&quot;","block_context":{"text":"Reposter\u00eda","link":"https:\/\/le-fort.org\/cocina\/categoria\/reposteria\/"},"img":{"alt_text":"","src":"https:\/\/i0.wp.com\/le-fort.org\/cocina\/wp-content\/uploads\/2016\/07\/merengon-hd.jpg?fit=1200%2C400&ssl=1&resize=350%2C200","width":350,"height":200,"srcset":"https:\/\/i0.wp.com\/le-fort.org\/cocina\/wp-content\/uploads\/2016\/07\/merengon-hd.jpg?fit=1200%2C400&ssl=1&resize=350%2C200 1x, https:\/\/i0.wp.com\/le-fort.org\/cocina\/wp-content\/uploads\/2016\/07\/merengon-hd.jpg?fit=1200%2C400&ssl=1&resize=525%2C300 1.5x, https:\/\/i0.wp.com\/le-fort.org\/cocina\/wp-content\/uploads\/2016\/07\/merengon-hd.jpg?fit=1200%2C400&ssl=1&resize=700%2C400 2x, https:\/\/i0.wp.com\/le-fort.org\/cocina\/wp-content\/uploads\/2016\/07\/merengon-hd.jpg?fit=1200%2C400&ssl=1&resize=1050%2C600 3x"},"classes":[]},{"id":7831,"url":"https:\/\/le-fort.org\/cocina\/tallarines-al-pesto-cebolla-jengibre\/","url_meta":{"origin":257,"position":1},"title":"Tallarines al Pesto con Cebolla y Jengibre","author":"Le-Fort.org","date":"5 de Mayo, 2016","format":false,"excerpt":"Vemos pasar recetas constantemente. Muchas veces, quedan en un rinc\u00f3n de la memoria hasta que, por ejemplo, uno ve un ramito de albahaca en el supermercado y ah\u00ed vuelven. Eso fue exactamente lo que nos sucedi\u00f3 con este\u00a0pesto con cebolla y jengibre, que tiene un aire medio Thai. Nos encant\u00f3\u2026","rel":"","context":"En &quot;Recetas&quot;","block_context":{"text":"Recetas","link":"https:\/\/le-fort.org\/cocina\/categoria\/recetas\/"},"img":{"alt_text":"","src":"https:\/\/i0.wp.com\/le-fort.org\/cocina\/wp-content\/uploads\/2016\/05\/pesto-hd.jpg?fit=1200%2C400&ssl=1&resize=350%2C200","width":350,"height":200,"srcset":"https:\/\/i0.wp.com\/le-fort.org\/cocina\/wp-content\/uploads\/2016\/05\/pesto-hd.jpg?fit=1200%2C400&ssl=1&resize=350%2C200 1x, https:\/\/i0.wp.com\/le-fort.org\/cocina\/wp-content\/uploads\/2016\/05\/pesto-hd.jpg?fit=1200%2C400&ssl=1&resize=525%2C300 1.5x, https:\/\/i0.wp.com\/le-fort.org\/cocina\/wp-content\/uploads\/2016\/05\/pesto-hd.jpg?fit=1200%2C400&ssl=1&resize=700%2C400 2x, https:\/\/i0.wp.com\/le-fort.org\/cocina\/wp-content\/uploads\/2016\/05\/pesto-hd.jpg?fit=1200%2C400&ssl=1&resize=1050%2C600 3x"},"classes":[]},{"id":15998,"url":"https:\/\/le-fort.org\/cocina\/roulade-de-cerdo\/","url_meta":{"origin":257,"position":2},"title":"Roulade de Cerdo","author":"Rod","date":"25 de Enero, 2021","format":false,"excerpt":"Rollo de chancho agridulce","rel":"","context":"En &quot;Sin categor\u00eda&quot;","block_context":{"text":"Sin categor\u00eda","link":"https:\/\/le-fort.org\/cocina\/categoria\/sin-categoria\/"},"img":{"alt_text":"","src":"https:\/\/i0.wp.com\/le-fort.org\/cocina\/wp-content\/uploads\/2020\/12\/roulade.jpg?fit=1200%2C400&ssl=1&resize=350%2C200","width":350,"height":200,"srcset":"https:\/\/i0.wp.com\/le-fort.org\/cocina\/wp-content\/uploads\/2020\/12\/roulade.jpg?fit=1200%2C400&ssl=1&resize=350%2C200 1x, https:\/\/i0.wp.com\/le-fort.org\/cocina\/wp-content\/uploads\/2020\/12\/roulade.jpg?fit=1200%2C400&ssl=1&resize=525%2C300 1.5x, https:\/\/i0.wp.com\/le-fort.org\/cocina\/wp-content\/uploads\/2020\/12\/roulade.jpg?fit=1200%2C400&ssl=1&resize=700%2C400 2x, https:\/\/i0.wp.com\/le-fort.org\/cocina\/wp-content\/uploads\/2020\/12\/roulade.jpg?fit=1200%2C400&ssl=1&resize=1050%2C600 3x"},"classes":[]},{"id":4633,"url":"https:\/\/le-fort.org\/cocina\/mantequilla-nueces-y-salvia-salsa-para-pasta\/","url_meta":{"origin":257,"position":3},"title":"Mantequilla, Nueces y Salvia \u2013 Salsa para Pasta","author":"Le-Fort.org","date":"7 de Julio, 2013","format":false,"excerpt":"La salsa de mantequilla nueces y salvia\u2026 y queso rallado es una excelente forma de servir \u00f1oquis.","rel":"","context":"En &quot;Recetas&quot;","block_context":{"text":"Recetas","link":"https:\/\/le-fort.org\/cocina\/categoria\/recetas\/"},"img":{"alt_text":"","src":"https:\/\/i0.wp.com\/le-fort.org\/cocina\/wp-content\/uploads\/2013\/07\/salvia-hd.jpg?fit=700%2C350&ssl=1&resize=350%2C200","width":350,"height":200,"srcset":"https:\/\/i0.wp.com\/le-fort.org\/cocina\/wp-content\/uploads\/2013\/07\/salvia-hd.jpg?fit=700%2C350&ssl=1&resize=350%2C200 1x, https:\/\/i0.wp.com\/le-fort.org\/cocina\/wp-content\/uploads\/2013\/07\/salvia-hd.jpg?fit=700%2C350&ssl=1&resize=525%2C300 1.5x, https:\/\/i0.wp.com\/le-fort.org\/cocina\/wp-content\/uploads\/2013\/07\/salvia-hd.jpg?fit=700%2C350&ssl=1&resize=700%2C400 2x"},"classes":[]},{"id":1769,"url":"https:\/\/le-fort.org\/cocina\/hamburguesa-india\/","url_meta":{"origin":257,"position":4},"title":"Hamburguesa India","author":"Maestro Sanguchero","date":"26 de Mayo, 2015","format":false,"excerpt":"Hamburguesa India, con muchas especias y hierbas, y un chutney de cilantro y menta. Deliciosa.","rel":"","context":"En &quot;Hamburguesas&quot;","block_context":{"text":"Hamburguesas","link":"https:\/\/le-fort.org\/cocina\/categoria\/hamburguesas\/"},"img":{"alt_text":"","src":"https:\/\/i0.wp.com\/le-fort.org\/cocina\/wp-content\/uploads\/2015\/05\/hamburguesa-india-hd.jpg?fit=1200%2C400&ssl=1&resize=350%2C200","width":350,"height":200,"srcset":"https:\/\/i0.wp.com\/le-fort.org\/cocina\/wp-content\/uploads\/2015\/05\/hamburguesa-india-hd.jpg?fit=1200%2C400&ssl=1&resize=350%2C200 1x, https:\/\/i0.wp.com\/le-fort.org\/cocina\/wp-content\/uploads\/2015\/05\/hamburguesa-india-hd.jpg?fit=1200%2C400&ssl=1&resize=525%2C300 1.5x, https:\/\/i0.wp.com\/le-fort.org\/cocina\/wp-content\/uploads\/2015\/05\/hamburguesa-india-hd.jpg?fit=1200%2C400&ssl=1&resize=700%2C400 2x, https:\/\/i0.wp.com\/le-fort.org\/cocina\/wp-content\/uploads\/2015\/05\/hamburguesa-india-hd.jpg?fit=1200%2C400&ssl=1&resize=1050%2C600 3x"},"classes":[]},{"id":13577,"url":"https:\/\/le-fort.org\/cocina\/pizza-queso-azul-pera-nueces\/","url_meta":{"origin":257,"position":5},"title":"Pizza de Queso Azul, Pera y Nueces","author":"Le-Fort.org","date":"22 de Enero, 2019","format":false,"excerpt":"Receta de Pizza de Queso Azul, Pera y Nueces, una pizza que armoniza mucho mejor de lo que suena.","rel":"","context":"En &quot;General&quot;","block_context":{"text":"General","link":"https:\/\/le-fort.org\/cocina\/categoria\/general\/"},"img":{"alt_text":"","src":"https:\/\/i0.wp.com\/le-fort.org\/cocina\/wp-content\/uploads\/2019\/01\/pizza-azul-hd.jpg?fit=1200%2C400&ssl=1&resize=350%2C200","width":350,"height":200,"srcset":"https:\/\/i0.wp.com\/le-fort.org\/cocina\/wp-content\/uploads\/2019\/01\/pizza-azul-hd.jpg?fit=1200%2C400&ssl=1&resize=350%2C200 1x, https:\/\/i0.wp.com\/le-fort.org\/cocina\/wp-content\/uploads\/2019\/01\/pizza-azul-hd.jpg?fit=1200%2C400&ssl=1&resize=525%2C300 1.5x, https:\/\/i0.wp.com\/le-fort.org\/cocina\/wp-content\/uploads\/2019\/01\/pizza-azul-hd.jpg?fit=1200%2C400&ssl=1&resize=700%2C400 2x, https:\/\/i0.wp.com\/le-fort.org\/cocina\/wp-content\/uploads\/2019\/01\/pizza-azul-hd.jpg?fit=1200%2C400&ssl=1&resize=1050%2C600 3x"},"classes":[]}],"_links":{"self":[{"href":"https:\/\/le-fort.org\/cocina\/wp-json\/wp\/v2\/posts\/257","targetHints":{"allow":["GET"]}}],"collection":[{"href":"https:\/\/le-fort.org\/cocina\/wp-json\/wp\/v2\/posts"}],"about":[{"href":"https:\/\/le-fort.org\/cocina\/wp-json\/wp\/v2\/types\/post"}],"author":[{"embeddable":true,"href":"https:\/\/le-fort.org\/cocina\/wp-json\/wp\/v2\/users\/4"}],"replies":[{"embeddable":true,"href":"https:\/\/le-fort.org\/cocina\/wp-json\/wp\/v2\/comments?post=257"}],"version-history":[{"count":0,"href":"https:\/\/le-fort.org\/cocina\/wp-json\/wp\/v2\/posts\/257\/revisions"}],"wp:featuredmedia":[{"embeddable":true,"href":"https:\/\/le-fort.org\/cocina\/wp-json\/wp\/v2\/media\/15981"}],"wp:attachment":[{"href":"https:\/\/le-fort.org\/cocina\/wp-json\/wp\/v2\/media?parent=257"}],"wp:term":[{"taxonomy":"category","embeddable":true,"href":"https:\/\/le-fort.org\/cocina\/wp-json\/wp\/v2\/categories?post=257"},{"taxonomy":"post_tag","embeddable":true,"href":"https:\/\/le-fort.org\/cocina\/wp-json\/wp\/v2\/tags?post=257"}],"curies":[{"name":"wp","href":"https:\/\/api.w.org\/{rel}","templated":true}]}}