{"id":258,"date":"2018-11-23T09:40:08","date_gmt":"2018-11-23T14:40:08","guid":{"rendered":"http:\/\/gastrofisica.org\/?p=258"},"modified":"2018-11-23T09:40:08","modified_gmt":"2018-11-23T14:40:08","slug":"cambiante-historia-gastronomia","status":"publish","type":"post","link":"https:\/\/le-fort.org\/cocina\/cambiante-historia-gastronomia\/","title":{"rendered":"La Siempre Cambiante Historia de la Gastronom\u00eda"},"content":{"rendered":"<p>\t\t\t\tEl a\u00f1o 2018 ha sido un a\u00f1o de gran inter\u00e9s desde el punto de vista hist\u00f3rico, como habr\u00e1n visto si siguen <a href=\"https:\/\/www.facebook.com\/gastrofisica\/\">nuestra p\u00e1gina en Facebook<\/a>. Distintas historias que cre\u00edamos conocer han resultado no ser como las cont\u00e1bamos. La historia del pan, la cerveza, el cacao y la vainilla ha sido reescrita.<!--more--><\/p>\n<p>Veamos qu\u00e9 sucedi\u00f3.<\/p>\n<h2>Los Natufienses<\/h2>\n<p>Los natufienses (o natufianos) fueron una cultura antigua, situada entre el paleol\u00edtico superior y el neol\u00edtico, que habit\u00f3 el cercano oriente, desde lo que hoy es Irak hasta Egipto. Gracias a ellos tenemos dos temas de inter\u00e9s: el pan y la cerveza.<\/p>\n<p><img data-recalc-dims=\"1\" loading=\"lazy\" decoding=\"async\" data-attachment-id=\"266\" data-permalink=\"https:\/\/le-fort.org\/cocina\/cambiante-historia-gastronomia\/pan-6\/\" data-orig-file=\"https:\/\/i0.wp.com\/le-fort.org\/cocina\/wp-content\/uploads\/2018\/11\/pan.jpg?fit=1280%2C720&amp;ssl=1\" data-orig-size=\"1280,720\" data-comments-opened=\"1\" data-image-meta=\"{&quot;aperture&quot;:&quot;0&quot;,&quot;credit&quot;:&quot;&quot;,&quot;camera&quot;:&quot;&quot;,&quot;caption&quot;:&quot;&quot;,&quot;created_timestamp&quot;:&quot;0&quot;,&quot;copyright&quot;:&quot;&quot;,&quot;focal_length&quot;:&quot;0&quot;,&quot;iso&quot;:&quot;0&quot;,&quot;shutter_speed&quot;:&quot;0&quot;,&quot;title&quot;:&quot;&quot;,&quot;orientation&quot;:&quot;0&quot;}\" data-image-title=\"pan\" data-image-description=\"\" data-image-caption=\"\" data-large-file=\"https:\/\/i0.wp.com\/le-fort.org\/cocina\/wp-content\/uploads\/2018\/11\/pan.jpg?fit=1200%2C675&amp;ssl=1\" class=\"aligncenter size-full wp-image-266\" src=\"https:\/\/i0.wp.com\/www.le-fort.org\/wp-content\/uploads\/2018\/11\/pan.jpg?resize=1200%2C675&#038;ssl=1\" alt=\"Pan de masa madre\" width=\"1200\" height=\"675\" srcset=\"https:\/\/i0.wp.com\/le-fort.org\/cocina\/wp-content\/uploads\/2018\/11\/pan.jpg?w=1280&amp;ssl=1 1280w, https:\/\/i0.wp.com\/le-fort.org\/cocina\/wp-content\/uploads\/2018\/11\/pan.jpg?resize=600%2C338&amp;ssl=1 600w, https:\/\/i0.wp.com\/le-fort.org\/cocina\/wp-content\/uploads\/2018\/11\/pan.jpg?resize=2%2C1&amp;ssl=1 2w\" sizes=\"auto, (max-width: 1200px) 100vw, 1200px\" \/><\/p>\n<h3>El pan<\/h3>\n<p>El pan y la cerveza han estado hist\u00f3ricamente ligados, desde el &#8220;pan l\u00edquido&#8221; sumerio hasta el uso de cerveza como fuente de levadura para el pan hasta hace poco. Hasta ahora pens\u00e1bamos que el pan proven\u00eda del neol\u00edtico y la invenci\u00f3n de la agricultura. Pues bien: al parecer el pan predata a la agricultura en aproximadamente 3.000 a\u00f1os. Se encontraron restos calcinados de pan en la actual Jordania que datan de hace aproximadamente 14.000 a\u00f1os.<\/p>\n<p>Los natufienses consum\u00edan cereales pero no los cultivaban, sino que eran recolectores. <em>La panificaci\u00f3n, entonces, es anterior a la agricultura<\/em>.<\/p>\n<p><a href=\"http:\/\/www.pnas.org\/content\/115\/31\/7925\" target=\"_blank\" rel=\"noopener noreferrer\">Puedes encontrar m\u00e1s informaci\u00f3n aqu\u00ed<\/a>.<\/p>\n<h3>La cerveza<\/h3>\n<p>Antes de que te imagines unas cervezas bien heladas, se cree que la cerveza original era una especie de gachas de cebada u otro grano, fermentada: ni transparente ni totalmente l\u00edquida, pero con las ventajas y desventajas de la fermentaci\u00f3n a nivel nutricional, y -probablemente m\u00e1s importante- psicotr\u00f3pico. Aqu\u00ed, antes de los sumerios, que eran quienes hasta ahora se llevaban el cr\u00e9dito, entran los natufienses. Esta vez el hallazgo es de una cerveza de 13.000 a\u00f1os encontrada en Israel, en la caverna de Raquefet.<\/p>\n<figure style=\"width: 1200px\" class=\"wp-caption aligncenter\"><img loading=\"lazy\" decoding=\"async\" class=\"size-full\" src=\"https:\/\/upload.wikimedia.org\/wikipedia\/commons\/6\/6d\/Two-pints-beer-main.jpg\" alt=\"Cerveza. Fuente: Wikipedia\" width=\"1200\" height=\"800\" \/><figcaption class=\"wp-caption-text\">\u00a1Salud! (Fuente: Wikipedia)<\/figcaption><\/figure>\n<p>\u00bfC\u00f3mo podemos saber que se prepar\u00f3 cerveza? Los gr\u00e1nulos de almid\u00f3n de la cebada se da\u00f1an durante el proceso de fabricaci\u00f3n de la cerveza, y el da\u00f1o de los gr\u00e1nulos encontrados en Raquefet es consistente con el causado por la recreaci\u00f3n del proceso en el laboratorio (malteado, calor y fermentaci\u00f3n) al ver los gr\u00e1nulos al microscopio. 13.000 a\u00f1os de cerveza no es poco.<\/p>\n<p><a href=\"https:\/\/www.smithsonianmag.com\/smart-news\/traces-13000-year-old-beer-found-israel-180970282\/\" target=\"_blank\" rel=\"noopener noreferrer\">M\u00e1s informaci\u00f3n aqu\u00ed<\/a><\/p>\n<h2>Cacao Ecuatoriano<\/h2>\n<figure id=\"attachment_227\" aria-describedby=\"caption-attachment-227\" style=\"width: 1280px\" class=\"wp-caption aligncenter\"><img data-recalc-dims=\"1\" loading=\"lazy\" decoding=\"async\" data-attachment-id=\"227\" data-permalink=\"https:\/\/le-fort.org\/cocina\/cacao-en-la-antiguedad-en-ecuador\/cacao-2\/\" data-orig-file=\"https:\/\/i0.wp.com\/le-fort.org\/cocina\/wp-content\/uploads\/2018\/10\/cacao.jpg?fit=1280%2C720&amp;ssl=1\" data-orig-size=\"1280,720\" data-comments-opened=\"1\" data-image-meta=\"{&quot;aperture&quot;:&quot;0&quot;,&quot;credit&quot;:&quot;&quot;,&quot;camera&quot;:&quot;&quot;,&quot;caption&quot;:&quot;&quot;,&quot;created_timestamp&quot;:&quot;0&quot;,&quot;copyright&quot;:&quot;&quot;,&quot;focal_length&quot;:&quot;0&quot;,&quot;iso&quot;:&quot;0&quot;,&quot;shutter_speed&quot;:&quot;0&quot;,&quot;title&quot;:&quot;&quot;,&quot;orientation&quot;:&quot;0&quot;}\" data-image-title=\"cacao\" data-image-description=\"\" data-image-caption=\"&lt;p&gt;\t\t\t\tLa historia cambia\t\t&lt;\/p&gt;\n\" data-large-file=\"https:\/\/i0.wp.com\/le-fort.org\/cocina\/wp-content\/uploads\/2018\/10\/cacao.jpg?fit=1200%2C675&amp;ssl=1\" class=\"size-full wp-image-227\" src=\"https:\/\/i0.wp.com\/www.le-fort.org\/wp-content\/uploads\/2018\/10\/cacao.jpg?resize=1200%2C675&#038;ssl=1\" alt=\"Cacao de 5.300 a\u00f1os en Zamora Chinchipe\" width=\"1200\" height=\"675\" srcset=\"https:\/\/i0.wp.com\/le-fort.org\/cocina\/wp-content\/uploads\/2018\/10\/cacao.jpg?w=1280&amp;ssl=1 1280w, https:\/\/i0.wp.com\/le-fort.org\/cocina\/wp-content\/uploads\/2018\/10\/cacao.jpg?resize=600%2C338&amp;ssl=1 600w, https:\/\/i0.wp.com\/le-fort.org\/cocina\/wp-content\/uploads\/2018\/10\/cacao.jpg?resize=2%2C1&amp;ssl=1 2w\" sizes=\"auto, (max-width: 1200px) 100vw, 1200px\" \/><figcaption id=\"caption-attachment-227\" class=\"wp-caption-text\">La historia cambia<\/figcaption><\/figure>\n<p>La &#8220;historia oficial&#8221; del cacao apunta a Am\u00e9rica Central. Mal que mal, desde ah\u00ed lo llevaron los espa\u00f1oles a Europa. Luego se apunt\u00f3 a un origen amaz\u00f3nico y a una domesticaci\u00f3n en mesoam\u00e9rica. Ahora, en un interesante <em>plot twist<\/em> se encontr\u00f3 evidencia del procesamiento de cacao en el oriente ecuatoriano con una data de 5.300 a\u00f1os, alrededor de un milenio antes de la fecha que hasta ahora manej\u00e1bamos. <a href=\"http:\/\/gastrofisica.org\/cacao-en-la-antiguedad-en-ecuador\/\">Ya hablamos de este tema en m\u00e1s detalle<\/a>.<\/p>\n<p>La amazon\u00eda ecuatoriana, en la provincia de Zamora Chinchipe fue un centro de domesticaci\u00f3n y uso temprano del cacao.<\/p>\n<h2>Vainilla en el viejo mundo<\/h2>\n<p><img data-recalc-dims=\"1\" loading=\"lazy\" decoding=\"async\" class=\"size-full alignright\" src=\"https:\/\/i0.wp.com\/www.sigmaaldrich.com\/content\/dam\/sigma-aldrich\/structure7\/126\/mfcd00006939.eps\/_jcr_content\/renditions\/mfcd00006939-medium.png?resize=101%2C200&#038;ssl=1\" alt=\"4-hidroxibenzaldeh\u00eddo\" width=\"101\" height=\"200\" \/>La vainilla es una de las especias que provienen del nuevo mundo, y es la especia m\u00e1s popular del mundo, gracias a la Coca-Cola. Pues bien. En una tumba en Israel (y esta vez no fueron los natufienses) se encontraron rastros de vainilla (o m\u00e1s bien vainillina y 4-hidroxibenzaldeh\u00eddo) con una data de entre 3.000 y 4.000 a\u00f1os. El lugar del hallazgo es Tel Megiddo (o Armageddon en griego), y lo interesante es que no se puede saber a\u00fan de d\u00f3nde provino. Las opciones son \u00c1frica oriental y el sudeste asi\u00e1tico.<\/p>\n<p><a href=\"https:\/\/www.sciencenews.org\/article\/bronze-age-tomb-israel-reveals-earliest-known-use-vanilla\" target=\"_blank\" rel=\"noopener noreferrer\">Aqu\u00ed hay m\u00e1s informaci\u00f3n<\/a> (en ingl\u00e9s).<\/p>\n<h2>Hora de reescribir<\/h2>\n<p>El conocimiento cient\u00edfico avanza, y lo que un d\u00eda es verdad, a la luz de nueva evidencia deja de serlo. Este a\u00f1o ha sido f\u00e9rtil en nuevas miradas que nos ayudan a reescribir la historia de la gastronom\u00eda. No demos nada por sentado.\t\t<\/p>\n","protected":false},"excerpt":{"rendered":"<p>\t\t\t\tHa sido un a\u00f1o de reescritura de los libros de la historia de la gastronom\u00eda. El pan, la cerveza, el cacao y la vainilla son m\u00e1s antiguos de lo que cre\u00edamos.\t\t<\/p>\n","protected":false},"author":4,"featured_media":13774,"comment_status":"open","ping_status":"open","sticky":false,"template":"","format":"standard","meta":{"_jetpack_newsletter_access":"","_jetpack_dont_email_post_to_subs":false,"_jetpack_newsletter_tier_id":0,"_jetpack_memberships_contains_paywalled_content":false,"_jetpack_memberships_contains_paid_content":false,"footnotes":""},"categories":[385],"tags":[841,193,843,658,51,864],"class_list":["post-258","post","type-post","status-publish","format-standard","has-post-thumbnail","hentry","category-historia","tag-arqueologia","tag-cacao","tag-cerveza","tag-historia","tag-pan","tag-vainilla","entry","has-media"],"jetpack_featured_media_url":"https:\/\/i0.wp.com\/le-fort.org\/cocina\/wp-content\/uploads\/2018\/11\/vainilla-azucar.jpg?fit=1280%2C720&ssl=1","jetpack_shortlink":"https:\/\/wp.me\/pghKer-4a","jetpack_sharing_enabled":true,"jetpack-related-posts":[{"id":962,"url":"https:\/\/le-fort.org\/cocina\/francesinha-de-porto-version-local\/","url_meta":{"origin":258,"position":0},"title":"Francesinha de Porto","author":"Maestro Sanguchero","date":"15 de Junio, 2013","format":false,"excerpt":"La francesinha de Porto es un s\u00e1ndwich poderoso, evoluci\u00f3n en esteroides del Croque Monsieur, con una salsa interesante y mucha prote\u00edna animal.","rel":"","context":"En &quot;Cecinas&quot;","block_context":{"text":"Cecinas","link":"https:\/\/le-fort.org\/cocina\/categoria\/cecinas\/"},"img":{"alt_text":"La Enciclopedia del Sandwich","src":"https:\/\/i0.wp.com\/le-fort.org\/cocina\/wp-content\/uploads\/2013\/06\/francesinha-hd.jpg?fit=1200%2C400&ssl=1&resize=350%2C200","width":350,"height":200,"srcset":"https:\/\/i0.wp.com\/le-fort.org\/cocina\/wp-content\/uploads\/2013\/06\/francesinha-hd.jpg?fit=1200%2C400&ssl=1&resize=350%2C200 1x, https:\/\/i0.wp.com\/le-fort.org\/cocina\/wp-content\/uploads\/2013\/06\/francesinha-hd.jpg?fit=1200%2C400&ssl=1&resize=525%2C300 1.5x, https:\/\/i0.wp.com\/le-fort.org\/cocina\/wp-content\/uploads\/2013\/06\/francesinha-hd.jpg?fit=1200%2C400&ssl=1&resize=700%2C400 2x, https:\/\/i0.wp.com\/le-fort.org\/cocina\/wp-content\/uploads\/2013\/06\/francesinha-hd.jpg?fit=1200%2C400&ssl=1&resize=1050%2C600 3x"},"classes":[]},{"id":3512,"url":"https:\/\/le-fort.org\/cocina\/cooked-cocinado-de-michael-pollan\/","url_meta":{"origin":258,"position":1},"title":"Cooked (Cocinado) de Michael Pollan","author":"Le-Fort.org","date":"11 de Junio, 2013","format":false,"excerpt":"Rese\u00f1a y comentarios sobre Cooked (Cocinado): Una historia natural de la transformaci\u00f3n, de Michael Pollan.","rel":"","context":"En &quot;Libros&quot;","block_context":{"text":"Libros","link":"https:\/\/le-fort.org\/cocina\/categoria\/libros\/"},"img":{"alt_text":"","src":"https:\/\/i0.wp.com\/le-fort.org\/cocina\/wp-content\/uploads\/2013\/06\/c-624x296.jpg?fit=624%2C296&ssl=1&resize=350%2C200","width":350,"height":200,"srcset":"https:\/\/i0.wp.com\/le-fort.org\/cocina\/wp-content\/uploads\/2013\/06\/c-624x296.jpg?fit=624%2C296&ssl=1&resize=350%2C200 1x, https:\/\/i0.wp.com\/le-fort.org\/cocina\/wp-content\/uploads\/2013\/06\/c-624x296.jpg?fit=624%2C296&ssl=1&resize=525%2C300 1.5x"},"classes":[]},{"id":1690,"url":"https:\/\/le-fort.org\/cocina\/el-hot-dog-y-la-etiqueta\/","url_meta":{"origin":258,"position":2},"title":"El Hot-Dog y la Etiqueta","author":"Maestro Sanguchero","date":"2 de Abril, 2015","format":false,"excerpt":"Es sabido que los estadounidenses son excelentes para convertir todo en un procedimiento. Es sabido tambi\u00e9n que el hot-dog, tal como lo conocemos hoy en d\u00eda (o s\u00f3lo creemos conocerlo) proviene de esas tierras, a fines del siglo XIX. Es, entonces, con un grano de sal, que compartimos contigo, y\u2026","rel":"","context":"En &quot;Hot-Dogs&quot;","block_context":{"text":"Hot-Dogs","link":"https:\/\/le-fort.org\/cocina\/categoria\/hot-dogs\/"},"img":{"alt_text":"","src":"https:\/\/i0.wp.com\/le-fort.org\/cocina\/wp-content\/uploads\/2015\/04\/klebers-hd-1.jpg?fit=1200%2C400&ssl=1&resize=350%2C200","width":350,"height":200,"srcset":"https:\/\/i0.wp.com\/le-fort.org\/cocina\/wp-content\/uploads\/2015\/04\/klebers-hd-1.jpg?fit=1200%2C400&ssl=1&resize=350%2C200 1x, https:\/\/i0.wp.com\/le-fort.org\/cocina\/wp-content\/uploads\/2015\/04\/klebers-hd-1.jpg?fit=1200%2C400&ssl=1&resize=525%2C300 1.5x, https:\/\/i0.wp.com\/le-fort.org\/cocina\/wp-content\/uploads\/2015\/04\/klebers-hd-1.jpg?fit=1200%2C400&ssl=1&resize=700%2C400 2x, https:\/\/i0.wp.com\/le-fort.org\/cocina\/wp-content\/uploads\/2015\/04\/klebers-hd-1.jpg?fit=1200%2C400&ssl=1&resize=1050%2C600 3x"},"classes":[]},{"id":173,"url":"https:\/\/le-fort.org\/cocina\/que-es-cocinar-segunda-parte\/","url_meta":{"origin":258,"position":3},"title":"\u00bfQu\u00e9 es Cocinar? Segunda Parte","author":"Rod","date":"9 de Octubre, 2020","format":false,"excerpt":"La cocina como transformaci\u00f3n","rel":"","context":"En &quot;F\u00edsico Qu\u00edmica Alimentaria&quot;","block_context":{"text":"F\u00edsico Qu\u00edmica Alimentaria","link":"https:\/\/le-fort.org\/cocina\/categoria\/fisico-quimica-alimentaria\/"},"img":{"alt_text":"","src":"https:\/\/i0.wp.com\/le-fort.org\/cocina\/wp-content\/uploads\/2020\/10\/esferificacion-hd.jpg?fit=1200%2C400&ssl=1&resize=350%2C200","width":350,"height":200,"srcset":"https:\/\/i0.wp.com\/le-fort.org\/cocina\/wp-content\/uploads\/2020\/10\/esferificacion-hd.jpg?fit=1200%2C400&ssl=1&resize=350%2C200 1x, https:\/\/i0.wp.com\/le-fort.org\/cocina\/wp-content\/uploads\/2020\/10\/esferificacion-hd.jpg?fit=1200%2C400&ssl=1&resize=525%2C300 1.5x, https:\/\/i0.wp.com\/le-fort.org\/cocina\/wp-content\/uploads\/2020\/10\/esferificacion-hd.jpg?fit=1200%2C400&ssl=1&resize=700%2C400 2x, https:\/\/i0.wp.com\/le-fort.org\/cocina\/wp-content\/uploads\/2020\/10\/esferificacion-hd.jpg?fit=1200%2C400&ssl=1&resize=1050%2C600 3x"},"classes":[]},{"id":5940,"url":"https:\/\/le-fort.org\/cocina\/torrijas-aprovechando-el-pan-viejo\/","url_meta":{"origin":258,"position":4},"title":"Torrijas: Aprovechando el Pan Viejo","author":"Le-Fort.org","date":"9 de Enero, 2015","format":false,"excerpt":"Receta de Torrijas, una forma tradicional de aprovechar el pan viejo que data de la Espa\u00f1a medieval, remoj\u00e1ndolo en leche y huevos y fri\u00e9ndolo. Son deliciosas.","rel":"","context":"En &quot;Recetas&quot;","block_context":{"text":"Recetas","link":"https:\/\/le-fort.org\/cocina\/categoria\/recetas\/"},"img":{"alt_text":"","src":"https:\/\/i0.wp.com\/le-fort.org\/cocina\/wp-content\/uploads\/2015\/01\/torrijas-hd.jpg?fit=1200%2C400&ssl=1&resize=350%2C200","width":350,"height":200,"srcset":"https:\/\/i0.wp.com\/le-fort.org\/cocina\/wp-content\/uploads\/2015\/01\/torrijas-hd.jpg?fit=1200%2C400&ssl=1&resize=350%2C200 1x, https:\/\/i0.wp.com\/le-fort.org\/cocina\/wp-content\/uploads\/2015\/01\/torrijas-hd.jpg?fit=1200%2C400&ssl=1&resize=525%2C300 1.5x, https:\/\/i0.wp.com\/le-fort.org\/cocina\/wp-content\/uploads\/2015\/01\/torrijas-hd.jpg?fit=1200%2C400&ssl=1&resize=700%2C400 2x, https:\/\/i0.wp.com\/le-fort.org\/cocina\/wp-content\/uploads\/2015\/01\/torrijas-hd.jpg?fit=1200%2C400&ssl=1&resize=1050%2C600 3x"},"classes":[]},{"id":16003,"url":"https:\/\/le-fort.org\/cocina\/historias-de-la-fermentacion\/","url_meta":{"origin":258,"position":5},"title":"Historias de la Fermentaci\u00f3n","author":"Rod","date":"25 de Agosto, 2021","format":false,"excerpt":"Algunas historias interesantes sobre la fermentaci\u00f3n","rel":"","context":"En &quot;F\u00edsico Qu\u00edmica Alimentaria&quot;","block_context":{"text":"F\u00edsico Qu\u00edmica Alimentaria","link":"https:\/\/le-fort.org\/cocina\/categoria\/fisico-quimica-alimentaria\/"},"img":{"alt_text":"","src":"","width":0,"height":0},"classes":[]}],"_links":{"self":[{"href":"https:\/\/le-fort.org\/cocina\/wp-json\/wp\/v2\/posts\/258","targetHints":{"allow":["GET"]}}],"collection":[{"href":"https:\/\/le-fort.org\/cocina\/wp-json\/wp\/v2\/posts"}],"about":[{"href":"https:\/\/le-fort.org\/cocina\/wp-json\/wp\/v2\/types\/post"}],"author":[{"embeddable":true,"href":"https:\/\/le-fort.org\/cocina\/wp-json\/wp\/v2\/users\/4"}],"replies":[{"embeddable":true,"href":"https:\/\/le-fort.org\/cocina\/wp-json\/wp\/v2\/comments?post=258"}],"version-history":[{"count":0,"href":"https:\/\/le-fort.org\/cocina\/wp-json\/wp\/v2\/posts\/258\/revisions"}],"wp:featuredmedia":[{"embeddable":true,"href":"https:\/\/le-fort.org\/cocina\/wp-json\/wp\/v2\/media\/13774"}],"wp:attachment":[{"href":"https:\/\/le-fort.org\/cocina\/wp-json\/wp\/v2\/media?parent=258"}],"wp:term":[{"taxonomy":"category","embeddable":true,"href":"https:\/\/le-fort.org\/cocina\/wp-json\/wp\/v2\/categories?post=258"},{"taxonomy":"post_tag","embeddable":true,"href":"https:\/\/le-fort.org\/cocina\/wp-json\/wp\/v2\/tags?post=258"}],"curies":[{"name":"wp","href":"https:\/\/api.w.org\/{rel}","templated":true}]}}