{"id":2581,"date":"2013-01-06T17:55:32","date_gmt":"2013-01-06T17:55:32","guid":{"rendered":"http:\/\/www.duarte.cl\/?p=2581"},"modified":"2020-04-29T10:57:27","modified_gmt":"2020-04-29T15:57:27","slug":"scones","status":"publish","type":"post","link":"https:\/\/le-fort.org\/cocina\/scones\/","title":{"rendered":"Scones"},"content":{"rendered":"<p>Esta es nuestra receta de <strong>scones<\/strong>, deliciosos panes r\u00e1pidos del Reino Unido.<\/p>\n<p><!--more--><\/p>\n<p><img data-recalc-dims=\"1\" loading=\"lazy\" decoding=\"async\" data-attachment-id=\"12472\" data-permalink=\"https:\/\/le-fort.org\/cocina\/scones\/2018-05-05-09-54-26\/\" data-orig-file=\"https:\/\/i0.wp.com\/le-fort.org\/cocina\/wp-content\/uploads\/2013\/01\/2018-05-05-09.54.26.jpg?fit=1500%2C844&amp;ssl=1\" data-orig-size=\"1500,844\" data-comments-opened=\"0\" data-image-meta=\"{&quot;aperture&quot;:&quot;2.25&quot;,&quot;credit&quot;:&quot;&quot;,&quot;camera&quot;:&quot;XT1097&quot;,&quot;caption&quot;:&quot;&quot;,&quot;created_timestamp&quot;:&quot;1525514066&quot;,&quot;copyright&quot;:&quot;&quot;,&quot;focal_length&quot;:&quot;4.235&quot;,&quot;iso&quot;:&quot;64&quot;,&quot;shutter_speed&quot;:&quot;0.02499&quot;,&quot;title&quot;:&quot;&quot;,&quot;orientation&quot;:&quot;0&quot;}\" data-image-title=\"2018-05-05 09.54.26\" data-image-description=\"\" data-image-caption=\"\" data-large-file=\"https:\/\/i0.wp.com\/le-fort.org\/cocina\/wp-content\/uploads\/2013\/01\/2018-05-05-09.54.26.jpg?fit=1200%2C675&amp;ssl=1\" class=\"aligncenter size-large wp-image-12472\" src=\"https:\/\/i0.wp.com\/www.le-fort.org\/wp-content\/uploads\/2013\/01\/2018-05-05-09.54.26-1280x720.jpg?resize=755%2C425&#038;ssl=1\" alt=\"\" width=\"755\" height=\"425\" srcset=\"https:\/\/i0.wp.com\/le-fort.org\/cocina\/wp-content\/uploads\/2013\/01\/2018-05-05-09.54.26.jpg?resize=1280%2C720&amp;ssl=1 1280w, https:\/\/i0.wp.com\/le-fort.org\/cocina\/wp-content\/uploads\/2013\/01\/2018-05-05-09.54.26.jpg?resize=600%2C338&amp;ssl=1 600w, https:\/\/i0.wp.com\/le-fort.org\/cocina\/wp-content\/uploads\/2013\/01\/2018-05-05-09.54.26.jpg?w=1500&amp;ssl=1 1500w\" sizes=\"auto, (max-width: 755px) 100vw, 755px\" \/><\/p>\n<p>Los <em>scones <\/em>(se puede pronunciar <em>scouns<\/em> o <em>scons<\/em>, como se prefiera) son panecillos de origen escoc\u00e9s. El primer uso de la palabra es del s. XVI. Originalmente eran panecillos de avena a la plancha, del porte de un plato mediano, cortados en sectores. El panecillo era un <em>bannock<\/em>, y los sectores, <em>scones<\/em>.<\/p>\n<figure id=\"attachment_8856\" aria-describedby=\"caption-attachment-8856\" style=\"width: 1000px\" class=\"wp-caption aligncenter\"><img data-recalc-dims=\"1\" loading=\"lazy\" decoding=\"async\" data-attachment-id=\"8856\" data-permalink=\"https:\/\/le-fort.org\/cocina\/scones\/scones-cortados\/\" data-orig-file=\"https:\/\/i0.wp.com\/le-fort.org\/cocina\/wp-content\/uploads\/2013\/01\/scones-cortados.jpg?fit=1280%2C720&amp;ssl=1\" data-orig-size=\"1280,720\" data-comments-opened=\"0\" data-image-meta=\"{&quot;aperture&quot;:&quot;0&quot;,&quot;credit&quot;:&quot;&quot;,&quot;camera&quot;:&quot;&quot;,&quot;caption&quot;:&quot;&quot;,&quot;created_timestamp&quot;:&quot;0&quot;,&quot;copyright&quot;:&quot;&quot;,&quot;focal_length&quot;:&quot;0&quot;,&quot;iso&quot;:&quot;0&quot;,&quot;shutter_speed&quot;:&quot;0&quot;,&quot;title&quot;:&quot;&quot;,&quot;orientation&quot;:&quot;0&quot;}\" data-image-title=\"scones-cortados\" data-image-description=\"\" data-image-caption=\"&lt;p&gt;Scones hechos con un cortapastas&lt;\/p&gt;\n\" data-large-file=\"https:\/\/i0.wp.com\/le-fort.org\/cocina\/wp-content\/uploads\/2013\/01\/scones-cortados.jpg?fit=1200%2C675&amp;ssl=1\" class=\"size-large wp-image-8856\" src=\"https:\/\/i0.wp.com\/loquecomemos.com\/wp-content\/uploads\/2013\/01\/scones-cortados-1280x720.jpg?resize=1000%2C563\" alt=\"Scones hechos con un cortapastas\" width=\"1000\" height=\"563\" srcset=\"https:\/\/i0.wp.com\/le-fort.org\/cocina\/wp-content\/uploads\/2013\/01\/scones-cortados.jpg?w=1280&amp;ssl=1 1280w, https:\/\/i0.wp.com\/le-fort.org\/cocina\/wp-content\/uploads\/2013\/01\/scones-cortados.jpg?resize=600%2C338&amp;ssl=1 600w\" sizes=\"auto, (max-width: 1000px) 100vw, 1000px\" \/><figcaption id=\"caption-attachment-8856\" class=\"wp-caption-text\">Scones hechos con un cortapastas<\/figcaption><\/figure>\n<p>Con el tiempo pasaron a utilizar polvos de hornear y a ser horneados.<\/p>\n<p><img data-recalc-dims=\"1\" loading=\"lazy\" decoding=\"async\" data-attachment-id=\"5290\" data-permalink=\"https:\/\/le-fort.org\/cocina\/scones\/scones-2\/\" data-orig-file=\"https:\/\/i0.wp.com\/le-fort.org\/cocina\/wp-content\/uploads\/2013\/01\/scones.jpg?fit=700%2C500&amp;ssl=1\" data-orig-size=\"700,500\" data-comments-opened=\"0\" data-image-meta=\"{&quot;aperture&quot;:&quot;0&quot;,&quot;credit&quot;:&quot;&quot;,&quot;camera&quot;:&quot;&quot;,&quot;caption&quot;:&quot;&quot;,&quot;created_timestamp&quot;:&quot;0&quot;,&quot;copyright&quot;:&quot;&quot;,&quot;focal_length&quot;:&quot;0&quot;,&quot;iso&quot;:&quot;0&quot;,&quot;shutter_speed&quot;:&quot;0&quot;,&quot;title&quot;:&quot;&quot;,&quot;orientation&quot;:&quot;0&quot;}\" data-image-title=\"scones\" data-image-description=\"\" data-image-caption=\"\" data-large-file=\"https:\/\/i0.wp.com\/le-fort.org\/cocina\/wp-content\/uploads\/2013\/01\/scones.jpg?fit=700%2C500&amp;ssl=1\" class=\"aligncenter size-full wp-image-5290\" src=\"https:\/\/i0.wp.com\/www.le-fort.org\/wp-content\/uploads\/2013\/01\/scones.jpg?resize=700%2C500&#038;ssl=1\" alt=\"scones\" width=\"700\" height=\"500\" srcset=\"https:\/\/i0.wp.com\/le-fort.org\/cocina\/wp-content\/uploads\/2013\/01\/scones.jpg?w=700&amp;ssl=1 700w, https:\/\/i0.wp.com\/le-fort.org\/cocina\/wp-content\/uploads\/2013\/01\/scones.jpg?resize=600%2C429&amp;ssl=1 600w\" sizes=\"auto, (max-width: 700px) 100vw, 700px\" \/><\/p>\n<p>Suelen ser dulces, pero hay tambi\u00e9n variedades saladas, y su forma es variada: redonda, cuadrada, triangular, incluso hexagonal.<\/p>\n<p>Lo importante es que son f\u00e1ciles, r\u00e1pidos y buen\u00edsimos.<\/p>\n<p><img data-recalc-dims=\"1\" loading=\"lazy\" decoding=\"async\" data-attachment-id=\"5291\" data-permalink=\"https:\/\/le-fort.org\/cocina\/scones\/scones-con-mantequilla\/\" data-orig-file=\"https:\/\/i0.wp.com\/le-fort.org\/cocina\/wp-content\/uploads\/2013\/01\/scones-con-mantequilla.jpg?fit=700%2C500&amp;ssl=1\" data-orig-size=\"700,500\" data-comments-opened=\"0\" data-image-meta=\"{&quot;aperture&quot;:&quot;0&quot;,&quot;credit&quot;:&quot;&quot;,&quot;camera&quot;:&quot;&quot;,&quot;caption&quot;:&quot;&quot;,&quot;created_timestamp&quot;:&quot;0&quot;,&quot;copyright&quot;:&quot;&quot;,&quot;focal_length&quot;:&quot;0&quot;,&quot;iso&quot;:&quot;0&quot;,&quot;shutter_speed&quot;:&quot;0&quot;,&quot;title&quot;:&quot;&quot;,&quot;orientation&quot;:&quot;0&quot;}\" data-image-title=\"scones-con-mantequilla\" data-image-description=\"\" data-image-caption=\"\" data-large-file=\"https:\/\/i0.wp.com\/le-fort.org\/cocina\/wp-content\/uploads\/2013\/01\/scones-con-mantequilla.jpg?fit=700%2C500&amp;ssl=1\" class=\"aligncenter size-full wp-image-5291\" src=\"https:\/\/i0.wp.com\/www.le-fort.org\/wp-content\/uploads\/2013\/01\/scones-con-mantequilla.jpg?resize=700%2C500&#038;ssl=1\" alt=\"scones-con-mantequilla\" width=\"700\" height=\"500\" srcset=\"https:\/\/i0.wp.com\/le-fort.org\/cocina\/wp-content\/uploads\/2013\/01\/scones-con-mantequilla.jpg?w=700&amp;ssl=1 700w, https:\/\/i0.wp.com\/le-fort.org\/cocina\/wp-content\/uploads\/2013\/01\/scones-con-mantequilla.jpg?resize=600%2C429&amp;ssl=1 600w\" sizes=\"auto, (max-width: 700px) 100vw, 700px\" \/><\/p>\n<p>Estos pancitos\u00a0son parte del servicio cl\u00e1sico de t\u00e9 ingl\u00e9s. Usualmente se utilizan scones m\u00e1s bien peque\u00f1os y se sirven con <em>clotted cream<\/em> y mermelada, usualmente de frutilla.<\/p>\n<p>Se preparan de la siguiente manera:<\/p>\n<h2>Ingredientes<\/h2>\n<ul>\n<li><span style=\"line-height: 14px;\">2 tazas de harina (320g)<\/span><\/li>\n<li>1\/4 taza de az\u00facar (60g)<\/li>\n<li>1 cucharadita de polvos de hornear (5g)<\/li>\n<li>1\/3 taza de mantequilla con sal (80g)<\/li>\n<li>3\/4 taza de leche tibia, cortada con un poco de jugo de lim\u00f3n<\/li>\n<\/ul>\n<h2>Procedimiento<\/h2>\n<ol>\n<li>Mezclar todos los ingredientes secos.<\/li>\n<li>A\u00f1adir la mantequilla muy fr\u00eda y mezclar hasta que tenga consistencia grumosa.<\/li>\n<li>A\u00f1adir la leche y amasar hasta que se homogenice.<strong> Es importante no sobreamasar<\/strong>.<\/li>\n<li>Estirar con un rodillo a 1,5cm de espesor, y doblar sobre s\u00ed misma dos veces<\/li>\n<li>Cortad con un cortapastas de 5cm de di\u00e1metro pasado por harina<\/li>\n<li>Opcionalmente pincelar con huevo<\/li>\n<li>Dejar enfriar al menos 5 minutos y comer, idealmente con mantequilla y mermelada, o lo que dicte el entendimiento.<\/li>\n<\/ol>\n<p><img data-recalc-dims=\"1\" loading=\"lazy\" decoding=\"async\" data-attachment-id=\"5292\" data-permalink=\"https:\/\/le-fort.org\/cocina\/scones\/scones-grandes\/\" data-orig-file=\"https:\/\/i0.wp.com\/le-fort.org\/cocina\/wp-content\/uploads\/2013\/01\/scones-grandes.jpg?fit=700%2C500&amp;ssl=1\" data-orig-size=\"700,500\" data-comments-opened=\"0\" data-image-meta=\"{&quot;aperture&quot;:&quot;0&quot;,&quot;credit&quot;:&quot;&quot;,&quot;camera&quot;:&quot;&quot;,&quot;caption&quot;:&quot;&quot;,&quot;created_timestamp&quot;:&quot;0&quot;,&quot;copyright&quot;:&quot;&quot;,&quot;focal_length&quot;:&quot;0&quot;,&quot;iso&quot;:&quot;0&quot;,&quot;shutter_speed&quot;:&quot;0&quot;,&quot;title&quot;:&quot;&quot;,&quot;orientation&quot;:&quot;0&quot;}\" data-image-title=\"scones-grandes\" data-image-description=\"\" data-image-caption=\"\" data-large-file=\"https:\/\/i0.wp.com\/le-fort.org\/cocina\/wp-content\/uploads\/2013\/01\/scones-grandes.jpg?fit=700%2C500&amp;ssl=1\" class=\"aligncenter size-full wp-image-5292\" src=\"https:\/\/i0.wp.com\/www.le-fort.org\/wp-content\/uploads\/2013\/01\/scones-grandes.jpg?resize=700%2C500&#038;ssl=1\" alt=\"scones-grandes\" width=\"700\" height=\"500\" srcset=\"https:\/\/i0.wp.com\/le-fort.org\/cocina\/wp-content\/uploads\/2013\/01\/scones-grandes.jpg?w=700&amp;ssl=1 700w, https:\/\/i0.wp.com\/le-fort.org\/cocina\/wp-content\/uploads\/2013\/01\/scones-grandes.jpg?resize=600%2C429&amp;ssl=1 600w\" sizes=\"auto, (max-width: 700px) 100vw, 700px\" \/>Por supuesto, como en la imagen de arriba,\u00a0 podemos hacer los scones del tama\u00f1o que deseemos, pero como ya coment\u00e1bamos arriba, si los vamos a servir como parte de un <em>5 o&#8217;clock tea<\/em>, es recomendable que sean m\u00e1s bien peque\u00f1os y que les demos forma con un cortapastas, para una mejor presentaci\u00f3n.<\/p>\n<figure id=\"attachment_8858\" aria-describedby=\"caption-attachment-8858\" style=\"width: 1000px\" class=\"wp-caption aligncenter\"><img data-recalc-dims=\"1\" loading=\"lazy\" decoding=\"async\" data-attachment-id=\"8858\" data-permalink=\"https:\/\/le-fort.org\/cocina\/scones\/scones-naranja\/\" data-orig-file=\"https:\/\/i0.wp.com\/le-fort.org\/cocina\/wp-content\/uploads\/2013\/01\/scones-naranja.jpg?fit=1280%2C720&amp;ssl=1\" data-orig-size=\"1280,720\" data-comments-opened=\"0\" data-image-meta=\"{&quot;aperture&quot;:&quot;0&quot;,&quot;credit&quot;:&quot;&quot;,&quot;camera&quot;:&quot;&quot;,&quot;caption&quot;:&quot;&quot;,&quot;created_timestamp&quot;:&quot;0&quot;,&quot;copyright&quot;:&quot;&quot;,&quot;focal_length&quot;:&quot;0&quot;,&quot;iso&quot;:&quot;0&quot;,&quot;shutter_speed&quot;:&quot;0&quot;,&quot;title&quot;:&quot;&quot;,&quot;orientation&quot;:&quot;0&quot;}\" data-image-title=\"scones-naranja\" data-image-description=\"\" data-image-caption=\"&lt;p&gt;Scones con mantequilla y mermelada de naranja&lt;\/p&gt;\n\" data-large-file=\"https:\/\/i0.wp.com\/le-fort.org\/cocina\/wp-content\/uploads\/2013\/01\/scones-naranja.jpg?fit=1200%2C675&amp;ssl=1\" class=\"size-large wp-image-8858\" src=\"https:\/\/i0.wp.com\/loquecomemos.com\/wp-content\/uploads\/2013\/01\/scones-naranja-1280x720.jpg?resize=1000%2C563\" alt=\"Scones con mantequilla y mermelada de naranja\" width=\"1000\" height=\"563\" srcset=\"https:\/\/i0.wp.com\/le-fort.org\/cocina\/wp-content\/uploads\/2013\/01\/scones-naranja.jpg?w=1280&amp;ssl=1 1280w, https:\/\/i0.wp.com\/le-fort.org\/cocina\/wp-content\/uploads\/2013\/01\/scones-naranja.jpg?resize=600%2C338&amp;ssl=1 600w\" sizes=\"auto, (max-width: 1000px) 100vw, 1000px\" \/><figcaption id=\"caption-attachment-8858\" class=\"wp-caption-text\">Scones con mantequilla y mermelada de naranja<\/figcaption><\/figure>\n<p>\u00bfCu\u00e1l es tu forma preferida de comer scones?<\/p>\n<p>[wp_ad_camp_4]<\/p>\n","protected":false},"excerpt":{"rendered":"<p>Receta de scones. Los scones son unos panecillos escoceses \u2013 y luego brit\u00e1nicos r\u00e1pidos y ricos. Aqu\u00ed est\u00e1 la receta de los scones, con harina, mantequilla, az\u00facar y polvos de hornear, y forma y tama\u00f1o seg\u00fan sea nuestra preferencia<\/p>\n","protected":false},"author":1,"featured_media":8857,"comment_status":"open","ping_status":"closed","sticky":false,"template":"","format":"standard","meta":{"_jetpack_newsletter_access":"","_jetpack_dont_email_post_to_subs":true,"_jetpack_newsletter_tier_id":0,"_jetpack_memberships_contains_paywalled_content":false,"_jetpack_memberships_contains_paid_content":false,"footnotes":""},"categories":[665],"tags":[671,51],"class_list":["post-2581","post","type-post","status-publish","format-standard","has-post-thumbnail","hentry","category-panes","tag-hora-del-te","tag-pan","entry","has-media"],"jetpack_featured_media_url":"https:\/\/i0.wp.com\/le-fort.org\/cocina\/wp-content\/uploads\/2013\/01\/scones-hd-2.jpg?fit=1500%2C500&ssl=1","jetpack_shortlink":"https:\/\/wp.me\/sghKer-scones","jetpack_sharing_enabled":true,"jetpack-related-posts":[{"id":761,"url":"https:\/\/le-fort.org\/cocina\/receta-de-pan-rapido\/","url_meta":{"origin":2581,"position":0},"title":"Pan R\u00e1pido","author":"Le-Fort.org","date":"11 de Agosto, 2011","format":false,"excerpt":"Una receta de pan r\u00e1pido, con polvos de hornear en vez de levadura, por lo que no hay que esperar que nada suba. Se amasa, al horno, y \u00a1a comer!","rel":"","context":"En &quot;Comida&quot;","block_context":{"text":"Comida","link":"https:\/\/le-fort.org\/cocina\/categoria\/cocina-comida\/"},"img":{"alt_text":"","src":"https:\/\/i0.wp.com\/www.duarte.cl\/wp-content\/uploads\/2011\/08\/pan_antes-1024x768.jpg?resize=350%2C200","width":350,"height":200,"srcset":"https:\/\/i0.wp.com\/www.duarte.cl\/wp-content\/uploads\/2011\/08\/pan_antes-1024x768.jpg?resize=350%2C200 1x, https:\/\/i0.wp.com\/www.duarte.cl\/wp-content\/uploads\/2011\/08\/pan_antes-1024x768.jpg?resize=525%2C300 1.5x"},"classes":[]},{"id":1971,"url":"https:\/\/le-fort.org\/cocina\/receta-de-pan-pita\/","url_meta":{"origin":2581,"position":1},"title":"Receta de Pan Pita","author":"Le-Fort.org","date":"13 de Mayo, 2012","format":false,"excerpt":"Receta de pan pita, usual en la cocina levantina.","rel":"","context":"En &quot;Comida&quot;","block_context":{"text":"Comida","link":"https:\/\/le-fort.org\/cocina\/categoria\/cocina-comida\/"},"img":{"alt_text":"2012-05-13_20-33-23_832","src":"https:\/\/i0.wp.com\/www.le-fort.org\/wp-content\/uploads\/2012\/05\/2012-05-13_20-33-23_832.jpg?resize=350%2C200&ssl=1","width":350,"height":200,"srcset":"https:\/\/i0.wp.com\/www.le-fort.org\/wp-content\/uploads\/2012\/05\/2012-05-13_20-33-23_832.jpg?resize=350%2C200&ssl=1 1x, https:\/\/i0.wp.com\/www.le-fort.org\/wp-content\/uploads\/2012\/05\/2012-05-13_20-33-23_832.jpg?resize=525%2C300&ssl=1 1.5x, https:\/\/i0.wp.com\/www.le-fort.org\/wp-content\/uploads\/2012\/05\/2012-05-13_20-33-23_832.jpg?resize=700%2C400&ssl=1 2x, https:\/\/i0.wp.com\/www.le-fort.org\/wp-content\/uploads\/2012\/05\/2012-05-13_20-33-23_832.jpg?resize=1050%2C600&ssl=1 3x"},"classes":[]},{"id":7072,"url":"https:\/\/le-fort.org\/cocina\/pan-de-pascua-ii\/","url_meta":{"origin":2581,"position":2},"title":"Pan de Pascua &#8211; Receta Familiar","author":"Le-Fort.org","date":"15 de Diciembre, 2015","format":false,"excerpt":"Esta es nuestra receta familiar de pan de pascua.","rel":"","context":"En &quot;Recetas&quot;","block_context":{"text":"Recetas","link":"https:\/\/le-fort.org\/cocina\/categoria\/recetas\/"},"img":{"alt_text":"","src":"https:\/\/i0.wp.com\/le-fort.org\/cocina\/wp-content\/uploads\/2015\/12\/pan-de-pascua-hd.jpg?fit=1200%2C400&ssl=1&resize=350%2C200","width":350,"height":200,"srcset":"https:\/\/i0.wp.com\/le-fort.org\/cocina\/wp-content\/uploads\/2015\/12\/pan-de-pascua-hd.jpg?fit=1200%2C400&ssl=1&resize=350%2C200 1x, https:\/\/i0.wp.com\/le-fort.org\/cocina\/wp-content\/uploads\/2015\/12\/pan-de-pascua-hd.jpg?fit=1200%2C400&ssl=1&resize=525%2C300 1.5x, https:\/\/i0.wp.com\/le-fort.org\/cocina\/wp-content\/uploads\/2015\/12\/pan-de-pascua-hd.jpg?fit=1200%2C400&ssl=1&resize=700%2C400 2x, https:\/\/i0.wp.com\/le-fort.org\/cocina\/wp-content\/uploads\/2015\/12\/pan-de-pascua-hd.jpg?fit=1200%2C400&ssl=1&resize=1050%2C600 3x"},"classes":[]},{"id":3179,"url":"https:\/\/le-fort.org\/cocina\/pan-negro-tipo-pumpernickel\/","url_meta":{"origin":2581,"position":3},"title":"Pan Negro tipo Pumpernickel","author":"Le-Fort.org","date":"18 de Febrero, 2013","format":false,"excerpt":"Receta de pan Negro tipo Pumpernickel. Un pan integral oscuro, dulce y denso, ideal para quesos, salm\u00f3n y otros s\u00e1nguches.","rel":"","context":"En &quot;Panes&quot;","block_context":{"text":"Panes","link":"https:\/\/le-fort.org\/cocina\/categoria\/panes\/"},"img":{"alt_text":"","src":"https:\/\/i0.wp.com\/le-fort.org\/cocina\/wp-content\/uploads\/2013\/02\/pumpernickel-hd.jpg?fit=1200%2C400&ssl=1&resize=350%2C200","width":350,"height":200,"srcset":"https:\/\/i0.wp.com\/le-fort.org\/cocina\/wp-content\/uploads\/2013\/02\/pumpernickel-hd.jpg?fit=1200%2C400&ssl=1&resize=350%2C200 1x, https:\/\/i0.wp.com\/le-fort.org\/cocina\/wp-content\/uploads\/2013\/02\/pumpernickel-hd.jpg?fit=1200%2C400&ssl=1&resize=525%2C300 1.5x, https:\/\/i0.wp.com\/le-fort.org\/cocina\/wp-content\/uploads\/2013\/02\/pumpernickel-hd.jpg?fit=1200%2C400&ssl=1&resize=700%2C400 2x, https:\/\/i0.wp.com\/le-fort.org\/cocina\/wp-content\/uploads\/2013\/02\/pumpernickel-hd.jpg?fit=1200%2C400&ssl=1&resize=1050%2C600 3x"},"classes":[]},{"id":14810,"url":"https:\/\/le-fort.org\/cocina\/pan-de-guineo\/","url_meta":{"origin":2581,"position":4},"title":"Pan de Guineo","author":"Le-Fort.org","date":"29 de Febrero, 2020","format":false,"excerpt":"El 23 de febrero se conmemora el \"d\u00eda del pan de guineo\" en los EE.UU. Justo estamos revisando el curriculum de pasteler\u00eda del Culinary Institute of America, y su receta de pan de guineo se ve s\u00faper interesante. La preparamos para conmemorar la fecha. Nos encant\u00f3. Ingredientes del pan de\u2026","rel":"","context":"En &quot;Recetas&quot;","block_context":{"text":"Recetas","link":"https:\/\/le-fort.org\/cocina\/categoria\/recetas\/"},"img":{"alt_text":"","src":"https:\/\/i0.wp.com\/le-fort.org\/cocina\/wp-content\/uploads\/2020\/02\/guineo-hd.jpg?fit=1200%2C400&ssl=1&resize=350%2C200","width":350,"height":200,"srcset":"https:\/\/i0.wp.com\/le-fort.org\/cocina\/wp-content\/uploads\/2020\/02\/guineo-hd.jpg?fit=1200%2C400&ssl=1&resize=350%2C200 1x, https:\/\/i0.wp.com\/le-fort.org\/cocina\/wp-content\/uploads\/2020\/02\/guineo-hd.jpg?fit=1200%2C400&ssl=1&resize=525%2C300 1.5x, https:\/\/i0.wp.com\/le-fort.org\/cocina\/wp-content\/uploads\/2020\/02\/guineo-hd.jpg?fit=1200%2C400&ssl=1&resize=700%2C400 2x, https:\/\/i0.wp.com\/le-fort.org\/cocina\/wp-content\/uploads\/2020\/02\/guineo-hd.jpg?fit=1200%2C400&ssl=1&resize=1050%2C600 3x"},"classes":[]},{"id":1749,"url":"https:\/\/le-fort.org\/cocina\/haz-pan-de-sanguche-en-tu-casa\/","url_meta":{"origin":2581,"position":5},"title":"Haz Pan de S\u00e1nguche en tu Casa","author":"Maestro Sanguchero","date":"13 de Mayo, 2015","format":false,"excerpt":"Receta de pan de hamburguesa, lomito, churrasco y otros s\u00e1nguches, basado en una receta mexicana. Queda incre\u00edble.","rel":"","context":"En &quot;Hecho en casa&quot;","block_context":{"text":"Hecho en casa","link":"https:\/\/le-fort.org\/cocina\/categoria\/hecho-en-casa\/"},"img":{"alt_text":"","src":"https:\/\/i0.wp.com\/le-fort.org\/cocina\/wp-content\/uploads\/2015\/05\/cemitas-hd.jpg?fit=1200%2C400&ssl=1&resize=350%2C200","width":350,"height":200,"srcset":"https:\/\/i0.wp.com\/le-fort.org\/cocina\/wp-content\/uploads\/2015\/05\/cemitas-hd.jpg?fit=1200%2C400&ssl=1&resize=350%2C200 1x, https:\/\/i0.wp.com\/le-fort.org\/cocina\/wp-content\/uploads\/2015\/05\/cemitas-hd.jpg?fit=1200%2C400&ssl=1&resize=525%2C300 1.5x, https:\/\/i0.wp.com\/le-fort.org\/cocina\/wp-content\/uploads\/2015\/05\/cemitas-hd.jpg?fit=1200%2C400&ssl=1&resize=700%2C400 2x, https:\/\/i0.wp.com\/le-fort.org\/cocina\/wp-content\/uploads\/2015\/05\/cemitas-hd.jpg?fit=1200%2C400&ssl=1&resize=1050%2C600 3x"},"classes":[]}],"_links":{"self":[{"href":"https:\/\/le-fort.org\/cocina\/wp-json\/wp\/v2\/posts\/2581","targetHints":{"allow":["GET"]}}],"collection":[{"href":"https:\/\/le-fort.org\/cocina\/wp-json\/wp\/v2\/posts"}],"about":[{"href":"https:\/\/le-fort.org\/cocina\/wp-json\/wp\/v2\/types\/post"}],"author":[{"embeddable":true,"href":"https:\/\/le-fort.org\/cocina\/wp-json\/wp\/v2\/users\/1"}],"replies":[{"embeddable":true,"href":"https:\/\/le-fort.org\/cocina\/wp-json\/wp\/v2\/comments?post=2581"}],"version-history":[{"count":2,"href":"https:\/\/le-fort.org\/cocina\/wp-json\/wp\/v2\/posts\/2581\/revisions"}],"predecessor-version":[{"id":14925,"href":"https:\/\/le-fort.org\/cocina\/wp-json\/wp\/v2\/posts\/2581\/revisions\/14925"}],"wp:featuredmedia":[{"embeddable":true,"href":"https:\/\/le-fort.org\/cocina\/wp-json\/wp\/v2\/media\/8857"}],"wp:attachment":[{"href":"https:\/\/le-fort.org\/cocina\/wp-json\/wp\/v2\/media?parent=2581"}],"wp:term":[{"taxonomy":"category","embeddable":true,"href":"https:\/\/le-fort.org\/cocina\/wp-json\/wp\/v2\/categories?post=2581"},{"taxonomy":"post_tag","embeddable":true,"href":"https:\/\/le-fort.org\/cocina\/wp-json\/wp\/v2\/tags?post=2581"}],"curies":[{"name":"wp","href":"https:\/\/api.w.org\/{rel}","templated":true}]}}