{"id":2757,"date":"2013-01-15T14:18:41","date_gmt":"2013-01-15T17:18:41","guid":{"rendered":"http:\/\/www.duarte.cl\/?p=2757"},"modified":"2016-02-28T23:18:54","modified_gmt":"2016-02-29T04:18:54","slug":"pie-de-butterscotch-y-ganache-y-nueces-tostadas","status":"publish","type":"post","link":"https:\/\/le-fort.org\/cocina\/pie-de-butterscotch-y-ganache-y-nueces-tostadas\/","title":{"rendered":"Pie de Butterscotch y Ganache\u2026 y Nueces Tostadas"},"content":{"rendered":"<p><img data-recalc-dims=\"1\" loading=\"lazy\" decoding=\"async\" data-attachment-id=\"4785\" data-permalink=\"https:\/\/le-fort.org\/cocina\/pie-de-butterscotch-y-ganache-y-nueces-tostadas\/tajada-2\/\" data-orig-file=\"https:\/\/i0.wp.com\/le-fort.org\/cocina\/wp-content\/uploads\/2013\/01\/tajada.jpg?fit=700%2C490&amp;ssl=1\" data-orig-size=\"700,490\" data-comments-opened=\"0\" data-image-meta=\"{&quot;aperture&quot;:&quot;0&quot;,&quot;credit&quot;:&quot;&quot;,&quot;camera&quot;:&quot;&quot;,&quot;caption&quot;:&quot;&quot;,&quot;created_timestamp&quot;:&quot;0&quot;,&quot;copyright&quot;:&quot;&quot;,&quot;focal_length&quot;:&quot;0&quot;,&quot;iso&quot;:&quot;0&quot;,&quot;shutter_speed&quot;:&quot;0&quot;,&quot;title&quot;:&quot;&quot;,&quot;orientation&quot;:&quot;0&quot;}\" data-image-title=\"tajada\" data-image-description=\"\" data-image-caption=\"\" data-large-file=\"https:\/\/i0.wp.com\/le-fort.org\/cocina\/wp-content\/uploads\/2013\/01\/tajada.jpg?fit=700%2C490&amp;ssl=1\" class=\"alignright size-thumbnail wp-image-4785\" src=\"https:\/\/i0.wp.com\/www.le-fort.org\/wp-content\/uploads\/2013\/01\/tajada-150x150.jpg?resize=150%2C150&#038;ssl=1\" alt=\"tajada\" width=\"150\" height=\"150\" srcset=\"https:\/\/i0.wp.com\/le-fort.org\/cocina\/wp-content\/uploads\/2013\/01\/tajada.jpg?resize=150%2C150&amp;ssl=1 150w, https:\/\/i0.wp.com\/le-fort.org\/cocina\/wp-content\/uploads\/2013\/01\/tajada.jpg?zoom=2&amp;resize=150%2C150&amp;ssl=1 300w, https:\/\/i0.wp.com\/le-fort.org\/cocina\/wp-content\/uploads\/2013\/01\/tajada.jpg?zoom=3&amp;resize=150%2C150&amp;ssl=1 450w\" sizes=\"auto, (max-width: 150px) 100vw, 150px\" \/>Recordar\u00e1s que alguna vez hicimos un<a href=\"https:\/\/le-fort.org\/receta-pie-de-butterscotch-y-ganache\/\"> pie de <em>butterscotch<\/em> y <em>ganache<\/em><\/a>.<\/p>\n<p>Fue una muy buena cosa. Aqu\u00ed vamos con la segunda iteraci\u00f3n.<!--more--><\/p>\n<p>Hicimos dos grandes cambios.<\/p>\n<ol>\n<li><span style=\"line-height: 14px;\">Mentimos con el <em>Butterscotch<\/em>. Derretimos calugas con un poco de leche en el microondas. Qued\u00f3 bastante bien.<\/span><\/li>\n<li>Tostamos nueces y las pusimos entre el <em>Butterscotch<\/em> y el <em>Ganache<\/em>.<\/li>\n<\/ol>\n<p>Qued\u00f3 excelente.<\/p>\n<p><img data-recalc-dims=\"1\" loading=\"lazy\" decoding=\"async\" class=\"alignnone\" src=\"https:\/\/i0.wp.com\/www.le-fort.org\/wp-content\/uploads\/2013\/01\/pie-ganache-butterscotch.jpg?resize=700%2C490&#038;ssl=1\" alt=\"pie de butterscotch y ganache con nueces tostadas\" width=\"700\" height=\"490\" \/><\/p>\n<p>Nos encant\u00f3.<\/p>\n<p>Para la pr\u00f3xima iteraci\u00f3n queremos usar m\u00e1s nueces, y probar poner las calugas al horno directamente junto con la masa a ver qu\u00e9 pasa.<\/p>\n<p><img data-recalc-dims=\"1\" loading=\"lazy\" decoding=\"async\" data-attachment-id=\"4785\" data-permalink=\"https:\/\/le-fort.org\/cocina\/pie-de-butterscotch-y-ganache-y-nueces-tostadas\/tajada-2\/\" data-orig-file=\"https:\/\/i0.wp.com\/le-fort.org\/cocina\/wp-content\/uploads\/2013\/01\/tajada.jpg?fit=700%2C490&amp;ssl=1\" data-orig-size=\"700,490\" data-comments-opened=\"0\" data-image-meta=\"{&quot;aperture&quot;:&quot;0&quot;,&quot;credit&quot;:&quot;&quot;,&quot;camera&quot;:&quot;&quot;,&quot;caption&quot;:&quot;&quot;,&quot;created_timestamp&quot;:&quot;0&quot;,&quot;copyright&quot;:&quot;&quot;,&quot;focal_length&quot;:&quot;0&quot;,&quot;iso&quot;:&quot;0&quot;,&quot;shutter_speed&quot;:&quot;0&quot;,&quot;title&quot;:&quot;&quot;,&quot;orientation&quot;:&quot;0&quot;}\" data-image-title=\"tajada\" data-image-description=\"\" data-image-caption=\"\" data-large-file=\"https:\/\/i0.wp.com\/le-fort.org\/cocina\/wp-content\/uploads\/2013\/01\/tajada.jpg?fit=700%2C490&amp;ssl=1\" class=\"aligncenter wp-image-4785 size-full\" src=\"https:\/\/i0.wp.com\/www.le-fort.org\/wp-content\/uploads\/2013\/01\/tajada.jpg?resize=700%2C490&#038;ssl=1\" alt=\"tajada de pie de butterscotch y ganache con nueces tostadas\" width=\"700\" height=\"490\" srcset=\"https:\/\/i0.wp.com\/le-fort.org\/cocina\/wp-content\/uploads\/2013\/01\/tajada.jpg?w=700&amp;ssl=1 700w, https:\/\/i0.wp.com\/le-fort.org\/cocina\/wp-content\/uploads\/2013\/01\/tajada.jpg?resize=600%2C420&amp;ssl=1 600w\" sizes=\"auto, (max-width: 700px) 100vw, 700px\" \/><\/p>\n<p>Ya vendr\u00e1 otra iteraci\u00f3n.<\/p>\n<p>Recordemos que el <em>butterscotch<\/em> es una caluga de mantequilla,\u00a0az\u00facar, y leche condensada (menos ahora que es falso); y que el <em>ganache<\/em> es una crema de chocolate y crema de leche.<\/p>\n","protected":false},"excerpt":{"rendered":"<p>Segunda vuelta del pie de Butterscotch y Ganache, esta vez con nueces tostadas<\/p>\n","protected":false},"author":1,"featured_media":4783,"comment_status":"open","ping_status":"closed","sticky":false,"template":"","format":"standard","meta":{"_jetpack_newsletter_access":"","_jetpack_dont_email_post_to_subs":false,"_jetpack_newsletter_tier_id":0,"_jetpack_memberships_contains_paywalled_content":false,"_jetpack_memberships_contains_paid_content":false,"footnotes":""},"categories":[25],"tags":[92,358,355,94,24,30],"class_list":["post-2757","post","type-post","status-publish","format-standard","has-post-thumbnail","hentry","category-reposteria","tag-butterscotch","tag-chocolate","tag-cocina-comida","tag-ganache","tag-pie","tag-reposteria","entry","has-media"],"jetpack_featured_media_url":"https:\/\/i0.wp.com\/le-fort.org\/cocina\/wp-content\/uploads\/2013\/01\/header-ganache-butterscotch.jpg?fit=700%2C350&ssl=1","jetpack_shortlink":"https:\/\/wp.me\/pghKer-It","jetpack_sharing_enabled":true,"jetpack-related-posts":[{"id":2271,"url":"https:\/\/le-fort.org\/cocina\/receta-pie-de-butterscotch-y-ganache\/","url_meta":{"origin":2757,"position":0},"title":"Receta: Pie de Butterscotch y Ganache","author":"Le-Fort.org","date":"25 de Noviembre, 2012","format":false,"excerpt":"Receta de pie de Butterscotch y Ganache. Este e sun pie de caramelo y chocolate muy rico.","rel":"","context":"En &quot;Comida&quot;","block_context":{"text":"Comida","link":"https:\/\/le-fort.org\/cocina\/categoria\/cocina-comida\/"},"img":{"alt_text":"","src":"https:\/\/i0.wp.com\/le-fort.org\/cocina\/wp-content\/uploads\/2012\/11\/2012-11-24_16-58-57_770-1000x288.jpg?fit=1000%2C288&ssl=1&resize=350%2C200","width":350,"height":200,"srcset":"https:\/\/i0.wp.com\/le-fort.org\/cocina\/wp-content\/uploads\/2012\/11\/2012-11-24_16-58-57_770-1000x288.jpg?fit=1000%2C288&ssl=1&resize=350%2C200 1x, https:\/\/i0.wp.com\/le-fort.org\/cocina\/wp-content\/uploads\/2012\/11\/2012-11-24_16-58-57_770-1000x288.jpg?fit=1000%2C288&ssl=1&resize=525%2C300 1.5x, https:\/\/i0.wp.com\/le-fort.org\/cocina\/wp-content\/uploads\/2012\/11\/2012-11-24_16-58-57_770-1000x288.jpg?fit=1000%2C288&ssl=1&resize=700%2C400 2x"},"classes":[]},{"id":6026,"url":"https:\/\/le-fort.org\/cocina\/banoffee-pie-de-caramelo-banana-y-crema\/","url_meta":{"origin":2757,"position":1},"title":"Banoffee: Pie de Caramelo, Banana y Crema","author":"Le-Fort.org","date":"1 de Febrero, 2015","format":false,"excerpt":"Receta de Banoffee, un pie de caramelo de leche condensada, banana en rodajas y crema batida muy f\u00e1cil y de r\u00e1pida preparaci\u00f3n.","rel":"","context":"En &quot;Tartas&quot;","block_context":{"text":"Tartas","link":"https:\/\/le-fort.org\/cocina\/categoria\/recetas\/tartas\/"},"img":{"alt_text":"","src":"https:\/\/i0.wp.com\/le-fort.org\/cocina\/wp-content\/uploads\/2015\/02\/banoffee_hd.jpg?fit=1200%2C400&ssl=1&resize=350%2C200","width":350,"height":200,"srcset":"https:\/\/i0.wp.com\/le-fort.org\/cocina\/wp-content\/uploads\/2015\/02\/banoffee_hd.jpg?fit=1200%2C400&ssl=1&resize=350%2C200 1x, https:\/\/i0.wp.com\/le-fort.org\/cocina\/wp-content\/uploads\/2015\/02\/banoffee_hd.jpg?fit=1200%2C400&ssl=1&resize=525%2C300 1.5x, https:\/\/i0.wp.com\/le-fort.org\/cocina\/wp-content\/uploads\/2015\/02\/banoffee_hd.jpg?fit=1200%2C400&ssl=1&resize=700%2C400 2x, https:\/\/i0.wp.com\/le-fort.org\/cocina\/wp-content\/uploads\/2015\/02\/banoffee_hd.jpg?fit=1200%2C400&ssl=1&resize=1050%2C600 3x"},"classes":[]},{"id":4090,"url":"https:\/\/le-fort.org\/cocina\/calugas-de-leche-toffee-butterscotch\/","url_meta":{"origin":2757,"position":2},"title":"Calugas Caseras de Leche, Toffee o Butterscotch","author":"Marell Rojas","date":"8 de Junio, 2013","format":false,"excerpt":"Receta de calugas caseras de leche condensada, tambi\u00e9n conocidas como Toffee o como Butterscotch. Son r\u00e1pidas de hacer y r\u00e1pidas de comer ;)","rel":"","context":"En &quot;Recetas&quot;","block_context":{"text":"Recetas","link":"https:\/\/le-fort.org\/cocina\/categoria\/recetas\/"},"img":{"alt_text":"","src":"https:\/\/i0.wp.com\/le-fort.org\/cocina\/wp-content\/uploads\/2013\/06\/MG_8210.jpg?fit=625%2C225&ssl=1&resize=350%2C200","width":350,"height":200,"srcset":"https:\/\/i0.wp.com\/le-fort.org\/cocina\/wp-content\/uploads\/2013\/06\/MG_8210.jpg?fit=625%2C225&ssl=1&resize=350%2C200 1x, https:\/\/i0.wp.com\/le-fort.org\/cocina\/wp-content\/uploads\/2013\/06\/MG_8210.jpg?fit=625%2C225&ssl=1&resize=525%2C300 1.5x"},"classes":[]},{"id":5329,"url":"https:\/\/le-fort.org\/cocina\/panqueques-con-salsa-butterscotch\/","url_meta":{"origin":2757,"position":3},"title":"Panqueques con salsa Butterscotch","author":"Le-Fort.org","date":"6 de Marzo, 2014","format":false,"excerpt":"Receta de panqueques rellenos con salsa butterscotch: leche, mantequilla y az\u00facar. Quedaron sorprendentemente buenos.","rel":"","context":"En &quot;Recetas&quot;","block_context":{"text":"Recetas","link":"https:\/\/le-fort.org\/cocina\/categoria\/recetas\/"},"img":{"alt_text":"","src":"https:\/\/i0.wp.com\/le-fort.org\/cocina\/wp-content\/uploads\/2014\/03\/panqueques-butterscotch-hd.jpg?fit=1200%2C400&ssl=1&resize=350%2C200","width":350,"height":200,"srcset":"https:\/\/i0.wp.com\/le-fort.org\/cocina\/wp-content\/uploads\/2014\/03\/panqueques-butterscotch-hd.jpg?fit=1200%2C400&ssl=1&resize=350%2C200 1x, https:\/\/i0.wp.com\/le-fort.org\/cocina\/wp-content\/uploads\/2014\/03\/panqueques-butterscotch-hd.jpg?fit=1200%2C400&ssl=1&resize=525%2C300 1.5x, https:\/\/i0.wp.com\/le-fort.org\/cocina\/wp-content\/uploads\/2014\/03\/panqueques-butterscotch-hd.jpg?fit=1200%2C400&ssl=1&resize=700%2C400 2x, https:\/\/i0.wp.com\/le-fort.org\/cocina\/wp-content\/uploads\/2014\/03\/panqueques-butterscotch-hd.jpg?fit=1200%2C400&ssl=1&resize=1050%2C600 3x"},"classes":[]},{"id":8555,"url":"https:\/\/le-fort.org\/cocina\/tortugas-chocolate-nuez\/","url_meta":{"origin":2757,"position":4},"title":"Tortugas de Chocolate y Nuez","author":"Le-Fort.org","date":"4 de Agosto, 2016","format":false,"excerpt":"Receta de tortugas de chocolate, caramelo, nueces y sal gruesa. Maravillosas.","rel":"","context":"En &quot;Reposter\u00eda&quot;","block_context":{"text":"Reposter\u00eda","link":"https:\/\/le-fort.org\/cocina\/categoria\/reposteria\/"},"img":{"alt_text":"","src":"https:\/\/i0.wp.com\/le-fort.org\/cocina\/wp-content\/uploads\/2016\/08\/tortugas-hd.jpg?fit=1200%2C400&ssl=1&resize=350%2C200","width":350,"height":200,"srcset":"https:\/\/i0.wp.com\/le-fort.org\/cocina\/wp-content\/uploads\/2016\/08\/tortugas-hd.jpg?fit=1200%2C400&ssl=1&resize=350%2C200 1x, https:\/\/i0.wp.com\/le-fort.org\/cocina\/wp-content\/uploads\/2016\/08\/tortugas-hd.jpg?fit=1200%2C400&ssl=1&resize=525%2C300 1.5x, https:\/\/i0.wp.com\/le-fort.org\/cocina\/wp-content\/uploads\/2016\/08\/tortugas-hd.jpg?fit=1200%2C400&ssl=1&resize=700%2C400 2x, https:\/\/i0.wp.com\/le-fort.org\/cocina\/wp-content\/uploads\/2016\/08\/tortugas-hd.jpg?fit=1200%2C400&ssl=1&resize=1050%2C600 3x"},"classes":[]},{"id":5312,"url":"https:\/\/le-fort.org\/cocina\/cheesecake-de-limon-con-ganache-de-chocolate-blanco\/","url_meta":{"origin":2757,"position":5},"title":"Cheesecake de Lim\u00f3n con Ganache de Chocolate Blanco","author":"Le-Fort.org","date":"26 de Febrero, 2014","format":false,"excerpt":"Receta de cheesecake de lim\u00f3n cubierto con ganache de chocolate blanco. Es una combinaci\u00f3n exquisita que les recomendamos con mucho entusiasmo.","rel":"","context":"En &quot;Recetas&quot;","block_context":{"text":"Recetas","link":"https:\/\/le-fort.org\/cocina\/categoria\/recetas\/"},"img":{"alt_text":"","src":"https:\/\/i0.wp.com\/le-fort.org\/cocina\/wp-content\/uploads\/2014\/02\/cheesecake-hd.jpg?fit=1200%2C400&ssl=1&resize=350%2C200","width":350,"height":200,"srcset":"https:\/\/i0.wp.com\/le-fort.org\/cocina\/wp-content\/uploads\/2014\/02\/cheesecake-hd.jpg?fit=1200%2C400&ssl=1&resize=350%2C200 1x, https:\/\/i0.wp.com\/le-fort.org\/cocina\/wp-content\/uploads\/2014\/02\/cheesecake-hd.jpg?fit=1200%2C400&ssl=1&resize=525%2C300 1.5x, https:\/\/i0.wp.com\/le-fort.org\/cocina\/wp-content\/uploads\/2014\/02\/cheesecake-hd.jpg?fit=1200%2C400&ssl=1&resize=700%2C400 2x, https:\/\/i0.wp.com\/le-fort.org\/cocina\/wp-content\/uploads\/2014\/02\/cheesecake-hd.jpg?fit=1200%2C400&ssl=1&resize=1050%2C600 3x"},"classes":[]}],"_links":{"self":[{"href":"https:\/\/le-fort.org\/cocina\/wp-json\/wp\/v2\/posts\/2757","targetHints":{"allow":["GET"]}}],"collection":[{"href":"https:\/\/le-fort.org\/cocina\/wp-json\/wp\/v2\/posts"}],"about":[{"href":"https:\/\/le-fort.org\/cocina\/wp-json\/wp\/v2\/types\/post"}],"author":[{"embeddable":true,"href":"https:\/\/le-fort.org\/cocina\/wp-json\/wp\/v2\/users\/1"}],"replies":[{"embeddable":true,"href":"https:\/\/le-fort.org\/cocina\/wp-json\/wp\/v2\/comments?post=2757"}],"version-history":[{"count":0,"href":"https:\/\/le-fort.org\/cocina\/wp-json\/wp\/v2\/posts\/2757\/revisions"}],"wp:featuredmedia":[{"embeddable":true,"href":"https:\/\/le-fort.org\/cocina\/wp-json\/wp\/v2\/media\/4783"}],"wp:attachment":[{"href":"https:\/\/le-fort.org\/cocina\/wp-json\/wp\/v2\/media?parent=2757"}],"wp:term":[{"taxonomy":"category","embeddable":true,"href":"https:\/\/le-fort.org\/cocina\/wp-json\/wp\/v2\/categories?post=2757"},{"taxonomy":"post_tag","embeddable":true,"href":"https:\/\/le-fort.org\/cocina\/wp-json\/wp\/v2\/tags?post=2757"}],"curies":[{"name":"wp","href":"https:\/\/api.w.org\/{rel}","templated":true}]}}