{"id":3155,"date":"2013-02-13T15:57:11","date_gmt":"2013-02-13T18:57:11","guid":{"rendered":"http:\/\/www.duarte.cl\/?p=3155"},"modified":"2015-05-06T08:38:40","modified_gmt":"2015-05-06T13:38:40","slug":"queque-vegano-de-chocolate","status":"publish","type":"post","link":"https:\/\/le-fort.org\/cocina\/queque-vegano-de-chocolate\/","title":{"rendered":"Queque Vegano de Chocolate"},"content":{"rendered":"<p>Encontr\u00e9 esta receta de queque de chocolate en <a title=\"queque de chocolate\" href=\"http:\/\/www.simplyrecipes.com\/recipes\/super_easy_super_moist_chocolate_cupcakes\/\">simplyrecipes.com<\/a>. Mientras la hac\u00eda me cay\u00f3 el alcachofazo de que es vegano. S\u00f3lo elementos que provienen de vegetales.\u00a0Es f\u00e1cil y r\u00e1pido. La receta adaptada es esta:<!--more--><\/p>\n<p><img data-recalc-dims=\"1\" loading=\"lazy\" decoding=\"async\" data-attachment-id=\"4110\" data-permalink=\"https:\/\/le-fort.org\/cocina\/queque-vegano-de-chocolate\/p1280107\/\" data-orig-file=\"https:\/\/i0.wp.com\/le-fort.org\/cocina\/wp-content\/uploads\/2013\/02\/P1280107.jpg?fit=640%2C480&amp;ssl=1\" data-orig-size=\"640,480\" data-comments-opened=\"0\" data-image-meta=\"{&quot;aperture&quot;:&quot;2.8&quot;,&quot;credit&quot;:&quot;Picasa&quot;,&quot;camera&quot;:&quot;DMC-FZ100&quot;,&quot;caption&quot;:&quot;&quot;,&quot;created_timestamp&quot;:&quot;1360766657&quot;,&quot;copyright&quot;:&quot;&quot;,&quot;focal_length&quot;:&quot;4.5&quot;,&quot;iso&quot;:&quot;200&quot;,&quot;shutter_speed&quot;:&quot;0.066666666666667&quot;,&quot;title&quot;:&quot;&quot;,&quot;orientation&quot;:&quot;0&quot;}\" data-image-title=\"P1280107\" data-image-description=\"\" data-image-caption=\"\" data-large-file=\"https:\/\/i0.wp.com\/le-fort.org\/cocina\/wp-content\/uploads\/2013\/02\/P1280107.jpg?fit=640%2C480&amp;ssl=1\" class=\"aligncenter size-full wp-image-4110\" alt=\"P1280107\" src=\"https:\/\/i0.wp.com\/www.le-fort.org\/wp-content\/uploads\/2013\/02\/P1280107.jpg?resize=640%2C480&#038;ssl=1\" width=\"640\" height=\"480\" srcset=\"https:\/\/i0.wp.com\/le-fort.org\/cocina\/wp-content\/uploads\/2013\/02\/P1280107.jpg?w=640&amp;ssl=1 640w, https:\/\/i0.wp.com\/le-fort.org\/cocina\/wp-content\/uploads\/2013\/02\/P1280107.jpg?resize=600%2C450&amp;ssl=1 600w\" sizes=\"auto, (max-width: 640px) 100vw, 640px\" \/><\/p>\n<h2>Ingredientes<\/h2>\n<ul>\n<li>1 1\/2 tazas de harina<\/li>\n<li>1\/4 taza de chocolate amargo en polvo<\/li>\n<li>1 taza de az\u00facar<\/li>\n<li>1 cucharadita de polvos de hornear<\/li>\n<li>1\/2 cucharadita de sal<\/li>\n<li>1 taza de caf\u00e9. Lo ideal es que sea caf\u00e9 de verdad, pero si no hay, el caf\u00e9 instant\u00e1neo sirve<\/li>\n<li>1 cucharada de vinagre blanco<\/li>\n<li>2 cucharaditas de esencia de vainilla<\/li>\n<li>6 cucharadas de aceite<\/li>\n<\/ul>\n<h2>Preparaci\u00f3n<\/h2>\n<p>Precalentar el horno a 180\u00ba<\/p>\n<p>Mezclar en dos boles separados los s\u00f3lidos por un lado (harina, cocoa, az\u00facar, polvos de hornear, sal) y los l\u00edquidos por otro (caf\u00e9, vinagre, vainilla aceite). Mezclar bien los s\u00f3lidos, teniendo cuidado con los grumos de la cocoa y batir bien los l\u00edquidos.<\/p>\n<p>Mezclar los s\u00f3lidos con los l\u00edquidos y revolver s\u00f3lo hasta incorporar bien. El batido deber\u00eda quedar levemente grumoso.<\/p>\n<p>Verter en un molde aceitado y hornear por 20 a 30 minutos. Dejar enfriar unos 15 minutos fuera del horno y desmoldar.<\/p>\n<p>Aprovechamos de reciclar un alm\u00edbar de naranja que nos qued\u00f3 de unas naranjitas para mojar el queque.<\/p>\n<p><a href=\"https:\/\/i0.wp.com\/le-fort.org\/wp-content\/uploads\/2013\/02\/P1280098.jpg?ssl=1\"><img data-recalc-dims=\"1\" loading=\"lazy\" decoding=\"async\" data-attachment-id=\"4105\" data-permalink=\"https:\/\/le-fort.org\/cocina\/queque-vegano-de-chocolate\/p1280098\/\" data-orig-file=\"https:\/\/i0.wp.com\/le-fort.org\/cocina\/wp-content\/uploads\/2013\/02\/P1280098.jpg?fit=640%2C480&amp;ssl=1\" data-orig-size=\"640,480\" data-comments-opened=\"0\" data-image-meta=\"{&quot;aperture&quot;:&quot;2.8&quot;,&quot;credit&quot;:&quot;Picasa&quot;,&quot;camera&quot;:&quot;DMC-FZ100&quot;,&quot;caption&quot;:&quot;&quot;,&quot;created_timestamp&quot;:&quot;1360765748&quot;,&quot;copyright&quot;:&quot;&quot;,&quot;focal_length&quot;:&quot;4.5&quot;,&quot;iso&quot;:&quot;200&quot;,&quot;shutter_speed&quot;:&quot;0.066666666666667&quot;,&quot;title&quot;:&quot;&quot;,&quot;orientation&quot;:&quot;0&quot;}\" data-image-title=\"P1280098\" data-image-description=\"\" data-image-caption=\"\" data-large-file=\"https:\/\/i0.wp.com\/le-fort.org\/cocina\/wp-content\/uploads\/2013\/02\/P1280098.jpg?fit=640%2C480&amp;ssl=1\" class=\"aligncenter size-full wp-image-4105\" alt=\"P1280098\" src=\"https:\/\/i0.wp.com\/www.le-fort.org\/wp-content\/uploads\/2013\/02\/P1280098.jpg?resize=640%2C480&#038;ssl=1\" width=\"640\" height=\"480\" srcset=\"https:\/\/i0.wp.com\/le-fort.org\/cocina\/wp-content\/uploads\/2013\/02\/P1280098.jpg?w=640&amp;ssl=1 640w, https:\/\/i0.wp.com\/le-fort.org\/cocina\/wp-content\/uploads\/2013\/02\/P1280098.jpg?resize=600%2C450&amp;ssl=1 600w\" sizes=\"auto, (max-width: 640px) 100vw, 640px\" \/><\/a><\/p>\n<p>Es un queque f\u00e1cil, r\u00e1pido y muy rico. Se recomienda, especialmente a aquellos que evitan los productos animales.<\/p>\n<p><a href=\"https:\/\/i0.wp.com\/le-fort.org\/wp-content\/uploads\/2013\/02\/P1280106.jpg?ssl=1\"><img data-recalc-dims=\"1\" loading=\"lazy\" decoding=\"async\" data-attachment-id=\"4109\" data-permalink=\"https:\/\/le-fort.org\/cocina\/queque-vegano-de-chocolate\/p1280106\/\" data-orig-file=\"https:\/\/i0.wp.com\/le-fort.org\/cocina\/wp-content\/uploads\/2013\/02\/P1280106.jpg?fit=640%2C480&amp;ssl=1\" data-orig-size=\"640,480\" data-comments-opened=\"0\" data-image-meta=\"{&quot;aperture&quot;:&quot;2.8&quot;,&quot;credit&quot;:&quot;Picasa&quot;,&quot;camera&quot;:&quot;DMC-FZ100&quot;,&quot;caption&quot;:&quot;&quot;,&quot;created_timestamp&quot;:&quot;1360765874&quot;,&quot;copyright&quot;:&quot;&quot;,&quot;focal_length&quot;:&quot;4.5&quot;,&quot;iso&quot;:&quot;200&quot;,&quot;shutter_speed&quot;:&quot;0.076923076923077&quot;,&quot;title&quot;:&quot;&quot;,&quot;orientation&quot;:&quot;0&quot;}\" data-image-title=\"P1280106\" data-image-description=\"\" data-image-caption=\"\" data-large-file=\"https:\/\/i0.wp.com\/le-fort.org\/cocina\/wp-content\/uploads\/2013\/02\/P1280106.jpg?fit=640%2C480&amp;ssl=1\" class=\"aligncenter size-full wp-image-4109\" alt=\"P1280106\" src=\"https:\/\/i0.wp.com\/www.le-fort.org\/wp-content\/uploads\/2013\/02\/P1280106.jpg?resize=640%2C480&#038;ssl=1\" width=\"640\" height=\"480\" srcset=\"https:\/\/i0.wp.com\/le-fort.org\/cocina\/wp-content\/uploads\/2013\/02\/P1280106.jpg?w=640&amp;ssl=1 640w, https:\/\/i0.wp.com\/le-fort.org\/cocina\/wp-content\/uploads\/2013\/02\/P1280106.jpg?resize=600%2C450&amp;ssl=1 600w\" sizes=\"auto, (max-width: 640px) 100vw, 640px\" \/><\/a><\/p>\n","protected":false},"excerpt":{"rendered":"<p>Receta de queque r\u00e1pido y vegano de chocolate.<\/p>\n","protected":false},"author":1,"featured_media":4108,"comment_status":"open","ping_status":"closed","sticky":false,"template":"","format":"standard","meta":{"_jetpack_newsletter_access":"","_jetpack_dont_email_post_to_subs":false,"_jetpack_newsletter_tier_id":0,"_jetpack_memberships_contains_paywalled_content":false,"_jetpack_memberships_contains_paid_content":false,"footnotes":""},"categories":[2],"tags":[358,68,351,30,55,56],"class_list":["post-3155","post","type-post","status-publish","format-standard","has-post-thumbnail","hentry","category-recetas","tag-chocolate","tag-queque","tag-recetas","tag-reposteria","tag-vegano","tag-vegetariano","entry","has-media"],"jetpack_featured_media_url":"https:\/\/i0.wp.com\/le-fort.org\/cocina\/wp-content\/uploads\/2013\/02\/P1280105.jpg?fit=960%2C249&ssl=1","jetpack_shortlink":"https:\/\/wp.me\/pghKer-OT","jetpack_sharing_enabled":true,"jetpack-related-posts":[{"id":5403,"url":"https:\/\/le-fort.org\/cocina\/queque-vegano-de-chocolate-y-platano\/","url_meta":{"origin":3155,"position":0},"title":"Queque Vegano de Chocolate y Pl\u00e1tano","author":"Le-Fort.org","date":"16 de Abril, 2014","format":false,"excerpt":"Receta de queque vegano de chocolate con pl\u00e1tano. Lo curioso es que tiene un poco de vinagre, pero queda excelente.","rel":"","context":"En &quot;Recetas&quot;","block_context":{"text":"Recetas","link":"https:\/\/le-fort.org\/cocina\/categoria\/recetas\/"},"img":{"alt_text":"","src":"https:\/\/i0.wp.com\/le-fort.org\/cocina\/wp-content\/uploads\/2014\/04\/queque-vegano-platano-chocolate-hd.jpg?fit=1200%2C400&ssl=1&resize=350%2C200","width":350,"height":200,"srcset":"https:\/\/i0.wp.com\/le-fort.org\/cocina\/wp-content\/uploads\/2014\/04\/queque-vegano-platano-chocolate-hd.jpg?fit=1200%2C400&ssl=1&resize=350%2C200 1x, https:\/\/i0.wp.com\/le-fort.org\/cocina\/wp-content\/uploads\/2014\/04\/queque-vegano-platano-chocolate-hd.jpg?fit=1200%2C400&ssl=1&resize=525%2C300 1.5x, https:\/\/i0.wp.com\/le-fort.org\/cocina\/wp-content\/uploads\/2014\/04\/queque-vegano-platano-chocolate-hd.jpg?fit=1200%2C400&ssl=1&resize=700%2C400 2x, https:\/\/i0.wp.com\/le-fort.org\/cocina\/wp-content\/uploads\/2014\/04\/queque-vegano-platano-chocolate-hd.jpg?fit=1200%2C400&ssl=1&resize=1050%2C600 3x"},"classes":[]},{"id":1529,"url":"https:\/\/le-fort.org\/cocina\/receta-queque-de-platano\/","url_meta":{"origin":3155,"position":1},"title":"Queque de pl\u00e1tano de Diego Mollenhauer: La Receta","author":"Le-Fort.org","date":"13 de Octubre, 2011","format":false,"excerpt":"Receta de un excelente queque de pl\u00e1tano que nos prepar\u00f3 Diego cuando lo fuimos a visitar a \u00e9l y Graciela el 2011 \u2013 tambi\u00e9n le dicen pan de pl\u00e1tano.","rel":"","context":"En &quot;Comida&quot;","block_context":{"text":"Comida","link":"https:\/\/le-fort.org\/cocina\/categoria\/cocina-comida\/"},"img":{"alt_text":"Trozo de queque de pl\u00e1tano y un buen caf\u00e9","src":"https:\/\/i0.wp.com\/www.le-fort.org\/wp-content\/uploads\/2011\/10\/P1230970-520x390.jpg?resize=350%2C200&ssl=1","width":350,"height":200},"classes":[]},{"id":2061,"url":"https:\/\/le-fort.org\/cocina\/receta-de-brownies\/","url_meta":{"origin":3155,"position":2},"title":"Receta de Brownies B\u00e1sica y Chocolatosa","author":"Le-Fort.org","date":"2 de Agosto, 2012","format":false,"excerpt":"Los Brownies \u2013negritos en nuestro idioma\u2013 son un h\u00edbrido entre queque y \u00bfcaluga? de chocolate de origen estadounidense. Aqu\u00ed est\u00e1 la receta de los brownies de chocolate.","rel":"","context":"En &quot;Comida&quot;","block_context":{"text":"Comida","link":"https:\/\/le-fort.org\/cocina\/categoria\/cocina-comida\/"},"img":{"alt_text":"","src":"https:\/\/i0.wp.com\/le-fort.org\/cocina\/wp-content\/uploads\/2012\/08\/brownies-800x288.jpg?fit=800%2C288&ssl=1&resize=350%2C200","width":350,"height":200,"srcset":"https:\/\/i0.wp.com\/le-fort.org\/cocina\/wp-content\/uploads\/2012\/08\/brownies-800x288.jpg?fit=800%2C288&ssl=1&resize=350%2C200 1x, https:\/\/i0.wp.com\/le-fort.org\/cocina\/wp-content\/uploads\/2012\/08\/brownies-800x288.jpg?fit=800%2C288&ssl=1&resize=525%2C300 1.5x, https:\/\/i0.wp.com\/le-fort.org\/cocina\/wp-content\/uploads\/2012\/08\/brownies-800x288.jpg?fit=800%2C288&ssl=1&resize=700%2C400 2x"},"classes":[]},{"id":1815,"url":"https:\/\/le-fort.org\/cocina\/queque-de-platano-y-coco\/","url_meta":{"origin":3155,"position":3},"title":"Queque de Pl\u00e1tano y Coco: Receta","author":"Le-Fort.org","date":"24 de Abril, 2012","format":false,"excerpt":"Receta de un queque volteado experimental de pl\u00e1tano y coco.","rel":"","context":"En &quot;Comida&quot;","block_context":{"text":"Comida","link":"https:\/\/le-fort.org\/cocina\/categoria\/cocina-comida\/"},"img":{"alt_text":"","src":"https:\/\/i0.wp.com\/le-fort.org\/cocina\/wp-content\/uploads\/2012\/04\/platano-queque-hd.jpg?fit=700%2C350&ssl=1&resize=350%2C200","width":350,"height":200,"srcset":"https:\/\/i0.wp.com\/le-fort.org\/cocina\/wp-content\/uploads\/2012\/04\/platano-queque-hd.jpg?fit=700%2C350&ssl=1&resize=350%2C200 1x, https:\/\/i0.wp.com\/le-fort.org\/cocina\/wp-content\/uploads\/2012\/04\/platano-queque-hd.jpg?fit=700%2C350&ssl=1&resize=525%2C300 1.5x, https:\/\/i0.wp.com\/le-fort.org\/cocina\/wp-content\/uploads\/2012\/04\/platano-queque-hd.jpg?fit=700%2C350&ssl=1&resize=700%2C400 2x"},"classes":[]},{"id":5005,"url":"https:\/\/le-fort.org\/cocina\/queque-volteado-de-pina-anana\/","url_meta":{"origin":3155,"position":4},"title":"Queque Volteado de Pi\u00f1a (Anan\u00e1)","author":"Le-Fort.org","date":"9 de Noviembre, 2013","format":false,"excerpt":"Receta del queque volteado de pi\u00f1a (anan\u00e1). F\u00e1cil, r\u00e1pido y delicioso.","rel":"","context":"En &quot;Recetas&quot;","block_context":{"text":"Recetas","link":"https:\/\/le-fort.org\/cocina\/categoria\/recetas\/"},"img":{"alt_text":"","src":"https:\/\/i0.wp.com\/le-fort.org\/cocina\/wp-content\/uploads\/2013\/11\/queque-volteado-pinna-hd.jpg?fit=1200%2C400&ssl=1&resize=350%2C200","width":350,"height":200,"srcset":"https:\/\/i0.wp.com\/le-fort.org\/cocina\/wp-content\/uploads\/2013\/11\/queque-volteado-pinna-hd.jpg?fit=1200%2C400&ssl=1&resize=350%2C200 1x, https:\/\/i0.wp.com\/le-fort.org\/cocina\/wp-content\/uploads\/2013\/11\/queque-volteado-pinna-hd.jpg?fit=1200%2C400&ssl=1&resize=525%2C300 1.5x, https:\/\/i0.wp.com\/le-fort.org\/cocina\/wp-content\/uploads\/2013\/11\/queque-volteado-pinna-hd.jpg?fit=1200%2C400&ssl=1&resize=700%2C400 2x, https:\/\/i0.wp.com\/le-fort.org\/cocina\/wp-content\/uploads\/2013\/11\/queque-volteado-pinna-hd.jpg?fit=1200%2C400&ssl=1&resize=1050%2C600 3x"},"classes":[]},{"id":2077,"url":"https:\/\/le-fort.org\/cocina\/receta-de-queque-de-limon\/","url_meta":{"origin":3155,"position":5},"title":"Receta de Queque de Lim\u00f3n","author":"Le-Fort.org","date":"27 de Agosto, 2012","format":false,"excerpt":"Receta de un queque de lim\u00f3n arom\u00e1tico, \u00e1cido y no demasiado dulce.","rel":"","context":"En &quot;Comida&quot;","block_context":{"text":"Comida","link":"https:\/\/le-fort.org\/cocina\/categoria\/cocina-comida\/"},"img":{"alt_text":"","src":"https:\/\/i0.wp.com\/le-fort.org\/cocina\/wp-content\/uploads\/2012\/08\/queque-de-limon-header.jpg?fit=614%2C225&ssl=1&resize=350%2C200","width":350,"height":200,"srcset":"https:\/\/i0.wp.com\/le-fort.org\/cocina\/wp-content\/uploads\/2012\/08\/queque-de-limon-header.jpg?fit=614%2C225&ssl=1&resize=350%2C200 1x, https:\/\/i0.wp.com\/le-fort.org\/cocina\/wp-content\/uploads\/2012\/08\/queque-de-limon-header.jpg?fit=614%2C225&ssl=1&resize=525%2C300 1.5x"},"classes":[]}],"_links":{"self":[{"href":"https:\/\/le-fort.org\/cocina\/wp-json\/wp\/v2\/posts\/3155","targetHints":{"allow":["GET"]}}],"collection":[{"href":"https:\/\/le-fort.org\/cocina\/wp-json\/wp\/v2\/posts"}],"about":[{"href":"https:\/\/le-fort.org\/cocina\/wp-json\/wp\/v2\/types\/post"}],"author":[{"embeddable":true,"href":"https:\/\/le-fort.org\/cocina\/wp-json\/wp\/v2\/users\/1"}],"replies":[{"embeddable":true,"href":"https:\/\/le-fort.org\/cocina\/wp-json\/wp\/v2\/comments?post=3155"}],"version-history":[{"count":0,"href":"https:\/\/le-fort.org\/cocina\/wp-json\/wp\/v2\/posts\/3155\/revisions"}],"wp:featuredmedia":[{"embeddable":true,"href":"https:\/\/le-fort.org\/cocina\/wp-json\/wp\/v2\/media\/4108"}],"wp:attachment":[{"href":"https:\/\/le-fort.org\/cocina\/wp-json\/wp\/v2\/media?parent=3155"}],"wp:term":[{"taxonomy":"category","embeddable":true,"href":"https:\/\/le-fort.org\/cocina\/wp-json\/wp\/v2\/categories?post=3155"},{"taxonomy":"post_tag","embeddable":true,"href":"https:\/\/le-fort.org\/cocina\/wp-json\/wp\/v2\/tags?post=3155"}],"curies":[{"name":"wp","href":"https:\/\/api.w.org\/{rel}","templated":true}]}}