{"id":3165,"date":"2013-02-14T16:03:55","date_gmt":"2013-02-14T19:03:55","guid":{"rendered":"http:\/\/www.duarte.cl\/?p=3165"},"modified":"2016-01-19T12:24:42","modified_gmt":"2016-01-19T17:24:42","slug":"chifles-chips-de-platano-frito","status":"publish","type":"post","link":"https:\/\/le-fort.org\/cocina\/chifles-chips-de-platano-frito\/","title":{"rendered":"Chifles: Chips de Pl\u00e1tano Frito"},"content":{"rendered":"<p>Amamos el pl\u00e1tano frito.<\/p>\n<p>Es un amor que comenz\u00f3 en Ghana el a\u00f1o 2000 y que se ha mantenido, y que ha florecido aqu\u00ed en Ecuador.<\/p>\n<p><img data-recalc-dims=\"1\" loading=\"lazy\" decoding=\"async\" data-attachment-id=\"5980\" data-permalink=\"https:\/\/le-fort.org\/cocina\/ceviche-de-camarones-ecuatoriano\/chifles\/\" data-orig-file=\"https:\/\/i0.wp.com\/le-fort.org\/cocina\/wp-content\/uploads\/2015\/01\/chifles.jpg?fit=960%2C600&amp;ssl=1\" data-orig-size=\"960,600\" data-comments-opened=\"0\" data-image-meta=\"{&quot;aperture&quot;:&quot;0&quot;,&quot;credit&quot;:&quot;&quot;,&quot;camera&quot;:&quot;&quot;,&quot;caption&quot;:&quot;&quot;,&quot;created_timestamp&quot;:&quot;0&quot;,&quot;copyright&quot;:&quot;&quot;,&quot;focal_length&quot;:&quot;0&quot;,&quot;iso&quot;:&quot;0&quot;,&quot;shutter_speed&quot;:&quot;0&quot;,&quot;title&quot;:&quot;&quot;,&quot;orientation&quot;:&quot;0&quot;}\" data-image-title=\"chifles\" data-image-description=\"\" data-image-caption=\"&lt;p&gt;Chifles&lt;\/p&gt;\n\" data-large-file=\"https:\/\/i0.wp.com\/le-fort.org\/cocina\/wp-content\/uploads\/2015\/01\/chifles.jpg?fit=960%2C600&amp;ssl=1\" class=\"aligncenter size-medium wp-image-5980\" src=\"https:\/\/i0.wp.com\/www.le-fort.org\/wp-content\/uploads\/2015\/01\/chifles-600x375.jpg?resize=600%2C375&#038;ssl=1\" alt=\"chifles\" width=\"600\" height=\"375\" srcset=\"https:\/\/i0.wp.com\/le-fort.org\/cocina\/wp-content\/uploads\/2015\/01\/chifles.jpg?resize=600%2C375&amp;ssl=1 600w, https:\/\/i0.wp.com\/le-fort.org\/cocina\/wp-content\/uploads\/2015\/01\/chifles.jpg?w=960&amp;ssl=1 960w\" sizes=\"auto, (max-width: 600px) 100vw, 600px\" \/><\/p>\n<p>Los Chifles son una de nuestras versiones favoritas, junto con los <a href=\"https:\/\/le-fort.org\/patacones\/\">patacones <\/a>y el <em><a href=\"https:\/\/le-fort.org\/kelewele-platano-frito-ghanes\/\">kelewele<\/a><\/em>.<\/p>\n<p>Los chifles se preparan as\u00ed:<!--more--><\/p>\n<ul>\n<li>Pelar los pl\u00e1tanos.\u00a0Se necesitan pl\u00e1tanos barraganetes<\/li>\n<li>Cortarlos en l\u00e1minas finitas. Aqu\u00ed lo ideal es tener una mandolina, pero si no la tenemos, cuchillo y esmero son una buena posibilidad.<\/li>\n<li>Fre\u00edr en abundante aceite caliente<br \/>\n<img data-recalc-dims=\"1\" loading=\"lazy\" decoding=\"async\" data-attachment-id=\"7384\" data-permalink=\"https:\/\/le-fort.org\/cocina\/chifles-chips-de-platano-frito\/friendo-11\/\" data-orig-file=\"https:\/\/i0.wp.com\/le-fort.org\/cocina\/wp-content\/uploads\/2013\/02\/friendo-1.jpg?fit=1280%2C720&amp;ssl=1\" data-orig-size=\"1280,720\" data-comments-opened=\"0\" data-image-meta=\"{&quot;aperture&quot;:&quot;0&quot;,&quot;credit&quot;:&quot;&quot;,&quot;camera&quot;:&quot;&quot;,&quot;caption&quot;:&quot;&quot;,&quot;created_timestamp&quot;:&quot;0&quot;,&quot;copyright&quot;:&quot;&quot;,&quot;focal_length&quot;:&quot;0&quot;,&quot;iso&quot;:&quot;0&quot;,&quot;shutter_speed&quot;:&quot;0&quot;,&quot;title&quot;:&quot;&quot;,&quot;orientation&quot;:&quot;0&quot;}\" data-image-title=\"friendo\" data-image-description=\"\" data-image-caption=\"\" data-large-file=\"https:\/\/i0.wp.com\/le-fort.org\/cocina\/wp-content\/uploads\/2013\/02\/friendo-1.jpg?fit=1200%2C675&amp;ssl=1\" class=\"aligncenter size-medium wp-image-7384\" src=\"https:\/\/i0.wp.com\/www.le-fort.org\/wp-content\/uploads\/2013\/02\/friendo-1-600x338.jpg?resize=600%2C338&#038;ssl=1\" alt=\"friendo\" width=\"600\" height=\"338\" srcset=\"https:\/\/i0.wp.com\/le-fort.org\/cocina\/wp-content\/uploads\/2013\/02\/friendo-1.jpg?resize=600%2C338&amp;ssl=1 600w, https:\/\/i0.wp.com\/le-fort.org\/cocina\/wp-content\/uploads\/2013\/02\/friendo-1.jpg?w=1280&amp;ssl=1 1280w\" sizes=\"auto, (max-width: 600px) 100vw, 600px\" \/><\/li>\n<li>Sacar del aceite, escurrir y salar<img data-recalc-dims=\"1\" loading=\"lazy\" decoding=\"async\" data-attachment-id=\"7385\" data-permalink=\"https:\/\/le-fort.org\/cocina\/chifles-chips-de-platano-frito\/chifles-2\/\" data-orig-file=\"https:\/\/i0.wp.com\/le-fort.org\/cocina\/wp-content\/uploads\/2013\/02\/chifles.jpg?fit=1280%2C720&amp;ssl=1\" data-orig-size=\"1280,720\" data-comments-opened=\"0\" data-image-meta=\"{&quot;aperture&quot;:&quot;0&quot;,&quot;credit&quot;:&quot;&quot;,&quot;camera&quot;:&quot;&quot;,&quot;caption&quot;:&quot;&quot;,&quot;created_timestamp&quot;:&quot;0&quot;,&quot;copyright&quot;:&quot;&quot;,&quot;focal_length&quot;:&quot;0&quot;,&quot;iso&quot;:&quot;0&quot;,&quot;shutter_speed&quot;:&quot;0&quot;,&quot;title&quot;:&quot;&quot;,&quot;orientation&quot;:&quot;0&quot;}\" data-image-title=\"chifles\" data-image-description=\"\" data-image-caption=\"\" data-large-file=\"https:\/\/i0.wp.com\/le-fort.org\/cocina\/wp-content\/uploads\/2013\/02\/chifles.jpg?fit=1200%2C675&amp;ssl=1\" class=\"aligncenter size-medium wp-image-7385\" src=\"https:\/\/i0.wp.com\/www.le-fort.org\/wp-content\/uploads\/2013\/02\/chifles-600x338.jpg?resize=600%2C338&#038;ssl=1\" alt=\"chifles\" width=\"600\" height=\"338\" srcset=\"https:\/\/i0.wp.com\/le-fort.org\/cocina\/wp-content\/uploads\/2013\/02\/chifles.jpg?resize=600%2C338&amp;ssl=1 600w, https:\/\/i0.wp.com\/le-fort.org\/cocina\/wp-content\/uploads\/2013\/02\/chifles.jpg?w=1280&amp;ssl=1 1280w\" sizes=\"auto, (max-width: 600px) 100vw, 600px\" \/><\/li>\n<li>Comer como lo dicte el entendimiento. Aqu\u00ed con chicharrones de pescado y ensalada.<\/li>\n<\/ul>\n<p><img data-recalc-dims=\"1\" loading=\"lazy\" decoding=\"async\" data-attachment-id=\"7382\" data-permalink=\"https:\/\/le-fort.org\/cocina\/chifles-chips-de-platano-frito\/chifles-hd\/\" data-orig-file=\"https:\/\/i0.wp.com\/le-fort.org\/cocina\/wp-content\/uploads\/2013\/02\/chifles-hd.jpg?fit=1200%2C400&amp;ssl=1\" data-orig-size=\"1200,400\" data-comments-opened=\"0\" data-image-meta=\"{&quot;aperture&quot;:&quot;0&quot;,&quot;credit&quot;:&quot;&quot;,&quot;camera&quot;:&quot;&quot;,&quot;caption&quot;:&quot;&quot;,&quot;created_timestamp&quot;:&quot;0&quot;,&quot;copyright&quot;:&quot;&quot;,&quot;focal_length&quot;:&quot;0&quot;,&quot;iso&quot;:&quot;0&quot;,&quot;shutter_speed&quot;:&quot;0&quot;,&quot;title&quot;:&quot;&quot;,&quot;orientation&quot;:&quot;0&quot;}\" data-image-title=\"chifles-hd\" data-image-description=\"\" data-image-caption=\"\" data-large-file=\"https:\/\/i0.wp.com\/le-fort.org\/cocina\/wp-content\/uploads\/2013\/02\/chifles-hd.jpg?fit=1200%2C400&amp;ssl=1\" class=\"aligncenter size-medium wp-image-7382\" src=\"https:\/\/i0.wp.com\/www.le-fort.org\/wp-content\/uploads\/2013\/02\/chifles-hd-600x200.jpg?resize=600%2C200&#038;ssl=1\" alt=\"chifles-hd\" width=\"600\" height=\"200\" srcset=\"https:\/\/i0.wp.com\/le-fort.org\/cocina\/wp-content\/uploads\/2013\/02\/chifles-hd.jpg?resize=600%2C200&amp;ssl=1 600w, https:\/\/i0.wp.com\/le-fort.org\/cocina\/wp-content\/uploads\/2013\/02\/chifles-hd.jpg?w=1200&amp;ssl=1 1200w\" sizes=\"auto, (max-width: 600px) 100vw, 600px\" \/><\/p>\n","protected":false},"excerpt":{"rendered":"<p>Receta de chifles: chips de pl\u00e1tano frito salados<\/p>\n","protected":false},"author":1,"featured_media":7382,"comment_status":"open","ping_status":"closed","sticky":false,"template":"","format":"standard","meta":{"_jetpack_newsletter_access":"","_jetpack_dont_email_post_to_subs":false,"_jetpack_newsletter_tier_id":0,"_jetpack_memberships_contains_paywalled_content":false,"_jetpack_memberships_contains_paid_content":false,"footnotes":""},"categories":[19],"tags":[96,97,49,351],"class_list":["post-3165","post","type-post","status-publish","format-standard","has-post-thumbnail","hentry","category-cocina-comida","tag-comida-ecuatoriana","tag-frituras","tag-platano","tag-recetas","entry","has-media"],"jetpack_featured_media_url":"https:\/\/i0.wp.com\/le-fort.org\/cocina\/wp-content\/uploads\/2013\/02\/chifles-hd.jpg?fit=1200%2C400&ssl=1","jetpack_shortlink":"https:\/\/wp.me\/pghKer-P3","jetpack_sharing_enabled":true,"jetpack-related-posts":[{"id":16694,"url":"https:\/\/le-fort.org\/cocina\/tortilla-de-chifles-espanola\/","url_meta":{"origin":3165,"position":0},"title":"Tortilla de Chifles: No tan Espa\u00f1ola","author":"Le-Fort.org","date":"3 de Octubre, 2022","format":false,"excerpt":"Receta de tortilla de chifles. No es espa\u00f1ola ni se le parece pero es incre\u00edblemente buena.","rel":"","context":"En &quot;Recetas&quot;","block_context":{"text":"Recetas","link":"https:\/\/le-fort.org\/cocina\/categoria\/recetas\/"},"img":{"alt_text":"","src":"https:\/\/i0.wp.com\/le-fort.org\/cocina\/wp-content\/uploads\/2022\/10\/tortilla-chifles-hd.jpg?fit=1200%2C400&ssl=1&resize=350%2C200","width":350,"height":200,"srcset":"https:\/\/i0.wp.com\/le-fort.org\/cocina\/wp-content\/uploads\/2022\/10\/tortilla-chifles-hd.jpg?fit=1200%2C400&ssl=1&resize=350%2C200 1x, https:\/\/i0.wp.com\/le-fort.org\/cocina\/wp-content\/uploads\/2022\/10\/tortilla-chifles-hd.jpg?fit=1200%2C400&ssl=1&resize=525%2C300 1.5x, https:\/\/i0.wp.com\/le-fort.org\/cocina\/wp-content\/uploads\/2022\/10\/tortilla-chifles-hd.jpg?fit=1200%2C400&ssl=1&resize=700%2C400 2x, https:\/\/i0.wp.com\/le-fort.org\/cocina\/wp-content\/uploads\/2022\/10\/tortilla-chifles-hd.jpg?fit=1200%2C400&ssl=1&resize=1050%2C600 3x"},"classes":[]},{"id":5409,"url":"https:\/\/le-fort.org\/cocina\/kelewele-platano-frito-ghanes\/","url_meta":{"origin":3165,"position":1},"title":"Kelewele: Pl\u00e1tano Frito Ghan\u00e9s","author":"Le-Fort.org","date":"17 de Abril, 2014","format":false,"excerpt":"Receta de Kelewele, pl\u00e1tanos fritos especiados de origen ghan\u00e9s. Comida africana","rel":"","context":"En &quot;Recetas&quot;","block_context":{"text":"Recetas","link":"https:\/\/le-fort.org\/cocina\/categoria\/recetas\/"},"img":{"alt_text":"","src":"https:\/\/i0.wp.com\/le-fort.org\/cocina\/wp-content\/uploads\/2014\/04\/redred-kelewele-hd-2.jpg?fit=1200%2C400&ssl=1&resize=350%2C200","width":350,"height":200,"srcset":"https:\/\/i0.wp.com\/le-fort.org\/cocina\/wp-content\/uploads\/2014\/04\/redred-kelewele-hd-2.jpg?fit=1200%2C400&ssl=1&resize=350%2C200 1x, https:\/\/i0.wp.com\/le-fort.org\/cocina\/wp-content\/uploads\/2014\/04\/redred-kelewele-hd-2.jpg?fit=1200%2C400&ssl=1&resize=525%2C300 1.5x, https:\/\/i0.wp.com\/le-fort.org\/cocina\/wp-content\/uploads\/2014\/04\/redred-kelewele-hd-2.jpg?fit=1200%2C400&ssl=1&resize=700%2C400 2x, https:\/\/i0.wp.com\/le-fort.org\/cocina\/wp-content\/uploads\/2014\/04\/redred-kelewele-hd-2.jpg?fit=1200%2C400&ssl=1&resize=1050%2C600 3x"},"classes":[]},{"id":57,"url":"https:\/\/le-fort.org\/cocina\/chicharron-de-pescado-y-mixto\/","url_meta":{"origin":3165,"position":2},"title":"Chicharr\u00f3n de pescado (y mixto)","author":"Le-Fort.org","date":"19 de Julio, 2011","format":false,"excerpt":"Otro cuasidescubrimiento en nuestro viaje han sido los chicharrones de pescado y mixto. En este caso son trocitos de pescado o pescado, calamar, camarones y otros mariscos que han sido apanados y fritos. Creemos que nunca m\u00e1s comeremos pescado frito y lo reemplazaremos por chicharrones. Hemos comido casi tanto chicharr\u00f3n\u2026","rel":"","context":"En &quot;Comida&quot;","block_context":{"text":"Comida","link":"https:\/\/le-fort.org\/cocina\/categoria\/cocina-comida\/"},"img":{"alt_text":"","src":"https:\/\/i0.wp.com\/le-fort.org\/cocina\/wp-content\/uploads\/2011\/07\/chicharrones-hd.jpg?fit=1200%2C400&ssl=1&resize=350%2C200","width":350,"height":200,"srcset":"https:\/\/i0.wp.com\/le-fort.org\/cocina\/wp-content\/uploads\/2011\/07\/chicharrones-hd.jpg?fit=1200%2C400&ssl=1&resize=350%2C200 1x, https:\/\/i0.wp.com\/le-fort.org\/cocina\/wp-content\/uploads\/2011\/07\/chicharrones-hd.jpg?fit=1200%2C400&ssl=1&resize=525%2C300 1.5x, https:\/\/i0.wp.com\/le-fort.org\/cocina\/wp-content\/uploads\/2011\/07\/chicharrones-hd.jpg?fit=1200%2C400&ssl=1&resize=700%2C400 2x, https:\/\/i0.wp.com\/le-fort.org\/cocina\/wp-content\/uploads\/2011\/07\/chicharrones-hd.jpg?fit=1200%2C400&ssl=1&resize=1050%2C600 3x"},"classes":[]},{"id":3243,"url":"https:\/\/le-fort.org\/cocina\/patacones\/","url_meta":{"origin":3165,"position":3},"title":"Patacones","author":"Le-Fort.org","date":"6 de Marzo, 2013","format":false,"excerpt":"Los patacones son rodajas de pl\u00e1tano verde (barraganete) fritas y luego aplastadas y vueltas a fre\u00edr. Son excelentes y muy f\u00e1ciles.","rel":"","context":"En &quot;Comida&quot;","block_context":{"text":"Comida","link":"https:\/\/le-fort.org\/cocina\/categoria\/cocina-comida\/"},"img":{"alt_text":"","src":"https:\/\/i0.wp.com\/le-fort.org\/cocina\/wp-content\/uploads\/2013\/03\/hd1.jpg?fit=800%2C300&ssl=1&resize=350%2C200","width":350,"height":200,"srcset":"https:\/\/i0.wp.com\/le-fort.org\/cocina\/wp-content\/uploads\/2013\/03\/hd1.jpg?fit=800%2C300&ssl=1&resize=350%2C200 1x, https:\/\/i0.wp.com\/le-fort.org\/cocina\/wp-content\/uploads\/2013\/03\/hd1.jpg?fit=800%2C300&ssl=1&resize=525%2C300 1.5x, https:\/\/i0.wp.com\/le-fort.org\/cocina\/wp-content\/uploads\/2013\/03\/hd1.jpg?fit=800%2C300&ssl=1&resize=700%2C400 2x"},"classes":[]},{"id":297,"url":"https:\/\/le-fort.org\/cocina\/hecho-en-casa-platano-frito-con-huevo\/","url_meta":{"origin":3165,"position":4},"title":"Hecho en casa: pl\u00e1tano frito con huevo","author":"Maestro Sanguchero","date":"19 de Noviembre, 2011","format":false,"excerpt":"Seguimos explorando el sandwich de pl\u00e1tano frito que tanto promet\u00eda en Chiclayo y no cumpl\u00eda tanto. Nos gusta mucho, y creemos que con un poco de merk\u00e9n deber\u00eda brillar a\u00fan m\u00e1s.","rel":"","context":"En &quot;Hecho en casa&quot;","block_context":{"text":"Hecho en casa","link":"https:\/\/le-fort.org\/cocina\/categoria\/hecho-en-casa\/"},"img":{"alt_text":"","src":"https:\/\/i0.wp.com\/lh3.googleusercontent.com\/-FEiOVoqmahQ\/TsfIqtExWSI\/AAAAAAAAS1A\/urGuKIcUdfs\/s640\/P1250460.JPG?resize=350%2C200&ssl=1","width":350,"height":200},"classes":[]},{"id":179,"url":"https:\/\/le-fort.org\/cocina\/platano-frito-con-queso-chiclayo\/","url_meta":{"origin":3165,"position":5},"title":"Pl\u00e1tano frito con queso, Chiclayo","author":"Maestro Sanguchero","date":"2 de Junio, 2011","format":false,"excerpt":"S\u00e1nguche de pl\u00e1tano maduro frito con queso. S\u00e1nguche de desayuno que probamos en Chiclayo, Per\u00fa.","rel":"","context":"En &quot;Chiclayo&quot;","block_context":{"text":"Chiclayo","link":"https:\/\/le-fort.org\/cocina\/categoria\/chiclayo\/"},"img":{"alt_text":"platano-queso","src":"https:\/\/i0.wp.com\/www.le-fort.org\/wp-content\/uploads\/2011\/06\/platano-queso.jpg?resize=350%2C200&ssl=1","width":350,"height":200,"srcset":"https:\/\/i0.wp.com\/www.le-fort.org\/wp-content\/uploads\/2011\/06\/platano-queso.jpg?resize=350%2C200&ssl=1 1x, https:\/\/i0.wp.com\/www.le-fort.org\/wp-content\/uploads\/2011\/06\/platano-queso.jpg?resize=525%2C300&ssl=1 1.5x"},"classes":[]}],"_links":{"self":[{"href":"https:\/\/le-fort.org\/cocina\/wp-json\/wp\/v2\/posts\/3165","targetHints":{"allow":["GET"]}}],"collection":[{"href":"https:\/\/le-fort.org\/cocina\/wp-json\/wp\/v2\/posts"}],"about":[{"href":"https:\/\/le-fort.org\/cocina\/wp-json\/wp\/v2\/types\/post"}],"author":[{"embeddable":true,"href":"https:\/\/le-fort.org\/cocina\/wp-json\/wp\/v2\/users\/1"}],"replies":[{"embeddable":true,"href":"https:\/\/le-fort.org\/cocina\/wp-json\/wp\/v2\/comments?post=3165"}],"version-history":[{"count":0,"href":"https:\/\/le-fort.org\/cocina\/wp-json\/wp\/v2\/posts\/3165\/revisions"}],"wp:featuredmedia":[{"embeddable":true,"href":"https:\/\/le-fort.org\/cocina\/wp-json\/wp\/v2\/media\/7382"}],"wp:attachment":[{"href":"https:\/\/le-fort.org\/cocina\/wp-json\/wp\/v2\/media?parent=3165"}],"wp:term":[{"taxonomy":"category","embeddable":true,"href":"https:\/\/le-fort.org\/cocina\/wp-json\/wp\/v2\/categories?post=3165"},{"taxonomy":"post_tag","embeddable":true,"href":"https:\/\/le-fort.org\/cocina\/wp-json\/wp\/v2\/tags?post=3165"}],"curies":[{"name":"wp","href":"https:\/\/api.w.org\/{rel}","templated":true}]}}