{"id":329,"date":"2011-12-13T12:31:26","date_gmt":"2011-12-13T15:31:26","guid":{"rendered":"http:\/\/www.unblog.cl\/sandwich\/?p=329"},"modified":"2016-12-22T13:09:51","modified_gmt":"2016-12-22T18:09:51","slug":"ave-completa-sin-mayo-hipocresia","status":"publish","type":"post","link":"https:\/\/le-fort.org\/cocina\/ave-completa-sin-mayo-hipocresia\/","title":{"rendered":"Ave Completa sin mayo. \u00bfHipocres\u00eda?"},"content":{"rendered":"<p>Al desayuno un d\u00eda, decid\u00ed aplicar un ave completa sin mayo en molde en el Baquedano.<\/p>\n<p style=\"text-align: center;\">\n<p style=\"text-align: left;\">No est\u00e1 claro si es una versi\u00f3n m\u00e1s liviana que otras, pero me lo pareci\u00f3.<!--more-->En el Baquedano el maestro hace el ave a partir de pollo asado visible. Tuto en este caso. Chucrut, tomate, americana.<\/p>\n<p style=\"text-align: left;\">Excelente.<\/p>\n<p style=\"text-align: left;\">Le falta la untuosidad coalescente de la mayo, pero en un d\u00eda en el que hay que guardarse, fue una buena idea.<\/p>\n<p style=\"text-align: left;\">Se desparram\u00f3 un poco, pero para eso est\u00e1n el cuchillo y el tenedor (para el despu\u00e9s).<\/p>\n<p style=\"text-align: left;\">Cortar el molde en 4 es una excelente idea.<\/p>\n","protected":false},"excerpt":{"rendered":"<p>Al desayuno un d\u00eda, decid\u00ed aplicar un ave completa sin mayo en molde en el Baquedano. No est\u00e1 claro si es una versi\u00f3n m\u00e1s liviana que otras, pero me lo pareci\u00f3.<\/p>\n","protected":false},"author":6,"featured_media":0,"comment_status":"open","ping_status":"closed","sticky":false,"template":"","format":"standard","meta":{"_jetpack_newsletter_access":"","_jetpack_dont_email_post_to_subs":true,"_jetpack_newsletter_tier_id":0,"_jetpack_memberships_contains_paywalled_content":false,"_jetpack_memberships_contains_paid_content":false,"footnotes":""},"categories":[387,419,622],"tags":[396,398,399,400,390,7],"class_list":["post-329","post","type-post","status-publish","format-standard","hentry","category-chile","category-lugares","category-sandwich","tag-americana","tag-ave","tag-baquedano","tag-chucrut","tag-pan-de-molde","tag-tomate","entry"],"jetpack_featured_media_url":"","jetpack_shortlink":"https:\/\/wp.me\/pghKer-5j","jetpack_sharing_enabled":true,"jetpack-related-posts":[{"id":7146,"url":"https:\/\/le-fort.org\/cocina\/ave-completa\/","url_meta":{"origin":329,"position":0},"title":"Ave Completa","author":"Maestro Sanguchero","date":"1 de Enero, 2010","format":false,"excerpt":"El sandwich de ave completa consiste en pollo en filete o desmenuzado con tomate, mayonesa y chucrut o salsa americana, idealmente ne pan frica o marraqueta.","rel":"","context":"En &quot;Sandwich&quot;","block_context":{"text":"Sandwich","link":"https:\/\/le-fort.org\/cocina\/categoria\/sandwich\/"},"img":{"alt_text":"","src":"https:\/\/i0.wp.com\/le-fort.org\/cocina\/wp-content\/uploads\/2010\/01\/ave-completa-hd.jpg?fit=1200%2C400&ssl=1&resize=350%2C200","width":350,"height":200,"srcset":"https:\/\/i0.wp.com\/le-fort.org\/cocina\/wp-content\/uploads\/2010\/01\/ave-completa-hd.jpg?fit=1200%2C400&ssl=1&resize=350%2C200 1x, https:\/\/i0.wp.com\/le-fort.org\/cocina\/wp-content\/uploads\/2010\/01\/ave-completa-hd.jpg?fit=1200%2C400&ssl=1&resize=525%2C300 1.5x, https:\/\/i0.wp.com\/le-fort.org\/cocina\/wp-content\/uploads\/2010\/01\/ave-completa-hd.jpg?fit=1200%2C400&ssl=1&resize=700%2C400 2x, https:\/\/i0.wp.com\/le-fort.org\/cocina\/wp-content\/uploads\/2010\/01\/ave-completa-hd.jpg?fit=1200%2C400&ssl=1&resize=1050%2C600 3x"},"classes":[]},{"id":1071,"url":"https:\/\/le-fort.org\/cocina\/ave-completa-de-la-terraza\/","url_meta":{"origin":329,"position":1},"title":"Ave Completa de La Terraza","author":"Maestro Sanguchero","date":"26 de Junio, 2013","format":false,"excerpt":"El Ave completa de La Terraza es en Filete de Pechuga de Pollo a la plancha, doradito, con esa mayonesa aceitosa de la Terraza y buenas rodajas de tomate, adem\u00e1s de chucrut. El pan de la Terraza es grande y esponjoso, quiz\u00e1 muy esponjoso.","rel":"","context":"En &quot;Chile&quot;","block_context":{"text":"Chile","link":"https:\/\/le-fort.org\/cocina\/categoria\/chile\/"},"img":{"alt_text":"","src":"https:\/\/i0.wp.com\/le-fort.org\/cocina\/wp-content\/uploads\/2010\/01\/ave-completa-hd.jpg?fit=1200%2C400&ssl=1&resize=350%2C200","width":350,"height":200,"srcset":"https:\/\/i0.wp.com\/le-fort.org\/cocina\/wp-content\/uploads\/2010\/01\/ave-completa-hd.jpg?fit=1200%2C400&ssl=1&resize=350%2C200 1x, https:\/\/i0.wp.com\/le-fort.org\/cocina\/wp-content\/uploads\/2010\/01\/ave-completa-hd.jpg?fit=1200%2C400&ssl=1&resize=525%2C300 1.5x, https:\/\/i0.wp.com\/le-fort.org\/cocina\/wp-content\/uploads\/2010\/01\/ave-completa-hd.jpg?fit=1200%2C400&ssl=1&resize=700%2C400 2x, https:\/\/i0.wp.com\/le-fort.org\/cocina\/wp-content\/uploads\/2010\/01\/ave-completa-hd.jpg?fit=1200%2C400&ssl=1&resize=1050%2C600 3x"},"classes":[]},{"id":7154,"url":"https:\/\/le-fort.org\/cocina\/lomito-completo-del-baquedano\/","url_meta":{"origin":329,"position":2},"title":"Lomito Completo del Baquedano","author":"Maestro Sanguchero","date":"2 de Marzo, 2010","format":false,"excerpt":"Lomito Completo del Baquedano: Tomate picado, Chucrut, Americana, Mayonesa","rel":"","context":"En &quot;Cavilaciones&quot;","block_context":{"text":"Cavilaciones","link":"https:\/\/le-fort.org\/cocina\/categoria\/cavilaciones\/"},"img":{"alt_text":"Lomito completo","src":"https:\/\/i0.wp.com\/le-fort.org\/cocina\/wp-content\/uploads\/2010\/03\/lomito-completo-baquedano-1.jpg?fit=480%2C360&ssl=1&resize=350%2C200","width":350,"height":200},"classes":[]},{"id":14358,"url":"https:\/\/le-fort.org\/cocina\/el-lomito\/","url_meta":{"origin":329,"position":3},"title":"Sobre el lomito, Sandwich de Lomo de Chancho","author":"Le-Fort.org","date":"24 de Agosto, 2019","format":false,"excerpt":"El 24 de agosto es el d\u00eda del lomito, tal como nos ense\u00f1a el calendario lit\u00fargico del s\u00e1nguche. Como su nombre lo indica,\u00a0es un s\u00e1nguche (s\u00e1nduche) de lomo de cerdo. \u00bfQu\u00e9 hace un buen lomito? \u00bfCocido o a la plancha? Al parecer hay dos formas principales de preparar el lomito:\u2026","rel":"","context":"En &quot;Sandwich&quot;","block_context":{"text":"Sandwich","link":"https:\/\/le-fort.org\/cocina\/categoria\/sandwich\/"},"img":{"alt_text":"","src":"https:\/\/i0.wp.com\/le-fort.org\/cocina\/wp-content\/uploads\/2019\/08\/sanguches-hd.jpg?fit=1200%2C400&ssl=1&resize=350%2C200","width":350,"height":200,"srcset":"https:\/\/i0.wp.com\/le-fort.org\/cocina\/wp-content\/uploads\/2019\/08\/sanguches-hd.jpg?fit=1200%2C400&ssl=1&resize=350%2C200 1x, https:\/\/i0.wp.com\/le-fort.org\/cocina\/wp-content\/uploads\/2019\/08\/sanguches-hd.jpg?fit=1200%2C400&ssl=1&resize=525%2C300 1.5x, https:\/\/i0.wp.com\/le-fort.org\/cocina\/wp-content\/uploads\/2019\/08\/sanguches-hd.jpg?fit=1200%2C400&ssl=1&resize=700%2C400 2x, https:\/\/i0.wp.com\/le-fort.org\/cocina\/wp-content\/uploads\/2019\/08\/sanguches-hd.jpg?fit=1200%2C400&ssl=1&resize=1050%2C600 3x"},"classes":[]},{"id":7149,"url":"https:\/\/le-fort.org\/cocina\/gorda-dinamica-completa-mas-palta\/","url_meta":{"origin":329,"position":4},"title":"Gorda din\u00e1mica: completa m\u00e1s palta","author":"Maestro Sanguchero","date":"14 de Enero, 2010","format":false,"excerpt":"La gorda din\u00e1mica es un sandwich de gorda (salchicha gruesa) con tomate, mayonesa, chucrut y palta molida (aguacate). Es un cl\u00e1sico chileno.","rel":"","context":"En &quot;Sandwich&quot;","block_context":{"text":"Sandwich","link":"https:\/\/le-fort.org\/cocina\/categoria\/sandwich\/"},"img":{"alt_text":"","src":"https:\/\/i0.wp.com\/le-fort.org\/cocina\/wp-content\/uploads\/2010\/01\/gorda-dinamica-480x300.jpg?fit=480%2C300&ssl=1&resize=350%2C200","width":350,"height":200},"classes":[]},{"id":420,"url":"https:\/\/le-fort.org\/cocina\/el-otro-lomito\/","url_meta":{"origin":329,"position":5},"title":"El Otro Lomito","author":"Maestro Sanguchero","date":"14 de Febrero, 2012","format":false,"excerpt":"Lomito a la plancha con queso y piment\u00f3n rojo. Excelente. Del Baquedano.","rel":"","context":"En &quot;Cerdo&quot;","block_context":{"text":"Cerdo","link":"https:\/\/le-fort.org\/cocina\/categoria\/cerdo\/"},"img":{"alt_text":"","src":"https:\/\/i0.wp.com\/le-fort.org\/cocina\/wp-content\/uploads\/2012\/02\/2012-02-12_14-13-28_732.jpg?fit=1024%2C578&ssl=1&resize=350%2C200","width":350,"height":200,"srcset":"https:\/\/i0.wp.com\/le-fort.org\/cocina\/wp-content\/uploads\/2012\/02\/2012-02-12_14-13-28_732.jpg?fit=1024%2C578&ssl=1&resize=350%2C200 1x, https:\/\/i0.wp.com\/le-fort.org\/cocina\/wp-content\/uploads\/2012\/02\/2012-02-12_14-13-28_732.jpg?fit=1024%2C578&ssl=1&resize=525%2C300 1.5x, https:\/\/i0.wp.com\/le-fort.org\/cocina\/wp-content\/uploads\/2012\/02\/2012-02-12_14-13-28_732.jpg?fit=1024%2C578&ssl=1&resize=700%2C400 2x"},"classes":[]}],"_links":{"self":[{"href":"https:\/\/le-fort.org\/cocina\/wp-json\/wp\/v2\/posts\/329","targetHints":{"allow":["GET"]}}],"collection":[{"href":"https:\/\/le-fort.org\/cocina\/wp-json\/wp\/v2\/posts"}],"about":[{"href":"https:\/\/le-fort.org\/cocina\/wp-json\/wp\/v2\/types\/post"}],"author":[{"embeddable":true,"href":"https:\/\/le-fort.org\/cocina\/wp-json\/wp\/v2\/users\/6"}],"replies":[{"embeddable":true,"href":"https:\/\/le-fort.org\/cocina\/wp-json\/wp\/v2\/comments?post=329"}],"version-history":[{"count":0,"href":"https:\/\/le-fort.org\/cocina\/wp-json\/wp\/v2\/posts\/329\/revisions"}],"wp:attachment":[{"href":"https:\/\/le-fort.org\/cocina\/wp-json\/wp\/v2\/media?parent=329"}],"wp:term":[{"taxonomy":"category","embeddable":true,"href":"https:\/\/le-fort.org\/cocina\/wp-json\/wp\/v2\/categories?post=329"},{"taxonomy":"post_tag","embeddable":true,"href":"https:\/\/le-fort.org\/cocina\/wp-json\/wp\/v2\/tags?post=329"}],"curies":[{"name":"wp","href":"https:\/\/api.w.org\/{rel}","templated":true}]}}