{"id":3378,"date":"2013-03-31T20:50:15","date_gmt":"2013-03-31T23:50:15","guid":{"rendered":"http:\/\/www.duarte.cl\/?p=3378"},"modified":"2017-12-11T15:26:30","modified_gmt":"2017-12-11T20:26:30","slug":"empanada-gallega-de-mi-mami","status":"publish","type":"post","link":"https:\/\/le-fort.org\/cocina\/empanada-gallega-de-mi-mami\/","title":{"rendered":"Empanada Gallega"},"content":{"rendered":"<p>Cuando se muri\u00f3 mi abuela materna, oh sorpresa, literalmente se hab\u00eda llevado la receta de la empanada gallega a la tumba, y era un poco tarde para ir a buscarla.<\/p>\n<p>Mi madre, cual gastrodetective, reconstruy\u00f3 la receta (se demor\u00f3 un par de a\u00f1os en dejarla a punto) y para no llev\u00e1rsela a la tumba la mand\u00f3 por correo electr\u00f3nico. A\u00fan goza de excelente salud, por si acaso.<!--more--><\/p>\n<p>Hela aqu\u00ed, tal como la hicimos siguiendo sus instrucciones.<\/p>\n<figure id=\"attachment_6123\" aria-describedby=\"caption-attachment-6123\" style=\"width: 960px\" class=\"wp-caption aligncenter\"><img data-recalc-dims=\"1\" loading=\"lazy\" decoding=\"async\" data-attachment-id=\"6123\" data-permalink=\"https:\/\/le-fort.org\/cocina\/empanada-gallega-de-mi-mami\/horneada-2\/\" data-orig-file=\"https:\/\/i0.wp.com\/le-fort.org\/cocina\/wp-content\/uploads\/2013\/03\/horneada.jpg?fit=960%2C600&amp;ssl=1\" data-orig-size=\"960,600\" data-comments-opened=\"0\" data-image-meta=\"{&quot;aperture&quot;:&quot;0&quot;,&quot;credit&quot;:&quot;&quot;,&quot;camera&quot;:&quot;&quot;,&quot;caption&quot;:&quot;&quot;,&quot;created_timestamp&quot;:&quot;0&quot;,&quot;copyright&quot;:&quot;&quot;,&quot;focal_length&quot;:&quot;0&quot;,&quot;iso&quot;:&quot;0&quot;,&quot;shutter_speed&quot;:&quot;0&quot;,&quot;title&quot;:&quot;&quot;,&quot;orientation&quot;:&quot;0&quot;}\" data-image-title=\"horneada\" data-image-description=\"\" data-image-caption=\"&lt;p&gt;Empanada gallega&lt;\/p&gt;\n\" data-large-file=\"https:\/\/i0.wp.com\/le-fort.org\/cocina\/wp-content\/uploads\/2013\/03\/horneada.jpg?fit=960%2C600&amp;ssl=1\" class=\"size-full wp-image-6123\" src=\"https:\/\/i0.wp.com\/www.le-fort.org\/wp-content\/uploads\/2013\/03\/horneada.jpg?resize=960%2C600&#038;ssl=1\" alt=\"Empanada gallega\" width=\"960\" height=\"600\" srcset=\"https:\/\/i0.wp.com\/le-fort.org\/cocina\/wp-content\/uploads\/2013\/03\/horneada.jpg?w=960&amp;ssl=1 960w, https:\/\/i0.wp.com\/le-fort.org\/cocina\/wp-content\/uploads\/2013\/03\/horneada.jpg?resize=600%2C375&amp;ssl=1 600w\" sizes=\"auto, (max-width: 960px) 100vw, 960px\" \/><figcaption id=\"caption-attachment-6123\" class=\"wp-caption-text\">Empanada gallega<\/figcaption><\/figure>\n<div class=\"vitrina\">\n<h2>Otras sugerencias<\/h2>\n<p>Ya que estamos hablando de empanadas, quiz\u00e1 te interese:<\/p>\n<div class=\"display-posts-listing\"><div class=\"listing-item\"><a class=\"image\" href=\"https:\/\/le-fort.org\/cocina\/empanadas-de-queso-bam-bam-en-guayaquil\/\"><img loading=\"lazy\" decoding=\"async\" width=\"150\" height=\"150\" src=\"https:\/\/i0.wp.com\/le-fort.org\/cocina\/wp-content\/uploads\/2014\/03\/empanadas-hd.jpg?resize=150%2C150&amp;ssl=1\" class=\"attachment-thumbnail size-thumbnail wp-post-image\" alt=\"\" srcset=\"https:\/\/i0.wp.com\/le-fort.org\/cocina\/wp-content\/uploads\/2014\/03\/empanadas-hd.jpg?resize=150%2C150&amp;ssl=1 150w, https:\/\/i0.wp.com\/le-fort.org\/cocina\/wp-content\/uploads\/2014\/03\/empanadas-hd.jpg?zoom=2&amp;resize=150%2C150&amp;ssl=1 300w, https:\/\/i0.wp.com\/le-fort.org\/cocina\/wp-content\/uploads\/2014\/03\/empanadas-hd.jpg?zoom=3&amp;resize=150%2C150&amp;ssl=1 450w\" sizes=\"auto, (max-width: 150px) 100vw, 150px\" data-attachment-id=\"5380\" data-permalink=\"https:\/\/le-fort.org\/cocina\/empanadas-de-queso-bam-bam-en-guayaquil\/empanadas-hd\/\" data-orig-file=\"https:\/\/i0.wp.com\/le-fort.org\/cocina\/wp-content\/uploads\/2014\/03\/empanadas-hd.jpg?fit=1200%2C400&amp;ssl=1\" data-orig-size=\"1200,400\" data-comments-opened=\"0\" data-image-meta=\"{&quot;aperture&quot;:&quot;0&quot;,&quot;credit&quot;:&quot;&quot;,&quot;camera&quot;:&quot;&quot;,&quot;caption&quot;:&quot;&quot;,&quot;created_timestamp&quot;:&quot;0&quot;,&quot;copyright&quot;:&quot;&quot;,&quot;focal_length&quot;:&quot;0&quot;,&quot;iso&quot;:&quot;0&quot;,&quot;shutter_speed&quot;:&quot;0&quot;,&quot;title&quot;:&quot;&quot;,&quot;orientation&quot;:&quot;0&quot;}\" data-image-title=\"empanadas-hd\" data-image-description=\"\" data-image-caption=\"\" data-large-file=\"https:\/\/i0.wp.com\/le-fort.org\/cocina\/wp-content\/uploads\/2014\/03\/empanadas-hd.jpg?fit=1200%2C400&amp;ssl=1\" \/><\/a> <a class=\"title\" href=\"https:\/\/le-fort.org\/cocina\/empanadas-de-queso-bam-bam-en-guayaquil\/\">Empanadas Bam-Bam<\/a><\/div><div class=\"listing-item\"><a class=\"image\" href=\"https:\/\/le-fort.org\/cocina\/taller-de-empanadas-en-dasam\/\"><img loading=\"lazy\" decoding=\"async\" width=\"150\" height=\"150\" src=\"https:\/\/i0.wp.com\/le-fort.org\/cocina\/wp-content\/uploads\/2018\/04\/empanadas-hd.jpg?resize=150%2C150&amp;ssl=1\" class=\"attachment-thumbnail size-thumbnail wp-post-image\" alt=\"\" srcset=\"https:\/\/i0.wp.com\/le-fort.org\/cocina\/wp-content\/uploads\/2018\/04\/empanadas-hd.jpg?resize=150%2C150&amp;ssl=1 150w, https:\/\/i0.wp.com\/le-fort.org\/cocina\/wp-content\/uploads\/2018\/04\/empanadas-hd.jpg?zoom=2&amp;resize=150%2C150&amp;ssl=1 300w, https:\/\/i0.wp.com\/le-fort.org\/cocina\/wp-content\/uploads\/2018\/04\/empanadas-hd.jpg?zoom=3&amp;resize=150%2C150&amp;ssl=1 450w\" sizes=\"auto, (max-width: 150px) 100vw, 150px\" data-attachment-id=\"12443\" data-permalink=\"https:\/\/le-fort.org\/cocina\/taller-de-empanadas-en-dasam\/empanadas-hd-3\/\" data-orig-file=\"https:\/\/i0.wp.com\/le-fort.org\/cocina\/wp-content\/uploads\/2018\/04\/empanadas-hd.jpg?fit=1800%2C600&amp;ssl=1\" data-orig-size=\"1800,600\" data-comments-opened=\"0\" data-image-meta=\"{&quot;aperture&quot;:&quot;0&quot;,&quot;credit&quot;:&quot;&quot;,&quot;camera&quot;:&quot;&quot;,&quot;caption&quot;:&quot;&quot;,&quot;created_timestamp&quot;:&quot;0&quot;,&quot;copyright&quot;:&quot;&quot;,&quot;focal_length&quot;:&quot;0&quot;,&quot;iso&quot;:&quot;0&quot;,&quot;shutter_speed&quot;:&quot;0&quot;,&quot;title&quot;:&quot;&quot;,&quot;orientation&quot;:&quot;0&quot;}\" data-image-title=\"empanadas-hd\" data-image-description=\"\" data-image-caption=\"\" data-large-file=\"https:\/\/i0.wp.com\/le-fort.org\/cocina\/wp-content\/uploads\/2018\/04\/empanadas-hd.jpg?fit=1200%2C400&amp;ssl=1\" \/><\/a> <a class=\"title\" href=\"https:\/\/le-fort.org\/cocina\/taller-de-empanadas-en-dasam\/\">Taller de Empanadas en DASAM<\/a><\/div><div class=\"listing-item\"><a class=\"image\" href=\"https:\/\/le-fort.org\/cocina\/empanadas-de-los-viejos-manosos\/\"><img loading=\"lazy\" decoding=\"async\" width=\"150\" height=\"150\" src=\"https:\/\/i0.wp.com\/le-fort.org\/cocina\/wp-content\/uploads\/2015\/08\/viejos-mannosos-hd.jpg?resize=150%2C150&amp;ssl=1\" class=\"attachment-thumbnail size-thumbnail wp-post-image\" alt=\"\" srcset=\"https:\/\/i0.wp.com\/le-fort.org\/cocina\/wp-content\/uploads\/2015\/08\/viejos-mannosos-hd.jpg?resize=150%2C150&amp;ssl=1 150w, https:\/\/i0.wp.com\/le-fort.org\/cocina\/wp-content\/uploads\/2015\/08\/viejos-mannosos-hd.jpg?zoom=2&amp;resize=150%2C150&amp;ssl=1 300w, https:\/\/i0.wp.com\/le-fort.org\/cocina\/wp-content\/uploads\/2015\/08\/viejos-mannosos-hd.jpg?zoom=3&amp;resize=150%2C150&amp;ssl=1 450w\" sizes=\"auto, (max-width: 150px) 100vw, 150px\" data-attachment-id=\"6730\" data-permalink=\"https:\/\/le-fort.org\/cocina\/empanadas-de-los-viejos-manosos\/viejos-mannosos-hd\/\" data-orig-file=\"https:\/\/i0.wp.com\/le-fort.org\/cocina\/wp-content\/uploads\/2015\/08\/viejos-mannosos-hd.jpg?fit=1200%2C400&amp;ssl=1\" data-orig-size=\"1200,400\" data-comments-opened=\"0\" data-image-meta=\"{&quot;aperture&quot;:&quot;0&quot;,&quot;credit&quot;:&quot;&quot;,&quot;camera&quot;:&quot;&quot;,&quot;caption&quot;:&quot;&quot;,&quot;created_timestamp&quot;:&quot;0&quot;,&quot;copyright&quot;:&quot;&quot;,&quot;focal_length&quot;:&quot;0&quot;,&quot;iso&quot;:&quot;0&quot;,&quot;shutter_speed&quot;:&quot;0&quot;,&quot;title&quot;:&quot;&quot;,&quot;orientation&quot;:&quot;0&quot;}\" data-image-title=\"viejos-mannosos-hd\" data-image-description=\"\" data-image-caption=\"\" data-large-file=\"https:\/\/i0.wp.com\/le-fort.org\/cocina\/wp-content\/uploads\/2015\/08\/viejos-mannosos-hd.jpg?fit=1200%2C400&amp;ssl=1\" \/><\/a> <a class=\"title\" href=\"https:\/\/le-fort.org\/cocina\/empanadas-de-los-viejos-manosos\/\">Empanadas de Los Viejos Ma\u00f1osos<\/a><\/div><div class=\"listing-item\"><a class=\"image\" href=\"https:\/\/le-fort.org\/cocina\/sobre-la-controversia-de-las-pasas-en-la-empanada-chilena\/\"><img loading=\"lazy\" decoding=\"async\" width=\"150\" height=\"150\" src=\"https:\/\/i0.wp.com\/le-fort.org\/cocina\/wp-content\/uploads\/2018\/04\/empanadas-hd.jpg?resize=150%2C150&amp;ssl=1\" class=\"attachment-thumbnail size-thumbnail wp-post-image\" alt=\"\" srcset=\"https:\/\/i0.wp.com\/le-fort.org\/cocina\/wp-content\/uploads\/2018\/04\/empanadas-hd.jpg?resize=150%2C150&amp;ssl=1 150w, https:\/\/i0.wp.com\/le-fort.org\/cocina\/wp-content\/uploads\/2018\/04\/empanadas-hd.jpg?zoom=2&amp;resize=150%2C150&amp;ssl=1 300w, https:\/\/i0.wp.com\/le-fort.org\/cocina\/wp-content\/uploads\/2018\/04\/empanadas-hd.jpg?zoom=3&amp;resize=150%2C150&amp;ssl=1 450w\" sizes=\"auto, (max-width: 150px) 100vw, 150px\" data-attachment-id=\"12443\" data-permalink=\"https:\/\/le-fort.org\/cocina\/taller-de-empanadas-en-dasam\/empanadas-hd-3\/\" data-orig-file=\"https:\/\/i0.wp.com\/le-fort.org\/cocina\/wp-content\/uploads\/2018\/04\/empanadas-hd.jpg?fit=1800%2C600&amp;ssl=1\" data-orig-size=\"1800,600\" data-comments-opened=\"0\" data-image-meta=\"{&quot;aperture&quot;:&quot;0&quot;,&quot;credit&quot;:&quot;&quot;,&quot;camera&quot;:&quot;&quot;,&quot;caption&quot;:&quot;&quot;,&quot;created_timestamp&quot;:&quot;0&quot;,&quot;copyright&quot;:&quot;&quot;,&quot;focal_length&quot;:&quot;0&quot;,&quot;iso&quot;:&quot;0&quot;,&quot;shutter_speed&quot;:&quot;0&quot;,&quot;title&quot;:&quot;&quot;,&quot;orientation&quot;:&quot;0&quot;}\" data-image-title=\"empanadas-hd\" data-image-description=\"\" data-image-caption=\"\" data-large-file=\"https:\/\/i0.wp.com\/le-fort.org\/cocina\/wp-content\/uploads\/2018\/04\/empanadas-hd.jpg?fit=1200%2C400&amp;ssl=1\" \/><\/a> <a class=\"title\" href=\"https:\/\/le-fort.org\/cocina\/sobre-la-controversia-de-las-pasas-en-la-empanada-chilena\/\">Sobre la controversia de las pasas en la empanada chilena<\/a><\/div><\/div>\n<div class=\"clear\"><\/div>\n<\/div>\n<p>La receta est\u00e1 para una lata de horno completa. Aqu\u00ed la dividimos por la mitad para que entrara en un molde pyrex, por eso la inconsistencia entre las cantidades del texto y las fotos.<\/p>\n<p>Aqu\u00ed hay otra versi\u00f3n, m\u00e1s amplia para que vean como queda.<\/p>\n<p><img data-recalc-dims=\"1\" loading=\"lazy\" decoding=\"async\" data-attachment-id=\"9110\" data-permalink=\"https:\/\/le-fort.org\/cocina\/empanada-gallega-de-mi-mami\/empanada-4\/\" data-orig-file=\"https:\/\/i0.wp.com\/le-fort.org\/cocina\/wp-content\/uploads\/2013\/03\/empanada.jpg?fit=720%2C720&amp;ssl=1\" data-orig-size=\"720,720\" data-comments-opened=\"0\" data-image-meta=\"{&quot;aperture&quot;:&quot;0&quot;,&quot;credit&quot;:&quot;&quot;,&quot;camera&quot;:&quot;&quot;,&quot;caption&quot;:&quot;&quot;,&quot;created_timestamp&quot;:&quot;0&quot;,&quot;copyright&quot;:&quot;&quot;,&quot;focal_length&quot;:&quot;0&quot;,&quot;iso&quot;:&quot;0&quot;,&quot;shutter_speed&quot;:&quot;0&quot;,&quot;title&quot;:&quot;&quot;,&quot;orientation&quot;:&quot;0&quot;}\" data-image-title=\"empanada\" data-image-description=\"\" data-image-caption=\"\" data-large-file=\"https:\/\/i0.wp.com\/le-fort.org\/cocina\/wp-content\/uploads\/2013\/03\/empanada.jpg?fit=720%2C720&amp;ssl=1\" class=\"aligncenter size-full wp-image-9110\" src=\"https:\/\/i0.wp.com\/loquecomemos.com\/wp-content\/uploads\/2013\/03\/empanada.jpg?resize=720%2C720\" alt=\"\" width=\"720\" height=\"720\" srcset=\"https:\/\/i0.wp.com\/le-fort.org\/cocina\/wp-content\/uploads\/2013\/03\/empanada.jpg?w=720&amp;ssl=1 720w, https:\/\/i0.wp.com\/le-fort.org\/cocina\/wp-content\/uploads\/2013\/03\/empanada.jpg?resize=150%2C150&amp;ssl=1 150w, https:\/\/i0.wp.com\/le-fort.org\/cocina\/wp-content\/uploads\/2013\/03\/empanada.jpg?resize=600%2C600&amp;ssl=1 600w\" sizes=\"auto, (max-width: 720px) 100vw, 720px\" \/><\/p>\n<h2>Ingredientes de la Empanada Gallega<\/h2>\n<h3>Masa<\/h3>\n<ul>\n<li><span style=\"line-height: 1.714285714; font-size: 1rem;\">125 grs. de mantequilla o margarina<\/span><\/li>\n<li><span style=\"font-size: 1rem; line-height: 1.714285714;\">1 kilo de harina con polvos de hornear<\/span><\/li>\n<li><span style=\"font-size: 1rem; line-height: 1.714285714;\">1 huevo<\/span><\/li>\n<li><span style=\"font-size: 1rem; line-height: 1.714285714;\">1 taza de leche<\/span><\/li>\n<li><span style=\"font-size: 1rem; line-height: 1.714285714;\">El aceite rojo de la empanada (ver m\u00e1s adelante)<\/span><\/li>\n<li><span style=\"font-size: 1rem; line-height: 1.714285714;\">Sal<\/span><\/li>\n<\/ul>\n<h2><span style=\"font-size: 1.142857143rem; line-height: 1.846153846;\">Relleno<\/span><\/h2>\n<ul>\n<li><span style=\"font-size: 1rem; line-height: 1.714285714;\"><img data-recalc-dims=\"1\" loading=\"lazy\" decoding=\"async\" data-attachment-id=\"6128\" data-permalink=\"https:\/\/le-fort.org\/cocina\/empanada-gallega-de-mi-mami\/pimiento\/\" data-orig-file=\"https:\/\/i0.wp.com\/le-fort.org\/cocina\/wp-content\/uploads\/2013\/03\/pimiento.jpg?fit=960%2C600&amp;ssl=1\" data-orig-size=\"960,600\" data-comments-opened=\"0\" data-image-meta=\"{&quot;aperture&quot;:&quot;0&quot;,&quot;credit&quot;:&quot;&quot;,&quot;camera&quot;:&quot;&quot;,&quot;caption&quot;:&quot;&quot;,&quot;created_timestamp&quot;:&quot;0&quot;,&quot;copyright&quot;:&quot;&quot;,&quot;focal_length&quot;:&quot;0&quot;,&quot;iso&quot;:&quot;0&quot;,&quot;shutter_speed&quot;:&quot;0&quot;,&quot;title&quot;:&quot;&quot;,&quot;orientation&quot;:&quot;0&quot;}\" data-image-title=\"pimiento\" data-image-description=\"\" data-image-caption=\"\" data-large-file=\"https:\/\/i0.wp.com\/le-fort.org\/cocina\/wp-content\/uploads\/2013\/03\/pimiento.jpg?fit=960%2C600&amp;ssl=1\" class=\"alignright size-medium wp-image-6128\" src=\"https:\/\/i0.wp.com\/www.le-fort.org\/wp-content\/uploads\/2013\/03\/pimiento-300x188.jpg?resize=300%2C188&#038;ssl=1\" alt=\"pimiento\" width=\"300\" height=\"188\" \/>4 cebollas grandes picada en cuadritos<\/span><\/li>\n<li><span style=\"line-height: 1.714285714; font-size: 1rem;\">1 chorizo riojano , pelado y cortado en medias rodajas<\/span><\/li>\n<li><span style=\"line-height: 1.714285714; font-size: 1rem;\">6 pimientos rojos , asados en el tostador, pelados y picados en tiritas<\/span><\/li>\n<li><span style=\"line-height: 1.714285714; font-size: 1rem;\">1,5 kilo de bacalao, remojado en agua que se va cambiando por dos d\u00edas, cocido y desmenuzado. Si vas a usar pescado fresco o congelado, pesa la carne una vez desmenuzado. Se pueden utilizar otros pescados. En las fotos se utiliza picudo, que es pariente del pez espada.<\/span><\/li>\n<\/ul>\n<p>&nbsp;<\/p>\n<h2>Preparaci\u00f3n<\/h2>\n<p><span style=\"line-height: 1.714285714; font-size: 1rem;\">Se fr\u00ede la cebolla, cuando est\u00e1 semi cocida se agrega el chorizo y cuando este est\u00e1 frito se agrega el pescado y los pimientos.Como el pescado est\u00e1 cocido esta mezcla se deja al fuego poco rato, s\u00f3lo para mezclar bien.Verificar la sal. Se deja enfriar. Se cuela para sacar aceite rojo para la masa.<\/span><\/p>\n<p><img data-recalc-dims=\"1\" loading=\"lazy\" decoding=\"async\" data-attachment-id=\"6121\" data-permalink=\"https:\/\/le-fort.org\/cocina\/empanada-gallega-de-mi-mami\/cociendo-2\/\" data-orig-file=\"https:\/\/i0.wp.com\/le-fort.org\/cocina\/wp-content\/uploads\/2013\/03\/cociendo.jpg?fit=960%2C600&amp;ssl=1\" data-orig-size=\"960,600\" data-comments-opened=\"0\" data-image-meta=\"{&quot;aperture&quot;:&quot;0&quot;,&quot;credit&quot;:&quot;&quot;,&quot;camera&quot;:&quot;&quot;,&quot;caption&quot;:&quot;&quot;,&quot;created_timestamp&quot;:&quot;0&quot;,&quot;copyright&quot;:&quot;&quot;,&quot;focal_length&quot;:&quot;0&quot;,&quot;iso&quot;:&quot;0&quot;,&quot;shutter_speed&quot;:&quot;0&quot;,&quot;title&quot;:&quot;&quot;,&quot;orientation&quot;:&quot;0&quot;}\" data-image-title=\"cociendo\" data-image-description=\"\" data-image-caption=\"\" data-large-file=\"https:\/\/i0.wp.com\/le-fort.org\/cocina\/wp-content\/uploads\/2013\/03\/cociendo.jpg?fit=960%2C600&amp;ssl=1\" class=\"aligncenter size-full wp-image-6121\" src=\"https:\/\/i0.wp.com\/www.le-fort.org\/wp-content\/uploads\/2013\/03\/cociendo.jpg?resize=960%2C600&#038;ssl=1\" alt=\"cociendo\" width=\"960\" height=\"600\" srcset=\"https:\/\/i0.wp.com\/le-fort.org\/cocina\/wp-content\/uploads\/2013\/03\/cociendo.jpg?w=960&amp;ssl=1 960w, https:\/\/i0.wp.com\/le-fort.org\/cocina\/wp-content\/uploads\/2013\/03\/cociendo.jpg?resize=600%2C375&amp;ssl=1 600w\" sizes=\"auto, (max-width: 960px) 100vw, 960px\" \/><\/p>\n<p>&nbsp;<\/p>\n<p><span style=\"line-height: 1.714285714; font-size: 1rem;\">La masa se divide en dos. Con una parte, uslereada finita, se forra la lata del horno<\/span><br \/>\nenmantequillada.La masa debe sobrepasar el borde.<\/p>\n<p><img data-recalc-dims=\"1\" loading=\"lazy\" decoding=\"async\" data-attachment-id=\"6124\" data-permalink=\"https:\/\/le-fort.org\/cocina\/empanada-gallega-de-mi-mami\/masa-5\/\" data-orig-file=\"https:\/\/i0.wp.com\/le-fort.org\/cocina\/wp-content\/uploads\/2013\/03\/masa.jpg?fit=960%2C600&amp;ssl=1\" data-orig-size=\"960,600\" data-comments-opened=\"0\" data-image-meta=\"{&quot;aperture&quot;:&quot;0&quot;,&quot;credit&quot;:&quot;&quot;,&quot;camera&quot;:&quot;&quot;,&quot;caption&quot;:&quot;&quot;,&quot;created_timestamp&quot;:&quot;0&quot;,&quot;copyright&quot;:&quot;&quot;,&quot;focal_length&quot;:&quot;0&quot;,&quot;iso&quot;:&quot;0&quot;,&quot;shutter_speed&quot;:&quot;0&quot;,&quot;title&quot;:&quot;&quot;,&quot;orientation&quot;:&quot;0&quot;}\" data-image-title=\"masa\" data-image-description=\"\" data-image-caption=\"\" data-large-file=\"https:\/\/i0.wp.com\/le-fort.org\/cocina\/wp-content\/uploads\/2013\/03\/masa.jpg?fit=960%2C600&amp;ssl=1\" class=\"aligncenter size-full wp-image-6124\" src=\"https:\/\/i0.wp.com\/www.le-fort.org\/wp-content\/uploads\/2013\/03\/masa.jpg?resize=960%2C600&#038;ssl=1\" alt=\"masa\" width=\"960\" height=\"600\" srcset=\"https:\/\/i0.wp.com\/le-fort.org\/cocina\/wp-content\/uploads\/2013\/03\/masa.jpg?w=960&amp;ssl=1 960w, https:\/\/i0.wp.com\/le-fort.org\/cocina\/wp-content\/uploads\/2013\/03\/masa.jpg?resize=600%2C375&amp;ssl=1 600w\" sizes=\"auto, (max-width: 960px) 100vw, 960px\" \/><\/p>\n<p>&nbsp;<\/p>\n<p><a href=\"https:\/\/i0.wp.com\/le-fort.org\/wp-content\/uploads\/2013\/03\/molde.jpg?ssl=1\"><img data-recalc-dims=\"1\" loading=\"lazy\" decoding=\"async\" data-attachment-id=\"6125\" data-permalink=\"https:\/\/le-fort.org\/cocina\/empanada-gallega-de-mi-mami\/molde-2\/\" data-orig-file=\"https:\/\/i0.wp.com\/le-fort.org\/cocina\/wp-content\/uploads\/2013\/03\/molde.jpg?fit=960%2C600&amp;ssl=1\" data-orig-size=\"960,600\" data-comments-opened=\"0\" data-image-meta=\"{&quot;aperture&quot;:&quot;0&quot;,&quot;credit&quot;:&quot;&quot;,&quot;camera&quot;:&quot;&quot;,&quot;caption&quot;:&quot;&quot;,&quot;created_timestamp&quot;:&quot;0&quot;,&quot;copyright&quot;:&quot;&quot;,&quot;focal_length&quot;:&quot;0&quot;,&quot;iso&quot;:&quot;0&quot;,&quot;shutter_speed&quot;:&quot;0&quot;,&quot;title&quot;:&quot;&quot;,&quot;orientation&quot;:&quot;0&quot;}\" data-image-title=\"molde\" data-image-description=\"\" data-image-caption=\"\" data-large-file=\"https:\/\/i0.wp.com\/le-fort.org\/cocina\/wp-content\/uploads\/2013\/03\/molde.jpg?fit=960%2C600&amp;ssl=1\" class=\"aligncenter size-full wp-image-6125\" src=\"https:\/\/i0.wp.com\/www.le-fort.org\/wp-content\/uploads\/2013\/03\/molde.jpg?resize=960%2C600&#038;ssl=1\" alt=\"molde\" width=\"960\" height=\"600\" srcset=\"https:\/\/i0.wp.com\/le-fort.org\/cocina\/wp-content\/uploads\/2013\/03\/molde.jpg?w=960&amp;ssl=1 960w, https:\/\/i0.wp.com\/le-fort.org\/cocina\/wp-content\/uploads\/2013\/03\/molde.jpg?resize=600%2C375&amp;ssl=1 600w\" sizes=\"auto, (max-width: 960px) 100vw, 960px\" \/><\/a><\/p>\n<p><span style=\"line-height: 1.714285714; font-size: 1rem;\">Se echa el relleno y se tapa con el resto de la masa, uslereada finita. Se enrolla en el uslero y se pone sobre la empanada y se va desenrollando. El borde: hay que hacer un repulgue con la masa de la base. Se pincha la superficie con un tenedor.<\/span><\/p>\n<p><img data-recalc-dims=\"1\" loading=\"lazy\" decoding=\"async\" data-attachment-id=\"6127\" data-permalink=\"https:\/\/le-fort.org\/cocina\/empanada-gallega-de-mi-mami\/tapada\/\" data-orig-file=\"https:\/\/i0.wp.com\/le-fort.org\/cocina\/wp-content\/uploads\/2013\/03\/tapada.jpg?fit=960%2C600&amp;ssl=1\" data-orig-size=\"960,600\" data-comments-opened=\"0\" data-image-meta=\"{&quot;aperture&quot;:&quot;0&quot;,&quot;credit&quot;:&quot;&quot;,&quot;camera&quot;:&quot;&quot;,&quot;caption&quot;:&quot;&quot;,&quot;created_timestamp&quot;:&quot;0&quot;,&quot;copyright&quot;:&quot;&quot;,&quot;focal_length&quot;:&quot;0&quot;,&quot;iso&quot;:&quot;0&quot;,&quot;shutter_speed&quot;:&quot;0&quot;,&quot;title&quot;:&quot;&quot;,&quot;orientation&quot;:&quot;0&quot;}\" data-image-title=\"tapada\" data-image-description=\"\" data-image-caption=\"\" data-large-file=\"https:\/\/i0.wp.com\/le-fort.org\/cocina\/wp-content\/uploads\/2013\/03\/tapada.jpg?fit=960%2C600&amp;ssl=1\" class=\"aligncenter size-full wp-image-6127\" src=\"https:\/\/i0.wp.com\/www.le-fort.org\/wp-content\/uploads\/2013\/03\/tapada.jpg?resize=960%2C600&#038;ssl=1\" alt=\"tapada\" width=\"960\" height=\"600\" srcset=\"https:\/\/i0.wp.com\/le-fort.org\/cocina\/wp-content\/uploads\/2013\/03\/tapada.jpg?w=960&amp;ssl=1 960w, https:\/\/i0.wp.com\/le-fort.org\/cocina\/wp-content\/uploads\/2013\/03\/tapada.jpg?resize=600%2C375&amp;ssl=1 600w\" sizes=\"auto, (max-width: 960px) 100vw, 960px\" \/><\/p>\n<p>Una prima de mi madre hac\u00eda una &#8220;chimenea&#8221; metiendo el dedo gordo en la mitad de la empanada. Queda un hoyo. Opcionalmente, se pinta la superficie con huevo batido.<\/p>\n<p><img data-recalc-dims=\"1\" loading=\"lazy\" decoding=\"async\" data-attachment-id=\"6120\" data-permalink=\"https:\/\/le-fort.org\/cocina\/empanada-gallega-de-mi-mami\/agujero\/\" data-orig-file=\"https:\/\/i0.wp.com\/le-fort.org\/cocina\/wp-content\/uploads\/2013\/03\/agujero.jpg?fit=960%2C600&amp;ssl=1\" data-orig-size=\"960,600\" data-comments-opened=\"0\" data-image-meta=\"{&quot;aperture&quot;:&quot;0&quot;,&quot;credit&quot;:&quot;&quot;,&quot;camera&quot;:&quot;&quot;,&quot;caption&quot;:&quot;&quot;,&quot;created_timestamp&quot;:&quot;0&quot;,&quot;copyright&quot;:&quot;&quot;,&quot;focal_length&quot;:&quot;0&quot;,&quot;iso&quot;:&quot;0&quot;,&quot;shutter_speed&quot;:&quot;0&quot;,&quot;title&quot;:&quot;&quot;,&quot;orientation&quot;:&quot;0&quot;}\" data-image-title=\"agujero\" data-image-description=\"\" data-image-caption=\"\" data-large-file=\"https:\/\/i0.wp.com\/le-fort.org\/cocina\/wp-content\/uploads\/2013\/03\/agujero.jpg?fit=960%2C600&amp;ssl=1\" class=\"aligncenter size-full wp-image-6120\" src=\"https:\/\/i0.wp.com\/www.le-fort.org\/wp-content\/uploads\/2013\/03\/agujero.jpg?resize=960%2C600&#038;ssl=1\" alt=\"agujero\" width=\"960\" height=\"600\" srcset=\"https:\/\/i0.wp.com\/le-fort.org\/cocina\/wp-content\/uploads\/2013\/03\/agujero.jpg?w=960&amp;ssl=1 960w, https:\/\/i0.wp.com\/le-fort.org\/cocina\/wp-content\/uploads\/2013\/03\/agujero.jpg?resize=600%2C375&amp;ssl=1 600w\" sizes=\"auto, (max-width: 960px) 100vw, 960px\" \/><br \/>\nEsto va a horno suave por 30, 45 minutos. Hay que ver que est\u00e9 dorada.<\/p>\n<figure id=\"attachment_6123\" aria-describedby=\"caption-attachment-6123\" style=\"width: 960px\" class=\"wp-caption aligncenter\"><img data-recalc-dims=\"1\" loading=\"lazy\" decoding=\"async\" data-attachment-id=\"6123\" data-permalink=\"https:\/\/le-fort.org\/cocina\/empanada-gallega-de-mi-mami\/horneada-2\/\" data-orig-file=\"https:\/\/i0.wp.com\/le-fort.org\/cocina\/wp-content\/uploads\/2013\/03\/horneada.jpg?fit=960%2C600&amp;ssl=1\" data-orig-size=\"960,600\" data-comments-opened=\"0\" data-image-meta=\"{&quot;aperture&quot;:&quot;0&quot;,&quot;credit&quot;:&quot;&quot;,&quot;camera&quot;:&quot;&quot;,&quot;caption&quot;:&quot;&quot;,&quot;created_timestamp&quot;:&quot;0&quot;,&quot;copyright&quot;:&quot;&quot;,&quot;focal_length&quot;:&quot;0&quot;,&quot;iso&quot;:&quot;0&quot;,&quot;shutter_speed&quot;:&quot;0&quot;,&quot;title&quot;:&quot;&quot;,&quot;orientation&quot;:&quot;0&quot;}\" data-image-title=\"horneada\" data-image-description=\"\" data-image-caption=\"&lt;p&gt;Empanada gallega&lt;\/p&gt;\n\" data-large-file=\"https:\/\/i0.wp.com\/le-fort.org\/cocina\/wp-content\/uploads\/2013\/03\/horneada.jpg?fit=960%2C600&amp;ssl=1\" class=\"size-full wp-image-6123\" src=\"https:\/\/i0.wp.com\/www.le-fort.org\/wp-content\/uploads\/2013\/03\/horneada.jpg?resize=960%2C600&#038;ssl=1\" alt=\"Empanada gallega\" width=\"960\" height=\"600\" srcset=\"https:\/\/i0.wp.com\/le-fort.org\/cocina\/wp-content\/uploads\/2013\/03\/horneada.jpg?w=960&amp;ssl=1 960w, https:\/\/i0.wp.com\/le-fort.org\/cocina\/wp-content\/uploads\/2013\/03\/horneada.jpg?resize=600%2C375&amp;ssl=1 600w\" sizes=\"auto, (max-width: 960px) 100vw, 960px\" \/><figcaption id=\"caption-attachment-6123\" class=\"wp-caption-text\">Empanada gallega<\/figcaption><\/figure>\n<p>Est\u00e1 lista para comer. Se puede comer caliente, tibia o fr\u00eda. Como m\u00e1s nos gusta es tibia, porque el relleno es menos propenso a desarmarse.<\/p>\n<p><img data-recalc-dims=\"1\" loading=\"lazy\" decoding=\"async\" data-attachment-id=\"6129\" data-permalink=\"https:\/\/le-fort.org\/cocina\/empanada-gallega-de-mi-mami\/empanada-lista-3\/\" data-orig-file=\"https:\/\/i0.wp.com\/le-fort.org\/cocina\/wp-content\/uploads\/2013\/03\/empanada-lista.jpg?fit=960%2C600&amp;ssl=1\" data-orig-size=\"960,600\" data-comments-opened=\"0\" data-image-meta=\"{&quot;aperture&quot;:&quot;0&quot;,&quot;credit&quot;:&quot;&quot;,&quot;camera&quot;:&quot;&quot;,&quot;caption&quot;:&quot;&quot;,&quot;created_timestamp&quot;:&quot;0&quot;,&quot;copyright&quot;:&quot;&quot;,&quot;focal_length&quot;:&quot;0&quot;,&quot;iso&quot;:&quot;0&quot;,&quot;shutter_speed&quot;:&quot;0&quot;,&quot;title&quot;:&quot;&quot;,&quot;orientation&quot;:&quot;0&quot;}\" data-image-title=\"empanada-lista\" data-image-description=\"\" data-image-caption=\"\" data-large-file=\"https:\/\/i0.wp.com\/le-fort.org\/cocina\/wp-content\/uploads\/2013\/03\/empanada-lista.jpg?fit=960%2C600&amp;ssl=1\" class=\"aligncenter size-full wp-image-6129\" src=\"https:\/\/i0.wp.com\/www.le-fort.org\/wp-content\/uploads\/2013\/03\/empanada-lista.jpg?resize=960%2C600&#038;ssl=1\" alt=\"empanada-lista\" width=\"960\" height=\"600\" srcset=\"https:\/\/i0.wp.com\/le-fort.org\/cocina\/wp-content\/uploads\/2013\/03\/empanada-lista.jpg?w=960&amp;ssl=1 960w, https:\/\/i0.wp.com\/le-fort.org\/cocina\/wp-content\/uploads\/2013\/03\/empanada-lista.jpg?resize=600%2C375&amp;ssl=1 600w\" sizes=\"auto, (max-width: 960px) 100vw, 960px\" \/><\/p>\n<p>La empanada gallega es un soporte en el que cabe cualquier relleno. Es cosa de ponerse a experimentar.<\/p>\n<p>Se vienen m\u00faltiples versiones pronto.<\/p>\n","protected":false},"excerpt":{"rendered":"<p>Receta de Empanada Gallega de pescado, que pas\u00f3 de mi abuela a mi madre y de mi madre al correo electr\u00f3nico.<\/p>\n","protected":false},"author":1,"featured_media":6122,"comment_status":"open","ping_status":"closed","sticky":false,"template":"","format":"standard","meta":{"_jetpack_newsletter_access":"","_jetpack_dont_email_post_to_subs":true,"_jetpack_newsletter_tier_id":0,"_jetpack_memberships_contains_paywalled_content":false,"_jetpack_memberships_contains_paid_content":false,"footnotes":""},"categories":[19],"tags":[113,46,351,739],"class_list":["post-3378","post","type-post","status-publish","format-standard","has-post-thumbnail","hentry","category-cocina-comida","tag-comida-espanola","tag-empanadas","tag-recetas","tag-recetas-de-la-nena","entry","has-media"],"jetpack_featured_media_url":"https:\/\/i0.wp.com\/le-fort.org\/cocina\/wp-content\/uploads\/2013\/03\/empanada-hd.jpg?fit=1200%2C400&ssl=1","jetpack_shortlink":"https:\/\/wp.me\/pghKer-Su","jetpack_sharing_enabled":true,"jetpack-related-posts":[{"id":13183,"url":"https:\/\/le-fort.org\/cocina\/sobre-la-controversia-de-las-pasas-en-la-empanada-chilena\/","url_meta":{"origin":3378,"position":0},"title":"Sobre la controversia de las pasas en la empanada chilena","author":"Le-Fort.org","date":"2 de Septiembre, 2018","format":false,"excerpt":"Ahora que se acercan las fiestas patrias de Chile, recrudece una vez m\u00e1s el debate sobre las pasas en la empanada de pino. Aqu\u00ed algunos datos de inter\u00e9s, que comenzaron como un hilo de Twitter. Actualizaci\u00f3n: aparecimos en emol con la historia de las pasas. https:\/\/twitter.com\/roduar\/status\/1036251712628113408 [expand title=\"Leer Art\u00edculo Completo\"\u2026","rel":"","context":"En &quot;Disquisiciones&quot;","block_context":{"text":"Disquisiciones","link":"https:\/\/le-fort.org\/cocina\/categoria\/disquisiciones\/"},"img":{"alt_text":"","src":"https:\/\/i0.wp.com\/le-fort.org\/cocina\/wp-content\/uploads\/2018\/04\/empanadas-hd.jpg?fit=1200%2C400&ssl=1&resize=350%2C200","width":350,"height":200,"srcset":"https:\/\/i0.wp.com\/le-fort.org\/cocina\/wp-content\/uploads\/2018\/04\/empanadas-hd.jpg?fit=1200%2C400&ssl=1&resize=350%2C200 1x, https:\/\/i0.wp.com\/le-fort.org\/cocina\/wp-content\/uploads\/2018\/04\/empanadas-hd.jpg?fit=1200%2C400&ssl=1&resize=525%2C300 1.5x, https:\/\/i0.wp.com\/le-fort.org\/cocina\/wp-content\/uploads\/2018\/04\/empanadas-hd.jpg?fit=1200%2C400&ssl=1&resize=700%2C400 2x, https:\/\/i0.wp.com\/le-fort.org\/cocina\/wp-content\/uploads\/2018\/04\/empanadas-hd.jpg?fit=1200%2C400&ssl=1&resize=1050%2C600 3x"},"classes":[]},{"id":643,"url":"https:\/\/le-fort.org\/cocina\/empanadas-fritas-de-queso\/","url_meta":{"origin":3378,"position":1},"title":"Empanadas fritas de queso","author":"Le-Fort.org","date":"4 de Agosto, 2011","format":false,"excerpt":"Receta de las empanadas fritas de queso. Son muy simples de hacer.","rel":"","context":"En &quot;Comida&quot;","block_context":{"text":"Comida","link":"https:\/\/le-fort.org\/cocina\/categoria\/cocina-comida\/"},"img":{"alt_text":"","src":"https:\/\/i0.wp.com\/le-fort.org\/cocina\/wp-content\/uploads\/2011\/08\/de-queso-hd.jpg?fit=1200%2C400&ssl=1&resize=350%2C200","width":350,"height":200,"srcset":"https:\/\/i0.wp.com\/le-fort.org\/cocina\/wp-content\/uploads\/2011\/08\/de-queso-hd.jpg?fit=1200%2C400&ssl=1&resize=350%2C200 1x, https:\/\/i0.wp.com\/le-fort.org\/cocina\/wp-content\/uploads\/2011\/08\/de-queso-hd.jpg?fit=1200%2C400&ssl=1&resize=525%2C300 1.5x, https:\/\/i0.wp.com\/le-fort.org\/cocina\/wp-content\/uploads\/2011\/08\/de-queso-hd.jpg?fit=1200%2C400&ssl=1&resize=700%2C400 2x, https:\/\/i0.wp.com\/le-fort.org\/cocina\/wp-content\/uploads\/2011\/08\/de-queso-hd.jpg?fit=1200%2C400&ssl=1&resize=1050%2C600 3x"},"classes":[]},{"id":5742,"url":"https:\/\/le-fort.org\/cocina\/empanadas-de-pino-tipicas-empanadas-chilenas\/","url_meta":{"origin":3378,"position":2},"title":"Empanadas de Pino, T\u00edpicas Empanadas Chilenas","author":"Le-Fort.org","date":"21 de Septiembre, 2014","format":false,"excerpt":"Receta de Empanadas t\u00edpicas chilenas, llamadas \"empanadas de pino\" en Chile. Son empanadas horneadas con relleno de carne picada, cebolla y otros condimentos que puedes ver en la receta.","rel":"","context":"En &quot;Recetas&quot;","block_context":{"text":"Recetas","link":"https:\/\/le-fort.org\/cocina\/categoria\/recetas\/"},"img":{"alt_text":"","src":"https:\/\/i0.wp.com\/le-fort.org\/cocina\/wp-content\/uploads\/2014\/09\/empanada-de-pino-hd.jpg?fit=1200%2C400&ssl=1&resize=350%2C200","width":350,"height":200,"srcset":"https:\/\/i0.wp.com\/le-fort.org\/cocina\/wp-content\/uploads\/2014\/09\/empanada-de-pino-hd.jpg?fit=1200%2C400&ssl=1&resize=350%2C200 1x, https:\/\/i0.wp.com\/le-fort.org\/cocina\/wp-content\/uploads\/2014\/09\/empanada-de-pino-hd.jpg?fit=1200%2C400&ssl=1&resize=525%2C300 1.5x, https:\/\/i0.wp.com\/le-fort.org\/cocina\/wp-content\/uploads\/2014\/09\/empanada-de-pino-hd.jpg?fit=1200%2C400&ssl=1&resize=700%2C400 2x, https:\/\/i0.wp.com\/le-fort.org\/cocina\/wp-content\/uploads\/2014\/09\/empanada-de-pino-hd.jpg?fit=1200%2C400&ssl=1&resize=1050%2C600 3x"},"classes":[]},{"id":4603,"url":"https:\/\/le-fort.org\/cocina\/empanadas-de-platano-y-nutella\/","url_meta":{"origin":3378,"position":3},"title":"Empanadas de Pl\u00e1tano y Nutella","author":"Le-Fort.org","date":"5 de Julio, 2013","format":false,"excerpt":"Empanadas de Pl\u00e1tano y Nutella. F\u00e1ciles, r\u00e1pidas y excelentes.","rel":"","context":"En &quot;Recetas&quot;","block_context":{"text":"Recetas","link":"https:\/\/le-fort.org\/cocina\/categoria\/recetas\/"},"img":{"alt_text":"","src":"https:\/\/i0.wp.com\/le-fort.org\/cocina\/wp-content\/uploads\/2013\/07\/nutella-hd.jpg?fit=700%2C350&ssl=1&resize=350%2C200","width":350,"height":200,"srcset":"https:\/\/i0.wp.com\/le-fort.org\/cocina\/wp-content\/uploads\/2013\/07\/nutella-hd.jpg?fit=700%2C350&ssl=1&resize=350%2C200 1x, https:\/\/i0.wp.com\/le-fort.org\/cocina\/wp-content\/uploads\/2013\/07\/nutella-hd.jpg?fit=700%2C350&ssl=1&resize=525%2C300 1.5x, https:\/\/i0.wp.com\/le-fort.org\/cocina\/wp-content\/uploads\/2013\/07\/nutella-hd.jpg?fit=700%2C350&ssl=1&resize=700%2C400 2x"},"classes":[]},{"id":1590,"url":"https:\/\/le-fort.org\/cocina\/receta-de-pizza\/","url_meta":{"origin":3378,"position":4},"title":"Receta de Pizza","author":"Le-Fort.org","date":"13 de Noviembre, 2011","format":false,"excerpt":"Receta de pizza, partiendo con la masa, de ah\u00ed en adelante. Sugerencias de rellenos.","rel":"","context":"En &quot;Comida&quot;","block_context":{"text":"Comida","link":"https:\/\/le-fort.org\/cocina\/categoria\/cocina-comida\/"},"img":{"alt_text":"","src":"https:\/\/i0.wp.com\/le-fort.org\/cocina\/wp-content\/uploads\/2011\/11\/p.jpg?fit=614%2C225&ssl=1&resize=350%2C200","width":350,"height":200,"srcset":"https:\/\/i0.wp.com\/le-fort.org\/cocina\/wp-content\/uploads\/2011\/11\/p.jpg?fit=614%2C225&ssl=1&resize=350%2C200 1x, https:\/\/i0.wp.com\/le-fort.org\/cocina\/wp-content\/uploads\/2011\/11\/p.jpg?fit=614%2C225&ssl=1&resize=525%2C300 1.5x"},"classes":[]},{"id":11343,"url":"https:\/\/le-fort.org\/cocina\/empanadas-chilenas-en-cuenca\/","url_meta":{"origin":3378,"position":5},"title":"Empanadas Chilenas en Cuenca (I: Trigo Pan)","author":"Le-Fort.org","date":"9 de Enero, 2018","format":false,"excerpt":"Caminando el otro d\u00eda encontramos un caf\u00e9 con buenas empanadas chilenas en Cuenca, Ecuador.\u00a0 Queda en Av. 12 de Abril con Av. Solano, y la verdad es que fue un descubrimiento. El nombre es panader\u00eda trigo pan y lo atienden ecuatorianos que aprendieron de chilenos, y aprendieron muy bien. Ofrecen\u2026","rel":"","context":"En &quot;Ecuador&quot;","block_context":{"text":"Ecuador","link":"https:\/\/le-fort.org\/cocina\/categoria\/ecuador\/"},"img":{"alt_text":"","src":"https:\/\/i0.wp.com\/le-fort.org\/cocina\/wp-content\/uploads\/2018\/01\/empanada-hd.jpg?fit=1200%2C400&ssl=1&resize=350%2C200","width":350,"height":200,"srcset":"https:\/\/i0.wp.com\/le-fort.org\/cocina\/wp-content\/uploads\/2018\/01\/empanada-hd.jpg?fit=1200%2C400&ssl=1&resize=350%2C200 1x, https:\/\/i0.wp.com\/le-fort.org\/cocina\/wp-content\/uploads\/2018\/01\/empanada-hd.jpg?fit=1200%2C400&ssl=1&resize=525%2C300 1.5x, https:\/\/i0.wp.com\/le-fort.org\/cocina\/wp-content\/uploads\/2018\/01\/empanada-hd.jpg?fit=1200%2C400&ssl=1&resize=700%2C400 2x, https:\/\/i0.wp.com\/le-fort.org\/cocina\/wp-content\/uploads\/2018\/01\/empanada-hd.jpg?fit=1200%2C400&ssl=1&resize=1050%2C600 3x"},"classes":[]}],"_links":{"self":[{"href":"https:\/\/le-fort.org\/cocina\/wp-json\/wp\/v2\/posts\/3378","targetHints":{"allow":["GET"]}}],"collection":[{"href":"https:\/\/le-fort.org\/cocina\/wp-json\/wp\/v2\/posts"}],"about":[{"href":"https:\/\/le-fort.org\/cocina\/wp-json\/wp\/v2\/types\/post"}],"author":[{"embeddable":true,"href":"https:\/\/le-fort.org\/cocina\/wp-json\/wp\/v2\/users\/1"}],"replies":[{"embeddable":true,"href":"https:\/\/le-fort.org\/cocina\/wp-json\/wp\/v2\/comments?post=3378"}],"version-history":[{"count":0,"href":"https:\/\/le-fort.org\/cocina\/wp-json\/wp\/v2\/posts\/3378\/revisions"}],"wp:featuredmedia":[{"embeddable":true,"href":"https:\/\/le-fort.org\/cocina\/wp-json\/wp\/v2\/media\/6122"}],"wp:attachment":[{"href":"https:\/\/le-fort.org\/cocina\/wp-json\/wp\/v2\/media?parent=3378"}],"wp:term":[{"taxonomy":"category","embeddable":true,"href":"https:\/\/le-fort.org\/cocina\/wp-json\/wp\/v2\/categories?post=3378"},{"taxonomy":"post_tag","embeddable":true,"href":"https:\/\/le-fort.org\/cocina\/wp-json\/wp\/v2\/tags?post=3378"}],"curies":[{"name":"wp","href":"https:\/\/api.w.org\/{rel}","templated":true}]}}