{"id":344,"date":"2012-01-10T09:53:57","date_gmt":"2012-01-10T12:53:57","guid":{"rendered":"http:\/\/www.unblog.cl\/sandwich\/?p=344"},"modified":"2021-12-12T12:19:57","modified_gmt":"2021-12-12T17:19:57","slug":"mechada-luco-pimenton-la-busqueda-continua","status":"publish","type":"post","link":"https:\/\/le-fort.org\/cocina\/mechada-luco-pimenton-la-busqueda-continua\/","title":{"rendered":"Mechada Luco Piment\u00f3n. La b\u00fasqueda contin\u00faa"},"content":{"rendered":"<p>Coment\u00e1bamos de la mala idea que fue el <a title=\"Barros Luco piment\u00f3n\" href=\"https:\/\/le-fort.org\/barros-luco-pimiento-experimento-poco-afortunado\/\">Barros Luco Piment\u00f3n<\/a>. En su ejecuci\u00f3n, no en principio.<\/p>\n<figure style=\"width: 432px\" class=\"wp-caption aligncenter\"><figcaption class=\"wp-caption-text\">Mechada Luco Piment\u00f3n del Domin\u00f3<\/figcaption><\/figure>\n<p>Otra vuelta de tuerca fue much\u00edsimo mejor. Mechada Luco Piment\u00f3n en marraqueta, en un Domin\u00f3. De esas entradas como por casualidad hambrienta en un Domin\u00f3 previamente desconocido (11 de septiembre casi con Guardia Vieja).<!--more--><\/p>\n<p>Los problemas del Barros Luco Piment\u00f3n fueron subsanados.\u00a0El s\u00e1nguche resisti\u00f3 mucho mejor el l\u00edquido, debido a ser un pan m\u00e1s resistente y a ser un s\u00e1nguche m\u00e1s seco.<\/p>\n<p>Es una buena combinaci\u00f3n, casi como para ponerle nombre.<\/p>\n","protected":false},"excerpt":{"rendered":"<p>Coment\u00e1bamos de la mala idea que fue el Barros Luco Piment\u00f3n. En su ejecuci\u00f3n, no en principio. Otra vuelta de tuerca fue much\u00edsimo mejor. Mechada Luco Piment\u00f3n en marraqueta, en un Domin\u00f3. De esas entradas como por casualidad hambrienta en un Domin\u00f3 previamente desconocido (11 de septiembre casi con Guardia Vieja).<\/p>\n","protected":false},"author":6,"featured_media":0,"comment_status":"open","ping_status":"closed","sticky":false,"template":"","format":"standard","meta":{"_jetpack_newsletter_access":"","_jetpack_dont_email_post_to_subs":true,"_jetpack_newsletter_tier_id":0,"_jetpack_memberships_contains_paywalled_content":false,"_jetpack_memberships_contains_paid_content":false,"footnotes":""},"categories":[416],"tags":[433,198,417,422,644],"class_list":["post-344","post","type-post","status-publish","format-standard","hentry","category-mechada","tag-domino","tag-marraqueta","tag-mechada","tag-pimiento","tag-quesos","entry"],"jetpack_featured_media_url":"","jetpack_shortlink":"https:\/\/wp.me\/pghKer-5y","jetpack_sharing_enabled":true,"jetpack-related-posts":[{"id":331,"url":"https:\/\/le-fort.org\/cocina\/mechada-luco-del-imperio\/","url_meta":{"origin":344,"position":0},"title":"Mechada Luco del Imperio","author":"Maestro Sanguchero","date":"13 de Diciembre, 2011","format":false,"excerpt":"Gracias al post de sanguches conoc\u00ed la existencia del Imperio. Mi padre trabaja cerca, por lo que se lo mencion\u00e9, y s\u00ed: lo conoc\u00eda. Es un lugar de prestigio entre quienes trabajan en la zona. Hoy me invit\u00f3 a almorzar all\u00e1, como parte de mi educaci\u00f3n. Caminamos hasta el lugar,\u2026","rel":"","context":"En &quot;Chile&quot;","block_context":{"text":"Chile","link":"https:\/\/le-fort.org\/cocina\/categoria\/chile\/"},"img":{"alt_text":"","src":"","width":0,"height":0},"classes":[]},{"id":1441,"url":"https:\/\/le-fort.org\/cocina\/la-mechada-nacional\/","url_meta":{"origin":344,"position":1},"title":"La Mechada Nacional","author":"Maestro Sanguchero","date":"7 de Noviembre, 2014","format":false,"excerpt":"S\u00e1nguches de mechada en pan italiano o marraqueta de La Mechada Nacional. Rese\u00f1a de Gonzalo Duarte.","rel":"","context":"En &quot;Chile&quot;","block_context":{"text":"Chile","link":"https:\/\/le-fort.org\/cocina\/categoria\/chile\/"},"img":{"alt_text":"","src":"https:\/\/i0.wp.com\/le-fort.org\/cocina\/wp-content\/uploads\/2014\/11\/mechada-nacional.jpg?fit=700%2C500&ssl=1&resize=350%2C200","width":350,"height":200,"srcset":"https:\/\/i0.wp.com\/le-fort.org\/cocina\/wp-content\/uploads\/2014\/11\/mechada-nacional.jpg?fit=700%2C500&ssl=1&resize=350%2C200 1x, https:\/\/i0.wp.com\/le-fort.org\/cocina\/wp-content\/uploads\/2014\/11\/mechada-nacional.jpg?fit=700%2C500&ssl=1&resize=525%2C300 1.5x, https:\/\/i0.wp.com\/le-fort.org\/cocina\/wp-content\/uploads\/2014\/11\/mechada-nacional.jpg?fit=700%2C500&ssl=1&resize=700%2C400 2x"},"classes":[]},{"id":1679,"url":"https:\/\/le-fort.org\/cocina\/mechada-luco-casera-en-pan-de-molde\/","url_meta":{"origin":344,"position":2},"title":"Mechada Luco Casera: En Pan de Molde","author":"Maestro Sanguchero","date":"28 de Marzo, 2015","format":false,"excerpt":"Hay ocasiones en que los astros se alinean. Nuestros amigos Ricardo y Yadira de La Ideota Guest House vinieron a visitarnos con una hermosa pieza de carne llamada Sal\u00f3n, que es ideal para preparar carne mechada. La carne fue mechada con ajo y zanahoria y cocida en olla a presi\u00f3n\u2026","rel":"","context":"En &quot;Mechada&quot;","block_context":{"text":"Mechada","link":"https:\/\/le-fort.org\/cocina\/categoria\/mechada\/"},"img":{"alt_text":"","src":"https:\/\/i0.wp.com\/le-fort.org\/cocina\/wp-content\/uploads\/2015\/03\/mechada-luco-hd-1.jpg?fit=1200%2C400&ssl=1&resize=350%2C200","width":350,"height":200,"srcset":"https:\/\/i0.wp.com\/le-fort.org\/cocina\/wp-content\/uploads\/2015\/03\/mechada-luco-hd-1.jpg?fit=1200%2C400&ssl=1&resize=350%2C200 1x, https:\/\/i0.wp.com\/le-fort.org\/cocina\/wp-content\/uploads\/2015\/03\/mechada-luco-hd-1.jpg?fit=1200%2C400&ssl=1&resize=525%2C300 1.5x, https:\/\/i0.wp.com\/le-fort.org\/cocina\/wp-content\/uploads\/2015\/03\/mechada-luco-hd-1.jpg?fit=1200%2C400&ssl=1&resize=700%2C400 2x, https:\/\/i0.wp.com\/le-fort.org\/cocina\/wp-content\/uploads\/2015\/03\/mechada-luco-hd-1.jpg?fit=1200%2C400&ssl=1&resize=1050%2C600 3x"},"classes":[]},{"id":582,"url":"https:\/\/le-fort.org\/cocina\/mechada-luco-casera\/","url_meta":{"origin":344,"position":3},"title":"Mechada Luco Casera","author":"Maestro Sanguchero","date":"1 de Enero, 2013","format":false,"excerpt":"Mechada Luco Casera, con carne mechada en casa, pan hecho en casa, queso y mantequilla.","rel":"","context":"En &quot;Hecho en casa&quot;","block_context":{"text":"Hecho en casa","link":"https:\/\/le-fort.org\/cocina\/categoria\/hecho-en-casa\/"},"img":{"alt_text":"Ingredientes","src":"https:\/\/i0.wp.com\/www.le-fort.org\/wp-content\/uploads\/2013\/01\/2013-01-01_10-17-51_15.jpg?resize=350%2C200&ssl=1","width":350,"height":200,"srcset":"https:\/\/i0.wp.com\/www.le-fort.org\/wp-content\/uploads\/2013\/01\/2013-01-01_10-17-51_15.jpg?resize=350%2C200&ssl=1 1x, https:\/\/i0.wp.com\/www.le-fort.org\/wp-content\/uploads\/2013\/01\/2013-01-01_10-17-51_15.jpg?resize=525%2C300&ssl=1 1.5x"},"classes":[]},{"id":7140,"url":"https:\/\/le-fort.org\/cocina\/barros-luco-churrasco-con-queso-derretido\/","url_meta":{"origin":344,"position":4},"title":"Barros Luco: Churrasco con queso derretido","author":"Maestro Sanguchero","date":"19 de Diciembre, 2009","format":false,"excerpt":"El Barros Luco es el simple s\u00e1ndwich de churrasco con queso derretido, as\u00ed llamado por un pol\u00edtico chileno muy asiduo al s\u00e1ndwich.","rel":"","context":"En &quot;Sandwich&quot;","block_context":{"text":"Sandwich","link":"https:\/\/le-fort.org\/cocina\/categoria\/sandwich\/"},"img":{"alt_text":"","src":"https:\/\/i0.wp.com\/le-fort.org\/cocina\/wp-content\/uploads\/2015\/12\/barros-luco-tocino-hd.jpg?fit=1200%2C400&ssl=1&resize=350%2C200","width":350,"height":200,"srcset":"https:\/\/i0.wp.com\/le-fort.org\/cocina\/wp-content\/uploads\/2015\/12\/barros-luco-tocino-hd.jpg?fit=1200%2C400&ssl=1&resize=350%2C200 1x, https:\/\/i0.wp.com\/le-fort.org\/cocina\/wp-content\/uploads\/2015\/12\/barros-luco-tocino-hd.jpg?fit=1200%2C400&ssl=1&resize=525%2C300 1.5x, https:\/\/i0.wp.com\/le-fort.org\/cocina\/wp-content\/uploads\/2015\/12\/barros-luco-tocino-hd.jpg?fit=1200%2C400&ssl=1&resize=700%2C400 2x, https:\/\/i0.wp.com\/le-fort.org\/cocina\/wp-content\/uploads\/2015\/12\/barros-luco-tocino-hd.jpg?fit=1200%2C400&ssl=1&resize=1050%2C600 3x"},"classes":[]},{"id":120,"url":"https:\/\/le-fort.org\/cocina\/sobre-la-idoneidad-de-la-marraqueta-como-pan-de-sandwich\/","url_meta":{"origin":344,"position":5},"title":"Sobre la idoneidad de la marraqueta como pan de sandwich","author":"Maestro Sanguchero","date":"18 de Abril, 2010","format":false,"excerpt":"Tuvimos que alimentarnos con Pablo. Posteriormente sali\u00f3 al tapete un interesante tema: la idoneidad de la marraqueta como pan de sandwich. Esto, por su corteza dura que puede pinchar el paladar o las enc\u00edas. Es algo que sucede, en mi experiencia m\u00e1s con la baguette que con la marraqueta, y\u2026","rel":"","context":"En &quot;Cavilaciones&quot;","block_context":{"text":"Cavilaciones","link":"https:\/\/le-fort.org\/cocina\/categoria\/cavilaciones\/"},"img":{"alt_text":"Mechada italiana en Marraqueta, del Domin\u00f3","src":"https:\/\/i0.wp.com\/www.le-fort.org\/wp-content\/uploads\/2010\/04\/mechada-italiana-marrqueta-domino.jpg?resize=350%2C200&ssl=1","width":350,"height":200},"classes":[]}],"_links":{"self":[{"href":"https:\/\/le-fort.org\/cocina\/wp-json\/wp\/v2\/posts\/344","targetHints":{"allow":["GET"]}}],"collection":[{"href":"https:\/\/le-fort.org\/cocina\/wp-json\/wp\/v2\/posts"}],"about":[{"href":"https:\/\/le-fort.org\/cocina\/wp-json\/wp\/v2\/types\/post"}],"author":[{"embeddable":true,"href":"https:\/\/le-fort.org\/cocina\/wp-json\/wp\/v2\/users\/6"}],"replies":[{"embeddable":true,"href":"https:\/\/le-fort.org\/cocina\/wp-json\/wp\/v2\/comments?post=344"}],"version-history":[{"count":1,"href":"https:\/\/le-fort.org\/cocina\/wp-json\/wp\/v2\/posts\/344\/revisions"}],"predecessor-version":[{"id":15965,"href":"https:\/\/le-fort.org\/cocina\/wp-json\/wp\/v2\/posts\/344\/revisions\/15965"}],"wp:attachment":[{"href":"https:\/\/le-fort.org\/cocina\/wp-json\/wp\/v2\/media?parent=344"}],"wp:term":[{"taxonomy":"category","embeddable":true,"href":"https:\/\/le-fort.org\/cocina\/wp-json\/wp\/v2\/categories?post=344"},{"taxonomy":"post_tag","embeddable":true,"href":"https:\/\/le-fort.org\/cocina\/wp-json\/wp\/v2\/tags?post=344"}],"curies":[{"name":"wp","href":"https:\/\/api.w.org\/{rel}","templated":true}]}}