{"id":3731,"date":"2013-05-26T21:51:57","date_gmt":"2013-05-27T02:51:57","guid":{"rendered":"http:\/\/www.loquecomemos.com\/?p=3731"},"modified":"2018-09-04T08:00:10","modified_gmt":"2018-09-04T13:00:10","slug":"tallarines-al-pesto-de-albahaca","status":"publish","type":"post","link":"https:\/\/le-fort.org\/cocina\/tallarines-al-pesto-de-albahaca\/","title":{"rendered":"Tallarines con Salsa de Pesto de Albahaca"},"content":{"rendered":"<p>Todo comenz\u00f3 porque en casa de papis, a miles de kil\u00f3metros de distancia, se avis\u00f3 que hab\u00edan tallarines con <a title=\"Recetas con pesto\" href=\"https:\/\/www.le-fort.org\/sobre-el-pesto-de-albahaca\/\">pesto<\/a>.<\/p>\n<p>Somos tan tentados como copiones, por lo que decidimos hacer exactamente lo mismo.<!--more--><\/p>\n<p class=\"destacado\">Esta es parte de nuestras <a title=\"salsas para pastas y fideos\" href=\"https:\/\/www.le-fort.org\/las-mejores-salsas-para-pasta\/\">salsas para pastas<\/a>.<\/p>\n<figure id=\"attachment_5772\" aria-describedby=\"caption-attachment-5772\" style=\"width: 600px\" class=\"wp-caption aligncenter\"><a href=\"https:\/\/www.le-fort.org\/pizza-al-pesto-vegetariana\/\"><img data-recalc-dims=\"1\" loading=\"lazy\" decoding=\"async\" data-attachment-id=\"5772\" data-permalink=\"https:\/\/le-fort.org\/cocina\/pizza-al-pesto-vegetariana\/pizza-pesto-hd\/\" data-orig-file=\"https:\/\/i0.wp.com\/le-fort.org\/cocina\/wp-content\/uploads\/2014\/09\/pizza-pesto-hd.jpg?fit=1200%2C400&amp;ssl=1\" data-orig-size=\"1200,400\" data-comments-opened=\"0\" data-image-meta=\"{&quot;aperture&quot;:&quot;0&quot;,&quot;credit&quot;:&quot;&quot;,&quot;camera&quot;:&quot;&quot;,&quot;caption&quot;:&quot;&quot;,&quot;created_timestamp&quot;:&quot;0&quot;,&quot;copyright&quot;:&quot;&quot;,&quot;focal_length&quot;:&quot;0&quot;,&quot;iso&quot;:&quot;0&quot;,&quot;shutter_speed&quot;:&quot;0&quot;,&quot;title&quot;:&quot;&quot;,&quot;orientation&quot;:&quot;0&quot;}\" data-image-title=\"pizza-pesto-hd\" data-image-description=\"\" data-image-caption=\"\" data-large-file=\"https:\/\/i0.wp.com\/le-fort.org\/cocina\/wp-content\/uploads\/2014\/09\/pizza-pesto-hd.jpg?fit=1200%2C400&amp;ssl=1\" class=\"wp-image-5772 size-medium\" src=\"https:\/\/i0.wp.com\/www.le-fort.org\/wp-content\/uploads\/2014\/09\/pizza-pesto-hd-600x200.jpg?resize=600%2C200&#038;ssl=1\" alt=\"Pizza el pesto\" width=\"600\" height=\"200\" srcset=\"https:\/\/i0.wp.com\/le-fort.org\/cocina\/wp-content\/uploads\/2014\/09\/pizza-pesto-hd.jpg?resize=600%2C200&amp;ssl=1 600w, https:\/\/i0.wp.com\/le-fort.org\/cocina\/wp-content\/uploads\/2014\/09\/pizza-pesto-hd.jpg?w=1200&amp;ssl=1 1200w\" sizes=\"auto, (max-width: 600px) 100vw, 600px\" \/><\/a><figcaption id=\"caption-attachment-5772\" class=\"wp-caption-text\">\u00bfHas probado nuestra pizza al pesto?<\/figcaption><\/figure>\n<p>El pesto tiene una serie de variedades. La que decidimos hacer hoy es quasi can\u00f3nica, y es muy recomendable. La gran diferencia que tiene con la canonicidad es el uso de nueces en vez de pi\u00f1ones de pino, y el uso de queso rallado sin denominaci\u00f3n de origen. Salvo eso es pr\u00e1cticamente can\u00f3nica.<br \/>\n[expand title=&#8221;Leer Art\u00edculo Completo&#8221; trigclass=&#8221;noarrow&#8221; swaptitle=&#8221;Reducir&#8221; trigpos=&#8221;below&#8221;]<\/p>\n<figure id=\"attachment_3736\" aria-describedby=\"caption-attachment-3736\" style=\"width: 600px\" class=\"wp-caption aligncenter\"><img data-recalc-dims=\"1\" loading=\"lazy\" decoding=\"async\" data-attachment-id=\"3736\" data-permalink=\"https:\/\/le-fort.org\/cocina\/tallarines-al-pesto-de-albahaca\/ingredientes\/\" data-orig-file=\"https:\/\/i0.wp.com\/le-fort.org\/cocina\/wp-content\/uploads\/2013\/05\/ingredientes.jpg?fit=600%2C450&amp;ssl=1\" data-orig-size=\"600,450\" data-comments-opened=\"0\" data-image-meta=\"{&quot;aperture&quot;:&quot;0&quot;,&quot;credit&quot;:&quot;&quot;,&quot;camera&quot;:&quot;&quot;,&quot;caption&quot;:&quot;&quot;,&quot;created_timestamp&quot;:&quot;0&quot;,&quot;copyright&quot;:&quot;&quot;,&quot;focal_length&quot;:&quot;0&quot;,&quot;iso&quot;:&quot;0&quot;,&quot;shutter_speed&quot;:&quot;0&quot;,&quot;title&quot;:&quot;&quot;,&quot;orientation&quot;:&quot;0&quot;}\" data-image-title=\"ingredientes\" data-image-description=\"\" data-image-caption=\"&lt;p&gt;Ingredientes del pesto. En la foto no est\u00e1n ni la sal ni el queso rallado.&lt;\/p&gt;\n\" data-large-file=\"https:\/\/i0.wp.com\/le-fort.org\/cocina\/wp-content\/uploads\/2013\/05\/ingredientes.jpg?fit=600%2C450&amp;ssl=1\" class=\"size-full wp-image-3736\" src=\"https:\/\/i0.wp.com\/www.le-fort.org\/wp-content\/uploads\/2013\/05\/ingredientes.jpg?resize=600%2C450&#038;ssl=1\" alt=\"Ingredientes del pesto. En la foto no est\u00e1n ni la sal ni el queso rallado.\" width=\"600\" height=\"450\" \/><figcaption id=\"caption-attachment-3736\" class=\"wp-caption-text\">Ingredientes del pesto. En la foto no est\u00e1n ni la sal ni el queso rallado.<\/figcaption><\/figure>\n<h2>\u00bfPesto de qu\u00e9? Pesto de albahaca<\/h2>\n<p>Nosotros tenemos la felicidad de plantar nuestra propia albahaca en casa, as\u00ed que cuando queremos hacer pesto vamos a cosechar al jard\u00edn.<\/p>\n<figure id=\"attachment_3733\" aria-describedby=\"caption-attachment-3733\" style=\"width: 600px\" class=\"wp-caption aligncenter\"><img data-recalc-dims=\"1\" loading=\"lazy\" decoding=\"async\" data-attachment-id=\"3733\" data-permalink=\"https:\/\/le-fort.org\/cocina\/tallarines-al-pesto-de-albahaca\/albahaca-matas\/\" data-orig-file=\"https:\/\/i0.wp.com\/le-fort.org\/cocina\/wp-content\/uploads\/2013\/05\/albahaca-matas.jpg?fit=600%2C450&amp;ssl=1\" data-orig-size=\"600,450\" data-comments-opened=\"0\" data-image-meta=\"{&quot;aperture&quot;:&quot;0&quot;,&quot;credit&quot;:&quot;&quot;,&quot;camera&quot;:&quot;&quot;,&quot;caption&quot;:&quot;&quot;,&quot;created_timestamp&quot;:&quot;0&quot;,&quot;copyright&quot;:&quot;&quot;,&quot;focal_length&quot;:&quot;0&quot;,&quot;iso&quot;:&quot;0&quot;,&quot;shutter_speed&quot;:&quot;0&quot;,&quot;title&quot;:&quot;&quot;,&quot;orientation&quot;:&quot;0&quot;}\" data-image-title=\"albahaca-matas\" data-image-description=\"\" data-image-caption=\"\" data-large-file=\"https:\/\/i0.wp.com\/le-fort.org\/cocina\/wp-content\/uploads\/2013\/05\/albahaca-matas.jpg?fit=600%2C450&amp;ssl=1\" class=\"size-full wp-image-3733\" src=\"https:\/\/i0.wp.com\/www.le-fort.org\/wp-content\/uploads\/2013\/05\/albahaca-matas.jpg?resize=600%2C450&#038;ssl=1\" alt=\"albahaca-matas\" width=\"600\" height=\"450\" \/><figcaption id=\"caption-attachment-3733\" class=\"wp-caption-text\">Nuestra albahaca<\/figcaption><\/figure>\n<p>Hay que tener cuidado con el ocasional insecto, lo que es una caracter\u00edstica de plantar lo propio.<\/p>\n<figure id=\"attachment_3732\" aria-describedby=\"caption-attachment-3732\" style=\"width: 600px\" class=\"wp-caption aligncenter\"><img data-recalc-dims=\"1\" loading=\"lazy\" decoding=\"async\" data-attachment-id=\"3732\" data-permalink=\"https:\/\/le-fort.org\/cocina\/tallarines-al-pesto-de-albahaca\/albahaca-base\/\" data-orig-file=\"https:\/\/i0.wp.com\/le-fort.org\/cocina\/wp-content\/uploads\/2013\/05\/albahaca-base.jpg?fit=600%2C450&amp;ssl=1\" data-orig-size=\"600,450\" data-comments-opened=\"0\" data-image-meta=\"{&quot;aperture&quot;:&quot;0&quot;,&quot;credit&quot;:&quot;&quot;,&quot;camera&quot;:&quot;&quot;,&quot;caption&quot;:&quot;&quot;,&quot;created_timestamp&quot;:&quot;0&quot;,&quot;copyright&quot;:&quot;&quot;,&quot;focal_length&quot;:&quot;0&quot;,&quot;iso&quot;:&quot;0&quot;,&quot;shutter_speed&quot;:&quot;0&quot;,&quot;title&quot;:&quot;&quot;,&quot;orientation&quot;:&quot;0&quot;}\" data-image-title=\"albahaca-base\" data-image-description=\"\" data-image-caption=\"\" data-large-file=\"https:\/\/i0.wp.com\/le-fort.org\/cocina\/wp-content\/uploads\/2013\/05\/albahaca-base.jpg?fit=600%2C450&amp;ssl=1\" class=\"size-full wp-image-3732\" src=\"https:\/\/i0.wp.com\/www.le-fort.org\/wp-content\/uploads\/2013\/05\/albahaca-base.jpg?resize=600%2C450&#038;ssl=1\" alt=\"albahaca-base\" width=\"600\" height=\"450\" \/><figcaption id=\"caption-attachment-3732\" class=\"wp-caption-text\">Albahaca cosechada<\/figcaption><\/figure>\n<figure id=\"attachment_3734\" aria-describedby=\"caption-attachment-3734\" style=\"width: 600px\" class=\"wp-caption aligncenter\"><img data-recalc-dims=\"1\" loading=\"lazy\" decoding=\"async\" data-attachment-id=\"3734\" data-permalink=\"https:\/\/le-fort.org\/cocina\/tallarines-al-pesto-de-albahaca\/albahaca\/\" data-orig-file=\"https:\/\/i0.wp.com\/le-fort.org\/cocina\/wp-content\/uploads\/2013\/05\/albahaca.jpg?fit=600%2C450&amp;ssl=1\" data-orig-size=\"600,450\" data-comments-opened=\"0\" data-image-meta=\"{&quot;aperture&quot;:&quot;0&quot;,&quot;credit&quot;:&quot;&quot;,&quot;camera&quot;:&quot;&quot;,&quot;caption&quot;:&quot;&quot;,&quot;created_timestamp&quot;:&quot;0&quot;,&quot;copyright&quot;:&quot;&quot;,&quot;focal_length&quot;:&quot;0&quot;,&quot;iso&quot;:&quot;0&quot;,&quot;shutter_speed&quot;:&quot;0&quot;,&quot;title&quot;:&quot;&quot;,&quot;orientation&quot;:&quot;0&quot;}\" data-image-title=\"albahaca\" data-image-description=\"\" data-image-caption=\"\" data-large-file=\"https:\/\/i0.wp.com\/le-fort.org\/cocina\/wp-content\/uploads\/2013\/05\/albahaca.jpg?fit=600%2C450&amp;ssl=1\" class=\"size-full wp-image-3734\" src=\"https:\/\/i0.wp.com\/www.le-fort.org\/wp-content\/uploads\/2013\/05\/albahaca.jpg?resize=600%2C450&#038;ssl=1\" alt=\"albahaca\" width=\"600\" height=\"450\" \/><figcaption id=\"caption-attachment-3734\" class=\"wp-caption-text\">Albahaca cosechada y limpia<\/figcaption><\/figure>\n<h2>Ingredientes<\/h2>\n<p>Para 1 paquete de 400 gramos de pasta.<\/p>\n<ul>\n<li>2 tazas de hojas de albahaca<\/li>\n<li>3 dientes de ajo<\/li>\n<li>1\/2 taza de aceite de oliva<\/li>\n<li>1\/3 de taza de nueces<\/li>\n<li>1\/3 de taza de queso rallado<\/li>\n<li>1 cucharadita de sal<\/li>\n<\/ul>\n<h2>Preparaci\u00f3n<\/h2>\n<p>Lo m\u00e1s efectivo es trabajar mientras se calienta el agua de los tallarines.<\/p>\n<ul>\n<li>Moler las nueces en la juguera, hasta que queden en trozos distinguibles, no hasta reducir a polvo.<\/li>\n<\/ul>\n<figure id=\"attachment_3737\" aria-describedby=\"caption-attachment-3737\" style=\"width: 600px\" class=\"wp-caption aligncenter\"><img data-recalc-dims=\"1\" loading=\"lazy\" decoding=\"async\" data-attachment-id=\"3737\" data-permalink=\"https:\/\/le-fort.org\/cocina\/tallarines-al-pesto-de-albahaca\/nueces-antes\/\" data-orig-file=\"https:\/\/i0.wp.com\/le-fort.org\/cocina\/wp-content\/uploads\/2013\/05\/nueces-antes.jpg?fit=600%2C450&amp;ssl=1\" data-orig-size=\"600,450\" data-comments-opened=\"0\" data-image-meta=\"{&quot;aperture&quot;:&quot;0&quot;,&quot;credit&quot;:&quot;&quot;,&quot;camera&quot;:&quot;&quot;,&quot;caption&quot;:&quot;&quot;,&quot;created_timestamp&quot;:&quot;0&quot;,&quot;copyright&quot;:&quot;&quot;,&quot;focal_length&quot;:&quot;0&quot;,&quot;iso&quot;:&quot;0&quot;,&quot;shutter_speed&quot;:&quot;0&quot;,&quot;title&quot;:&quot;&quot;,&quot;orientation&quot;:&quot;0&quot;}\" data-image-title=\"nueces-antes\" data-image-description=\"\" data-image-caption=\"\" data-large-file=\"https:\/\/i0.wp.com\/le-fort.org\/cocina\/wp-content\/uploads\/2013\/05\/nueces-antes.jpg?fit=600%2C450&amp;ssl=1\" class=\"size-full wp-image-3737\" src=\"https:\/\/i0.wp.com\/www.le-fort.org\/wp-content\/uploads\/2013\/05\/nueces-antes.jpg?resize=600%2C450&#038;ssl=1\" alt=\"nueces-antes\" width=\"600\" height=\"450\" \/><figcaption id=\"caption-attachment-3737\" class=\"wp-caption-text\">Las nueces antes de ser molidas<\/figcaption><\/figure>\n<p style=\"text-align: center;\"><a href=\"https:\/\/i0.wp.com\/le-fort.org\/wp-content\/uploads\/2013\/05\/nueces.jpg?ssl=1\"><img data-recalc-dims=\"1\" loading=\"lazy\" decoding=\"async\" data-attachment-id=\"3738\" data-permalink=\"https:\/\/le-fort.org\/cocina\/tallarines-al-pesto-de-albahaca\/nueces\/\" data-orig-file=\"https:\/\/i0.wp.com\/le-fort.org\/cocina\/wp-content\/uploads\/2013\/05\/nueces.jpg?fit=600%2C450&amp;ssl=1\" data-orig-size=\"600,450\" data-comments-opened=\"0\" data-image-meta=\"{&quot;aperture&quot;:&quot;0&quot;,&quot;credit&quot;:&quot;&quot;,&quot;camera&quot;:&quot;&quot;,&quot;caption&quot;:&quot;&quot;,&quot;created_timestamp&quot;:&quot;0&quot;,&quot;copyright&quot;:&quot;&quot;,&quot;focal_length&quot;:&quot;0&quot;,&quot;iso&quot;:&quot;0&quot;,&quot;shutter_speed&quot;:&quot;0&quot;,&quot;title&quot;:&quot;&quot;,&quot;orientation&quot;:&quot;0&quot;}\" data-image-title=\"nueces\" data-image-description=\"\" data-image-caption=\"\" data-large-file=\"https:\/\/i0.wp.com\/le-fort.org\/cocina\/wp-content\/uploads\/2013\/05\/nueces.jpg?fit=600%2C450&amp;ssl=1\" class=\"aligncenter size-full wp-image-3738\" src=\"https:\/\/i0.wp.com\/www.le-fort.org\/wp-content\/uploads\/2013\/05\/nueces.jpg?resize=600%2C450&#038;ssl=1\" alt=\"nueces\" width=\"600\" height=\"450\" \/><\/a><\/p>\n<ul>\n<li>Mezclar la albahaca con las nueces y el ajo fuera de la juguera, para no moler excesivamente las nueces.<\/li>\n<li>Devolver la mezcla a la juguera y a\u00f1adir el aceite.<\/li>\n<li>Pulsar, removiendo hasta que se homogenice.<\/li>\n<li>A\u00f1adir el queso rallado, pulsar un poco m\u00e1s. S\u00f3lo si es necesario a\u00f1adir un par de cucharadas de agua, o en su defecto de crema de leche.<\/li>\n<li>A\u00f1adir la sal.<\/li>\n<\/ul>\n<p>El pesto est\u00e1 listo.<\/p>\n<figure id=\"attachment_3740\" aria-describedby=\"caption-attachment-3740\" style=\"width: 610px\" class=\"wp-caption aligncenter\"><a href=\"https:\/\/i0.wp.com\/le-fort.org\/wp-content\/uploads\/2013\/05\/pesto.jpg?ssl=1\"><img data-recalc-dims=\"1\" loading=\"lazy\" decoding=\"async\" data-attachment-id=\"3740\" data-permalink=\"https:\/\/le-fort.org\/cocina\/tallarines-al-pesto-de-albahaca\/pesto\/\" data-orig-file=\"https:\/\/i0.wp.com\/le-fort.org\/cocina\/wp-content\/uploads\/2013\/05\/pesto.jpg?fit=610%2C450&amp;ssl=1\" data-orig-size=\"610,450\" data-comments-opened=\"0\" data-image-meta=\"{&quot;aperture&quot;:&quot;0&quot;,&quot;credit&quot;:&quot;&quot;,&quot;camera&quot;:&quot;&quot;,&quot;caption&quot;:&quot;&quot;,&quot;created_timestamp&quot;:&quot;0&quot;,&quot;copyright&quot;:&quot;&quot;,&quot;focal_length&quot;:&quot;0&quot;,&quot;iso&quot;:&quot;0&quot;,&quot;shutter_speed&quot;:&quot;0&quot;,&quot;title&quot;:&quot;&quot;,&quot;orientation&quot;:&quot;0&quot;}\" data-image-title=\"pesto\" data-image-description=\"\" data-image-caption=\"&lt;p&gt;Pesto listo&lt;\/p&gt;\n\" data-large-file=\"https:\/\/i0.wp.com\/le-fort.org\/cocina\/wp-content\/uploads\/2013\/05\/pesto.jpg?fit=610%2C450&amp;ssl=1\" class=\"size-full wp-image-3740\" src=\"https:\/\/i0.wp.com\/www.le-fort.org\/wp-content\/uploads\/2013\/05\/pesto.jpg?resize=610%2C450&#038;ssl=1\" alt=\"Pesto listo\" width=\"610\" height=\"450\" srcset=\"https:\/\/i0.wp.com\/le-fort.org\/cocina\/wp-content\/uploads\/2013\/05\/pesto.jpg?w=610&amp;ssl=1 610w, https:\/\/i0.wp.com\/le-fort.org\/cocina\/wp-content\/uploads\/2013\/05\/pesto.jpg?resize=600%2C443&amp;ssl=1 600w\" sizes=\"auto, (max-width: 610px) 100vw, 610px\" \/><\/a><figcaption id=\"caption-attachment-3740\" class=\"wp-caption-text\">Pesto listo<\/figcaption><\/figure>\n<p>Cuando la pasta est\u00e9 lista:<\/p>\n<p>Poner el pesto en un bol grande con 1\/4 de taza del agua de cocci\u00f3n de los tallarines.<\/p>\n<p>Colar, mezclar bien y servir con un redundante espolvoreado de queso rallado encima.<\/p>\n<p><img data-recalc-dims=\"1\" loading=\"lazy\" decoding=\"async\" data-attachment-id=\"3739\" data-permalink=\"https:\/\/le-fort.org\/cocina\/tallarines-al-pesto-de-albahaca\/pesto-plato\/\" data-orig-file=\"https:\/\/i0.wp.com\/le-fort.org\/cocina\/wp-content\/uploads\/2013\/05\/pesto-plato.jpg?fit=610%2C458&amp;ssl=1\" data-orig-size=\"610,458\" data-comments-opened=\"0\" data-image-meta=\"{&quot;aperture&quot;:&quot;0&quot;,&quot;credit&quot;:&quot;&quot;,&quot;camera&quot;:&quot;&quot;,&quot;caption&quot;:&quot;&quot;,&quot;created_timestamp&quot;:&quot;0&quot;,&quot;copyright&quot;:&quot;&quot;,&quot;focal_length&quot;:&quot;0&quot;,&quot;iso&quot;:&quot;0&quot;,&quot;shutter_speed&quot;:&quot;0&quot;,&quot;title&quot;:&quot;&quot;,&quot;orientation&quot;:&quot;0&quot;}\" data-image-title=\"pesto-plato\" data-image-description=\"\" data-image-caption=\"\" data-large-file=\"https:\/\/i0.wp.com\/le-fort.org\/cocina\/wp-content\/uploads\/2013\/05\/pesto-plato.jpg?fit=610%2C458&amp;ssl=1\" class=\"aligncenter size-full wp-image-3739\" src=\"https:\/\/i0.wp.com\/www.le-fort.org\/wp-content\/uploads\/2013\/05\/pesto-plato.jpg?resize=610%2C458&#038;ssl=1\" alt=\"pesto-plato\" width=\"610\" height=\"458\" srcset=\"https:\/\/i0.wp.com\/le-fort.org\/cocina\/wp-content\/uploads\/2013\/05\/pesto-plato.jpg?w=610&amp;ssl=1 610w, https:\/\/i0.wp.com\/le-fort.org\/cocina\/wp-content\/uploads\/2013\/05\/pesto-plato.jpg?resize=600%2C450&amp;ssl=1 600w\" sizes=\"auto, (max-width: 610px) 100vw, 610px\" \/><\/p>\n<p>Despu\u00e9s suelen dar ganas de dormir siesta.<br \/>\n[\/expand]<\/p>\n","protected":false},"excerpt":{"rendered":"<p>Receta de tallarines con salsa de pesto. El pesto es una salsa de albahaca y nueces, con queso rallado. Es una de tantas variedades de pesto que hay y una de las que m\u00e1s nos gustan.<\/p>\n","protected":false},"author":1,"featured_media":4750,"comment_status":"closed","ping_status":"closed","sticky":false,"template":"","format":"standard","meta":{"_jetpack_newsletter_access":"","_jetpack_dont_email_post_to_subs":true,"_jetpack_newsletter_tier_id":0,"_jetpack_memberships_contains_paywalled_content":false,"_jetpack_memberships_contains_paid_content":false,"footnotes":""},"categories":[2],"tags":[70,83,63,64],"class_list":["post-3731","post","type-post","status-publish","format-standard","has-post-thumbnail","hentry","category-recetas","tag-comida-italiana","tag-pesto","tag-salsas","tag-salsas-para-pasta","entry","has-media"],"jetpack_featured_media_url":"https:\/\/i0.wp.com\/le-fort.org\/cocina\/wp-content\/uploads\/2011\/09\/pesto-hd.jpg?fit=1200%2C400&ssl=1","jetpack_shortlink":"https:\/\/wp.me\/pghKer-Yb","jetpack_sharing_enabled":true,"jetpack-related-posts":[{"id":4963,"url":"https:\/\/le-fort.org\/cocina\/tallarines-con-pesto-de-albahaca-y-mani-video\/","url_meta":{"origin":3731,"position":0},"title":"Tallarines con Pesto de Albahaca y Man\u00ed","author":"Le-Fort.org","date":"8 de Octubre, 2013","format":false,"excerpt":"Receta de Tallarines al pesto de albahaca y man\u00ed.","rel":"","context":"En &quot;Recetas&quot;","block_context":{"text":"Recetas","link":"https:\/\/le-fort.org\/cocina\/categoria\/recetas\/"},"img":{"alt_text":"","src":"https:\/\/i0.wp.com\/le-fort.org\/cocina\/wp-content\/uploads\/2011\/09\/pesto-hd.jpg?fit=1200%2C400&ssl=1&resize=350%2C200","width":350,"height":200,"srcset":"https:\/\/i0.wp.com\/le-fort.org\/cocina\/wp-content\/uploads\/2011\/09\/pesto-hd.jpg?fit=1200%2C400&ssl=1&resize=350%2C200 1x, https:\/\/i0.wp.com\/le-fort.org\/cocina\/wp-content\/uploads\/2011\/09\/pesto-hd.jpg?fit=1200%2C400&ssl=1&resize=525%2C300 1.5x, https:\/\/i0.wp.com\/le-fort.org\/cocina\/wp-content\/uploads\/2011\/09\/pesto-hd.jpg?fit=1200%2C400&ssl=1&resize=700%2C400 2x, https:\/\/i0.wp.com\/le-fort.org\/cocina\/wp-content\/uploads\/2011\/09\/pesto-hd.jpg?fit=1200%2C400&ssl=1&resize=1050%2C600 3x"},"classes":[]},{"id":5253,"url":"https:\/\/le-fort.org\/cocina\/tallarines-con-pesto-receta-de-la-cuqui\/","url_meta":{"origin":3731,"position":1},"title":"Tallarines con Pesto, receta de la Cuqui","author":"Le-Fort.org","date":"18 de Febrero, 2014","format":false,"excerpt":"Curiosa receta de tallarines con pesto de albahaca, con papas y porotos verdes, seg\u00fan una receta que va en su tercera generaci\u00f3n seg\u00fan sabemos.","rel":"","context":"En &quot;Recetas&quot;","block_context":{"text":"Recetas","link":"https:\/\/le-fort.org\/cocina\/categoria\/recetas\/"},"img":{"alt_text":"","src":"https:\/\/i0.wp.com\/le-fort.org\/cocina\/wp-content\/uploads\/2014\/02\/pesto-hd.jpg?fit=1200%2C400&ssl=1&resize=350%2C200","width":350,"height":200,"srcset":"https:\/\/i0.wp.com\/le-fort.org\/cocina\/wp-content\/uploads\/2014\/02\/pesto-hd.jpg?fit=1200%2C400&ssl=1&resize=350%2C200 1x, https:\/\/i0.wp.com\/le-fort.org\/cocina\/wp-content\/uploads\/2014\/02\/pesto-hd.jpg?fit=1200%2C400&ssl=1&resize=525%2C300 1.5x, https:\/\/i0.wp.com\/le-fort.org\/cocina\/wp-content\/uploads\/2014\/02\/pesto-hd.jpg?fit=1200%2C400&ssl=1&resize=700%2C400 2x, https:\/\/i0.wp.com\/le-fort.org\/cocina\/wp-content\/uploads\/2014\/02\/pesto-hd.jpg?fit=1200%2C400&ssl=1&resize=1050%2C600 3x"},"classes":[]},{"id":2066,"url":"https:\/\/le-fort.org\/cocina\/sobre-el-pesto-de-albahaca\/","url_meta":{"origin":3731,"position":2},"title":"Sobre el Pesto de Albahaca","author":"Le-Fort.org","date":"2 de Agosto, 2012","format":false,"excerpt":"El pesto de albahaca \u2013o salsa de pesto\u2013 es una salsa fr\u00eda maravillosa, originaria del norte de Italia. Aqu\u00ed conversamos un poco al respecto. Contiene albahaca, pi\u00f1ones, queso rallado, aceite de oliva, ajo y sal.","rel":"","context":"En &quot;Comida&quot;","block_context":{"text":"Comida","link":"https:\/\/le-fort.org\/cocina\/categoria\/cocina-comida\/"},"img":{"alt_text":"","src":"https:\/\/i0.wp.com\/le-fort.org\/cocina\/wp-content\/uploads\/2014\/02\/pesto-hd.jpg?fit=1200%2C400&ssl=1&resize=350%2C200","width":350,"height":200,"srcset":"https:\/\/i0.wp.com\/le-fort.org\/cocina\/wp-content\/uploads\/2014\/02\/pesto-hd.jpg?fit=1200%2C400&ssl=1&resize=350%2C200 1x, https:\/\/i0.wp.com\/le-fort.org\/cocina\/wp-content\/uploads\/2014\/02\/pesto-hd.jpg?fit=1200%2C400&ssl=1&resize=525%2C300 1.5x, https:\/\/i0.wp.com\/le-fort.org\/cocina\/wp-content\/uploads\/2014\/02\/pesto-hd.jpg?fit=1200%2C400&ssl=1&resize=700%2C400 2x, https:\/\/i0.wp.com\/le-fort.org\/cocina\/wp-content\/uploads\/2014\/02\/pesto-hd.jpg?fit=1200%2C400&ssl=1&resize=1050%2C600 3x"},"classes":[]},{"id":6991,"url":"https:\/\/le-fort.org\/cocina\/5-salsas-clasicas-para-pasta\/","url_meta":{"origin":3731,"position":3},"title":"5 Salsas Cl\u00e1sicas para Pasta","author":"Le-Fort.org","date":"24 de Noviembre, 2015","format":false,"excerpt":"Estas 5 Salsas para pasta son lo que todos deber\u00edamos conocer cuando tengamos que cocinar tallarines para nosotros, nuestra familia o nuestros amigos.","rel":"","context":"En &quot;Recetas&quot;","block_context":{"text":"Recetas","link":"https:\/\/le-fort.org\/cocina\/categoria\/recetas\/"},"img":{"alt_text":"","src":"https:\/\/i0.wp.com\/le-fort.org\/cocina\/wp-content\/uploads\/2015\/11\/5-salsas-hd.jpg?fit=1200%2C400&ssl=1&resize=350%2C200","width":350,"height":200,"srcset":"https:\/\/i0.wp.com\/le-fort.org\/cocina\/wp-content\/uploads\/2015\/11\/5-salsas-hd.jpg?fit=1200%2C400&ssl=1&resize=350%2C200 1x, https:\/\/i0.wp.com\/le-fort.org\/cocina\/wp-content\/uploads\/2015\/11\/5-salsas-hd.jpg?fit=1200%2C400&ssl=1&resize=525%2C300 1.5x, https:\/\/i0.wp.com\/le-fort.org\/cocina\/wp-content\/uploads\/2015\/11\/5-salsas-hd.jpg?fit=1200%2C400&ssl=1&resize=700%2C400 2x, https:\/\/i0.wp.com\/le-fort.org\/cocina\/wp-content\/uploads\/2015\/11\/5-salsas-hd.jpg?fit=1200%2C400&ssl=1&resize=1050%2C600 3x"},"classes":[]},{"id":7831,"url":"https:\/\/le-fort.org\/cocina\/tallarines-al-pesto-cebolla-jengibre\/","url_meta":{"origin":3731,"position":4},"title":"Tallarines al Pesto con Cebolla y Jengibre","author":"Le-Fort.org","date":"5 de Mayo, 2016","format":false,"excerpt":"Vemos pasar recetas constantemente. Muchas veces, quedan en un rinc\u00f3n de la memoria hasta que, por ejemplo, uno ve un ramito de albahaca en el supermercado y ah\u00ed vuelven. Eso fue exactamente lo que nos sucedi\u00f3 con este\u00a0pesto con cebolla y jengibre, que tiene un aire medio Thai. Nos encant\u00f3\u2026","rel":"","context":"En &quot;Recetas&quot;","block_context":{"text":"Recetas","link":"https:\/\/le-fort.org\/cocina\/categoria\/recetas\/"},"img":{"alt_text":"","src":"https:\/\/i0.wp.com\/le-fort.org\/cocina\/wp-content\/uploads\/2016\/05\/pesto-hd.jpg?fit=1200%2C400&ssl=1&resize=350%2C200","width":350,"height":200,"srcset":"https:\/\/i0.wp.com\/le-fort.org\/cocina\/wp-content\/uploads\/2016\/05\/pesto-hd.jpg?fit=1200%2C400&ssl=1&resize=350%2C200 1x, https:\/\/i0.wp.com\/le-fort.org\/cocina\/wp-content\/uploads\/2016\/05\/pesto-hd.jpg?fit=1200%2C400&ssl=1&resize=525%2C300 1.5x, https:\/\/i0.wp.com\/le-fort.org\/cocina\/wp-content\/uploads\/2016\/05\/pesto-hd.jpg?fit=1200%2C400&ssl=1&resize=700%2C400 2x, https:\/\/i0.wp.com\/le-fort.org\/cocina\/wp-content\/uploads\/2016\/05\/pesto-hd.jpg?fit=1200%2C400&ssl=1&resize=1050%2C600 3x"},"classes":[]},{"id":5766,"url":"https:\/\/le-fort.org\/cocina\/pizza-al-pesto-vegetariana\/","url_meta":{"origin":3731,"position":5},"title":"Pizza Al Pesto (Vegetariana)","author":"Le-Fort.org","date":"28 de Septiembre, 2014","format":false,"excerpt":"Receta de pizza al pesto vegetariana, con berenjena, cebolla roja y tomate.","rel":"","context":"En &quot;Recetas&quot;","block_context":{"text":"Recetas","link":"https:\/\/le-fort.org\/cocina\/categoria\/recetas\/"},"img":{"alt_text":"","src":"https:\/\/i0.wp.com\/le-fort.org\/cocina\/wp-content\/uploads\/2014\/09\/pizza-pesto-hd.jpg?fit=1200%2C400&ssl=1&resize=350%2C200","width":350,"height":200,"srcset":"https:\/\/i0.wp.com\/le-fort.org\/cocina\/wp-content\/uploads\/2014\/09\/pizza-pesto-hd.jpg?fit=1200%2C400&ssl=1&resize=350%2C200 1x, https:\/\/i0.wp.com\/le-fort.org\/cocina\/wp-content\/uploads\/2014\/09\/pizza-pesto-hd.jpg?fit=1200%2C400&ssl=1&resize=525%2C300 1.5x, https:\/\/i0.wp.com\/le-fort.org\/cocina\/wp-content\/uploads\/2014\/09\/pizza-pesto-hd.jpg?fit=1200%2C400&ssl=1&resize=700%2C400 2x, https:\/\/i0.wp.com\/le-fort.org\/cocina\/wp-content\/uploads\/2014\/09\/pizza-pesto-hd.jpg?fit=1200%2C400&ssl=1&resize=1050%2C600 3x"},"classes":[]}],"_links":{"self":[{"href":"https:\/\/le-fort.org\/cocina\/wp-json\/wp\/v2\/posts\/3731","targetHints":{"allow":["GET"]}}],"collection":[{"href":"https:\/\/le-fort.org\/cocina\/wp-json\/wp\/v2\/posts"}],"about":[{"href":"https:\/\/le-fort.org\/cocina\/wp-json\/wp\/v2\/types\/post"}],"author":[{"embeddable":true,"href":"https:\/\/le-fort.org\/cocina\/wp-json\/wp\/v2\/users\/1"}],"replies":[{"embeddable":true,"href":"https:\/\/le-fort.org\/cocina\/wp-json\/wp\/v2\/comments?post=3731"}],"version-history":[{"count":1,"href":"https:\/\/le-fort.org\/cocina\/wp-json\/wp\/v2\/posts\/3731\/revisions"}],"predecessor-version":[{"id":13218,"href":"https:\/\/le-fort.org\/cocina\/wp-json\/wp\/v2\/posts\/3731\/revisions\/13218"}],"wp:featuredmedia":[{"embeddable":true,"href":"https:\/\/le-fort.org\/cocina\/wp-json\/wp\/v2\/media\/4750"}],"wp:attachment":[{"href":"https:\/\/le-fort.org\/cocina\/wp-json\/wp\/v2\/media?parent=3731"}],"wp:term":[{"taxonomy":"category","embeddable":true,"href":"https:\/\/le-fort.org\/cocina\/wp-json\/wp\/v2\/categories?post=3731"},{"taxonomy":"post_tag","embeddable":true,"href":"https:\/\/le-fort.org\/cocina\/wp-json\/wp\/v2\/tags?post=3731"}],"curies":[{"name":"wp","href":"https:\/\/api.w.org\/{rel}","templated":true}]}}