{"id":4136,"date":"2013-06-09T00:18:34","date_gmt":"2013-06-09T00:18:34","guid":{"rendered":"http:\/\/www.loquecomemos.com\/?p=4136"},"modified":"2021-12-15T08:36:15","modified_gmt":"2021-12-15T13:36:15","slug":"donuts-glaseadas-en-caramelo-al-tocino","status":"publish","type":"post","link":"https:\/\/le-fort.org\/cocina\/donuts-glaseadas-en-caramelo-al-tocino\/","title":{"rendered":"Donuts Glaseadas en Caramelo al Tocino"},"content":{"rendered":"<p>Efectivamente, el t\u00edtulo es el correcto.<\/p>\n<p>Hicimos <a title=\"Donas, Rosquillas, Doughnuts o como quieras llamarlas\" href=\"https:\/\/www.loquecomemos.com\/donas-rosquillas-doughnuts-o-como-quieras-llamarlas\/\">esta receta de donuts, donas, doughnuts, rosquillas o como prefiramos llamarlas<\/a>.<\/p>\n<p class=\"destacado\">Y luego, en vez de seguir el glaseado cl\u00e1sico de la receta, hicimos una salsa de caramelo con tocino para derramarla sobre las donas.<\/p>\n<p><!--more--><\/p>\n<figure id=\"attachment_3476\" aria-describedby=\"caption-attachment-3476\" style=\"width: 614px\" class=\"wp-caption aligncenter\"><img data-recalc-dims=\"1\" loading=\"lazy\" decoding=\"async\" data-attachment-id=\"3476\" data-permalink=\"https:\/\/le-fort.org\/cocina\/donas-rosquillas-doughnuts-o-como-quieras-llamarlas\/fritas\/\" data-orig-file=\"https:\/\/i0.wp.com\/le-fort.org\/cocina\/wp-content\/uploads\/2013\/05\/fritas.jpg?fit=614%2C461&amp;ssl=1\" data-orig-size=\"614,461\" data-comments-opened=\"0\" data-image-meta=\"{&quot;aperture&quot;:&quot;0&quot;,&quot;credit&quot;:&quot;&quot;,&quot;camera&quot;:&quot;&quot;,&quot;caption&quot;:&quot;&quot;,&quot;created_timestamp&quot;:&quot;0&quot;,&quot;copyright&quot;:&quot;&quot;,&quot;focal_length&quot;:&quot;0&quot;,&quot;iso&quot;:&quot;0&quot;,&quot;shutter_speed&quot;:&quot;0&quot;,&quot;title&quot;:&quot;&quot;,&quot;orientation&quot;:&quot;0&quot;}\" data-image-title=\"fritas\" data-image-description=\"\" data-image-caption=\"\" data-large-file=\"https:\/\/i0.wp.com\/le-fort.org\/cocina\/wp-content\/uploads\/2013\/05\/fritas.jpg?fit=614%2C461&amp;ssl=1\" class=\"size-full wp-image-3476\" alt=\"Las donas, hermosamente fritas\" src=\"https:\/\/i0.wp.com\/www.le-fort.org\/wp-content\/uploads\/2013\/05\/fritas.jpg?resize=614%2C461&#038;ssl=1\" width=\"614\" height=\"461\" srcset=\"https:\/\/i0.wp.com\/le-fort.org\/cocina\/wp-content\/uploads\/2013\/05\/fritas.jpg?w=614&amp;ssl=1 614w, https:\/\/i0.wp.com\/le-fort.org\/cocina\/wp-content\/uploads\/2013\/05\/fritas.jpg?resize=600%2C450&amp;ssl=1 600w\" sizes=\"auto, (max-width: 614px) 100vw, 614px\" \/><figcaption id=\"caption-attachment-3476\" class=\"wp-caption-text\">Las donas, hermosamente fritas<\/figcaption><\/figure>\n<p>Los ingredientes son:<\/p>\n<ul>\n<li><span style=\"line-height: 1.714285714; font-size: 1rem;\">1 taza de az\u00facar<\/span><\/li>\n<li><span style=\"line-height: 1.714285714; font-size: 1rem;\">1 cucharada de jarabe de arce (maple syrup)<\/span><\/li>\n<li><span style=\"line-height: 1.714285714; font-size: 1rem;\">1\/8 taza de agua<\/span><\/li>\n<li><span style=\"line-height: 1.714285714; font-size: 1rem;\">2 cucharadas de crema<\/span><\/li>\n<li><span style=\"line-height: 1.714285714; font-size: 1rem;\">2 cucharadas de mantequilla<\/span><\/li>\n<li><span style=\"line-height: 1.714285714; font-size: 1rem;\">1 cucharadita de esencia de vainilla<\/span><\/li>\n<li>4 lonchas de tocino picada y tostadas<\/li>\n<\/ul>\n<p>El m\u00e9todo es el siguiente:<\/p>\n<figure id=\"attachment_4142\" aria-describedby=\"caption-attachment-4142\" style=\"width: 620px\" class=\"wp-caption aligncenter\"><img data-recalc-dims=\"1\" loading=\"lazy\" decoding=\"async\" data-attachment-id=\"4142\" data-permalink=\"https:\/\/le-fort.org\/cocina\/donuts-glaseadas-en-caramelo-al-tocino\/hervor\/\" data-orig-file=\"https:\/\/i0.wp.com\/le-fort.org\/cocina\/wp-content\/uploads\/2013\/06\/hervor.jpg?fit=620%2C350&amp;ssl=1\" data-orig-size=\"620,350\" data-comments-opened=\"0\" data-image-meta=\"{&quot;aperture&quot;:&quot;0&quot;,&quot;credit&quot;:&quot;&quot;,&quot;camera&quot;:&quot;&quot;,&quot;caption&quot;:&quot;&quot;,&quot;created_timestamp&quot;:&quot;0&quot;,&quot;copyright&quot;:&quot;&quot;,&quot;focal_length&quot;:&quot;0&quot;,&quot;iso&quot;:&quot;0&quot;,&quot;shutter_speed&quot;:&quot;0&quot;,&quot;title&quot;:&quot;&quot;,&quot;orientation&quot;:&quot;0&quot;}\" data-image-title=\"hervor\" data-image-description=\"\" data-image-caption=\"\" data-large-file=\"https:\/\/i0.wp.com\/le-fort.org\/cocina\/wp-content\/uploads\/2013\/06\/hervor.jpg?fit=620%2C350&amp;ssl=1\" class=\"size-full wp-image-4142\" alt=\"hervor\" src=\"https:\/\/i0.wp.com\/www.le-fort.org\/wp-content\/uploads\/2013\/06\/hervor.jpg?resize=620%2C350&#038;ssl=1\" width=\"620\" height=\"350\" srcset=\"https:\/\/i0.wp.com\/le-fort.org\/cocina\/wp-content\/uploads\/2013\/06\/hervor.jpg?w=620&amp;ssl=1 620w, https:\/\/i0.wp.com\/le-fort.org\/cocina\/wp-content\/uploads\/2013\/06\/hervor.jpg?resize=600%2C339&amp;ssl=1 600w\" sizes=\"auto, (max-width: 620px) 100vw, 620px\" \/><figcaption id=\"caption-attachment-4142\" class=\"wp-caption-text\">Az\u00facar+agua+jarabe de arce, hirviendo. Hervir hasta que se dore el az\u00facar<\/figcaption><\/figure>\n<figure id=\"attachment_4138\" aria-describedby=\"caption-attachment-4138\" style=\"width: 620px\" class=\"wp-caption aligncenter\"><img data-recalc-dims=\"1\" loading=\"lazy\" decoding=\"async\" data-attachment-id=\"4138\" data-permalink=\"https:\/\/le-fort.org\/cocina\/donuts-glaseadas-en-caramelo-al-tocino\/con-mantequilla\/\" data-orig-file=\"https:\/\/i0.wp.com\/le-fort.org\/cocina\/wp-content\/uploads\/2013\/06\/con-mantequilla.jpg?fit=620%2C350&amp;ssl=1\" data-orig-size=\"620,350\" data-comments-opened=\"0\" data-image-meta=\"{&quot;aperture&quot;:&quot;0&quot;,&quot;credit&quot;:&quot;&quot;,&quot;camera&quot;:&quot;&quot;,&quot;caption&quot;:&quot;&quot;,&quot;created_timestamp&quot;:&quot;0&quot;,&quot;copyright&quot;:&quot;&quot;,&quot;focal_length&quot;:&quot;0&quot;,&quot;iso&quot;:&quot;0&quot;,&quot;shutter_speed&quot;:&quot;0&quot;,&quot;title&quot;:&quot;&quot;,&quot;orientation&quot;:&quot;0&quot;}\" data-image-title=\"con-mantequilla\" data-image-description=\"\" data-image-caption=\"\" data-large-file=\"https:\/\/i0.wp.com\/le-fort.org\/cocina\/wp-content\/uploads\/2013\/06\/con-mantequilla.jpg?fit=620%2C350&amp;ssl=1\" class=\"size-full wp-image-4138\" alt=\"con-mantequilla\" src=\"https:\/\/i0.wp.com\/www.le-fort.org\/wp-content\/uploads\/2013\/06\/con-mantequilla.jpg?resize=620%2C350&#038;ssl=1\" width=\"620\" height=\"350\" srcset=\"https:\/\/i0.wp.com\/le-fort.org\/cocina\/wp-content\/uploads\/2013\/06\/con-mantequilla.jpg?w=620&amp;ssl=1 620w, https:\/\/i0.wp.com\/le-fort.org\/cocina\/wp-content\/uploads\/2013\/06\/con-mantequilla.jpg?resize=600%2C339&amp;ssl=1 600w\" sizes=\"auto, (max-width: 620px) 100vw, 620px\" \/><figcaption id=\"caption-attachment-4138\" class=\"wp-caption-text\">Sacar del fuego, y a\u00f1adir la crema, y luego la mantequilla y la vainilla. Revolver bien y devolver a fuego bajo<\/figcaption><\/figure>\n<figure id=\"attachment_4145\" aria-describedby=\"caption-attachment-4145\" style=\"width: 620px\" class=\"wp-caption aligncenter\"><img data-recalc-dims=\"1\" loading=\"lazy\" decoding=\"async\" data-attachment-id=\"4145\" data-permalink=\"https:\/\/le-fort.org\/cocina\/donuts-glaseadas-en-caramelo-al-tocino\/tocino\/\" data-orig-file=\"https:\/\/i0.wp.com\/le-fort.org\/cocina\/wp-content\/uploads\/2013\/06\/tocino.jpg?fit=620%2C350&amp;ssl=1\" data-orig-size=\"620,350\" data-comments-opened=\"0\" data-image-meta=\"{&quot;aperture&quot;:&quot;0&quot;,&quot;credit&quot;:&quot;&quot;,&quot;camera&quot;:&quot;&quot;,&quot;caption&quot;:&quot;&quot;,&quot;created_timestamp&quot;:&quot;0&quot;,&quot;copyright&quot;:&quot;&quot;,&quot;focal_length&quot;:&quot;0&quot;,&quot;iso&quot;:&quot;0&quot;,&quot;shutter_speed&quot;:&quot;0&quot;,&quot;title&quot;:&quot;&quot;,&quot;orientation&quot;:&quot;0&quot;}\" data-image-title=\"tocino\" data-image-description=\"\" data-image-caption=\"\" data-large-file=\"https:\/\/i0.wp.com\/le-fort.org\/cocina\/wp-content\/uploads\/2013\/06\/tocino.jpg?fit=620%2C350&amp;ssl=1\" class=\"size-full wp-image-4145\" alt=\"tocino\" src=\"https:\/\/i0.wp.com\/www.le-fort.org\/wp-content\/uploads\/2013\/06\/tocino.jpg?resize=620%2C350&#038;ssl=1\" width=\"620\" height=\"350\" srcset=\"https:\/\/i0.wp.com\/le-fort.org\/cocina\/wp-content\/uploads\/2013\/06\/tocino.jpg?w=620&amp;ssl=1 620w, https:\/\/i0.wp.com\/le-fort.org\/cocina\/wp-content\/uploads\/2013\/06\/tocino.jpg?resize=600%2C339&amp;ssl=1 600w\" sizes=\"auto, (max-width: 620px) 100vw, 620px\" \/><figcaption id=\"caption-attachment-4145\" class=\"wp-caption-text\">Aaaaah, el tocino. 4 lonchas picadas y tostaditas<\/figcaption><\/figure>\n<figure id=\"attachment_4137\" aria-describedby=\"caption-attachment-4137\" style=\"width: 620px\" class=\"wp-caption aligncenter\"><img data-recalc-dims=\"1\" loading=\"lazy\" decoding=\"async\" data-attachment-id=\"4137\" data-permalink=\"https:\/\/le-fort.org\/cocina\/donuts-glaseadas-en-caramelo-al-tocino\/caramelo-tocino\/\" data-orig-file=\"https:\/\/i0.wp.com\/le-fort.org\/cocina\/wp-content\/uploads\/2013\/06\/caramelo-tocino.jpg?fit=620%2C350&amp;ssl=1\" data-orig-size=\"620,350\" data-comments-opened=\"0\" data-image-meta=\"{&quot;aperture&quot;:&quot;0&quot;,&quot;credit&quot;:&quot;&quot;,&quot;camera&quot;:&quot;&quot;,&quot;caption&quot;:&quot;&quot;,&quot;created_timestamp&quot;:&quot;0&quot;,&quot;copyright&quot;:&quot;&quot;,&quot;focal_length&quot;:&quot;0&quot;,&quot;iso&quot;:&quot;0&quot;,&quot;shutter_speed&quot;:&quot;0&quot;,&quot;title&quot;:&quot;&quot;,&quot;orientation&quot;:&quot;0&quot;}\" data-image-title=\"caramelo-tocino\" data-image-description=\"\" data-image-caption=\"\" data-large-file=\"https:\/\/i0.wp.com\/le-fort.org\/cocina\/wp-content\/uploads\/2013\/06\/caramelo-tocino.jpg?fit=620%2C350&amp;ssl=1\" class=\"size-full wp-image-4137\" alt=\"caramelo-tocino\" src=\"https:\/\/i0.wp.com\/www.le-fort.org\/wp-content\/uploads\/2013\/06\/caramelo-tocino.jpg?resize=620%2C350&#038;ssl=1\" width=\"620\" height=\"350\" srcset=\"https:\/\/i0.wp.com\/le-fort.org\/cocina\/wp-content\/uploads\/2013\/06\/caramelo-tocino.jpg?w=620&amp;ssl=1 620w, https:\/\/i0.wp.com\/le-fort.org\/cocina\/wp-content\/uploads\/2013\/06\/caramelo-tocino.jpg?resize=600%2C339&amp;ssl=1 600w\" sizes=\"auto, (max-width: 620px) 100vw, 620px\" \/><figcaption id=\"caption-attachment-4137\" class=\"wp-caption-text\">A\u00f1adir el tocino a la salsa y hervir 5 minutos a fuego muy bajo<\/figcaption><\/figure>\n<figure id=\"attachment_4140\" aria-describedby=\"caption-attachment-4140\" style=\"width: 620px\" class=\"wp-caption aligncenter\"><img data-recalc-dims=\"1\" loading=\"lazy\" decoding=\"async\" data-attachment-id=\"4140\" data-permalink=\"https:\/\/le-fort.org\/cocina\/donuts-glaseadas-en-caramelo-al-tocino\/fritas-3\/\" data-orig-file=\"https:\/\/i0.wp.com\/le-fort.org\/cocina\/wp-content\/uploads\/2013\/06\/fritas.jpg?fit=620%2C350&amp;ssl=1\" data-orig-size=\"620,350\" data-comments-opened=\"0\" data-image-meta=\"{&quot;aperture&quot;:&quot;0&quot;,&quot;credit&quot;:&quot;&quot;,&quot;camera&quot;:&quot;&quot;,&quot;caption&quot;:&quot;&quot;,&quot;created_timestamp&quot;:&quot;0&quot;,&quot;copyright&quot;:&quot;&quot;,&quot;focal_length&quot;:&quot;0&quot;,&quot;iso&quot;:&quot;0&quot;,&quot;shutter_speed&quot;:&quot;0&quot;,&quot;title&quot;:&quot;&quot;,&quot;orientation&quot;:&quot;0&quot;}\" data-image-title=\"fritas\" data-image-description=\"\" data-image-caption=\"\" data-large-file=\"https:\/\/i0.wp.com\/le-fort.org\/cocina\/wp-content\/uploads\/2013\/06\/fritas.jpg?fit=620%2C350&amp;ssl=1\" class=\"size-full wp-image-4140\" alt=\"fritas\" src=\"https:\/\/i0.wp.com\/www.le-fort.org\/wp-content\/uploads\/2013\/06\/fritas.jpg?resize=620%2C350&#038;ssl=1\" width=\"620\" height=\"350\" srcset=\"https:\/\/i0.wp.com\/le-fort.org\/cocina\/wp-content\/uploads\/2013\/06\/fritas.jpg?w=620&amp;ssl=1 620w, https:\/\/i0.wp.com\/le-fort.org\/cocina\/wp-content\/uploads\/2013\/06\/fritas.jpg?resize=600%2C339&amp;ssl=1 600w\" sizes=\"auto, (max-width: 620px) 100vw, 620px\" \/><figcaption id=\"caption-attachment-4140\" class=\"wp-caption-text\">Cuando las donas est\u00e1n listas<\/figcaption><\/figure>\n<figure id=\"attachment_4144\" aria-describedby=\"caption-attachment-4144\" style=\"width: 620px\" class=\"wp-caption aligncenter\"><img data-recalc-dims=\"1\" loading=\"lazy\" decoding=\"async\" data-attachment-id=\"4144\" data-permalink=\"https:\/\/le-fort.org\/cocina\/donuts-glaseadas-en-caramelo-al-tocino\/listas-2\/\" data-orig-file=\"https:\/\/i0.wp.com\/le-fort.org\/cocina\/wp-content\/uploads\/2013\/06\/listas.jpg?fit=620%2C350&amp;ssl=1\" data-orig-size=\"620,350\" data-comments-opened=\"0\" data-image-meta=\"{&quot;aperture&quot;:&quot;0&quot;,&quot;credit&quot;:&quot;&quot;,&quot;camera&quot;:&quot;&quot;,&quot;caption&quot;:&quot;&quot;,&quot;created_timestamp&quot;:&quot;0&quot;,&quot;copyright&quot;:&quot;&quot;,&quot;focal_length&quot;:&quot;0&quot;,&quot;iso&quot;:&quot;0&quot;,&quot;shutter_speed&quot;:&quot;0&quot;,&quot;title&quot;:&quot;&quot;,&quot;orientation&quot;:&quot;0&quot;}\" data-image-title=\"listas\" data-image-description=\"\" data-image-caption=\"\" data-large-file=\"https:\/\/i0.wp.com\/le-fort.org\/cocina\/wp-content\/uploads\/2013\/06\/listas.jpg?fit=620%2C350&amp;ssl=1\" class=\"size-full wp-image-4144\" alt=\"listas\" src=\"https:\/\/i0.wp.com\/www.le-fort.org\/wp-content\/uploads\/2013\/06\/listas.jpg?resize=620%2C350&#038;ssl=1\" width=\"620\" height=\"350\" srcset=\"https:\/\/i0.wp.com\/le-fort.org\/cocina\/wp-content\/uploads\/2013\/06\/listas.jpg?w=620&amp;ssl=1 620w, https:\/\/i0.wp.com\/le-fort.org\/cocina\/wp-content\/uploads\/2013\/06\/listas.jpg?resize=600%2C339&amp;ssl=1 600w\" sizes=\"auto, (max-width: 620px) 100vw, 620px\" \/><figcaption id=\"caption-attachment-4144\" class=\"wp-caption-text\">Vertemos el glaseado sobre las donas<\/figcaption><\/figure>\n<figure id=\"attachment_4141\" aria-describedby=\"caption-attachment-4141\" style=\"width: 620px\" class=\"wp-caption aligncenter\"><img data-recalc-dims=\"1\" loading=\"lazy\" decoding=\"async\" data-attachment-id=\"4141\" data-permalink=\"https:\/\/le-fort.org\/cocina\/donuts-glaseadas-en-caramelo-al-tocino\/gran-final\/\" data-orig-file=\"https:\/\/i0.wp.com\/le-fort.org\/cocina\/wp-content\/uploads\/2013\/06\/gran-final.jpg?fit=620%2C350&amp;ssl=1\" data-orig-size=\"620,350\" data-comments-opened=\"0\" data-image-meta=\"{&quot;aperture&quot;:&quot;0&quot;,&quot;credit&quot;:&quot;&quot;,&quot;camera&quot;:&quot;&quot;,&quot;caption&quot;:&quot;&quot;,&quot;created_timestamp&quot;:&quot;0&quot;,&quot;copyright&quot;:&quot;&quot;,&quot;focal_length&quot;:&quot;0&quot;,&quot;iso&quot;:&quot;0&quot;,&quot;shutter_speed&quot;:&quot;0&quot;,&quot;title&quot;:&quot;&quot;,&quot;orientation&quot;:&quot;0&quot;}\" data-image-title=\"gran-final\" data-image-description=\"\" data-image-caption=\"\" data-large-file=\"https:\/\/i0.wp.com\/le-fort.org\/cocina\/wp-content\/uploads\/2013\/06\/gran-final.jpg?fit=620%2C350&amp;ssl=1\" class=\"size-full wp-image-4141\" alt=\"gran-final\" src=\"https:\/\/i0.wp.com\/www.le-fort.org\/wp-content\/uploads\/2013\/06\/gran-final.jpg?resize=620%2C350&#038;ssl=1\" width=\"620\" height=\"350\" srcset=\"https:\/\/i0.wp.com\/le-fort.org\/cocina\/wp-content\/uploads\/2013\/06\/gran-final.jpg?w=620&amp;ssl=1 620w, https:\/\/i0.wp.com\/le-fort.org\/cocina\/wp-content\/uploads\/2013\/06\/gran-final.jpg?resize=600%2C339&amp;ssl=1 600w\" sizes=\"auto, (max-width: 620px) 100vw, 620px\" \/><figcaption id=\"caption-attachment-4141\" class=\"wp-caption-text\">El maravilloso resultado final<\/figcaption><\/figure>\n<p>Se las recomendamos con entusiasmo entusiasta.<\/p>\n","protected":false},"excerpt":{"rendered":"<p>Receta de donuts con salsa de caramelo al tocino. Suena extra\u00f1o pero es maravilloso.<\/p>\n","protected":false},"author":1,"featured_media":4139,"comment_status":"open","ping_status":"closed","sticky":false,"template":"","format":"standard","meta":{"_jetpack_newsletter_access":"","_jetpack_dont_email_post_to_subs":false,"_jetpack_newsletter_tier_id":0,"_jetpack_memberships_contains_paywalled_content":false,"_jetpack_memberships_contains_paid_content":false,"footnotes":""},"categories":[2],"tags":[134,133,100],"class_list":["post-4136","post","type-post","status-publish","format-standard","has-post-thumbnail","hentry","category-recetas","tag-caramelo","tag-donuts","tag-tocino","entry","has-media"],"jetpack_featured_media_url":"https:\/\/i0.wp.com\/le-fort.org\/cocina\/wp-content\/uploads\/2013\/06\/donuts-hd.jpg?fit=620%2C250&ssl=1","jetpack_shortlink":"https:\/\/wp.me\/pghKer-14I","jetpack_sharing_enabled":true,"jetpack-related-posts":[{"id":303,"url":"https:\/\/le-fort.org\/cocina\/donas-2\/","url_meta":{"origin":4136,"position":0},"title":"Donas","author":"Marell Rojas","date":"8 de Julio, 2020","format":false,"excerpt":"Receta de donuts","rel":"","context":"En &quot;Masas&quot;","block_context":{"text":"Masas","link":"https:\/\/le-fort.org\/cocina\/categoria\/masas\/"},"img":{"alt_text":"","src":"https:\/\/i0.wp.com\/img.youtube.com\/vi\/8zIR0TgNBFI\/0.jpg?resize=350%2C200","width":350,"height":200},"classes":[]},{"id":3470,"url":"https:\/\/le-fort.org\/cocina\/donas-rosquillas-doughnuts-o-como-quieras-llamarlas\/","url_meta":{"origin":4136,"position":1},"title":"Donas, Rosquillas, Doughnuts o como quieras llamarlas","author":"Le-Fort.org","date":"3 de Mayo, 2013","format":false,"excerpt":"Receta de donas (o rosquillas o donuts) glaseadas. Son f\u00e1ciles de hacer y por lo mismo son un verdadero peligro para la esbeltez y la salud cardiovascular.","rel":"","context":"En &quot;Recetas&quot;","block_context":{"text":"Recetas","link":"https:\/\/le-fort.org\/cocina\/categoria\/recetas\/"},"img":{"alt_text":"","src":"https:\/\/i0.wp.com\/le-fort.org\/cocina\/wp-content\/uploads\/2013\/05\/hd2.jpg?fit=614%2C225&ssl=1&resize=350%2C200","width":350,"height":200,"srcset":"https:\/\/i0.wp.com\/le-fort.org\/cocina\/wp-content\/uploads\/2013\/05\/hd2.jpg?fit=614%2C225&ssl=1&resize=350%2C200 1x, https:\/\/i0.wp.com\/le-fort.org\/cocina\/wp-content\/uploads\/2013\/05\/hd2.jpg?fit=614%2C225&ssl=1&resize=525%2C300 1.5x"},"classes":[]},{"id":2322,"url":"https:\/\/le-fort.org\/cocina\/receta-penne-con-salsa-amatriciana\/","url_meta":{"origin":4136,"position":2},"title":"Receta: Penne con Salsa Amatriciana","author":"Le-Fort.org","date":"3 de Diciembre, 2012","format":false,"excerpt":"Aprende la receta de la salsa Amatriciana para las pastas. Tocino, mantequilla, tomate, aj\u00ed.","rel":"","context":"En &quot;Comida&quot;","block_context":{"text":"Comida","link":"https:\/\/le-fort.org\/cocina\/categoria\/cocina-comida\/"},"img":{"alt_text":"","src":"https:\/\/i0.wp.com\/le-fort.org\/cocina\/wp-content\/uploads\/2012\/12\/h.jpg?fit=614%2C225&ssl=1&resize=350%2C200","width":350,"height":200,"srcset":"https:\/\/i0.wp.com\/le-fort.org\/cocina\/wp-content\/uploads\/2012\/12\/h.jpg?fit=614%2C225&ssl=1&resize=350%2C200 1x, https:\/\/i0.wp.com\/le-fort.org\/cocina\/wp-content\/uploads\/2012\/12\/h.jpg?fit=614%2C225&ssl=1&resize=525%2C300 1.5x"},"classes":[]},{"id":1569,"url":"https:\/\/le-fort.org\/cocina\/receta-de-tallarines-a-la-carbonara\/","url_meta":{"origin":4136,"position":3},"title":"Receta de tallarines a la Carbonara","author":"Le-Fort.org","date":"8 de Noviembre, 2011","format":false,"excerpt":"Receta de tallarines a la carbonara, salsa compuesta por tocino, huevos, crema y queso rallado","rel":"","context":"En &quot;Comida&quot;","block_context":{"text":"Comida","link":"https:\/\/le-fort.org\/cocina\/categoria\/cocina-comida\/"},"img":{"alt_text":"","src":"https:\/\/i0.wp.com\/le-fort.org\/cocina\/wp-content\/uploads\/2011\/11\/hd.jpg?fit=614%2C225&ssl=1&resize=350%2C200","width":350,"height":200,"srcset":"https:\/\/i0.wp.com\/le-fort.org\/cocina\/wp-content\/uploads\/2011\/11\/hd.jpg?fit=614%2C225&ssl=1&resize=350%2C200 1x, https:\/\/i0.wp.com\/le-fort.org\/cocina\/wp-content\/uploads\/2011\/11\/hd.jpg?fit=614%2C225&ssl=1&resize=525%2C300 1.5x"},"classes":[]},{"id":1787,"url":"https:\/\/le-fort.org\/cocina\/receta-salsa-bolonesa-casi-canonica-con-tallarines-claro\/","url_meta":{"origin":4136,"position":4},"title":"Salsa Bolo\u00f1esa","author":"Le-Fort.org","date":"21 de Abril, 2012","format":false,"excerpt":"La salsa Bolo\u00f1esa es la salsa cl\u00e1sica de \"los tallarines con salsa\" \u00bfc\u00f3mo se hace? Aqu\u00ed ofrecemos una receta.","rel":"","context":"En &quot;Recetas&quot;","block_context":{"text":"Recetas","link":"https:\/\/le-fort.org\/cocina\/categoria\/recetas\/"},"img":{"alt_text":"5 Salsas para pasta: Bolognesa","src":"https:\/\/i0.wp.com\/le-fort.org\/cocina\/wp-content\/uploads\/2011\/09\/bolognesa.jpg?fit=600%2C266&ssl=1&resize=350%2C200","width":350,"height":200,"srcset":"https:\/\/i0.wp.com\/le-fort.org\/cocina\/wp-content\/uploads\/2011\/09\/bolognesa.jpg?fit=600%2C266&ssl=1&resize=350%2C200 1x, https:\/\/i0.wp.com\/le-fort.org\/cocina\/wp-content\/uploads\/2011\/09\/bolognesa.jpg?fit=600%2C266&ssl=1&resize=525%2C300 1.5x"},"classes":[]},{"id":1815,"url":"https:\/\/le-fort.org\/cocina\/queque-de-platano-y-coco\/","url_meta":{"origin":4136,"position":5},"title":"Queque de Pl\u00e1tano y Coco: Receta","author":"Le-Fort.org","date":"24 de Abril, 2012","format":false,"excerpt":"Receta de un queque volteado experimental de pl\u00e1tano y coco.","rel":"","context":"En &quot;Comida&quot;","block_context":{"text":"Comida","link":"https:\/\/le-fort.org\/cocina\/categoria\/cocina-comida\/"},"img":{"alt_text":"","src":"https:\/\/i0.wp.com\/le-fort.org\/cocina\/wp-content\/uploads\/2012\/04\/platano-queque-hd.jpg?fit=700%2C350&ssl=1&resize=350%2C200","width":350,"height":200,"srcset":"https:\/\/i0.wp.com\/le-fort.org\/cocina\/wp-content\/uploads\/2012\/04\/platano-queque-hd.jpg?fit=700%2C350&ssl=1&resize=350%2C200 1x, https:\/\/i0.wp.com\/le-fort.org\/cocina\/wp-content\/uploads\/2012\/04\/platano-queque-hd.jpg?fit=700%2C350&ssl=1&resize=525%2C300 1.5x, https:\/\/i0.wp.com\/le-fort.org\/cocina\/wp-content\/uploads\/2012\/04\/platano-queque-hd.jpg?fit=700%2C350&ssl=1&resize=700%2C400 2x"},"classes":[]}],"_links":{"self":[{"href":"https:\/\/le-fort.org\/cocina\/wp-json\/wp\/v2\/posts\/4136","targetHints":{"allow":["GET"]}}],"collection":[{"href":"https:\/\/le-fort.org\/cocina\/wp-json\/wp\/v2\/posts"}],"about":[{"href":"https:\/\/le-fort.org\/cocina\/wp-json\/wp\/v2\/types\/post"}],"author":[{"embeddable":true,"href":"https:\/\/le-fort.org\/cocina\/wp-json\/wp\/v2\/users\/1"}],"replies":[{"embeddable":true,"href":"https:\/\/le-fort.org\/cocina\/wp-json\/wp\/v2\/comments?post=4136"}],"version-history":[{"count":1,"href":"https:\/\/le-fort.org\/cocina\/wp-json\/wp\/v2\/posts\/4136\/revisions"}],"predecessor-version":[{"id":16155,"href":"https:\/\/le-fort.org\/cocina\/wp-json\/wp\/v2\/posts\/4136\/revisions\/16155"}],"wp:featuredmedia":[{"embeddable":true,"href":"https:\/\/le-fort.org\/cocina\/wp-json\/wp\/v2\/media\/4139"}],"wp:attachment":[{"href":"https:\/\/le-fort.org\/cocina\/wp-json\/wp\/v2\/media?parent=4136"}],"wp:term":[{"taxonomy":"category","embeddable":true,"href":"https:\/\/le-fort.org\/cocina\/wp-json\/wp\/v2\/categories?post=4136"},{"taxonomy":"post_tag","embeddable":true,"href":"https:\/\/le-fort.org\/cocina\/wp-json\/wp\/v2\/tags?post=4136"}],"curies":[{"name":"wp","href":"https:\/\/api.w.org\/{rel}","templated":true}]}}