{"id":416,"date":"2021-05-07T13:15:23","date_gmt":"2021-05-07T18:15:23","guid":{"rendered":"https:\/\/pastry.science\/?p=416"},"modified":"2021-05-07T13:15:23","modified_gmt":"2021-05-07T18:15:23","slug":"torta-mousseline-de-naranja","status":"publish","type":"post","link":"https:\/\/le-fort.org\/cocina\/torta-mousseline-de-naranja\/","title":{"rendered":"Torta Mousseline de Naranja"},"content":{"rendered":"<p>La torta mousseline de naranja (o torta <em>chiffon<\/em>) une un bizcochuelo chiffon con una crema a partir de <em>curd<\/em> de naranja y crema montada.<!--more--><\/p>\n<p>Se encuentra en la p\u00e1gina 710 de la bibliograf\u00eda b\u00e1sica.<\/p>\n<p>El curd de naranja est\u00e1 en la p\u00e1gina 425 de la bibliograf\u00eda.<\/p>\n<h2>Video<\/h2>\n<p>El video se aproxima a la preparaci\u00f3n de la bibliograf\u00eda pero la crema aligerada con crema de leche montada es m\u00e1s suave y tiene otra sensaci\u00f3n en boca. Adicionalmente, la torta de la bibliograf\u00eda tiene una base de masa de galleta.<\/p>\n<p><span class=\"embed-youtube\" style=\"text-align:center; display: block;\"><iframe loading=\"lazy\" class=\"youtube-player\" width=\"1200\" height=\"675\" src=\"https:\/\/www.youtube.com\/embed\/Rn9zteS7bfg?version=3&#038;rel=1&#038;showsearch=0&#038;showinfo=1&#038;iv_load_policy=1&#038;fs=1&#038;hl=es-CL&#038;autohide=2&#038;wmode=transparent\" allowfullscreen=\"true\" style=\"border:0;\" sandbox=\"allow-scripts allow-same-origin allow-popups allow-presentation allow-popups-to-escape-sandbox\"><\/iframe><\/span><\/p>\n","protected":false},"excerpt":{"rendered":"<p>Torta muselina de naranja<\/p>\n","protected":false},"author":2,"featured_media":211,"comment_status":"open","ping_status":"open","sticky":false,"template":"","format":"standard","meta":{"_jetpack_newsletter_access":"","_jetpack_dont_email_post_to_subs":false,"_jetpack_newsletter_tier_id":0,"_jetpack_memberships_contains_paywalled_content":false,"_jetpack_memberships_contains_paid_content":false,"footnotes":""},"categories":[952],"tags":[953,939],"class_list":["post-416","post","type-post","status-publish","format-standard","has-post-thumbnail","hentry","category-tortas","tag-b1","tag-semana-5","entry","has-media"],"jetpack_featured_media_url":"","jetpack_shortlink":"https:\/\/wp.me\/pghKer-6I","jetpack_sharing_enabled":true,"jetpack-related-posts":[{"id":5949,"url":"https:\/\/le-fort.org\/cocina\/torta-de-limon-y-crema\/","url_meta":{"origin":416,"position":0},"title":"Torta de Lim\u00f3n y Crema","author":"Le-Fort.org","date":"12 de Enero, 2015","format":false,"excerpt":"Receta de torta de lim\u00f3n y crema chantilly con bizcochuelo de vainilla. Para la crema de lim\u00f3n se utiliza Lemon curd o cuajada de lim\u00f3n. Te la recomendamos con muchas ganas.","rel":"","context":"En &quot;Recetas&quot;","block_context":{"text":"Recetas","link":"https:\/\/le-fort.org\/cocina\/categoria\/recetas\/"},"img":{"alt_text":"","src":"https:\/\/i0.wp.com\/le-fort.org\/cocina\/wp-content\/uploads\/2015\/01\/torta-limon-hd.jpg?fit=1200%2C400&ssl=1&resize=350%2C200","width":350,"height":200,"srcset":"https:\/\/i0.wp.com\/le-fort.org\/cocina\/wp-content\/uploads\/2015\/01\/torta-limon-hd.jpg?fit=1200%2C400&ssl=1&resize=350%2C200 1x, https:\/\/i0.wp.com\/le-fort.org\/cocina\/wp-content\/uploads\/2015\/01\/torta-limon-hd.jpg?fit=1200%2C400&ssl=1&resize=525%2C300 1.5x, https:\/\/i0.wp.com\/le-fort.org\/cocina\/wp-content\/uploads\/2015\/01\/torta-limon-hd.jpg?fit=1200%2C400&ssl=1&resize=700%2C400 2x, https:\/\/i0.wp.com\/le-fort.org\/cocina\/wp-content\/uploads\/2015\/01\/torta-limon-hd.jpg?fit=1200%2C400&ssl=1&resize=1050%2C600 3x"},"classes":[]},{"id":8337,"url":"https:\/\/le-fort.org\/cocina\/torta-de-panqueques\/","url_meta":{"origin":416,"position":1},"title":"Torta de Panqueques","author":"Le-Fort.org","date":"7 de Julio, 2016","format":false,"excerpt":"Deliciosa torta de panqueques basada en recetas alemanas (schichttorte y baumkuchen). Es una de nuestras nuevas favoritas.","rel":"","context":"En &quot;Reposter\u00eda&quot;","block_context":{"text":"Reposter\u00eda","link":"https:\/\/le-fort.org\/cocina\/categoria\/reposteria\/"},"img":{"alt_text":"","src":"https:\/\/i0.wp.com\/le-fort.org\/cocina\/wp-content\/uploads\/2016\/07\/torte-hd.jpg?fit=1200%2C400&ssl=1&resize=350%2C200","width":350,"height":200,"srcset":"https:\/\/i0.wp.com\/le-fort.org\/cocina\/wp-content\/uploads\/2016\/07\/torte-hd.jpg?fit=1200%2C400&ssl=1&resize=350%2C200 1x, https:\/\/i0.wp.com\/le-fort.org\/cocina\/wp-content\/uploads\/2016\/07\/torte-hd.jpg?fit=1200%2C400&ssl=1&resize=525%2C300 1.5x, https:\/\/i0.wp.com\/le-fort.org\/cocina\/wp-content\/uploads\/2016\/07\/torte-hd.jpg?fit=1200%2C400&ssl=1&resize=700%2C400 2x, https:\/\/i0.wp.com\/le-fort.org\/cocina\/wp-content\/uploads\/2016\/07\/torte-hd.jpg?fit=1200%2C400&ssl=1&resize=1050%2C600 3x"},"classes":[]},{"id":16052,"url":"https:\/\/le-fort.org\/cocina\/torta-opera-2\/","url_meta":{"origin":416,"position":2},"title":"Torta Opera","author":"Marell Rojas","date":"15 de Mayo, 2020","format":false,"excerpt":"Torta Opera parisina.","rel":"","context":"En &quot;Tortas&quot;","block_context":{"text":"Tortas","link":"https:\/\/le-fort.org\/cocina\/categoria\/tortas\/"},"img":{"alt_text":"","src":"https:\/\/i0.wp.com\/img.youtube.com\/vi\/EhUdwAuJJaQ\/0.jpg?resize=350%2C200","width":350,"height":200},"classes":[]},{"id":5755,"url":"https:\/\/le-fort.org\/cocina\/mille-crepe-de-ganache-de-nutella\/","url_meta":{"origin":416,"position":3},"title":"Mille Cr\u00eape de Ganache de Nutella","author":"Le-Fort.org","date":"21 de Septiembre, 2014","format":false,"excerpt":"Mille Cr\u00eape de Ganache de Nutella, una torta r\u00e1pida y f\u00e1cil, sobre todo si eres bueno para hacer panqueques y te gusta la nutella. Pru\u00e9bala y cu\u00e9ntanos qu\u00e9 opinas.","rel":"","context":"En &quot;Chocolate&quot;","block_context":{"text":"Chocolate","link":"https:\/\/le-fort.org\/cocina\/categoria\/chocolate\/"},"img":{"alt_text":"","src":"https:\/\/i0.wp.com\/le-fort.org\/cocina\/wp-content\/uploads\/2014\/09\/mille-crepe-nutella-hd.jpg?fit=1200%2C400&ssl=1&resize=350%2C200","width":350,"height":200,"srcset":"https:\/\/i0.wp.com\/le-fort.org\/cocina\/wp-content\/uploads\/2014\/09\/mille-crepe-nutella-hd.jpg?fit=1200%2C400&ssl=1&resize=350%2C200 1x, https:\/\/i0.wp.com\/le-fort.org\/cocina\/wp-content\/uploads\/2014\/09\/mille-crepe-nutella-hd.jpg?fit=1200%2C400&ssl=1&resize=525%2C300 1.5x, https:\/\/i0.wp.com\/le-fort.org\/cocina\/wp-content\/uploads\/2014\/09\/mille-crepe-nutella-hd.jpg?fit=1200%2C400&ssl=1&resize=700%2C400 2x, https:\/\/i0.wp.com\/le-fort.org\/cocina\/wp-content\/uploads\/2014\/09\/mille-crepe-nutella-hd.jpg?fit=1200%2C400&ssl=1&resize=1050%2C600 3x"},"classes":[]},{"id":4516,"url":"https:\/\/le-fort.org\/cocina\/torta-de-maracuya-y-ganache\/","url_meta":{"origin":416,"position":4},"title":"Torta de Maracuy\u00e1 y Ganache","author":"Le-Fort.org","date":"29 de Junio, 2013","format":false,"excerpt":"Receta de torta de Maracuy\u00e1 y Ganache para el desaf\u00edo de junio del buscador de blogs de recetas chilenas.","rel":"","context":"En &quot;Reposter\u00eda&quot;","block_context":{"text":"Reposter\u00eda","link":"https:\/\/le-fort.org\/cocina\/categoria\/reposteria\/"},"img":{"alt_text":"","src":"https:\/\/i0.wp.com\/le-fort.org\/cocina\/wp-content\/uploads\/2013\/06\/torta-maracuya-hd.jpg?fit=1200%2C400&ssl=1&resize=350%2C200","width":350,"height":200,"srcset":"https:\/\/i0.wp.com\/le-fort.org\/cocina\/wp-content\/uploads\/2013\/06\/torta-maracuya-hd.jpg?fit=1200%2C400&ssl=1&resize=350%2C200 1x, https:\/\/i0.wp.com\/le-fort.org\/cocina\/wp-content\/uploads\/2013\/06\/torta-maracuya-hd.jpg?fit=1200%2C400&ssl=1&resize=525%2C300 1.5x, https:\/\/i0.wp.com\/le-fort.org\/cocina\/wp-content\/uploads\/2013\/06\/torta-maracuya-hd.jpg?fit=1200%2C400&ssl=1&resize=700%2C400 2x, https:\/\/i0.wp.com\/le-fort.org\/cocina\/wp-content\/uploads\/2013\/06\/torta-maracuya-hd.jpg?fit=1200%2C400&ssl=1&resize=1050%2C600 3x"},"classes":[]},{"id":8708,"url":"https:\/\/le-fort.org\/cocina\/pavlova\/","url_meta":{"origin":416,"position":5},"title":"Pavlova: Ni de Aqu\u00ed ni de All\u00e1","author":"Le-Fort.org","date":"8 de Septiembre, 2016","format":false,"excerpt":"Pavlova: postre o torta de merengue, crema y frutas. Simple, deliciosa y liviana.","rel":"","context":"En &quot;Reposter\u00eda&quot;","block_context":{"text":"Reposter\u00eda","link":"https:\/\/le-fort.org\/cocina\/categoria\/reposteria\/"},"img":{"alt_text":"","src":"https:\/\/i0.wp.com\/le-fort.org\/cocina\/wp-content\/uploads\/2016\/09\/pavlova-hd.jpg?fit=1200%2C400&ssl=1&resize=350%2C200","width":350,"height":200,"srcset":"https:\/\/i0.wp.com\/le-fort.org\/cocina\/wp-content\/uploads\/2016\/09\/pavlova-hd.jpg?fit=1200%2C400&ssl=1&resize=350%2C200 1x, https:\/\/i0.wp.com\/le-fort.org\/cocina\/wp-content\/uploads\/2016\/09\/pavlova-hd.jpg?fit=1200%2C400&ssl=1&resize=525%2C300 1.5x, https:\/\/i0.wp.com\/le-fort.org\/cocina\/wp-content\/uploads\/2016\/09\/pavlova-hd.jpg?fit=1200%2C400&ssl=1&resize=700%2C400 2x, https:\/\/i0.wp.com\/le-fort.org\/cocina\/wp-content\/uploads\/2016\/09\/pavlova-hd.jpg?fit=1200%2C400&ssl=1&resize=1050%2C600 3x"},"classes":[]}],"_links":{"self":[{"href":"https:\/\/le-fort.org\/cocina\/wp-json\/wp\/v2\/posts\/416","targetHints":{"allow":["GET"]}}],"collection":[{"href":"https:\/\/le-fort.org\/cocina\/wp-json\/wp\/v2\/posts"}],"about":[{"href":"https:\/\/le-fort.org\/cocina\/wp-json\/wp\/v2\/types\/post"}],"author":[{"embeddable":true,"href":"https:\/\/le-fort.org\/cocina\/wp-json\/wp\/v2\/users\/2"}],"replies":[{"embeddable":true,"href":"https:\/\/le-fort.org\/cocina\/wp-json\/wp\/v2\/comments?post=416"}],"version-history":[{"count":0,"href":"https:\/\/le-fort.org\/cocina\/wp-json\/wp\/v2\/posts\/416\/revisions"}],"wp:featuredmedia":[{"embeddable":true,"href":"https:\/\/le-fort.org\/cocina\/wp-json\/wp\/v2\/posts\/211"}],"wp:attachment":[{"href":"https:\/\/le-fort.org\/cocina\/wp-json\/wp\/v2\/media?parent=416"}],"wp:term":[{"taxonomy":"category","embeddable":true,"href":"https:\/\/le-fort.org\/cocina\/wp-json\/wp\/v2\/categories?post=416"},{"taxonomy":"post_tag","embeddable":true,"href":"https:\/\/le-fort.org\/cocina\/wp-json\/wp\/v2\/tags?post=416"}],"curies":[{"name":"wp","href":"https:\/\/api.w.org\/{rel}","templated":true}]}}