{"id":42,"date":"2013-04-30T00:10:52","date_gmt":"2013-04-30T00:10:52","guid":{"rendered":"http:\/\/www.loquecomemos.com\/?p=42"},"modified":"2013-06-09T03:39:33","modified_gmt":"2013-06-09T03:39:33","slug":"gnocchi-de-zapallo-con-queso-azul","status":"publish","type":"post","link":"https:\/\/le-fort.org\/cocina\/gnocchi-de-zapallo-con-queso-azul\/","title":{"rendered":"Gnocchi de Zapallo con Queso Azul"},"content":{"rendered":"<p>En esta casa creemos que conmemorar el d\u00eda del \u00f1oqui el d\u00eda 29 de cada mes es la excusa perfecta. No porque se supone que nos trae prosperidad, ni por lo de San Pantale\u00f3n. Simplemente porque los \u00f1oquis nos encantan.<\/p>\n<p>Como somos incapaces de dejar una receta en paz, mes a mes inventamos formas nuevas de acometer los \u00f1oquis. Este mes los hicimos de zapallo en una salsa de queso azul, y con trocitos de mozarella para derretir. El proceso fue el siguiente:<!--more--><\/p>\n<p><img data-recalc-dims=\"1\" loading=\"lazy\" decoding=\"async\" data-attachment-id=\"50\" data-permalink=\"https:\/\/le-fort.org\/cocina\/gnocchi-de-zapallo-con-queso-azul\/papas\/\" data-orig-file=\"https:\/\/i0.wp.com\/le-fort.org\/cocina\/wp-content\/uploads\/2013\/04\/papas.jpg?fit=800%2C600&amp;ssl=1\" data-orig-size=\"800,600\" data-comments-opened=\"0\" data-image-meta=\"{&quot;aperture&quot;:&quot;0&quot;,&quot;credit&quot;:&quot;&quot;,&quot;camera&quot;:&quot;&quot;,&quot;caption&quot;:&quot;&quot;,&quot;created_timestamp&quot;:&quot;0&quot;,&quot;copyright&quot;:&quot;&quot;,&quot;focal_length&quot;:&quot;0&quot;,&quot;iso&quot;:&quot;0&quot;,&quot;shutter_speed&quot;:&quot;0&quot;,&quot;title&quot;:&quot;&quot;,&quot;orientation&quot;:&quot;0&quot;}\" data-image-title=\"papas\" data-image-description=\"\" data-image-caption=\"\" data-large-file=\"https:\/\/i0.wp.com\/le-fort.org\/cocina\/wp-content\/uploads\/2013\/04\/papas.jpg?fit=800%2C600&amp;ssl=1\" class=\"aligncenter size-full wp-image-50\" alt=\"papas\" src=\"https:\/\/i0.wp.com\/www.le-fort.org\/wp-content\/uploads\/2013\/04\/papas.jpg?resize=800%2C600&#038;ssl=1\" width=\"800\" height=\"600\" srcset=\"https:\/\/i0.wp.com\/le-fort.org\/cocina\/wp-content\/uploads\/2013\/04\/papas.jpg?w=800&amp;ssl=1 800w, https:\/\/i0.wp.com\/le-fort.org\/cocina\/wp-content\/uploads\/2013\/04\/papas.jpg?resize=600%2C450&amp;ssl=1 600w\" sizes=\"auto, (max-width: 800px) 100vw, 800px\" \/><\/p>\n<ol>\n<li>Cocer y moler 500 grs. de papas.<\/li>\n<li>Hornear y moler 500 grs. de zapallo.<img data-recalc-dims=\"1\" loading=\"lazy\" decoding=\"async\" data-attachment-id=\"49\" data-permalink=\"https:\/\/le-fort.org\/cocina\/gnocchi-de-zapallo-con-queso-azul\/pure\/\" data-orig-file=\"https:\/\/i0.wp.com\/le-fort.org\/cocina\/wp-content\/uploads\/2013\/04\/pure.jpg?fit=800%2C600&amp;ssl=1\" data-orig-size=\"800,600\" data-comments-opened=\"0\" data-image-meta=\"{&quot;aperture&quot;:&quot;0&quot;,&quot;credit&quot;:&quot;&quot;,&quot;camera&quot;:&quot;&quot;,&quot;caption&quot;:&quot;&quot;,&quot;created_timestamp&quot;:&quot;0&quot;,&quot;copyright&quot;:&quot;&quot;,&quot;focal_length&quot;:&quot;0&quot;,&quot;iso&quot;:&quot;0&quot;,&quot;shutter_speed&quot;:&quot;0&quot;,&quot;title&quot;:&quot;&quot;,&quot;orientation&quot;:&quot;0&quot;}\" data-image-title=\"pure\" data-image-description=\"\" data-image-caption=\"\" data-large-file=\"https:\/\/i0.wp.com\/le-fort.org\/cocina\/wp-content\/uploads\/2013\/04\/pure.jpg?fit=800%2C600&amp;ssl=1\" class=\"aligncenter size-full wp-image-49\" alt=\"pure\" src=\"https:\/\/i0.wp.com\/www.le-fort.org\/wp-content\/uploads\/2013\/04\/pure.jpg?resize=800%2C600&#038;ssl=1\" width=\"800\" height=\"600\" srcset=\"https:\/\/i0.wp.com\/le-fort.org\/cocina\/wp-content\/uploads\/2013\/04\/pure.jpg?w=800&amp;ssl=1 800w, https:\/\/i0.wp.com\/le-fort.org\/cocina\/wp-content\/uploads\/2013\/04\/pure.jpg?resize=600%2C450&amp;ssl=1 600w\" sizes=\"auto, (max-width: 800px) 100vw, 800px\" \/><\/li>\n<li>A\u00f1adir harina suficiente para obtener una masa no muy pegajosa. Mientras menos harina, mejor.<a href=\"https:\/\/i0.wp.com\/le-fort.org\/wp-content\/uploads\/2013\/04\/harina.jpg?ssl=1\"><img data-recalc-dims=\"1\" loading=\"lazy\" decoding=\"async\" data-attachment-id=\"48\" data-permalink=\"https:\/\/le-fort.org\/cocina\/gnocchi-de-zapallo-con-queso-azul\/harina\/\" data-orig-file=\"https:\/\/i0.wp.com\/le-fort.org\/cocina\/wp-content\/uploads\/2013\/04\/harina.jpg?fit=800%2C600&amp;ssl=1\" data-orig-size=\"800,600\" data-comments-opened=\"0\" data-image-meta=\"{&quot;aperture&quot;:&quot;0&quot;,&quot;credit&quot;:&quot;&quot;,&quot;camera&quot;:&quot;&quot;,&quot;caption&quot;:&quot;&quot;,&quot;created_timestamp&quot;:&quot;0&quot;,&quot;copyright&quot;:&quot;&quot;,&quot;focal_length&quot;:&quot;0&quot;,&quot;iso&quot;:&quot;0&quot;,&quot;shutter_speed&quot;:&quot;0&quot;,&quot;title&quot;:&quot;&quot;,&quot;orientation&quot;:&quot;0&quot;}\" data-image-title=\"harina\" data-image-description=\"\" data-image-caption=\"\" data-large-file=\"https:\/\/i0.wp.com\/le-fort.org\/cocina\/wp-content\/uploads\/2013\/04\/harina.jpg?fit=800%2C600&amp;ssl=1\" class=\"aligncenter size-full wp-image-48\" alt=\"harina\" src=\"https:\/\/i0.wp.com\/www.le-fort.org\/wp-content\/uploads\/2013\/04\/harina.jpg?resize=800%2C600&#038;ssl=1\" width=\"800\" height=\"600\" srcset=\"https:\/\/i0.wp.com\/le-fort.org\/cocina\/wp-content\/uploads\/2013\/04\/harina.jpg?w=800&amp;ssl=1 800w, https:\/\/i0.wp.com\/le-fort.org\/cocina\/wp-content\/uploads\/2013\/04\/harina.jpg?resize=600%2C450&amp;ssl=1 600w\" sizes=\"auto, (max-width: 800px) 100vw, 800px\" \/><\/a><\/li>\n<li>A\u00f1adir un huevo batido, sal, nuez moscada y canela a gusto. La idea es que no queden muy especiados.<\/li>\n<li>Amasar, creando cilindros largos de unos 2 cm. de di\u00e1metro. Cortar segmentos de aprox. 1 cm. y dorarlos en una sart\u00e9n con un poquito de aceite.<a href=\"https:\/\/i0.wp.com\/le-fort.org\/wp-content\/uploads\/2013\/04\/gnoq2.jpg?ssl=1\"><img data-recalc-dims=\"1\" loading=\"lazy\" decoding=\"async\" data-attachment-id=\"44\" data-permalink=\"https:\/\/le-fort.org\/cocina\/gnocchi-de-zapallo-con-queso-azul\/gnoq2\/\" data-orig-file=\"https:\/\/i0.wp.com\/le-fort.org\/cocina\/wp-content\/uploads\/2013\/04\/gnoq2.jpg?fit=800%2C600&amp;ssl=1\" data-orig-size=\"800,600\" data-comments-opened=\"0\" data-image-meta=\"{&quot;aperture&quot;:&quot;0&quot;,&quot;credit&quot;:&quot;&quot;,&quot;camera&quot;:&quot;&quot;,&quot;caption&quot;:&quot;&quot;,&quot;created_timestamp&quot;:&quot;0&quot;,&quot;copyright&quot;:&quot;&quot;,&quot;focal_length&quot;:&quot;0&quot;,&quot;iso&quot;:&quot;0&quot;,&quot;shutter_speed&quot;:&quot;0&quot;,&quot;title&quot;:&quot;&quot;,&quot;orientation&quot;:&quot;0&quot;}\" data-image-title=\"gnoq2\" data-image-description=\"\" data-image-caption=\"\" data-large-file=\"https:\/\/i0.wp.com\/le-fort.org\/cocina\/wp-content\/uploads\/2013\/04\/gnoq2.jpg?fit=800%2C600&amp;ssl=1\" class=\"aligncenter size-full wp-image-44\" alt=\"gnoq2\" src=\"https:\/\/i0.wp.com\/www.le-fort.org\/wp-content\/uploads\/2013\/04\/gnoq2.jpg?resize=800%2C600&#038;ssl=1\" width=\"800\" height=\"600\" srcset=\"https:\/\/i0.wp.com\/le-fort.org\/cocina\/wp-content\/uploads\/2013\/04\/gnoq2.jpg?w=800&amp;ssl=1 800w, https:\/\/i0.wp.com\/le-fort.org\/cocina\/wp-content\/uploads\/2013\/04\/gnoq2.jpg?resize=600%2C450&amp;ssl=1 600w\" sizes=\"auto, (max-width: 800px) 100vw, 800px\" \/><\/a><\/li>\n<li>Reservar.<img data-recalc-dims=\"1\" loading=\"lazy\" decoding=\"async\" data-attachment-id=\"45\" data-permalink=\"https:\/\/le-fort.org\/cocina\/gnocchi-de-zapallo-con-queso-azul\/gnoq\/\" data-orig-file=\"https:\/\/i0.wp.com\/le-fort.org\/cocina\/wp-content\/uploads\/2013\/04\/gnoq.jpg?fit=800%2C600&amp;ssl=1\" data-orig-size=\"800,600\" data-comments-opened=\"0\" data-image-meta=\"{&quot;aperture&quot;:&quot;0&quot;,&quot;credit&quot;:&quot;&quot;,&quot;camera&quot;:&quot;&quot;,&quot;caption&quot;:&quot;&quot;,&quot;created_timestamp&quot;:&quot;0&quot;,&quot;copyright&quot;:&quot;&quot;,&quot;focal_length&quot;:&quot;0&quot;,&quot;iso&quot;:&quot;0&quot;,&quot;shutter_speed&quot;:&quot;0&quot;,&quot;title&quot;:&quot;&quot;,&quot;orientation&quot;:&quot;0&quot;}\" data-image-title=\"gnoq\" data-image-description=\"\" data-image-caption=\"\" data-large-file=\"https:\/\/i0.wp.com\/le-fort.org\/cocina\/wp-content\/uploads\/2013\/04\/gnoq.jpg?fit=800%2C600&amp;ssl=1\" class=\"aligncenter size-full wp-image-45\" alt=\"gnoq\" src=\"https:\/\/i0.wp.com\/www.le-fort.org\/wp-content\/uploads\/2013\/04\/gnoq.jpg?resize=800%2C600&#038;ssl=1\" width=\"800\" height=\"600\" srcset=\"https:\/\/i0.wp.com\/le-fort.org\/cocina\/wp-content\/uploads\/2013\/04\/gnoq.jpg?w=800&amp;ssl=1 800w, https:\/\/i0.wp.com\/le-fort.org\/cocina\/wp-content\/uploads\/2013\/04\/gnoq.jpg?resize=600%2C450&amp;ssl=1 600w\" sizes=\"auto, (max-width: 800px) 100vw, 800px\" \/><\/li>\n<\/ol>\n<p>Paralelamente, preparar una salsa blanca con queso azul.<\/p>\n<ol>\n<li><span style=\"line-height: 14px;\">Rehogar 1\/4 de taza de harina en 50 grs. de mantequilla<img data-recalc-dims=\"1\" loading=\"lazy\" decoding=\"async\" data-attachment-id=\"47\" data-permalink=\"https:\/\/le-fort.org\/cocina\/gnocchi-de-zapallo-con-queso-azul\/salsa-blanca\/\" data-orig-file=\"https:\/\/i0.wp.com\/le-fort.org\/cocina\/wp-content\/uploads\/2013\/04\/salsa-blanca.jpg?fit=800%2C600&amp;ssl=1\" data-orig-size=\"800,600\" data-comments-opened=\"0\" data-image-meta=\"{&quot;aperture&quot;:&quot;0&quot;,&quot;credit&quot;:&quot;&quot;,&quot;camera&quot;:&quot;&quot;,&quot;caption&quot;:&quot;&quot;,&quot;created_timestamp&quot;:&quot;0&quot;,&quot;copyright&quot;:&quot;&quot;,&quot;focal_length&quot;:&quot;0&quot;,&quot;iso&quot;:&quot;0&quot;,&quot;shutter_speed&quot;:&quot;0&quot;,&quot;title&quot;:&quot;&quot;,&quot;orientation&quot;:&quot;0&quot;}\" data-image-title=\"salsa-blanca\" data-image-description=\"\" data-image-caption=\"\" data-large-file=\"https:\/\/i0.wp.com\/le-fort.org\/cocina\/wp-content\/uploads\/2013\/04\/salsa-blanca.jpg?fit=800%2C600&amp;ssl=1\" class=\"aligncenter size-full wp-image-47\" alt=\"salsa-blanca\" src=\"https:\/\/i0.wp.com\/www.le-fort.org\/wp-content\/uploads\/2013\/04\/salsa-blanca.jpg?resize=800%2C600&#038;ssl=1\" width=\"800\" height=\"600\" srcset=\"https:\/\/i0.wp.com\/le-fort.org\/cocina\/wp-content\/uploads\/2013\/04\/salsa-blanca.jpg?w=800&amp;ssl=1 800w, https:\/\/i0.wp.com\/le-fort.org\/cocina\/wp-content\/uploads\/2013\/04\/salsa-blanca.jpg?resize=600%2C450&amp;ssl=1 600w\" sizes=\"auto, (max-width: 800px) 100vw, 800px\" \/><\/span><\/li>\n<li>A\u00f1adir 1 lt. de leche lentamente, revolviendo a cada aplicaci\u00f3n hasta homogeneizar. Hervir 5 minutos a fuego bajo, revolviendo para evitar que se pegue<\/li>\n<li>A\u00f1adir 75 grs. de queso azul y mezclar bien.<img data-recalc-dims=\"1\" loading=\"lazy\" decoding=\"async\" data-attachment-id=\"46\" data-permalink=\"https:\/\/le-fort.org\/cocina\/gnocchi-de-zapallo-con-queso-azul\/salsa-blanca-2\/\" data-orig-file=\"https:\/\/i0.wp.com\/le-fort.org\/cocina\/wp-content\/uploads\/2013\/04\/salsa-blanca-2.jpg?fit=800%2C600&amp;ssl=1\" data-orig-size=\"800,600\" data-comments-opened=\"0\" data-image-meta=\"{&quot;aperture&quot;:&quot;0&quot;,&quot;credit&quot;:&quot;&quot;,&quot;camera&quot;:&quot;&quot;,&quot;caption&quot;:&quot;&quot;,&quot;created_timestamp&quot;:&quot;0&quot;,&quot;copyright&quot;:&quot;&quot;,&quot;focal_length&quot;:&quot;0&quot;,&quot;iso&quot;:&quot;0&quot;,&quot;shutter_speed&quot;:&quot;0&quot;,&quot;title&quot;:&quot;&quot;,&quot;orientation&quot;:&quot;0&quot;}\" data-image-title=\"salsa-blanca-2\" data-image-description=\"\" data-image-caption=\"\" data-large-file=\"https:\/\/i0.wp.com\/le-fort.org\/cocina\/wp-content\/uploads\/2013\/04\/salsa-blanca-2.jpg?fit=800%2C600&amp;ssl=1\" class=\"aligncenter size-full wp-image-46\" alt=\"salsa-blanca-2\" src=\"https:\/\/i0.wp.com\/www.le-fort.org\/wp-content\/uploads\/2013\/04\/salsa-blanca-2.jpg?resize=800%2C600&#038;ssl=1\" width=\"800\" height=\"600\" srcset=\"https:\/\/i0.wp.com\/le-fort.org\/cocina\/wp-content\/uploads\/2013\/04\/salsa-blanca-2.jpg?w=800&amp;ssl=1 800w, https:\/\/i0.wp.com\/le-fort.org\/cocina\/wp-content\/uploads\/2013\/04\/salsa-blanca-2.jpg?resize=600%2C450&amp;ssl=1 600w\" sizes=\"auto, (max-width: 800px) 100vw, 800px\" \/><\/li>\n<\/ol>\n<p>Ya que no tenemos horno estos d\u00edas, optamos por un &#8220;gratinado reverso&#8221; mezclando los \u00f1oquis con la salsa y trocitos de mozarella \u00a0y vertiendo esto en un sart\u00e9n peque\u00f1o antiadherente enmantequillado muy caliente unos minutos. El resultado fue una capa de queso tostado de lo m\u00e1s interesante.<\/p>\n<p><a href=\"https:\/\/i0.wp.com\/le-fort.org\/wp-content\/uploads\/2013\/04\/final.jpg?ssl=1\"><img data-recalc-dims=\"1\" loading=\"lazy\" decoding=\"async\" data-attachment-id=\"43\" data-permalink=\"https:\/\/le-fort.org\/cocina\/gnocchi-de-zapallo-con-queso-azul\/final\/\" data-orig-file=\"https:\/\/i0.wp.com\/le-fort.org\/cocina\/wp-content\/uploads\/2013\/04\/final.jpg?fit=800%2C600&amp;ssl=1\" data-orig-size=\"800,600\" data-comments-opened=\"0\" data-image-meta=\"{&quot;aperture&quot;:&quot;0&quot;,&quot;credit&quot;:&quot;&quot;,&quot;camera&quot;:&quot;&quot;,&quot;caption&quot;:&quot;&quot;,&quot;created_timestamp&quot;:&quot;0&quot;,&quot;copyright&quot;:&quot;&quot;,&quot;focal_length&quot;:&quot;0&quot;,&quot;iso&quot;:&quot;0&quot;,&quot;shutter_speed&quot;:&quot;0&quot;,&quot;title&quot;:&quot;&quot;,&quot;orientation&quot;:&quot;0&quot;}\" data-image-title=\"final\" data-image-description=\"\" data-image-caption=\"\" data-large-file=\"https:\/\/i0.wp.com\/le-fort.org\/cocina\/wp-content\/uploads\/2013\/04\/final.jpg?fit=800%2C600&amp;ssl=1\" class=\"aligncenter size-full wp-image-43\" alt=\"final\" src=\"https:\/\/i0.wp.com\/www.le-fort.org\/wp-content\/uploads\/2013\/04\/final.jpg?resize=800%2C600&#038;ssl=1\" width=\"800\" height=\"600\" srcset=\"https:\/\/i0.wp.com\/le-fort.org\/cocina\/wp-content\/uploads\/2013\/04\/final.jpg?w=800&amp;ssl=1 800w, https:\/\/i0.wp.com\/le-fort.org\/cocina\/wp-content\/uploads\/2013\/04\/final.jpg?resize=600%2C450&amp;ssl=1 600w\" sizes=\"auto, (max-width: 800px) 100vw, 800px\" \/><\/a>Hasta nos alegramos de no tener horno \ud83d\ude09<\/p>\n<p>Se recomienda mucho esta forma de hacer los \u00f1oquis. Por ning\u00fan motivo cocer el zapallo, ya que absorbe much\u00edsima agua, siempre asarlo.<\/p>\n<p>&nbsp;<\/p>\n","protected":false},"excerpt":{"rendered":"<p>Receta de \u00f1oquis de zapallo con salsa de queso azul y mozarella, creados para celebrar el d\u00eda del \u00f1oqui.<\/p>\n","protected":false},"author":1,"featured_media":51,"comment_status":"open","ping_status":"closed","sticky":false,"template":"","format":"standard","meta":{"_jetpack_newsletter_access":"","_jetpack_dont_email_post_to_subs":false,"_jetpack_newsletter_tier_id":0,"_jetpack_memberships_contains_paywalled_content":false,"_jetpack_memberships_contains_paid_content":false,"footnotes":""},"categories":[2],"tags":[16,76,644],"class_list":["post-42","post","type-post","status-publish","format-standard","has-post-thumbnail","hentry","category-recetas","tag-dia-del-noqui","tag-noqui","tag-quesos","entry","has-media"],"jetpack_featured_media_url":"https:\/\/i0.wp.com\/le-fort.org\/cocina\/wp-content\/uploads\/2013\/04\/hd2.jpg?fit=800%2C300&ssl=1","jetpack_shortlink":"https:\/\/wp.me\/pghKer-G","jetpack_sharing_enabled":true,"jetpack-related-posts":[{"id":8506,"url":"https:\/\/le-fort.org\/cocina\/noquis-harina-maiz\/","url_meta":{"origin":42,"position":0},"title":"\u00d1oquis de Harina de Ma\u00edz","author":"Le-Fort.org","date":"29 de Julio, 2016","format":false,"excerpt":"Receta de \u00f1oquis de harina de ma\u00edz (la misma que se usa para hacer arepas). R\u00e1pidos, f\u00e1ciles y deliciosos.","rel":"","context":"En &quot;Recetas&quot;","block_context":{"text":"Recetas","link":"https:\/\/le-fort.org\/cocina\/categoria\/recetas\/"},"img":{"alt_text":"","src":"https:\/\/i0.wp.com\/le-fort.org\/cocina\/wp-content\/uploads\/2016\/07\/gnocchi-maiz-hd.jpg?fit=1200%2C400&ssl=1&resize=350%2C200","width":350,"height":200,"srcset":"https:\/\/i0.wp.com\/le-fort.org\/cocina\/wp-content\/uploads\/2016\/07\/gnocchi-maiz-hd.jpg?fit=1200%2C400&ssl=1&resize=350%2C200 1x, https:\/\/i0.wp.com\/le-fort.org\/cocina\/wp-content\/uploads\/2016\/07\/gnocchi-maiz-hd.jpg?fit=1200%2C400&ssl=1&resize=525%2C300 1.5x, https:\/\/i0.wp.com\/le-fort.org\/cocina\/wp-content\/uploads\/2016\/07\/gnocchi-maiz-hd.jpg?fit=1200%2C400&ssl=1&resize=700%2C400 2x, https:\/\/i0.wp.com\/le-fort.org\/cocina\/wp-content\/uploads\/2016\/07\/gnocchi-maiz-hd.jpg?fit=1200%2C400&ssl=1&resize=1050%2C600 3x"},"classes":[]},{"id":2498,"url":"https:\/\/le-fort.org\/cocina\/noquis-gratinados-con-queso-azul\/","url_meta":{"origin":42,"position":1},"title":"\u00d1oquis Gratinados con Queso Azul","author":"Le-Fort.org","date":"30 de Diciembre, 2012","format":false,"excerpt":"Receta de \u00d1oquis gratinados con queso azul, crema y romero. Fueron los mejores \u00f1oquis del 2012","rel":"","context":"En &quot;Comida&quot;","block_context":{"text":"Comida","link":"https:\/\/le-fort.org\/cocina\/categoria\/cocina-comida\/"},"img":{"alt_text":"","src":"https:\/\/i0.wp.com\/le-fort.org\/cocina\/wp-content\/uploads\/2012\/12\/head.jpg?fit=960%2C250&ssl=1&resize=350%2C200","width":350,"height":200,"srcset":"https:\/\/i0.wp.com\/le-fort.org\/cocina\/wp-content\/uploads\/2012\/12\/head.jpg?fit=960%2C250&ssl=1&resize=350%2C200 1x, https:\/\/i0.wp.com\/le-fort.org\/cocina\/wp-content\/uploads\/2012\/12\/head.jpg?fit=960%2C250&ssl=1&resize=525%2C300 1.5x, https:\/\/i0.wp.com\/le-fort.org\/cocina\/wp-content\/uploads\/2012\/12\/head.jpg?fit=960%2C250&ssl=1&resize=700%2C400 2x"},"classes":[]},{"id":4859,"url":"https:\/\/le-fort.org\/cocina\/lasanoquiausa-lasana-noqui-causa-un-dia-con-muchas-efemerides\/","url_meta":{"origin":42,"position":2},"title":"Lasa\u00f1oquiausa: Lasa\u00f1a+\u00d1oqui+Causa \u2013 Un d\u00eda con muchas efem\u00e9rides","author":"Le-Fort.org","date":"30 de Julio, 2013","format":false,"excerpt":"La lasa\u00f1oquiausa es un h\u00edbrido que intenta unir el d\u00eda del \u00f1oqui con el d\u00eda de la lasa\u00f1a, y de rebote constituye un gui\u00f1o al d\u00eda del Per\u00fa. S\u00f3lo se puede preparar los 29 de julio.","rel":"","context":"En &quot;Disquisiciones&quot;","block_context":{"text":"Disquisiciones","link":"https:\/\/le-fort.org\/cocina\/categoria\/disquisiciones\/"},"img":{"alt_text":"","src":"https:\/\/i0.wp.com\/le-fort.org\/cocina\/wp-content\/uploads\/2013\/07\/lasannoqui-hd.jpg?fit=1200%2C400&ssl=1&resize=350%2C200","width":350,"height":200,"srcset":"https:\/\/i0.wp.com\/le-fort.org\/cocina\/wp-content\/uploads\/2013\/07\/lasannoqui-hd.jpg?fit=1200%2C400&ssl=1&resize=350%2C200 1x, https:\/\/i0.wp.com\/le-fort.org\/cocina\/wp-content\/uploads\/2013\/07\/lasannoqui-hd.jpg?fit=1200%2C400&ssl=1&resize=525%2C300 1.5x, https:\/\/i0.wp.com\/le-fort.org\/cocina\/wp-content\/uploads\/2013\/07\/lasannoqui-hd.jpg?fit=1200%2C400&ssl=1&resize=700%2C400 2x, https:\/\/i0.wp.com\/le-fort.org\/cocina\/wp-content\/uploads\/2013\/07\/lasannoqui-hd.jpg?fit=1200%2C400&ssl=1&resize=1050%2C600 3x"},"classes":[]},{"id":3047,"url":"https:\/\/le-fort.org\/cocina\/noquis-de-camote-batata-morado-con-mantequilla-dorada\/","url_meta":{"origin":42,"position":3},"title":"\u00d1oquis de Camote (Batata) Morado con Mantequilla Dorada","author":"Le-Fort.org","date":"29 de Enero, 2013","format":false,"excerpt":"Esta es una variaci\u00f3n del cl\u00e1sico \u00f1oqui de papa. \u00d1oquis de camote o batata morado con salsa de mantequilla dorada a la salvia.","rel":"","context":"En &quot;Comida&quot;","block_context":{"text":"Comida","link":"https:\/\/le-fort.org\/cocina\/categoria\/cocina-comida\/"},"img":{"alt_text":"","src":"https:\/\/i0.wp.com\/le-fort.org\/cocina\/wp-content\/uploads\/2013\/01\/head.jpg?fit=960%2C250&ssl=1&resize=350%2C200","width":350,"height":200,"srcset":"https:\/\/i0.wp.com\/le-fort.org\/cocina\/wp-content\/uploads\/2013\/01\/head.jpg?fit=960%2C250&ssl=1&resize=350%2C200 1x, https:\/\/i0.wp.com\/le-fort.org\/cocina\/wp-content\/uploads\/2013\/01\/head.jpg?fit=960%2C250&ssl=1&resize=525%2C300 1.5x, https:\/\/i0.wp.com\/le-fort.org\/cocina\/wp-content\/uploads\/2013\/01\/head.jpg?fit=960%2C250&ssl=1&resize=700%2C400 2x"},"classes":[]},{"id":4616,"url":"https:\/\/le-fort.org\/cocina\/noquis-rapidos-de-pure-de-papas\/","url_meta":{"origin":42,"position":4},"title":"\u00d1oquis R\u00e1pidos de Pur\u00e9 de Papas","author":"Le-Fort.org","date":"7 de Julio, 2013","format":false,"excerpt":"Preparar \u00f1oquis a partir de pur\u00e9 de papas en caja no es lo m\u00e1s can\u00f3nico pero es mucho m\u00e1s r\u00e1pido que de la forma tradicional y quedan muy buenos. Aqu\u00ed te damos la receta de los \u00f1oquis de pur\u00e9 de papas.","rel":"","context":"En &quot;Recetas&quot;","block_context":{"text":"Recetas","link":"https:\/\/le-fort.org\/cocina\/categoria\/recetas\/"},"img":{"alt_text":"","src":"https:\/\/i0.wp.com\/le-fort.org\/cocina\/wp-content\/uploads\/2013\/07\/noquis-hd-hd.jpg?fit=700%2C350&ssl=1&resize=350%2C200","width":350,"height":200,"srcset":"https:\/\/i0.wp.com\/le-fort.org\/cocina\/wp-content\/uploads\/2013\/07\/noquis-hd-hd.jpg?fit=700%2C350&ssl=1&resize=350%2C200 1x, https:\/\/i0.wp.com\/le-fort.org\/cocina\/wp-content\/uploads\/2013\/07\/noquis-hd-hd.jpg?fit=700%2C350&ssl=1&resize=525%2C300 1.5x, https:\/\/i0.wp.com\/le-fort.org\/cocina\/wp-content\/uploads\/2013\/07\/noquis-hd-hd.jpg?fit=700%2C350&ssl=1&resize=700%2C400 2x"},"classes":[]},{"id":2302,"url":"https:\/\/le-fort.org\/cocina\/receta-noquis-dorados\/","url_meta":{"origin":42,"position":5},"title":"\u00d1oquis dorados","author":"Le-Fort.org","date":"30 de Noviembre, 2012","format":false,"excerpt":"C\u00f3mo preparar \u00f1oquis dorados en vez de cocidos. Mejoran grandemente.","rel":"","context":"En &quot;Comida&quot;","block_context":{"text":"Comida","link":"https:\/\/le-fort.org\/cocina\/categoria\/cocina-comida\/"},"img":{"alt_text":"","src":"https:\/\/i0.wp.com\/le-fort.org\/cocina\/wp-content\/uploads\/2012\/11\/hd-noqui.jpg?fit=600%2C225&ssl=1&resize=350%2C200","width":350,"height":200,"srcset":"https:\/\/i0.wp.com\/le-fort.org\/cocina\/wp-content\/uploads\/2012\/11\/hd-noqui.jpg?fit=600%2C225&ssl=1&resize=350%2C200 1x, https:\/\/i0.wp.com\/le-fort.org\/cocina\/wp-content\/uploads\/2012\/11\/hd-noqui.jpg?fit=600%2C225&ssl=1&resize=525%2C300 1.5x"},"classes":[]}],"_links":{"self":[{"href":"https:\/\/le-fort.org\/cocina\/wp-json\/wp\/v2\/posts\/42","targetHints":{"allow":["GET"]}}],"collection":[{"href":"https:\/\/le-fort.org\/cocina\/wp-json\/wp\/v2\/posts"}],"about":[{"href":"https:\/\/le-fort.org\/cocina\/wp-json\/wp\/v2\/types\/post"}],"author":[{"embeddable":true,"href":"https:\/\/le-fort.org\/cocina\/wp-json\/wp\/v2\/users\/1"}],"replies":[{"embeddable":true,"href":"https:\/\/le-fort.org\/cocina\/wp-json\/wp\/v2\/comments?post=42"}],"version-history":[{"count":0,"href":"https:\/\/le-fort.org\/cocina\/wp-json\/wp\/v2\/posts\/42\/revisions"}],"wp:featuredmedia":[{"embeddable":true,"href":"https:\/\/le-fort.org\/cocina\/wp-json\/wp\/v2\/media\/51"}],"wp:attachment":[{"href":"https:\/\/le-fort.org\/cocina\/wp-json\/wp\/v2\/media?parent=42"}],"wp:term":[{"taxonomy":"category","embeddable":true,"href":"https:\/\/le-fort.org\/cocina\/wp-json\/wp\/v2\/categories?post=42"},{"taxonomy":"post_tag","embeddable":true,"href":"https:\/\/le-fort.org\/cocina\/wp-json\/wp\/v2\/tags?post=42"}],"curies":[{"name":"wp","href":"https:\/\/api.w.org\/{rel}","templated":true}]}}