{"id":4255,"date":"2013-06-10T16:33:38","date_gmt":"2013-06-10T16:33:38","guid":{"rendered":"http:\/\/www.loquecomemos.com\/?p=4255"},"modified":"2021-12-15T08:36:49","modified_gmt":"2021-12-15T13:36:49","slug":"curry-de-lentejas","status":"publish","type":"post","link":"https:\/\/le-fort.org\/cocina\/curry-de-lentejas\/","title":{"rendered":"Curry de Lentejas"},"content":{"rendered":"<p>Esta es una forma de preparar lentejas que es deliciosa, f\u00e1cil y <strong>vegana<\/strong>.<\/p>\n<p>Si servimos estas lentejas con un cereal como arroz o pan, obtenemos una prote\u00edna completa, ya que las prote\u00ednas de las lentejas carecen de todos los amino\u00e1cidos esenciales, al igual que las prote\u00ednas de los cereales, pero al consumirlos juntos, obtenemos todos los amino\u00e1cidos esenciales, lo que redunda en una mejor nutrici\u00f3n.<\/p>\n<figure id=\"attachment_7634\" aria-describedby=\"caption-attachment-7634\" style=\"width: 1280px\" class=\"wp-caption aligncenter\"><img data-recalc-dims=\"1\" loading=\"lazy\" decoding=\"async\" data-attachment-id=\"7634\" data-permalink=\"https:\/\/le-fort.org\/cocina\/curry-de-lentejas\/curry-top\/\" data-orig-file=\"https:\/\/i0.wp.com\/le-fort.org\/cocina\/wp-content\/uploads\/2013\/06\/curry-top.jpg?fit=1280%2C840&amp;ssl=1\" data-orig-size=\"1280,840\" data-comments-opened=\"0\" data-image-meta=\"{&quot;aperture&quot;:&quot;0&quot;,&quot;credit&quot;:&quot;&quot;,&quot;camera&quot;:&quot;&quot;,&quot;caption&quot;:&quot;&quot;,&quot;created_timestamp&quot;:&quot;0&quot;,&quot;copyright&quot;:&quot;&quot;,&quot;focal_length&quot;:&quot;0&quot;,&quot;iso&quot;:&quot;0&quot;,&quot;shutter_speed&quot;:&quot;0&quot;,&quot;title&quot;:&quot;&quot;,&quot;orientation&quot;:&quot;0&quot;}\" data-image-title=\"curry-top\" data-image-description=\"\" data-image-caption=\"\" data-large-file=\"https:\/\/i0.wp.com\/le-fort.org\/cocina\/wp-content\/uploads\/2013\/06\/curry-top.jpg?fit=1200%2C788&amp;ssl=1\" class=\"wp-image-7634 size-full\" src=\"https:\/\/i0.wp.com\/www.le-fort.org\/wp-content\/uploads\/2013\/06\/curry-top.jpg?resize=1200%2C788&#038;ssl=1\" alt=\"Curry de lentejas\" width=\"1200\" height=\"788\" srcset=\"https:\/\/i0.wp.com\/le-fort.org\/cocina\/wp-content\/uploads\/2013\/06\/curry-top.jpg?w=1280&amp;ssl=1 1280w, https:\/\/i0.wp.com\/le-fort.org\/cocina\/wp-content\/uploads\/2013\/06\/curry-top.jpg?resize=600%2C394&amp;ssl=1 600w\" sizes=\"auto, (max-width: 1200px) 100vw, 1200px\" \/><figcaption id=\"caption-attachment-7634\" class=\"wp-caption-text\">Curry de lentejas y arroz con coco<\/figcaption><\/figure>\n<p>Veamos como preparar este curry.<!--more--><\/p>\n<h2>Ingredientes<\/h2>\n<ul>\n<li><span style=\"line-height: 14px;\">2 tazas de lentejas cocidas<\/span><\/li>\n<li>2 cebollas picadas en cubitos<\/li>\n<li>3 dientes de ajo picados<\/li>\n<li>1 cucharada de jengibre rallado<\/li>\n<li>2 tomates picados<\/li>\n<li>1 pimiento verde, picado en cuadritos<\/li>\n<li>1 cucharada de comino entero<\/li>\n<li>1 cucharada de curry<\/li>\n<li>1 cucharadita de canela en polvo<\/li>\n<li>Aj\u00ed optativo y a gusto.<\/li>\n<li>Sal a gusto (1 cucharadita es un buen punto de partida)<\/li>\n<\/ul>\n<h2>Preparaci\u00f3n<\/h2>\n<p>Tostemos las especias en un poco de aceite. Cuando el comino comience a oscurecerse, a\u00f1adamos la cebolla picada, revolviendo a fuego bajo hasta que se vuelva transparente.<\/p>\n<p>A\u00f1adamos ajo y jengibre y cocinemos 5 minutos m\u00e1s.<\/p>\n<p>A\u00f1adamos ahora el tomate y el pimiento y el aj\u00ed si lo usamos. Revolvamos 5 minutos m\u00e1s y agreguemos las lentejas.<\/p>\n<p>Agreguemos media taza de agua, tapemos la olla y dejemos cocer a fuego muy bajo unos 10 minutos.<\/p>\n<p>Listo.<\/p>\n<p><a href=\"https:\/\/i0.wp.com\/le-fort.org\/wp-content\/uploads\/2013\/06\/lentejas.jpg?ssl=1\"><img data-recalc-dims=\"1\" loading=\"lazy\" decoding=\"async\" data-attachment-id=\"4258\" data-permalink=\"https:\/\/le-fort.org\/cocina\/curry-de-lentejas\/lentejas\/\" data-orig-file=\"https:\/\/i0.wp.com\/le-fort.org\/cocina\/wp-content\/uploads\/2013\/06\/lentejas.jpg?fit=620%2C470&amp;ssl=1\" data-orig-size=\"620,470\" data-comments-opened=\"0\" data-image-meta=\"{&quot;aperture&quot;:&quot;0&quot;,&quot;credit&quot;:&quot;&quot;,&quot;camera&quot;:&quot;&quot;,&quot;caption&quot;:&quot;&quot;,&quot;created_timestamp&quot;:&quot;0&quot;,&quot;copyright&quot;:&quot;&quot;,&quot;focal_length&quot;:&quot;0&quot;,&quot;iso&quot;:&quot;0&quot;,&quot;shutter_speed&quot;:&quot;0&quot;,&quot;title&quot;:&quot;&quot;,&quot;orientation&quot;:&quot;0&quot;}\" data-image-title=\"lentejas\" data-image-description=\"\" data-image-caption=\"\" data-large-file=\"https:\/\/i0.wp.com\/le-fort.org\/cocina\/wp-content\/uploads\/2013\/06\/lentejas.jpg?fit=620%2C470&amp;ssl=1\" class=\"aligncenter size-full wp-image-4258\" src=\"https:\/\/i0.wp.com\/www.le-fort.org\/wp-content\/uploads\/2013\/06\/lentejas.jpg?resize=620%2C470&#038;ssl=1\" alt=\"lentejas\" width=\"620\" height=\"470\" srcset=\"https:\/\/i0.wp.com\/le-fort.org\/cocina\/wp-content\/uploads\/2013\/06\/lentejas.jpg?w=620&amp;ssl=1 620w, https:\/\/i0.wp.com\/le-fort.org\/cocina\/wp-content\/uploads\/2013\/06\/lentejas.jpg?resize=600%2C455&amp;ssl=1 600w\" sizes=\"auto, (max-width: 620px) 100vw, 620px\" \/><\/a><\/p>\n<p>Corrijamos la sal y comamos, ya sea con <a title=\"C\u00f3mo hacer Arroz Blanco (receta de Marell)\" href=\"https:\/\/www.loquecomemos.com\/como-hacer-arroz-blanco-receta-de-marell\/\">arroz<\/a> o con pan. En la foto est\u00e1n acompa\u00f1ados de <a title=\"Pan Plano \u2013 Chapati\" href=\"https:\/\/www.loquecomemos.com\/pan-plano\/\">chapatis<\/a>.<\/p>\n<p><a href=\"https:\/\/i0.wp.com\/le-fort.org\/wp-content\/uploads\/2013\/06\/lentejas-pan.jpg?ssl=1\"><img data-recalc-dims=\"1\" loading=\"lazy\" decoding=\"async\" data-attachment-id=\"4257\" data-permalink=\"https:\/\/le-fort.org\/cocina\/curry-de-lentejas\/lentejas-pan\/\" data-orig-file=\"https:\/\/i0.wp.com\/le-fort.org\/cocina\/wp-content\/uploads\/2013\/06\/lentejas-pan.jpg?fit=620%2C465&amp;ssl=1\" data-orig-size=\"620,465\" data-comments-opened=\"0\" data-image-meta=\"{&quot;aperture&quot;:&quot;0&quot;,&quot;credit&quot;:&quot;&quot;,&quot;camera&quot;:&quot;&quot;,&quot;caption&quot;:&quot;&quot;,&quot;created_timestamp&quot;:&quot;0&quot;,&quot;copyright&quot;:&quot;&quot;,&quot;focal_length&quot;:&quot;0&quot;,&quot;iso&quot;:&quot;0&quot;,&quot;shutter_speed&quot;:&quot;0&quot;,&quot;title&quot;:&quot;&quot;,&quot;orientation&quot;:&quot;0&quot;}\" data-image-title=\"lentejas-pan\" data-image-description=\"\" data-image-caption=\"\" data-large-file=\"https:\/\/i0.wp.com\/le-fort.org\/cocina\/wp-content\/uploads\/2013\/06\/lentejas-pan.jpg?fit=620%2C465&amp;ssl=1\" class=\"aligncenter size-full wp-image-4257\" src=\"https:\/\/i0.wp.com\/www.le-fort.org\/wp-content\/uploads\/2013\/06\/lentejas-pan.jpg?resize=620%2C465&#038;ssl=1\" alt=\"lentejas-pan\" width=\"620\" height=\"465\" srcset=\"https:\/\/i0.wp.com\/le-fort.org\/cocina\/wp-content\/uploads\/2013\/06\/lentejas-pan.jpg?w=620&amp;ssl=1 620w, https:\/\/i0.wp.com\/le-fort.org\/cocina\/wp-content\/uploads\/2013\/06\/lentejas-pan.jpg?resize=600%2C450&amp;ssl=1 600w\" sizes=\"auto, (max-width: 620px) 100vw, 620px\" \/><\/a><\/p>\n<p><img data-recalc-dims=\"1\" loading=\"lazy\" decoding=\"async\" data-attachment-id=\"7633\" data-permalink=\"https:\/\/le-fort.org\/cocina\/curry-de-lentejas\/curry-lentejas\/\" data-orig-file=\"https:\/\/i0.wp.com\/le-fort.org\/cocina\/wp-content\/uploads\/2013\/06\/curry-lentejas.jpg?fit=1280%2C840&amp;ssl=1\" data-orig-size=\"1280,840\" data-comments-opened=\"0\" data-image-meta=\"{&quot;aperture&quot;:&quot;0&quot;,&quot;credit&quot;:&quot;&quot;,&quot;camera&quot;:&quot;&quot;,&quot;caption&quot;:&quot;&quot;,&quot;created_timestamp&quot;:&quot;0&quot;,&quot;copyright&quot;:&quot;&quot;,&quot;focal_length&quot;:&quot;0&quot;,&quot;iso&quot;:&quot;0&quot;,&quot;shutter_speed&quot;:&quot;0&quot;,&quot;title&quot;:&quot;&quot;,&quot;orientation&quot;:&quot;0&quot;}\" data-image-title=\"curry-lentejas\" data-image-description=\"\" data-image-caption=\"\" data-large-file=\"https:\/\/i0.wp.com\/le-fort.org\/cocina\/wp-content\/uploads\/2013\/06\/curry-lentejas.jpg?fit=1200%2C788&amp;ssl=1\" class=\"aligncenter size-full wp-image-7633\" src=\"https:\/\/i0.wp.com\/www.le-fort.org\/wp-content\/uploads\/2013\/06\/curry-lentejas.jpg?resize=1200%2C788&#038;ssl=1\" alt=\"curry-lentejas\" width=\"1200\" height=\"788\" srcset=\"https:\/\/i0.wp.com\/le-fort.org\/cocina\/wp-content\/uploads\/2013\/06\/curry-lentejas.jpg?w=1280&amp;ssl=1 1280w, https:\/\/i0.wp.com\/le-fort.org\/cocina\/wp-content\/uploads\/2013\/06\/curry-lentejas.jpg?resize=600%2C394&amp;ssl=1 600w\" sizes=\"auto, (max-width: 1200px) 100vw, 1200px\" \/><\/p>\n<p>[fin]<\/p>\n","protected":false},"excerpt":{"rendered":"<p>Receta de curry vegano de lentejas. Se recomienda comerlo con arroz o pan para obtener una prote\u00edna completa.<\/p>\n","protected":false},"author":1,"featured_media":7635,"comment_status":"open","ping_status":"closed","sticky":false,"template":"","format":"standard","meta":{"_jetpack_newsletter_access":"","_jetpack_dont_email_post_to_subs":false,"_jetpack_newsletter_tier_id":0,"_jetpack_memberships_contains_paywalled_content":false,"_jetpack_memberships_contains_paid_content":false,"footnotes":""},"categories":[2],"tags":[12,6,55,56],"class_list":["post-4255","post","type-post","status-publish","format-standard","has-post-thumbnail","hentry","category-recetas","tag-comida-india","tag-lentejas","tag-vegano","tag-vegetariano","entry","has-media"],"jetpack_featured_media_url":"https:\/\/i0.wp.com\/le-fort.org\/cocina\/wp-content\/uploads\/2013\/06\/lentejas-hd.jpg?fit=1200%2C400&ssl=1","jetpack_shortlink":"https:\/\/wp.me\/pghKer-16D","jetpack_sharing_enabled":true,"jetpack-related-posts":[{"id":5389,"url":"https:\/\/le-fort.org\/cocina\/mujaddara-otra-receta-de-lentejas-con-arroz\/","url_meta":{"origin":4255,"position":0},"title":"Mujaddara: Otra Receta de Lentejas con Arroz","author":"Le-Fort.org","date":"10 de Abril, 2014","format":false,"excerpt":"Receta de un plato vegano de lentejas con arroz y cebolla proveniente de Medio Oriente.","rel":"","context":"En &quot;Recetas&quot;","block_context":{"text":"Recetas","link":"https:\/\/le-fort.org\/cocina\/categoria\/recetas\/"},"img":{"alt_text":"","src":"https:\/\/i0.wp.com\/le-fort.org\/cocina\/wp-content\/uploads\/2014\/04\/mujaddara-2-hd.jpg?fit=1200%2C400&ssl=1&resize=350%2C200","width":350,"height":200,"srcset":"https:\/\/i0.wp.com\/le-fort.org\/cocina\/wp-content\/uploads\/2014\/04\/mujaddara-2-hd.jpg?fit=1200%2C400&ssl=1&resize=350%2C200 1x, https:\/\/i0.wp.com\/le-fort.org\/cocina\/wp-content\/uploads\/2014\/04\/mujaddara-2-hd.jpg?fit=1200%2C400&ssl=1&resize=525%2C300 1.5x, https:\/\/i0.wp.com\/le-fort.org\/cocina\/wp-content\/uploads\/2014\/04\/mujaddara-2-hd.jpg?fit=1200%2C400&ssl=1&resize=700%2C400 2x, https:\/\/i0.wp.com\/le-fort.org\/cocina\/wp-content\/uploads\/2014\/04\/mujaddara-2-hd.jpg?fit=1200%2C400&ssl=1&resize=1050%2C600 3x"},"classes":[]},{"id":8,"url":"https:\/\/le-fort.org\/cocina\/mujaddara-lentejas-con-arroz-libanesas\/","url_meta":{"origin":4255,"position":1},"title":"Mujaddara: Lentejas con arroz libanesas","author":"Le-Fort.org","date":"27 de Abril, 2013","format":false,"excerpt":"Receta de la Muzjedra, un plato liban\u00e9s de arroz con lentejas y cebolla frita, del que se dice que es el plato por el que Esa\u00fa vendi\u00f3 la primogenitura.","rel":"","context":"En &quot;Recetas&quot;","block_context":{"text":"Recetas","link":"https:\/\/le-fort.org\/cocina\/categoria\/recetas\/"},"img":{"alt_text":"","src":"https:\/\/i0.wp.com\/le-fort.org\/cocina\/wp-content\/uploads\/2013\/04\/j.jpg?fit=800%2C300&ssl=1&resize=350%2C200","width":350,"height":200,"srcset":"https:\/\/i0.wp.com\/le-fort.org\/cocina\/wp-content\/uploads\/2013\/04\/j.jpg?fit=800%2C300&ssl=1&resize=350%2C200 1x, https:\/\/i0.wp.com\/le-fort.org\/cocina\/wp-content\/uploads\/2013\/04\/j.jpg?fit=800%2C300&ssl=1&resize=525%2C300 1.5x, https:\/\/i0.wp.com\/le-fort.org\/cocina\/wp-content\/uploads\/2013\/04\/j.jpg?fit=800%2C300&ssl=1&resize=700%2C400 2x"},"classes":[]},{"id":14261,"url":"https:\/\/le-fort.org\/cocina\/lobia-masala-curry-firiguero\/","url_meta":{"origin":4255,"position":2},"title":"Lobia Masala \u2014 Curry de Firig\u00fcero","author":"Le-Fort.org","date":"7 de Julio, 2019","format":false,"excerpt":"Masala vegetariano y delicioso","rel":"","context":"En &quot;Recetas&quot;","block_context":{"text":"Recetas","link":"https:\/\/le-fort.org\/cocina\/categoria\/recetas\/"},"img":{"alt_text":"","src":"https:\/\/i0.wp.com\/le-fort.org\/cocina\/wp-content\/uploads\/2011\/12\/garam-masala-entero-hd.jpg?fit=1200%2C400&ssl=1&resize=350%2C200","width":350,"height":200,"srcset":"https:\/\/i0.wp.com\/le-fort.org\/cocina\/wp-content\/uploads\/2011\/12\/garam-masala-entero-hd.jpg?fit=1200%2C400&ssl=1&resize=350%2C200 1x, https:\/\/i0.wp.com\/le-fort.org\/cocina\/wp-content\/uploads\/2011\/12\/garam-masala-entero-hd.jpg?fit=1200%2C400&ssl=1&resize=525%2C300 1.5x, https:\/\/i0.wp.com\/le-fort.org\/cocina\/wp-content\/uploads\/2011\/12\/garam-masala-entero-hd.jpg?fit=1200%2C400&ssl=1&resize=700%2C400 2x, https:\/\/i0.wp.com\/le-fort.org\/cocina\/wp-content\/uploads\/2011\/12\/garam-masala-entero-hd.jpg?fit=1200%2C400&ssl=1&resize=1050%2C600 3x"},"classes":[]},{"id":509,"url":"https:\/\/le-fort.org\/cocina\/receta-saag-paneer-espinaca-quesillo\/","url_meta":{"origin":4255,"position":3},"title":"Receta de Saag Paneer (espinaca con quesillo)","author":"Le-Fort.org","date":"28 de Julio, 2011","format":false,"excerpt":"Receta de Saag Paneer, plato indio de espinaca con quesillo. Es un curry vegetariano.","rel":"","context":"En &quot;Comida&quot;","block_context":{"text":"Comida","link":"https:\/\/le-fort.org\/cocina\/categoria\/cocina-comida\/"},"img":{"alt_text":"","src":"https:\/\/i0.wp.com\/le-fort.org\/cocina\/wp-content\/uploads\/2011\/07\/hd-saag-paneer.jpg?fit=600%2C225&ssl=1&resize=350%2C200","width":350,"height":200,"srcset":"https:\/\/i0.wp.com\/le-fort.org\/cocina\/wp-content\/uploads\/2011\/07\/hd-saag-paneer.jpg?fit=600%2C225&ssl=1&resize=350%2C200 1x, https:\/\/i0.wp.com\/le-fort.org\/cocina\/wp-content\/uploads\/2011\/07\/hd-saag-paneer.jpg?fit=600%2C225&ssl=1&resize=525%2C300 1.5x"},"classes":[]},{"id":6456,"url":"https:\/\/le-fort.org\/cocina\/curry-de-pollo-con-mango\/","url_meta":{"origin":4255,"position":4},"title":"Curry de Pollo con Mango","author":"Le-Fort.org","date":"22 de Mayo, 2015","format":false,"excerpt":"Receta de curry de pollo con mango. Es una delicia de la cocina india. Es tan, pero tan bueno que una vez nos pidieron matrimonio por \u00e9l.","rel":"","context":"En &quot;Recetas&quot;","block_context":{"text":"Recetas","link":"https:\/\/le-fort.org\/cocina\/categoria\/recetas\/"},"img":{"alt_text":"","src":"https:\/\/i0.wp.com\/le-fort.org\/cocina\/wp-content\/uploads\/2015\/05\/pollo-mango-hd.jpg?fit=1200%2C400&ssl=1&resize=350%2C200","width":350,"height":200,"srcset":"https:\/\/i0.wp.com\/le-fort.org\/cocina\/wp-content\/uploads\/2015\/05\/pollo-mango-hd.jpg?fit=1200%2C400&ssl=1&resize=350%2C200 1x, https:\/\/i0.wp.com\/le-fort.org\/cocina\/wp-content\/uploads\/2015\/05\/pollo-mango-hd.jpg?fit=1200%2C400&ssl=1&resize=525%2C300 1.5x, https:\/\/i0.wp.com\/le-fort.org\/cocina\/wp-content\/uploads\/2015\/05\/pollo-mango-hd.jpg?fit=1200%2C400&ssl=1&resize=700%2C400 2x, https:\/\/i0.wp.com\/le-fort.org\/cocina\/wp-content\/uploads\/2015\/05\/pollo-mango-hd.jpg?fit=1200%2C400&ssl=1&resize=1050%2C600 3x"},"classes":[]},{"id":3651,"url":"https:\/\/le-fort.org\/cocina\/mattar-paneer-curry-de-arvejitas-y-queso\/","url_meta":{"origin":4255,"position":5},"title":"Mattar Paneer: Curry de Arvejitas y Queso","author":"Le-Fort.org","date":"22 de Mayo, 2013","format":false,"excerpt":"Receta de Mattar Paneer: Curry vegetariano (no vegano) de arvejas y queso, originario del norte de la India.","rel":"","context":"En &quot;Recetas&quot;","block_context":{"text":"Recetas","link":"https:\/\/le-fort.org\/cocina\/categoria\/recetas\/"},"img":{"alt_text":"","src":"https:\/\/i0.wp.com\/le-fort.org\/cocina\/wp-content\/uploads\/2013\/05\/hd-mattar-paneer.jpg?fit=600%2C225&ssl=1&resize=350%2C200","width":350,"height":200,"srcset":"https:\/\/i0.wp.com\/le-fort.org\/cocina\/wp-content\/uploads\/2013\/05\/hd-mattar-paneer.jpg?fit=600%2C225&ssl=1&resize=350%2C200 1x, https:\/\/i0.wp.com\/le-fort.org\/cocina\/wp-content\/uploads\/2013\/05\/hd-mattar-paneer.jpg?fit=600%2C225&ssl=1&resize=525%2C300 1.5x"},"classes":[]}],"_links":{"self":[{"href":"https:\/\/le-fort.org\/cocina\/wp-json\/wp\/v2\/posts\/4255","targetHints":{"allow":["GET"]}}],"collection":[{"href":"https:\/\/le-fort.org\/cocina\/wp-json\/wp\/v2\/posts"}],"about":[{"href":"https:\/\/le-fort.org\/cocina\/wp-json\/wp\/v2\/types\/post"}],"author":[{"embeddable":true,"href":"https:\/\/le-fort.org\/cocina\/wp-json\/wp\/v2\/users\/1"}],"replies":[{"embeddable":true,"href":"https:\/\/le-fort.org\/cocina\/wp-json\/wp\/v2\/comments?post=4255"}],"version-history":[{"count":2,"href":"https:\/\/le-fort.org\/cocina\/wp-json\/wp\/v2\/posts\/4255\/revisions"}],"predecessor-version":[{"id":16156,"href":"https:\/\/le-fort.org\/cocina\/wp-json\/wp\/v2\/posts\/4255\/revisions\/16156"}],"wp:featuredmedia":[{"embeddable":true,"href":"https:\/\/le-fort.org\/cocina\/wp-json\/wp\/v2\/media\/7635"}],"wp:attachment":[{"href":"https:\/\/le-fort.org\/cocina\/wp-json\/wp\/v2\/media?parent=4255"}],"wp:term":[{"taxonomy":"category","embeddable":true,"href":"https:\/\/le-fort.org\/cocina\/wp-json\/wp\/v2\/categories?post=4255"},{"taxonomy":"post_tag","embeddable":true,"href":"https:\/\/le-fort.org\/cocina\/wp-json\/wp\/v2\/tags?post=4255"}],"curies":[{"name":"wp","href":"https:\/\/api.w.org\/{rel}","templated":true}]}}