{"id":426,"date":"2021-08-11T19:11:20","date_gmt":"2021-08-12T00:11:20","guid":{"rendered":"https:\/\/comer.me\/?p=426"},"modified":"2021-08-11T19:11:20","modified_gmt":"2021-08-12T00:11:20","slug":"agua-y-calor","status":"publish","type":"post","link":"https:\/\/le-fort.org\/cocina\/agua-y-calor\/","title":{"rendered":"Agua y Calor"},"content":{"rendered":"\n<p>Algo hemos visto de la relaci\u00f3n entre agua y calor. Sabemos que el <a href=\"https:\/\/le-fort.org\/el-agua\/\">agua<\/a> tiene puntos de fusi\u00f3n y ebullici\u00f3n anormalmente altos para su peso molecular.<\/p>\n<p><!--more--><\/p>\n<p>Sabemos tambi\u00e9n que las propiedades coligativas de las soluciones nos permiten aplicaciones interesante, como <a href=\"https:\/\/le-fort.org\/practica-1-helado\/\">la preparaci\u00f3n de helado<\/a>.<\/p>\n<p>Revisemos brevemente las particularidades del agua con respecto al calor y la temperatura.<\/p>\n<h2>Capacidad cal\u00f3rica<\/h2>\n<p>La capacidad cal\u00f3rica mide cu\u00e1nta energ\u00eda se requiere para elevar la temperatura de una sustancia. En el caso del agua es m\u00e1s alta que otras sustancias similares. Se requieren 4,18 Joule para elevar la temperatura de 1g de agua en 1\u00b0C. El Joule o Julio es una unidad de energ\u00eda. <strong>Una calor\u00eda equivale a 4,18J<\/strong>. La Calor\u00eda, con &#8220;C&#8221; may\u00fascula equivale a 1000 calor\u00edas y es la unidad de energ\u00eda que se utiliza en nutrici\u00f3n (<a href=\"https:\/\/nutritionj.biomedcentral.com\/articles\/10.1186\/1475-2891-6-44\" target=\"_blank\" rel=\"noopener\">leer m\u00e1s<\/a>).\u00a0<\/p>\n<p>En contraste, para calentar aceite, necesitamos alrededor de 1,8 J por g por \u00b0C. Es decir, necesitamos m\u00e1s del doble de energ\u00eda para calentar agua que para calentar aceite. La capacidad cal\u00f3rica del aire es de aproximadamente 1 J\/g\/\u00b0C.<\/p>\n<p>Este calor que al ser suministrado a un cuerpo causa que var\u00ede su temperatura se denomina <em>calor sensible<\/em>.<\/p>\n<h2>Calor latente<\/h2>\n<p>A diferencia del calor sensible, el calor latente no resulta en un cambio de temperatura, sino en un cambio de fase. Esto sucede en los siguientes casos:<\/p>\n<ul>\n<li>Paso de l\u00edquido a gas (evaporaci\u00f3n) absorbe 540cal\/g<\/li>\n<li>Paso de gas a l\u00edquido (condensaci\u00f3n) desprende 540cal\/g<\/li>\n<li>Paso de s\u00f3lido a l\u00edquido (fusi\u00f3n) absorbe 80cal\/g<\/li>\n<li>Paso de l\u00edquido a s\u00f3lido (congelaci\u00f3n) desprende 80cal\/g<\/li>\n<li>Paso de s\u00f3lido a gas (sublimaci\u00f3n) absorbe 620 cal\/g<\/li>\n<li>Paso de gas a s\u00f3lido (sublimaci\u00f3n inversa) libera 620 cal\/g<\/li>\n<\/ul>\n<p>Por esto no es lo mismo blanquear o escaldar vegetales en agua a 0\u00b0C que en agua con hielo. El hielo absorbe el calor que proporciona el producto blanqueado y se derrite, manteniendo la temperatura del sistema en 0\u00b0C. Si s\u00f3lo tenemos agua a 0\u00b0C, la temperatura del sistema aumentar\u00e1 y el <em>shock<\/em> t\u00e9rmico que se utiliza para detener la cocci\u00f3n pierde efectividad.<\/p>\n<p><span class=\"embed-youtube\" style=\"text-align:center; display: block;\"><iframe loading=\"lazy\" class=\"youtube-player\" width=\"1200\" height=\"675\" src=\"https:\/\/www.youtube.com\/embed\/-jwtsnh3dAc?version=3&#038;rel=1&#038;showsearch=0&#038;showinfo=1&#038;iv_load_policy=1&#038;fs=1&#038;hl=es-CL&#038;autohide=2&#038;wmode=transparent\" allowfullscreen=\"true\" style=\"border:0;\" sandbox=\"allow-scripts allow-same-origin allow-popups allow-presentation allow-popups-to-escape-sandbox\"><\/iframe><\/span><\/p>\n<h3>Ebullici\u00f3n<\/h3>\n<p>El punto de ebullici\u00f3n de un l\u00edquido es la temperatura a la que la presi\u00f3n de vapor del l\u00edquido iguala a la presi\u00f3n atmosf\u00e9rica. La ebullici\u00f3n sucede cuando la temperatura del l\u00edquido alcanza el punto de ebullici\u00f3n. A menor presi\u00f3n atmosf\u00e9rica, menor punto de ebullici\u00f3n. Esto es particularmente importante al cocinar en altura.\u00a0<\/p>\n","protected":false},"excerpt":{"rendered":"<p>Propiedades t\u00e9rmicas del agua \u00fatiles en la cocina<\/p>\n","protected":false},"author":4,"featured_media":399,"comment_status":"open","ping_status":"open","sticky":false,"template":"","format":"standard","meta":{"_jetpack_newsletter_access":"","_jetpack_dont_email_post_to_subs":false,"_jetpack_newsletter_tier_id":0,"_jetpack_memberships_contains_paywalled_content":false,"_jetpack_memberships_contains_paid_content":false,"footnotes":""},"categories":[910,911],"tags":[916],"class_list":["post-426","post","type-post","status-publish","format-standard","has-post-thumbnail","hentry","category-fisico-quimica-alimentaria","category-moleculas","tag-agua","entry","has-media"],"jetpack_featured_media_url":"","jetpack_shortlink":"https:\/\/wp.me\/pghKer-6S","jetpack_sharing_enabled":true,"jetpack-related-posts":[{"id":16001,"url":"https:\/\/le-fort.org\/cocina\/el-agua\/","url_meta":{"origin":426,"position":0},"title":"El Agua","author":"Rod","date":"7 de Agosto, 2021","format":false,"excerpt":"El agua se reconoce poco como mol\u00e9cula alimentaria, y es vital.","rel":"","context":"En &quot;F\u00edsico Qu\u00edmica Alimentaria&quot;","block_context":{"text":"F\u00edsico Qu\u00edmica Alimentaria","link":"https:\/\/le-fort.org\/cocina\/categoria\/fisico-quimica-alimentaria\/"},"img":{"alt_text":"","src":"https:\/\/upload.wikimedia.org\/wikipedia\/commons\/thumb\/c\/c2\/SnowflakesWilsonBentley.jpg\/704px-SnowflakesWilsonBentley.jpg","width":350,"height":200},"classes":[]},{"id":538,"url":"https:\/\/le-fort.org\/cocina\/usos-culinarios-de-las-grasas\/","url_meta":{"origin":426,"position":1},"title":"Usos Culinarios de las Grasas","author":"Rod","date":"12 de Septiembre, 2021","format":false,"excerpt":"Los usos culinarios de las grasas van m\u00e1s all\u00e1 de la fritura. Revis\u00e9moslos","rel":"","context":"En &quot;F\u00edsico Qu\u00edmica Alimentaria&quot;","block_context":{"text":"F\u00edsico Qu\u00edmica Alimentaria","link":"https:\/\/le-fort.org\/cocina\/categoria\/fisico-quimica-alimentaria\/"},"img":{"alt_text":"","src":"https:\/\/i0.wp.com\/le-fort.org\/cocina\/wp-content\/uploads\/2011\/08\/samosas-hd.jpg?fit=1200%2C400&ssl=1&resize=350%2C200","width":350,"height":200,"srcset":"https:\/\/i0.wp.com\/le-fort.org\/cocina\/wp-content\/uploads\/2011\/08\/samosas-hd.jpg?fit=1200%2C400&ssl=1&resize=350%2C200 1x, https:\/\/i0.wp.com\/le-fort.org\/cocina\/wp-content\/uploads\/2011\/08\/samosas-hd.jpg?fit=1200%2C400&ssl=1&resize=525%2C300 1.5x, https:\/\/i0.wp.com\/le-fort.org\/cocina\/wp-content\/uploads\/2011\/08\/samosas-hd.jpg?fit=1200%2C400&ssl=1&resize=700%2C400 2x, https:\/\/i0.wp.com\/le-fort.org\/cocina\/wp-content\/uploads\/2011\/08\/samosas-hd.jpg?fit=1200%2C400&ssl=1&resize=1050%2C600 3x"},"classes":[]},{"id":306,"url":"https:\/\/le-fort.org\/cocina\/fisica-en-la-cocina\/","url_meta":{"origin":426,"position":2},"title":"F\u00edsica en la Cocina","author":"Rod","date":"1 de Febrero, 2019","format":false,"excerpt":"\u00bfPor qu\u00e9 el cocinero deber\u00eda saber f\u00edsica? La f\u00edsica en la cocina es muy importante, y va de la mano con la qu\u00edmica.","rel":"","context":"En &quot;F\u00edsica&quot;","block_context":{"text":"F\u00edsica","link":"https:\/\/le-fort.org\/cocina\/categoria\/fisica\/"},"img":{"alt_text":"","src":"https:\/\/i0.wp.com\/le-fort.org\/cocina\/wp-content\/uploads\/2018\/10\/sisanh-hd-1.jpg?fit=1200%2C400&ssl=1&resize=350%2C200","width":350,"height":200,"srcset":"https:\/\/i0.wp.com\/le-fort.org\/cocina\/wp-content\/uploads\/2018\/10\/sisanh-hd-1.jpg?fit=1200%2C400&ssl=1&resize=350%2C200 1x, https:\/\/i0.wp.com\/le-fort.org\/cocina\/wp-content\/uploads\/2018\/10\/sisanh-hd-1.jpg?fit=1200%2C400&ssl=1&resize=525%2C300 1.5x, https:\/\/i0.wp.com\/le-fort.org\/cocina\/wp-content\/uploads\/2018\/10\/sisanh-hd-1.jpg?fit=1200%2C400&ssl=1&resize=700%2C400 2x, https:\/\/i0.wp.com\/le-fort.org\/cocina\/wp-content\/uploads\/2018\/10\/sisanh-hd-1.jpg?fit=1200%2C400&ssl=1&resize=1050%2C600 3x"},"classes":[]},{"id":7956,"url":"https:\/\/le-fort.org\/cocina\/caramelo-sin-derretir-azucar\/","url_meta":{"origin":426,"position":3},"title":"Caramelo sin Derretir Az\u00facar","author":"Rod","date":"19 de Mayo, 2016","format":false,"excerpt":"Le\u00edamos este art\u00edculo sobre preparar caramelo sin que el az\u00facar llegue a fundirse, y por supuesto lo primero que hicimos fue correr a hacer la prueba. Funciona. Comencemos con una curiosidad: el az\u00facar no se derrite, sino que se descompone por el calor. Este fen\u00f3meno se denomina fusi\u00f3n aparente, para\u2026","rel":"","context":"En &quot;T\u00e9cnicas&quot;","block_context":{"text":"T\u00e9cnicas","link":"https:\/\/le-fort.org\/cocina\/categoria\/tecnicas\/"},"img":{"alt_text":"","src":"https:\/\/i0.wp.com\/le-fort.org\/cocina\/wp-content\/uploads\/2016\/05\/caramelo-hd-1.jpg?fit=1200%2C400&ssl=1&resize=350%2C200","width":350,"height":200,"srcset":"https:\/\/i0.wp.com\/le-fort.org\/cocina\/wp-content\/uploads\/2016\/05\/caramelo-hd-1.jpg?fit=1200%2C400&ssl=1&resize=350%2C200 1x, https:\/\/i0.wp.com\/le-fort.org\/cocina\/wp-content\/uploads\/2016\/05\/caramelo-hd-1.jpg?fit=1200%2C400&ssl=1&resize=525%2C300 1.5x, https:\/\/i0.wp.com\/le-fort.org\/cocina\/wp-content\/uploads\/2016\/05\/caramelo-hd-1.jpg?fit=1200%2C400&ssl=1&resize=700%2C400 2x, https:\/\/i0.wp.com\/le-fort.org\/cocina\/wp-content\/uploads\/2016\/05\/caramelo-hd-1.jpg?fit=1200%2C400&ssl=1&resize=1050%2C600 3x"},"classes":[]},{"id":16002,"url":"https:\/\/le-fort.org\/cocina\/soluciones\/","url_meta":{"origin":426,"position":4},"title":"Soluciones","author":"Rod","date":"8 de Agosto, 2021","format":false,"excerpt":"\u00bfQu\u00e9 son las soluciones y qu\u00e9 propiedades tienen?","rel":"","context":"En &quot;F\u00edsico Qu\u00edmica Alimentaria&quot;","block_context":{"text":"F\u00edsico Qu\u00edmica Alimentaria","link":"https:\/\/le-fort.org\/cocina\/categoria\/fisico-quimica-alimentaria\/"},"img":{"alt_text":"","src":"https:\/\/i0.wp.com\/le-fort.org\/cocina\/wp-content\/uploads\/2018\/11\/josh-hd.jpg?fit=1200%2C400&ssl=1&resize=350%2C200","width":350,"height":200,"srcset":"https:\/\/i0.wp.com\/le-fort.org\/cocina\/wp-content\/uploads\/2018\/11\/josh-hd.jpg?fit=1200%2C400&ssl=1&resize=350%2C200 1x, https:\/\/i0.wp.com\/le-fort.org\/cocina\/wp-content\/uploads\/2018\/11\/josh-hd.jpg?fit=1200%2C400&ssl=1&resize=525%2C300 1.5x, https:\/\/i0.wp.com\/le-fort.org\/cocina\/wp-content\/uploads\/2018\/11\/josh-hd.jpg?fit=1200%2C400&ssl=1&resize=700%2C400 2x, https:\/\/i0.wp.com\/le-fort.org\/cocina\/wp-content\/uploads\/2018\/11\/josh-hd.jpg?fit=1200%2C400&ssl=1&resize=1050%2C600 3x"},"classes":[]},{"id":16004,"url":"https:\/\/le-fort.org\/cocina\/alteraciones-de-las-grasas\/","url_meta":{"origin":426,"position":5},"title":"Alteraciones de las Grasas","author":"Rod","date":"18 de Septiembre, 2021","format":false,"excerpt":"Como toda sustancia m\u00e1s o menos compleja, las grasas est\u00e1n sujetas a distintas alteraciones. Hemos ya mencionado algunas de ellas, como la isomerizaci\u00f3n de los dobles enlaces en \u00e1cidos grasos insaturados a \u00e1cidos grasos trans. Veamos otras alteraciones que afectan las propiedades organol\u00e9pticas de las grasas. Hidr\u00f3lisis La palabra hidr\u00f3lisis\u2026","rel":"","context":"En &quot;F\u00edsico Qu\u00edmica Alimentaria&quot;","block_context":{"text":"F\u00edsico Qu\u00edmica Alimentaria","link":"https:\/\/le-fort.org\/cocina\/categoria\/fisico-quimica-alimentaria\/"},"img":{"alt_text":"Alteraci\u00f3n de grasas: frituras","src":"https:\/\/i0.wp.com\/le-fort.org\/wp-content\/uploads\/2021\/09\/fritas.jpg?resize=350%2C200&ssl=1","width":350,"height":200,"srcset":"https:\/\/i0.wp.com\/le-fort.org\/wp-content\/uploads\/2021\/09\/fritas.jpg?resize=350%2C200&ssl=1 1x, https:\/\/i0.wp.com\/le-fort.org\/wp-content\/uploads\/2021\/09\/fritas.jpg?resize=525%2C300&ssl=1 1.5x, https:\/\/i0.wp.com\/le-fort.org\/wp-content\/uploads\/2021\/09\/fritas.jpg?resize=700%2C400&ssl=1 2x, https:\/\/i0.wp.com\/le-fort.org\/wp-content\/uploads\/2021\/09\/fritas.jpg?resize=1050%2C600&ssl=1 3x, https:\/\/i0.wp.com\/le-fort.org\/wp-content\/uploads\/2021\/09\/fritas.jpg?resize=1400%2C800&ssl=1 4x"},"classes":[]}],"_links":{"self":[{"href":"https:\/\/le-fort.org\/cocina\/wp-json\/wp\/v2\/posts\/426","targetHints":{"allow":["GET"]}}],"collection":[{"href":"https:\/\/le-fort.org\/cocina\/wp-json\/wp\/v2\/posts"}],"about":[{"href":"https:\/\/le-fort.org\/cocina\/wp-json\/wp\/v2\/types\/post"}],"author":[{"embeddable":true,"href":"https:\/\/le-fort.org\/cocina\/wp-json\/wp\/v2\/users\/4"}],"replies":[{"embeddable":true,"href":"https:\/\/le-fort.org\/cocina\/wp-json\/wp\/v2\/comments?post=426"}],"version-history":[{"count":0,"href":"https:\/\/le-fort.org\/cocina\/wp-json\/wp\/v2\/posts\/426\/revisions"}],"wp:featuredmedia":[{"embeddable":true,"href":"https:\/\/le-fort.org\/cocina\/wp-json\/"}],"wp:attachment":[{"href":"https:\/\/le-fort.org\/cocina\/wp-json\/wp\/v2\/media?parent=426"}],"wp:term":[{"taxonomy":"category","embeddable":true,"href":"https:\/\/le-fort.org\/cocina\/wp-json\/wp\/v2\/categories?post=426"},{"taxonomy":"post_tag","embeddable":true,"href":"https:\/\/le-fort.org\/cocina\/wp-json\/wp\/v2\/tags?post=426"}],"curies":[{"name":"wp","href":"https:\/\/api.w.org\/{rel}","templated":true}]}}