{"id":4331,"date":"2013-06-13T09:00:15","date_gmt":"2013-06-13T09:00:15","guid":{"rendered":"http:\/\/www.loquecomemos.com\/?p=4331"},"modified":"2013-06-13T23:57:59","modified_gmt":"2013-06-13T23:57:59","slug":"brochetas-de-pollo-y-tortilla-de-verde","status":"publish","type":"post","link":"https:\/\/le-fort.org\/cocina\/brochetas-de-pollo-y-tortilla-de-verde\/","title":{"rendered":"Brochetas de Pollo y Tortilla de Verde"},"content":{"rendered":"<p>La comida callejera tiene much\u00edsimo que aportar. En este caso les contamos sobre nuestra comida de calle preferida: las <strong>Brochetas de pollo con tortilla de verde<\/strong>.<\/p>\n<p>Las brochetas (llamadas tambi\u00e9n chuzos aqu\u00ed) no requieren mucha descripci\u00f3n. Las tortillas de verde quiz\u00e1 s\u00ed:<!--more--> son tortillas hechas de pl\u00e1tano verde cocido y desmenuzado, con trocitos de queso desmenuzado, y luego tostadas a la plancha.<\/p>\n<p><img data-recalc-dims=\"1\" loading=\"lazy\" decoding=\"async\" data-attachment-id=\"4334\" data-permalink=\"https:\/\/le-fort.org\/cocina\/brochetas-de-pollo-y-tortilla-de-verde\/tortilla\/\" data-orig-file=\"https:\/\/i0.wp.com\/le-fort.org\/cocina\/wp-content\/uploads\/2013\/06\/tortilla.jpg?fit=620%2C450&amp;ssl=1\" data-orig-size=\"620,450\" data-comments-opened=\"0\" data-image-meta=\"{&quot;aperture&quot;:&quot;0&quot;,&quot;credit&quot;:&quot;&quot;,&quot;camera&quot;:&quot;&quot;,&quot;caption&quot;:&quot;&quot;,&quot;created_timestamp&quot;:&quot;0&quot;,&quot;copyright&quot;:&quot;&quot;,&quot;focal_length&quot;:&quot;0&quot;,&quot;iso&quot;:&quot;0&quot;,&quot;shutter_speed&quot;:&quot;0&quot;,&quot;title&quot;:&quot;&quot;,&quot;orientation&quot;:&quot;0&quot;}\" data-image-title=\"tortilla\" data-image-description=\"\" data-image-caption=\"\" data-large-file=\"https:\/\/i0.wp.com\/le-fort.org\/cocina\/wp-content\/uploads\/2013\/06\/tortilla.jpg?fit=620%2C450&amp;ssl=1\" class=\"aligncenter size-full wp-image-4334\" alt=\"tortilla\" src=\"https:\/\/i0.wp.com\/www.le-fort.org\/wp-content\/uploads\/2013\/06\/tortilla.jpg?resize=620%2C450&#038;ssl=1\" width=\"620\" height=\"450\" srcset=\"https:\/\/i0.wp.com\/le-fort.org\/cocina\/wp-content\/uploads\/2013\/06\/tortilla.jpg?w=620&amp;ssl=1 620w, https:\/\/i0.wp.com\/le-fort.org\/cocina\/wp-content\/uploads\/2013\/06\/tortilla.jpg?resize=600%2C435&amp;ssl=1 600w\" sizes=\"auto, (max-width: 620px) 100vw, 620px\" \/><\/p>\n<p>Como se puede ver en la foto de arriba, el plato se acompa\u00f1a con pl\u00e1tano maduro asado.<\/p>\n<p><a href=\"https:\/\/i0.wp.com\/le-fort.org\/wp-content\/uploads\/2013\/06\/pincho-pollo-tortilla-verde.jpg?ssl=1\"><img data-recalc-dims=\"1\" loading=\"lazy\" decoding=\"async\" data-attachment-id=\"4333\" data-permalink=\"https:\/\/le-fort.org\/cocina\/brochetas-de-pollo-y-tortilla-de-verde\/pincho-pollo-tortilla-verde\/\" data-orig-file=\"https:\/\/i0.wp.com\/le-fort.org\/cocina\/wp-content\/uploads\/2013\/06\/pincho-pollo-tortilla-verde.jpg?fit=450%2C600&amp;ssl=1\" data-orig-size=\"450,600\" data-comments-opened=\"0\" data-image-meta=\"{&quot;aperture&quot;:&quot;0&quot;,&quot;credit&quot;:&quot;&quot;,&quot;camera&quot;:&quot;&quot;,&quot;caption&quot;:&quot;&quot;,&quot;created_timestamp&quot;:&quot;0&quot;,&quot;copyright&quot;:&quot;&quot;,&quot;focal_length&quot;:&quot;0&quot;,&quot;iso&quot;:&quot;0&quot;,&quot;shutter_speed&quot;:&quot;0&quot;,&quot;title&quot;:&quot;&quot;,&quot;orientation&quot;:&quot;0&quot;}\" data-image-title=\"pincho-pollo-tortilla-verde\" data-image-description=\"\" data-image-caption=\"\" data-large-file=\"https:\/\/i0.wp.com\/le-fort.org\/cocina\/wp-content\/uploads\/2013\/06\/pincho-pollo-tortilla-verde.jpg?fit=450%2C600&amp;ssl=1\" class=\"aligncenter size-full wp-image-4333\" alt=\"pincho-pollo-tortilla-verde\" src=\"https:\/\/i0.wp.com\/www.le-fort.org\/wp-content\/uploads\/2013\/06\/pincho-pollo-tortilla-verde.jpg?resize=450%2C600&#038;ssl=1\" width=\"450\" height=\"600\" \/><\/a>Las brochetas de pollo son muy sabrosas y tienen un color amarillo que indica c\u00farcuma, adem\u00e1s de un adobo de cilantro y albahaca molidos, con aceite.<\/p>\n<p>La comida callejera es barata: Cada brocheta de pollo con su tortilla de verde y un trozo de maduro asado cuestan alrededor de USD 1,50.<\/p>\n<p>Es como para dedicarse a la comida de calle.<\/p>\n<p>[fin]<\/p>\n","protected":false},"excerpt":{"rendered":"<p>Brochetas de pollo con tortillas de verde y maduro asado: comida callejera de la costa ecuatoriana, muy buena.<\/p>\n","protected":false},"author":1,"featured_media":4332,"comment_status":"open","ping_status":"closed","sticky":false,"template":"","format":"standard","meta":{"_jetpack_newsletter_access":"","_jetpack_dont_email_post_to_subs":false,"_jetpack_newsletter_tier_id":0,"_jetpack_memberships_contains_paywalled_content":false,"_jetpack_memberships_contains_paid_content":false,"footnotes":""},"categories":[135],"tags":[136,11,49,34,137],"class_list":["post-4331","post","type-post","status-publish","format-standard","has-post-thumbnail","hentry","category-comida-callejera","tag-brochetas","tag-ecuador","tag-platano","tag-pollo","tag-tortilla","entry","has-media"],"jetpack_featured_media_url":"https:\/\/i0.wp.com\/le-fort.org\/cocina\/wp-content\/uploads\/2013\/06\/picho-pollo-hd.jpg?fit=620%2C250&ssl=1","jetpack_shortlink":"https:\/\/wp.me\/pghKer-17R","jetpack_sharing_enabled":true,"jetpack-related-posts":[{"id":878,"url":"https:\/\/le-fort.org\/cocina\/receta-de-pollo-tandoori-en-brochetas-sea-pollo-tikka\/","url_meta":{"origin":4331,"position":0},"title":"Receta de Pollo Tandoori en Brochetas, o sea Pollo Tikka","author":"Le-Fort.org","date":"14 de Agosto, 2011","format":false,"excerpt":"Receta de Pollo Tikka, o Pollo Tandoori, sin los colorantes. Es comida India y es excelente.","rel":"","context":"En &quot;Comida&quot;","block_context":{"text":"Comida","link":"https:\/\/le-fort.org\/cocina\/categoria\/cocina-comida\/"},"img":{"alt_text":"","src":"https:\/\/i0.wp.com\/le-fort.org\/cocina\/wp-content\/uploads\/2011\/08\/tandoori.jpg?fit=1000%2C288&ssl=1&resize=350%2C200","width":350,"height":200,"srcset":"https:\/\/i0.wp.com\/le-fort.org\/cocina\/wp-content\/uploads\/2011\/08\/tandoori.jpg?fit=1000%2C288&ssl=1&resize=350%2C200 1x, https:\/\/i0.wp.com\/le-fort.org\/cocina\/wp-content\/uploads\/2011\/08\/tandoori.jpg?fit=1000%2C288&ssl=1&resize=525%2C300 1.5x, https:\/\/i0.wp.com\/le-fort.org\/cocina\/wp-content\/uploads\/2011\/08\/tandoori.jpg?fit=1000%2C288&ssl=1&resize=700%2C400 2x"},"classes":[]},{"id":513,"url":"https:\/\/le-fort.org\/cocina\/receta-de-pollo-satay\/","url_meta":{"origin":4331,"position":1},"title":"Satay de Pollo","author":"Le-Fort.org","date":"28 de Julio, 2011","format":false,"excerpt":"Receta de las brochetas de pollo satay, brochetas de pollo marinado en salsa de soya con salsa de man\u00ed","rel":"","context":"En &quot;Comida&quot;","block_context":{"text":"Comida","link":"https:\/\/le-fort.org\/cocina\/categoria\/cocina-comida\/"},"img":{"alt_text":"","src":"https:\/\/i0.wp.com\/le-fort.org\/cocina\/wp-content\/uploads\/2011\/07\/satay-hd.jpg?fit=1200%2C400&ssl=1&resize=350%2C200","width":350,"height":200,"srcset":"https:\/\/i0.wp.com\/le-fort.org\/cocina\/wp-content\/uploads\/2011\/07\/satay-hd.jpg?fit=1200%2C400&ssl=1&resize=350%2C200 1x, https:\/\/i0.wp.com\/le-fort.org\/cocina\/wp-content\/uploads\/2011\/07\/satay-hd.jpg?fit=1200%2C400&ssl=1&resize=525%2C300 1.5x, https:\/\/i0.wp.com\/le-fort.org\/cocina\/wp-content\/uploads\/2011\/07\/satay-hd.jpg?fit=1200%2C400&ssl=1&resize=700%2C400 2x, https:\/\/i0.wp.com\/le-fort.org\/cocina\/wp-content\/uploads\/2011\/07\/satay-hd.jpg?fit=1200%2C400&ssl=1&resize=1050%2C600 3x"},"classes":[]},{"id":16694,"url":"https:\/\/le-fort.org\/cocina\/tortilla-de-chifles-espanola\/","url_meta":{"origin":4331,"position":2},"title":"Tortilla de Chifles: No tan Espa\u00f1ola","author":"Le-Fort.org","date":"3 de Octubre, 2022","format":false,"excerpt":"Receta de tortilla de chifles. No es espa\u00f1ola ni se le parece pero es incre\u00edblemente buena.","rel":"","context":"En &quot;Recetas&quot;","block_context":{"text":"Recetas","link":"https:\/\/le-fort.org\/cocina\/categoria\/recetas\/"},"img":{"alt_text":"","src":"https:\/\/i0.wp.com\/le-fort.org\/cocina\/wp-content\/uploads\/2022\/10\/tortilla-chifles-hd.jpg?fit=1200%2C400&ssl=1&resize=350%2C200","width":350,"height":200,"srcset":"https:\/\/i0.wp.com\/le-fort.org\/cocina\/wp-content\/uploads\/2022\/10\/tortilla-chifles-hd.jpg?fit=1200%2C400&ssl=1&resize=350%2C200 1x, https:\/\/i0.wp.com\/le-fort.org\/cocina\/wp-content\/uploads\/2022\/10\/tortilla-chifles-hd.jpg?fit=1200%2C400&ssl=1&resize=525%2C300 1.5x, https:\/\/i0.wp.com\/le-fort.org\/cocina\/wp-content\/uploads\/2022\/10\/tortilla-chifles-hd.jpg?fit=1200%2C400&ssl=1&resize=700%2C400 2x, https:\/\/i0.wp.com\/le-fort.org\/cocina\/wp-content\/uploads\/2022\/10\/tortilla-chifles-hd.jpg?fit=1200%2C400&ssl=1&resize=1050%2C600 3x"},"classes":[]},{"id":2396,"url":"https:\/\/le-fort.org\/cocina\/chocobananas\/","url_meta":{"origin":4331,"position":3},"title":"Chocobananas","author":"Le-Fort.org","date":"16 de Diciembre, 2012","format":false,"excerpt":"Receta de chocobananas, pl\u00e1tanos ba\u00f1ados en chocolate.","rel":"","context":"En &quot;Comida&quot;","block_context":{"text":"Comida","link":"https:\/\/le-fort.org\/cocina\/categoria\/cocina-comida\/"},"img":{"alt_text":"","src":"https:\/\/i0.wp.com\/le-fort.org\/cocina\/wp-content\/uploads\/2012\/12\/2012-12-15_17-28-10_2.jpg?fit=480%2C640&ssl=1&resize=350%2C200","width":350,"height":200},"classes":[]},{"id":15362,"url":"https:\/\/le-fort.org\/cocina\/tortilla-de-papas-rellena-de-jamon-y-queso\/","url_meta":{"origin":4331,"position":4},"title":"Tortilla de Papas Rellena de Jam\u00f3n y Queso","author":"Le-Fort.org","date":"30 de Diciembre, 2020","format":false,"excerpt":"Tortilla de Papas Rellena de Jam\u00f3n y Queso, inspirada por la de las chicas de la tres, vista en Netflix.","rel":"","context":"En &quot;Recetas&quot;","block_context":{"text":"Recetas","link":"https:\/\/le-fort.org\/cocina\/categoria\/recetas\/"},"img":{"alt_text":"","src":"https:\/\/i0.wp.com\/le-fort.org\/cocina\/wp-content\/uploads\/2020\/12\/tortilla-re-llena-hd.jpg?fit=1200%2C400&ssl=1&resize=350%2C200","width":350,"height":200,"srcset":"https:\/\/i0.wp.com\/le-fort.org\/cocina\/wp-content\/uploads\/2020\/12\/tortilla-re-llena-hd.jpg?fit=1200%2C400&ssl=1&resize=350%2C200 1x, https:\/\/i0.wp.com\/le-fort.org\/cocina\/wp-content\/uploads\/2020\/12\/tortilla-re-llena-hd.jpg?fit=1200%2C400&ssl=1&resize=525%2C300 1.5x, https:\/\/i0.wp.com\/le-fort.org\/cocina\/wp-content\/uploads\/2020\/12\/tortilla-re-llena-hd.jpg?fit=1200%2C400&ssl=1&resize=700%2C400 2x, https:\/\/i0.wp.com\/le-fort.org\/cocina\/wp-content\/uploads\/2020\/12\/tortilla-re-llena-hd.jpg?fit=1200%2C400&ssl=1&resize=1050%2C600 3x"},"classes":[]},{"id":8307,"url":"https:\/\/le-fort.org\/cocina\/chuchurranga\/","url_meta":{"origin":4331,"position":5},"title":"La Chuchurranga: Justa Fama","author":"Le-Fort.org","date":"4 de Julio, 2016","format":false,"excerpt":"La Chuchurranga es un restaurante (o una hueca, si prefieres) que queda en La Libertad, que se enorgullece de su patrimonio afroamericano esmeralde\u00f1o.","rel":"","context":"En &quot;Ecuador&quot;","block_context":{"text":"Ecuador","link":"https:\/\/le-fort.org\/cocina\/categoria\/ecuador\/"},"img":{"alt_text":"","src":"https:\/\/i0.wp.com\/le-fort.org\/cocina\/wp-content\/uploads\/2016\/07\/chuchurranga-hd.jpg?fit=1200%2C400&ssl=1&resize=350%2C200","width":350,"height":200,"srcset":"https:\/\/i0.wp.com\/le-fort.org\/cocina\/wp-content\/uploads\/2016\/07\/chuchurranga-hd.jpg?fit=1200%2C400&ssl=1&resize=350%2C200 1x, https:\/\/i0.wp.com\/le-fort.org\/cocina\/wp-content\/uploads\/2016\/07\/chuchurranga-hd.jpg?fit=1200%2C400&ssl=1&resize=525%2C300 1.5x, https:\/\/i0.wp.com\/le-fort.org\/cocina\/wp-content\/uploads\/2016\/07\/chuchurranga-hd.jpg?fit=1200%2C400&ssl=1&resize=700%2C400 2x, https:\/\/i0.wp.com\/le-fort.org\/cocina\/wp-content\/uploads\/2016\/07\/chuchurranga-hd.jpg?fit=1200%2C400&ssl=1&resize=1050%2C600 3x"},"classes":[]}],"_links":{"self":[{"href":"https:\/\/le-fort.org\/cocina\/wp-json\/wp\/v2\/posts\/4331","targetHints":{"allow":["GET"]}}],"collection":[{"href":"https:\/\/le-fort.org\/cocina\/wp-json\/wp\/v2\/posts"}],"about":[{"href":"https:\/\/le-fort.org\/cocina\/wp-json\/wp\/v2\/types\/post"}],"author":[{"embeddable":true,"href":"https:\/\/le-fort.org\/cocina\/wp-json\/wp\/v2\/users\/1"}],"replies":[{"embeddable":true,"href":"https:\/\/le-fort.org\/cocina\/wp-json\/wp\/v2\/comments?post=4331"}],"version-history":[{"count":0,"href":"https:\/\/le-fort.org\/cocina\/wp-json\/wp\/v2\/posts\/4331\/revisions"}],"wp:featuredmedia":[{"embeddable":true,"href":"https:\/\/le-fort.org\/cocina\/wp-json\/wp\/v2\/media\/4332"}],"wp:attachment":[{"href":"https:\/\/le-fort.org\/cocina\/wp-json\/wp\/v2\/media?parent=4331"}],"wp:term":[{"taxonomy":"category","embeddable":true,"href":"https:\/\/le-fort.org\/cocina\/wp-json\/wp\/v2\/categories?post=4331"},{"taxonomy":"post_tag","embeddable":true,"href":"https:\/\/le-fort.org\/cocina\/wp-json\/wp\/v2\/tags?post=4331"}],"curies":[{"name":"wp","href":"https:\/\/api.w.org\/{rel}","templated":true}]}}