{"id":4359,"date":"2013-06-14T03:18:11","date_gmt":"2013-06-14T03:18:11","guid":{"rendered":"http:\/\/www.loquecomemos.com\/?p=4359"},"modified":"2019-12-21T21:17:30","modified_gmt":"2019-12-22T02:17:30","slug":"pasta-de-curry-verde","status":"publish","type":"post","link":"https:\/\/le-fort.org\/cocina\/pasta-de-curry-verde\/","title":{"rendered":"Pasta de Curry Verde"},"content":{"rendered":"<p>Esta receta es para los que disfrutan de los sabores intensos de la comida thai, \u00a0la preparaci\u00f3n de <em>tu propia pasta de curry verde<\/em>; pasta que no es f\u00e1cil de encontrar en supermercados. Esta \u00a0no tiene mucho que ver con la de venta comercial, por que tiene ingredientes que s\u00ed se descomponen y que no duran &#8220;cuatro a\u00f1os en el refrigerador&#8221; (no queremos saber que contienen). Les traemos una receta, sencilla y que puede dar el toque distinto a vuestra mesa.<\/p>\n<p class=\"destacado\">Como sucede con varias salsas y mezclas de especias, de f\u00f3rmulas hay libros enteros&#8230; los invitamos a probar esta receta, a quitar o agregar m\u00e1s picante a la mezcla: hay que ir de a poco, probando cuanto aj\u00ed soporta el paladar.<\/p>\n<p><!--more--><\/p>\n<figure id=\"attachment_4343\" aria-describedby=\"caption-attachment-4343\" style=\"width: 625px\" class=\"wp-caption aligncenter\"><a href=\"https:\/\/i0.wp.com\/le-fort.org\/wp-content\/uploads\/2013\/06\/MG_8339.jpg?ssl=1\"><img data-recalc-dims=\"1\" loading=\"lazy\" decoding=\"async\" data-attachment-id=\"4343\" data-permalink=\"https:\/\/le-fort.org\/cocina\/pebre\/_mg_8339\/\" data-orig-file=\"https:\/\/i0.wp.com\/le-fort.org\/cocina\/wp-content\/uploads\/2013\/06\/MG_8339.jpg?fit=625%2C417&amp;ssl=1\" data-orig-size=\"625,417\" data-comments-opened=\"0\" data-image-meta=\"{&quot;aperture&quot;:&quot;14&quot;,&quot;credit&quot;:&quot;Picasa&quot;,&quot;camera&quot;:&quot;Canon EOS DIGITAL REBEL XSi&quot;,&quot;caption&quot;:&quot;&quot;,&quot;created_timestamp&quot;:&quot;1371057339&quot;,&quot;copyright&quot;:&quot;&quot;,&quot;focal_length&quot;:&quot;21&quot;,&quot;iso&quot;:&quot;800&quot;,&quot;shutter_speed&quot;:&quot;0.125&quot;,&quot;title&quot;:&quot;&quot;,&quot;orientation&quot;:&quot;0&quot;}\" data-image-title=\"_MG_8339\" data-image-description=\"\" data-image-caption=\"\" data-large-file=\"https:\/\/i0.wp.com\/le-fort.org\/cocina\/wp-content\/uploads\/2013\/06\/MG_8339.jpg?fit=625%2C417&amp;ssl=1\" class=\"size-full wp-image-4343\" src=\"https:\/\/i0.wp.com\/www.le-fort.org\/wp-content\/uploads\/2013\/06\/MG_8339.jpg?resize=625%2C417&#038;ssl=1\" alt=\"_MG_8339\" width=\"625\" height=\"417\" srcset=\"https:\/\/i0.wp.com\/le-fort.org\/cocina\/wp-content\/uploads\/2013\/06\/MG_8339.jpg?w=625&amp;ssl=1 625w, https:\/\/i0.wp.com\/le-fort.org\/cocina\/wp-content\/uploads\/2013\/06\/MG_8339.jpg?resize=600%2C400&amp;ssl=1 600w\" sizes=\"auto, (max-width: 625px) 100vw, 625px\" \/><\/a><figcaption id=\"caption-attachment-4343\" class=\"wp-caption-text\">Jengibre, chile verde, ajo,ra\u00edz de cilantro, chalota o ceboll\u00edn y lemon grass<\/figcaption><\/figure>\n<figure id=\"attachment_4346\" aria-describedby=\"caption-attachment-4346\" style=\"width: 625px\" class=\"wp-caption aligncenter\"><a href=\"https:\/\/i0.wp.com\/le-fort.org\/wp-content\/uploads\/2013\/06\/MG_8362.jpg?ssl=1\"><img data-recalc-dims=\"1\" loading=\"lazy\" decoding=\"async\" data-attachment-id=\"4346\" data-permalink=\"https:\/\/le-fort.org\/cocina\/pebre\/_mg_8362\/\" data-orig-file=\"https:\/\/i0.wp.com\/le-fort.org\/cocina\/wp-content\/uploads\/2013\/06\/MG_8362.jpg?fit=625%2C417&amp;ssl=1\" data-orig-size=\"625,417\" data-comments-opened=\"0\" data-image-meta=\"{&quot;aperture&quot;:&quot;5.6&quot;,&quot;credit&quot;:&quot;Picasa&quot;,&quot;camera&quot;:&quot;Canon EOS DIGITAL REBEL XSi&quot;,&quot;caption&quot;:&quot;&quot;,&quot;created_timestamp&quot;:&quot;1371058222&quot;,&quot;copyright&quot;:&quot;&quot;,&quot;focal_length&quot;:&quot;55&quot;,&quot;iso&quot;:&quot;800&quot;,&quot;shutter_speed&quot;:&quot;0.04&quot;,&quot;title&quot;:&quot;&quot;,&quot;orientation&quot;:&quot;0&quot;}\" data-image-title=\"_MG_8362\" data-image-description=\"\" data-image-caption=\"\" data-large-file=\"https:\/\/i0.wp.com\/le-fort.org\/cocina\/wp-content\/uploads\/2013\/06\/MG_8362.jpg?fit=625%2C417&amp;ssl=1\" class=\"size-full wp-image-4346\" src=\"https:\/\/i0.wp.com\/www.le-fort.org\/wp-content\/uploads\/2013\/06\/MG_8362.jpg?resize=625%2C417&#038;ssl=1\" alt=\"_MG_8362\" width=\"625\" height=\"417\" srcset=\"https:\/\/i0.wp.com\/le-fort.org\/cocina\/wp-content\/uploads\/2013\/06\/MG_8362.jpg?w=625&amp;ssl=1 625w, https:\/\/i0.wp.com\/le-fort.org\/cocina\/wp-content\/uploads\/2013\/06\/MG_8362.jpg?resize=600%2C400&amp;ssl=1 600w\" sizes=\"auto, (max-width: 625px) 100vw, 625px\" \/><\/a><figcaption id=\"caption-attachment-4346\" class=\"wp-caption-text\">Ra\u00edz de cilantro trozada<\/figcaption><\/figure>\n<figure id=\"attachment_4363\" aria-describedby=\"caption-attachment-4363\" style=\"width: 625px\" class=\"wp-caption aligncenter\"><a href=\"https:\/\/i0.wp.com\/le-fort.org\/wp-content\/uploads\/2013\/06\/MG_8511.jpg?ssl=1\"><img data-recalc-dims=\"1\" loading=\"lazy\" decoding=\"async\" data-attachment-id=\"4363\" data-permalink=\"https:\/\/le-fort.org\/cocina\/pasta-de-curry-verde\/_mg_8511\/\" data-orig-file=\"https:\/\/i0.wp.com\/le-fort.org\/cocina\/wp-content\/uploads\/2013\/06\/MG_8511.jpg?fit=625%2C417&amp;ssl=1\" data-orig-size=\"625,417\" data-comments-opened=\"0\" data-image-meta=\"{&quot;aperture&quot;:&quot;14&quot;,&quot;credit&quot;:&quot;Picasa&quot;,&quot;camera&quot;:&quot;Canon EOS DIGITAL REBEL XSi&quot;,&quot;caption&quot;:&quot;&quot;,&quot;created_timestamp&quot;:&quot;1371149950&quot;,&quot;copyright&quot;:&quot;&quot;,&quot;focal_length&quot;:&quot;42&quot;,&quot;iso&quot;:&quot;800&quot;,&quot;shutter_speed&quot;:&quot;1.3&quot;,&quot;title&quot;:&quot;&quot;,&quot;orientation&quot;:&quot;0&quot;}\" data-image-title=\"_MG_8511\" data-image-description=\"\" data-image-caption=\"\" data-large-file=\"https:\/\/i0.wp.com\/le-fort.org\/cocina\/wp-content\/uploads\/2013\/06\/MG_8511.jpg?fit=625%2C417&amp;ssl=1\" class=\"size-full wp-image-4363\" src=\"https:\/\/i0.wp.com\/www.le-fort.org\/wp-content\/uploads\/2013\/06\/MG_8511.jpg?resize=625%2C417&#038;ssl=1\" alt=\"_MG_8511\" width=\"625\" height=\"417\" srcset=\"https:\/\/i0.wp.com\/le-fort.org\/cocina\/wp-content\/uploads\/2013\/06\/MG_8511.jpg?w=625&amp;ssl=1 625w, https:\/\/i0.wp.com\/le-fort.org\/cocina\/wp-content\/uploads\/2013\/06\/MG_8511.jpg?resize=600%2C400&amp;ssl=1 600w\" sizes=\"auto, (max-width: 625px) 100vw, 625px\" \/><\/a><figcaption id=\"caption-attachment-4363\" class=\"wp-caption-text\">Hojas de cilantro en un vaso, en la \u00faltima gaveta de la puerta del refrigerador.<\/figcaption><\/figure>\n<p>Una de las cosas que nos gust\u00f3 es que permite aprovechar la ra\u00edz y tallo del cilantro , lo otro que descubrimos es como conservar las hojas cilantro fresco, dej\u00e1ndolo en la parte baja de la puerta del refrigerados con los tallos sumergidos en agua. Dura tranquilamente una semana y sin ese mal olor que toma el agua fuera del refrigerador.<\/p>\n<figure id=\"attachment_4347\" aria-describedby=\"caption-attachment-4347\" style=\"width: 625px\" class=\"wp-caption aligncenter\"><a href=\"https:\/\/i0.wp.com\/le-fort.org\/wp-content\/uploads\/2013\/06\/MG_8373.jpg?ssl=1\"><img data-recalc-dims=\"1\" loading=\"lazy\" decoding=\"async\" data-attachment-id=\"4347\" data-permalink=\"https:\/\/le-fort.org\/cocina\/pebre\/_mg_8373\/\" data-orig-file=\"https:\/\/i0.wp.com\/le-fort.org\/cocina\/wp-content\/uploads\/2013\/06\/MG_8373.jpg?fit=625%2C417&amp;ssl=1\" data-orig-size=\"625,417\" data-comments-opened=\"0\" data-image-meta=\"{&quot;aperture&quot;:&quot;14&quot;,&quot;credit&quot;:&quot;Picasa&quot;,&quot;camera&quot;:&quot;Canon EOS DIGITAL REBEL XSi&quot;,&quot;caption&quot;:&quot;&quot;,&quot;created_timestamp&quot;:&quot;1371058676&quot;,&quot;copyright&quot;:&quot;&quot;,&quot;focal_length&quot;:&quot;55&quot;,&quot;iso&quot;:&quot;800&quot;,&quot;shutter_speed&quot;:&quot;0.25&quot;,&quot;title&quot;:&quot;&quot;,&quot;orientation&quot;:&quot;0&quot;}\" data-image-title=\"_MG_8373\" data-image-description=\"\" data-image-caption=\"\" data-large-file=\"https:\/\/i0.wp.com\/le-fort.org\/cocina\/wp-content\/uploads\/2013\/06\/MG_8373.jpg?fit=625%2C417&amp;ssl=1\" class=\"size-full wp-image-4347\" src=\"https:\/\/i0.wp.com\/www.le-fort.org\/wp-content\/uploads\/2013\/06\/MG_8373.jpg?resize=625%2C417&#038;ssl=1\" alt=\"_MG_8373\" width=\"625\" height=\"417\" srcset=\"https:\/\/i0.wp.com\/le-fort.org\/cocina\/wp-content\/uploads\/2013\/06\/MG_8373.jpg?w=625&amp;ssl=1 625w, https:\/\/i0.wp.com\/le-fort.org\/cocina\/wp-content\/uploads\/2013\/06\/MG_8373.jpg?resize=600%2C400&amp;ssl=1 600w\" sizes=\"auto, (max-width: 625px) 100vw, 625px\" \/><\/a><figcaption id=\"caption-attachment-4347\" class=\"wp-caption-text\">Chalota o ceboll\u00edn picado.<\/figcaption><\/figure>\n<figure id=\"attachment_4342\" aria-describedby=\"caption-attachment-4342\" style=\"width: 625px\" class=\"wp-caption aligncenter\"><a href=\"https:\/\/i0.wp.com\/le-fort.org\/wp-content\/uploads\/2013\/06\/MG_8332.jpg?ssl=1\"><img data-recalc-dims=\"1\" loading=\"lazy\" decoding=\"async\" data-attachment-id=\"4342\" data-permalink=\"https:\/\/le-fort.org\/cocina\/pebre\/_mg_8332\/\" data-orig-file=\"https:\/\/i0.wp.com\/le-fort.org\/cocina\/wp-content\/uploads\/2013\/06\/MG_8332.jpg?fit=625%2C417&amp;ssl=1\" data-orig-size=\"625,417\" data-comments-opened=\"0\" data-image-meta=\"{&quot;aperture&quot;:&quot;14&quot;,&quot;credit&quot;:&quot;Picasa&quot;,&quot;camera&quot;:&quot;Canon EOS DIGITAL REBEL XSi&quot;,&quot;caption&quot;:&quot;&quot;,&quot;created_timestamp&quot;:&quot;1371054678&quot;,&quot;copyright&quot;:&quot;&quot;,&quot;focal_length&quot;:&quot;55&quot;,&quot;iso&quot;:&quot;800&quot;,&quot;shutter_speed&quot;:&quot;0.066666666666667&quot;,&quot;title&quot;:&quot;&quot;,&quot;orientation&quot;:&quot;0&quot;}\" data-image-title=\"_MG_8332\" data-image-description=\"\" data-image-caption=\"\" data-large-file=\"https:\/\/i0.wp.com\/le-fort.org\/cocina\/wp-content\/uploads\/2013\/06\/MG_8332.jpg?fit=625%2C417&amp;ssl=1\" class=\"size-full wp-image-4342\" src=\"https:\/\/i0.wp.com\/www.le-fort.org\/wp-content\/uploads\/2013\/06\/MG_8332.jpg?resize=625%2C417&#038;ssl=1\" alt=\"_MG_8332\" width=\"625\" height=\"417\" srcset=\"https:\/\/i0.wp.com\/le-fort.org\/cocina\/wp-content\/uploads\/2013\/06\/MG_8332.jpg?w=625&amp;ssl=1 625w, https:\/\/i0.wp.com\/le-fort.org\/cocina\/wp-content\/uploads\/2013\/06\/MG_8332.jpg?resize=600%2C400&amp;ssl=1 600w\" sizes=\"auto, (max-width: 625px) 100vw, 625px\" \/><\/a><figcaption id=\"caption-attachment-4342\" class=\"wp-caption-text\">Ra\u00edz de cilantro.<\/figcaption><\/figure>\n<h2>Ingredientes del Curry verde<\/h2>\n<ul>\n<li><span style=\"line-height: 1.714285714; font-size: 1rem;\">1\/2 taza de aj\u00ed verde (se puede sustituir por o mezclar con pimiento verde, cuando no se apetece tan picante).<\/span><\/li>\n<li><span style=\"line-height: 1.714285714; font-size: 1rem;\">30 gramos de jengibre fresco (si consiguen galanga, mucho mejor).<\/span><\/li>\n<li>Aj\u00ed picante a gusto.<\/li>\n<li><span style=\"line-height: 1.714285714; font-size: 1rem;\">2 o 3 dientes de ajo.<\/span><\/li>\n<li><span style=\"line-height: 1.714285714; font-size: 1rem;\">1\/2 taza de chalota picada.<\/span><\/li>\n<li><span style=\"line-height: 1.714285714; font-size: 1rem;\">1\/4 taza de <em>lemon gras<\/em>s (hierba luisa) picado fino(se puede sustituir por la cascara de uno o dos limones rallado, sin lo blanco).<\/span><\/li>\n<li><span style=\"line-height: 1.714285714; font-size: 1rem;\">1\/4 taza de ra\u00edz y tallos de cilantro.<\/span><\/li>\n<li><span style=\"line-height: 1.714285714; font-size: 1rem;\">1 cucharadita de semillas de cilantro.<\/span><\/li>\n<li><span style=\"line-height: 1.714285714; font-size: 1rem;\">1 cucharadita de comino en grano.<\/span><\/li>\n<li><span style=\"line-height: 1.714285714; font-size: 1rem;\">1 cucharadita de <a title=\"Especias: Pimienta Negra\" href=\"https:\/\/le-fort.org\/especias-pimienta-negra\/\">pimienta negra<\/a> en grano.<\/span><\/li>\n<li><span style=\"line-height: 1.714285714; font-size: 1rem;\">1 cucharada sopera de pasta de camar\u00f3n o salsa de pescado (se puede sustituir con un par de anchoas o salsa de soya que es lo que hicimos en esta preparaci\u00f3n).<\/span><\/li>\n<li>4 cucharadas de aceite neutro.<\/li>\n<li>2 cucharadas de agua filtrada.<\/li>\n<\/ul>\n<figure id=\"attachment_4340\" aria-describedby=\"caption-attachment-4340\" style=\"width: 625px\" class=\"wp-caption aligncenter\"><a href=\"https:\/\/i0.wp.com\/le-fort.org\/wp-content\/uploads\/2013\/06\/MG_8320.jpg?ssl=1\"><img data-recalc-dims=\"1\" loading=\"lazy\" decoding=\"async\" data-attachment-id=\"4340\" data-permalink=\"https:\/\/le-fort.org\/cocina\/pebre\/_mg_8320\/\" data-orig-file=\"https:\/\/i0.wp.com\/le-fort.org\/cocina\/wp-content\/uploads\/2013\/06\/MG_8320.jpg?fit=625%2C417&amp;ssl=1\" data-orig-size=\"625,417\" data-comments-opened=\"0\" data-image-meta=\"{&quot;aperture&quot;:&quot;14&quot;,&quot;credit&quot;:&quot;Picasa&quot;,&quot;camera&quot;:&quot;Canon EOS DIGITAL REBEL XSi&quot;,&quot;caption&quot;:&quot;&quot;,&quot;created_timestamp&quot;:&quot;1371054386&quot;,&quot;copyright&quot;:&quot;&quot;,&quot;focal_length&quot;:&quot;42&quot;,&quot;iso&quot;:&quot;800&quot;,&quot;shutter_speed&quot;:&quot;0.16666666666667&quot;,&quot;title&quot;:&quot;&quot;,&quot;orientation&quot;:&quot;0&quot;}\" data-image-title=\"_MG_8320\" data-image-description=\"\" data-image-caption=\"\" data-large-file=\"https:\/\/i0.wp.com\/le-fort.org\/cocina\/wp-content\/uploads\/2013\/06\/MG_8320.jpg?fit=625%2C417&amp;ssl=1\" class=\"size-full wp-image-4340\" src=\"https:\/\/i0.wp.com\/www.le-fort.org\/wp-content\/uploads\/2013\/06\/MG_8320.jpg?resize=625%2C417&#038;ssl=1\" alt=\"_MG_8320\" width=\"625\" height=\"417\" srcset=\"https:\/\/i0.wp.com\/le-fort.org\/cocina\/wp-content\/uploads\/2013\/06\/MG_8320.jpg?w=625&amp;ssl=1 625w, https:\/\/i0.wp.com\/le-fort.org\/cocina\/wp-content\/uploads\/2013\/06\/MG_8320.jpg?resize=600%2C400&amp;ssl=1 600w\" sizes=\"auto, (max-width: 625px) 100vw, 625px\" \/><\/a><figcaption id=\"caption-attachment-4340\" class=\"wp-caption-text\">Cilantro en grano, pimienta en grano y comino en grano.<\/figcaption><\/figure>\n<p>&nbsp;<\/p>\n<h2><a href=\"https:\/\/i0.wp.com\/le-fort.org\/wp-content\/uploads\/2013\/06\/MG_8494.jpg?ssl=1\"><img data-recalc-dims=\"1\" loading=\"lazy\" decoding=\"async\" data-attachment-id=\"4362\" data-permalink=\"https:\/\/le-fort.org\/cocina\/pasta-de-curry-verde\/_mg_8494\/\" data-orig-file=\"https:\/\/i0.wp.com\/le-fort.org\/cocina\/wp-content\/uploads\/2013\/06\/MG_8494.jpg?fit=625%2C417&amp;ssl=1\" data-orig-size=\"625,417\" data-comments-opened=\"0\" data-image-meta=\"{&quot;aperture&quot;:&quot;14&quot;,&quot;credit&quot;:&quot;Picasa&quot;,&quot;camera&quot;:&quot;Canon EOS DIGITAL REBEL XSi&quot;,&quot;caption&quot;:&quot;&quot;,&quot;created_timestamp&quot;:&quot;1371147108&quot;,&quot;copyright&quot;:&quot;&quot;,&quot;focal_length&quot;:&quot;50&quot;,&quot;iso&quot;:&quot;800&quot;,&quot;shutter_speed&quot;:&quot;0.25&quot;,&quot;title&quot;:&quot;&quot;,&quot;orientation&quot;:&quot;0&quot;}\" data-image-title=\"_MG_8494\" data-image-description=\"\" data-image-caption=\"\" data-large-file=\"https:\/\/i0.wp.com\/le-fort.org\/cocina\/wp-content\/uploads\/2013\/06\/MG_8494.jpg?fit=625%2C417&amp;ssl=1\" class=\"size-full wp-image-4362\" src=\"https:\/\/i0.wp.com\/www.le-fort.org\/wp-content\/uploads\/2013\/06\/MG_8494.jpg?resize=625%2C417&#038;ssl=1\" alt=\"_MG_8494\" width=\"625\" height=\"417\" srcset=\"https:\/\/i0.wp.com\/le-fort.org\/cocina\/wp-content\/uploads\/2013\/06\/MG_8494.jpg?w=625&amp;ssl=1 625w, https:\/\/i0.wp.com\/le-fort.org\/cocina\/wp-content\/uploads\/2013\/06\/MG_8494.jpg?resize=600%2C400&amp;ssl=1 600w\" sizes=\"auto, (max-width: 625px) 100vw, 625px\" \/><\/a><\/h2>\n<h2>Preparaci\u00f3n<\/h2>\n<p><a href=\"https:\/\/i0.wp.com\/le-fort.org\/wp-content\/uploads\/2013\/06\/MG_8342.jpg?ssl=1\"><img data-recalc-dims=\"1\" loading=\"lazy\" decoding=\"async\" data-attachment-id=\"4344\" data-permalink=\"https:\/\/le-fort.org\/cocina\/pebre\/_mg_8342\/\" data-orig-file=\"https:\/\/i0.wp.com\/le-fort.org\/cocina\/wp-content\/uploads\/2013\/06\/MG_8342.jpg?fit=625%2C417&amp;ssl=1\" data-orig-size=\"625,417\" data-comments-opened=\"0\" data-image-meta=\"{&quot;aperture&quot;:&quot;14&quot;,&quot;credit&quot;:&quot;Picasa&quot;,&quot;camera&quot;:&quot;Canon EOS DIGITAL REBEL XSi&quot;,&quot;caption&quot;:&quot;&quot;,&quot;created_timestamp&quot;:&quot;1371057641&quot;,&quot;copyright&quot;:&quot;&quot;,&quot;focal_length&quot;:&quot;45&quot;,&quot;iso&quot;:&quot;800&quot;,&quot;shutter_speed&quot;:&quot;0.125&quot;,&quot;title&quot;:&quot;&quot;,&quot;orientation&quot;:&quot;0&quot;}\" data-image-title=\"_MG_8342\" data-image-description=\"\" data-image-caption=\"\" data-large-file=\"https:\/\/i0.wp.com\/le-fort.org\/cocina\/wp-content\/uploads\/2013\/06\/MG_8342.jpg?fit=625%2C417&amp;ssl=1\" class=\"aligncenter size-full wp-image-4344\" src=\"https:\/\/i0.wp.com\/www.le-fort.org\/wp-content\/uploads\/2013\/06\/MG_8342.jpg?resize=625%2C417&#038;ssl=1\" alt=\"_MG_8342\" width=\"625\" height=\"417\" srcset=\"https:\/\/i0.wp.com\/le-fort.org\/cocina\/wp-content\/uploads\/2013\/06\/MG_8342.jpg?w=625&amp;ssl=1 625w, https:\/\/i0.wp.com\/le-fort.org\/cocina\/wp-content\/uploads\/2013\/06\/MG_8342.jpg?resize=600%2C400&amp;ssl=1 600w\" sizes=\"auto, (max-width: 625px) 100vw, 625px\" \/><\/a><\/p>\n<p>Lavar todos los ingredientes frescos y picarlos finamente, a los chiles se les retira las pepas y venas y si utilizas ralladura de lim\u00f3n que sea sin lo blanco de la c\u00e1scara (albedo), por que suele darle un toque amargo que no se aconseja.<\/p>\n<p><a href=\"https:\/\/i0.wp.com\/le-fort.org\/wp-content\/uploads\/2013\/06\/MG_8329.jpg?ssl=1\"><img data-recalc-dims=\"1\" loading=\"lazy\" decoding=\"async\" data-attachment-id=\"4341\" data-permalink=\"https:\/\/le-fort.org\/cocina\/pebre\/_mg_8329\/\" data-orig-file=\"https:\/\/i0.wp.com\/le-fort.org\/cocina\/wp-content\/uploads\/2013\/06\/MG_8329.jpg?fit=625%2C417&amp;ssl=1\" data-orig-size=\"625,417\" data-comments-opened=\"0\" data-image-meta=\"{&quot;aperture&quot;:&quot;5.6&quot;,&quot;credit&quot;:&quot;Picasa&quot;,&quot;camera&quot;:&quot;Canon EOS DIGITAL REBEL XSi&quot;,&quot;caption&quot;:&quot;&quot;,&quot;created_timestamp&quot;:&quot;1371054528&quot;,&quot;copyright&quot;:&quot;&quot;,&quot;focal_length&quot;:&quot;55&quot;,&quot;iso&quot;:&quot;800&quot;,&quot;shutter_speed&quot;:&quot;0.1&quot;,&quot;title&quot;:&quot;&quot;,&quot;orientation&quot;:&quot;0&quot;}\" data-image-title=\"_MG_8329\" data-image-description=\"\" data-image-caption=\"\" data-large-file=\"https:\/\/i0.wp.com\/le-fort.org\/cocina\/wp-content\/uploads\/2013\/06\/MG_8329.jpg?fit=625%2C417&amp;ssl=1\" class=\"aligncenter size-full wp-image-4341\" src=\"https:\/\/i0.wp.com\/www.le-fort.org\/wp-content\/uploads\/2013\/06\/MG_8329.jpg?resize=625%2C417&#038;ssl=1\" alt=\"_MG_8329\" width=\"625\" height=\"417\" srcset=\"https:\/\/i0.wp.com\/le-fort.org\/cocina\/wp-content\/uploads\/2013\/06\/MG_8329.jpg?w=625&amp;ssl=1 625w, https:\/\/i0.wp.com\/le-fort.org\/cocina\/wp-content\/uploads\/2013\/06\/MG_8329.jpg?resize=600%2C400&amp;ssl=1 600w\" sizes=\"auto, (max-width: 625px) 100vw, 625px\" \/><\/a><\/p>\n<p>El tratamiento de las especias: se doran en un sart\u00e9n, sin aceite, hasta que desprendan olor.<\/p>\n<p><a href=\"https:\/\/i0.wp.com\/le-fort.org\/wp-content\/uploads\/2013\/06\/MG_8385.jpg?ssl=1\"><img data-recalc-dims=\"1\" loading=\"lazy\" decoding=\"async\" data-attachment-id=\"4349\" data-permalink=\"https:\/\/le-fort.org\/cocina\/pebre\/_mg_8385\/\" data-orig-file=\"https:\/\/i0.wp.com\/le-fort.org\/cocina\/wp-content\/uploads\/2013\/06\/MG_8385.jpg?fit=625%2C417&amp;ssl=1\" data-orig-size=\"625,417\" data-comments-opened=\"0\" data-image-meta=\"{&quot;aperture&quot;:&quot;5.6&quot;,&quot;credit&quot;:&quot;Picasa&quot;,&quot;camera&quot;:&quot;Canon EOS DIGITAL REBEL XSi&quot;,&quot;caption&quot;:&quot;&quot;,&quot;created_timestamp&quot;:&quot;1371059101&quot;,&quot;copyright&quot;:&quot;&quot;,&quot;focal_length&quot;:&quot;55&quot;,&quot;iso&quot;:&quot;800&quot;,&quot;shutter_speed&quot;:&quot;0.033333333333333&quot;,&quot;title&quot;:&quot;&quot;,&quot;orientation&quot;:&quot;0&quot;}\" data-image-title=\"_MG_8385\" data-image-description=\"\" data-image-caption=\"\" data-large-file=\"https:\/\/i0.wp.com\/le-fort.org\/cocina\/wp-content\/uploads\/2013\/06\/MG_8385.jpg?fit=625%2C417&amp;ssl=1\" class=\"aligncenter size-full wp-image-4349\" src=\"https:\/\/i0.wp.com\/www.le-fort.org\/wp-content\/uploads\/2013\/06\/MG_8385.jpg?resize=625%2C417&#038;ssl=1\" alt=\"_MG_8385\" width=\"625\" height=\"417\" srcset=\"https:\/\/i0.wp.com\/le-fort.org\/cocina\/wp-content\/uploads\/2013\/06\/MG_8385.jpg?w=625&amp;ssl=1 625w, https:\/\/i0.wp.com\/le-fort.org\/cocina\/wp-content\/uploads\/2013\/06\/MG_8385.jpg?resize=600%2C400&amp;ssl=1 600w\" sizes=\"auto, (max-width: 625px) 100vw, 625px\" \/><\/a><\/p>\n<p>Todos los ingredientes van a dar al vaso de la licuadora, la que no correr\u00e1 peligro si los ingredientes son finamente prepicados para evitarle trabajo extra.<\/p>\n<p><a href=\"https:\/\/i0.wp.com\/le-fort.org\/wp-content\/uploads\/2013\/06\/MG_8377.jpg?ssl=1\"><img data-recalc-dims=\"1\" loading=\"lazy\" decoding=\"async\" data-attachment-id=\"4348\" data-permalink=\"https:\/\/le-fort.org\/cocina\/pebre\/_mg_8377\/\" data-orig-file=\"https:\/\/i0.wp.com\/le-fort.org\/cocina\/wp-content\/uploads\/2013\/06\/MG_8377.jpg?fit=625%2C417&amp;ssl=1\" data-orig-size=\"625,417\" data-comments-opened=\"0\" data-image-meta=\"{&quot;aperture&quot;:&quot;14&quot;,&quot;credit&quot;:&quot;Picasa&quot;,&quot;camera&quot;:&quot;Canon EOS DIGITAL REBEL XSi&quot;,&quot;caption&quot;:&quot;&quot;,&quot;created_timestamp&quot;:&quot;1371058949&quot;,&quot;copyright&quot;:&quot;&quot;,&quot;focal_length&quot;:&quot;55&quot;,&quot;iso&quot;:&quot;800&quot;,&quot;shutter_speed&quot;:&quot;0.033333333333333&quot;,&quot;title&quot;:&quot;&quot;,&quot;orientation&quot;:&quot;0&quot;}\" data-image-title=\"_MG_8377\" data-image-description=\"\" data-image-caption=\"\" data-large-file=\"https:\/\/i0.wp.com\/le-fort.org\/cocina\/wp-content\/uploads\/2013\/06\/MG_8377.jpg?fit=625%2C417&amp;ssl=1\" class=\"aligncenter size-full wp-image-4348\" src=\"https:\/\/i0.wp.com\/www.le-fort.org\/wp-content\/uploads\/2013\/06\/MG_8377.jpg?resize=625%2C417&#038;ssl=1\" alt=\"_MG_8377\" width=\"625\" height=\"417\" srcset=\"https:\/\/i0.wp.com\/le-fort.org\/cocina\/wp-content\/uploads\/2013\/06\/MG_8377.jpg?w=625&amp;ssl=1 625w, https:\/\/i0.wp.com\/le-fort.org\/cocina\/wp-content\/uploads\/2013\/06\/MG_8377.jpg?resize=600%2C400&amp;ssl=1 600w\" sizes=\"auto, (max-width: 625px) 100vw, 625px\" \/><\/a><\/p>\n<p>Cuando est\u00e9 lista la pasta puede guardarse en el refrigerador 2 o tres d\u00edas, si requiere ser usada en varias ocasiones, puede ser congelada porcionada en bolsa plastica donde dura much\u00edsimo m\u00e1s tiempo.<a href=\"https:\/\/i0.wp.com\/le-fort.org\/wp-content\/uploads\/2013\/06\/MG_8394.jpg?ssl=1\"><img data-recalc-dims=\"1\" loading=\"lazy\" decoding=\"async\" data-attachment-id=\"4351\" data-permalink=\"https:\/\/le-fort.org\/cocina\/pebre\/_mg_8394\/\" data-orig-file=\"https:\/\/i0.wp.com\/le-fort.org\/cocina\/wp-content\/uploads\/2013\/06\/MG_8394.jpg?fit=625%2C417&amp;ssl=1\" data-orig-size=\"625,417\" data-comments-opened=\"0\" data-image-meta=\"{&quot;aperture&quot;:&quot;4.5&quot;,&quot;credit&quot;:&quot;Picasa&quot;,&quot;camera&quot;:&quot;Canon EOS DIGITAL REBEL XSi&quot;,&quot;caption&quot;:&quot;&quot;,&quot;created_timestamp&quot;:&quot;1371059918&quot;,&quot;copyright&quot;:&quot;&quot;,&quot;focal_length&quot;:&quot;32&quot;,&quot;iso&quot;:&quot;800&quot;,&quot;shutter_speed&quot;:&quot;0.033333333333333&quot;,&quot;title&quot;:&quot;&quot;,&quot;orientation&quot;:&quot;0&quot;}\" data-image-title=\"_MG_8394\" data-image-description=\"\" data-image-caption=\"\" data-large-file=\"https:\/\/i0.wp.com\/le-fort.org\/cocina\/wp-content\/uploads\/2013\/06\/MG_8394.jpg?fit=625%2C417&amp;ssl=1\" class=\"aligncenter size-full wp-image-4351\" src=\"https:\/\/i0.wp.com\/www.le-fort.org\/wp-content\/uploads\/2013\/06\/MG_8394.jpg?resize=625%2C417&#038;ssl=1\" alt=\"_MG_8394\" width=\"625\" height=\"417\" srcset=\"https:\/\/i0.wp.com\/le-fort.org\/cocina\/wp-content\/uploads\/2013\/06\/MG_8394.jpg?w=625&amp;ssl=1 625w, https:\/\/i0.wp.com\/le-fort.org\/cocina\/wp-content\/uploads\/2013\/06\/MG_8394.jpg?resize=600%2C400&amp;ssl=1 600w\" sizes=\"auto, (max-width: 625px) 100vw, 625px\" \/><\/a><\/p>\n<p>He aqui un curry verde de carne que hicimos en casa y qued\u00f3 maravilloso.<\/p>\n<p><a href=\"https:\/\/i0.wp.com\/le-fort.org\/wp-content\/uploads\/2013\/06\/MG_8485.jpg?ssl=1\"><img data-recalc-dims=\"1\" loading=\"lazy\" decoding=\"async\" data-attachment-id=\"4361\" data-permalink=\"https:\/\/le-fort.org\/cocina\/pasta-de-curry-verde\/_mg_8485\/\" data-orig-file=\"https:\/\/i0.wp.com\/le-fort.org\/cocina\/wp-content\/uploads\/2013\/06\/MG_8485.jpg?fit=625%2C417&amp;ssl=1\" data-orig-size=\"625,417\" data-comments-opened=\"0\" data-image-meta=\"{&quot;aperture&quot;:&quot;3.5&quot;,&quot;credit&quot;:&quot;Picasa&quot;,&quot;camera&quot;:&quot;Canon EOS DIGITAL REBEL XSi&quot;,&quot;caption&quot;:&quot;&quot;,&quot;created_timestamp&quot;:&quot;1371146629&quot;,&quot;copyright&quot;:&quot;&quot;,&quot;focal_length&quot;:&quot;20&quot;,&quot;iso&quot;:&quot;800&quot;,&quot;shutter_speed&quot;:&quot;0.033333333333333&quot;,&quot;title&quot;:&quot;&quot;,&quot;orientation&quot;:&quot;0&quot;}\" data-image-title=\"_MG_8485\" data-image-description=\"\" data-image-caption=\"\" data-large-file=\"https:\/\/i0.wp.com\/le-fort.org\/cocina\/wp-content\/uploads\/2013\/06\/MG_8485.jpg?fit=625%2C417&amp;ssl=1\" class=\"aligncenter size-full wp-image-4361\" src=\"https:\/\/i0.wp.com\/www.le-fort.org\/wp-content\/uploads\/2013\/06\/MG_8485.jpg?resize=625%2C417&#038;ssl=1\" alt=\"_MG_8485\" width=\"625\" height=\"417\" srcset=\"https:\/\/i0.wp.com\/le-fort.org\/cocina\/wp-content\/uploads\/2013\/06\/MG_8485.jpg?w=625&amp;ssl=1 625w, https:\/\/i0.wp.com\/le-fort.org\/cocina\/wp-content\/uploads\/2013\/06\/MG_8485.jpg?resize=600%2C400&amp;ssl=1 600w\" sizes=\"auto, (max-width: 625px) 100vw, 625px\" \/><\/a><\/p>\n<p>&nbsp;<\/p>\n","protected":false},"excerpt":{"rendered":"<p>Receta de pasta de curry verde, muy popular en la cocina Thai.<\/p>\n","protected":false},"author":2,"featured_media":4350,"comment_status":"open","ping_status":"closed","sticky":false,"template":"","format":"standard","meta":{"_jetpack_newsletter_access":"","_jetpack_dont_email_post_to_subs":false,"_jetpack_newsletter_tier_id":0,"_jetpack_memberships_contains_paywalled_content":false,"_jetpack_memberships_contains_paid_content":false,"footnotes":""},"categories":[2],"tags":[355,33,354,359,351,63,55,56],"class_list":["post-4359","post","type-post","status-publish","format-standard","has-post-thumbnail","hentry","category-recetas","tag-cocina-comida","tag-comida-thai","tag-especias","tag-ingredientes","tag-recetas","tag-salsas","tag-vegano","tag-vegetariano","entry","has-media"],"jetpack_featured_media_url":"https:\/\/i0.wp.com\/le-fort.org\/cocina\/wp-content\/uploads\/2013\/06\/MG_8393.jpg?fit=625%2C226&ssl=1","jetpack_shortlink":"https:\/\/wp.me\/pghKer-18j","jetpack_sharing_enabled":true,"jetpack-related-posts":[{"id":4415,"url":"https:\/\/le-fort.org\/cocina\/pasta-de-curry-massaman\/","url_meta":{"origin":4359,"position":0},"title":"Pasta de Curry Massaman","author":"Le-Fort.org","date":"19 de Junio, 2013","format":false,"excerpt":"Receta de pasta de curry Massaman, curry thai que se utiliza sobre todo con carne. Tiene la particularidad de utilizar m\u00e1s especias y de que todo se tuesta antes de moler. Esta es s\u00f3lo la receta de la pasta.","rel":"","context":"En &quot;Recetas&quot;","block_context":{"text":"Recetas","link":"https:\/\/le-fort.org\/cocina\/categoria\/recetas\/"},"img":{"alt_text":"","src":"https:\/\/i0.wp.com\/le-fort.org\/cocina\/wp-content\/uploads\/2013\/06\/massaman-hd-2.jpg?fit=620%2C250&ssl=1&resize=350%2C200","width":350,"height":200,"srcset":"https:\/\/i0.wp.com\/le-fort.org\/cocina\/wp-content\/uploads\/2013\/06\/massaman-hd-2.jpg?fit=620%2C250&ssl=1&resize=350%2C200 1x, https:\/\/i0.wp.com\/le-fort.org\/cocina\/wp-content\/uploads\/2013\/06\/massaman-hd-2.jpg?fit=620%2C250&ssl=1&resize=525%2C300 1.5x"},"classes":[]},{"id":1145,"url":"https:\/\/le-fort.org\/cocina\/receta-de-pad-thai\/","url_meta":{"origin":4359,"position":1},"title":"Receta de Pad Thai","author":"Le-Fort.org","date":"16 de Agosto, 2011","format":false,"excerpt":"El Pad Thai es un plato de tallarines de arroz con pollo, camarones o tofu y verduras de origen tailand\u00e9s. Es excelente y aqu\u00ed te contamos c\u00f3mo se prepara.","rel":"","context":"En &quot;Recetas&quot;","block_context":{"text":"Recetas","link":"https:\/\/le-fort.org\/cocina\/categoria\/recetas\/"},"img":{"alt_text":"","src":"https:\/\/i0.wp.com\/le-fort.org\/cocina\/wp-content\/uploads\/2011\/08\/hd-padthai.jpg?fit=600%2C225&ssl=1&resize=350%2C200","width":350,"height":200,"srcset":"https:\/\/i0.wp.com\/le-fort.org\/cocina\/wp-content\/uploads\/2011\/08\/hd-padthai.jpg?fit=600%2C225&ssl=1&resize=350%2C200 1x, https:\/\/i0.wp.com\/le-fort.org\/cocina\/wp-content\/uploads\/2011\/08\/hd-padthai.jpg?fit=600%2C225&ssl=1&resize=525%2C300 1.5x"},"classes":[]},{"id":513,"url":"https:\/\/le-fort.org\/cocina\/receta-de-pollo-satay\/","url_meta":{"origin":4359,"position":2},"title":"Satay de Pollo","author":"Le-Fort.org","date":"28 de Julio, 2011","format":false,"excerpt":"Receta de las brochetas de pollo satay, brochetas de pollo marinado en salsa de soya con salsa de man\u00ed","rel":"","context":"En &quot;Comida&quot;","block_context":{"text":"Comida","link":"https:\/\/le-fort.org\/cocina\/categoria\/cocina-comida\/"},"img":{"alt_text":"","src":"https:\/\/i0.wp.com\/le-fort.org\/cocina\/wp-content\/uploads\/2011\/07\/satay-hd.jpg?fit=1200%2C400&ssl=1&resize=350%2C200","width":350,"height":200,"srcset":"https:\/\/i0.wp.com\/le-fort.org\/cocina\/wp-content\/uploads\/2011\/07\/satay-hd.jpg?fit=1200%2C400&ssl=1&resize=350%2C200 1x, https:\/\/i0.wp.com\/le-fort.org\/cocina\/wp-content\/uploads\/2011\/07\/satay-hd.jpg?fit=1200%2C400&ssl=1&resize=525%2C300 1.5x, https:\/\/i0.wp.com\/le-fort.org\/cocina\/wp-content\/uploads\/2011\/07\/satay-hd.jpg?fit=1200%2C400&ssl=1&resize=700%2C400 2x, https:\/\/i0.wp.com\/le-fort.org\/cocina\/wp-content\/uploads\/2011\/07\/satay-hd.jpg?fit=1200%2C400&ssl=1&resize=1050%2C600 3x"},"classes":[]},{"id":5253,"url":"https:\/\/le-fort.org\/cocina\/tallarines-con-pesto-receta-de-la-cuqui\/","url_meta":{"origin":4359,"position":3},"title":"Tallarines con Pesto, receta de la Cuqui","author":"Le-Fort.org","date":"18 de Febrero, 2014","format":false,"excerpt":"Curiosa receta de tallarines con pesto de albahaca, con papas y porotos verdes, seg\u00fan una receta que va en su tercera generaci\u00f3n seg\u00fan sabemos.","rel":"","context":"En &quot;Recetas&quot;","block_context":{"text":"Recetas","link":"https:\/\/le-fort.org\/cocina\/categoria\/recetas\/"},"img":{"alt_text":"","src":"https:\/\/i0.wp.com\/le-fort.org\/cocina\/wp-content\/uploads\/2014\/02\/pesto-hd.jpg?fit=1200%2C400&ssl=1&resize=350%2C200","width":350,"height":200,"srcset":"https:\/\/i0.wp.com\/le-fort.org\/cocina\/wp-content\/uploads\/2014\/02\/pesto-hd.jpg?fit=1200%2C400&ssl=1&resize=350%2C200 1x, https:\/\/i0.wp.com\/le-fort.org\/cocina\/wp-content\/uploads\/2014\/02\/pesto-hd.jpg?fit=1200%2C400&ssl=1&resize=525%2C300 1.5x, https:\/\/i0.wp.com\/le-fort.org\/cocina\/wp-content\/uploads\/2014\/02\/pesto-hd.jpg?fit=1200%2C400&ssl=1&resize=700%2C400 2x, https:\/\/i0.wp.com\/le-fort.org\/cocina\/wp-content\/uploads\/2014\/02\/pesto-hd.jpg?fit=1200%2C400&ssl=1&resize=1050%2C600 3x"},"classes":[]},{"id":1569,"url":"https:\/\/le-fort.org\/cocina\/receta-de-tallarines-a-la-carbonara\/","url_meta":{"origin":4359,"position":4},"title":"Receta de tallarines a la Carbonara","author":"Le-Fort.org","date":"8 de Noviembre, 2011","format":false,"excerpt":"Receta de tallarines a la carbonara, salsa compuesta por tocino, huevos, crema y queso rallado","rel":"","context":"En &quot;Comida&quot;","block_context":{"text":"Comida","link":"https:\/\/le-fort.org\/cocina\/categoria\/cocina-comida\/"},"img":{"alt_text":"","src":"https:\/\/i0.wp.com\/le-fort.org\/cocina\/wp-content\/uploads\/2011\/11\/hd.jpg?fit=614%2C225&ssl=1&resize=350%2C200","width":350,"height":200,"srcset":"https:\/\/i0.wp.com\/le-fort.org\/cocina\/wp-content\/uploads\/2011\/11\/hd.jpg?fit=614%2C225&ssl=1&resize=350%2C200 1x, https:\/\/i0.wp.com\/le-fort.org\/cocina\/wp-content\/uploads\/2011\/11\/hd.jpg?fit=614%2C225&ssl=1&resize=525%2C300 1.5x"},"classes":[]},{"id":2322,"url":"https:\/\/le-fort.org\/cocina\/receta-penne-con-salsa-amatriciana\/","url_meta":{"origin":4359,"position":5},"title":"Receta: Penne con Salsa Amatriciana","author":"Le-Fort.org","date":"3 de Diciembre, 2012","format":false,"excerpt":"Aprende la receta de la salsa Amatriciana para las pastas. Tocino, mantequilla, tomate, aj\u00ed.","rel":"","context":"En &quot;Comida&quot;","block_context":{"text":"Comida","link":"https:\/\/le-fort.org\/cocina\/categoria\/cocina-comida\/"},"img":{"alt_text":"","src":"https:\/\/i0.wp.com\/le-fort.org\/cocina\/wp-content\/uploads\/2012\/12\/h.jpg?fit=614%2C225&ssl=1&resize=350%2C200","width":350,"height":200,"srcset":"https:\/\/i0.wp.com\/le-fort.org\/cocina\/wp-content\/uploads\/2012\/12\/h.jpg?fit=614%2C225&ssl=1&resize=350%2C200 1x, https:\/\/i0.wp.com\/le-fort.org\/cocina\/wp-content\/uploads\/2012\/12\/h.jpg?fit=614%2C225&ssl=1&resize=525%2C300 1.5x"},"classes":[]}],"_links":{"self":[{"href":"https:\/\/le-fort.org\/cocina\/wp-json\/wp\/v2\/posts\/4359","targetHints":{"allow":["GET"]}}],"collection":[{"href":"https:\/\/le-fort.org\/cocina\/wp-json\/wp\/v2\/posts"}],"about":[{"href":"https:\/\/le-fort.org\/cocina\/wp-json\/wp\/v2\/types\/post"}],"author":[{"embeddable":true,"href":"https:\/\/le-fort.org\/cocina\/wp-json\/wp\/v2\/users\/2"}],"replies":[{"embeddable":true,"href":"https:\/\/le-fort.org\/cocina\/wp-json\/wp\/v2\/comments?post=4359"}],"version-history":[{"count":1,"href":"https:\/\/le-fort.org\/cocina\/wp-json\/wp\/v2\/posts\/4359\/revisions"}],"predecessor-version":[{"id":14763,"href":"https:\/\/le-fort.org\/cocina\/wp-json\/wp\/v2\/posts\/4359\/revisions\/14763"}],"wp:featuredmedia":[{"embeddable":true,"href":"https:\/\/le-fort.org\/cocina\/wp-json\/wp\/v2\/media\/4350"}],"wp:attachment":[{"href":"https:\/\/le-fort.org\/cocina\/wp-json\/wp\/v2\/media?parent=4359"}],"wp:term":[{"taxonomy":"category","embeddable":true,"href":"https:\/\/le-fort.org\/cocina\/wp-json\/wp\/v2\/categories?post=4359"},{"taxonomy":"post_tag","embeddable":true,"href":"https:\/\/le-fort.org\/cocina\/wp-json\/wp\/v2\/tags?post=4359"}],"curies":[{"name":"wp","href":"https:\/\/api.w.org\/{rel}","templated":true}]}}