{"id":4539,"date":"2013-07-02T03:08:57","date_gmt":"2013-07-02T03:08:57","guid":{"rendered":"http:\/\/www.loquecomemos.com\/?p=4539"},"modified":"2021-12-17T18:31:14","modified_gmt":"2021-12-17T23:31:14","slug":"sushi","status":"publish","type":"post","link":"https:\/\/le-fort.org\/cocina\/sushi\/","title":{"rendered":"Sushi"},"content":{"rendered":"<p>Lo que son las cosas. Fuimos a casa de unos amigos para almorzar el <a title=\"D\u00eda del \u00d1oqui\" href=\"https:\/\/www.loquecomemos.com\/dia-del-noqui\/\">d\u00eda del \u00f1oqui<\/a>, e hicimos sushi para el aperitivo. Hubo una cosa de calce porque era el d\u00eda del pescador en Chile, y usamos pescado. Todo calza.<!--more--><\/p>\n<p><a href=\"https:\/\/i0.wp.com\/le-fort.org\/wp-content\/uploads\/2014\/05\/sushi.jpg?ssl=1\"><img data-recalc-dims=\"1\" loading=\"lazy\" decoding=\"async\" data-attachment-id=\"5488\" data-permalink=\"https:\/\/le-fort.org\/cocina\/sushi-vegetariano\/sushi-2\/\" data-orig-file=\"https:\/\/i0.wp.com\/le-fort.org\/cocina\/wp-content\/uploads\/2014\/05\/sushi.jpg?fit=700%2C525&amp;ssl=1\" data-orig-size=\"700,525\" data-comments-opened=\"0\" data-image-meta=\"{&quot;aperture&quot;:&quot;0&quot;,&quot;credit&quot;:&quot;&quot;,&quot;camera&quot;:&quot;&quot;,&quot;caption&quot;:&quot;&quot;,&quot;created_timestamp&quot;:&quot;0&quot;,&quot;copyright&quot;:&quot;&quot;,&quot;focal_length&quot;:&quot;0&quot;,&quot;iso&quot;:&quot;0&quot;,&quot;shutter_speed&quot;:&quot;0&quot;,&quot;title&quot;:&quot;&quot;,&quot;orientation&quot;:&quot;0&quot;}\" data-image-title=\"sushi\" data-image-description=\"\" data-image-caption=\"\" data-large-file=\"https:\/\/i0.wp.com\/le-fort.org\/cocina\/wp-content\/uploads\/2014\/05\/sushi.jpg?fit=700%2C525&amp;ssl=1\" class=\"alignright size-medium wp-image-5488\" src=\"https:\/\/i0.wp.com\/www.le-fort.org\/wp-content\/uploads\/2014\/05\/sushi-300x225.jpg?resize=300%2C225&#038;ssl=1\" alt=\"sushi\" width=\"300\" height=\"225\" \/><\/a>Despu\u00e9s de m\u00e1s de un a\u00f1o sin comer sushi, finalmente encontramos nori en el supermercado de la esquina de la casa. Exultaci\u00f3n y j\u00fabilo, as\u00ed es que toda oportunidad es buena para hacer sushi.<\/p>\n<p>Para el arroz lavamos muy bien <strong>dos tazas de arroz crudo<\/strong>. Utilizamos la mnemotecnia de lavar el arroz 8 veces, cambiando el agua en cada una de ellas.<\/p>\n<p>Una vez lavado, lo cocemos lentamente en <strong>el doble de agua<\/strong> hasta que el agua se haya absorbido, sin nada de sal.<\/p>\n<p>Luego lo extendemos en una bandeja para que se enfr\u00ede r\u00e1pido y lo mezclamos con vinagre preparado. Previamente hab\u00edamos disuelto <strong>una cucharadita de sal<\/strong> y <strong>una cucharadita de az\u00facar<\/strong> en <strong>media taza de vinagre de arroz<\/strong>.<\/p>\n<p>Mientras el arroz se enfr\u00eda cortamos el pescado (en este caso <strong>at\u00fan fresco<\/strong>) en tiritas.<\/p>\n<p>Cuando el arroz est\u00e1 fr\u00edo, se dispone en una capa delgadita sobre el nori.<\/p>\n<figure id=\"attachment_4540\" aria-describedby=\"caption-attachment-4540\" style=\"width: 700px\" class=\"wp-caption aligncenter\"><img data-recalc-dims=\"1\" loading=\"lazy\" decoding=\"async\" data-attachment-id=\"4540\" data-permalink=\"https:\/\/le-fort.org\/cocina\/sushi\/arroz\/\" data-orig-file=\"https:\/\/i0.wp.com\/le-fort.org\/cocina\/wp-content\/uploads\/2013\/07\/arroz.jpg?fit=700%2C490&amp;ssl=1\" data-orig-size=\"700,490\" data-comments-opened=\"0\" data-image-meta=\"{&quot;aperture&quot;:&quot;0&quot;,&quot;credit&quot;:&quot;&quot;,&quot;camera&quot;:&quot;&quot;,&quot;caption&quot;:&quot;&quot;,&quot;created_timestamp&quot;:&quot;0&quot;,&quot;copyright&quot;:&quot;&quot;,&quot;focal_length&quot;:&quot;0&quot;,&quot;iso&quot;:&quot;0&quot;,&quot;shutter_speed&quot;:&quot;0&quot;,&quot;title&quot;:&quot;&quot;,&quot;orientation&quot;:&quot;0&quot;}\" data-image-title=\"arroz\" data-image-description=\"\" data-image-caption=\"&lt;p&gt;Arroz sobre el nori. Que la capa sea lo m\u00e1s delgadita posible&lt;\/p&gt;\n\" data-large-file=\"https:\/\/i0.wp.com\/le-fort.org\/cocina\/wp-content\/uploads\/2013\/07\/arroz.jpg?fit=700%2C490&amp;ssl=1\" class=\"size-full wp-image-4540\" src=\"https:\/\/i0.wp.com\/www.le-fort.org\/wp-content\/uploads\/2013\/07\/arroz.jpg?resize=700%2C490&#038;ssl=1\" alt=\"Arroz sobre el nori. Que la capa sea lo m\u00e1s delgadita posible\" width=\"700\" height=\"490\" srcset=\"https:\/\/i0.wp.com\/le-fort.org\/cocina\/wp-content\/uploads\/2013\/07\/arroz.jpg?w=700&amp;ssl=1 700w, https:\/\/i0.wp.com\/le-fort.org\/cocina\/wp-content\/uploads\/2013\/07\/arroz.jpg?resize=600%2C420&amp;ssl=1 600w\" sizes=\"auto, (max-width: 700px) 100vw, 700px\" \/><figcaption id=\"caption-attachment-4540\" class=\"wp-caption-text\">Arroz sobre el nori. Que la capa sea lo m\u00e1s delgadita posible<\/figcaption><\/figure>\n<p>Tomemos la precauci\u00f3n de dejar un par de cent\u00edmetros sin arroz en el extemo distal de la hoja de nori, y mojemos esta zona. Pensemos en que vamos a cerrar un sobre con goma, como los de antes.<\/p>\n<p>Sobre el arroz va el pescado, o en este caso, unos de pescado y otros de camar\u00f3n.<\/p>\n<p><a href=\"https:\/\/i0.wp.com\/le-fort.org\/wp-content\/uploads\/2013\/07\/pescado.jpg?ssl=1\"><img data-recalc-dims=\"1\" loading=\"lazy\" decoding=\"async\" data-attachment-id=\"4546\" data-permalink=\"https:\/\/le-fort.org\/cocina\/sushi\/pescado\/\" data-orig-file=\"https:\/\/i0.wp.com\/le-fort.org\/cocina\/wp-content\/uploads\/2013\/07\/pescado.jpg?fit=700%2C490&amp;ssl=1\" data-orig-size=\"700,490\" data-comments-opened=\"0\" data-image-meta=\"{&quot;aperture&quot;:&quot;0&quot;,&quot;credit&quot;:&quot;&quot;,&quot;camera&quot;:&quot;&quot;,&quot;caption&quot;:&quot;&quot;,&quot;created_timestamp&quot;:&quot;0&quot;,&quot;copyright&quot;:&quot;&quot;,&quot;focal_length&quot;:&quot;0&quot;,&quot;iso&quot;:&quot;0&quot;,&quot;shutter_speed&quot;:&quot;0&quot;,&quot;title&quot;:&quot;&quot;,&quot;orientation&quot;:&quot;0&quot;}\" data-image-title=\"pescado\" data-image-description=\"\" data-image-caption=\"\" data-large-file=\"https:\/\/i0.wp.com\/le-fort.org\/cocina\/wp-content\/uploads\/2013\/07\/pescado.jpg?fit=700%2C490&amp;ssl=1\" class=\"aligncenter size-full wp-image-4546\" src=\"https:\/\/i0.wp.com\/www.le-fort.org\/wp-content\/uploads\/2013\/07\/pescado.jpg?resize=700%2C490&#038;ssl=1\" alt=\"pescado\" width=\"700\" height=\"490\" srcset=\"https:\/\/i0.wp.com\/le-fort.org\/cocina\/wp-content\/uploads\/2013\/07\/pescado.jpg?w=700&amp;ssl=1 700w, https:\/\/i0.wp.com\/le-fort.org\/cocina\/wp-content\/uploads\/2013\/07\/pescado.jpg?resize=600%2C420&amp;ssl=1 600w\" sizes=\"auto, (max-width: 700px) 100vw, 700px\" \/><\/a> <a href=\"https:\/\/i0.wp.com\/le-fort.org\/wp-content\/uploads\/2013\/07\/camarones.jpg?ssl=1\"><img data-recalc-dims=\"1\" loading=\"lazy\" decoding=\"async\" data-attachment-id=\"4541\" data-permalink=\"https:\/\/le-fort.org\/cocina\/sushi\/camarones\/\" data-orig-file=\"https:\/\/i0.wp.com\/le-fort.org\/cocina\/wp-content\/uploads\/2013\/07\/camarones.jpg?fit=700%2C490&amp;ssl=1\" data-orig-size=\"700,490\" data-comments-opened=\"0\" data-image-meta=\"{&quot;aperture&quot;:&quot;0&quot;,&quot;credit&quot;:&quot;&quot;,&quot;camera&quot;:&quot;&quot;,&quot;caption&quot;:&quot;&quot;,&quot;created_timestamp&quot;:&quot;0&quot;,&quot;copyright&quot;:&quot;&quot;,&quot;focal_length&quot;:&quot;0&quot;,&quot;iso&quot;:&quot;0&quot;,&quot;shutter_speed&quot;:&quot;0&quot;,&quot;title&quot;:&quot;&quot;,&quot;orientation&quot;:&quot;0&quot;}\" data-image-title=\"camarones\" data-image-description=\"\" data-image-caption=\"&lt;p&gt;Sushi de camar\u00f3n&lt;\/p&gt;\n\" data-large-file=\"https:\/\/i0.wp.com\/le-fort.org\/cocina\/wp-content\/uploads\/2013\/07\/camarones.jpg?fit=700%2C490&amp;ssl=1\" class=\"aligncenter size-full wp-image-4541\" src=\"https:\/\/i0.wp.com\/www.le-fort.org\/wp-content\/uploads\/2013\/07\/camarones.jpg?resize=700%2C490&#038;ssl=1\" alt=\"camarones\" width=\"700\" height=\"490\" srcset=\"https:\/\/i0.wp.com\/le-fort.org\/cocina\/wp-content\/uploads\/2013\/07\/camarones.jpg?w=700&amp;ssl=1 700w, https:\/\/i0.wp.com\/le-fort.org\/cocina\/wp-content\/uploads\/2013\/07\/camarones.jpg?resize=600%2C420&amp;ssl=1 600w\" sizes=\"auto, (max-width: 700px) 100vw, 700px\" \/><\/a>Luego la palta, queso crema y s\u00e9samo.<\/p>\n<p><a href=\"https:\/\/i0.wp.com\/le-fort.org\/wp-content\/uploads\/2013\/07\/para-enrollar-0.jpg?ssl=1\"><img data-recalc-dims=\"1\" loading=\"lazy\" decoding=\"async\" data-attachment-id=\"4544\" data-permalink=\"https:\/\/le-fort.org\/cocina\/sushi\/para-enrollar-0\/\" data-orig-file=\"https:\/\/i0.wp.com\/le-fort.org\/cocina\/wp-content\/uploads\/2013\/07\/para-enrollar-0.jpg?fit=700%2C490&amp;ssl=1\" data-orig-size=\"700,490\" data-comments-opened=\"0\" data-image-meta=\"{&quot;aperture&quot;:&quot;0&quot;,&quot;credit&quot;:&quot;&quot;,&quot;camera&quot;:&quot;&quot;,&quot;caption&quot;:&quot;&quot;,&quot;created_timestamp&quot;:&quot;0&quot;,&quot;copyright&quot;:&quot;&quot;,&quot;focal_length&quot;:&quot;0&quot;,&quot;iso&quot;:&quot;0&quot;,&quot;shutter_speed&quot;:&quot;0&quot;,&quot;title&quot;:&quot;&quot;,&quot;orientation&quot;:&quot;0&quot;}\" data-image-title=\"para-enrollar-0\" data-image-description=\"\" data-image-caption=\"\" data-large-file=\"https:\/\/i0.wp.com\/le-fort.org\/cocina\/wp-content\/uploads\/2013\/07\/para-enrollar-0.jpg?fit=700%2C490&amp;ssl=1\" class=\"aligncenter size-full wp-image-4544\" src=\"https:\/\/i0.wp.com\/www.le-fort.org\/wp-content\/uploads\/2013\/07\/para-enrollar-0.jpg?resize=700%2C490&#038;ssl=1\" alt=\"para-enrollar-0\" width=\"700\" height=\"490\" srcset=\"https:\/\/i0.wp.com\/le-fort.org\/cocina\/wp-content\/uploads\/2013\/07\/para-enrollar-0.jpg?w=700&amp;ssl=1 700w, https:\/\/i0.wp.com\/le-fort.org\/cocina\/wp-content\/uploads\/2013\/07\/para-enrollar-0.jpg?resize=600%2C420&amp;ssl=1 600w\" sizes=\"auto, (max-width: 700px) 100vw, 700px\" \/><\/a> <a href=\"https:\/\/i0.wp.com\/le-fort.org\/wp-content\/uploads\/2013\/07\/para-enrollar.jpg?ssl=1\"><img data-recalc-dims=\"1\" loading=\"lazy\" decoding=\"async\" data-attachment-id=\"4545\" data-permalink=\"https:\/\/le-fort.org\/cocina\/sushi\/para-enrollar\/\" data-orig-file=\"https:\/\/i0.wp.com\/le-fort.org\/cocina\/wp-content\/uploads\/2013\/07\/para-enrollar.jpg?fit=700%2C490&amp;ssl=1\" data-orig-size=\"700,490\" data-comments-opened=\"0\" data-image-meta=\"{&quot;aperture&quot;:&quot;0&quot;,&quot;credit&quot;:&quot;&quot;,&quot;camera&quot;:&quot;&quot;,&quot;caption&quot;:&quot;&quot;,&quot;created_timestamp&quot;:&quot;0&quot;,&quot;copyright&quot;:&quot;&quot;,&quot;focal_length&quot;:&quot;0&quot;,&quot;iso&quot;:&quot;0&quot;,&quot;shutter_speed&quot;:&quot;0&quot;,&quot;title&quot;:&quot;&quot;,&quot;orientation&quot;:&quot;0&quot;}\" data-image-title=\"para-enrollar\" data-image-description=\"\" data-image-caption=\"\" data-large-file=\"https:\/\/i0.wp.com\/le-fort.org\/cocina\/wp-content\/uploads\/2013\/07\/para-enrollar.jpg?fit=700%2C490&amp;ssl=1\" class=\"aligncenter size-full wp-image-4545\" src=\"https:\/\/i0.wp.com\/www.le-fort.org\/wp-content\/uploads\/2013\/07\/para-enrollar.jpg?resize=700%2C490&#038;ssl=1\" alt=\"para-enrollar\" width=\"700\" height=\"490\" srcset=\"https:\/\/i0.wp.com\/le-fort.org\/cocina\/wp-content\/uploads\/2013\/07\/para-enrollar.jpg?w=700&amp;ssl=1 700w, https:\/\/i0.wp.com\/le-fort.org\/cocina\/wp-content\/uploads\/2013\/07\/para-enrollar.jpg?resize=600%2C420&amp;ssl=1 600w\" sizes=\"auto, (max-width: 700px) 100vw, 700px\" \/><\/a>Ahora viene el enrollado. Hemos descubierto por ensayo y <del>horror<\/del> error que mientras m\u00e1s apretado comencemos el rollo, mejor. Esto se refiere a poner atenci\u00f3n y no a aplicar grandes cantidades de fuerza, ojo.<\/p>\n<p>Finalmente, presionamos el extremo final del nori que hab\u00edamos mojado antes, para que se pegue contra s\u00ed mismo y el rollo quede firme.<\/p>\n<figure id=\"attachment_4547\" aria-describedby=\"caption-attachment-4547\" style=\"width: 700px\" class=\"wp-caption aligncenter\"><a href=\"https:\/\/i0.wp.com\/le-fort.org\/wp-content\/uploads\/2013\/07\/rollo.jpg?ssl=1\"><img data-recalc-dims=\"1\" loading=\"lazy\" decoding=\"async\" data-attachment-id=\"4547\" data-permalink=\"https:\/\/le-fort.org\/cocina\/sushi\/rollo\/\" data-orig-file=\"https:\/\/i0.wp.com\/le-fort.org\/cocina\/wp-content\/uploads\/2013\/07\/rollo.jpg?fit=700%2C490&amp;ssl=1\" data-orig-size=\"700,490\" data-comments-opened=\"0\" data-image-meta=\"{&quot;aperture&quot;:&quot;0&quot;,&quot;credit&quot;:&quot;&quot;,&quot;camera&quot;:&quot;&quot;,&quot;caption&quot;:&quot;&quot;,&quot;created_timestamp&quot;:&quot;0&quot;,&quot;copyright&quot;:&quot;&quot;,&quot;focal_length&quot;:&quot;0&quot;,&quot;iso&quot;:&quot;0&quot;,&quot;shutter_speed&quot;:&quot;0&quot;,&quot;title&quot;:&quot;&quot;,&quot;orientation&quot;:&quot;0&quot;}\" data-image-title=\"rollo\" data-image-description=\"\" data-image-caption=\"&lt;p&gt;El rollo listo para ser cortado&lt;\/p&gt;\n\" data-large-file=\"https:\/\/i0.wp.com\/le-fort.org\/cocina\/wp-content\/uploads\/2013\/07\/rollo.jpg?fit=700%2C490&amp;ssl=1\" class=\"size-full wp-image-4547\" src=\"https:\/\/i0.wp.com\/www.le-fort.org\/wp-content\/uploads\/2013\/07\/rollo.jpg?resize=700%2C490&#038;ssl=1\" alt=\"El rollo listo para ser cortado\" width=\"700\" height=\"490\" srcset=\"https:\/\/i0.wp.com\/le-fort.org\/cocina\/wp-content\/uploads\/2013\/07\/rollo.jpg?w=700&amp;ssl=1 700w, https:\/\/i0.wp.com\/le-fort.org\/cocina\/wp-content\/uploads\/2013\/07\/rollo.jpg?resize=600%2C420&amp;ssl=1 600w\" sizes=\"auto, (max-width: 700px) 100vw, 700px\" \/><\/a><figcaption id=\"caption-attachment-4547\" class=\"wp-caption-text\">El rollo listo para ser cortado<\/figcaption><\/figure>\n<p>Utilicemos un cuchillo muy afilado, y vamos mojando la hoja entre cada corte.<\/p>\n<figure id=\"attachment_4542\" aria-describedby=\"caption-attachment-4542\" style=\"width: 700px\" class=\"wp-caption aligncenter\"><img data-recalc-dims=\"1\" loading=\"lazy\" decoding=\"async\" data-attachment-id=\"4542\" data-permalink=\"https:\/\/le-fort.org\/cocina\/sushi\/detalle-2\/\" data-orig-file=\"https:\/\/i0.wp.com\/le-fort.org\/cocina\/wp-content\/uploads\/2013\/07\/detalle.jpg?fit=700%2C490&amp;ssl=1\" data-orig-size=\"700,490\" data-comments-opened=\"0\" data-image-meta=\"{&quot;aperture&quot;:&quot;0&quot;,&quot;credit&quot;:&quot;&quot;,&quot;camera&quot;:&quot;&quot;,&quot;caption&quot;:&quot;&quot;,&quot;created_timestamp&quot;:&quot;0&quot;,&quot;copyright&quot;:&quot;&quot;,&quot;focal_length&quot;:&quot;0&quot;,&quot;iso&quot;:&quot;0&quot;,&quot;shutter_speed&quot;:&quot;0&quot;,&quot;title&quot;:&quot;&quot;,&quot;orientation&quot;:&quot;0&quot;}\" data-image-title=\"detalle\" data-image-description=\"\" data-image-caption=\"\" data-large-file=\"https:\/\/i0.wp.com\/le-fort.org\/cocina\/wp-content\/uploads\/2013\/07\/detalle.jpg?fit=700%2C490&amp;ssl=1\" class=\" wp-image-4542\" src=\"https:\/\/i0.wp.com\/www.le-fort.org\/wp-content\/uploads\/2013\/07\/detalle.jpg?resize=700%2C490&#038;ssl=1\" alt=\"detalle\" width=\"700\" height=\"490\" srcset=\"https:\/\/i0.wp.com\/le-fort.org\/cocina\/wp-content\/uploads\/2013\/07\/detalle.jpg?w=700&amp;ssl=1 700w, https:\/\/i0.wp.com\/le-fort.org\/cocina\/wp-content\/uploads\/2013\/07\/detalle.jpg?resize=600%2C420&amp;ssl=1 600w\" sizes=\"auto, (max-width: 700px) 100vw, 700px\" \/><figcaption id=\"caption-attachment-4542\" class=\"wp-caption-text\">Alguien se tiene que comer las puntas. \u00a1El cocinero!<\/figcaption><\/figure>\n<figure id=\"attachment_4543\" aria-describedby=\"caption-attachment-4543\" style=\"width: 700px\" class=\"wp-caption aligncenter\"><img data-recalc-dims=\"1\" loading=\"lazy\" decoding=\"async\" data-attachment-id=\"4543\" data-permalink=\"https:\/\/le-fort.org\/cocina\/sushi\/para-cortar\/\" data-orig-file=\"https:\/\/i0.wp.com\/le-fort.org\/cocina\/wp-content\/uploads\/2013\/07\/para-cortar.jpg?fit=700%2C490&amp;ssl=1\" data-orig-size=\"700,490\" data-comments-opened=\"0\" data-image-meta=\"{&quot;aperture&quot;:&quot;0&quot;,&quot;credit&quot;:&quot;&quot;,&quot;camera&quot;:&quot;&quot;,&quot;caption&quot;:&quot;&quot;,&quot;created_timestamp&quot;:&quot;0&quot;,&quot;copyright&quot;:&quot;&quot;,&quot;focal_length&quot;:&quot;0&quot;,&quot;iso&quot;:&quot;0&quot;,&quot;shutter_speed&quot;:&quot;0&quot;,&quot;title&quot;:&quot;&quot;,&quot;orientation&quot;:&quot;0&quot;}\" data-image-title=\"para-cortar\" data-image-description=\"\" data-image-caption=\"\" data-large-file=\"https:\/\/i0.wp.com\/le-fort.org\/cocina\/wp-content\/uploads\/2013\/07\/para-cortar.jpg?fit=700%2C490&amp;ssl=1\" class=\" wp-image-4543\" src=\"https:\/\/i0.wp.com\/www.le-fort.org\/wp-content\/uploads\/2013\/07\/para-cortar.jpg?resize=700%2C490&#038;ssl=1\" alt=\"para-cortar\" width=\"700\" height=\"490\" srcset=\"https:\/\/i0.wp.com\/le-fort.org\/cocina\/wp-content\/uploads\/2013\/07\/para-cortar.jpg?w=700&amp;ssl=1 700w, https:\/\/i0.wp.com\/le-fort.org\/cocina\/wp-content\/uploads\/2013\/07\/para-cortar.jpg?resize=600%2C420&amp;ssl=1 600w\" sizes=\"auto, (max-width: 700px) 100vw, 700px\" \/><figcaption id=\"caption-attachment-4543\" class=\"wp-caption-text\">Primer corte<\/figcaption><\/figure>\n<p style=\"text-align: left;\">De ah\u00ed proseguimos cortando hasta que ya no quede nada por cortar.<\/p>\n<p style=\"text-align: left;\"><a href=\"https:\/\/i0.wp.com\/le-fort.org\/wp-content\/uploads\/2013\/07\/servido.jpg?ssl=1\"><img data-recalc-dims=\"1\" loading=\"lazy\" decoding=\"async\" data-attachment-id=\"4548\" data-permalink=\"https:\/\/le-fort.org\/cocina\/sushi\/servido-3\/\" data-orig-file=\"https:\/\/i0.wp.com\/le-fort.org\/cocina\/wp-content\/uploads\/2013\/07\/servido.jpg?fit=700%2C490&amp;ssl=1\" data-orig-size=\"700,490\" data-comments-opened=\"0\" data-image-meta=\"{&quot;aperture&quot;:&quot;0&quot;,&quot;credit&quot;:&quot;&quot;,&quot;camera&quot;:&quot;&quot;,&quot;caption&quot;:&quot;&quot;,&quot;created_timestamp&quot;:&quot;0&quot;,&quot;copyright&quot;:&quot;&quot;,&quot;focal_length&quot;:&quot;0&quot;,&quot;iso&quot;:&quot;0&quot;,&quot;shutter_speed&quot;:&quot;0&quot;,&quot;title&quot;:&quot;&quot;,&quot;orientation&quot;:&quot;0&quot;}\" data-image-title=\"servido\" data-image-description=\"\" data-image-caption=\"\" data-large-file=\"https:\/\/i0.wp.com\/le-fort.org\/cocina\/wp-content\/uploads\/2013\/07\/servido.jpg?fit=700%2C490&amp;ssl=1\" class=\"aligncenter size-full wp-image-4548\" src=\"https:\/\/i0.wp.com\/www.le-fort.org\/wp-content\/uploads\/2013\/07\/servido.jpg?resize=700%2C490&#038;ssl=1\" alt=\"servido\" width=\"700\" height=\"490\" srcset=\"https:\/\/i0.wp.com\/le-fort.org\/cocina\/wp-content\/uploads\/2013\/07\/servido.jpg?w=700&amp;ssl=1 700w, https:\/\/i0.wp.com\/le-fort.org\/cocina\/wp-content\/uploads\/2013\/07\/servido.jpg?resize=600%2C420&amp;ssl=1 600w\" sizes=\"auto, (max-width: 700px) 100vw, 700px\" \/><\/a> <a href=\"https:\/\/i0.wp.com\/le-fort.org\/wp-content\/uploads\/2013\/07\/sushi-listo.jpg?ssl=1\"><img data-recalc-dims=\"1\" loading=\"lazy\" decoding=\"async\" data-attachment-id=\"4550\" data-permalink=\"https:\/\/le-fort.org\/cocina\/sushi\/sushi-listo\/\" data-orig-file=\"https:\/\/i0.wp.com\/le-fort.org\/cocina\/wp-content\/uploads\/2013\/07\/sushi-listo.jpg?fit=700%2C490&amp;ssl=1\" data-orig-size=\"700,490\" data-comments-opened=\"0\" data-image-meta=\"{&quot;aperture&quot;:&quot;0&quot;,&quot;credit&quot;:&quot;&quot;,&quot;camera&quot;:&quot;&quot;,&quot;caption&quot;:&quot;&quot;,&quot;created_timestamp&quot;:&quot;0&quot;,&quot;copyright&quot;:&quot;&quot;,&quot;focal_length&quot;:&quot;0&quot;,&quot;iso&quot;:&quot;0&quot;,&quot;shutter_speed&quot;:&quot;0&quot;,&quot;title&quot;:&quot;&quot;,&quot;orientation&quot;:&quot;0&quot;}\" data-image-title=\"sushi-listo\" data-image-description=\"\" data-image-caption=\"\" data-large-file=\"https:\/\/i0.wp.com\/le-fort.org\/cocina\/wp-content\/uploads\/2013\/07\/sushi-listo.jpg?fit=700%2C490&amp;ssl=1\" class=\"aligncenter size-full wp-image-4550\" src=\"https:\/\/i0.wp.com\/www.le-fort.org\/wp-content\/uploads\/2013\/07\/sushi-listo.jpg?resize=700%2C490&#038;ssl=1\" alt=\"sushi-listo\" width=\"700\" height=\"490\" srcset=\"https:\/\/i0.wp.com\/le-fort.org\/cocina\/wp-content\/uploads\/2013\/07\/sushi-listo.jpg?w=700&amp;ssl=1 700w, https:\/\/i0.wp.com\/le-fort.org\/cocina\/wp-content\/uploads\/2013\/07\/sushi-listo.jpg?resize=600%2C420&amp;ssl=1 600w\" sizes=\"auto, (max-width: 700px) 100vw, 700px\" \/><\/a>En esta ocasi\u00f3n nuestra amiga Diva prepar\u00f3 una especie de <em>chutney<\/em> de jengibre maravilloso.<\/p>\n<figure id=\"attachment_4551\" aria-describedby=\"caption-attachment-4551\" style=\"width: 700px\" class=\"wp-caption aligncenter\"><img data-recalc-dims=\"1\" loading=\"lazy\" decoding=\"async\" data-attachment-id=\"4551\" data-permalink=\"https:\/\/le-fort.org\/cocina\/sushi\/jengibre\/\" data-orig-file=\"https:\/\/i0.wp.com\/le-fort.org\/cocina\/wp-content\/uploads\/2013\/07\/jengibre.jpg?fit=700%2C490&amp;ssl=1\" data-orig-size=\"700,490\" data-comments-opened=\"0\" data-image-meta=\"{&quot;aperture&quot;:&quot;0&quot;,&quot;credit&quot;:&quot;&quot;,&quot;camera&quot;:&quot;&quot;,&quot;caption&quot;:&quot;&quot;,&quot;created_timestamp&quot;:&quot;0&quot;,&quot;copyright&quot;:&quot;&quot;,&quot;focal_length&quot;:&quot;0&quot;,&quot;iso&quot;:&quot;0&quot;,&quot;shutter_speed&quot;:&quot;0&quot;,&quot;title&quot;:&quot;&quot;,&quot;orientation&quot;:&quot;0&quot;}\" data-image-title=\"jengibre\" data-image-description=\"\" data-image-caption=\"&lt;p&gt;Chutney de jengibre de Diva&lt;\/p&gt;\n\" data-large-file=\"https:\/\/i0.wp.com\/le-fort.org\/cocina\/wp-content\/uploads\/2013\/07\/jengibre.jpg?fit=700%2C490&amp;ssl=1\" class=\"size-full wp-image-4551\" src=\"https:\/\/i0.wp.com\/www.le-fort.org\/wp-content\/uploads\/2013\/07\/jengibre.jpg?resize=700%2C490&#038;ssl=1\" alt=\"Chutney de jengibre de Diva\" width=\"700\" height=\"490\" srcset=\"https:\/\/i0.wp.com\/le-fort.org\/cocina\/wp-content\/uploads\/2013\/07\/jengibre.jpg?w=700&amp;ssl=1 700w, https:\/\/i0.wp.com\/le-fort.org\/cocina\/wp-content\/uploads\/2013\/07\/jengibre.jpg?resize=600%2C420&amp;ssl=1 600w\" sizes=\"auto, (max-width: 700px) 100vw, 700px\" \/><figcaption id=\"caption-attachment-4551\" class=\"wp-caption-text\">Chutney de jengibre de Diva<\/figcaption><\/figure>\n<p>Fuimos muy felices.<\/p>\n<p>Despu\u00e9s de ese sushi, vinieron los \u00f1oquis \ud83d\ude09<\/p>\n","protected":false},"excerpt":{"rendered":"<p>El sushi es un poco laborioso pero muy rico. Es mejor cuando hay hartas manos haci\u00e9ndolo, porque se transforma en una actividad social Este tiene at\u00fan fresco o camar\u00f3n, palta, queso crema y s\u00e9samo.<\/p>\n","protected":false},"author":1,"featured_media":4549,"comment_status":"open","ping_status":"closed","sticky":false,"template":"","format":"standard","meta":{"_jetpack_newsletter_access":"","_jetpack_dont_email_post_to_subs":false,"_jetpack_newsletter_tier_id":0,"_jetpack_memberships_contains_paywalled_content":false,"_jetpack_memberships_contains_paid_content":false,"footnotes":""},"categories":[2,126],"tags":[5,163,168,164,165,21,166,50,167],"class_list":["post-4539","post","type-post","status-publish","format-standard","has-post-thumbnail","hentry","category-recetas","category-tecnicas","tag-arroz","tag-comida-japonesa","tag-jengibre","tag-nori","tag-palta","tag-pescado","tag-sesamo","tag-sushi","tag-wasabi","entry","has-media"],"jetpack_featured_media_url":"https:\/\/i0.wp.com\/le-fort.org\/cocina\/wp-content\/uploads\/2013\/07\/sushi-hd.jpg?fit=700%2C350&ssl=1","jetpack_shortlink":"https:\/\/wp.me\/sghKer-sushi","jetpack_sharing_enabled":true,"jetpack-related-posts":[{"id":4972,"url":"https:\/\/le-fort.org\/cocina\/receta-de-sushipleto\/","url_meta":{"origin":4539,"position":0},"title":"Receta de Sushipleto","author":"Le-Fort.org","date":"26 de Octubre, 2013","format":false,"excerpt":"\u00bfC\u00f3mo hacer un sushipleto? la verdad es que hacer un sushipleto es muy f\u00e1cil. Mira c\u00f3mo lo hicimos.","rel":"","context":"En &quot;Recetas&quot;","block_context":{"text":"Recetas","link":"https:\/\/le-fort.org\/cocina\/categoria\/recetas\/"},"img":{"alt_text":"","src":"https:\/\/i0.wp.com\/le-fort.org\/cocina\/wp-content\/uploads\/2013\/10\/sushipleto-hd.jpg?fit=1200%2C400&ssl=1&resize=350%2C200","width":350,"height":200,"srcset":"https:\/\/i0.wp.com\/le-fort.org\/cocina\/wp-content\/uploads\/2013\/10\/sushipleto-hd.jpg?fit=1200%2C400&ssl=1&resize=350%2C200 1x, https:\/\/i0.wp.com\/le-fort.org\/cocina\/wp-content\/uploads\/2013\/10\/sushipleto-hd.jpg?fit=1200%2C400&ssl=1&resize=525%2C300 1.5x, https:\/\/i0.wp.com\/le-fort.org\/cocina\/wp-content\/uploads\/2013\/10\/sushipleto-hd.jpg?fit=1200%2C400&ssl=1&resize=700%2C400 2x, https:\/\/i0.wp.com\/le-fort.org\/cocina\/wp-content\/uploads\/2013\/10\/sushipleto-hd.jpg?fit=1200%2C400&ssl=1&resize=1050%2C600 3x"},"classes":[]},{"id":746,"url":"https:\/\/le-fort.org\/cocina\/sushi-de-platano-en-guayaquil\/","url_meta":{"origin":4539,"position":1},"title":"Sushi de pl\u00e1tano en Guayaquil","author":"Le-Fort.org","date":"10 de Agosto, 2011","format":false,"excerpt":"El sushi de pl\u00e1tano del Topi Sushi en Guayaquil es excelente. Pl\u00e1tano, queso crema y kanikama.","rel":"","context":"En &quot;Comida&quot;","block_context":{"text":"Comida","link":"https:\/\/le-fort.org\/cocina\/categoria\/cocina-comida\/"},"img":{"alt_text":"","src":"https:\/\/i0.wp.com\/le-fort.org\/cocina\/wp-content\/uploads\/2011\/08\/MG_3213-800x288.jpg?fit=800%2C288&ssl=1&resize=350%2C200","width":350,"height":200,"srcset":"https:\/\/i0.wp.com\/le-fort.org\/cocina\/wp-content\/uploads\/2011\/08\/MG_3213-800x288.jpg?fit=800%2C288&ssl=1&resize=350%2C200 1x, https:\/\/i0.wp.com\/le-fort.org\/cocina\/wp-content\/uploads\/2011\/08\/MG_3213-800x288.jpg?fit=800%2C288&ssl=1&resize=525%2C300 1.5x, https:\/\/i0.wp.com\/le-fort.org\/cocina\/wp-content\/uploads\/2011\/08\/MG_3213-800x288.jpg?fit=800%2C288&ssl=1&resize=700%2C400 2x"},"classes":[]},{"id":5483,"url":"https:\/\/le-fort.org\/cocina\/sushi-vegetariano\/","url_meta":{"origin":4539,"position":2},"title":"Sushi Vegetariano","author":"Le-Fort.org","date":"26 de Mayo, 2014","format":false,"excerpt":"Algunas ideas para preparar sushi vegetariano, con pepino, piment\u00f3n, tomate, tortilla de huevo y queso crema.","rel":"","context":"En &quot;Recetas&quot;","block_context":{"text":"Recetas","link":"https:\/\/le-fort.org\/cocina\/categoria\/recetas\/"},"img":{"alt_text":"","src":"https:\/\/i0.wp.com\/le-fort.org\/cocina\/wp-content\/uploads\/2014\/05\/sushi-vegetariano-hd.jpg?fit=1200%2C400&ssl=1&resize=350%2C200","width":350,"height":200,"srcset":"https:\/\/i0.wp.com\/le-fort.org\/cocina\/wp-content\/uploads\/2014\/05\/sushi-vegetariano-hd.jpg?fit=1200%2C400&ssl=1&resize=350%2C200 1x, https:\/\/i0.wp.com\/le-fort.org\/cocina\/wp-content\/uploads\/2014\/05\/sushi-vegetariano-hd.jpg?fit=1200%2C400&ssl=1&resize=525%2C300 1.5x, https:\/\/i0.wp.com\/le-fort.org\/cocina\/wp-content\/uploads\/2014\/05\/sushi-vegetariano-hd.jpg?fit=1200%2C400&ssl=1&resize=700%2C400 2x, https:\/\/i0.wp.com\/le-fort.org\/cocina\/wp-content\/uploads\/2014\/05\/sushi-vegetariano-hd.jpg?fit=1200%2C400&ssl=1&resize=1050%2C600 3x"},"classes":[]},{"id":7389,"url":"https:\/\/le-fort.org\/cocina\/kyoto-sushi-en-salinas-ecuador\/","url_meta":{"origin":4539,"position":3},"title":"Kyoto: Sushi en Salinas, Ecuador","author":"Le-Fort.org","date":"21 de Enero, 2016","format":false,"excerpt":"Fuimos a comer sushi al restaurant Kyoto, del hotel Barcel\u00f3 en Salinas. Como somos hambrientos fuimos a los famosos mi\u00e9rcoles 2x1, en los que sirven una selecci\u00f3n limitada de la carta en modalidad 2x1. Llegamos entre las 20:30 y las 21:00 y el local ten\u00eda gente, sin estar lleno. Quiz\u00e1\u2026","rel":"","context":"En &quot;Ecuador&quot;","block_context":{"text":"Ecuador","link":"https:\/\/le-fort.org\/cocina\/categoria\/ecuador\/"},"img":{"alt_text":"","src":"https:\/\/i0.wp.com\/le-fort.org\/cocina\/wp-content\/uploads\/2016\/01\/kyoto-hd2.jpg?fit=1200%2C400&ssl=1&resize=350%2C200","width":350,"height":200,"srcset":"https:\/\/i0.wp.com\/le-fort.org\/cocina\/wp-content\/uploads\/2016\/01\/kyoto-hd2.jpg?fit=1200%2C400&ssl=1&resize=350%2C200 1x, https:\/\/i0.wp.com\/le-fort.org\/cocina\/wp-content\/uploads\/2016\/01\/kyoto-hd2.jpg?fit=1200%2C400&ssl=1&resize=525%2C300 1.5x, https:\/\/i0.wp.com\/le-fort.org\/cocina\/wp-content\/uploads\/2016\/01\/kyoto-hd2.jpg?fit=1200%2C400&ssl=1&resize=700%2C400 2x, https:\/\/i0.wp.com\/le-fort.org\/cocina\/wp-content\/uploads\/2016\/01\/kyoto-hd2.jpg?fit=1200%2C400&ssl=1&resize=1050%2C600 3x"},"classes":[]},{"id":1168,"url":"https:\/\/le-fort.org\/cocina\/sushipleto\/","url_meta":{"origin":4539,"position":4},"title":"Sushipleto \u2013 H\u00edbrido entre Hot-Dog y Sushi","author":"Maestro Sanguchero","date":"16 de Julio, 2013","format":false,"excerpt":"Os damos nuestra receta de sushipleto, o pletomaki, o sushi-dog. En fin, es cosa de gustos","rel":"","context":"En &quot;Hot-Dogs&quot;","block_context":{"text":"Hot-Dogs","link":"https:\/\/le-fort.org\/cocina\/categoria\/hot-dogs\/"},"img":{"alt_text":"","src":"https:\/\/i0.wp.com\/le-fort.org\/cocina\/wp-content\/uploads\/2013\/07\/sushipleto-hd.jpg?fit=1200%2C400&ssl=1&resize=350%2C200","width":350,"height":200,"srcset":"https:\/\/i0.wp.com\/le-fort.org\/cocina\/wp-content\/uploads\/2013\/07\/sushipleto-hd.jpg?fit=1200%2C400&ssl=1&resize=350%2C200 1x, https:\/\/i0.wp.com\/le-fort.org\/cocina\/wp-content\/uploads\/2013\/07\/sushipleto-hd.jpg?fit=1200%2C400&ssl=1&resize=525%2C300 1.5x, https:\/\/i0.wp.com\/le-fort.org\/cocina\/wp-content\/uploads\/2013\/07\/sushipleto-hd.jpg?fit=1200%2C400&ssl=1&resize=700%2C400 2x, https:\/\/i0.wp.com\/le-fort.org\/cocina\/wp-content\/uploads\/2013\/07\/sushipleto-hd.jpg?fit=1200%2C400&ssl=1&resize=1050%2C600 3x"},"classes":[]},{"id":1294,"url":"https:\/\/le-fort.org\/cocina\/sushipan-un-aporte-de-fiestas-patrias\/","url_meta":{"origin":4539,"position":5},"title":"Choripleto \u2013 Un Aporte de fiestas Patrias","author":"Maestro Sanguchero","date":"18 de Septiembre, 2013","format":false,"excerpt":"El sushipan\u2013o chorisushi es un chorizo parrillero tratado como si fuera un sushipleto. Es la variante dieciochera del mismo.","rel":"","context":"En &quot;Cecinas&quot;","block_context":{"text":"Cecinas","link":"https:\/\/le-fort.org\/cocina\/categoria\/cecinas\/"},"img":{"alt_text":"","src":"https:\/\/i0.wp.com\/le-fort.org\/cocina\/wp-content\/uploads\/2013\/09\/sushipan-hd.jpg?fit=1200%2C400&ssl=1&resize=350%2C200","width":350,"height":200,"srcset":"https:\/\/i0.wp.com\/le-fort.org\/cocina\/wp-content\/uploads\/2013\/09\/sushipan-hd.jpg?fit=1200%2C400&ssl=1&resize=350%2C200 1x, https:\/\/i0.wp.com\/le-fort.org\/cocina\/wp-content\/uploads\/2013\/09\/sushipan-hd.jpg?fit=1200%2C400&ssl=1&resize=525%2C300 1.5x, https:\/\/i0.wp.com\/le-fort.org\/cocina\/wp-content\/uploads\/2013\/09\/sushipan-hd.jpg?fit=1200%2C400&ssl=1&resize=700%2C400 2x, https:\/\/i0.wp.com\/le-fort.org\/cocina\/wp-content\/uploads\/2013\/09\/sushipan-hd.jpg?fit=1200%2C400&ssl=1&resize=1050%2C600 3x"},"classes":[]}],"_links":{"self":[{"href":"https:\/\/le-fort.org\/cocina\/wp-json\/wp\/v2\/posts\/4539","targetHints":{"allow":["GET"]}}],"collection":[{"href":"https:\/\/le-fort.org\/cocina\/wp-json\/wp\/v2\/posts"}],"about":[{"href":"https:\/\/le-fort.org\/cocina\/wp-json\/wp\/v2\/types\/post"}],"author":[{"embeddable":true,"href":"https:\/\/le-fort.org\/cocina\/wp-json\/wp\/v2\/users\/1"}],"replies":[{"embeddable":true,"href":"https:\/\/le-fort.org\/cocina\/wp-json\/wp\/v2\/comments?post=4539"}],"version-history":[{"count":1,"href":"https:\/\/le-fort.org\/cocina\/wp-json\/wp\/v2\/posts\/4539\/revisions"}],"predecessor-version":[{"id":16167,"href":"https:\/\/le-fort.org\/cocina\/wp-json\/wp\/v2\/posts\/4539\/revisions\/16167"}],"wp:featuredmedia":[{"embeddable":true,"href":"https:\/\/le-fort.org\/cocina\/wp-json\/wp\/v2\/media\/4549"}],"wp:attachment":[{"href":"https:\/\/le-fort.org\/cocina\/wp-json\/wp\/v2\/media?parent=4539"}],"wp:term":[{"taxonomy":"category","embeddable":true,"href":"https:\/\/le-fort.org\/cocina\/wp-json\/wp\/v2\/categories?post=4539"},{"taxonomy":"post_tag","embeddable":true,"href":"https:\/\/le-fort.org\/cocina\/wp-json\/wp\/v2\/tags?post=4539"}],"curies":[{"name":"wp","href":"https:\/\/api.w.org\/{rel}","templated":true}]}}