{"id":4565,"date":"2013-07-02T19:12:16","date_gmt":"2013-07-02T19:12:16","guid":{"rendered":"http:\/\/www.loquecomemos.com\/?p=4565"},"modified":"2017-12-29T08:08:38","modified_gmt":"2017-12-29T13:08:38","slug":"dia-del-noqui-una-vez-mas","status":"publish","type":"post","link":"https:\/\/le-fort.org\/cocina\/dia-del-noqui-una-vez-mas\/","title":{"rendered":"D\u00eda del \u00d1oqui, una vez m\u00e1s"},"content":{"rendered":"<p>Lo bueno del <a href=\"https:\/\/www.le-fort.org\/dia-del-noqui\/\">d\u00eda del \u00f1oqui<\/a> es que es recurrente. Salvo el problema planteado por un 75% de los febreros, es confiable.<\/p>\n<p>El almuerzo del d\u00eda del \u00f1oqui del mes de junio lo celebramos en casa de nuestros amigos Diva y Miguel. Los \u00f1oquis de zapallo los hicimos entre todos y la salsa fue obra de Diva: una salsa de tomates, curry y anillos de calamar, levemente picante y muy buena.<!--more--><\/p>\n<p>Fue un excelente d\u00eda del \u00f1oqui.<\/p>\n<figure id=\"attachment_4567\" aria-describedby=\"caption-attachment-4567\" style=\"width: 700px\" class=\"wp-caption aligncenter\"><img data-recalc-dims=\"1\" loading=\"lazy\" decoding=\"async\" data-attachment-id=\"4567\" data-permalink=\"https:\/\/le-fort.org\/cocina\/dia-del-noqui-una-vez-mas\/cortando\/\" data-orig-file=\"https:\/\/i0.wp.com\/le-fort.org\/cocina\/wp-content\/uploads\/2013\/07\/cortando.jpg?fit=700%2C490&amp;ssl=1\" data-orig-size=\"700,490\" data-comments-opened=\"0\" data-image-meta=\"{&quot;aperture&quot;:&quot;0&quot;,&quot;credit&quot;:&quot;&quot;,&quot;camera&quot;:&quot;&quot;,&quot;caption&quot;:&quot;&quot;,&quot;created_timestamp&quot;:&quot;0&quot;,&quot;copyright&quot;:&quot;&quot;,&quot;focal_length&quot;:&quot;0&quot;,&quot;iso&quot;:&quot;0&quot;,&quot;shutter_speed&quot;:&quot;0&quot;,&quot;title&quot;:&quot;&quot;,&quot;orientation&quot;:&quot;0&quot;}\" data-image-title=\"cortando\" data-image-description=\"\" data-image-caption=\"&lt;p&gt;Comenzando a cortar los \u00f1oquis&lt;\/p&gt;\n\" data-large-file=\"https:\/\/i0.wp.com\/le-fort.org\/cocina\/wp-content\/uploads\/2013\/07\/cortando.jpg?fit=700%2C490&amp;ssl=1\" class=\"size-full wp-image-4567\" src=\"https:\/\/i0.wp.com\/www.le-fort.org\/wp-content\/uploads\/2013\/07\/cortando.jpg?resize=700%2C490&#038;ssl=1\" alt=\"Comenzando a cortar los \u00f1oquis\" width=\"700\" height=\"490\" srcset=\"https:\/\/i0.wp.com\/le-fort.org\/cocina\/wp-content\/uploads\/2013\/07\/cortando.jpg?w=700&amp;ssl=1 700w, https:\/\/i0.wp.com\/le-fort.org\/cocina\/wp-content\/uploads\/2013\/07\/cortando.jpg?resize=600%2C420&amp;ssl=1 600w\" sizes=\"auto, (max-width: 700px) 100vw, 700px\" \/><figcaption id=\"caption-attachment-4567\" class=\"wp-caption-text\">Comenzando a cortar los \u00f1oquis<\/figcaption><\/figure>\n<figure id=\"attachment_4569\" aria-describedby=\"caption-attachment-4569\" style=\"width: 700px\" class=\"wp-caption aligncenter\"><img data-recalc-dims=\"1\" loading=\"lazy\" decoding=\"async\" data-attachment-id=\"4569\" data-permalink=\"https:\/\/le-fort.org\/cocina\/dia-del-noqui-una-vez-mas\/hechos\/\" data-orig-file=\"https:\/\/i0.wp.com\/le-fort.org\/cocina\/wp-content\/uploads\/2013\/07\/hechos.jpg?fit=700%2C490&amp;ssl=1\" data-orig-size=\"700,490\" data-comments-opened=\"0\" data-image-meta=\"{&quot;aperture&quot;:&quot;0&quot;,&quot;credit&quot;:&quot;&quot;,&quot;camera&quot;:&quot;&quot;,&quot;caption&quot;:&quot;&quot;,&quot;created_timestamp&quot;:&quot;0&quot;,&quot;copyright&quot;:&quot;&quot;,&quot;focal_length&quot;:&quot;0&quot;,&quot;iso&quot;:&quot;0&quot;,&quot;shutter_speed&quot;:&quot;0&quot;,&quot;title&quot;:&quot;&quot;,&quot;orientation&quot;:&quot;0&quot;}\" data-image-title=\"hechos\" data-image-description=\"\" data-image-caption=\"\" data-large-file=\"https:\/\/i0.wp.com\/le-fort.org\/cocina\/wp-content\/uploads\/2013\/07\/hechos.jpg?fit=700%2C490&amp;ssl=1\" class=\" wp-image-4569\" src=\"https:\/\/i0.wp.com\/www.le-fort.org\/wp-content\/uploads\/2013\/07\/hechos.jpg?resize=700%2C490&#038;ssl=1\" alt=\"hechos\" width=\"700\" height=\"490\" srcset=\"https:\/\/i0.wp.com\/le-fort.org\/cocina\/wp-content\/uploads\/2013\/07\/hechos.jpg?w=700&amp;ssl=1 700w, https:\/\/i0.wp.com\/le-fort.org\/cocina\/wp-content\/uploads\/2013\/07\/hechos.jpg?resize=600%2C420&amp;ssl=1 600w\" sizes=\"auto, (max-width: 700px) 100vw, 700px\" \/><figcaption id=\"caption-attachment-4569\" class=\"wp-caption-text\">Los \u00f1oquis tomando forma<\/figcaption><\/figure>\n<figure id=\"attachment_4568\" aria-describedby=\"caption-attachment-4568\" style=\"width: 700px\" class=\"wp-caption aligncenter\"><img data-recalc-dims=\"1\" loading=\"lazy\" decoding=\"async\" data-attachment-id=\"4568\" data-permalink=\"https:\/\/le-fort.org\/cocina\/dia-del-noqui-una-vez-mas\/dorando\/\" data-orig-file=\"https:\/\/i0.wp.com\/le-fort.org\/cocina\/wp-content\/uploads\/2013\/07\/dorando.jpg?fit=700%2C490&amp;ssl=1\" data-orig-size=\"700,490\" data-comments-opened=\"0\" data-image-meta=\"{&quot;aperture&quot;:&quot;0&quot;,&quot;credit&quot;:&quot;&quot;,&quot;camera&quot;:&quot;&quot;,&quot;caption&quot;:&quot;&quot;,&quot;created_timestamp&quot;:&quot;0&quot;,&quot;copyright&quot;:&quot;&quot;,&quot;focal_length&quot;:&quot;0&quot;,&quot;iso&quot;:&quot;0&quot;,&quot;shutter_speed&quot;:&quot;0&quot;,&quot;title&quot;:&quot;&quot;,&quot;orientation&quot;:&quot;0&quot;}\" data-image-title=\"dorando\" data-image-description=\"\" data-image-caption=\"\" data-large-file=\"https:\/\/i0.wp.com\/le-fort.org\/cocina\/wp-content\/uploads\/2013\/07\/dorando.jpg?fit=700%2C490&amp;ssl=1\" class=\" wp-image-4568\" src=\"https:\/\/i0.wp.com\/www.le-fort.org\/wp-content\/uploads\/2013\/07\/dorando.jpg?resize=700%2C490&#038;ssl=1\" alt=\"dorando\" width=\"700\" height=\"490\" srcset=\"https:\/\/i0.wp.com\/le-fort.org\/cocina\/wp-content\/uploads\/2013\/07\/dorando.jpg?w=700&amp;ssl=1 700w, https:\/\/i0.wp.com\/le-fort.org\/cocina\/wp-content\/uploads\/2013\/07\/dorando.jpg?resize=600%2C420&amp;ssl=1 600w\" sizes=\"auto, (max-width: 700px) 100vw, 700px\" \/><figcaption id=\"caption-attachment-4568\" class=\"wp-caption-text\">\u00d1oquis dorados, por supuesto.<\/figcaption><\/figure>\n<figure id=\"attachment_4566\" aria-describedby=\"caption-attachment-4566\" style=\"width: 700px\" class=\"wp-caption aligncenter\"><img data-recalc-dims=\"1\" loading=\"lazy\" decoding=\"async\" data-attachment-id=\"4566\" data-permalink=\"https:\/\/le-fort.org\/cocina\/dia-del-noqui-una-vez-mas\/azafate\/\" data-orig-file=\"https:\/\/i0.wp.com\/le-fort.org\/cocina\/wp-content\/uploads\/2013\/07\/azafate.jpg?fit=700%2C490&amp;ssl=1\" data-orig-size=\"700,490\" data-comments-opened=\"0\" data-image-meta=\"{&quot;aperture&quot;:&quot;0&quot;,&quot;credit&quot;:&quot;&quot;,&quot;camera&quot;:&quot;&quot;,&quot;caption&quot;:&quot;&quot;,&quot;created_timestamp&quot;:&quot;0&quot;,&quot;copyright&quot;:&quot;&quot;,&quot;focal_length&quot;:&quot;0&quot;,&quot;iso&quot;:&quot;0&quot;,&quot;shutter_speed&quot;:&quot;0&quot;,&quot;title&quot;:&quot;&quot;,&quot;orientation&quot;:&quot;0&quot;}\" data-image-title=\"azafate\" data-image-description=\"\" data-image-caption=\"\" data-large-file=\"https:\/\/i0.wp.com\/le-fort.org\/cocina\/wp-content\/uploads\/2013\/07\/azafate.jpg?fit=700%2C490&amp;ssl=1\" class=\" wp-image-4566\" src=\"https:\/\/i0.wp.com\/www.le-fort.org\/wp-content\/uploads\/2013\/07\/azafate.jpg?resize=700%2C490&#038;ssl=1\" alt=\"azafate\" width=\"700\" height=\"490\" srcset=\"https:\/\/i0.wp.com\/le-fort.org\/cocina\/wp-content\/uploads\/2013\/07\/azafate.jpg?w=700&amp;ssl=1 700w, https:\/\/i0.wp.com\/le-fort.org\/cocina\/wp-content\/uploads\/2013\/07\/azafate.jpg?resize=600%2C420&amp;ssl=1 600w\" sizes=\"auto, (max-width: 700px) 100vw, 700px\" \/><figcaption id=\"caption-attachment-4566\" class=\"wp-caption-text\">Hicimos muchos \u00f1oquis. Claro: \u00e9ramos 8<\/figcaption><\/figure>\n<figure id=\"attachment_4570\" aria-describedby=\"caption-attachment-4570\" style=\"width: 700px\" class=\"wp-caption aligncenter\"><img data-recalc-dims=\"1\" loading=\"lazy\" decoding=\"async\" data-attachment-id=\"4570\" data-permalink=\"https:\/\/le-fort.org\/cocina\/dia-del-noqui-una-vez-mas\/listos\/\" data-orig-file=\"https:\/\/i0.wp.com\/le-fort.org\/cocina\/wp-content\/uploads\/2013\/07\/listos.jpg?fit=700%2C490&amp;ssl=1\" data-orig-size=\"700,490\" data-comments-opened=\"0\" data-image-meta=\"{&quot;aperture&quot;:&quot;0&quot;,&quot;credit&quot;:&quot;&quot;,&quot;camera&quot;:&quot;&quot;,&quot;caption&quot;:&quot;&quot;,&quot;created_timestamp&quot;:&quot;0&quot;,&quot;copyright&quot;:&quot;&quot;,&quot;focal_length&quot;:&quot;0&quot;,&quot;iso&quot;:&quot;0&quot;,&quot;shutter_speed&quot;:&quot;0&quot;,&quot;title&quot;:&quot;&quot;,&quot;orientation&quot;:&quot;0&quot;}\" data-image-title=\"listos\" data-image-description=\"\" data-image-caption=\"\" data-large-file=\"https:\/\/i0.wp.com\/le-fort.org\/cocina\/wp-content\/uploads\/2013\/07\/listos.jpg?fit=700%2C490&amp;ssl=1\" class=\" wp-image-4570\" src=\"https:\/\/i0.wp.com\/www.le-fort.org\/wp-content\/uploads\/2013\/07\/listos.jpg?resize=700%2C490&#038;ssl=1\" alt=\"listos\" width=\"700\" height=\"490\" srcset=\"https:\/\/i0.wp.com\/le-fort.org\/cocina\/wp-content\/uploads\/2013\/07\/listos.jpg?w=700&amp;ssl=1 700w, https:\/\/i0.wp.com\/le-fort.org\/cocina\/wp-content\/uploads\/2013\/07\/listos.jpg?resize=600%2C420&amp;ssl=1 600w\" sizes=\"auto, (max-width: 700px) 100vw, 700px\" \/><figcaption id=\"caption-attachment-4570\" class=\"wp-caption-text\">Por fin el plato servido. Vean el color de la salsa de tomates y curry de Diva.<\/figcaption><\/figure>\n<p style=\"text-align: left;\">[fin]<\/p>\n","protected":false},"excerpt":{"rendered":"<p>Almuerzo del d\u00eda del \u00f1oqui, con \u00f1oquis de zapallo  y papa y salsa picante de calamares, tomate y curry<\/p>\n","protected":false},"author":1,"featured_media":4571,"comment_status":"open","ping_status":"closed","sticky":false,"template":"","format":"standard","meta":{"_jetpack_newsletter_access":"","_jetpack_dont_email_post_to_subs":false,"_jetpack_newsletter_tier_id":0,"_jetpack_memberships_contains_paywalled_content":false,"_jetpack_memberships_contains_paid_content":false,"footnotes":""},"categories":[19],"tags":[16,76],"class_list":["post-4565","post","type-post","status-publish","format-standard","has-post-thumbnail","hentry","category-cocina-comida","tag-dia-del-noqui","tag-noqui","entry","has-media"],"jetpack_featured_media_url":"https:\/\/i0.wp.com\/le-fort.org\/cocina\/wp-content\/uploads\/2013\/07\/noqui-diva-hd.jpg?fit=1200%2C400&ssl=1","jetpack_shortlink":"https:\/\/wp.me\/pghKer-1bD","jetpack_sharing_enabled":true,"jetpack-related-posts":[{"id":8506,"url":"https:\/\/le-fort.org\/cocina\/noquis-harina-maiz\/","url_meta":{"origin":4565,"position":0},"title":"\u00d1oquis de Harina de Ma\u00edz","author":"Le-Fort.org","date":"29 de Julio, 2016","format":false,"excerpt":"Receta de \u00f1oquis de harina de ma\u00edz (la misma que se usa para hacer arepas). R\u00e1pidos, f\u00e1ciles y deliciosos.","rel":"","context":"En &quot;Recetas&quot;","block_context":{"text":"Recetas","link":"https:\/\/le-fort.org\/cocina\/categoria\/recetas\/"},"img":{"alt_text":"","src":"https:\/\/i0.wp.com\/le-fort.org\/cocina\/wp-content\/uploads\/2016\/07\/gnocchi-maiz-hd.jpg?fit=1200%2C400&ssl=1&resize=350%2C200","width":350,"height":200,"srcset":"https:\/\/i0.wp.com\/le-fort.org\/cocina\/wp-content\/uploads\/2016\/07\/gnocchi-maiz-hd.jpg?fit=1200%2C400&ssl=1&resize=350%2C200 1x, https:\/\/i0.wp.com\/le-fort.org\/cocina\/wp-content\/uploads\/2016\/07\/gnocchi-maiz-hd.jpg?fit=1200%2C400&ssl=1&resize=525%2C300 1.5x, https:\/\/i0.wp.com\/le-fort.org\/cocina\/wp-content\/uploads\/2016\/07\/gnocchi-maiz-hd.jpg?fit=1200%2C400&ssl=1&resize=700%2C400 2x, https:\/\/i0.wp.com\/le-fort.org\/cocina\/wp-content\/uploads\/2016\/07\/gnocchi-maiz-hd.jpg?fit=1200%2C400&ssl=1&resize=1050%2C600 3x"},"classes":[]},{"id":4859,"url":"https:\/\/le-fort.org\/cocina\/lasanoquiausa-lasana-noqui-causa-un-dia-con-muchas-efemerides\/","url_meta":{"origin":4565,"position":1},"title":"Lasa\u00f1oquiausa: Lasa\u00f1a+\u00d1oqui+Causa \u2013 Un d\u00eda con muchas efem\u00e9rides","author":"Le-Fort.org","date":"30 de Julio, 2013","format":false,"excerpt":"La lasa\u00f1oquiausa es un h\u00edbrido que intenta unir el d\u00eda del \u00f1oqui con el d\u00eda de la lasa\u00f1a, y de rebote constituye un gui\u00f1o al d\u00eda del Per\u00fa. S\u00f3lo se puede preparar los 29 de julio.","rel":"","context":"En &quot;Disquisiciones&quot;","block_context":{"text":"Disquisiciones","link":"https:\/\/le-fort.org\/cocina\/categoria\/disquisiciones\/"},"img":{"alt_text":"","src":"https:\/\/i0.wp.com\/le-fort.org\/cocina\/wp-content\/uploads\/2013\/07\/lasannoqui-hd.jpg?fit=1200%2C400&ssl=1&resize=350%2C200","width":350,"height":200,"srcset":"https:\/\/i0.wp.com\/le-fort.org\/cocina\/wp-content\/uploads\/2013\/07\/lasannoqui-hd.jpg?fit=1200%2C400&ssl=1&resize=350%2C200 1x, https:\/\/i0.wp.com\/le-fort.org\/cocina\/wp-content\/uploads\/2013\/07\/lasannoqui-hd.jpg?fit=1200%2C400&ssl=1&resize=525%2C300 1.5x, https:\/\/i0.wp.com\/le-fort.org\/cocina\/wp-content\/uploads\/2013\/07\/lasannoqui-hd.jpg?fit=1200%2C400&ssl=1&resize=700%2C400 2x, https:\/\/i0.wp.com\/le-fort.org\/cocina\/wp-content\/uploads\/2013\/07\/lasannoqui-hd.jpg?fit=1200%2C400&ssl=1&resize=1050%2C600 3x"},"classes":[]},{"id":1823,"url":"https:\/\/le-fort.org\/cocina\/dia-del-noqui\/","url_meta":{"origin":4565,"position":2},"title":"D\u00eda del \u00d1oqui: 29 de cada Mes","author":"Le-Fort.org","date":"29 de Abril, 2012","format":false,"excerpt":"Algunos comentarios sobre el d\u00eda del \u00f1oqui y su oportunista celebraci\u00f3n en nuestra casa.","rel":"","context":"En &quot;Comida&quot;","block_context":{"text":"Comida","link":"https:\/\/le-fort.org\/cocina\/categoria\/cocina-comida\/"},"img":{"alt_text":"","src":"https:\/\/i0.wp.com\/le-fort.org\/cocina\/wp-content\/uploads\/2012\/04\/hd1.jpg?fit=800%2C300&ssl=1&resize=350%2C200","width":350,"height":200,"srcset":"https:\/\/i0.wp.com\/le-fort.org\/cocina\/wp-content\/uploads\/2012\/04\/hd1.jpg?fit=800%2C300&ssl=1&resize=350%2C200 1x, https:\/\/i0.wp.com\/le-fort.org\/cocina\/wp-content\/uploads\/2012\/04\/hd1.jpg?fit=800%2C300&ssl=1&resize=525%2C300 1.5x, https:\/\/i0.wp.com\/le-fort.org\/cocina\/wp-content\/uploads\/2012\/04\/hd1.jpg?fit=800%2C300&ssl=1&resize=700%2C400 2x"},"classes":[]},{"id":8864,"url":"https:\/\/le-fort.org\/cocina\/noquis-con-manga-pastelera\/","url_meta":{"origin":4565,"position":3},"title":"\u00d1oquis con Manga Pastelera: M\u00e1s r\u00e1pidos y limpios","author":"Le-Fort.org","date":"31 de Octubre, 2016","format":false,"excerpt":"\u00d1oquis con manga pastelera: una mejor forma de preparar \u00f1oquis en casa.","rel":"","context":"En &quot;T\u00e9cnicas&quot;","block_context":{"text":"T\u00e9cnicas","link":"https:\/\/le-fort.org\/cocina\/categoria\/tecnicas\/"},"img":{"alt_text":"","src":"https:\/\/i0.wp.com\/le-fort.org\/cocina\/wp-content\/uploads\/2016\/10\/gnocchi-manga-hd.jpg?fit=1200%2C400&ssl=1&resize=350%2C200","width":350,"height":200,"srcset":"https:\/\/i0.wp.com\/le-fort.org\/cocina\/wp-content\/uploads\/2016\/10\/gnocchi-manga-hd.jpg?fit=1200%2C400&ssl=1&resize=350%2C200 1x, https:\/\/i0.wp.com\/le-fort.org\/cocina\/wp-content\/uploads\/2016\/10\/gnocchi-manga-hd.jpg?fit=1200%2C400&ssl=1&resize=525%2C300 1.5x, https:\/\/i0.wp.com\/le-fort.org\/cocina\/wp-content\/uploads\/2016\/10\/gnocchi-manga-hd.jpg?fit=1200%2C400&ssl=1&resize=700%2C400 2x, https:\/\/i0.wp.com\/le-fort.org\/cocina\/wp-content\/uploads\/2016\/10\/gnocchi-manga-hd.jpg?fit=1200%2C400&ssl=1&resize=1050%2C600 3x"},"classes":[]},{"id":10620,"url":"https:\/\/le-fort.org\/cocina\/babel-i-dia-del-noqui\/","url_meta":{"origin":4565,"position":4},"title":"Babel I: D\u00eda del \u00d1oqui","author":"Le-Fort.org","date":"29 de Junio, 2017","format":false,"excerpt":"Babel I: D\u00eda del \u00d1oqui. Tradici\u00f3n que guardamos intermitentemente desde hace a\u00f1os. Es un buen comienzo.","rel":"","context":"En &quot;Comida&quot;","block_context":{"text":"Comida","link":"https:\/\/le-fort.org\/cocina\/categoria\/cocina-comida\/"},"img":{"alt_text":"","src":"https:\/\/i0.wp.com\/le-fort.org\/cocina\/wp-content\/uploads\/2017\/12\/babel-grande.jpg?fit=1200%2C400&ssl=1&resize=350%2C200","width":350,"height":200,"srcset":"https:\/\/i0.wp.com\/le-fort.org\/cocina\/wp-content\/uploads\/2017\/12\/babel-grande.jpg?fit=1200%2C400&ssl=1&resize=350%2C200 1x, https:\/\/i0.wp.com\/le-fort.org\/cocina\/wp-content\/uploads\/2017\/12\/babel-grande.jpg?fit=1200%2C400&ssl=1&resize=525%2C300 1.5x, https:\/\/i0.wp.com\/le-fort.org\/cocina\/wp-content\/uploads\/2017\/12\/babel-grande.jpg?fit=1200%2C400&ssl=1&resize=700%2C400 2x, https:\/\/i0.wp.com\/le-fort.org\/cocina\/wp-content\/uploads\/2017\/12\/babel-grande.jpg?fit=1200%2C400&ssl=1&resize=1050%2C600 3x"},"classes":[]},{"id":3047,"url":"https:\/\/le-fort.org\/cocina\/noquis-de-camote-batata-morado-con-mantequilla-dorada\/","url_meta":{"origin":4565,"position":5},"title":"\u00d1oquis de Camote (Batata) Morado con Mantequilla Dorada","author":"Le-Fort.org","date":"29 de Enero, 2013","format":false,"excerpt":"Esta es una variaci\u00f3n del cl\u00e1sico \u00f1oqui de papa. \u00d1oquis de camote o batata morado con salsa de mantequilla dorada a la salvia.","rel":"","context":"En &quot;Comida&quot;","block_context":{"text":"Comida","link":"https:\/\/le-fort.org\/cocina\/categoria\/cocina-comida\/"},"img":{"alt_text":"","src":"https:\/\/i0.wp.com\/le-fort.org\/cocina\/wp-content\/uploads\/2013\/01\/head.jpg?fit=960%2C250&ssl=1&resize=350%2C200","width":350,"height":200,"srcset":"https:\/\/i0.wp.com\/le-fort.org\/cocina\/wp-content\/uploads\/2013\/01\/head.jpg?fit=960%2C250&ssl=1&resize=350%2C200 1x, https:\/\/i0.wp.com\/le-fort.org\/cocina\/wp-content\/uploads\/2013\/01\/head.jpg?fit=960%2C250&ssl=1&resize=525%2C300 1.5x, https:\/\/i0.wp.com\/le-fort.org\/cocina\/wp-content\/uploads\/2013\/01\/head.jpg?fit=960%2C250&ssl=1&resize=700%2C400 2x"},"classes":[]}],"_links":{"self":[{"href":"https:\/\/le-fort.org\/cocina\/wp-json\/wp\/v2\/posts\/4565","targetHints":{"allow":["GET"]}}],"collection":[{"href":"https:\/\/le-fort.org\/cocina\/wp-json\/wp\/v2\/posts"}],"about":[{"href":"https:\/\/le-fort.org\/cocina\/wp-json\/wp\/v2\/types\/post"}],"author":[{"embeddable":true,"href":"https:\/\/le-fort.org\/cocina\/wp-json\/wp\/v2\/users\/1"}],"replies":[{"embeddable":true,"href":"https:\/\/le-fort.org\/cocina\/wp-json\/wp\/v2\/comments?post=4565"}],"version-history":[{"count":0,"href":"https:\/\/le-fort.org\/cocina\/wp-json\/wp\/v2\/posts\/4565\/revisions"}],"wp:featuredmedia":[{"embeddable":true,"href":"https:\/\/le-fort.org\/cocina\/wp-json\/wp\/v2\/media\/4571"}],"wp:attachment":[{"href":"https:\/\/le-fort.org\/cocina\/wp-json\/wp\/v2\/media?parent=4565"}],"wp:term":[{"taxonomy":"category","embeddable":true,"href":"https:\/\/le-fort.org\/cocina\/wp-json\/wp\/v2\/categories?post=4565"},{"taxonomy":"post_tag","embeddable":true,"href":"https:\/\/le-fort.org\/cocina\/wp-json\/wp\/v2\/tags?post=4565"}],"curies":[{"name":"wp","href":"https:\/\/api.w.org\/{rel}","templated":true}]}}