{"id":4648,"date":"2013-07-08T13:41:27","date_gmt":"2013-07-08T18:41:27","guid":{"rendered":"http:\/\/www.loquecomemos.com\/?p=4648"},"modified":"2021-12-17T19:23:13","modified_gmt":"2021-12-18T00:23:13","slug":"pie-de-parchita-o-maracuya-o-fruta-de-la-pasion","status":"publish","type":"post","link":"https:\/\/le-fort.org\/cocina\/pie-de-parchita-o-maracuya-o-fruta-de-la-pasion\/","title":{"rendered":"Pie de Parchita o Maracuy\u00e1 o Fruta de la Pasi\u00f3n"},"content":{"rendered":"<p><img data-recalc-dims=\"1\" loading=\"lazy\" decoding=\"async\" data-attachment-id=\"4660\" data-permalink=\"https:\/\/le-fort.org\/cocina\/pie-de-parchita-o-maracuya-o-fruta-de-la-pasion\/tajada\/\" data-orig-file=\"https:\/\/i0.wp.com\/le-fort.org\/cocina\/wp-content\/uploads\/2013\/07\/tajada.jpg?fit=700%2C490&amp;ssl=1\" data-orig-size=\"700,490\" data-comments-opened=\"0\" data-image-meta=\"{&quot;aperture&quot;:&quot;0&quot;,&quot;credit&quot;:&quot;&quot;,&quot;camera&quot;:&quot;&quot;,&quot;caption&quot;:&quot;&quot;,&quot;created_timestamp&quot;:&quot;0&quot;,&quot;copyright&quot;:&quot;&quot;,&quot;focal_length&quot;:&quot;0&quot;,&quot;iso&quot;:&quot;0&quot;,&quot;shutter_speed&quot;:&quot;0&quot;,&quot;title&quot;:&quot;&quot;,&quot;orientation&quot;:&quot;0&quot;}\" data-image-title=\"tajada\" data-image-description=\"\" data-image-caption=\"\" data-large-file=\"https:\/\/i0.wp.com\/le-fort.org\/cocina\/wp-content\/uploads\/2013\/07\/tajada.jpg?fit=700%2C490&amp;ssl=1\" class=\"alignright size-thumbnail wp-image-4660\" alt=\"tajada\" src=\"https:\/\/i0.wp.com\/www.le-fort.org\/wp-content\/uploads\/2013\/07\/tajada-150x150.jpg?resize=150%2C150&#038;ssl=1\" width=\"150\" height=\"150\" srcset=\"https:\/\/i0.wp.com\/le-fort.org\/cocina\/wp-content\/uploads\/2013\/07\/tajada.jpg?resize=150%2C150&amp;ssl=1 150w, https:\/\/i0.wp.com\/le-fort.org\/cocina\/wp-content\/uploads\/2013\/07\/tajada.jpg?zoom=2&amp;resize=150%2C150&amp;ssl=1 300w, https:\/\/i0.wp.com\/le-fort.org\/cocina\/wp-content\/uploads\/2013\/07\/tajada.jpg?zoom=3&amp;resize=150%2C150&amp;ssl=1 450w\" sizes=\"auto, (max-width: 150px) 100vw, 150px\" \/>Este <strong>pie de parchita<\/strong> nos lleg\u00f3 en forma indirecta. Hab\u00edan buscadores que llegaban al <a title=\"Pie de Lim\u00f3n\" href=\"https:\/\/www.loquecomemos.com\/pie-de-limon\/\">pie de lim\u00f3n<\/a> buscando <strong>pie de parchita<\/strong>, especialmente <strong>pie de parchita sin horno<\/strong>, y nos pic\u00f3 la curiosidad. Eso s\u00ed, lo hicimos con masa horneada y relleno no horneado. El relleno fue una variaci\u00f3n de la <a title=\"Receta de Lemon Curd, o cuajada de lim\u00f3n\" href=\"https:\/\/www.loquecomemos.com\/receta-de-lemon-curd-o-cuajada-de-limon\/\">cuajada de lim\u00f3n<\/a>, con maracuy\u00e1 y queso crema, para darle un poco de untuosidad.<!--more--><\/p>\n<p><span style=\"line-height: 1.714285714; font-size: 1rem;\">Qued\u00f3 harto bueno.<\/span><\/p>\n<figure id=\"attachment_4658\" aria-describedby=\"caption-attachment-4658\" style=\"width: 700px\" class=\"wp-caption aligncenter\"><img data-recalc-dims=\"1\" loading=\"lazy\" decoding=\"async\" data-attachment-id=\"4658\" data-permalink=\"https:\/\/le-fort.org\/cocina\/pie-de-parchita-o-maracuya-o-fruta-de-la-pasion\/pie-listo\/\" data-orig-file=\"https:\/\/i0.wp.com\/le-fort.org\/cocina\/wp-content\/uploads\/2013\/07\/pie-listo.jpg?fit=700%2C490&amp;ssl=1\" data-orig-size=\"700,490\" data-comments-opened=\"0\" data-image-meta=\"{&quot;aperture&quot;:&quot;0&quot;,&quot;credit&quot;:&quot;&quot;,&quot;camera&quot;:&quot;&quot;,&quot;caption&quot;:&quot;&quot;,&quot;created_timestamp&quot;:&quot;0&quot;,&quot;copyright&quot;:&quot;&quot;,&quot;focal_length&quot;:&quot;0&quot;,&quot;iso&quot;:&quot;0&quot;,&quot;shutter_speed&quot;:&quot;0&quot;,&quot;title&quot;:&quot;&quot;,&quot;orientation&quot;:&quot;0&quot;}\" data-image-title=\"pie-listo\" data-image-description=\"\" data-image-caption=\"&lt;p&gt;Pie de Parchita o de Maracuy\u00e1, que es lo mismo.&lt;\/p&gt;\n\" data-large-file=\"https:\/\/i0.wp.com\/le-fort.org\/cocina\/wp-content\/uploads\/2013\/07\/pie-listo.jpg?fit=700%2C490&amp;ssl=1\" class=\"size-full wp-image-4658\" alt=\"Pie de Parchita o de Maracuy\u00e1, que es lo mismo.\" src=\"https:\/\/i0.wp.com\/www.le-fort.org\/wp-content\/uploads\/2013\/07\/pie-listo.jpg?resize=700%2C490&#038;ssl=1\" width=\"700\" height=\"490\" srcset=\"https:\/\/i0.wp.com\/le-fort.org\/cocina\/wp-content\/uploads\/2013\/07\/pie-listo.jpg?w=700&amp;ssl=1 700w, https:\/\/i0.wp.com\/le-fort.org\/cocina\/wp-content\/uploads\/2013\/07\/pie-listo.jpg?resize=600%2C420&amp;ssl=1 600w\" sizes=\"auto, (max-width: 700px) 100vw, 700px\" \/><figcaption id=\"caption-attachment-4658\" class=\"wp-caption-text\">Pie de Parchita o de Maracuy\u00e1, que es lo mismo.<\/figcaption><\/figure>\n<p>La masa fue una masa quebrada.<\/p>\n<p><a href=\"https:\/\/i0.wp.com\/le-fort.org\/wp-content\/uploads\/2013\/07\/masa1.jpg?ssl=1\"><img data-recalc-dims=\"1\" loading=\"lazy\" decoding=\"async\" data-attachment-id=\"4656\" data-permalink=\"https:\/\/le-fort.org\/cocina\/pie-de-parchita-o-maracuya-o-fruta-de-la-pasion\/masa-3\/\" data-orig-file=\"https:\/\/i0.wp.com\/le-fort.org\/cocina\/wp-content\/uploads\/2013\/07\/masa1.jpg?fit=700%2C490&amp;ssl=1\" data-orig-size=\"700,490\" data-comments-opened=\"0\" data-image-meta=\"{&quot;aperture&quot;:&quot;0&quot;,&quot;credit&quot;:&quot;&quot;,&quot;camera&quot;:&quot;&quot;,&quot;caption&quot;:&quot;&quot;,&quot;created_timestamp&quot;:&quot;0&quot;,&quot;copyright&quot;:&quot;&quot;,&quot;focal_length&quot;:&quot;0&quot;,&quot;iso&quot;:&quot;0&quot;,&quot;shutter_speed&quot;:&quot;0&quot;,&quot;title&quot;:&quot;&quot;,&quot;orientation&quot;:&quot;0&quot;}\" data-image-title=\"masa\" data-image-description=\"\" data-image-caption=\"\" data-large-file=\"https:\/\/i0.wp.com\/le-fort.org\/cocina\/wp-content\/uploads\/2013\/07\/masa1.jpg?fit=700%2C490&amp;ssl=1\" class=\"aligncenter size-full wp-image-4656\" alt=\"masa\" src=\"https:\/\/i0.wp.com\/www.le-fort.org\/wp-content\/uploads\/2013\/07\/masa1.jpg?resize=700%2C490&#038;ssl=1\" width=\"700\" height=\"490\" srcset=\"https:\/\/i0.wp.com\/le-fort.org\/cocina\/wp-content\/uploads\/2013\/07\/masa1.jpg?w=700&amp;ssl=1 700w, https:\/\/i0.wp.com\/le-fort.org\/cocina\/wp-content\/uploads\/2013\/07\/masa1.jpg?resize=600%2C420&amp;ssl=1 600w\" sizes=\"auto, (max-width: 700px) 100vw, 700px\" \/><\/a><\/p>\n<p>El relleno \u2013que no requiere horno\u2013 fue m\u00e1s o menos as\u00ed.<\/p>\n<figure id=\"attachment_4653\" aria-describedby=\"caption-attachment-4653\" style=\"width: 700px\" class=\"wp-caption aligncenter\"><img data-recalc-dims=\"1\" loading=\"lazy\" decoding=\"async\" data-attachment-id=\"4653\" data-permalink=\"https:\/\/le-fort.org\/cocina\/pie-de-parchita-o-maracuya-o-fruta-de-la-pasion\/mantequilla-azucar\/\" data-orig-file=\"https:\/\/i0.wp.com\/le-fort.org\/cocina\/wp-content\/uploads\/2013\/07\/mantequilla-azucar.jpg?fit=700%2C490&amp;ssl=1\" data-orig-size=\"700,490\" data-comments-opened=\"0\" data-image-meta=\"{&quot;aperture&quot;:&quot;0&quot;,&quot;credit&quot;:&quot;&quot;,&quot;camera&quot;:&quot;&quot;,&quot;caption&quot;:&quot;&quot;,&quot;created_timestamp&quot;:&quot;0&quot;,&quot;copyright&quot;:&quot;&quot;,&quot;focal_length&quot;:&quot;0&quot;,&quot;iso&quot;:&quot;0&quot;,&quot;shutter_speed&quot;:&quot;0&quot;,&quot;title&quot;:&quot;&quot;,&quot;orientation&quot;:&quot;0&quot;}\" data-image-title=\"mantequilla-azucar\" data-image-description=\"\" data-image-caption=\"\" data-large-file=\"https:\/\/i0.wp.com\/le-fort.org\/cocina\/wp-content\/uploads\/2013\/07\/mantequilla-azucar.jpg?fit=700%2C490&amp;ssl=1\" class=\" wp-image-4653\" alt=\"mantequilla-azucar\" src=\"https:\/\/i0.wp.com\/www.le-fort.org\/wp-content\/uploads\/2013\/07\/mantequilla-azucar.jpg?resize=700%2C490&#038;ssl=1\" width=\"700\" height=\"490\" srcset=\"https:\/\/i0.wp.com\/le-fort.org\/cocina\/wp-content\/uploads\/2013\/07\/mantequilla-azucar.jpg?w=700&amp;ssl=1 700w, https:\/\/i0.wp.com\/le-fort.org\/cocina\/wp-content\/uploads\/2013\/07\/mantequilla-azucar.jpg?resize=600%2C420&amp;ssl=1 600w\" sizes=\"auto, (max-width: 700px) 100vw, 700px\" \/><figcaption id=\"caption-attachment-4653\" class=\"wp-caption-text\">1\/2 taza de az\u00facar y 125 gramos de mantequilla<\/figcaption><\/figure>\n<figure id=\"attachment_4654\" aria-describedby=\"caption-attachment-4654\" style=\"width: 700px\" class=\"wp-caption aligncenter\"><img data-recalc-dims=\"1\" loading=\"lazy\" decoding=\"async\" data-attachment-id=\"4654\" data-permalink=\"https:\/\/le-fort.org\/cocina\/pie-de-parchita-o-maracuya-o-fruta-de-la-pasion\/mantequilla-batidora\/\" data-orig-file=\"https:\/\/i0.wp.com\/le-fort.org\/cocina\/wp-content\/uploads\/2013\/07\/mantequilla-batidora.jpg?fit=700%2C490&amp;ssl=1\" data-orig-size=\"700,490\" data-comments-opened=\"0\" data-image-meta=\"{&quot;aperture&quot;:&quot;0&quot;,&quot;credit&quot;:&quot;&quot;,&quot;camera&quot;:&quot;&quot;,&quot;caption&quot;:&quot;&quot;,&quot;created_timestamp&quot;:&quot;0&quot;,&quot;copyright&quot;:&quot;&quot;,&quot;focal_length&quot;:&quot;0&quot;,&quot;iso&quot;:&quot;0&quot;,&quot;shutter_speed&quot;:&quot;0&quot;,&quot;title&quot;:&quot;&quot;,&quot;orientation&quot;:&quot;0&quot;}\" data-image-title=\"mantequilla-batidora\" data-image-description=\"\" data-image-caption=\"\" data-large-file=\"https:\/\/i0.wp.com\/le-fort.org\/cocina\/wp-content\/uploads\/2013\/07\/mantequilla-batidora.jpg?fit=700%2C490&amp;ssl=1\" class=\" wp-image-4654\" alt=\"mantequilla-batidora\" src=\"https:\/\/i0.wp.com\/www.le-fort.org\/wp-content\/uploads\/2013\/07\/mantequilla-batidora.jpg?resize=700%2C490&#038;ssl=1\" width=\"700\" height=\"490\" srcset=\"https:\/\/i0.wp.com\/le-fort.org\/cocina\/wp-content\/uploads\/2013\/07\/mantequilla-batidora.jpg?w=700&amp;ssl=1 700w, https:\/\/i0.wp.com\/le-fort.org\/cocina\/wp-content\/uploads\/2013\/07\/mantequilla-batidora.jpg?resize=600%2C420&amp;ssl=1 600w\" sizes=\"auto, (max-width: 700px) 100vw, 700px\" \/><figcaption id=\"caption-attachment-4654\" class=\"wp-caption-text\">Derritiendo a ba\u00f1o mar\u00eda<\/figcaption><\/figure>\n<figure id=\"attachment_4651\" aria-describedby=\"caption-attachment-4651\" style=\"width: 700px\" class=\"wp-caption aligncenter\"><img data-recalc-dims=\"1\" loading=\"lazy\" decoding=\"async\" data-attachment-id=\"4651\" data-permalink=\"https:\/\/le-fort.org\/cocina\/pie-de-parchita-o-maracuya-o-fruta-de-la-pasion\/huevos\/\" data-orig-file=\"https:\/\/i0.wp.com\/le-fort.org\/cocina\/wp-content\/uploads\/2013\/07\/huevos.jpg?fit=700%2C490&amp;ssl=1\" data-orig-size=\"700,490\" data-comments-opened=\"0\" data-image-meta=\"{&quot;aperture&quot;:&quot;0&quot;,&quot;credit&quot;:&quot;&quot;,&quot;camera&quot;:&quot;&quot;,&quot;caption&quot;:&quot;&quot;,&quot;created_timestamp&quot;:&quot;0&quot;,&quot;copyright&quot;:&quot;&quot;,&quot;focal_length&quot;:&quot;0&quot;,&quot;iso&quot;:&quot;0&quot;,&quot;shutter_speed&quot;:&quot;0&quot;,&quot;title&quot;:&quot;&quot;,&quot;orientation&quot;:&quot;0&quot;}\" data-image-title=\"huevos\" data-image-description=\"\" data-image-caption=\"\" data-large-file=\"https:\/\/i0.wp.com\/le-fort.org\/cocina\/wp-content\/uploads\/2013\/07\/huevos.jpg?fit=700%2C490&amp;ssl=1\" class=\" wp-image-4651\" alt=\"huevos\" src=\"https:\/\/i0.wp.com\/www.le-fort.org\/wp-content\/uploads\/2013\/07\/huevos.jpg?resize=700%2C490&#038;ssl=1\" width=\"700\" height=\"490\" srcset=\"https:\/\/i0.wp.com\/le-fort.org\/cocina\/wp-content\/uploads\/2013\/07\/huevos.jpg?w=700&amp;ssl=1 700w, https:\/\/i0.wp.com\/le-fort.org\/cocina\/wp-content\/uploads\/2013\/07\/huevos.jpg?resize=600%2C420&amp;ssl=1 600w\" sizes=\"auto, (max-width: 700px) 100vw, 700px\" \/><figcaption id=\"caption-attachment-4651\" class=\"wp-caption-text\">Tres huevos batidos<\/figcaption><\/figure>\n<figure id=\"attachment_4652\" aria-describedby=\"caption-attachment-4652\" style=\"width: 700px\" class=\"wp-caption aligncenter\"><img data-recalc-dims=\"1\" loading=\"lazy\" decoding=\"async\" data-attachment-id=\"4652\" data-permalink=\"https:\/\/le-fort.org\/cocina\/pie-de-parchita-o-maracuya-o-fruta-de-la-pasion\/limones\/\" data-orig-file=\"https:\/\/i0.wp.com\/le-fort.org\/cocina\/wp-content\/uploads\/2013\/07\/limones.jpg?fit=700%2C490&amp;ssl=1\" data-orig-size=\"700,490\" data-comments-opened=\"0\" data-image-meta=\"{&quot;aperture&quot;:&quot;0&quot;,&quot;credit&quot;:&quot;&quot;,&quot;camera&quot;:&quot;&quot;,&quot;caption&quot;:&quot;&quot;,&quot;created_timestamp&quot;:&quot;0&quot;,&quot;copyright&quot;:&quot;&quot;,&quot;focal_length&quot;:&quot;0&quot;,&quot;iso&quot;:&quot;0&quot;,&quot;shutter_speed&quot;:&quot;0&quot;,&quot;title&quot;:&quot;&quot;,&quot;orientation&quot;:&quot;0&quot;}\" data-image-title=\"limones\" data-image-description=\"\" data-image-caption=\"\" data-large-file=\"https:\/\/i0.wp.com\/le-fort.org\/cocina\/wp-content\/uploads\/2013\/07\/limones.jpg?fit=700%2C490&amp;ssl=1\" class=\" wp-image-4652\" alt=\"limones\" src=\"https:\/\/i0.wp.com\/www.le-fort.org\/wp-content\/uploads\/2013\/07\/limones.jpg?resize=700%2C490&#038;ssl=1\" width=\"700\" height=\"490\" srcset=\"https:\/\/i0.wp.com\/le-fort.org\/cocina\/wp-content\/uploads\/2013\/07\/limones.jpg?w=700&amp;ssl=1 700w, https:\/\/i0.wp.com\/le-fort.org\/cocina\/wp-content\/uploads\/2013\/07\/limones.jpg?resize=600%2C420&amp;ssl=1 600w\" sizes=\"auto, (max-width: 700px) 100vw, 700px\" \/><figcaption id=\"caption-attachment-4652\" class=\"wp-caption-text\">El jugo de un lim\u00f3n<\/figcaption><\/figure>\n<figure id=\"attachment_4655\" aria-describedby=\"caption-attachment-4655\" style=\"width: 700px\" class=\"wp-caption aligncenter\"><img data-recalc-dims=\"1\" loading=\"lazy\" decoding=\"async\" data-attachment-id=\"4655\" data-permalink=\"https:\/\/le-fort.org\/cocina\/pie-de-parchita-o-maracuya-o-fruta-de-la-pasion\/maracuya-parchita\/\" data-orig-file=\"https:\/\/i0.wp.com\/le-fort.org\/cocina\/wp-content\/uploads\/2013\/07\/maracuya-parchita.jpg?fit=700%2C490&amp;ssl=1\" data-orig-size=\"700,490\" data-comments-opened=\"0\" data-image-meta=\"{&quot;aperture&quot;:&quot;0&quot;,&quot;credit&quot;:&quot;&quot;,&quot;camera&quot;:&quot;&quot;,&quot;caption&quot;:&quot;&quot;,&quot;created_timestamp&quot;:&quot;0&quot;,&quot;copyright&quot;:&quot;&quot;,&quot;focal_length&quot;:&quot;0&quot;,&quot;iso&quot;:&quot;0&quot;,&quot;shutter_speed&quot;:&quot;0&quot;,&quot;title&quot;:&quot;&quot;,&quot;orientation&quot;:&quot;0&quot;}\" data-image-title=\"maracuya-parchita\" data-image-description=\"\" data-image-caption=\"\" data-large-file=\"https:\/\/i0.wp.com\/le-fort.org\/cocina\/wp-content\/uploads\/2013\/07\/maracuya-parchita.jpg?fit=700%2C490&amp;ssl=1\" class=\" wp-image-4655\" alt=\"maracuya-parchita\" src=\"https:\/\/i0.wp.com\/www.le-fort.org\/wp-content\/uploads\/2013\/07\/maracuya-parchita.jpg?resize=700%2C490&#038;ssl=1\" width=\"700\" height=\"490\" srcset=\"https:\/\/i0.wp.com\/le-fort.org\/cocina\/wp-content\/uploads\/2013\/07\/maracuya-parchita.jpg?w=700&amp;ssl=1 700w, https:\/\/i0.wp.com\/le-fort.org\/cocina\/wp-content\/uploads\/2013\/07\/maracuya-parchita.jpg?resize=600%2C420&amp;ssl=1 600w\" sizes=\"auto, (max-width: 700px) 100vw, 700px\" \/><figcaption id=\"caption-attachment-4655\" class=\"wp-caption-text\">La pulpa de tres maracuy\u00e1 (o parchitas) con semillas. Nos gusta esa cosa crocante que le dan al pie.<\/figcaption><\/figure>\n<figure id=\"attachment_4649\" aria-describedby=\"caption-attachment-4649\" style=\"width: 700px\" class=\"wp-caption aligncenter\"><img data-recalc-dims=\"1\" loading=\"lazy\" decoding=\"async\" data-attachment-id=\"4649\" data-permalink=\"https:\/\/le-fort.org\/cocina\/pie-de-parchita-o-maracuya-o-fruta-de-la-pasion\/batiendo\/\" data-orig-file=\"https:\/\/i0.wp.com\/le-fort.org\/cocina\/wp-content\/uploads\/2013\/07\/batiendo.jpg?fit=700%2C490&amp;ssl=1\" data-orig-size=\"700,490\" data-comments-opened=\"0\" data-image-meta=\"{&quot;aperture&quot;:&quot;0&quot;,&quot;credit&quot;:&quot;&quot;,&quot;camera&quot;:&quot;&quot;,&quot;caption&quot;:&quot;&quot;,&quot;created_timestamp&quot;:&quot;0&quot;,&quot;copyright&quot;:&quot;&quot;,&quot;focal_length&quot;:&quot;0&quot;,&quot;iso&quot;:&quot;0&quot;,&quot;shutter_speed&quot;:&quot;0&quot;,&quot;title&quot;:&quot;&quot;,&quot;orientation&quot;:&quot;0&quot;}\" data-image-title=\"batiendo\" data-image-description=\"\" data-image-caption=\"\" data-large-file=\"https:\/\/i0.wp.com\/le-fort.org\/cocina\/wp-content\/uploads\/2013\/07\/batiendo.jpg?fit=700%2C490&amp;ssl=1\" class=\" wp-image-4649\" alt=\"batiendo\" src=\"https:\/\/i0.wp.com\/www.le-fort.org\/wp-content\/uploads\/2013\/07\/batiendo.jpg?resize=700%2C490&#038;ssl=1\" width=\"700\" height=\"490\" srcset=\"https:\/\/i0.wp.com\/le-fort.org\/cocina\/wp-content\/uploads\/2013\/07\/batiendo.jpg?w=700&amp;ssl=1 700w, https:\/\/i0.wp.com\/le-fort.org\/cocina\/wp-content\/uploads\/2013\/07\/batiendo.jpg?resize=600%2C420&amp;ssl=1 600w\" sizes=\"auto, (max-width: 700px) 100vw, 700px\" \/><figcaption id=\"caption-attachment-4649\" class=\"wp-caption-text\">Batimos todo, incorporando media taza de queso crema.<\/figcaption><\/figure>\n<p>Ahora batimos la crema a ba\u00f1o Mar\u00eda unos 10 minutos hasta que los huevos se cocinen y la crema espese. Cuando eso sucede, estamos listos para rellenar el pie.<\/p>\n<figure id=\"attachment_4650\" aria-describedby=\"caption-attachment-4650\" style=\"width: 700px\" class=\"wp-caption aligncenter\"><img data-recalc-dims=\"1\" loading=\"lazy\" decoding=\"async\" data-attachment-id=\"4650\" data-permalink=\"https:\/\/le-fort.org\/cocina\/pie-de-parchita-o-maracuya-o-fruta-de-la-pasion\/crema-dentro\/\" data-orig-file=\"https:\/\/i0.wp.com\/le-fort.org\/cocina\/wp-content\/uploads\/2013\/07\/crema-dentro.jpg?fit=700%2C490&amp;ssl=1\" data-orig-size=\"700,490\" data-comments-opened=\"0\" data-image-meta=\"{&quot;aperture&quot;:&quot;0&quot;,&quot;credit&quot;:&quot;&quot;,&quot;camera&quot;:&quot;&quot;,&quot;caption&quot;:&quot;&quot;,&quot;created_timestamp&quot;:&quot;0&quot;,&quot;copyright&quot;:&quot;&quot;,&quot;focal_length&quot;:&quot;0&quot;,&quot;iso&quot;:&quot;0&quot;,&quot;shutter_speed&quot;:&quot;0&quot;,&quot;title&quot;:&quot;&quot;,&quot;orientation&quot;:&quot;0&quot;}\" data-image-title=\"crema-dentro\" data-image-description=\"\" data-image-caption=\"\" data-large-file=\"https:\/\/i0.wp.com\/le-fort.org\/cocina\/wp-content\/uploads\/2013\/07\/crema-dentro.jpg?fit=700%2C490&amp;ssl=1\" class=\" wp-image-4650\" alt=\"crema-dentro\" src=\"https:\/\/i0.wp.com\/www.le-fort.org\/wp-content\/uploads\/2013\/07\/crema-dentro.jpg?resize=700%2C490&#038;ssl=1\" width=\"700\" height=\"490\" srcset=\"https:\/\/i0.wp.com\/le-fort.org\/cocina\/wp-content\/uploads\/2013\/07\/crema-dentro.jpg?w=700&amp;ssl=1 700w, https:\/\/i0.wp.com\/le-fort.org\/cocina\/wp-content\/uploads\/2013\/07\/crema-dentro.jpg?resize=600%2C420&amp;ssl=1 600w\" sizes=\"auto, (max-width: 700px) 100vw, 700px\" \/><figcaption id=\"caption-attachment-4650\" class=\"wp-caption-text\">Una vez que la crema espesa al ba\u00f1o maria, la vertemos sobre la masa ya horneada.<\/figcaption><\/figure>\n<figure id=\"attachment_4659\" aria-describedby=\"caption-attachment-4659\" style=\"width: 700px\" class=\"wp-caption aligncenter\"><img data-recalc-dims=\"1\" loading=\"lazy\" decoding=\"async\" data-attachment-id=\"4659\" data-permalink=\"https:\/\/le-fort.org\/cocina\/pie-de-parchita-o-maracuya-o-fruta-de-la-pasion\/sacado-del-horno\/\" data-orig-file=\"https:\/\/i0.wp.com\/le-fort.org\/cocina\/wp-content\/uploads\/2013\/07\/sacado-del-horno.jpg?fit=700%2C490&amp;ssl=1\" data-orig-size=\"700,490\" data-comments-opened=\"0\" data-image-meta=\"{&quot;aperture&quot;:&quot;0&quot;,&quot;credit&quot;:&quot;&quot;,&quot;camera&quot;:&quot;&quot;,&quot;caption&quot;:&quot;&quot;,&quot;created_timestamp&quot;:&quot;0&quot;,&quot;copyright&quot;:&quot;&quot;,&quot;focal_length&quot;:&quot;0&quot;,&quot;iso&quot;:&quot;0&quot;,&quot;shutter_speed&quot;:&quot;0&quot;,&quot;title&quot;:&quot;&quot;,&quot;orientation&quot;:&quot;0&quot;}\" data-image-title=\"sacado-del-horno\" data-image-description=\"\" data-image-caption=\"\" data-large-file=\"https:\/\/i0.wp.com\/le-fort.org\/cocina\/wp-content\/uploads\/2013\/07\/sacado-del-horno.jpg?fit=700%2C490&amp;ssl=1\" class=\" wp-image-4659\" alt=\"sacado-del-horno\" src=\"https:\/\/i0.wp.com\/www.le-fort.org\/wp-content\/uploads\/2013\/07\/sacado-del-horno.jpg?resize=700%2C490&#038;ssl=1\" width=\"700\" height=\"490\" srcset=\"https:\/\/i0.wp.com\/le-fort.org\/cocina\/wp-content\/uploads\/2013\/07\/sacado-del-horno.jpg?w=700&amp;ssl=1 700w, https:\/\/i0.wp.com\/le-fort.org\/cocina\/wp-content\/uploads\/2013\/07\/sacado-del-horno.jpg?resize=600%2C420&amp;ssl=1 600w\" sizes=\"auto, (max-width: 700px) 100vw, 700px\" \/><figcaption id=\"caption-attachment-4659\" class=\"wp-caption-text\">Opcionalmente se puede gratinar. No es necesario, pero queda bien.<\/figcaption><\/figure>\n<p style=\"text-align: left;\">Y esa es la historia de la preparaci\u00f3n del pie.<\/p>\n<p style=\"text-align: left;\">Ahora viene la parte dif\u00edcil que es esperar que se enfr\u00ede.<\/p>\n<figure id=\"attachment_4658\" aria-describedby=\"caption-attachment-4658\" style=\"width: 700px\" class=\"wp-caption aligncenter\"><a href=\"https:\/\/i0.wp.com\/le-fort.org\/wp-content\/uploads\/2013\/07\/pie-listo.jpg?ssl=1\"><img data-recalc-dims=\"1\" loading=\"lazy\" decoding=\"async\" data-attachment-id=\"4658\" data-permalink=\"https:\/\/le-fort.org\/cocina\/pie-de-parchita-o-maracuya-o-fruta-de-la-pasion\/pie-listo\/\" data-orig-file=\"https:\/\/i0.wp.com\/le-fort.org\/cocina\/wp-content\/uploads\/2013\/07\/pie-listo.jpg?fit=700%2C490&amp;ssl=1\" data-orig-size=\"700,490\" data-comments-opened=\"0\" data-image-meta=\"{&quot;aperture&quot;:&quot;0&quot;,&quot;credit&quot;:&quot;&quot;,&quot;camera&quot;:&quot;&quot;,&quot;caption&quot;:&quot;&quot;,&quot;created_timestamp&quot;:&quot;0&quot;,&quot;copyright&quot;:&quot;&quot;,&quot;focal_length&quot;:&quot;0&quot;,&quot;iso&quot;:&quot;0&quot;,&quot;shutter_speed&quot;:&quot;0&quot;,&quot;title&quot;:&quot;&quot;,&quot;orientation&quot;:&quot;0&quot;}\" data-image-title=\"pie-listo\" data-image-description=\"\" data-image-caption=\"&lt;p&gt;Pie de Parchita o de Maracuy\u00e1, que es lo mismo.&lt;\/p&gt;\n\" data-large-file=\"https:\/\/i0.wp.com\/le-fort.org\/cocina\/wp-content\/uploads\/2013\/07\/pie-listo.jpg?fit=700%2C490&amp;ssl=1\" class=\"size-full wp-image-4658\" alt=\"Pie de Parchita o de Maracuy\u00e1, que es lo mismo.\" src=\"https:\/\/i0.wp.com\/www.le-fort.org\/wp-content\/uploads\/2013\/07\/pie-listo.jpg?resize=700%2C490&#038;ssl=1\" width=\"700\" height=\"490\" srcset=\"https:\/\/i0.wp.com\/le-fort.org\/cocina\/wp-content\/uploads\/2013\/07\/pie-listo.jpg?w=700&amp;ssl=1 700w, https:\/\/i0.wp.com\/le-fort.org\/cocina\/wp-content\/uploads\/2013\/07\/pie-listo.jpg?resize=600%2C420&amp;ssl=1 600w\" sizes=\"auto, (max-width: 700px) 100vw, 700px\" \/><\/a><figcaption id=\"caption-attachment-4658\" class=\"wp-caption-text\">Foto mientras el pie se enfr\u00eda.<\/figcaption><\/figure>\n<figure id=\"attachment_4660\" aria-describedby=\"caption-attachment-4660\" style=\"width: 700px\" class=\"wp-caption aligncenter\"><img data-recalc-dims=\"1\" loading=\"lazy\" decoding=\"async\" data-attachment-id=\"4660\" data-permalink=\"https:\/\/le-fort.org\/cocina\/pie-de-parchita-o-maracuya-o-fruta-de-la-pasion\/tajada\/\" data-orig-file=\"https:\/\/i0.wp.com\/le-fort.org\/cocina\/wp-content\/uploads\/2013\/07\/tajada.jpg?fit=700%2C490&amp;ssl=1\" data-orig-size=\"700,490\" data-comments-opened=\"0\" data-image-meta=\"{&quot;aperture&quot;:&quot;0&quot;,&quot;credit&quot;:&quot;&quot;,&quot;camera&quot;:&quot;&quot;,&quot;caption&quot;:&quot;&quot;,&quot;created_timestamp&quot;:&quot;0&quot;,&quot;copyright&quot;:&quot;&quot;,&quot;focal_length&quot;:&quot;0&quot;,&quot;iso&quot;:&quot;0&quot;,&quot;shutter_speed&quot;:&quot;0&quot;,&quot;title&quot;:&quot;&quot;,&quot;orientation&quot;:&quot;0&quot;}\" data-image-title=\"tajada\" data-image-description=\"\" data-image-caption=\"\" data-large-file=\"https:\/\/i0.wp.com\/le-fort.org\/cocina\/wp-content\/uploads\/2013\/07\/tajada.jpg?fit=700%2C490&amp;ssl=1\" class=\" wp-image-4660\" alt=\"tajada\" src=\"https:\/\/i0.wp.com\/www.le-fort.org\/wp-content\/uploads\/2013\/07\/tajada.jpg?resize=700%2C490&#038;ssl=1\" width=\"700\" height=\"490\" srcset=\"https:\/\/i0.wp.com\/le-fort.org\/cocina\/wp-content\/uploads\/2013\/07\/tajada.jpg?w=700&amp;ssl=1 700w, https:\/\/i0.wp.com\/le-fort.org\/cocina\/wp-content\/uploads\/2013\/07\/tajada.jpg?resize=600%2C420&amp;ssl=1 600w\" sizes=\"auto, (max-width: 700px) 100vw, 700px\" \/><figcaption id=\"caption-attachment-4660\" class=\"wp-caption-text\">Finalmente, nos pudimos comer el pie. Muy bueno.<\/figcaption><\/figure>\n<p style=\"text-align: center;\">\n","protected":false},"excerpt":{"rendered":"<p>Este pie de parchita nos lleg\u00f3 en forma indirecta. Hab\u00edan buscadores que llegaban al pie de lim\u00f3n buscando pie de parchita, especialmente pie de parchita sin horno, y nos pic\u00f3 la curiosidad. Eso s\u00ed, lo hicimos con masa horneada y relleno no horneado. El relleno fue una variaci\u00f3n de la cuajada de lim\u00f3n, con maracuy\u00e1 [&hellip;]<\/p>\n","protected":false},"author":1,"featured_media":4657,"comment_status":"open","ping_status":"closed","sticky":false,"template":"","format":"standard","meta":{"_jetpack_newsletter_access":"","_jetpack_dont_email_post_to_subs":false,"_jetpack_newsletter_tier_id":0,"_jetpack_memberships_contains_paywalled_content":false,"_jetpack_memberships_contains_paid_content":false,"footnotes":""},"categories":[2,25],"tags":[24,173,172],"class_list":["post-4648","post","type-post","status-publish","format-standard","has-post-thumbnail","hentry","category-recetas","category-reposteria","tag-pie","tag-pie-de-maracuya","tag-pie-de-parchita","entry","has-media"],"jetpack_featured_media_url":"https:\/\/i0.wp.com\/le-fort.org\/cocina\/wp-content\/uploads\/2013\/07\/parchita-hd.jpg?fit=1200%2C400&ssl=1","jetpack_shortlink":"https:\/\/wp.me\/pghKer-1cY","jetpack_sharing_enabled":true,"jetpack-related-posts":[{"id":5144,"url":"https:\/\/le-fort.org\/cocina\/pie-de-maracuya-sin-horno\/","url_meta":{"origin":4648,"position":0},"title":"Pie de Maracuy\u00e1 sin Horno","author":"Le-Fort.org","date":"10 de Enero, 2014","format":false,"excerpt":"Receta de pie sin horno de maracuy\u00e1 o pie de parchita con leche condensada y gelatina.","rel":"","context":"En &quot;Recetas&quot;","block_context":{"text":"Recetas","link":"https:\/\/le-fort.org\/cocina\/categoria\/recetas\/"},"img":{"alt_text":"","src":"https:\/\/i0.wp.com\/le-fort.org\/cocina\/wp-content\/uploads\/2014\/01\/pie-maracuya-hd.jpg?fit=1200%2C400&ssl=1&resize=350%2C200","width":350,"height":200,"srcset":"https:\/\/i0.wp.com\/le-fort.org\/cocina\/wp-content\/uploads\/2014\/01\/pie-maracuya-hd.jpg?fit=1200%2C400&ssl=1&resize=350%2C200 1x, https:\/\/i0.wp.com\/le-fort.org\/cocina\/wp-content\/uploads\/2014\/01\/pie-maracuya-hd.jpg?fit=1200%2C400&ssl=1&resize=525%2C300 1.5x, https:\/\/i0.wp.com\/le-fort.org\/cocina\/wp-content\/uploads\/2014\/01\/pie-maracuya-hd.jpg?fit=1200%2C400&ssl=1&resize=700%2C400 2x, https:\/\/i0.wp.com\/le-fort.org\/cocina\/wp-content\/uploads\/2014\/01\/pie-maracuya-hd.jpg?fit=1200%2C400&ssl=1&resize=1050%2C600 3x"},"classes":[]},{"id":9159,"url":"https:\/\/le-fort.org\/cocina\/pie-de-yogurt-sin-horno\/","url_meta":{"origin":4648,"position":1},"title":"Pie de Yogurt Sin Horno","author":"Le-Fort.org","date":"2 de Febrero, 2017","format":false,"excerpt":"Esta receta de pie de yogurt\u00a0lleg\u00f3 hace a\u00f1os, v\u00eda madre\/suegra. A poco andar se convirti\u00f3 en un cl\u00e1sico, y ha sido una de nuestras recetas m\u00e1s populares desde entonces. Aqu\u00ed est\u00e1 con una capa superior de Agar agar. Es una receta simple, y la parte m\u00e1s dif\u00edcil es esperar toda\u2026","rel":"","context":"En &quot;Reposter\u00eda&quot;","block_context":{"text":"Reposter\u00eda","link":"https:\/\/le-fort.org\/cocina\/categoria\/reposteria\/"},"img":{"alt_text":"","src":"https:\/\/i0.wp.com\/le-fort.org\/cocina\/wp-content\/uploads\/2017\/02\/pie-yogurt-hd.jpg?fit=1200%2C400&ssl=1&resize=350%2C200","width":350,"height":200,"srcset":"https:\/\/i0.wp.com\/le-fort.org\/cocina\/wp-content\/uploads\/2017\/02\/pie-yogurt-hd.jpg?fit=1200%2C400&ssl=1&resize=350%2C200 1x, https:\/\/i0.wp.com\/le-fort.org\/cocina\/wp-content\/uploads\/2017\/02\/pie-yogurt-hd.jpg?fit=1200%2C400&ssl=1&resize=525%2C300 1.5x, https:\/\/i0.wp.com\/le-fort.org\/cocina\/wp-content\/uploads\/2017\/02\/pie-yogurt-hd.jpg?fit=1200%2C400&ssl=1&resize=700%2C400 2x, https:\/\/i0.wp.com\/le-fort.org\/cocina\/wp-content\/uploads\/2017\/02\/pie-yogurt-hd.jpg?fit=1200%2C400&ssl=1&resize=1050%2C600 3x"},"classes":[]},{"id":5065,"url":"https:\/\/le-fort.org\/cocina\/pie-de-limon-con-leche-condensada-y-yemas-horneado\/","url_meta":{"origin":4648,"position":2},"title":"Pie de Lim\u00f3n con Leche Condensada y Yemas (horneado)","author":"Le-Fort.org","date":"22 de Diciembre, 2013","format":false,"excerpt":"Receta de pie de lim\u00f3n horneado con relleno de leche condensada, jugo de lim\u00f3n y yemas. En este caso utilizamos merenguitos comprados para decorar. Es f\u00e1cil y r\u00e1pido.","rel":"","context":"En &quot;Recetas&quot;","block_context":{"text":"Recetas","link":"https:\/\/le-fort.org\/cocina\/categoria\/recetas\/"},"img":{"alt_text":"","src":"https:\/\/i0.wp.com\/le-fort.org\/cocina\/wp-content\/uploads\/2013\/12\/pie-limon-hd.jpg?fit=960%2C400&ssl=1&resize=350%2C200","width":350,"height":200,"srcset":"https:\/\/i0.wp.com\/le-fort.org\/cocina\/wp-content\/uploads\/2013\/12\/pie-limon-hd.jpg?fit=960%2C400&ssl=1&resize=350%2C200 1x, https:\/\/i0.wp.com\/le-fort.org\/cocina\/wp-content\/uploads\/2013\/12\/pie-limon-hd.jpg?fit=960%2C400&ssl=1&resize=525%2C300 1.5x, https:\/\/i0.wp.com\/le-fort.org\/cocina\/wp-content\/uploads\/2013\/12\/pie-limon-hd.jpg?fit=960%2C400&ssl=1&resize=700%2C400 2x"},"classes":[]},{"id":5042,"url":"https:\/\/le-fort.org\/cocina\/pie-de-limon-con-leche-evaporada-pie-de-espuma-de-limon\/","url_meta":{"origin":4648,"position":3},"title":"Pie de Espuma de Lim\u00f3n","author":"Le-Fort.org","date":"3 de Diciembre, 2013","format":false,"excerpt":"Receta de pie de lim\u00f3n con leche condensada y leche evaporada. Es un pie m\u00e1s ligero que el cl\u00e1sico de leche condensada.","rel":"","context":"En &quot;Recetas&quot;","block_context":{"text":"Recetas","link":"https:\/\/le-fort.org\/cocina\/categoria\/recetas\/"},"img":{"alt_text":"","src":"https:\/\/i0.wp.com\/le-fort.org\/cocina\/wp-content\/uploads\/2013\/12\/hd.jpg?fit=1024%2C400&ssl=1&resize=350%2C200","width":350,"height":200,"srcset":"https:\/\/i0.wp.com\/le-fort.org\/cocina\/wp-content\/uploads\/2013\/12\/hd.jpg?fit=1024%2C400&ssl=1&resize=350%2C200 1x, https:\/\/i0.wp.com\/le-fort.org\/cocina\/wp-content\/uploads\/2013\/12\/hd.jpg?fit=1024%2C400&ssl=1&resize=525%2C300 1.5x, https:\/\/i0.wp.com\/le-fort.org\/cocina\/wp-content\/uploads\/2013\/12\/hd.jpg?fit=1024%2C400&ssl=1&resize=700%2C400 2x"},"classes":[]},{"id":6173,"url":"https:\/\/le-fort.org\/cocina\/pie-de-limon-mezclado\/","url_meta":{"origin":4648,"position":4},"title":"Pie de Lim\u00f3n Mezclado","author":"Le-Fort.org","date":"23 de Abril, 2015","format":false,"excerpt":"Pie de Lim\u00f3n con un cambio. En vez de que el merengue vaya encima, va integrado en el relleno. Queda m\u00e1s suave y menos dulce. \u00a1Pru\u00e9balo!","rel":"","context":"En &quot;Recetas&quot;","block_context":{"text":"Recetas","link":"https:\/\/le-fort.org\/cocina\/categoria\/recetas\/"},"img":{"alt_text":"","src":"https:\/\/i0.wp.com\/le-fort.org\/cocina\/wp-content\/uploads\/2015\/04\/pie-mezclado.jpg?fit=1200%2C400&ssl=1&resize=350%2C200","width":350,"height":200,"srcset":"https:\/\/i0.wp.com\/le-fort.org\/cocina\/wp-content\/uploads\/2015\/04\/pie-mezclado.jpg?fit=1200%2C400&ssl=1&resize=350%2C200 1x, https:\/\/i0.wp.com\/le-fort.org\/cocina\/wp-content\/uploads\/2015\/04\/pie-mezclado.jpg?fit=1200%2C400&ssl=1&resize=525%2C300 1.5x, https:\/\/i0.wp.com\/le-fort.org\/cocina\/wp-content\/uploads\/2015\/04\/pie-mezclado.jpg?fit=1200%2C400&ssl=1&resize=700%2C400 2x, https:\/\/i0.wp.com\/le-fort.org\/cocina\/wp-content\/uploads\/2015\/04\/pie-mezclado.jpg?fit=1200%2C400&ssl=1&resize=1050%2C600 3x"},"classes":[]},{"id":61,"url":"https:\/\/le-fort.org\/cocina\/receta-de-pie-de-limon-sin-horno\/","url_meta":{"origin":4648,"position":5},"title":"Receta de Pie de Lim\u00f3n sin horno","author":"Le-Fort.org","date":"23 de Julio, 2011","format":false,"excerpt":"Receta r\u00e1pida de pie de lim\u00f3n sin horno, con masa de galletas molidas y mantequilla y relleno de leche condensada. Mejora al dejarlo reposar, pero se puede comer inmediatamente sin problemas.","rel":"","context":"En &quot;Comida&quot;","block_context":{"text":"Comida","link":"https:\/\/le-fort.org\/cocina\/categoria\/cocina-comida\/"},"img":{"alt_text":"","src":"https:\/\/i0.wp.com\/le-fort.org\/cocina\/wp-content\/uploads\/2011\/07\/trozo.jpg?fit=620%2C350&ssl=1&resize=350%2C200","width":350,"height":200,"srcset":"https:\/\/i0.wp.com\/le-fort.org\/cocina\/wp-content\/uploads\/2011\/07\/trozo.jpg?fit=620%2C350&ssl=1&resize=350%2C200 1x, https:\/\/i0.wp.com\/le-fort.org\/cocina\/wp-content\/uploads\/2011\/07\/trozo.jpg?fit=620%2C350&ssl=1&resize=525%2C300 1.5x"},"classes":[]}],"_links":{"self":[{"href":"https:\/\/le-fort.org\/cocina\/wp-json\/wp\/v2\/posts\/4648","targetHints":{"allow":["GET"]}}],"collection":[{"href":"https:\/\/le-fort.org\/cocina\/wp-json\/wp\/v2\/posts"}],"about":[{"href":"https:\/\/le-fort.org\/cocina\/wp-json\/wp\/v2\/types\/post"}],"author":[{"embeddable":true,"href":"https:\/\/le-fort.org\/cocina\/wp-json\/wp\/v2\/users\/1"}],"replies":[{"embeddable":true,"href":"https:\/\/le-fort.org\/cocina\/wp-json\/wp\/v2\/comments?post=4648"}],"version-history":[{"count":2,"href":"https:\/\/le-fort.org\/cocina\/wp-json\/wp\/v2\/posts\/4648\/revisions"}],"predecessor-version":[{"id":16173,"href":"https:\/\/le-fort.org\/cocina\/wp-json\/wp\/v2\/posts\/4648\/revisions\/16173"}],"wp:featuredmedia":[{"embeddable":true,"href":"https:\/\/le-fort.org\/cocina\/wp-json\/wp\/v2\/media\/4657"}],"wp:attachment":[{"href":"https:\/\/le-fort.org\/cocina\/wp-json\/wp\/v2\/media?parent=4648"}],"wp:term":[{"taxonomy":"category","embeddable":true,"href":"https:\/\/le-fort.org\/cocina\/wp-json\/wp\/v2\/categories?post=4648"},{"taxonomy":"post_tag","embeddable":true,"href":"https:\/\/le-fort.org\/cocina\/wp-json\/wp\/v2\/tags?post=4648"}],"curies":[{"name":"wp","href":"https:\/\/api.w.org\/{rel}","templated":true}]}}