{"id":4728,"date":"2013-07-11T15:23:07","date_gmt":"2013-07-11T20:23:07","guid":{"rendered":"http:\/\/www.loquecomemos.com\/?p=4728"},"modified":"2014-02-16T20:22:03","modified_gmt":"2014-02-17T01:22:03","slug":"brownies-con-naranja-y-nutella","status":"publish","type":"post","link":"https:\/\/le-fort.org\/cocina\/brownies-con-naranja-y-nutella\/","title":{"rendered":"Brownies con Naranja y Nutella"},"content":{"rendered":"<p>Aprovechando el <a title=\"Chocolate Caliente\" href=\"http:\/\/www.loquecomemos.com\/chocolate-caliente\/\">chocolate ambate\u00f1o<\/a> que tenemos, la musa nos susurr\u00f3 hacer <em>brownies<\/em>.<\/p>\n<p>Adem\u00e1s, en el congelador ten\u00edamos <a title=\"Receta: Naranjitas con Chocolate. Estamos en Problemas\" href=\"http:\/\/www.loquecomemos.com\/receta-naranjitas-con-chocolate-estamos-en-problemas\/\">c\u00e1scara de naranja confitada de cuando hicimos naranjitas<\/a>.<\/p>\n<p>Para colmo, hab\u00eda <a title=\"Nutella: chocolate, avellanas y adicci\u00f3n\" href=\"http:\/\/www.loquecomemos.com\/nutella-chocolate-avellanas-adiccion\/\">Nutella<\/a> en casa.<\/p>\n<figure id=\"attachment_4737\" aria-describedby=\"caption-attachment-4737\" style=\"width: 700px\" class=\"wp-caption aligncenter\"><img data-recalc-dims=\"1\" loading=\"lazy\" decoding=\"async\" data-attachment-id=\"4737\" data-permalink=\"https:\/\/le-fort.org\/cocina\/brownies-con-naranja-y-nutella\/brownies-cuarteados\/\" data-orig-file=\"https:\/\/i0.wp.com\/le-fort.org\/cocina\/wp-content\/uploads\/2013\/07\/brownies-cuarteados.jpg?fit=700%2C420&amp;ssl=1\" data-orig-size=\"700,420\" data-comments-opened=\"0\" data-image-meta=\"{&quot;aperture&quot;:&quot;0&quot;,&quot;credit&quot;:&quot;&quot;,&quot;camera&quot;:&quot;&quot;,&quot;caption&quot;:&quot;&quot;,&quot;created_timestamp&quot;:&quot;0&quot;,&quot;copyright&quot;:&quot;&quot;,&quot;focal_length&quot;:&quot;0&quot;,&quot;iso&quot;:&quot;0&quot;,&quot;shutter_speed&quot;:&quot;0&quot;,&quot;title&quot;:&quot;&quot;,&quot;orientation&quot;:&quot;0&quot;}\" data-image-title=\"brownies-cuarteados\" data-image-description=\"\" data-image-caption=\"&lt;p&gt;Salen dieciseis brownies peque\u00f1os&lt;\/p&gt;\n\" data-large-file=\"https:\/\/i0.wp.com\/le-fort.org\/cocina\/wp-content\/uploads\/2013\/07\/brownies-cuarteados.jpg?fit=700%2C420&amp;ssl=1\" class=\"size-full wp-image-4737\" alt=\"Salen dieciseis brownies peque\u00f1os\" src=\"https:\/\/i0.wp.com\/www.le-fort.org\/wp-content\/uploads\/2013\/07\/brownies-cuarteados.jpg?resize=700%2C420&#038;ssl=1\" width=\"700\" height=\"420\" srcset=\"https:\/\/i0.wp.com\/le-fort.org\/cocina\/wp-content\/uploads\/2013\/07\/brownies-cuarteados.jpg?w=700&amp;ssl=1 700w, https:\/\/i0.wp.com\/le-fort.org\/cocina\/wp-content\/uploads\/2013\/07\/brownies-cuarteados.jpg?resize=600%2C360&amp;ssl=1 600w\" sizes=\"auto, (max-width: 700px) 100vw, 700px\" \/><figcaption id=\"caption-attachment-4737\" class=\"wp-caption-text\">Salen dieciseis brownies peque\u00f1os<\/figcaption><\/figure>\n<p>No nos qued\u00f3 sino preparar <strong>brownies con naranja y Nutella<\/strong>. La vida es dura.<\/p>\n<p>Es una preparaci\u00f3n f\u00e1cil, y se hacen as\u00ed:<!--more--><\/p>\n<h2>Ingredientes<\/h2>\n<ul>\n<li><span style=\"line-height: 15px;\">125 grs. de mantequilla<\/span><\/li>\n<li>100 grs. de chocolate amargo<\/li>\n<li>1\/2 taza de az\u00facar<\/li>\n<li>1\/2 taza de harina<\/li>\n<li>1\/4 cucharadita de polvos de hornear<\/li>\n<li>2 huevos<\/li>\n<li>100 grs. de c\u00e1scaras de naranja confitadas<\/li>\n<li>Nutella para cubrir.<\/li>\n<\/ul>\n<h2>M\u00e9todo<\/h2>\n<p>Precalentar el horno a 160\u00ba<\/p>\n<p>Derretir la mantequilla y el chocolate a ba\u00f1o Mar\u00eda.<\/p>\n<p><a href=\"https:\/\/i0.wp.com\/le-fort.org\/wp-content\/uploads\/2013\/07\/mantequilla.jpg?ssl=1\"><img data-recalc-dims=\"1\" loading=\"lazy\" decoding=\"async\" data-attachment-id=\"4742\" data-permalink=\"https:\/\/le-fort.org\/cocina\/brownies-con-naranja-y-nutella\/mantequilla\/\" data-orig-file=\"https:\/\/i0.wp.com\/le-fort.org\/cocina\/wp-content\/uploads\/2013\/07\/mantequilla.jpg?fit=700%2C420&amp;ssl=1\" data-orig-size=\"700,420\" data-comments-opened=\"0\" data-image-meta=\"{&quot;aperture&quot;:&quot;0&quot;,&quot;credit&quot;:&quot;&quot;,&quot;camera&quot;:&quot;&quot;,&quot;caption&quot;:&quot;&quot;,&quot;created_timestamp&quot;:&quot;0&quot;,&quot;copyright&quot;:&quot;&quot;,&quot;focal_length&quot;:&quot;0&quot;,&quot;iso&quot;:&quot;0&quot;,&quot;shutter_speed&quot;:&quot;0&quot;,&quot;title&quot;:&quot;&quot;,&quot;orientation&quot;:&quot;0&quot;}\" data-image-title=\"mantequilla\" data-image-description=\"\" data-image-caption=\"\" data-large-file=\"https:\/\/i0.wp.com\/le-fort.org\/cocina\/wp-content\/uploads\/2013\/07\/mantequilla.jpg?fit=700%2C420&amp;ssl=1\" class=\"aligncenter size-full wp-image-4742\" alt=\"mantequilla\" src=\"https:\/\/i0.wp.com\/www.le-fort.org\/wp-content\/uploads\/2013\/07\/mantequilla.jpg?resize=700%2C420&#038;ssl=1\" width=\"700\" height=\"420\" srcset=\"https:\/\/i0.wp.com\/le-fort.org\/cocina\/wp-content\/uploads\/2013\/07\/mantequilla.jpg?w=700&amp;ssl=1 700w, https:\/\/i0.wp.com\/le-fort.org\/cocina\/wp-content\/uploads\/2013\/07\/mantequilla.jpg?resize=600%2C360&amp;ssl=1 600w\" sizes=\"auto, (max-width: 700px) 100vw, 700px\" \/><\/a> <a href=\"https:\/\/i0.wp.com\/le-fort.org\/wp-content\/uploads\/2013\/07\/chocolate.jpg?ssl=1\"><img data-recalc-dims=\"1\" loading=\"lazy\" decoding=\"async\" data-attachment-id=\"4739\" data-permalink=\"https:\/\/le-fort.org\/cocina\/brownies-con-naranja-y-nutella\/chocolate-3\/\" data-orig-file=\"https:\/\/i0.wp.com\/le-fort.org\/cocina\/wp-content\/uploads\/2013\/07\/chocolate.jpg?fit=700%2C420&amp;ssl=1\" data-orig-size=\"700,420\" data-comments-opened=\"0\" data-image-meta=\"{&quot;aperture&quot;:&quot;0&quot;,&quot;credit&quot;:&quot;&quot;,&quot;camera&quot;:&quot;&quot;,&quot;caption&quot;:&quot;&quot;,&quot;created_timestamp&quot;:&quot;0&quot;,&quot;copyright&quot;:&quot;&quot;,&quot;focal_length&quot;:&quot;0&quot;,&quot;iso&quot;:&quot;0&quot;,&quot;shutter_speed&quot;:&quot;0&quot;,&quot;title&quot;:&quot;&quot;,&quot;orientation&quot;:&quot;0&quot;}\" data-image-title=\"chocolate\" data-image-description=\"\" data-image-caption=\"\" data-large-file=\"https:\/\/i0.wp.com\/le-fort.org\/cocina\/wp-content\/uploads\/2013\/07\/chocolate.jpg?fit=700%2C420&amp;ssl=1\" class=\"aligncenter size-full wp-image-4739\" alt=\"chocolate\" src=\"https:\/\/i0.wp.com\/www.le-fort.org\/wp-content\/uploads\/2013\/07\/chocolate.jpg?resize=700%2C420&#038;ssl=1\" width=\"700\" height=\"420\" srcset=\"https:\/\/i0.wp.com\/le-fort.org\/cocina\/wp-content\/uploads\/2013\/07\/chocolate.jpg?w=700&amp;ssl=1 700w, https:\/\/i0.wp.com\/le-fort.org\/cocina\/wp-content\/uploads\/2013\/07\/chocolate.jpg?resize=600%2C360&amp;ssl=1 600w\" sizes=\"auto, (max-width: 700px) 100vw, 700px\" \/><\/a> <a href=\"https:\/\/i0.wp.com\/le-fort.org\/wp-content\/uploads\/2013\/07\/derritiendo.jpg?ssl=1\"><img data-recalc-dims=\"1\" loading=\"lazy\" decoding=\"async\" data-attachment-id=\"4740\" data-permalink=\"https:\/\/le-fort.org\/cocina\/brownies-con-naranja-y-nutella\/derritiendo\/\" data-orig-file=\"https:\/\/i0.wp.com\/le-fort.org\/cocina\/wp-content\/uploads\/2013\/07\/derritiendo.jpg?fit=700%2C420&amp;ssl=1\" data-orig-size=\"700,420\" data-comments-opened=\"0\" data-image-meta=\"{&quot;aperture&quot;:&quot;0&quot;,&quot;credit&quot;:&quot;&quot;,&quot;camera&quot;:&quot;&quot;,&quot;caption&quot;:&quot;&quot;,&quot;created_timestamp&quot;:&quot;0&quot;,&quot;copyright&quot;:&quot;&quot;,&quot;focal_length&quot;:&quot;0&quot;,&quot;iso&quot;:&quot;0&quot;,&quot;shutter_speed&quot;:&quot;0&quot;,&quot;title&quot;:&quot;&quot;,&quot;orientation&quot;:&quot;0&quot;}\" data-image-title=\"derritiendo\" data-image-description=\"\" data-image-caption=\"\" data-large-file=\"https:\/\/i0.wp.com\/le-fort.org\/cocina\/wp-content\/uploads\/2013\/07\/derritiendo.jpg?fit=700%2C420&amp;ssl=1\" class=\"aligncenter size-full wp-image-4740\" alt=\"derritiendo\" src=\"https:\/\/i0.wp.com\/www.le-fort.org\/wp-content\/uploads\/2013\/07\/derritiendo.jpg?resize=700%2C420&#038;ssl=1\" width=\"700\" height=\"420\" srcset=\"https:\/\/i0.wp.com\/le-fort.org\/cocina\/wp-content\/uploads\/2013\/07\/derritiendo.jpg?w=700&amp;ssl=1 700w, https:\/\/i0.wp.com\/le-fort.org\/cocina\/wp-content\/uploads\/2013\/07\/derritiendo.jpg?resize=600%2C360&amp;ssl=1 600w\" sizes=\"auto, (max-width: 700px) 100vw, 700px\" \/><\/a><\/p>\n<p>A\u00f1adir el az\u00facar.<\/p>\n<p><img data-recalc-dims=\"1\" loading=\"lazy\" decoding=\"async\" data-attachment-id=\"4733\" data-permalink=\"https:\/\/le-fort.org\/cocina\/brownies-con-naranja-y-nutella\/azucar\/\" data-orig-file=\"https:\/\/i0.wp.com\/le-fort.org\/cocina\/wp-content\/uploads\/2013\/07\/azucar.jpg?fit=700%2C420&amp;ssl=1\" data-orig-size=\"700,420\" data-comments-opened=\"0\" data-image-meta=\"{&quot;aperture&quot;:&quot;0&quot;,&quot;credit&quot;:&quot;&quot;,&quot;camera&quot;:&quot;&quot;,&quot;caption&quot;:&quot;&quot;,&quot;created_timestamp&quot;:&quot;0&quot;,&quot;copyright&quot;:&quot;&quot;,&quot;focal_length&quot;:&quot;0&quot;,&quot;iso&quot;:&quot;0&quot;,&quot;shutter_speed&quot;:&quot;0&quot;,&quot;title&quot;:&quot;&quot;,&quot;orientation&quot;:&quot;0&quot;}\" data-image-title=\"azucar\" data-image-description=\"\" data-image-caption=\"\" data-large-file=\"https:\/\/i0.wp.com\/le-fort.org\/cocina\/wp-content\/uploads\/2013\/07\/azucar.jpg?fit=700%2C420&amp;ssl=1\" class=\"aligncenter size-full wp-image-4733\" alt=\"azucar\" src=\"https:\/\/i0.wp.com\/www.le-fort.org\/wp-content\/uploads\/2013\/07\/azucar.jpg?resize=700%2C420&#038;ssl=1\" width=\"700\" height=\"420\" srcset=\"https:\/\/i0.wp.com\/le-fort.org\/cocina\/wp-content\/uploads\/2013\/07\/azucar.jpg?w=700&amp;ssl=1 700w, https:\/\/i0.wp.com\/le-fort.org\/cocina\/wp-content\/uploads\/2013\/07\/azucar.jpg?resize=600%2C360&amp;ssl=1 600w\" sizes=\"auto, (max-width: 700px) 100vw, 700px\" \/><\/p>\n<p>Picar las c\u00e1scaras de naranja confitadas en trocitos y a\u00f1adir a la mezcla.<\/p>\n<p><img data-recalc-dims=\"1\" loading=\"lazy\" decoding=\"async\" data-attachment-id=\"4745\" data-permalink=\"https:\/\/le-fort.org\/cocina\/brownies-con-naranja-y-nutella\/naranjitas\/\" data-orig-file=\"https:\/\/i0.wp.com\/le-fort.org\/cocina\/wp-content\/uploads\/2013\/07\/naranjitas.jpg?fit=700%2C420&amp;ssl=1\" data-orig-size=\"700,420\" data-comments-opened=\"0\" data-image-meta=\"{&quot;aperture&quot;:&quot;0&quot;,&quot;credit&quot;:&quot;&quot;,&quot;camera&quot;:&quot;&quot;,&quot;caption&quot;:&quot;&quot;,&quot;created_timestamp&quot;:&quot;0&quot;,&quot;copyright&quot;:&quot;&quot;,&quot;focal_length&quot;:&quot;0&quot;,&quot;iso&quot;:&quot;0&quot;,&quot;shutter_speed&quot;:&quot;0&quot;,&quot;title&quot;:&quot;&quot;,&quot;orientation&quot;:&quot;0&quot;}\" data-image-title=\"naranjitas\" data-image-description=\"\" data-image-caption=\"\" data-large-file=\"https:\/\/i0.wp.com\/le-fort.org\/cocina\/wp-content\/uploads\/2013\/07\/naranjitas.jpg?fit=700%2C420&amp;ssl=1\" class=\"aligncenter size-full wp-image-4745\" alt=\"naranjitas\" src=\"https:\/\/i0.wp.com\/www.le-fort.org\/wp-content\/uploads\/2013\/07\/naranjitas.jpg?resize=700%2C420&#038;ssl=1\" width=\"700\" height=\"420\" srcset=\"https:\/\/i0.wp.com\/le-fort.org\/cocina\/wp-content\/uploads\/2013\/07\/naranjitas.jpg?w=700&amp;ssl=1 700w, https:\/\/i0.wp.com\/le-fort.org\/cocina\/wp-content\/uploads\/2013\/07\/naranjitas.jpg?resize=600%2C360&amp;ssl=1 600w\" sizes=\"auto, (max-width: 700px) 100vw, 700px\" \/> <img data-recalc-dims=\"1\" loading=\"lazy\" decoding=\"async\" data-attachment-id=\"4744\" data-permalink=\"https:\/\/le-fort.org\/cocina\/brownies-con-naranja-y-nutella\/naranjitas-en-el-batido\/\" data-orig-file=\"https:\/\/i0.wp.com\/le-fort.org\/cocina\/wp-content\/uploads\/2013\/07\/naranjitas-en-el-batido.jpg?fit=700%2C420&amp;ssl=1\" data-orig-size=\"700,420\" data-comments-opened=\"0\" data-image-meta=\"{&quot;aperture&quot;:&quot;0&quot;,&quot;credit&quot;:&quot;&quot;,&quot;camera&quot;:&quot;&quot;,&quot;caption&quot;:&quot;&quot;,&quot;created_timestamp&quot;:&quot;0&quot;,&quot;copyright&quot;:&quot;&quot;,&quot;focal_length&quot;:&quot;0&quot;,&quot;iso&quot;:&quot;0&quot;,&quot;shutter_speed&quot;:&quot;0&quot;,&quot;title&quot;:&quot;&quot;,&quot;orientation&quot;:&quot;0&quot;}\" data-image-title=\"naranjitas-en-el-batido\" data-image-description=\"\" data-image-caption=\"\" data-large-file=\"https:\/\/i0.wp.com\/le-fort.org\/cocina\/wp-content\/uploads\/2013\/07\/naranjitas-en-el-batido.jpg?fit=700%2C420&amp;ssl=1\" class=\"aligncenter size-full wp-image-4744\" alt=\"naranjitas-en-el-batido\" src=\"https:\/\/i0.wp.com\/www.le-fort.org\/wp-content\/uploads\/2013\/07\/naranjitas-en-el-batido.jpg?resize=700%2C420&#038;ssl=1\" width=\"700\" height=\"420\" srcset=\"https:\/\/i0.wp.com\/le-fort.org\/cocina\/wp-content\/uploads\/2013\/07\/naranjitas-en-el-batido.jpg?w=700&amp;ssl=1 700w, https:\/\/i0.wp.com\/le-fort.org\/cocina\/wp-content\/uploads\/2013\/07\/naranjitas-en-el-batido.jpg?resize=600%2C360&amp;ssl=1 600w\" sizes=\"auto, (max-width: 700px) 100vw, 700px\" \/><\/p>\n<p>En un bol aparte, batir los huevos.<\/p>\n<figure id=\"attachment_4743\" aria-describedby=\"caption-attachment-4743\" style=\"width: 700px\" class=\"wp-caption aligncenter\"><a href=\"https:\/\/i0.wp.com\/le-fort.org\/wp-content\/uploads\/2013\/07\/mezclar.jpg?ssl=1\"><img data-recalc-dims=\"1\" loading=\"lazy\" decoding=\"async\" data-attachment-id=\"4743\" data-permalink=\"https:\/\/le-fort.org\/cocina\/brownies-con-naranja-y-nutella\/mezclar\/\" data-orig-file=\"https:\/\/i0.wp.com\/le-fort.org\/cocina\/wp-content\/uploads\/2013\/07\/mezclar.jpg?fit=700%2C420&amp;ssl=1\" data-orig-size=\"700,420\" data-comments-opened=\"0\" data-image-meta=\"{&quot;aperture&quot;:&quot;0&quot;,&quot;credit&quot;:&quot;&quot;,&quot;camera&quot;:&quot;&quot;,&quot;caption&quot;:&quot;&quot;,&quot;created_timestamp&quot;:&quot;0&quot;,&quot;copyright&quot;:&quot;&quot;,&quot;focal_length&quot;:&quot;0&quot;,&quot;iso&quot;:&quot;0&quot;,&quot;shutter_speed&quot;:&quot;0&quot;,&quot;title&quot;:&quot;&quot;,&quot;orientation&quot;:&quot;0&quot;}\" data-image-title=\"mezclar\" data-image-description=\"\" data-image-caption=\"&lt;p&gt;Mezcla de chocolate, harina y huevos&lt;\/p&gt;\n\" data-large-file=\"https:\/\/i0.wp.com\/le-fort.org\/cocina\/wp-content\/uploads\/2013\/07\/mezclar.jpg?fit=700%2C420&amp;ssl=1\" class=\"size-full wp-image-4743\" alt=\"Mezcla de chocolate, harina y huevos\" src=\"https:\/\/i0.wp.com\/www.le-fort.org\/wp-content\/uploads\/2013\/07\/mezclar.jpg?resize=700%2C420&#038;ssl=1\" width=\"700\" height=\"420\" srcset=\"https:\/\/i0.wp.com\/le-fort.org\/cocina\/wp-content\/uploads\/2013\/07\/mezclar.jpg?w=700&amp;ssl=1 700w, https:\/\/i0.wp.com\/le-fort.org\/cocina\/wp-content\/uploads\/2013\/07\/mezclar.jpg?resize=600%2C360&amp;ssl=1 600w\" sizes=\"auto, (max-width: 700px) 100vw, 700px\" \/><\/a><figcaption id=\"caption-attachment-4743\" class=\"wp-caption-text\">Mezcla de chocolate, harina y huevos<\/figcaption><\/figure>\n<p>A\u00f1adir los huevos a la mezcla de chocolate<\/p>\n<p>A\u00f1adir la harina a la mezcla de chocolate<\/p>\n<p>Mezclar muy bien y verter sobre un molde aceitado.<\/p>\n<p><a href=\"https:\/\/i0.wp.com\/le-fort.org\/wp-content\/uploads\/2013\/07\/batido.jpg?ssl=1\"><img data-recalc-dims=\"1\" loading=\"lazy\" decoding=\"async\" data-attachment-id=\"4734\" data-permalink=\"https:\/\/le-fort.org\/cocina\/brownies-con-naranja-y-nutella\/batido-2\/\" data-orig-file=\"https:\/\/i0.wp.com\/le-fort.org\/cocina\/wp-content\/uploads\/2013\/07\/batido.jpg?fit=700%2C420&amp;ssl=1\" data-orig-size=\"700,420\" data-comments-opened=\"0\" data-image-meta=\"{&quot;aperture&quot;:&quot;0&quot;,&quot;credit&quot;:&quot;&quot;,&quot;camera&quot;:&quot;&quot;,&quot;caption&quot;:&quot;&quot;,&quot;created_timestamp&quot;:&quot;0&quot;,&quot;copyright&quot;:&quot;&quot;,&quot;focal_length&quot;:&quot;0&quot;,&quot;iso&quot;:&quot;0&quot;,&quot;shutter_speed&quot;:&quot;0&quot;,&quot;title&quot;:&quot;&quot;,&quot;orientation&quot;:&quot;0&quot;}\" data-image-title=\"batido\" data-image-description=\"\" data-image-caption=\"\" data-large-file=\"https:\/\/i0.wp.com\/le-fort.org\/cocina\/wp-content\/uploads\/2013\/07\/batido.jpg?fit=700%2C420&amp;ssl=1\" class=\"aligncenter size-full wp-image-4734\" alt=\"batido\" src=\"https:\/\/i0.wp.com\/www.le-fort.org\/wp-content\/uploads\/2013\/07\/batido.jpg?resize=700%2C420&#038;ssl=1\" width=\"700\" height=\"420\" srcset=\"https:\/\/i0.wp.com\/le-fort.org\/cocina\/wp-content\/uploads\/2013\/07\/batido.jpg?w=700&amp;ssl=1 700w, https:\/\/i0.wp.com\/le-fort.org\/cocina\/wp-content\/uploads\/2013\/07\/batido.jpg?resize=600%2C360&amp;ssl=1 600w\" sizes=\"auto, (max-width: 700px) 100vw, 700px\" \/><\/a> <a href=\"https:\/\/i0.wp.com\/le-fort.org\/wp-content\/uploads\/2013\/07\/al-horno.jpg?ssl=1\"><img data-recalc-dims=\"1\" loading=\"lazy\" decoding=\"async\" data-attachment-id=\"4732\" data-permalink=\"https:\/\/le-fort.org\/cocina\/brownies-con-naranja-y-nutella\/al-horno-3\/\" data-orig-file=\"https:\/\/i0.wp.com\/le-fort.org\/cocina\/wp-content\/uploads\/2013\/07\/al-horno.jpg?fit=700%2C420&amp;ssl=1\" data-orig-size=\"700,420\" data-comments-opened=\"0\" data-image-meta=\"{&quot;aperture&quot;:&quot;0&quot;,&quot;credit&quot;:&quot;&quot;,&quot;camera&quot;:&quot;&quot;,&quot;caption&quot;:&quot;&quot;,&quot;created_timestamp&quot;:&quot;0&quot;,&quot;copyright&quot;:&quot;&quot;,&quot;focal_length&quot;:&quot;0&quot;,&quot;iso&quot;:&quot;0&quot;,&quot;shutter_speed&quot;:&quot;0&quot;,&quot;title&quot;:&quot;&quot;,&quot;orientation&quot;:&quot;0&quot;}\" data-image-title=\"al-horno\" data-image-description=\"\" data-image-caption=\"\" data-large-file=\"https:\/\/i0.wp.com\/le-fort.org\/cocina\/wp-content\/uploads\/2013\/07\/al-horno.jpg?fit=700%2C420&amp;ssl=1\" class=\"aligncenter size-full wp-image-4732\" alt=\"al-horno\" src=\"https:\/\/i0.wp.com\/www.le-fort.org\/wp-content\/uploads\/2013\/07\/al-horno.jpg?resize=700%2C420&#038;ssl=1\" width=\"700\" height=\"420\" srcset=\"https:\/\/i0.wp.com\/le-fort.org\/cocina\/wp-content\/uploads\/2013\/07\/al-horno.jpg?w=700&amp;ssl=1 700w, https:\/\/i0.wp.com\/le-fort.org\/cocina\/wp-content\/uploads\/2013\/07\/al-horno.jpg?resize=600%2C360&amp;ssl=1 600w\" sizes=\"auto, (max-width: 700px) 100vw, 700px\" \/><\/a><\/p>\n<p>Hornear 35 minutos.<\/p>\n<p>Dejar enfriar un poco, desmoldar, y dejar enfriar unos 30 minutos (como siempre, esta es la parte dif\u00edcil).<\/p>\n<p><a href=\"https:\/\/i0.wp.com\/le-fort.org\/wp-content\/uploads\/2013\/07\/salido-del-horno.jpg?ssl=1\"><img data-recalc-dims=\"1\" loading=\"lazy\" decoding=\"async\" data-attachment-id=\"4746\" data-permalink=\"https:\/\/le-fort.org\/cocina\/brownies-con-naranja-y-nutella\/salido-del-horno\/\" data-orig-file=\"https:\/\/i0.wp.com\/le-fort.org\/cocina\/wp-content\/uploads\/2013\/07\/salido-del-horno.jpg?fit=700%2C420&amp;ssl=1\" data-orig-size=\"700,420\" data-comments-opened=\"0\" data-image-meta=\"{&quot;aperture&quot;:&quot;0&quot;,&quot;credit&quot;:&quot;&quot;,&quot;camera&quot;:&quot;&quot;,&quot;caption&quot;:&quot;&quot;,&quot;created_timestamp&quot;:&quot;0&quot;,&quot;copyright&quot;:&quot;&quot;,&quot;focal_length&quot;:&quot;0&quot;,&quot;iso&quot;:&quot;0&quot;,&quot;shutter_speed&quot;:&quot;0&quot;,&quot;title&quot;:&quot;&quot;,&quot;orientation&quot;:&quot;0&quot;}\" data-image-title=\"salido-del-horno\" data-image-description=\"\" data-image-caption=\"\" data-large-file=\"https:\/\/i0.wp.com\/le-fort.org\/cocina\/wp-content\/uploads\/2013\/07\/salido-del-horno.jpg?fit=700%2C420&amp;ssl=1\" class=\"aligncenter size-full wp-image-4746\" alt=\"salido-del-horno\" src=\"https:\/\/i0.wp.com\/www.le-fort.org\/wp-content\/uploads\/2013\/07\/salido-del-horno.jpg?resize=700%2C420&#038;ssl=1\" width=\"700\" height=\"420\" srcset=\"https:\/\/i0.wp.com\/le-fort.org\/cocina\/wp-content\/uploads\/2013\/07\/salido-del-horno.jpg?w=700&amp;ssl=1 700w, https:\/\/i0.wp.com\/le-fort.org\/cocina\/wp-content\/uploads\/2013\/07\/salido-del-horno.jpg?resize=600%2C360&amp;ssl=1 600w\" sizes=\"auto, (max-width: 700px) 100vw, 700px\" \/><\/a> <a href=\"https:\/\/i0.wp.com\/le-fort.org\/wp-content\/uploads\/2013\/07\/brownie-desmoldado.jpg?ssl=1\"><img data-recalc-dims=\"1\" loading=\"lazy\" decoding=\"async\" data-attachment-id=\"4735\" data-permalink=\"https:\/\/le-fort.org\/cocina\/brownies-con-naranja-y-nutella\/brownie-desmoldado\/\" data-orig-file=\"https:\/\/i0.wp.com\/le-fort.org\/cocina\/wp-content\/uploads\/2013\/07\/brownie-desmoldado.jpg?fit=700%2C420&amp;ssl=1\" data-orig-size=\"700,420\" data-comments-opened=\"0\" data-image-meta=\"{&quot;aperture&quot;:&quot;0&quot;,&quot;credit&quot;:&quot;&quot;,&quot;camera&quot;:&quot;&quot;,&quot;caption&quot;:&quot;&quot;,&quot;created_timestamp&quot;:&quot;0&quot;,&quot;copyright&quot;:&quot;&quot;,&quot;focal_length&quot;:&quot;0&quot;,&quot;iso&quot;:&quot;0&quot;,&quot;shutter_speed&quot;:&quot;0&quot;,&quot;title&quot;:&quot;&quot;,&quot;orientation&quot;:&quot;0&quot;}\" data-image-title=\"brownie-desmoldado\" data-image-description=\"\" data-image-caption=\"\" data-large-file=\"https:\/\/i0.wp.com\/le-fort.org\/cocina\/wp-content\/uploads\/2013\/07\/brownie-desmoldado.jpg?fit=700%2C420&amp;ssl=1\" class=\"aligncenter size-full wp-image-4735\" alt=\"brownie-desmoldado\" src=\"https:\/\/i0.wp.com\/www.le-fort.org\/wp-content\/uploads\/2013\/07\/brownie-desmoldado.jpg?resize=700%2C420&#038;ssl=1\" width=\"700\" height=\"420\" srcset=\"https:\/\/i0.wp.com\/le-fort.org\/cocina\/wp-content\/uploads\/2013\/07\/brownie-desmoldado.jpg?w=700&amp;ssl=1 700w, https:\/\/i0.wp.com\/le-fort.org\/cocina\/wp-content\/uploads\/2013\/07\/brownie-desmoldado.jpg?resize=600%2C360&amp;ssl=1 600w\" sizes=\"auto, (max-width: 700px) 100vw, 700px\" \/><\/a><\/p>\n<p>Una vez tibio, partir por la mitad, creando dos capas.<\/p>\n<p>Esparcir la Nutella seg\u00fan lo dicte la gula. Conviene echar la Nutella a cucharadas, dejarla que se ablande un rato con el calor del <em>brownie<\/em> y luego esparcirla.<\/p>\n<p><img data-recalc-dims=\"1\" loading=\"lazy\" decoding=\"async\" data-attachment-id=\"4741\" data-permalink=\"https:\/\/le-fort.org\/cocina\/brownies-con-naranja-y-nutella\/esparciendo-nutella\/\" data-orig-file=\"https:\/\/i0.wp.com\/le-fort.org\/cocina\/wp-content\/uploads\/2013\/07\/esparciendo-nutella.jpg?fit=700%2C420&amp;ssl=1\" data-orig-size=\"700,420\" data-comments-opened=\"0\" data-image-meta=\"{&quot;aperture&quot;:&quot;0&quot;,&quot;credit&quot;:&quot;&quot;,&quot;camera&quot;:&quot;&quot;,&quot;caption&quot;:&quot;&quot;,&quot;created_timestamp&quot;:&quot;0&quot;,&quot;copyright&quot;:&quot;&quot;,&quot;focal_length&quot;:&quot;0&quot;,&quot;iso&quot;:&quot;0&quot;,&quot;shutter_speed&quot;:&quot;0&quot;,&quot;title&quot;:&quot;&quot;,&quot;orientation&quot;:&quot;0&quot;}\" data-image-title=\"esparciendo-nutella\" data-image-description=\"\" data-image-caption=\"\" data-large-file=\"https:\/\/i0.wp.com\/le-fort.org\/cocina\/wp-content\/uploads\/2013\/07\/esparciendo-nutella.jpg?fit=700%2C420&amp;ssl=1\" class=\"aligncenter size-full wp-image-4741\" alt=\"esparciendo-nutella\" src=\"https:\/\/i0.wp.com\/www.le-fort.org\/wp-content\/uploads\/2013\/07\/esparciendo-nutella.jpg?resize=700%2C420&#038;ssl=1\" width=\"700\" height=\"420\" srcset=\"https:\/\/i0.wp.com\/le-fort.org\/cocina\/wp-content\/uploads\/2013\/07\/esparciendo-nutella.jpg?w=700&amp;ssl=1 700w, https:\/\/i0.wp.com\/le-fort.org\/cocina\/wp-content\/uploads\/2013\/07\/esparciendo-nutella.jpg?resize=600%2C360&amp;ssl=1 600w\" sizes=\"auto, (max-width: 700px) 100vw, 700px\" \/><\/p>\n<p>Volver a tapar y cortar en 16 (o en 4 si la gula es mucha).<\/p>\n<figure id=\"attachment_4737\" aria-describedby=\"caption-attachment-4737\" style=\"width: 700px\" class=\"wp-caption aligncenter\"><a href=\"https:\/\/i0.wp.com\/le-fort.org\/wp-content\/uploads\/2013\/07\/brownies-cuarteados.jpg?ssl=1\"><img data-recalc-dims=\"1\" loading=\"lazy\" decoding=\"async\" data-attachment-id=\"4737\" data-permalink=\"https:\/\/le-fort.org\/cocina\/brownies-con-naranja-y-nutella\/brownies-cuarteados\/\" data-orig-file=\"https:\/\/i0.wp.com\/le-fort.org\/cocina\/wp-content\/uploads\/2013\/07\/brownies-cuarteados.jpg?fit=700%2C420&amp;ssl=1\" data-orig-size=\"700,420\" data-comments-opened=\"0\" data-image-meta=\"{&quot;aperture&quot;:&quot;0&quot;,&quot;credit&quot;:&quot;&quot;,&quot;camera&quot;:&quot;&quot;,&quot;caption&quot;:&quot;&quot;,&quot;created_timestamp&quot;:&quot;0&quot;,&quot;copyright&quot;:&quot;&quot;,&quot;focal_length&quot;:&quot;0&quot;,&quot;iso&quot;:&quot;0&quot;,&quot;shutter_speed&quot;:&quot;0&quot;,&quot;title&quot;:&quot;&quot;,&quot;orientation&quot;:&quot;0&quot;}\" data-image-title=\"brownies-cuarteados\" data-image-description=\"\" data-image-caption=\"&lt;p&gt;Salen dieciseis brownies peque\u00f1os&lt;\/p&gt;\n\" data-large-file=\"https:\/\/i0.wp.com\/le-fort.org\/cocina\/wp-content\/uploads\/2013\/07\/brownies-cuarteados.jpg?fit=700%2C420&amp;ssl=1\" class=\"size-full wp-image-4737\" alt=\"Salen dieciseis brownies peque\u00f1os\" src=\"https:\/\/i0.wp.com\/www.le-fort.org\/wp-content\/uploads\/2013\/07\/brownies-cuarteados.jpg?resize=700%2C420&#038;ssl=1\" width=\"700\" height=\"420\" srcset=\"https:\/\/i0.wp.com\/le-fort.org\/cocina\/wp-content\/uploads\/2013\/07\/brownies-cuarteados.jpg?w=700&amp;ssl=1 700w, https:\/\/i0.wp.com\/le-fort.org\/cocina\/wp-content\/uploads\/2013\/07\/brownies-cuarteados.jpg?resize=600%2C360&amp;ssl=1 600w\" sizes=\"auto, (max-width: 700px) 100vw, 700px\" \/><\/a><figcaption id=\"caption-attachment-4737\" class=\"wp-caption-text\">Salen dieciseis brownies peque\u00f1os<\/figcaption><\/figure>\n<p>A comer. No es problema si te los comes tibios.<\/p>\n<p><a href=\"https:\/\/i0.wp.com\/le-fort.org\/wp-content\/uploads\/2013\/07\/brownies-naraanja-nutella-listos.jpg?ssl=1\"><img data-recalc-dims=\"1\" loading=\"lazy\" decoding=\"async\" data-attachment-id=\"4738\" data-permalink=\"https:\/\/le-fort.org\/cocina\/brownies-con-naranja-y-nutella\/brownies-naraanja-nutella-listos\/\" data-orig-file=\"https:\/\/i0.wp.com\/le-fort.org\/cocina\/wp-content\/uploads\/2013\/07\/brownies-naraanja-nutella-listos.jpg?fit=700%2C420&amp;ssl=1\" data-orig-size=\"700,420\" data-comments-opened=\"0\" data-image-meta=\"{&quot;aperture&quot;:&quot;0&quot;,&quot;credit&quot;:&quot;&quot;,&quot;camera&quot;:&quot;&quot;,&quot;caption&quot;:&quot;&quot;,&quot;created_timestamp&quot;:&quot;0&quot;,&quot;copyright&quot;:&quot;&quot;,&quot;focal_length&quot;:&quot;0&quot;,&quot;iso&quot;:&quot;0&quot;,&quot;shutter_speed&quot;:&quot;0&quot;,&quot;title&quot;:&quot;&quot;,&quot;orientation&quot;:&quot;0&quot;}\" data-image-title=\"brownies-naraanja-nutella-listos\" data-image-description=\"\" data-image-caption=\"\" data-large-file=\"https:\/\/i0.wp.com\/le-fort.org\/cocina\/wp-content\/uploads\/2013\/07\/brownies-naraanja-nutella-listos.jpg?fit=700%2C420&amp;ssl=1\" class=\"aligncenter size-full wp-image-4738\" alt=\"brownies-naraanja-nutella-listos\" src=\"https:\/\/i0.wp.com\/www.le-fort.org\/wp-content\/uploads\/2013\/07\/brownies-naraanja-nutella-listos.jpg?resize=700%2C420&#038;ssl=1\" width=\"700\" height=\"420\" srcset=\"https:\/\/i0.wp.com\/le-fort.org\/cocina\/wp-content\/uploads\/2013\/07\/brownies-naraanja-nutella-listos.jpg?w=700&amp;ssl=1 700w, https:\/\/i0.wp.com\/le-fort.org\/cocina\/wp-content\/uploads\/2013\/07\/brownies-naraanja-nutella-listos.jpg?resize=600%2C360&amp;ssl=1 600w\" sizes=\"auto, (max-width: 700px) 100vw, 700px\" \/><\/a><\/p>\n<p>Cu\u00e9ntanos c\u00f3mo te salieron.<\/p>\n<p>[fin]<\/p>\n<p>&nbsp;<\/p>\n<p>&nbsp;<\/p>\n","protected":false},"excerpt":{"rendered":"<p>Receta de Brownies de naranja y Nutella, con trocitos de c\u00e1scara de naranja confitada y una capa de Nutella.<\/p>\n","protected":false},"author":1,"featured_media":4736,"comment_status":"open","ping_status":"closed","sticky":false,"template":"","format":"standard","meta":{"_jetpack_newsletter_access":"","_jetpack_dont_email_post_to_subs":false,"_jetpack_newsletter_tier_id":0,"_jetpack_memberships_contains_paywalled_content":false,"_jetpack_memberships_contains_paid_content":false,"footnotes":""},"categories":[2,25],"tags":[81,98,175,26],"class_list":["post-4728","post","type-post","status-publish","format-standard","has-post-thumbnail","hentry","category-recetas","category-reposteria","tag-brownies","tag-naranja","tag-naranjitas","tag-nutella","entry","has-media"],"jetpack_featured_media_url":"https:\/\/i0.wp.com\/le-fort.org\/cocina\/wp-content\/uploads\/2013\/07\/brownie-naranja-nutella-hd.jpg?fit=1200%2C401&ssl=1","jetpack_shortlink":"https:\/\/wp.me\/pghKer-1eg","jetpack_sharing_enabled":true,"jetpack-related-posts":[{"id":2061,"url":"https:\/\/le-fort.org\/cocina\/receta-de-brownies\/","url_meta":{"origin":4728,"position":0},"title":"Receta de Brownies B\u00e1sica y Chocolatosa","author":"Le-Fort.org","date":"2 de Agosto, 2012","format":false,"excerpt":"Los Brownies \u2013negritos en nuestro idioma\u2013 son un h\u00edbrido entre queque y \u00bfcaluga? de chocolate de origen estadounidense. Aqu\u00ed est\u00e1 la receta de los brownies de chocolate.","rel":"","context":"En &quot;Comida&quot;","block_context":{"text":"Comida","link":"https:\/\/le-fort.org\/cocina\/categoria\/cocina-comida\/"},"img":{"alt_text":"","src":"https:\/\/i0.wp.com\/le-fort.org\/cocina\/wp-content\/uploads\/2012\/08\/brownies-800x288.jpg?fit=800%2C288&ssl=1&resize=350%2C200","width":350,"height":200,"srcset":"https:\/\/i0.wp.com\/le-fort.org\/cocina\/wp-content\/uploads\/2012\/08\/brownies-800x288.jpg?fit=800%2C288&ssl=1&resize=350%2C200 1x, https:\/\/i0.wp.com\/le-fort.org\/cocina\/wp-content\/uploads\/2012\/08\/brownies-800x288.jpg?fit=800%2C288&ssl=1&resize=525%2C300 1.5x, https:\/\/i0.wp.com\/le-fort.org\/cocina\/wp-content\/uploads\/2012\/08\/brownies-800x288.jpg?fit=800%2C288&ssl=1&resize=700%2C400 2x"},"classes":[]},{"id":623,"url":"https:\/\/le-fort.org\/cocina\/nutella-chocolate-avellanas-adiccion\/","url_meta":{"origin":4728,"position":1},"title":"Nutella: chocolate, avellanas y adicci\u00f3n","author":"Le-Fort.org","date":"4 de Agosto, 2011","format":false,"excerpt":"Qu\u00e9 rica es la nutella. Es una pasta de avellanas, chocolate y leche que es adictiva.","rel":"","context":"En &quot;Comida&quot;","block_context":{"text":"Comida","link":"https:\/\/le-fort.org\/cocina\/categoria\/cocina-comida\/"},"img":{"alt_text":"","src":"https:\/\/i0.wp.com\/le-fort.org\/cocina\/wp-content\/uploads\/2011\/08\/nutella1.jpg?fit=620%2C250&ssl=1&resize=350%2C200","width":350,"height":200,"srcset":"https:\/\/i0.wp.com\/le-fort.org\/cocina\/wp-content\/uploads\/2011\/08\/nutella1.jpg?fit=620%2C250&ssl=1&resize=350%2C200 1x, https:\/\/i0.wp.com\/le-fort.org\/cocina\/wp-content\/uploads\/2011\/08\/nutella1.jpg?fit=620%2C250&ssl=1&resize=525%2C300 1.5x"},"classes":[]},{"id":2309,"url":"https:\/\/le-fort.org\/cocina\/receta-naranjitas-con-chocolate-estamos-en-problemas\/","url_meta":{"origin":4728,"position":2},"title":"Receta: Naranjitas con Chocolate. Estamos en Problemas","author":"Le-Fort.org","date":"1 de Diciembre, 2012","format":false,"excerpt":"Aprendimos a hacer c\u00e1scaras de naranja confitadas cubiertas de chocolate. Estamos en problemas.","rel":"","context":"En &quot;Comida&quot;","block_context":{"text":"Comida","link":"https:\/\/le-fort.org\/cocina\/categoria\/cocina-comida\/"},"img":{"alt_text":"","src":"https:\/\/i0.wp.com\/le-fort.org\/cocina\/wp-content\/uploads\/2012\/12\/2012-12-01_10-03-59_273-800x288.jpg?fit=800%2C288&ssl=1&resize=350%2C200","width":350,"height":200,"srcset":"https:\/\/i0.wp.com\/le-fort.org\/cocina\/wp-content\/uploads\/2012\/12\/2012-12-01_10-03-59_273-800x288.jpg?fit=800%2C288&ssl=1&resize=350%2C200 1x, https:\/\/i0.wp.com\/le-fort.org\/cocina\/wp-content\/uploads\/2012\/12\/2012-12-01_10-03-59_273-800x288.jpg?fit=800%2C288&ssl=1&resize=525%2C300 1.5x, https:\/\/i0.wp.com\/le-fort.org\/cocina\/wp-content\/uploads\/2012\/12\/2012-12-01_10-03-59_273-800x288.jpg?fit=800%2C288&ssl=1&resize=700%2C400 2x"},"classes":[]},{"id":5755,"url":"https:\/\/le-fort.org\/cocina\/mille-crepe-de-ganache-de-nutella\/","url_meta":{"origin":4728,"position":3},"title":"Mille Cr\u00eape de Ganache de Nutella","author":"Le-Fort.org","date":"21 de Septiembre, 2014","format":false,"excerpt":"Mille Cr\u00eape de Ganache de Nutella, una torta r\u00e1pida y f\u00e1cil, sobre todo si eres bueno para hacer panqueques y te gusta la nutella. Pru\u00e9bala y cu\u00e9ntanos qu\u00e9 opinas.","rel":"","context":"En &quot;Chocolate&quot;","block_context":{"text":"Chocolate","link":"https:\/\/le-fort.org\/cocina\/categoria\/chocolate\/"},"img":{"alt_text":"","src":"https:\/\/i0.wp.com\/le-fort.org\/cocina\/wp-content\/uploads\/2014\/09\/mille-crepe-nutella-hd.jpg?fit=1200%2C400&ssl=1&resize=350%2C200","width":350,"height":200,"srcset":"https:\/\/i0.wp.com\/le-fort.org\/cocina\/wp-content\/uploads\/2014\/09\/mille-crepe-nutella-hd.jpg?fit=1200%2C400&ssl=1&resize=350%2C200 1x, https:\/\/i0.wp.com\/le-fort.org\/cocina\/wp-content\/uploads\/2014\/09\/mille-crepe-nutella-hd.jpg?fit=1200%2C400&ssl=1&resize=525%2C300 1.5x, https:\/\/i0.wp.com\/le-fort.org\/cocina\/wp-content\/uploads\/2014\/09\/mille-crepe-nutella-hd.jpg?fit=1200%2C400&ssl=1&resize=700%2C400 2x, https:\/\/i0.wp.com\/le-fort.org\/cocina\/wp-content\/uploads\/2014\/09\/mille-crepe-nutella-hd.jpg?fit=1200%2C400&ssl=1&resize=1050%2C600 3x"},"classes":[]},{"id":13500,"url":"https:\/\/le-fort.org\/cocina\/naranjitas\/","url_meta":{"origin":4728,"position":4},"title":"Naranjitas: C\u00e1scaras de naranja confitadas","author":"Marell Rojas","date":"25 de Noviembre, 2018","format":false,"excerpt":"Naranjitas: c\u00e1scaras de naranja confitadas en el propio jugo de las naranjas, despu\u00e9s de tres hervores cortos para reducir el amargo.","rel":"","context":"En &quot;General&quot;","block_context":{"text":"General","link":"https:\/\/le-fort.org\/cocina\/categoria\/general\/"},"img":{"alt_text":"","src":"https:\/\/i0.wp.com\/le-fort.org\/cocina\/wp-content\/uploads\/2018\/11\/naranjitas-hd-1.jpg?fit=1200%2C400&ssl=1&resize=350%2C200","width":350,"height":200,"srcset":"https:\/\/i0.wp.com\/le-fort.org\/cocina\/wp-content\/uploads\/2018\/11\/naranjitas-hd-1.jpg?fit=1200%2C400&ssl=1&resize=350%2C200 1x, https:\/\/i0.wp.com\/le-fort.org\/cocina\/wp-content\/uploads\/2018\/11\/naranjitas-hd-1.jpg?fit=1200%2C400&ssl=1&resize=525%2C300 1.5x, https:\/\/i0.wp.com\/le-fort.org\/cocina\/wp-content\/uploads\/2018\/11\/naranjitas-hd-1.jpg?fit=1200%2C400&ssl=1&resize=700%2C400 2x, https:\/\/i0.wp.com\/le-fort.org\/cocina\/wp-content\/uploads\/2018\/11\/naranjitas-hd-1.jpg?fit=1200%2C400&ssl=1&resize=1050%2C600 3x"},"classes":[]},{"id":5932,"url":"https:\/\/le-fort.org\/cocina\/torta-mille-crepe-de-nutella\/","url_meta":{"origin":4728,"position":5},"title":"Torta Mille Cr\u00eape de Nutella","author":"Le-Fort.org","date":"5 de Enero, 2015","format":false,"excerpt":"Receta de torta de panqueques y nutella, llamada Mille Cr\u00eape. Es muy simple y r\u00e1pida de armar y fue un \u00e9xito en el cumplea\u00f1os.","rel":"","context":"En &quot;Chocolate&quot;","block_context":{"text":"Chocolate","link":"https:\/\/le-fort.org\/cocina\/categoria\/chocolate\/"},"img":{"alt_text":"","src":"https:\/\/i0.wp.com\/le-fort.org\/cocina\/wp-content\/uploads\/2015\/01\/mille-crepe-nutella-hd.jpg?fit=1200%2C400&ssl=1&resize=350%2C200","width":350,"height":200,"srcset":"https:\/\/i0.wp.com\/le-fort.org\/cocina\/wp-content\/uploads\/2015\/01\/mille-crepe-nutella-hd.jpg?fit=1200%2C400&ssl=1&resize=350%2C200 1x, https:\/\/i0.wp.com\/le-fort.org\/cocina\/wp-content\/uploads\/2015\/01\/mille-crepe-nutella-hd.jpg?fit=1200%2C400&ssl=1&resize=525%2C300 1.5x, https:\/\/i0.wp.com\/le-fort.org\/cocina\/wp-content\/uploads\/2015\/01\/mille-crepe-nutella-hd.jpg?fit=1200%2C400&ssl=1&resize=700%2C400 2x, https:\/\/i0.wp.com\/le-fort.org\/cocina\/wp-content\/uploads\/2015\/01\/mille-crepe-nutella-hd.jpg?fit=1200%2C400&ssl=1&resize=1050%2C600 3x"},"classes":[]}],"_links":{"self":[{"href":"https:\/\/le-fort.org\/cocina\/wp-json\/wp\/v2\/posts\/4728","targetHints":{"allow":["GET"]}}],"collection":[{"href":"https:\/\/le-fort.org\/cocina\/wp-json\/wp\/v2\/posts"}],"about":[{"href":"https:\/\/le-fort.org\/cocina\/wp-json\/wp\/v2\/types\/post"}],"author":[{"embeddable":true,"href":"https:\/\/le-fort.org\/cocina\/wp-json\/wp\/v2\/users\/1"}],"replies":[{"embeddable":true,"href":"https:\/\/le-fort.org\/cocina\/wp-json\/wp\/v2\/comments?post=4728"}],"version-history":[{"count":0,"href":"https:\/\/le-fort.org\/cocina\/wp-json\/wp\/v2\/posts\/4728\/revisions"}],"wp:featuredmedia":[{"embeddable":true,"href":"https:\/\/le-fort.org\/cocina\/wp-json\/wp\/v2\/media\/4736"}],"wp:attachment":[{"href":"https:\/\/le-fort.org\/cocina\/wp-json\/wp\/v2\/media?parent=4728"}],"wp:term":[{"taxonomy":"category","embeddable":true,"href":"https:\/\/le-fort.org\/cocina\/wp-json\/wp\/v2\/categories?post=4728"},{"taxonomy":"post_tag","embeddable":true,"href":"https:\/\/le-fort.org\/cocina\/wp-json\/wp\/v2\/tags?post=4728"}],"curies":[{"name":"wp","href":"https:\/\/api.w.org\/{rel}","templated":true}]}}