{"id":4765,"date":"2013-07-13T15:44:15","date_gmt":"2013-07-13T15:44:15","guid":{"rendered":"http:\/\/www.loquecomemos.com\/?p=4765"},"modified":"2013-07-24T03:59:18","modified_gmt":"2013-07-24T03:59:18","slug":"helado-de-nutella","status":"publish","type":"post","link":"https:\/\/le-fort.org\/cocina\/helado-de-nutella\/","title":{"rendered":"Helado de Nutella"},"content":{"rendered":"<p>Este helado r\u00e1pido de Nutella es un potencial vicio.<\/p>\n<p><a href=\"https:\/\/i0.wp.com\/le-fort.org\/wp-content\/uploads\/2013\/07\/helado-nutella-hd.jpg?ssl=1\"><img data-recalc-dims=\"1\" loading=\"lazy\" decoding=\"async\" data-attachment-id=\"4766\" data-permalink=\"https:\/\/le-fort.org\/cocina\/helado-de-nutella\/helado-nutella-hd\/\" data-orig-file=\"https:\/\/i0.wp.com\/le-fort.org\/cocina\/wp-content\/uploads\/2013\/07\/helado-nutella-hd.jpg?fit=1200%2C400&amp;ssl=1\" data-orig-size=\"1200,400\" data-comments-opened=\"0\" data-image-meta=\"{&quot;aperture&quot;:&quot;0&quot;,&quot;credit&quot;:&quot;&quot;,&quot;camera&quot;:&quot;&quot;,&quot;caption&quot;:&quot;&quot;,&quot;created_timestamp&quot;:&quot;0&quot;,&quot;copyright&quot;:&quot;&quot;,&quot;focal_length&quot;:&quot;0&quot;,&quot;iso&quot;:&quot;0&quot;,&quot;shutter_speed&quot;:&quot;0&quot;,&quot;title&quot;:&quot;&quot;,&quot;orientation&quot;:&quot;0&quot;}\" data-image-title=\"helado-nutella-hd\" data-image-description=\"\" data-image-caption=\"\" data-large-file=\"https:\/\/i0.wp.com\/le-fort.org\/cocina\/wp-content\/uploads\/2013\/07\/helado-nutella-hd.jpg?fit=1200%2C400&amp;ssl=1\" class=\"aligncenter size-full wp-image-4766\" alt=\"helado-nutella-hd\" src=\"https:\/\/i0.wp.com\/www.le-fort.org\/wp-content\/uploads\/2013\/07\/helado-nutella-hd.jpg?resize=1200%2C400&#038;ssl=1\" width=\"1200\" height=\"400\" srcset=\"https:\/\/i0.wp.com\/le-fort.org\/cocina\/wp-content\/uploads\/2013\/07\/helado-nutella-hd.jpg?w=1200&amp;ssl=1 1200w, https:\/\/i0.wp.com\/le-fort.org\/cocina\/wp-content\/uploads\/2013\/07\/helado-nutella-hd.jpg?resize=600%2C200&amp;ssl=1 600w\" sizes=\"auto, (max-width: 1200px) 100vw, 1200px\" \/><\/a><\/p>\n<p>Se prepara en forma peligrosamente f\u00e1cil, de la siguiente manera:<\/p>\n<p><!--more--><\/p>\n<ul>\n<li><span style=\"line-height: 15px;\">1 taza de leche<\/span><\/li>\n<li>1\/2 taza de Nutella<\/li>\n<li>1\/2 taza de queso crema (tipo Philadelphia)<\/li>\n<li>Az\u00facar opcional<\/li>\n<li>Chips de chocolate a gusto.<\/li>\n<\/ul>\n<p>Mezclar todos los ingredientes, revolviendo hasta que el queso crema se incorpore.<\/p>\n<p>Congelar, sacando cada una hora del congelador para revolver. Con esto rompemos los cristales de hielo que se est\u00e1n formando y le damos la consistencia cremosa al helado. Cuando el helado ha solidificado, est\u00e1 listo.<\/p>\n<figure id=\"attachment_4767\" aria-describedby=\"caption-attachment-4767\" style=\"width: 700px\" class=\"wp-caption aligncenter\"><img data-recalc-dims=\"1\" loading=\"lazy\" decoding=\"async\" data-attachment-id=\"4767\" data-permalink=\"https:\/\/le-fort.org\/cocina\/helado-de-nutella\/helado-de-nutella\/\" data-orig-file=\"https:\/\/i0.wp.com\/le-fort.org\/cocina\/wp-content\/uploads\/2013\/07\/helado-de-nutella.jpg?fit=700%2C423&amp;ssl=1\" data-orig-size=\"700,423\" data-comments-opened=\"0\" data-image-meta=\"{&quot;aperture&quot;:&quot;0&quot;,&quot;credit&quot;:&quot;&quot;,&quot;camera&quot;:&quot;&quot;,&quot;caption&quot;:&quot;&quot;,&quot;created_timestamp&quot;:&quot;0&quot;,&quot;copyright&quot;:&quot;&quot;,&quot;focal_length&quot;:&quot;0&quot;,&quot;iso&quot;:&quot;0&quot;,&quot;shutter_speed&quot;:&quot;0&quot;,&quot;title&quot;:&quot;&quot;,&quot;orientation&quot;:&quot;0&quot;}\" data-image-title=\"helado-de-nutella\" data-image-description=\"\" data-image-caption=\"&lt;p&gt;El peligrosamente simple helado de Nutella&lt;\/p&gt;\n\" data-large-file=\"https:\/\/i0.wp.com\/le-fort.org\/cocina\/wp-content\/uploads\/2013\/07\/helado-de-nutella.jpg?fit=700%2C423&amp;ssl=1\" class=\"size-full wp-image-4767\" alt=\"El peligrosamente simple helado de Nutella\" src=\"https:\/\/i0.wp.com\/www.le-fort.org\/wp-content\/uploads\/2013\/07\/helado-de-nutella.jpg?resize=700%2C423&#038;ssl=1\" width=\"700\" height=\"423\" srcset=\"https:\/\/i0.wp.com\/le-fort.org\/cocina\/wp-content\/uploads\/2013\/07\/helado-de-nutella.jpg?w=700&amp;ssl=1 700w, https:\/\/i0.wp.com\/le-fort.org\/cocina\/wp-content\/uploads\/2013\/07\/helado-de-nutella.jpg?resize=600%2C363&amp;ssl=1 600w\" sizes=\"auto, (max-width: 700px) 100vw, 700px\" \/><figcaption id=\"caption-attachment-4767\" class=\"wp-caption-text\">El peligrosamente simple helado de Nutella<\/figcaption><\/figure>\n<p>El resto es simplemente la perdici\u00f3n.<\/p>\n<p>[fin]<\/p>\n","protected":false},"excerpt":{"rendered":"<p>Receta de helado r\u00e1pido de Nutella. Es delicioso y peligros\u00edsimamente f\u00e1cil<\/p>\n","protected":false},"author":1,"featured_media":4766,"comment_status":"open","ping_status":"closed","sticky":false,"template":"","format":"standard","meta":{"_jetpack_newsletter_access":"","_jetpack_dont_email_post_to_subs":false,"_jetpack_newsletter_tier_id":0,"_jetpack_memberships_contains_paywalled_content":false,"_jetpack_memberships_contains_paid_content":false,"footnotes":""},"categories":[2,25],"tags":[84,26],"class_list":["post-4765","post","type-post","status-publish","format-standard","has-post-thumbnail","hentry","category-recetas","category-reposteria","tag-helado","tag-nutella","entry","has-media"],"jetpack_featured_media_url":"https:\/\/i0.wp.com\/le-fort.org\/cocina\/wp-content\/uploads\/2013\/07\/helado-nutella-hd.jpg?fit=1200%2C400&ssl=1","jetpack_shortlink":"https:\/\/wp.me\/pghKer-1eR","jetpack_sharing_enabled":true,"jetpack-related-posts":[{"id":3262,"url":"https:\/\/le-fort.org\/cocina\/kulfi-de-cardamomo-helado-indio\/","url_meta":{"origin":4765,"position":0},"title":"Kulfi de Cardamomo \u2013 Helado Indio","author":"Le-Fort.org","date":"23 de Marzo, 2013","format":false,"excerpt":"Receta de Kulfi. El Kulfi es un helado de India, de leche endulzada reducida por cocci\u00f3n. Esta receta es m\u00e1s r\u00e1pida, y utiliza leche condensada y leche evaporada.","rel":"","context":"En &quot;Comida&quot;","block_context":{"text":"Comida","link":"https:\/\/le-fort.org\/cocina\/categoria\/cocina-comida\/"},"img":{"alt_text":"Kulfi de Cardamomo con jarabe de mora","src":"https:\/\/i0.wp.com\/www.le-fort.org\/wp-content\/uploads\/2013\/03\/2013-03-23_15-27-47_4141.jpg?resize=350%2C200&ssl=1","width":350,"height":200,"srcset":"https:\/\/i0.wp.com\/www.le-fort.org\/wp-content\/uploads\/2013\/03\/2013-03-23_15-27-47_4141.jpg?resize=350%2C200&ssl=1 1x, https:\/\/i0.wp.com\/www.le-fort.org\/wp-content\/uploads\/2013\/03\/2013-03-23_15-27-47_4141.jpg?resize=525%2C300&ssl=1 1.5x, https:\/\/i0.wp.com\/www.le-fort.org\/wp-content\/uploads\/2013\/03\/2013-03-23_15-27-47_4141.jpg?resize=700%2C400&ssl=1 2x"},"classes":[]},{"id":4728,"url":"https:\/\/le-fort.org\/cocina\/brownies-con-naranja-y-nutella\/","url_meta":{"origin":4765,"position":1},"title":"Brownies con Naranja y Nutella","author":"Le-Fort.org","date":"11 de Julio, 2013","format":false,"excerpt":"Receta de Brownies de naranja y Nutella, con trocitos de c\u00e1scara de naranja confitada y una capa de Nutella.","rel":"","context":"En &quot;Recetas&quot;","block_context":{"text":"Recetas","link":"https:\/\/le-fort.org\/cocina\/categoria\/recetas\/"},"img":{"alt_text":"","src":"https:\/\/i0.wp.com\/le-fort.org\/cocina\/wp-content\/uploads\/2013\/07\/brownie-naranja-nutella-hd.jpg?fit=1200%2C401&ssl=1&resize=350%2C200","width":350,"height":200,"srcset":"https:\/\/i0.wp.com\/le-fort.org\/cocina\/wp-content\/uploads\/2013\/07\/brownie-naranja-nutella-hd.jpg?fit=1200%2C401&ssl=1&resize=350%2C200 1x, https:\/\/i0.wp.com\/le-fort.org\/cocina\/wp-content\/uploads\/2013\/07\/brownie-naranja-nutella-hd.jpg?fit=1200%2C401&ssl=1&resize=525%2C300 1.5x, https:\/\/i0.wp.com\/le-fort.org\/cocina\/wp-content\/uploads\/2013\/07\/brownie-naranja-nutella-hd.jpg?fit=1200%2C401&ssl=1&resize=700%2C400 2x, https:\/\/i0.wp.com\/le-fort.org\/cocina\/wp-content\/uploads\/2013\/07\/brownie-naranja-nutella-hd.jpg?fit=1200%2C401&ssl=1&resize=1050%2C600 3x"},"classes":[]},{"id":623,"url":"https:\/\/le-fort.org\/cocina\/nutella-chocolate-avellanas-adiccion\/","url_meta":{"origin":4765,"position":2},"title":"Nutella: chocolate, avellanas y adicci\u00f3n","author":"Le-Fort.org","date":"4 de Agosto, 2011","format":false,"excerpt":"Qu\u00e9 rica es la nutella. Es una pasta de avellanas, chocolate y leche que es adictiva.","rel":"","context":"En &quot;Comida&quot;","block_context":{"text":"Comida","link":"https:\/\/le-fort.org\/cocina\/categoria\/cocina-comida\/"},"img":{"alt_text":"","src":"https:\/\/i0.wp.com\/le-fort.org\/cocina\/wp-content\/uploads\/2011\/08\/nutella1.jpg?fit=620%2C250&ssl=1&resize=350%2C200","width":350,"height":200,"srcset":"https:\/\/i0.wp.com\/le-fort.org\/cocina\/wp-content\/uploads\/2011\/08\/nutella1.jpg?fit=620%2C250&ssl=1&resize=350%2C200 1x, https:\/\/i0.wp.com\/le-fort.org\/cocina\/wp-content\/uploads\/2011\/08\/nutella1.jpg?fit=620%2C250&ssl=1&resize=525%2C300 1.5x"},"classes":[]},{"id":2000,"url":"https:\/\/le-fort.org\/cocina\/receta-flap-jacks-con-manzana-acaramelada\/","url_meta":{"origin":4765,"position":3},"title":"Receta: Flap-Jacks con Manzana Acaramelada","author":"Le-Fort.org","date":"10 de Junio, 2012","format":false,"excerpt":"Receta de flap-jacks, o sea panqueques gorditos, con manzana acaramelada y canela","rel":"","context":"En &quot;Comida&quot;","block_context":{"text":"Comida","link":"https:\/\/le-fort.org\/cocina\/categoria\/cocina-comida\/"},"img":{"alt_text":"","src":"https:\/\/i0.wp.com\/le-fort.org\/cocina\/wp-content\/uploads\/2012\/06\/hd.jpg?fit=600%2C225&ssl=1&resize=350%2C200","width":350,"height":200,"srcset":"https:\/\/i0.wp.com\/le-fort.org\/cocina\/wp-content\/uploads\/2012\/06\/hd.jpg?fit=600%2C225&ssl=1&resize=350%2C200 1x, https:\/\/i0.wp.com\/le-fort.org\/cocina\/wp-content\/uploads\/2012\/06\/hd.jpg?fit=600%2C225&ssl=1&resize=525%2C300 1.5x"},"classes":[]},{"id":5755,"url":"https:\/\/le-fort.org\/cocina\/mille-crepe-de-ganache-de-nutella\/","url_meta":{"origin":4765,"position":4},"title":"Mille Cr\u00eape de Ganache de Nutella","author":"Le-Fort.org","date":"21 de Septiembre, 2014","format":false,"excerpt":"Mille Cr\u00eape de Ganache de Nutella, una torta r\u00e1pida y f\u00e1cil, sobre todo si eres bueno para hacer panqueques y te gusta la nutella. Pru\u00e9bala y cu\u00e9ntanos qu\u00e9 opinas.","rel":"","context":"En &quot;Chocolate&quot;","block_context":{"text":"Chocolate","link":"https:\/\/le-fort.org\/cocina\/categoria\/chocolate\/"},"img":{"alt_text":"","src":"https:\/\/i0.wp.com\/le-fort.org\/cocina\/wp-content\/uploads\/2014\/09\/mille-crepe-nutella-hd.jpg?fit=1200%2C400&ssl=1&resize=350%2C200","width":350,"height":200,"srcset":"https:\/\/i0.wp.com\/le-fort.org\/cocina\/wp-content\/uploads\/2014\/09\/mille-crepe-nutella-hd.jpg?fit=1200%2C400&ssl=1&resize=350%2C200 1x, https:\/\/i0.wp.com\/le-fort.org\/cocina\/wp-content\/uploads\/2014\/09\/mille-crepe-nutella-hd.jpg?fit=1200%2C400&ssl=1&resize=525%2C300 1.5x, https:\/\/i0.wp.com\/le-fort.org\/cocina\/wp-content\/uploads\/2014\/09\/mille-crepe-nutella-hd.jpg?fit=1200%2C400&ssl=1&resize=700%2C400 2x, https:\/\/i0.wp.com\/le-fort.org\/cocina\/wp-content\/uploads\/2014\/09\/mille-crepe-nutella-hd.jpg?fit=1200%2C400&ssl=1&resize=1050%2C600 3x"},"classes":[]},{"id":23,"url":"https:\/\/le-fort.org\/cocina\/heladeria-sorbetto-de-salinas-santa-elena-ecuador\/","url_meta":{"origin":4765,"position":5},"title":"Helader\u00eda Sorbetto de Salinas, Santa Elena, Ecuador","author":"Le-Fort.org","date":"28 de Abril, 2013","format":false,"excerpt":"La helader\u00eda Sorbetto de Salinas tiene helados notables. Les mostramos la Copa Scandalo","rel":"","context":"En &quot;Helader\u00edas&quot;","block_context":{"text":"Helader\u00edas","link":"https:\/\/le-fort.org\/cocina\/categoria\/heladerias\/"},"img":{"alt_text":"","src":"https:\/\/i0.wp.com\/le-fort.org\/cocina\/wp-content\/uploads\/2013\/04\/head.jpg?fit=800%2C300&ssl=1&resize=350%2C200","width":350,"height":200,"srcset":"https:\/\/i0.wp.com\/le-fort.org\/cocina\/wp-content\/uploads\/2013\/04\/head.jpg?fit=800%2C300&ssl=1&resize=350%2C200 1x, https:\/\/i0.wp.com\/le-fort.org\/cocina\/wp-content\/uploads\/2013\/04\/head.jpg?fit=800%2C300&ssl=1&resize=525%2C300 1.5x, https:\/\/i0.wp.com\/le-fort.org\/cocina\/wp-content\/uploads\/2013\/04\/head.jpg?fit=800%2C300&ssl=1&resize=700%2C400 2x"},"classes":[]}],"_links":{"self":[{"href":"https:\/\/le-fort.org\/cocina\/wp-json\/wp\/v2\/posts\/4765","targetHints":{"allow":["GET"]}}],"collection":[{"href":"https:\/\/le-fort.org\/cocina\/wp-json\/wp\/v2\/posts"}],"about":[{"href":"https:\/\/le-fort.org\/cocina\/wp-json\/wp\/v2\/types\/post"}],"author":[{"embeddable":true,"href":"https:\/\/le-fort.org\/cocina\/wp-json\/wp\/v2\/users\/1"}],"replies":[{"embeddable":true,"href":"https:\/\/le-fort.org\/cocina\/wp-json\/wp\/v2\/comments?post=4765"}],"version-history":[{"count":0,"href":"https:\/\/le-fort.org\/cocina\/wp-json\/wp\/v2\/posts\/4765\/revisions"}],"wp:featuredmedia":[{"embeddable":true,"href":"https:\/\/le-fort.org\/cocina\/wp-json\/wp\/v2\/media\/4766"}],"wp:attachment":[{"href":"https:\/\/le-fort.org\/cocina\/wp-json\/wp\/v2\/media?parent=4765"}],"wp:term":[{"taxonomy":"category","embeddable":true,"href":"https:\/\/le-fort.org\/cocina\/wp-json\/wp\/v2\/categories?post=4765"},{"taxonomy":"post_tag","embeddable":true,"href":"https:\/\/le-fort.org\/cocina\/wp-json\/wp\/v2\/tags?post=4765"}],"curies":[{"name":"wp","href":"https:\/\/api.w.org\/{rel}","templated":true}]}}