{"id":4798,"date":"2013-07-16T18:29:59","date_gmt":"2013-07-16T18:29:59","guid":{"rendered":"http:\/\/www.loquecomemos.com\/?p=4798"},"modified":"2013-07-16T18:29:59","modified_gmt":"2013-07-16T18:29:59","slug":"barritas-de-mani-salado-y-caramelo","status":"publish","type":"post","link":"https:\/\/le-fort.org\/cocina\/barritas-de-mani-salado-y-caramelo\/","title":{"rendered":"Barritas de Man\u00ed Salado y Caramelo"},"content":{"rendered":"<p><img data-recalc-dims=\"1\" loading=\"lazy\" decoding=\"async\" data-attachment-id=\"4801\" data-permalink=\"https:\/\/le-fort.org\/cocina\/barritas-de-mani-salado-y-caramelo\/cortadas\/\" data-orig-file=\"https:\/\/i0.wp.com\/le-fort.org\/cocina\/wp-content\/uploads\/2013\/07\/cortadas.jpg?fit=700%2C420&amp;ssl=1\" data-orig-size=\"700,420\" data-comments-opened=\"0\" data-image-meta=\"{&quot;aperture&quot;:&quot;0&quot;,&quot;credit&quot;:&quot;&quot;,&quot;camera&quot;:&quot;&quot;,&quot;caption&quot;:&quot;&quot;,&quot;created_timestamp&quot;:&quot;0&quot;,&quot;copyright&quot;:&quot;&quot;,&quot;focal_length&quot;:&quot;0&quot;,&quot;iso&quot;:&quot;0&quot;,&quot;shutter_speed&quot;:&quot;0&quot;,&quot;title&quot;:&quot;&quot;,&quot;orientation&quot;:&quot;0&quot;}\" data-image-title=\"cortadas\" data-image-description=\"\" data-image-caption=\"\" data-large-file=\"https:\/\/i0.wp.com\/le-fort.org\/cocina\/wp-content\/uploads\/2013\/07\/cortadas.jpg?fit=700%2C420&amp;ssl=1\" class=\"alignleft size-thumbnail wp-image-4801\" alt=\"cortadas\" src=\"https:\/\/i0.wp.com\/www.le-fort.org\/wp-content\/uploads\/2013\/07\/cortadas-150x150.jpg?resize=150%2C150&#038;ssl=1\" width=\"150\" height=\"150\" srcset=\"https:\/\/i0.wp.com\/le-fort.org\/cocina\/wp-content\/uploads\/2013\/07\/cortadas.jpg?resize=150%2C150&amp;ssl=1 150w, https:\/\/i0.wp.com\/le-fort.org\/cocina\/wp-content\/uploads\/2013\/07\/cortadas.jpg?zoom=2&amp;resize=150%2C150&amp;ssl=1 300w, https:\/\/i0.wp.com\/le-fort.org\/cocina\/wp-content\/uploads\/2013\/07\/cortadas.jpg?zoom=3&amp;resize=150%2C150&amp;ssl=1 450w\" sizes=\"auto, (max-width: 150px) 100vw, 150px\" \/>Todo comenz\u00f3 por meternos en una conversa a la que no nos hab\u00edan invitado.<\/p>\n<p>En dicha conversa salieron las <em>PayDay bars<\/em>. Como aqu\u00ed no podemos comprarlas, nos vimos obligados a investigar y a hacer.<\/p>\n<p>No quedaron ni parecidas a las fotos que vimos y no quedaron muy lindas, pero quedaron harto buenas, con cara de que las seguiremos haciendo en el futuro.<\/p>\n<p>Se hacen as\u00ed:<!--more--><\/p>\n<h2>Ingredientes<\/h2>\n<ul>\n<li><span style=\"line-height: 15px;\">una taza y media de az\u00facar<\/span><\/li>\n<li>media taza de agua<\/li>\n<li>1 taza de man\u00ed salado<\/li>\n<li>1 taza de mantequilla de man\u00ed<\/li>\n<\/ul>\n<h2>Preparaci\u00f3n<\/h2>\n<p>Hacer un alm\u00edbar espeso con el az\u00facar y el agua.<\/p>\n<figure id=\"attachment_4800\" aria-describedby=\"caption-attachment-4800\" style=\"width: 700px\" class=\"wp-caption aligncenter\"><a href=\"https:\/\/i0.wp.com\/le-fort.org\/wp-content\/uploads\/2013\/07\/caramelo.jpg?ssl=1\"><img data-recalc-dims=\"1\" loading=\"lazy\" decoding=\"async\" data-attachment-id=\"4800\" data-permalink=\"https:\/\/le-fort.org\/cocina\/barritas-de-mani-salado-y-caramelo\/caramelo-2\/\" data-orig-file=\"https:\/\/i0.wp.com\/le-fort.org\/cocina\/wp-content\/uploads\/2013\/07\/caramelo.jpg?fit=700%2C420&amp;ssl=1\" data-orig-size=\"700,420\" data-comments-opened=\"0\" data-image-meta=\"{&quot;aperture&quot;:&quot;0&quot;,&quot;credit&quot;:&quot;&quot;,&quot;camera&quot;:&quot;&quot;,&quot;caption&quot;:&quot;&quot;,&quot;created_timestamp&quot;:&quot;0&quot;,&quot;copyright&quot;:&quot;&quot;,&quot;focal_length&quot;:&quot;0&quot;,&quot;iso&quot;:&quot;0&quot;,&quot;shutter_speed&quot;:&quot;0&quot;,&quot;title&quot;:&quot;&quot;,&quot;orientation&quot;:&quot;0&quot;}\" data-image-title=\"caramelo\" data-image-description=\"\" data-image-caption=\"&lt;p&gt;El alm\u00edbar hirviendo&lt;\/p&gt;\n\" data-large-file=\"https:\/\/i0.wp.com\/le-fort.org\/cocina\/wp-content\/uploads\/2013\/07\/caramelo.jpg?fit=700%2C420&amp;ssl=1\" class=\"size-full wp-image-4800\" alt=\"El alm\u00edbar hirviendo\" src=\"https:\/\/i0.wp.com\/www.le-fort.org\/wp-content\/uploads\/2013\/07\/caramelo.jpg?resize=700%2C420&#038;ssl=1\" width=\"700\" height=\"420\" srcset=\"https:\/\/i0.wp.com\/le-fort.org\/cocina\/wp-content\/uploads\/2013\/07\/caramelo.jpg?w=700&amp;ssl=1 700w, https:\/\/i0.wp.com\/le-fort.org\/cocina\/wp-content\/uploads\/2013\/07\/caramelo.jpg?resize=600%2C360&amp;ssl=1 600w\" sizes=\"auto, (max-width: 700px) 100vw, 700px\" \/><\/a><figcaption id=\"caption-attachment-4800\" class=\"wp-caption-text\">El alm\u00edbar hirviendo<\/figcaption><\/figure>\n<p>Sacar del fuego y a\u00f1adir la mantequilla de man\u00ed.<\/p>\n<figure id=\"attachment_4804\" aria-describedby=\"caption-attachment-4804\" style=\"width: 700px\" class=\"wp-caption aligncenter\"><a href=\"https:\/\/i0.wp.com\/le-fort.org\/wp-content\/uploads\/2013\/07\/mantequilla1.jpg?ssl=1\"><img data-recalc-dims=\"1\" loading=\"lazy\" decoding=\"async\" data-attachment-id=\"4804\" data-permalink=\"https:\/\/le-fort.org\/cocina\/barritas-de-mani-salado-y-caramelo\/mantequilla-2\/\" data-orig-file=\"https:\/\/i0.wp.com\/le-fort.org\/cocina\/wp-content\/uploads\/2013\/07\/mantequilla1.jpg?fit=700%2C420&amp;ssl=1\" data-orig-size=\"700,420\" data-comments-opened=\"0\" data-image-meta=\"{&quot;aperture&quot;:&quot;0&quot;,&quot;credit&quot;:&quot;&quot;,&quot;camera&quot;:&quot;&quot;,&quot;caption&quot;:&quot;&quot;,&quot;created_timestamp&quot;:&quot;0&quot;,&quot;copyright&quot;:&quot;&quot;,&quot;focal_length&quot;:&quot;0&quot;,&quot;iso&quot;:&quot;0&quot;,&quot;shutter_speed&quot;:&quot;0&quot;,&quot;title&quot;:&quot;&quot;,&quot;orientation&quot;:&quot;0&quot;}\" data-image-title=\"mantequilla\" data-image-description=\"\" data-image-caption=\"&lt;p&gt;Mantequilla de man\u00ed a\u00f1adida.&lt;\/p&gt;\n\" data-large-file=\"https:\/\/i0.wp.com\/le-fort.org\/cocina\/wp-content\/uploads\/2013\/07\/mantequilla1.jpg?fit=700%2C420&amp;ssl=1\" class=\"size-full wp-image-4804\" alt=\"Mantequilla de man\u00ed a\u00f1adida.\" src=\"https:\/\/i0.wp.com\/www.le-fort.org\/wp-content\/uploads\/2013\/07\/mantequilla1.jpg?resize=700%2C420&#038;ssl=1\" width=\"700\" height=\"420\" srcset=\"https:\/\/i0.wp.com\/le-fort.org\/cocina\/wp-content\/uploads\/2013\/07\/mantequilla1.jpg?w=700&amp;ssl=1 700w, https:\/\/i0.wp.com\/le-fort.org\/cocina\/wp-content\/uploads\/2013\/07\/mantequilla1.jpg?resize=600%2C360&amp;ssl=1 600w\" sizes=\"auto, (max-width: 700px) 100vw, 700px\" \/><\/a><figcaption id=\"caption-attachment-4804\" class=\"wp-caption-text\">Mantequilla de man\u00ed a\u00f1adida.<\/figcaption><\/figure>\n<p>A\u00f1adir el man\u00ed salado y revolver bien. Dejar enfriar.<\/p>\n<p>Cuando empiece a solidificarse formar y cortar barritas.<\/p>\n<figure id=\"attachment_4801\" aria-describedby=\"caption-attachment-4801\" style=\"width: 700px\" class=\"wp-caption aligncenter\"><a href=\"https:\/\/i0.wp.com\/le-fort.org\/wp-content\/uploads\/2013\/07\/cortadas.jpg?ssl=1\"><img data-recalc-dims=\"1\" loading=\"lazy\" decoding=\"async\" data-attachment-id=\"4801\" data-permalink=\"https:\/\/le-fort.org\/cocina\/barritas-de-mani-salado-y-caramelo\/cortadas\/\" data-orig-file=\"https:\/\/i0.wp.com\/le-fort.org\/cocina\/wp-content\/uploads\/2013\/07\/cortadas.jpg?fit=700%2C420&amp;ssl=1\" data-orig-size=\"700,420\" data-comments-opened=\"0\" data-image-meta=\"{&quot;aperture&quot;:&quot;0&quot;,&quot;credit&quot;:&quot;&quot;,&quot;camera&quot;:&quot;&quot;,&quot;caption&quot;:&quot;&quot;,&quot;created_timestamp&quot;:&quot;0&quot;,&quot;copyright&quot;:&quot;&quot;,&quot;focal_length&quot;:&quot;0&quot;,&quot;iso&quot;:&quot;0&quot;,&quot;shutter_speed&quot;:&quot;0&quot;,&quot;title&quot;:&quot;&quot;,&quot;orientation&quot;:&quot;0&quot;}\" data-image-title=\"cortadas\" data-image-description=\"\" data-image-caption=\"\" data-large-file=\"https:\/\/i0.wp.com\/le-fort.org\/cocina\/wp-content\/uploads\/2013\/07\/cortadas.jpg?fit=700%2C420&amp;ssl=1\" class=\"size-full wp-image-4801\" alt=\"Barras cortadas\" src=\"https:\/\/i0.wp.com\/www.le-fort.org\/wp-content\/uploads\/2013\/07\/cortadas.jpg?resize=700%2C420&#038;ssl=1\" width=\"700\" height=\"420\" srcset=\"https:\/\/i0.wp.com\/le-fort.org\/cocina\/wp-content\/uploads\/2013\/07\/cortadas.jpg?w=700&amp;ssl=1 700w, https:\/\/i0.wp.com\/le-fort.org\/cocina\/wp-content\/uploads\/2013\/07\/cortadas.jpg?resize=600%2C360&amp;ssl=1 600w\" sizes=\"auto, (max-width: 700px) 100vw, 700px\" \/><\/a><figcaption id=\"caption-attachment-4801\" class=\"wp-caption-text\">Barras cortadas<\/figcaption><\/figure>\n<p>Dejar que se enfr\u00eden bien. Se endurecer\u00e1n. Una vez duras, envolver en papel encerado.<\/p>\n<p><a href=\"https:\/\/i0.wp.com\/le-fort.org\/wp-content\/uploads\/2013\/07\/envueltas.jpg?ssl=1\"><img data-recalc-dims=\"1\" loading=\"lazy\" decoding=\"async\" data-attachment-id=\"4802\" data-permalink=\"https:\/\/le-fort.org\/cocina\/barritas-de-mani-salado-y-caramelo\/envueltas\/\" data-orig-file=\"https:\/\/i0.wp.com\/le-fort.org\/cocina\/wp-content\/uploads\/2013\/07\/envueltas.jpg?fit=700%2C420&amp;ssl=1\" data-orig-size=\"700,420\" data-comments-opened=\"0\" data-image-meta=\"{&quot;aperture&quot;:&quot;0&quot;,&quot;credit&quot;:&quot;&quot;,&quot;camera&quot;:&quot;&quot;,&quot;caption&quot;:&quot;&quot;,&quot;created_timestamp&quot;:&quot;0&quot;,&quot;copyright&quot;:&quot;&quot;,&quot;focal_length&quot;:&quot;0&quot;,&quot;iso&quot;:&quot;0&quot;,&quot;shutter_speed&quot;:&quot;0&quot;,&quot;title&quot;:&quot;&quot;,&quot;orientation&quot;:&quot;0&quot;}\" data-image-title=\"envueltas\" data-image-description=\"\" data-image-caption=\"\" data-large-file=\"https:\/\/i0.wp.com\/le-fort.org\/cocina\/wp-content\/uploads\/2013\/07\/envueltas.jpg?fit=700%2C420&amp;ssl=1\" class=\"aligncenter size-full wp-image-4802\" alt=\"envueltas\" src=\"https:\/\/i0.wp.com\/www.le-fort.org\/wp-content\/uploads\/2013\/07\/envueltas.jpg?resize=700%2C420&#038;ssl=1\" width=\"700\" height=\"420\" srcset=\"https:\/\/i0.wp.com\/le-fort.org\/cocina\/wp-content\/uploads\/2013\/07\/envueltas.jpg?w=700&amp;ssl=1 700w, https:\/\/i0.wp.com\/le-fort.org\/cocina\/wp-content\/uploads\/2013\/07\/envueltas.jpg?resize=600%2C360&amp;ssl=1 600w\" sizes=\"auto, (max-width: 700px) 100vw, 700px\" \/><\/a><\/p>\n<p>Comer cuando se quiera.<\/p>\n<figure id=\"attachment_4799\" aria-describedby=\"caption-attachment-4799\" style=\"width: 700px\" class=\"wp-caption aligncenter\"><img data-recalc-dims=\"1\" loading=\"lazy\" decoding=\"async\" data-attachment-id=\"4799\" data-permalink=\"https:\/\/le-fort.org\/cocina\/barritas-de-mani-salado-y-caramelo\/barra\/\" data-orig-file=\"https:\/\/i0.wp.com\/le-fort.org\/cocina\/wp-content\/uploads\/2013\/07\/barra.jpg?fit=700%2C420&amp;ssl=1\" data-orig-size=\"700,420\" data-comments-opened=\"0\" data-image-meta=\"{&quot;aperture&quot;:&quot;0&quot;,&quot;credit&quot;:&quot;&quot;,&quot;camera&quot;:&quot;&quot;,&quot;caption&quot;:&quot;&quot;,&quot;created_timestamp&quot;:&quot;0&quot;,&quot;copyright&quot;:&quot;&quot;,&quot;focal_length&quot;:&quot;0&quot;,&quot;iso&quot;:&quot;0&quot;,&quot;shutter_speed&quot;:&quot;0&quot;,&quot;title&quot;:&quot;&quot;,&quot;orientation&quot;:&quot;0&quot;}\" data-image-title=\"barra\" data-image-description=\"\" data-image-caption=\"\" data-large-file=\"https:\/\/i0.wp.com\/le-fort.org\/cocina\/wp-content\/uploads\/2013\/07\/barra.jpg?fit=700%2C420&amp;ssl=1\" class=\" wp-image-4799\" alt=\"barra\" src=\"https:\/\/i0.wp.com\/www.le-fort.org\/wp-content\/uploads\/2013\/07\/barra.jpg?resize=700%2C420&#038;ssl=1\" width=\"700\" height=\"420\" srcset=\"https:\/\/i0.wp.com\/le-fort.org\/cocina\/wp-content\/uploads\/2013\/07\/barra.jpg?w=700&amp;ssl=1 700w, https:\/\/i0.wp.com\/le-fort.org\/cocina\/wp-content\/uploads\/2013\/07\/barra.jpg?resize=600%2C360&amp;ssl=1 600w\" sizes=\"auto, (max-width: 700px) 100vw, 700px\" \/><figcaption id=\"caption-attachment-4799\" class=\"wp-caption-text\">Barra lista para comer.<\/figcaption><\/figure>\n<p>Estamos considerando ba\u00f1arlas en chocolate.<\/p>\n<p>\u00bfQu\u00e9 opinas?<\/p>\n<p>[fin]<\/p>\n<p>&nbsp;<\/p>\n","protected":false},"excerpt":{"rendered":"<p>Barras de caramelo y man\u00ed salado. F\u00e1ciles y muy ricas, aunque no son lo m\u00e1s bello que hayamos visto.<\/p>\n","protected":false},"author":1,"featured_media":4803,"comment_status":"open","ping_status":"closed","sticky":false,"template":"","format":"standard","meta":{"_jetpack_newsletter_access":"","_jetpack_dont_email_post_to_subs":false,"_jetpack_newsletter_tier_id":0,"_jetpack_memberships_contains_paywalled_content":false,"_jetpack_memberships_contains_paid_content":false,"footnotes":""},"categories":[2,25],"tags":[47,111],"class_list":["post-4798","post","type-post","status-publish","format-standard","has-post-thumbnail","hentry","category-recetas","category-reposteria","tag-dulces","tag-mani","entry","has-media"],"jetpack_featured_media_url":"https:\/\/i0.wp.com\/le-fort.org\/cocina\/wp-content\/uploads\/2013\/07\/hd.jpg?fit=1200%2C400&ssl=1","jetpack_shortlink":"https:\/\/wp.me\/pghKer-1fo","jetpack_sharing_enabled":true,"jetpack-related-posts":[{"id":3227,"url":"https:\/\/le-fort.org\/cocina\/pie-de-mantequilla-de-mani-y-chocolate\/","url_meta":{"origin":4798,"position":0},"title":"Pie de Mantequilla de Man\u00ed y Chocolate","author":"Le-Fort.org","date":"23 de Febrero, 2013","format":false,"excerpt":"Receta de Pie de Mantequilla de man\u00ed con chocolate, m\u00e1s bien con ganache amargo.","rel":"","context":"En &quot;Comida&quot;","block_context":{"text":"Comida","link":"https:\/\/le-fort.org\/cocina\/categoria\/cocina-comida\/"},"img":{"alt_text":"","src":"https:\/\/i0.wp.com\/le-fort.org\/cocina\/wp-content\/uploads\/2013\/02\/2013-02-22_16-52-22_330.jpg?fit=640%2C480&ssl=1&resize=350%2C200","width":350,"height":200,"srcset":"https:\/\/i0.wp.com\/le-fort.org\/cocina\/wp-content\/uploads\/2013\/02\/2013-02-22_16-52-22_330.jpg?fit=640%2C480&ssl=1&resize=350%2C200 1x, https:\/\/i0.wp.com\/le-fort.org\/cocina\/wp-content\/uploads\/2013\/02\/2013-02-22_16-52-22_330.jpg?fit=640%2C480&ssl=1&resize=525%2C300 1.5x"},"classes":[]},{"id":6256,"url":"https:\/\/le-fort.org\/cocina\/receta-de-mantecol-casero\/","url_meta":{"origin":4798,"position":1},"title":"Receta de Mantecol Casero","author":"Le-Fort.org","date":"4 de Mayo, 2015","format":false,"excerpt":"Receta casera de mantecol, un turr\u00f3n de man\u00ed vegano de origen argentino. Es simple de hacer, y una delicia que s\u00f3lo tiene man\u00ed, az\u00facar, agua y jugo de lim\u00f3n","rel":"","context":"En &quot;Recetas&quot;","block_context":{"text":"Recetas","link":"https:\/\/le-fort.org\/cocina\/categoria\/recetas\/"},"img":{"alt_text":"","src":"https:\/\/i0.wp.com\/le-fort.org\/cocina\/wp-content\/uploads\/2015\/05\/mantecol-hd.jpg?fit=1200%2C400&ssl=1&resize=350%2C200","width":350,"height":200,"srcset":"https:\/\/i0.wp.com\/le-fort.org\/cocina\/wp-content\/uploads\/2015\/05\/mantecol-hd.jpg?fit=1200%2C400&ssl=1&resize=350%2C200 1x, https:\/\/i0.wp.com\/le-fort.org\/cocina\/wp-content\/uploads\/2015\/05\/mantecol-hd.jpg?fit=1200%2C400&ssl=1&resize=525%2C300 1.5x, https:\/\/i0.wp.com\/le-fort.org\/cocina\/wp-content\/uploads\/2015\/05\/mantecol-hd.jpg?fit=1200%2C400&ssl=1&resize=700%2C400 2x, https:\/\/i0.wp.com\/le-fort.org\/cocina\/wp-content\/uploads\/2015\/05\/mantecol-hd.jpg?fit=1200%2C400&ssl=1&resize=1050%2C600 3x"},"classes":[]},{"id":2555,"url":"https:\/\/le-fort.org\/cocina\/pizza-de-pollo-con-salsa-de-mani\/","url_meta":{"origin":4798,"position":2},"title":"Pizza de Pollo con Salsa de Man\u00ed","author":"Le-Fort.org","date":"3 de Enero, 2013","format":false,"excerpt":"Receta de Pizza de Pollo con Salsa de Man\u00ed, de inspiraci\u00f3n Thai, pero probada en los EE.UU.","rel":"","context":"En &quot;Comida&quot;","block_context":{"text":"Comida","link":"https:\/\/le-fort.org\/cocina\/categoria\/cocina-comida\/"},"img":{"alt_text":"","src":"https:\/\/i0.wp.com\/le-fort.org\/cocina\/wp-content\/uploads\/2013\/01\/pizza-thai-header.jpg?fit=620%2C250&ssl=1&resize=350%2C200","width":350,"height":200,"srcset":"https:\/\/i0.wp.com\/le-fort.org\/cocina\/wp-content\/uploads\/2013\/01\/pizza-thai-header.jpg?fit=620%2C250&ssl=1&resize=350%2C200 1x, https:\/\/i0.wp.com\/le-fort.org\/cocina\/wp-content\/uploads\/2013\/01\/pizza-thai-header.jpg?fit=620%2C250&ssl=1&resize=525%2C300 1.5x"},"classes":[]},{"id":513,"url":"https:\/\/le-fort.org\/cocina\/receta-de-pollo-satay\/","url_meta":{"origin":4798,"position":3},"title":"Satay de Pollo","author":"Le-Fort.org","date":"28 de Julio, 2011","format":false,"excerpt":"Receta de las brochetas de pollo satay, brochetas de pollo marinado en salsa de soya con salsa de man\u00ed","rel":"","context":"En &quot;Comida&quot;","block_context":{"text":"Comida","link":"https:\/\/le-fort.org\/cocina\/categoria\/cocina-comida\/"},"img":{"alt_text":"","src":"https:\/\/i0.wp.com\/le-fort.org\/cocina\/wp-content\/uploads\/2011\/07\/satay-hd.jpg?fit=1200%2C400&ssl=1&resize=350%2C200","width":350,"height":200,"srcset":"https:\/\/i0.wp.com\/le-fort.org\/cocina\/wp-content\/uploads\/2011\/07\/satay-hd.jpg?fit=1200%2C400&ssl=1&resize=350%2C200 1x, https:\/\/i0.wp.com\/le-fort.org\/cocina\/wp-content\/uploads\/2011\/07\/satay-hd.jpg?fit=1200%2C400&ssl=1&resize=525%2C300 1.5x, https:\/\/i0.wp.com\/le-fort.org\/cocina\/wp-content\/uploads\/2011\/07\/satay-hd.jpg?fit=1200%2C400&ssl=1&resize=700%2C400 2x, https:\/\/i0.wp.com\/le-fort.org\/cocina\/wp-content\/uploads\/2011\/07\/satay-hd.jpg?fit=1200%2C400&ssl=1&resize=1050%2C600 3x"},"classes":[]},{"id":5318,"url":"https:\/\/le-fort.org\/cocina\/hummus-con-mantequilla-de-mani\/","url_meta":{"origin":4798,"position":4},"title":"Hummus con Mantequilla de Man\u00ed","author":"Le-Fort.org","date":"26 de Febrero, 2014","format":false,"excerpt":"Receta de hummus de garbanzo con mantequilla de man\u00ed en vez de Tahini. Es excelente y se prepara muy r\u00e1pidamente.","rel":"","context":"En &quot;Recetas&quot;","block_context":{"text":"Recetas","link":"https:\/\/le-fort.org\/cocina\/categoria\/recetas\/"},"img":{"alt_text":"","src":"https:\/\/i0.wp.com\/le-fort.org\/cocina\/wp-content\/uploads\/2014\/02\/hummus-hd.jpg?fit=1200%2C400&ssl=1&resize=350%2C200","width":350,"height":200,"srcset":"https:\/\/i0.wp.com\/le-fort.org\/cocina\/wp-content\/uploads\/2014\/02\/hummus-hd.jpg?fit=1200%2C400&ssl=1&resize=350%2C200 1x, https:\/\/i0.wp.com\/le-fort.org\/cocina\/wp-content\/uploads\/2014\/02\/hummus-hd.jpg?fit=1200%2C400&ssl=1&resize=525%2C300 1.5x, https:\/\/i0.wp.com\/le-fort.org\/cocina\/wp-content\/uploads\/2014\/02\/hummus-hd.jpg?fit=1200%2C400&ssl=1&resize=700%2C400 2x, https:\/\/i0.wp.com\/le-fort.org\/cocina\/wp-content\/uploads\/2014\/02\/hummus-hd.jpg?fit=1200%2C400&ssl=1&resize=1050%2C600 3x"},"classes":[]},{"id":4963,"url":"https:\/\/le-fort.org\/cocina\/tallarines-con-pesto-de-albahaca-y-mani-video\/","url_meta":{"origin":4798,"position":5},"title":"Tallarines con Pesto de Albahaca y Man\u00ed","author":"Le-Fort.org","date":"8 de Octubre, 2013","format":false,"excerpt":"Receta de Tallarines al pesto de albahaca y man\u00ed.","rel":"","context":"En &quot;Recetas&quot;","block_context":{"text":"Recetas","link":"https:\/\/le-fort.org\/cocina\/categoria\/recetas\/"},"img":{"alt_text":"","src":"https:\/\/i0.wp.com\/le-fort.org\/cocina\/wp-content\/uploads\/2011\/09\/pesto-hd.jpg?fit=1200%2C400&ssl=1&resize=350%2C200","width":350,"height":200,"srcset":"https:\/\/i0.wp.com\/le-fort.org\/cocina\/wp-content\/uploads\/2011\/09\/pesto-hd.jpg?fit=1200%2C400&ssl=1&resize=350%2C200 1x, https:\/\/i0.wp.com\/le-fort.org\/cocina\/wp-content\/uploads\/2011\/09\/pesto-hd.jpg?fit=1200%2C400&ssl=1&resize=525%2C300 1.5x, https:\/\/i0.wp.com\/le-fort.org\/cocina\/wp-content\/uploads\/2011\/09\/pesto-hd.jpg?fit=1200%2C400&ssl=1&resize=700%2C400 2x, https:\/\/i0.wp.com\/le-fort.org\/cocina\/wp-content\/uploads\/2011\/09\/pesto-hd.jpg?fit=1200%2C400&ssl=1&resize=1050%2C600 3x"},"classes":[]}],"_links":{"self":[{"href":"https:\/\/le-fort.org\/cocina\/wp-json\/wp\/v2\/posts\/4798","targetHints":{"allow":["GET"]}}],"collection":[{"href":"https:\/\/le-fort.org\/cocina\/wp-json\/wp\/v2\/posts"}],"about":[{"href":"https:\/\/le-fort.org\/cocina\/wp-json\/wp\/v2\/types\/post"}],"author":[{"embeddable":true,"href":"https:\/\/le-fort.org\/cocina\/wp-json\/wp\/v2\/users\/1"}],"replies":[{"embeddable":true,"href":"https:\/\/le-fort.org\/cocina\/wp-json\/wp\/v2\/comments?post=4798"}],"version-history":[{"count":0,"href":"https:\/\/le-fort.org\/cocina\/wp-json\/wp\/v2\/posts\/4798\/revisions"}],"wp:featuredmedia":[{"embeddable":true,"href":"https:\/\/le-fort.org\/cocina\/wp-json\/wp\/v2\/media\/4803"}],"wp:attachment":[{"href":"https:\/\/le-fort.org\/cocina\/wp-json\/wp\/v2\/media?parent=4798"}],"wp:term":[{"taxonomy":"category","embeddable":true,"href":"https:\/\/le-fort.org\/cocina\/wp-json\/wp\/v2\/categories?post=4798"},{"taxonomy":"post_tag","embeddable":true,"href":"https:\/\/le-fort.org\/cocina\/wp-json\/wp\/v2\/tags?post=4798"}],"curies":[{"name":"wp","href":"https:\/\/api.w.org\/{rel}","templated":true}]}}