{"id":4963,"date":"2013-10-08T07:24:04","date_gmt":"2013-10-08T07:24:04","guid":{"rendered":"http:\/\/www.loquecomemos.com\/?p=4963"},"modified":"2018-06-13T10:26:46","modified_gmt":"2018-06-13T15:26:46","slug":"tallarines-con-pesto-de-albahaca-y-mani-video","status":"publish","type":"post","link":"https:\/\/le-fort.org\/cocina\/tallarines-con-pesto-de-albahaca-y-mani-video\/","title":{"rendered":"Tallarines con Pesto de Albahaca y Man\u00ed"},"content":{"rendered":"<p>Hicimos pesto de albahaca con man\u00ed en vez de nueces. Quedamos felices con el resultado.<!--more--><\/p>\n<p>La gracia del pesto es que no requiere cocci\u00f3n. He aqu\u00ed los ingredientes.<\/p>\n<h2>Ingredientes<\/h2>\n<ul>\n<li>400gr pasta a gusto<\/li>\n<li>1 ramo grande de albahaca<\/li>\n<li>2 dientes de ajo picados<\/li>\n<li>200ml de aceite de oliva virgen extra<\/li>\n<li>50gr man\u00ed tostado y pelado<\/li>\n<li>50gr pasta de man\u00ed<\/li>\n<li>Sal y queso rallado a gusto.<\/li>\n<\/ul>\n<p><img data-recalc-dims=\"1\" loading=\"lazy\" decoding=\"async\" data-attachment-id=\"4964\" data-permalink=\"https:\/\/le-fort.org\/cocina\/tallarines-con-pesto-de-albahaca-y-mani-video\/ingrdientes-2\/\" data-orig-file=\"https:\/\/i0.wp.com\/le-fort.org\/cocina\/wp-content\/uploads\/2013\/10\/ingrdientes.jpg?fit=1280%2C720&amp;ssl=1\" data-orig-size=\"1280,720\" data-comments-opened=\"0\" data-image-meta=\"{&quot;aperture&quot;:&quot;0&quot;,&quot;credit&quot;:&quot;&quot;,&quot;camera&quot;:&quot;&quot;,&quot;caption&quot;:&quot;&quot;,&quot;created_timestamp&quot;:&quot;0&quot;,&quot;copyright&quot;:&quot;&quot;,&quot;focal_length&quot;:&quot;0&quot;,&quot;iso&quot;:&quot;0&quot;,&quot;shutter_speed&quot;:&quot;0&quot;,&quot;title&quot;:&quot;&quot;,&quot;orientation&quot;:&quot;0&quot;}\" data-image-title=\"ingrdientes\" data-image-description=\"\" data-image-caption=\"\" data-large-file=\"https:\/\/i0.wp.com\/le-fort.org\/cocina\/wp-content\/uploads\/2013\/10\/ingrdientes.jpg?fit=1200%2C675&amp;ssl=1\" class=\"aligncenter size-large wp-image-4964\" src=\"https:\/\/i0.wp.com\/www.le-fort.org\/wp-content\/uploads\/2013\/10\/ingrdientes-1024x576.jpg?resize=660%2C371&#038;ssl=1\" alt=\"ingrdientes\" width=\"660\" height=\"371\" \/><\/p>\n<h2>Procedimiento<\/h2>\n<p>En esencia el procedimiento consiste en licuar todo y utilizarlo como salsa fr\u00eda sobre la pasta cocinada.<\/p>\n<p>Bon Appetit!<\/p>\n","protected":false},"excerpt":{"rendered":"<p>Receta de Tallarines al pesto de albahaca y man\u00ed.<\/p>\n","protected":false},"author":1,"featured_media":4750,"comment_status":"closed","ping_status":"closed","sticky":false,"template":"","format":"standard","meta":{"_jetpack_newsletter_access":"","_jetpack_dont_email_post_to_subs":false,"_jetpack_newsletter_tier_id":0,"_jetpack_memberships_contains_paywalled_content":false,"_jetpack_memberships_contains_paid_content":false,"footnotes":""},"categories":[2],"tags":[82,111,83,64,188],"class_list":["post-4963","post","type-post","status-publish","format-standard","has-post-thumbnail","hentry","category-recetas","tag-albahaca","tag-mani","tag-pesto","tag-salsas-para-pasta","tag-videos","entry","has-media"],"jetpack_featured_media_url":"https:\/\/i0.wp.com\/le-fort.org\/cocina\/wp-content\/uploads\/2011\/09\/pesto-hd.jpg?fit=1200%2C400&ssl=1","jetpack_shortlink":"https:\/\/wp.me\/pghKer-1i3","jetpack_sharing_enabled":true,"jetpack-related-posts":[{"id":3731,"url":"https:\/\/le-fort.org\/cocina\/tallarines-al-pesto-de-albahaca\/","url_meta":{"origin":4963,"position":0},"title":"Tallarines con Salsa de Pesto de Albahaca","author":"Le-Fort.org","date":"26 de Mayo, 2013","format":false,"excerpt":"Receta de tallarines con salsa de pesto. El pesto es una salsa de albahaca y nueces, con queso rallado. Es una de tantas variedades de pesto que hay y una de las que m\u00e1s nos gustan.","rel":"","context":"En &quot;Recetas&quot;","block_context":{"text":"Recetas","link":"https:\/\/le-fort.org\/cocina\/categoria\/recetas\/"},"img":{"alt_text":"","src":"https:\/\/i0.wp.com\/le-fort.org\/cocina\/wp-content\/uploads\/2011\/09\/pesto-hd.jpg?fit=1200%2C400&ssl=1&resize=350%2C200","width":350,"height":200,"srcset":"https:\/\/i0.wp.com\/le-fort.org\/cocina\/wp-content\/uploads\/2011\/09\/pesto-hd.jpg?fit=1200%2C400&ssl=1&resize=350%2C200 1x, https:\/\/i0.wp.com\/le-fort.org\/cocina\/wp-content\/uploads\/2011\/09\/pesto-hd.jpg?fit=1200%2C400&ssl=1&resize=525%2C300 1.5x, https:\/\/i0.wp.com\/le-fort.org\/cocina\/wp-content\/uploads\/2011\/09\/pesto-hd.jpg?fit=1200%2C400&ssl=1&resize=700%2C400 2x, https:\/\/i0.wp.com\/le-fort.org\/cocina\/wp-content\/uploads\/2011\/09\/pesto-hd.jpg?fit=1200%2C400&ssl=1&resize=1050%2C600 3x"},"classes":[]},{"id":7831,"url":"https:\/\/le-fort.org\/cocina\/tallarines-al-pesto-cebolla-jengibre\/","url_meta":{"origin":4963,"position":1},"title":"Tallarines al Pesto con Cebolla y Jengibre","author":"Le-Fort.org","date":"5 de Mayo, 2016","format":false,"excerpt":"Vemos pasar recetas constantemente. Muchas veces, quedan en un rinc\u00f3n de la memoria hasta que, por ejemplo, uno ve un ramito de albahaca en el supermercado y ah\u00ed vuelven. Eso fue exactamente lo que nos sucedi\u00f3 con este\u00a0pesto con cebolla y jengibre, que tiene un aire medio Thai. Nos encant\u00f3\u2026","rel":"","context":"En &quot;Recetas&quot;","block_context":{"text":"Recetas","link":"https:\/\/le-fort.org\/cocina\/categoria\/recetas\/"},"img":{"alt_text":"","src":"https:\/\/i0.wp.com\/le-fort.org\/cocina\/wp-content\/uploads\/2016\/05\/pesto-hd.jpg?fit=1200%2C400&ssl=1&resize=350%2C200","width":350,"height":200,"srcset":"https:\/\/i0.wp.com\/le-fort.org\/cocina\/wp-content\/uploads\/2016\/05\/pesto-hd.jpg?fit=1200%2C400&ssl=1&resize=350%2C200 1x, https:\/\/i0.wp.com\/le-fort.org\/cocina\/wp-content\/uploads\/2016\/05\/pesto-hd.jpg?fit=1200%2C400&ssl=1&resize=525%2C300 1.5x, https:\/\/i0.wp.com\/le-fort.org\/cocina\/wp-content\/uploads\/2016\/05\/pesto-hd.jpg?fit=1200%2C400&ssl=1&resize=700%2C400 2x, https:\/\/i0.wp.com\/le-fort.org\/cocina\/wp-content\/uploads\/2016\/05\/pesto-hd.jpg?fit=1200%2C400&ssl=1&resize=1050%2C600 3x"},"classes":[]},{"id":5253,"url":"https:\/\/le-fort.org\/cocina\/tallarines-con-pesto-receta-de-la-cuqui\/","url_meta":{"origin":4963,"position":2},"title":"Tallarines con Pesto, receta de la Cuqui","author":"Le-Fort.org","date":"18 de Febrero, 2014","format":false,"excerpt":"Curiosa receta de tallarines con pesto de albahaca, con papas y porotos verdes, seg\u00fan una receta que va en su tercera generaci\u00f3n seg\u00fan sabemos.","rel":"","context":"En &quot;Recetas&quot;","block_context":{"text":"Recetas","link":"https:\/\/le-fort.org\/cocina\/categoria\/recetas\/"},"img":{"alt_text":"","src":"https:\/\/i0.wp.com\/le-fort.org\/cocina\/wp-content\/uploads\/2014\/02\/pesto-hd.jpg?fit=1200%2C400&ssl=1&resize=350%2C200","width":350,"height":200,"srcset":"https:\/\/i0.wp.com\/le-fort.org\/cocina\/wp-content\/uploads\/2014\/02\/pesto-hd.jpg?fit=1200%2C400&ssl=1&resize=350%2C200 1x, https:\/\/i0.wp.com\/le-fort.org\/cocina\/wp-content\/uploads\/2014\/02\/pesto-hd.jpg?fit=1200%2C400&ssl=1&resize=525%2C300 1.5x, https:\/\/i0.wp.com\/le-fort.org\/cocina\/wp-content\/uploads\/2014\/02\/pesto-hd.jpg?fit=1200%2C400&ssl=1&resize=700%2C400 2x, https:\/\/i0.wp.com\/le-fort.org\/cocina\/wp-content\/uploads\/2014\/02\/pesto-hd.jpg?fit=1200%2C400&ssl=1&resize=1050%2C600 3x"},"classes":[]},{"id":6991,"url":"https:\/\/le-fort.org\/cocina\/5-salsas-clasicas-para-pasta\/","url_meta":{"origin":4963,"position":3},"title":"5 Salsas Cl\u00e1sicas para Pasta","author":"Le-Fort.org","date":"24 de Noviembre, 2015","format":false,"excerpt":"Estas 5 Salsas para pasta son lo que todos deber\u00edamos conocer cuando tengamos que cocinar tallarines para nosotros, nuestra familia o nuestros amigos.","rel":"","context":"En &quot;Recetas&quot;","block_context":{"text":"Recetas","link":"https:\/\/le-fort.org\/cocina\/categoria\/recetas\/"},"img":{"alt_text":"","src":"https:\/\/i0.wp.com\/le-fort.org\/cocina\/wp-content\/uploads\/2015\/11\/5-salsas-hd.jpg?fit=1200%2C400&ssl=1&resize=350%2C200","width":350,"height":200,"srcset":"https:\/\/i0.wp.com\/le-fort.org\/cocina\/wp-content\/uploads\/2015\/11\/5-salsas-hd.jpg?fit=1200%2C400&ssl=1&resize=350%2C200 1x, https:\/\/i0.wp.com\/le-fort.org\/cocina\/wp-content\/uploads\/2015\/11\/5-salsas-hd.jpg?fit=1200%2C400&ssl=1&resize=525%2C300 1.5x, https:\/\/i0.wp.com\/le-fort.org\/cocina\/wp-content\/uploads\/2015\/11\/5-salsas-hd.jpg?fit=1200%2C400&ssl=1&resize=700%2C400 2x, https:\/\/i0.wp.com\/le-fort.org\/cocina\/wp-content\/uploads\/2015\/11\/5-salsas-hd.jpg?fit=1200%2C400&ssl=1&resize=1050%2C600 3x"},"classes":[]},{"id":2066,"url":"https:\/\/le-fort.org\/cocina\/sobre-el-pesto-de-albahaca\/","url_meta":{"origin":4963,"position":4},"title":"Sobre el Pesto de Albahaca","author":"Le-Fort.org","date":"2 de Agosto, 2012","format":false,"excerpt":"El pesto de albahaca \u2013o salsa de pesto\u2013 es una salsa fr\u00eda maravillosa, originaria del norte de Italia. Aqu\u00ed conversamos un poco al respecto. Contiene albahaca, pi\u00f1ones, queso rallado, aceite de oliva, ajo y sal.","rel":"","context":"En &quot;Comida&quot;","block_context":{"text":"Comida","link":"https:\/\/le-fort.org\/cocina\/categoria\/cocina-comida\/"},"img":{"alt_text":"","src":"https:\/\/i0.wp.com\/le-fort.org\/cocina\/wp-content\/uploads\/2014\/02\/pesto-hd.jpg?fit=1200%2C400&ssl=1&resize=350%2C200","width":350,"height":200,"srcset":"https:\/\/i0.wp.com\/le-fort.org\/cocina\/wp-content\/uploads\/2014\/02\/pesto-hd.jpg?fit=1200%2C400&ssl=1&resize=350%2C200 1x, https:\/\/i0.wp.com\/le-fort.org\/cocina\/wp-content\/uploads\/2014\/02\/pesto-hd.jpg?fit=1200%2C400&ssl=1&resize=525%2C300 1.5x, https:\/\/i0.wp.com\/le-fort.org\/cocina\/wp-content\/uploads\/2014\/02\/pesto-hd.jpg?fit=1200%2C400&ssl=1&resize=700%2C400 2x, https:\/\/i0.wp.com\/le-fort.org\/cocina\/wp-content\/uploads\/2014\/02\/pesto-hd.jpg?fit=1200%2C400&ssl=1&resize=1050%2C600 3x"},"classes":[]},{"id":7299,"url":"https:\/\/le-fort.org\/cocina\/que-paso-el-2015\/","url_meta":{"origin":4963,"position":5},"title":"\u00bfQu\u00e9 pas\u00f3 el 2015?","author":"Le-Fort.org","date":"5 de Enero, 2016","format":false,"excerpt":"El 2015 fue un buen a\u00f1o. Revisemos qu\u00e9 pas\u00f3 en el sitio durante ese a\u00f1o: pastas, pie de lim\u00f3n, comida india y sandwiches.","rel":"","context":"En &quot;Disquisiciones&quot;","block_context":{"text":"Disquisiciones","link":"https:\/\/le-fort.org\/cocina\/categoria\/disquisiciones\/"},"img":{"alt_text":"","src":"https:\/\/i0.wp.com\/le-fort.org\/cocina\/wp-content\/uploads\/2016\/01\/2015-hd.jpg?fit=1200%2C360&ssl=1&resize=350%2C200","width":350,"height":200,"srcset":"https:\/\/i0.wp.com\/le-fort.org\/cocina\/wp-content\/uploads\/2016\/01\/2015-hd.jpg?fit=1200%2C360&ssl=1&resize=350%2C200 1x, https:\/\/i0.wp.com\/le-fort.org\/cocina\/wp-content\/uploads\/2016\/01\/2015-hd.jpg?fit=1200%2C360&ssl=1&resize=525%2C300 1.5x, https:\/\/i0.wp.com\/le-fort.org\/cocina\/wp-content\/uploads\/2016\/01\/2015-hd.jpg?fit=1200%2C360&ssl=1&resize=700%2C400 2x, https:\/\/i0.wp.com\/le-fort.org\/cocina\/wp-content\/uploads\/2016\/01\/2015-hd.jpg?fit=1200%2C360&ssl=1&resize=1050%2C600 3x"},"classes":[]}],"_links":{"self":[{"href":"https:\/\/le-fort.org\/cocina\/wp-json\/wp\/v2\/posts\/4963","targetHints":{"allow":["GET"]}}],"collection":[{"href":"https:\/\/le-fort.org\/cocina\/wp-json\/wp\/v2\/posts"}],"about":[{"href":"https:\/\/le-fort.org\/cocina\/wp-json\/wp\/v2\/types\/post"}],"author":[{"embeddable":true,"href":"https:\/\/le-fort.org\/cocina\/wp-json\/wp\/v2\/users\/1"}],"replies":[{"embeddable":true,"href":"https:\/\/le-fort.org\/cocina\/wp-json\/wp\/v2\/comments?post=4963"}],"version-history":[{"count":0,"href":"https:\/\/le-fort.org\/cocina\/wp-json\/wp\/v2\/posts\/4963\/revisions"}],"wp:featuredmedia":[{"embeddable":true,"href":"https:\/\/le-fort.org\/cocina\/wp-json\/wp\/v2\/media\/4750"}],"wp:attachment":[{"href":"https:\/\/le-fort.org\/cocina\/wp-json\/wp\/v2\/media?parent=4963"}],"wp:term":[{"taxonomy":"category","embeddable":true,"href":"https:\/\/le-fort.org\/cocina\/wp-json\/wp\/v2\/categories?post=4963"},{"taxonomy":"post_tag","embeddable":true,"href":"https:\/\/le-fort.org\/cocina\/wp-json\/wp\/v2\/tags?post=4963"}],"curies":[{"name":"wp","href":"https:\/\/api.w.org\/{rel}","templated":true}]}}