{"id":4967,"date":"2013-10-15T16:57:00","date_gmt":"2013-10-15T16:57:00","guid":{"rendered":"http:\/\/www.loquecomemos.com\/?p=4967"},"modified":"2016-08-02T11:38:22","modified_gmt":"2016-08-02T16:38:22","slug":"cafe-con-mantequilla","status":"publish","type":"post","link":"https:\/\/le-fort.org\/cocina\/cafe-con-mantequilla\/","title":{"rendered":"Caf\u00e9 con Mantequilla"},"content":{"rendered":"<p>No. No es la torta moka que hac\u00eda mi abuela.<\/p>\n<p>Es simplemente caf\u00e9 al que se le a\u00f1ade una cucharada de mantequilla y luego se bate.<!--more--><\/p>\n<p><img data-recalc-dims=\"1\" loading=\"lazy\" decoding=\"async\" data-attachment-id=\"4968\" data-permalink=\"https:\/\/le-fort.org\/cocina\/cafe-con-mantequilla\/cafe-con-mantequilla\/\" data-orig-file=\"https:\/\/i0.wp.com\/le-fort.org\/cocina\/wp-content\/uploads\/2013\/10\/cafe-con-mantequilla.jpg?fit=700%2C420&amp;ssl=1\" data-orig-size=\"700,420\" data-comments-opened=\"0\" data-image-meta=\"{&quot;aperture&quot;:&quot;0&quot;,&quot;credit&quot;:&quot;&quot;,&quot;camera&quot;:&quot;&quot;,&quot;caption&quot;:&quot;&quot;,&quot;created_timestamp&quot;:&quot;0&quot;,&quot;copyright&quot;:&quot;&quot;,&quot;focal_length&quot;:&quot;0&quot;,&quot;iso&quot;:&quot;0&quot;,&quot;shutter_speed&quot;:&quot;0&quot;,&quot;title&quot;:&quot;&quot;,&quot;orientation&quot;:&quot;0&quot;}\" data-image-title=\"cafe-con-mantequilla\" data-image-description=\"\" data-image-caption=\"\" data-large-file=\"https:\/\/i0.wp.com\/le-fort.org\/cocina\/wp-content\/uploads\/2013\/10\/cafe-con-mantequilla.jpg?fit=700%2C420&amp;ssl=1\" class=\"aligncenter size-full wp-image-4968\" src=\"https:\/\/i0.wp.com\/www.le-fort.org\/wp-content\/uploads\/2013\/10\/cafe-con-mantequilla.jpg?resize=700%2C420&#038;ssl=1\" alt=\"cafe-con-mantequilla\" width=\"700\" height=\"420\" srcset=\"https:\/\/i0.wp.com\/le-fort.org\/cocina\/wp-content\/uploads\/2013\/10\/cafe-con-mantequilla.jpg?w=700&amp;ssl=1 700w, https:\/\/i0.wp.com\/le-fort.org\/cocina\/wp-content\/uploads\/2013\/10\/cafe-con-mantequilla.jpg?resize=600%2C360&amp;ssl=1 600w\" sizes=\"auto, (max-width: 700px) 100vw, 700px\" \/>Es un brebaje interesante, <a title=\"Receta del caf\u00e9 con mantequilla\" href=\"http:\/\/www.foodwoolf.com\/2013\/06\/buttered-coffee.html\">visto aqu\u00ed<\/a> ayer. Picados por la curiosidad, lo preparamos y es bueno. Eso s\u00ed, llama a ser endulzado, en caso de que seas como algunos de nosotros que preferimos el caf\u00e9 amargo. Este no.<\/p>\n<p>Es simplemente caf\u00e9 al que se le a\u00f1ade una cucharada sopera de mantequilla y se bate. El tenedor fue insuficiente, por lo que recurrimos al batidor de alambre. Lo ideal es un batidor el\u00e9ctrico como esos espumadores para caf\u00e9 a pilas.<\/p>\n<p>Se recomienda probarlo.<\/p>\n<p>Sin embargo, preferimos la deliciosa combinaci\u00f3n de caf\u00e9 y mantequilla en algo como una <a href=\"https:\/\/le-fort.org\/reposteria\/torta-opera\/\">torta Opera<\/a>.<\/p>\n<p>&nbsp;<\/p>\n","protected":false},"excerpt":{"rendered":"<p>Caf\u00e9 con mantequilla. M\u00e1s rico de lo que suena.<\/p>\n","protected":false},"author":1,"featured_media":4969,"comment_status":"open","ping_status":"closed","sticky":false,"template":"","format":"standard","meta":{"_jetpack_newsletter_access":"","_jetpack_dont_email_post_to_subs":false,"_jetpack_newsletter_tier_id":0,"_jetpack_memberships_contains_paywalled_content":false,"_jetpack_memberships_contains_paid_content":false,"footnotes":""},"categories":[13],"tags":[189,190],"class_list":["post-4967","post","type-post","status-publish","format-standard","has-post-thumbnail","hentry","category-brebajes","tag-cafe","tag-mantequilla","entry","has-media"],"jetpack_featured_media_url":"https:\/\/i0.wp.com\/le-fort.org\/cocina\/wp-content\/uploads\/2013\/10\/cafe-mantequilla-hd.jpg?fit=1024%2C320&ssl=1","jetpack_shortlink":"https:\/\/wp.me\/pghKer-1i7","jetpack_sharing_enabled":true,"jetpack-related-posts":[{"id":11219,"url":"https:\/\/le-fort.org\/cocina\/buttercream-de-merengue-italiano\/","url_meta":{"origin":4967,"position":0},"title":"Buttercream de Merengue Italiano","author":"Marell Rojas","date":"30 de Diciembre, 2017","format":false,"excerpt":"Receta de Merengue de Buttercream Italiano, a\u00f1adiendo mantequilla al merengue italiano.","rel":"","context":"En &quot;Reposter\u00eda&quot;","block_context":{"text":"Reposter\u00eda","link":"https:\/\/le-fort.org\/cocina\/categoria\/reposteria\/"},"img":{"alt_text":"","src":"https:\/\/i0.wp.com\/le-fort.org\/cocina\/wp-content\/uploads\/2017\/12\/buttercream-hd.jpg?fit=1200%2C400&ssl=1&resize=350%2C200","width":350,"height":200,"srcset":"https:\/\/i0.wp.com\/le-fort.org\/cocina\/wp-content\/uploads\/2017\/12\/buttercream-hd.jpg?fit=1200%2C400&ssl=1&resize=350%2C200 1x, https:\/\/i0.wp.com\/le-fort.org\/cocina\/wp-content\/uploads\/2017\/12\/buttercream-hd.jpg?fit=1200%2C400&ssl=1&resize=525%2C300 1.5x, https:\/\/i0.wp.com\/le-fort.org\/cocina\/wp-content\/uploads\/2017\/12\/buttercream-hd.jpg?fit=1200%2C400&ssl=1&resize=700%2C400 2x, https:\/\/i0.wp.com\/le-fort.org\/cocina\/wp-content\/uploads\/2017\/12\/buttercream-hd.jpg?fit=1200%2C400&ssl=1&resize=1050%2C600 3x"},"classes":[]},{"id":8372,"url":"https:\/\/le-fort.org\/cocina\/torta-opera\/","url_meta":{"origin":4967,"position":1},"title":"Torta Opera: caf\u00e9 y chocolate","author":"Le-Fort.org","date":"12 de Julio, 2016","format":false,"excerpt":"Receta de torta Opera, que es un bizcochuelo de almendras llamado Joconde, crema de mantequilla y caf\u00e9 y ganache de chocolate.","rel":"","context":"En &quot;Reposter\u00eda&quot;","block_context":{"text":"Reposter\u00eda","link":"https:\/\/le-fort.org\/cocina\/categoria\/reposteria\/"},"img":{"alt_text":"","src":"https:\/\/i0.wp.com\/le-fort.org\/cocina\/wp-content\/uploads\/2016\/07\/opera-hd.jpg?fit=1200%2C400&ssl=1&resize=350%2C200","width":350,"height":200,"srcset":"https:\/\/i0.wp.com\/le-fort.org\/cocina\/wp-content\/uploads\/2016\/07\/opera-hd.jpg?fit=1200%2C400&ssl=1&resize=350%2C200 1x, https:\/\/i0.wp.com\/le-fort.org\/cocina\/wp-content\/uploads\/2016\/07\/opera-hd.jpg?fit=1200%2C400&ssl=1&resize=525%2C300 1.5x, https:\/\/i0.wp.com\/le-fort.org\/cocina\/wp-content\/uploads\/2016\/07\/opera-hd.jpg?fit=1200%2C400&ssl=1&resize=700%2C400 2x, https:\/\/i0.wp.com\/le-fort.org\/cocina\/wp-content\/uploads\/2016\/07\/opera-hd.jpg?fit=1200%2C400&ssl=1&resize=1050%2C600 3x"},"classes":[]},{"id":8744,"url":"https:\/\/le-fort.org\/cocina\/crema-mantequilla-rapida-buttercream\/","url_meta":{"origin":4967,"position":2},"title":"Crema de Mantequilla R\u00e1pida (Buttercream)","author":"Le-Fort.org","date":"17 de Diciembre, 2015","format":false,"excerpt":"Receta de buttercream r\u00e1pido, para rellenos y otras aplicaciones. Tiene la ventaja de ser muy r\u00e1pido y muy simple de preparar.","rel":"","context":"En &quot;Reposter\u00eda&quot;","block_context":{"text":"Reposter\u00eda","link":"https:\/\/le-fort.org\/cocina\/categoria\/reposteria\/"},"img":{"alt_text":"","src":"https:\/\/i0.wp.com\/le-fort.org\/cocina\/wp-content\/uploads\/2016\/09\/buttercream-hd.jpg?fit=1200%2C400&ssl=1&resize=350%2C200","width":350,"height":200,"srcset":"https:\/\/i0.wp.com\/le-fort.org\/cocina\/wp-content\/uploads\/2016\/09\/buttercream-hd.jpg?fit=1200%2C400&ssl=1&resize=350%2C200 1x, https:\/\/i0.wp.com\/le-fort.org\/cocina\/wp-content\/uploads\/2016\/09\/buttercream-hd.jpg?fit=1200%2C400&ssl=1&resize=525%2C300 1.5x, https:\/\/i0.wp.com\/le-fort.org\/cocina\/wp-content\/uploads\/2016\/09\/buttercream-hd.jpg?fit=1200%2C400&ssl=1&resize=700%2C400 2x, https:\/\/i0.wp.com\/le-fort.org\/cocina\/wp-content\/uploads\/2016\/09\/buttercream-hd.jpg?fit=1200%2C400&ssl=1&resize=1050%2C600 3x"},"classes":[]},{"id":8670,"url":"https:\/\/le-fort.org\/cocina\/buttercream-de-cacao-en-polvo\/","url_meta":{"origin":4967,"position":3},"title":"Buttercream de Cacao en Polvo","author":"Le-Fort.org","date":"5 de Septiembre, 2016","format":false,"excerpt":"Receta de buttercream de cacao en polvo con merengue suizo, excelente para decoraci\u00f3n con manga y para rellenar tortas.","rel":"","context":"En &quot;Reposter\u00eda&quot;","block_context":{"text":"Reposter\u00eda","link":"https:\/\/le-fort.org\/cocina\/categoria\/reposteria\/"},"img":{"alt_text":"","src":"https:\/\/i0.wp.com\/le-fort.org\/cocina\/wp-content\/uploads\/2016\/09\/buttercream-chocolate-hd.jpg?fit=1200%2C400&ssl=1&resize=350%2C200","width":350,"height":200,"srcset":"https:\/\/i0.wp.com\/le-fort.org\/cocina\/wp-content\/uploads\/2016\/09\/buttercream-chocolate-hd.jpg?fit=1200%2C400&ssl=1&resize=350%2C200 1x, https:\/\/i0.wp.com\/le-fort.org\/cocina\/wp-content\/uploads\/2016\/09\/buttercream-chocolate-hd.jpg?fit=1200%2C400&ssl=1&resize=525%2C300 1.5x, https:\/\/i0.wp.com\/le-fort.org\/cocina\/wp-content\/uploads\/2016\/09\/buttercream-chocolate-hd.jpg?fit=1200%2C400&ssl=1&resize=700%2C400 2x, https:\/\/i0.wp.com\/le-fort.org\/cocina\/wp-content\/uploads\/2016\/09\/buttercream-chocolate-hd.jpg?fit=1200%2C400&ssl=1&resize=1050%2C600 3x"},"classes":[]},{"id":16052,"url":"https:\/\/le-fort.org\/cocina\/torta-opera-2\/","url_meta":{"origin":4967,"position":4},"title":"Torta Opera","author":"Marell Rojas","date":"15 de Mayo, 2020","format":false,"excerpt":"Torta Opera parisina.","rel":"","context":"En &quot;Tortas&quot;","block_context":{"text":"Tortas","link":"https:\/\/le-fort.org\/cocina\/categoria\/tortas\/"},"img":{"alt_text":"","src":"https:\/\/i0.wp.com\/img.youtube.com\/vi\/EhUdwAuJJaQ\/0.jpg?resize=350%2C200","width":350,"height":200},"classes":[]},{"id":8741,"url":"https:\/\/le-fort.org\/cocina\/cupcakes-receta-base\/","url_meta":{"origin":4967,"position":5},"title":"Cupcakes: Receta Base","author":"Le-Fort.org","date":"16 de Septiembre, 2016","format":false,"excerpt":"Receta base de cupcakes esponjosos","rel":"","context":"En &quot;Reposter\u00eda&quot;","block_context":{"text":"Reposter\u00eda","link":"https:\/\/le-fort.org\/cocina\/categoria\/reposteria\/"},"img":{"alt_text":"","src":"https:\/\/i0.wp.com\/le-fort.org\/cocina\/wp-content\/uploads\/2016\/04\/cupcakes-hd.jpg?fit=1200%2C400&ssl=1&resize=350%2C200","width":350,"height":200,"srcset":"https:\/\/i0.wp.com\/le-fort.org\/cocina\/wp-content\/uploads\/2016\/04\/cupcakes-hd.jpg?fit=1200%2C400&ssl=1&resize=350%2C200 1x, https:\/\/i0.wp.com\/le-fort.org\/cocina\/wp-content\/uploads\/2016\/04\/cupcakes-hd.jpg?fit=1200%2C400&ssl=1&resize=525%2C300 1.5x, https:\/\/i0.wp.com\/le-fort.org\/cocina\/wp-content\/uploads\/2016\/04\/cupcakes-hd.jpg?fit=1200%2C400&ssl=1&resize=700%2C400 2x, https:\/\/i0.wp.com\/le-fort.org\/cocina\/wp-content\/uploads\/2016\/04\/cupcakes-hd.jpg?fit=1200%2C400&ssl=1&resize=1050%2C600 3x"},"classes":[]}],"_links":{"self":[{"href":"https:\/\/le-fort.org\/cocina\/wp-json\/wp\/v2\/posts\/4967","targetHints":{"allow":["GET"]}}],"collection":[{"href":"https:\/\/le-fort.org\/cocina\/wp-json\/wp\/v2\/posts"}],"about":[{"href":"https:\/\/le-fort.org\/cocina\/wp-json\/wp\/v2\/types\/post"}],"author":[{"embeddable":true,"href":"https:\/\/le-fort.org\/cocina\/wp-json\/wp\/v2\/users\/1"}],"replies":[{"embeddable":true,"href":"https:\/\/le-fort.org\/cocina\/wp-json\/wp\/v2\/comments?post=4967"}],"version-history":[{"count":0,"href":"https:\/\/le-fort.org\/cocina\/wp-json\/wp\/v2\/posts\/4967\/revisions"}],"wp:featuredmedia":[{"embeddable":true,"href":"https:\/\/le-fort.org\/cocina\/wp-json\/wp\/v2\/media\/4969"}],"wp:attachment":[{"href":"https:\/\/le-fort.org\/cocina\/wp-json\/wp\/v2\/media?parent=4967"}],"wp:term":[{"taxonomy":"category","embeddable":true,"href":"https:\/\/le-fort.org\/cocina\/wp-json\/wp\/v2\/categories?post=4967"},{"taxonomy":"post_tag","embeddable":true,"href":"https:\/\/le-fort.org\/cocina\/wp-json\/wp\/v2\/tags?post=4967"}],"curies":[{"name":"wp","href":"https:\/\/api.w.org\/{rel}","templated":true}]}}