{"id":4984,"date":"2013-11-02T02:54:39","date_gmt":"2013-11-02T02:54:39","guid":{"rendered":"http:\/\/www.loquecomemos.com\/?p=4984"},"modified":"2021-12-14T22:28:29","modified_gmt":"2021-12-15T03:28:29","slug":"tortilla-de-papas-heretica","status":"publish","type":"post","link":"https:\/\/le-fort.org\/cocina\/tortilla-de-papas-heretica\/","title":{"rendered":"Tortilla de Papas Her\u00e9tica"},"content":{"rendered":"<p>Tortilla de papas, tortilla de patatas, <a title=\"Tortila espa\u00f1ola (tortilla de papas)\" href=\"https:\/\/www.loquecomemos.com\/tortila-espanola-tortilla-de-papas\/\">tortilla espa\u00f1ola<\/a>\u2026 todo eso palidece ante la herej\u00eda de esta variante.<\/p>\n<p><a href=\"https:\/\/i0.wp.com\/le-fort.org\/wp-content\/uploads\/2013\/11\/tortilla-de-papas-heretica-hd.jpg?ssl=1\"><img data-recalc-dims=\"1\" loading=\"lazy\" decoding=\"async\" data-attachment-id=\"4989\" data-permalink=\"https:\/\/le-fort.org\/cocina\/tortilla-de-papas-heretica\/tortilla-de-papas-heretica-hd\/\" data-orig-file=\"https:\/\/i0.wp.com\/le-fort.org\/cocina\/wp-content\/uploads\/2013\/11\/tortilla-de-papas-heretica-hd.jpg?fit=1200%2C400&amp;ssl=1\" data-orig-size=\"1200,400\" data-comments-opened=\"0\" data-image-meta=\"{&quot;aperture&quot;:&quot;0&quot;,&quot;credit&quot;:&quot;&quot;,&quot;camera&quot;:&quot;&quot;,&quot;caption&quot;:&quot;&quot;,&quot;created_timestamp&quot;:&quot;0&quot;,&quot;copyright&quot;:&quot;&quot;,&quot;focal_length&quot;:&quot;0&quot;,&quot;iso&quot;:&quot;0&quot;,&quot;shutter_speed&quot;:&quot;0&quot;,&quot;title&quot;:&quot;&quot;,&quot;orientation&quot;:&quot;0&quot;}\" data-image-title=\"tortilla-de-papas-heretica-hd\" data-image-description=\"\" data-image-caption=\"\" data-large-file=\"https:\/\/i0.wp.com\/le-fort.org\/cocina\/wp-content\/uploads\/2013\/11\/tortilla-de-papas-heretica-hd.jpg?fit=1200%2C400&amp;ssl=1\" class=\"aligncenter size-large wp-image-4989\" alt=\"tortilla-de-papas-heretica-hd\" src=\"https:\/\/i0.wp.com\/www.le-fort.org\/wp-content\/uploads\/2013\/11\/tortilla-de-papas-heretica-hd-1024x341.jpg?resize=660%2C219&#038;ssl=1\" width=\"660\" height=\"219\" \/><\/a><\/p>\n<p>Esta receta es de la Cuqui Duarte y es una excelente forma de utilizar los restos de papas fritas de fiestas y otras reuniones sociales.<\/p>\n<p>Se requieren:<\/p>\n<ul>\n<li>6 huevos<\/li>\n<li>2 cebollas cortadas en pluma<\/li>\n<li>Papas fritas en cantidad adecuada<\/li>\n<li>Sal a gusto (ojo que las papas fritas suelen tener exceso de sal)<\/li>\n<\/ul>\n<p>El procedimiento es simple.<\/p>\n<figure id=\"attachment_4987\" aria-describedby=\"caption-attachment-4987\" style=\"width: 700px\" class=\"wp-caption aligncenter\"><img data-recalc-dims=\"1\" loading=\"lazy\" decoding=\"async\" data-attachment-id=\"4987\" data-permalink=\"https:\/\/le-fort.org\/cocina\/tortilla-de-papas-heretica\/papas-3\/\" data-orig-file=\"https:\/\/i0.wp.com\/le-fort.org\/cocina\/wp-content\/uploads\/2013\/11\/papas.jpg?fit=700%2C420&amp;ssl=1\" data-orig-size=\"700,420\" data-comments-opened=\"0\" data-image-meta=\"{&quot;aperture&quot;:&quot;0&quot;,&quot;credit&quot;:&quot;&quot;,&quot;camera&quot;:&quot;&quot;,&quot;caption&quot;:&quot;&quot;,&quot;created_timestamp&quot;:&quot;0&quot;,&quot;copyright&quot;:&quot;&quot;,&quot;focal_length&quot;:&quot;0&quot;,&quot;iso&quot;:&quot;0&quot;,&quot;shutter_speed&quot;:&quot;0&quot;,&quot;title&quot;:&quot;&quot;,&quot;orientation&quot;:&quot;0&quot;}\" data-image-title=\"papas\" data-image-description=\"\" data-image-caption=\"&lt;p&gt;Comenzamos con una buena cantidad de papas fritas, aqu\u00ed utilizamos unos 200 gramos.&lt;\/p&gt;\n\" data-large-file=\"https:\/\/i0.wp.com\/le-fort.org\/cocina\/wp-content\/uploads\/2013\/11\/papas.jpg?fit=700%2C420&amp;ssl=1\" class=\"size-full wp-image-4987\" alt=\"Comenzamos con una buena cantidad de papas fritas, aqu\u00ed utilizamos unos 200 gramos.\" src=\"https:\/\/i0.wp.com\/www.le-fort.org\/wp-content\/uploads\/2013\/11\/papas.jpg?resize=700%2C420&#038;ssl=1\" width=\"700\" height=\"420\" srcset=\"https:\/\/i0.wp.com\/le-fort.org\/cocina\/wp-content\/uploads\/2013\/11\/papas.jpg?w=700&amp;ssl=1 700w, https:\/\/i0.wp.com\/le-fort.org\/cocina\/wp-content\/uploads\/2013\/11\/papas.jpg?resize=600%2C360&amp;ssl=1 600w\" sizes=\"auto, (max-width: 700px) 100vw, 700px\" \/><figcaption id=\"caption-attachment-4987\" class=\"wp-caption-text\">Comenzamos con una buena cantidad de papas fritas, aqu\u00ed utilizamos unos 200 gramos.<\/figcaption><\/figure>\n<figure id=\"attachment_4985\" aria-describedby=\"caption-attachment-4985\" style=\"width: 700px\" class=\"wp-caption aligncenter\"><img data-recalc-dims=\"1\" loading=\"lazy\" decoding=\"async\" data-attachment-id=\"4985\" data-permalink=\"https:\/\/le-fort.org\/cocina\/tortilla-de-papas-heretica\/cebolla-3\/\" data-orig-file=\"https:\/\/i0.wp.com\/le-fort.org\/cocina\/wp-content\/uploads\/2013\/11\/cebolla.jpg?fit=700%2C420&amp;ssl=1\" data-orig-size=\"700,420\" data-comments-opened=\"0\" data-image-meta=\"{&quot;aperture&quot;:&quot;0&quot;,&quot;credit&quot;:&quot;&quot;,&quot;camera&quot;:&quot;&quot;,&quot;caption&quot;:&quot;&quot;,&quot;created_timestamp&quot;:&quot;0&quot;,&quot;copyright&quot;:&quot;&quot;,&quot;focal_length&quot;:&quot;0&quot;,&quot;iso&quot;:&quot;0&quot;,&quot;shutter_speed&quot;:&quot;0&quot;,&quot;title&quot;:&quot;&quot;,&quot;orientation&quot;:&quot;0&quot;}\" data-image-title=\"cebolla\" data-image-description=\"\" data-image-caption=\"&lt;p&gt;Fre\u00edmos la cebolla&lt;\/p&gt;\n\" data-large-file=\"https:\/\/i0.wp.com\/le-fort.org\/cocina\/wp-content\/uploads\/2013\/11\/cebolla.jpg?fit=700%2C420&amp;ssl=1\" class=\"size-full wp-image-4985\" alt=\"Fre\u00edmos la cebolla\" src=\"https:\/\/i0.wp.com\/www.le-fort.org\/wp-content\/uploads\/2013\/11\/cebolla.jpg?resize=700%2C420&#038;ssl=1\" width=\"700\" height=\"420\" srcset=\"https:\/\/i0.wp.com\/le-fort.org\/cocina\/wp-content\/uploads\/2013\/11\/cebolla.jpg?w=700&amp;ssl=1 700w, https:\/\/i0.wp.com\/le-fort.org\/cocina\/wp-content\/uploads\/2013\/11\/cebolla.jpg?resize=600%2C360&amp;ssl=1 600w\" sizes=\"auto, (max-width: 700px) 100vw, 700px\" \/><figcaption id=\"caption-attachment-4985\" class=\"wp-caption-text\">Fre\u00edmos la cebolla<\/figcaption><\/figure>\n<figure id=\"attachment_4986\" aria-describedby=\"caption-attachment-4986\" style=\"width: 700px\" class=\"wp-caption aligncenter\"><a href=\"https:\/\/i0.wp.com\/le-fort.org\/wp-content\/uploads\/2013\/11\/huevos.jpg?ssl=1\"><img data-recalc-dims=\"1\" loading=\"lazy\" decoding=\"async\" data-attachment-id=\"4986\" data-permalink=\"https:\/\/le-fort.org\/cocina\/tortilla-de-papas-heretica\/huevos-2\/\" data-orig-file=\"https:\/\/i0.wp.com\/le-fort.org\/cocina\/wp-content\/uploads\/2013\/11\/huevos.jpg?fit=700%2C420&amp;ssl=1\" data-orig-size=\"700,420\" data-comments-opened=\"0\" data-image-meta=\"{&quot;aperture&quot;:&quot;0&quot;,&quot;credit&quot;:&quot;&quot;,&quot;camera&quot;:&quot;&quot;,&quot;caption&quot;:&quot;&quot;,&quot;created_timestamp&quot;:&quot;0&quot;,&quot;copyright&quot;:&quot;&quot;,&quot;focal_length&quot;:&quot;0&quot;,&quot;iso&quot;:&quot;0&quot;,&quot;shutter_speed&quot;:&quot;0&quot;,&quot;title&quot;:&quot;&quot;,&quot;orientation&quot;:&quot;0&quot;}\" data-image-title=\"huevos\" data-image-description=\"\" data-image-caption=\"&lt;p&gt;Batimos 3 de los 6 huevos &lt;\/p&gt;\n\" data-large-file=\"https:\/\/i0.wp.com\/le-fort.org\/cocina\/wp-content\/uploads\/2013\/11\/huevos.jpg?fit=700%2C420&amp;ssl=1\" class=\"size-full wp-image-4986\" alt=\"Batimos 3 de los 6 huevos \" src=\"https:\/\/i0.wp.com\/www.le-fort.org\/wp-content\/uploads\/2013\/11\/huevos.jpg?resize=700%2C420&#038;ssl=1\" width=\"700\" height=\"420\" srcset=\"https:\/\/i0.wp.com\/le-fort.org\/cocina\/wp-content\/uploads\/2013\/11\/huevos.jpg?w=700&amp;ssl=1 700w, https:\/\/i0.wp.com\/le-fort.org\/cocina\/wp-content\/uploads\/2013\/11\/huevos.jpg?resize=600%2C360&amp;ssl=1 600w\" sizes=\"auto, (max-width: 700px) 100vw, 700px\" \/><\/a><figcaption id=\"caption-attachment-4986\" class=\"wp-caption-text\">Batimos 3 de los 6 huevos<\/figcaption><\/figure>\n<p>En una primera etapa mezclamos los 3 huevos batidos, cebolla frita y papas fritas. S\u00f3lo si las papas no tienen sal a\u00f1adimos sal. Dejamos reposar unos 15 minutos para que las papas se humedezcan con el huevo. Deber\u00eda quedar una mezcla m\u00e1s bien seca.<\/p>\n<p>Batimos los otros 3 huevos y a\u00f1adimos a la mezcla. Calentamos un poco de aceite para fre\u00edr en una sart\u00e9n antiadherente y vertemos la mezcla.<\/p>\n<figure id=\"attachment_4988\" aria-describedby=\"caption-attachment-4988\" style=\"width: 700px\" class=\"wp-caption aligncenter\"><img data-recalc-dims=\"1\" loading=\"lazy\" decoding=\"async\" data-attachment-id=\"4988\" data-permalink=\"https:\/\/le-fort.org\/cocina\/tortilla-de-papas-heretica\/sarten-3\/\" data-orig-file=\"https:\/\/i0.wp.com\/le-fort.org\/cocina\/wp-content\/uploads\/2013\/11\/sarten.jpg?fit=700%2C420&amp;ssl=1\" data-orig-size=\"700,420\" data-comments-opened=\"0\" data-image-meta=\"{&quot;aperture&quot;:&quot;0&quot;,&quot;credit&quot;:&quot;&quot;,&quot;camera&quot;:&quot;&quot;,&quot;caption&quot;:&quot;&quot;,&quot;created_timestamp&quot;:&quot;0&quot;,&quot;copyright&quot;:&quot;&quot;,&quot;focal_length&quot;:&quot;0&quot;,&quot;iso&quot;:&quot;0&quot;,&quot;shutter_speed&quot;:&quot;0&quot;,&quot;title&quot;:&quot;&quot;,&quot;orientation&quot;:&quot;0&quot;}\" data-image-title=\"sarten\" data-image-description=\"\" data-image-caption=\"\" data-large-file=\"https:\/\/i0.wp.com\/le-fort.org\/cocina\/wp-content\/uploads\/2013\/11\/sarten.jpg?fit=700%2C420&amp;ssl=1\" class=\" wp-image-4988\" alt=\"sarten\" src=\"https:\/\/i0.wp.com\/www.le-fort.org\/wp-content\/uploads\/2013\/11\/sarten.jpg?resize=700%2C420&#038;ssl=1\" width=\"700\" height=\"420\" srcset=\"https:\/\/i0.wp.com\/le-fort.org\/cocina\/wp-content\/uploads\/2013\/11\/sarten.jpg?w=700&amp;ssl=1 700w, https:\/\/i0.wp.com\/le-fort.org\/cocina\/wp-content\/uploads\/2013\/11\/sarten.jpg?resize=600%2C360&amp;ssl=1 600w\" sizes=\"auto, (max-width: 700px) 100vw, 700px\" \/><figcaption id=\"caption-attachment-4988\" class=\"wp-caption-text\">A la sart\u00e9n.<\/figcaption><\/figure>\n<p>Cocinemos a fuego medio unos 5 minutos y demos vuelta la tortilla con ayuda de un plato:<\/p>\n<ul>\n<li>Ponemos un plato invertido sobre la sart\u00e9n<\/li>\n<li>Damos vuelta la sart\u00e9n con el plato de modo que el plato quede &#8220;al derecho&#8221;<\/li>\n<li>Si todo anduvo bien, tenemos una tortilla cocida por arriba y cruda por abajo en nuestro plato. Deslicemos la tortilla de vuelta a la sart\u00e9n. Ahora queda el lado crudo en contacto con la sart\u00e9n.<\/li>\n<\/ul>\n<figure id=\"attachment_4992\" aria-describedby=\"caption-attachment-4992\" style=\"width: 700px\" class=\"wp-caption aligncenter\"><img data-recalc-dims=\"1\" loading=\"lazy\" decoding=\"async\" data-attachment-id=\"4992\" data-permalink=\"https:\/\/le-fort.org\/cocina\/tortilla-de-papas-heretica\/vuelta-3\/\" data-orig-file=\"https:\/\/i0.wp.com\/le-fort.org\/cocina\/wp-content\/uploads\/2013\/11\/vuelta.jpg?fit=700%2C420&amp;ssl=1\" data-orig-size=\"700,420\" data-comments-opened=\"0\" data-image-meta=\"{&quot;aperture&quot;:&quot;0&quot;,&quot;credit&quot;:&quot;&quot;,&quot;camera&quot;:&quot;&quot;,&quot;caption&quot;:&quot;&quot;,&quot;created_timestamp&quot;:&quot;0&quot;,&quot;copyright&quot;:&quot;&quot;,&quot;focal_length&quot;:&quot;0&quot;,&quot;iso&quot;:&quot;0&quot;,&quot;shutter_speed&quot;:&quot;0&quot;,&quot;title&quot;:&quot;&quot;,&quot;orientation&quot;:&quot;0&quot;}\" data-image-title=\"vuelta\" data-image-description=\"\" data-image-caption=\"&lt;p&gt;Segunda etapa de cocci\u00f3n&lt;\/p&gt;\n\" data-large-file=\"https:\/\/i0.wp.com\/le-fort.org\/cocina\/wp-content\/uploads\/2013\/11\/vuelta.jpg?fit=700%2C420&amp;ssl=1\" class=\"size-full wp-image-4992\" alt=\"Segunda etapa de cocci\u00f3n\" src=\"https:\/\/i0.wp.com\/www.le-fort.org\/wp-content\/uploads\/2013\/11\/vuelta.jpg?resize=700%2C420&#038;ssl=1\" width=\"700\" height=\"420\" srcset=\"https:\/\/i0.wp.com\/le-fort.org\/cocina\/wp-content\/uploads\/2013\/11\/vuelta.jpg?w=700&amp;ssl=1 700w, https:\/\/i0.wp.com\/le-fort.org\/cocina\/wp-content\/uploads\/2013\/11\/vuelta.jpg?resize=600%2C360&amp;ssl=1 600w\" sizes=\"auto, (max-width: 700px) 100vw, 700px\" \/><figcaption id=\"caption-attachment-4992\" class=\"wp-caption-text\">Segunda etapa de cocci\u00f3n<\/figcaption><\/figure>\n<p>Cocinemos otros 5 minutos y estamos listos. El qu\u00e9 tan l\u00edquido queremos el huevo en el interior de nuestra tortilla es cosa muy personal. A nosotros nos gusta m\u00e1s bien cocido, pero hay de cada gusto por ah\u00ed\u2026<\/p>\n<figure id=\"attachment_4990\" aria-describedby=\"caption-attachment-4990\" style=\"width: 700px\" class=\"wp-caption aligncenter\"><a href=\"https:\/\/i0.wp.com\/le-fort.org\/wp-content\/uploads\/2013\/11\/tortilla.jpg?ssl=1\"><img data-recalc-dims=\"1\" loading=\"lazy\" decoding=\"async\" data-attachment-id=\"4990\" data-permalink=\"https:\/\/le-fort.org\/cocina\/tortilla-de-papas-heretica\/tortilla-2\/\" data-orig-file=\"https:\/\/i0.wp.com\/le-fort.org\/cocina\/wp-content\/uploads\/2013\/11\/tortilla.jpg?fit=700%2C420&amp;ssl=1\" data-orig-size=\"700,420\" data-comments-opened=\"0\" data-image-meta=\"{&quot;aperture&quot;:&quot;0&quot;,&quot;credit&quot;:&quot;&quot;,&quot;camera&quot;:&quot;&quot;,&quot;caption&quot;:&quot;&quot;,&quot;created_timestamp&quot;:&quot;0&quot;,&quot;copyright&quot;:&quot;&quot;,&quot;focal_length&quot;:&quot;0&quot;,&quot;iso&quot;:&quot;0&quot;,&quot;shutter_speed&quot;:&quot;0&quot;,&quot;title&quot;:&quot;&quot;,&quot;orientation&quot;:&quot;0&quot;}\" data-image-title=\"tortilla\" data-image-description=\"\" data-image-caption=\"&lt;p&gt;\u00a1A comer!&lt;\/p&gt;\n\" data-large-file=\"https:\/\/i0.wp.com\/le-fort.org\/cocina\/wp-content\/uploads\/2013\/11\/tortilla.jpg?fit=700%2C420&amp;ssl=1\" class=\"size-full wp-image-4990\" alt=\"\u00a1A comer!\" src=\"https:\/\/i0.wp.com\/www.le-fort.org\/wp-content\/uploads\/2013\/11\/tortilla.jpg?resize=700%2C420&#038;ssl=1\" width=\"700\" height=\"420\" srcset=\"https:\/\/i0.wp.com\/le-fort.org\/cocina\/wp-content\/uploads\/2013\/11\/tortilla.jpg?w=700&amp;ssl=1 700w, https:\/\/i0.wp.com\/le-fort.org\/cocina\/wp-content\/uploads\/2013\/11\/tortilla.jpg?resize=600%2C360&amp;ssl=1 600w\" sizes=\"auto, (max-width: 700px) 100vw, 700px\" \/><\/a><figcaption id=\"caption-attachment-4990\" class=\"wp-caption-text\">\u00a1A comer!<\/figcaption><\/figure>\n<p>Esta tortilla admite una pl\u00e9tora de variaciones y a\u00f1adidos:<\/p>\n<ul>\n<li>Pimiento en cuadritos o tiritas<\/li>\n<li>Salchicha<\/li>\n<li>Chorizo<\/li>\n<li>Tocino<\/li>\n<li>Etc.<\/li>\n<\/ul>\n<p>Lo bueno es que como ya es una herej\u00eda, cualquier desviaci\u00f3n de la norma es secundaria.<\/p>\n","protected":false},"excerpt":{"rendered":"<p>Receta de tortilla de patatas, tortilla de papas o tortilla espa\u00f1ola her\u00e9tica. R\u00e1pida y muy buena aunque inferior a una tortilla can\u00f3nica.<\/p>\n","protected":false},"author":1,"featured_media":4989,"comment_status":"open","ping_status":"closed","sticky":false,"template":"","format":"standard","meta":{"_jetpack_newsletter_access":"","_jetpack_dont_email_post_to_subs":false,"_jetpack_newsletter_tier_id":0,"_jetpack_memberships_contains_paywalled_content":false,"_jetpack_memberships_contains_paid_content":false,"footnotes":""},"categories":[2],"tags":[113,192,137],"class_list":["post-4984","post","type-post","status-publish","format-standard","has-post-thumbnail","hentry","category-recetas","tag-comida-espanola","tag-papas","tag-tortilla","entry","has-media"],"jetpack_featured_media_url":"https:\/\/i0.wp.com\/le-fort.org\/cocina\/wp-content\/uploads\/2013\/11\/tortilla-de-papas-heretica-hd.jpg?fit=1200%2C400&ssl=1","jetpack_shortlink":"https:\/\/wp.me\/pghKer-1io","jetpack_sharing_enabled":true,"jetpack-related-posts":[{"id":646,"url":"https:\/\/le-fort.org\/cocina\/tortila-espanola-tortilla-de-papas\/","url_meta":{"origin":4984,"position":0},"title":"Tortila espa\u00f1ola (tortilla de papas)","author":"Le-Fort.org","date":"5 de Agosto, 2009","format":false,"excerpt":"Receta de tortilla de papas, hecha con papas fritas en cuadritos y cebolla cortada en pluma.","rel":"","context":"En &quot;Comida&quot;","block_context":{"text":"Comida","link":"https:\/\/le-fort.org\/cocina\/categoria\/cocina-comida\/"},"img":{"alt_text":"","src":"https:\/\/i0.wp.com\/le-fort.org\/cocina\/wp-content\/uploads\/2009\/08\/head.jpg?fit=614%2C225&ssl=1&resize=350%2C200","width":350,"height":200,"srcset":"https:\/\/i0.wp.com\/le-fort.org\/cocina\/wp-content\/uploads\/2009\/08\/head.jpg?fit=614%2C225&ssl=1&resize=350%2C200 1x, https:\/\/i0.wp.com\/le-fort.org\/cocina\/wp-content\/uploads\/2009\/08\/head.jpg?fit=614%2C225&ssl=1&resize=525%2C300 1.5x"},"classes":[]},{"id":15362,"url":"https:\/\/le-fort.org\/cocina\/tortilla-de-papas-rellena-de-jamon-y-queso\/","url_meta":{"origin":4984,"position":1},"title":"Tortilla de Papas Rellena de Jam\u00f3n y Queso","author":"Le-Fort.org","date":"30 de Diciembre, 2020","format":false,"excerpt":"Tortilla de Papas Rellena de Jam\u00f3n y Queso, inspirada por la de las chicas de la tres, vista en Netflix.","rel":"","context":"En &quot;Recetas&quot;","block_context":{"text":"Recetas","link":"https:\/\/le-fort.org\/cocina\/categoria\/recetas\/"},"img":{"alt_text":"","src":"https:\/\/i0.wp.com\/le-fort.org\/cocina\/wp-content\/uploads\/2020\/12\/tortilla-re-llena-hd.jpg?fit=1200%2C400&ssl=1&resize=350%2C200","width":350,"height":200,"srcset":"https:\/\/i0.wp.com\/le-fort.org\/cocina\/wp-content\/uploads\/2020\/12\/tortilla-re-llena-hd.jpg?fit=1200%2C400&ssl=1&resize=350%2C200 1x, https:\/\/i0.wp.com\/le-fort.org\/cocina\/wp-content\/uploads\/2020\/12\/tortilla-re-llena-hd.jpg?fit=1200%2C400&ssl=1&resize=525%2C300 1.5x, https:\/\/i0.wp.com\/le-fort.org\/cocina\/wp-content\/uploads\/2020\/12\/tortilla-re-llena-hd.jpg?fit=1200%2C400&ssl=1&resize=700%2C400 2x, https:\/\/i0.wp.com\/le-fort.org\/cocina\/wp-content\/uploads\/2020\/12\/tortilla-re-llena-hd.jpg?fit=1200%2C400&ssl=1&resize=1050%2C600 3x"},"classes":[]},{"id":16694,"url":"https:\/\/le-fort.org\/cocina\/tortilla-de-chifles-espanola\/","url_meta":{"origin":4984,"position":2},"title":"Tortilla de Chifles: No tan Espa\u00f1ola","author":"Le-Fort.org","date":"3 de Octubre, 2022","format":false,"excerpt":"Receta de tortilla de chifles. No es espa\u00f1ola ni se le parece pero es incre\u00edblemente buena.","rel":"","context":"En &quot;Recetas&quot;","block_context":{"text":"Recetas","link":"https:\/\/le-fort.org\/cocina\/categoria\/recetas\/"},"img":{"alt_text":"","src":"https:\/\/i0.wp.com\/le-fort.org\/cocina\/wp-content\/uploads\/2022\/10\/tortilla-chifles-hd.jpg?fit=1200%2C400&ssl=1&resize=350%2C200","width":350,"height":200,"srcset":"https:\/\/i0.wp.com\/le-fort.org\/cocina\/wp-content\/uploads\/2022\/10\/tortilla-chifles-hd.jpg?fit=1200%2C400&ssl=1&resize=350%2C200 1x, https:\/\/i0.wp.com\/le-fort.org\/cocina\/wp-content\/uploads\/2022\/10\/tortilla-chifles-hd.jpg?fit=1200%2C400&ssl=1&resize=525%2C300 1.5x, https:\/\/i0.wp.com\/le-fort.org\/cocina\/wp-content\/uploads\/2022\/10\/tortilla-chifles-hd.jpg?fit=1200%2C400&ssl=1&resize=700%2C400 2x, https:\/\/i0.wp.com\/le-fort.org\/cocina\/wp-content\/uploads\/2022\/10\/tortilla-chifles-hd.jpg?fit=1200%2C400&ssl=1&resize=1050%2C600 3x"},"classes":[]},{"id":1648,"url":"https:\/\/le-fort.org\/cocina\/bocadillo-de-tortilla-de-patatas\/","url_meta":{"origin":4984,"position":3},"title":"Bocadillo de Tortilla de Patatas","author":"Maestro Sanguchero","date":"23 de Marzo, 2015","format":false,"excerpt":"Es curiosa la nomenclatura sanguchera. En Espa\u00f1a un sandwich es s\u00f3lo aquel que utiliza pan de molde. Los que utilizan otros panes caen en la categor\u00eda de bocadillo. Este, pues, es un bocadillo. Y qu\u00e9 m\u00e1s castizo que un bocadillo de tortilla de patata. Preparamos una tortilla de patata siguiendo\u2026","rel":"","context":"En &quot;Espa\u00f1a&quot;","block_context":{"text":"Espa\u00f1a","link":"https:\/\/le-fort.org\/cocina\/categoria\/espana\/"},"img":{"alt_text":"Bocadillo de tortilla de patata","src":"https:\/\/i0.wp.com\/www.le-fort.org\/wp-content\/uploads\/2015\/03\/bocadillo-tortilla-patata-listo.jpg?resize=350%2C200&ssl=1","width":350,"height":200,"srcset":"https:\/\/i0.wp.com\/www.le-fort.org\/wp-content\/uploads\/2015\/03\/bocadillo-tortilla-patata-listo.jpg?resize=350%2C200&ssl=1 1x, https:\/\/i0.wp.com\/www.le-fort.org\/wp-content\/uploads\/2015\/03\/bocadillo-tortilla-patata-listo.jpg?resize=525%2C300&ssl=1 1.5x, https:\/\/i0.wp.com\/www.le-fort.org\/wp-content\/uploads\/2015\/03\/bocadillo-tortilla-patata-listo.jpg?resize=700%2C400&ssl=1 2x"},"classes":[]},{"id":234,"url":"https:\/\/le-fort.org\/cocina\/tortilla-de-papas\/","url_meta":{"origin":4984,"position":4},"title":"Tortilla de Papas","author":"Rod","date":"7 de Diciembre, 2020","format":false,"excerpt":"Un cl\u00e1sico espa\u00f1ol","rel":"","context":"En &quot;Recetas y T\u00e9cnicas&quot;","block_context":{"text":"Recetas y T\u00e9cnicas","link":"https:\/\/le-fort.org\/cocina\/categoria\/rectas-tecnicas\/"},"img":{"alt_text":"","src":"https:\/\/i0.wp.com\/le-fort.org\/cocina\/wp-content\/uploads\/2020\/12\/tortilla-de-papas-heretica-hd.jpg?fit=1200%2C400&ssl=1&resize=350%2C200","width":350,"height":200,"srcset":"https:\/\/i0.wp.com\/le-fort.org\/cocina\/wp-content\/uploads\/2020\/12\/tortilla-de-papas-heretica-hd.jpg?fit=1200%2C400&ssl=1&resize=350%2C200 1x, https:\/\/i0.wp.com\/le-fort.org\/cocina\/wp-content\/uploads\/2020\/12\/tortilla-de-papas-heretica-hd.jpg?fit=1200%2C400&ssl=1&resize=525%2C300 1.5x, https:\/\/i0.wp.com\/le-fort.org\/cocina\/wp-content\/uploads\/2020\/12\/tortilla-de-papas-heretica-hd.jpg?fit=1200%2C400&ssl=1&resize=700%2C400 2x, https:\/\/i0.wp.com\/le-fort.org\/cocina\/wp-content\/uploads\/2020\/12\/tortilla-de-papas-heretica-hd.jpg?fit=1200%2C400&ssl=1&resize=1050%2C600 3x"},"classes":[]},{"id":13299,"url":"https:\/\/le-fort.org\/cocina\/tortillas-de-trigo\/","url_meta":{"origin":4984,"position":5},"title":"Tortillas de Trigo","author":"Le-Fort.org","date":"11 de Octubre, 2018","format":false,"excerpt":"Receta de tortillas de trigo, como las de burritos.","rel":"","context":"En &quot;Recetas&quot;","block_context":{"text":"Recetas","link":"https:\/\/le-fort.org\/cocina\/categoria\/recetas\/"},"img":{"alt_text":"","src":"https:\/\/i0.wp.com\/le-fort.org\/cocina\/wp-content\/uploads\/2018\/10\/tortillas-hd.jpg?fit=1200%2C400&ssl=1&resize=350%2C200","width":350,"height":200,"srcset":"https:\/\/i0.wp.com\/le-fort.org\/cocina\/wp-content\/uploads\/2018\/10\/tortillas-hd.jpg?fit=1200%2C400&ssl=1&resize=350%2C200 1x, https:\/\/i0.wp.com\/le-fort.org\/cocina\/wp-content\/uploads\/2018\/10\/tortillas-hd.jpg?fit=1200%2C400&ssl=1&resize=525%2C300 1.5x, https:\/\/i0.wp.com\/le-fort.org\/cocina\/wp-content\/uploads\/2018\/10\/tortillas-hd.jpg?fit=1200%2C400&ssl=1&resize=700%2C400 2x, https:\/\/i0.wp.com\/le-fort.org\/cocina\/wp-content\/uploads\/2018\/10\/tortillas-hd.jpg?fit=1200%2C400&ssl=1&resize=1050%2C600 3x"},"classes":[]}],"_links":{"self":[{"href":"https:\/\/le-fort.org\/cocina\/wp-json\/wp\/v2\/posts\/4984","targetHints":{"allow":["GET"]}}],"collection":[{"href":"https:\/\/le-fort.org\/cocina\/wp-json\/wp\/v2\/posts"}],"about":[{"href":"https:\/\/le-fort.org\/cocina\/wp-json\/wp\/v2\/types\/post"}],"author":[{"embeddable":true,"href":"https:\/\/le-fort.org\/cocina\/wp-json\/wp\/v2\/users\/1"}],"replies":[{"embeddable":true,"href":"https:\/\/le-fort.org\/cocina\/wp-json\/wp\/v2\/comments?post=4984"}],"version-history":[{"count":1,"href":"https:\/\/le-fort.org\/cocina\/wp-json\/wp\/v2\/posts\/4984\/revisions"}],"predecessor-version":[{"id":16125,"href":"https:\/\/le-fort.org\/cocina\/wp-json\/wp\/v2\/posts\/4984\/revisions\/16125"}],"wp:featuredmedia":[{"embeddable":true,"href":"https:\/\/le-fort.org\/cocina\/wp-json\/wp\/v2\/media\/4989"}],"wp:attachment":[{"href":"https:\/\/le-fort.org\/cocina\/wp-json\/wp\/v2\/media?parent=4984"}],"wp:term":[{"taxonomy":"category","embeddable":true,"href":"https:\/\/le-fort.org\/cocina\/wp-json\/wp\/v2\/categories?post=4984"},{"taxonomy":"post_tag","embeddable":true,"href":"https:\/\/le-fort.org\/cocina\/wp-json\/wp\/v2\/tags?post=4984"}],"curies":[{"name":"wp","href":"https:\/\/api.w.org\/{rel}","templated":true}]}}