{"id":4994,"date":"2013-11-04T14:00:00","date_gmt":"2013-11-04T14:00:00","guid":{"rendered":"http:\/\/www.loquecomemos.com\/?p=4994"},"modified":"2013-11-04T20:11:48","modified_gmt":"2013-11-04T20:11:48","slug":"pie-de-chocolate-rapido","status":"publish","type":"post","link":"https:\/\/le-fort.org\/cocina\/pie-de-chocolate-rapido\/","title":{"rendered":"Pie de Chocolate r\u00e1pido"},"content":{"rendered":"<p>Soluci\u00f3n para un antojo de cosas dulces con una despensa poco abastecida.<\/p>\n<p><img data-recalc-dims=\"1\" loading=\"lazy\" decoding=\"async\" data-attachment-id=\"4998\" data-permalink=\"https:\/\/le-fort.org\/cocina\/pie-de-chocolate-rapido\/pie-de-chocolate\/\" data-orig-file=\"https:\/\/i0.wp.com\/le-fort.org\/cocina\/wp-content\/uploads\/2013\/11\/pie-de-chocolate.jpg?fit=700%2C420&amp;ssl=1\" data-orig-size=\"700,420\" data-comments-opened=\"0\" data-image-meta=\"{&quot;aperture&quot;:&quot;0&quot;,&quot;credit&quot;:&quot;&quot;,&quot;camera&quot;:&quot;&quot;,&quot;caption&quot;:&quot;&quot;,&quot;created_timestamp&quot;:&quot;0&quot;,&quot;copyright&quot;:&quot;&quot;,&quot;focal_length&quot;:&quot;0&quot;,&quot;iso&quot;:&quot;0&quot;,&quot;shutter_speed&quot;:&quot;0&quot;,&quot;title&quot;:&quot;&quot;,&quot;orientation&quot;:&quot;0&quot;}\" data-image-title=\"pie-de-chocolate\" data-image-description=\"\" data-image-caption=\"\" data-large-file=\"https:\/\/i0.wp.com\/le-fort.org\/cocina\/wp-content\/uploads\/2013\/11\/pie-de-chocolate.jpg?fit=700%2C420&amp;ssl=1\" class=\"aligncenter size-full wp-image-4998\" alt=\"pie-de-chocolate\" src=\"https:\/\/i0.wp.com\/www.le-fort.org\/wp-content\/uploads\/2013\/11\/pie-de-chocolate.jpg?resize=700%2C420&#038;ssl=1\" width=\"700\" height=\"420\" srcset=\"https:\/\/i0.wp.com\/le-fort.org\/cocina\/wp-content\/uploads\/2013\/11\/pie-de-chocolate.jpg?w=700&amp;ssl=1 700w, https:\/\/i0.wp.com\/le-fort.org\/cocina\/wp-content\/uploads\/2013\/11\/pie-de-chocolate.jpg?resize=600%2C360&amp;ssl=1 600w\" sizes=\"auto, (max-width: 700px) 100vw, 700px\" \/><\/p>\n<p>Tenemos la suerte de contar con un excelente cacao en polvo, y eso es casi todo lo que necesitamos. Simplemente batimos dos huevos con una taza de az\u00facar, a\u00f1adimos media taza de cacao en polvo y un poco de leche, y rellenamos una masa de pie.<\/p>\n<p>Media hora de horno y estamos listos para la parte dif\u00edcil, que es dejarlo enfriar.<\/p>\n<p>R\u00e1pido y bueno.<\/p>\n","protected":false},"excerpt":{"rendered":"<p>Receta de pie r\u00e1pido de chocolate<\/p>\n","protected":false},"author":1,"featured_media":4997,"comment_status":"closed","ping_status":"closed","sticky":false,"template":"","format":"standard","meta":{"_jetpack_newsletter_access":"","_jetpack_dont_email_post_to_subs":false,"_jetpack_newsletter_tier_id":0,"_jetpack_memberships_contains_paywalled_content":false,"_jetpack_memberships_contains_paid_content":false,"footnotes":""},"categories":[2],"tags":[193,358,24,30],"class_list":["post-4994","post","type-post","status-publish","format-standard","has-post-thumbnail","hentry","category-recetas","tag-cacao","tag-chocolate","tag-pie","tag-reposteria","entry","has-media"],"jetpack_featured_media_url":"https:\/\/i0.wp.com\/le-fort.org\/cocina\/wp-content\/uploads\/2013\/11\/pie-de-chocolate-hd.jpg?fit=1200%2C420&ssl=1","jetpack_shortlink":"https:\/\/wp.me\/pghKer-1iy","jetpack_sharing_enabled":true,"jetpack-related-posts":[{"id":3227,"url":"https:\/\/le-fort.org\/cocina\/pie-de-mantequilla-de-mani-y-chocolate\/","url_meta":{"origin":4994,"position":0},"title":"Pie de Mantequilla de Man\u00ed y Chocolate","author":"Le-Fort.org","date":"23 de Febrero, 2013","format":false,"excerpt":"Receta de Pie de Mantequilla de man\u00ed con chocolate, m\u00e1s bien con ganache amargo.","rel":"","context":"En &quot;Comida&quot;","block_context":{"text":"Comida","link":"https:\/\/le-fort.org\/cocina\/categoria\/cocina-comida\/"},"img":{"alt_text":"","src":"https:\/\/i0.wp.com\/le-fort.org\/cocina\/wp-content\/uploads\/2013\/02\/2013-02-22_16-52-22_330.jpg?fit=640%2C480&ssl=1&resize=350%2C200","width":350,"height":200,"srcset":"https:\/\/i0.wp.com\/le-fort.org\/cocina\/wp-content\/uploads\/2013\/02\/2013-02-22_16-52-22_330.jpg?fit=640%2C480&ssl=1&resize=350%2C200 1x, https:\/\/i0.wp.com\/le-fort.org\/cocina\/wp-content\/uploads\/2013\/02\/2013-02-22_16-52-22_330.jpg?fit=640%2C480&ssl=1&resize=525%2C300 1.5x"},"classes":[]},{"id":5194,"url":"https:\/\/le-fort.org\/cocina\/jarabe-de-chocolate-sirope-de-chocolate-casero\/","url_meta":{"origin":4994,"position":1},"title":"Jarabe de Chocolate (Sirope de Chocolate) Casero","author":"Le-Fort.org","date":"28 de Enero, 2014","format":false,"excerpt":"Receta de sirope de chocolate casero, o jarabe de chocolate. S\u00f3lo tiene cacao amargo en polvo, az\u00facar, una pizca de sal y agua. Es muy simple, r\u00e1pido y delicioso.","rel":"","context":"En &quot;Recetas&quot;","block_context":{"text":"Recetas","link":"https:\/\/le-fort.org\/cocina\/categoria\/recetas\/"},"img":{"alt_text":"","src":"https:\/\/i0.wp.com\/le-fort.org\/cocina\/wp-content\/uploads\/2014\/01\/jarabe-chocolate-hd.jpg?fit=1200%2C400&ssl=1&resize=350%2C200","width":350,"height":200,"srcset":"https:\/\/i0.wp.com\/le-fort.org\/cocina\/wp-content\/uploads\/2014\/01\/jarabe-chocolate-hd.jpg?fit=1200%2C400&ssl=1&resize=350%2C200 1x, https:\/\/i0.wp.com\/le-fort.org\/cocina\/wp-content\/uploads\/2014\/01\/jarabe-chocolate-hd.jpg?fit=1200%2C400&ssl=1&resize=525%2C300 1.5x, https:\/\/i0.wp.com\/le-fort.org\/cocina\/wp-content\/uploads\/2014\/01\/jarabe-chocolate-hd.jpg?fit=1200%2C400&ssl=1&resize=700%2C400 2x, https:\/\/i0.wp.com\/le-fort.org\/cocina\/wp-content\/uploads\/2014\/01\/jarabe-chocolate-hd.jpg?fit=1200%2C400&ssl=1&resize=1050%2C600 3x"},"classes":[]},{"id":5403,"url":"https:\/\/le-fort.org\/cocina\/queque-vegano-de-chocolate-y-platano\/","url_meta":{"origin":4994,"position":2},"title":"Queque Vegano de Chocolate y Pl\u00e1tano","author":"Le-Fort.org","date":"16 de Abril, 2014","format":false,"excerpt":"Receta de queque vegano de chocolate con pl\u00e1tano. Lo curioso es que tiene un poco de vinagre, pero queda excelente.","rel":"","context":"En &quot;Recetas&quot;","block_context":{"text":"Recetas","link":"https:\/\/le-fort.org\/cocina\/categoria\/recetas\/"},"img":{"alt_text":"","src":"https:\/\/i0.wp.com\/le-fort.org\/cocina\/wp-content\/uploads\/2014\/04\/queque-vegano-platano-chocolate-hd.jpg?fit=1200%2C400&ssl=1&resize=350%2C200","width":350,"height":200,"srcset":"https:\/\/i0.wp.com\/le-fort.org\/cocina\/wp-content\/uploads\/2014\/04\/queque-vegano-platano-chocolate-hd.jpg?fit=1200%2C400&ssl=1&resize=350%2C200 1x, https:\/\/i0.wp.com\/le-fort.org\/cocina\/wp-content\/uploads\/2014\/04\/queque-vegano-platano-chocolate-hd.jpg?fit=1200%2C400&ssl=1&resize=525%2C300 1.5x, https:\/\/i0.wp.com\/le-fort.org\/cocina\/wp-content\/uploads\/2014\/04\/queque-vegano-platano-chocolate-hd.jpg?fit=1200%2C400&ssl=1&resize=700%2C400 2x, https:\/\/i0.wp.com\/le-fort.org\/cocina\/wp-content\/uploads\/2014\/04\/queque-vegano-platano-chocolate-hd.jpg?fit=1200%2C400&ssl=1&resize=1050%2C600 3x"},"classes":[]},{"id":6769,"url":"https:\/\/le-fort.org\/cocina\/brownies\/","url_meta":{"origin":4994,"position":3},"title":"Brownies","author":"Le-Fort.org","date":"23 de Septiembre, 2015","format":false,"excerpt":"Nueva receta de brownies (o negritos, si lo prefieres). Es muy simple y muy buena y muy chocolatosa, y nos quedaremos con ella por un buen tiempo.","rel":"","context":"En &quot;Chocolate&quot;","block_context":{"text":"Chocolate","link":"https:\/\/le-fort.org\/cocina\/categoria\/chocolate\/"},"img":{"alt_text":"","src":"https:\/\/i0.wp.com\/le-fort.org\/cocina\/wp-content\/uploads\/2015\/09\/brownies-hd-1.jpg?fit=1200%2C400&ssl=1&resize=350%2C200","width":350,"height":200,"srcset":"https:\/\/i0.wp.com\/le-fort.org\/cocina\/wp-content\/uploads\/2015\/09\/brownies-hd-1.jpg?fit=1200%2C400&ssl=1&resize=350%2C200 1x, https:\/\/i0.wp.com\/le-fort.org\/cocina\/wp-content\/uploads\/2015\/09\/brownies-hd-1.jpg?fit=1200%2C400&ssl=1&resize=525%2C300 1.5x, https:\/\/i0.wp.com\/le-fort.org\/cocina\/wp-content\/uploads\/2015\/09\/brownies-hd-1.jpg?fit=1200%2C400&ssl=1&resize=700%2C400 2x, https:\/\/i0.wp.com\/le-fort.org\/cocina\/wp-content\/uploads\/2015\/09\/brownies-hd-1.jpg?fit=1200%2C400&ssl=1&resize=1050%2C600 3x"},"classes":[]},{"id":8670,"url":"https:\/\/le-fort.org\/cocina\/buttercream-de-cacao-en-polvo\/","url_meta":{"origin":4994,"position":4},"title":"Buttercream de Cacao en Polvo","author":"Le-Fort.org","date":"5 de Septiembre, 2016","format":false,"excerpt":"Receta de buttercream de cacao en polvo con merengue suizo, excelente para decoraci\u00f3n con manga y para rellenar tortas.","rel":"","context":"En &quot;Reposter\u00eda&quot;","block_context":{"text":"Reposter\u00eda","link":"https:\/\/le-fort.org\/cocina\/categoria\/reposteria\/"},"img":{"alt_text":"","src":"https:\/\/i0.wp.com\/le-fort.org\/cocina\/wp-content\/uploads\/2016\/09\/buttercream-chocolate-hd.jpg?fit=1200%2C400&ssl=1&resize=350%2C200","width":350,"height":200,"srcset":"https:\/\/i0.wp.com\/le-fort.org\/cocina\/wp-content\/uploads\/2016\/09\/buttercream-chocolate-hd.jpg?fit=1200%2C400&ssl=1&resize=350%2C200 1x, https:\/\/i0.wp.com\/le-fort.org\/cocina\/wp-content\/uploads\/2016\/09\/buttercream-chocolate-hd.jpg?fit=1200%2C400&ssl=1&resize=525%2C300 1.5x, https:\/\/i0.wp.com\/le-fort.org\/cocina\/wp-content\/uploads\/2016\/09\/buttercream-chocolate-hd.jpg?fit=1200%2C400&ssl=1&resize=700%2C400 2x, https:\/\/i0.wp.com\/le-fort.org\/cocina\/wp-content\/uploads\/2016\/09\/buttercream-chocolate-hd.jpg?fit=1200%2C400&ssl=1&resize=1050%2C600 3x"},"classes":[]},{"id":6623,"url":"https:\/\/le-fort.org\/cocina\/pasta-de-chocolate\/","url_meta":{"origin":4994,"position":5},"title":"Pasta de Chocolate","author":"Le-Fort.org","date":"1 de Julio, 2015","format":false,"excerpt":"Pasta de chocolate preparada con garbanzos, que queda sorprendentemente buena. Nos la contaron como sustituto de la nutella, pero no es as\u00ed.","rel":"","context":"En &quot;Chocolate&quot;","block_context":{"text":"Chocolate","link":"https:\/\/le-fort.org\/cocina\/categoria\/chocolate\/"},"img":{"alt_text":"","src":"https:\/\/i0.wp.com\/le-fort.org\/cocina\/wp-content\/uploads\/2015\/07\/pasta-chocolate-hd.jpg?fit=1200%2C400&ssl=1&resize=350%2C200","width":350,"height":200,"srcset":"https:\/\/i0.wp.com\/le-fort.org\/cocina\/wp-content\/uploads\/2015\/07\/pasta-chocolate-hd.jpg?fit=1200%2C400&ssl=1&resize=350%2C200 1x, https:\/\/i0.wp.com\/le-fort.org\/cocina\/wp-content\/uploads\/2015\/07\/pasta-chocolate-hd.jpg?fit=1200%2C400&ssl=1&resize=525%2C300 1.5x, https:\/\/i0.wp.com\/le-fort.org\/cocina\/wp-content\/uploads\/2015\/07\/pasta-chocolate-hd.jpg?fit=1200%2C400&ssl=1&resize=700%2C400 2x, https:\/\/i0.wp.com\/le-fort.org\/cocina\/wp-content\/uploads\/2015\/07\/pasta-chocolate-hd.jpg?fit=1200%2C400&ssl=1&resize=1050%2C600 3x"},"classes":[]}],"_links":{"self":[{"href":"https:\/\/le-fort.org\/cocina\/wp-json\/wp\/v2\/posts\/4994","targetHints":{"allow":["GET"]}}],"collection":[{"href":"https:\/\/le-fort.org\/cocina\/wp-json\/wp\/v2\/posts"}],"about":[{"href":"https:\/\/le-fort.org\/cocina\/wp-json\/wp\/v2\/types\/post"}],"author":[{"embeddable":true,"href":"https:\/\/le-fort.org\/cocina\/wp-json\/wp\/v2\/users\/1"}],"replies":[{"embeddable":true,"href":"https:\/\/le-fort.org\/cocina\/wp-json\/wp\/v2\/comments?post=4994"}],"version-history":[{"count":0,"href":"https:\/\/le-fort.org\/cocina\/wp-json\/wp\/v2\/posts\/4994\/revisions"}],"wp:featuredmedia":[{"embeddable":true,"href":"https:\/\/le-fort.org\/cocina\/wp-json\/wp\/v2\/media\/4997"}],"wp:attachment":[{"href":"https:\/\/le-fort.org\/cocina\/wp-json\/wp\/v2\/media?parent=4994"}],"wp:term":[{"taxonomy":"category","embeddable":true,"href":"https:\/\/le-fort.org\/cocina\/wp-json\/wp\/v2\/categories?post=4994"},{"taxonomy":"post_tag","embeddable":true,"href":"https:\/\/le-fort.org\/cocina\/wp-json\/wp\/v2\/tags?post=4994"}],"curies":[{"name":"wp","href":"https:\/\/api.w.org\/{rel}","templated":true}]}}