{"id":5005,"date":"2013-11-09T23:51:32","date_gmt":"2013-11-09T23:51:32","guid":{"rendered":"http:\/\/www.loquecomemos.com\/?p=5005"},"modified":"2014-08-18T12:06:51","modified_gmt":"2014-08-18T17:06:51","slug":"queque-volteado-de-pina-anana","status":"publish","type":"post","link":"https:\/\/le-fort.org\/cocina\/queque-volteado-de-pina-anana\/","title":{"rendered":"Queque Volteado de Pi\u00f1a (Anan\u00e1)"},"content":{"rendered":"<p>Los queques volteados nos interesan.<\/p>\n<figure id=\"attachment_5607\" aria-describedby=\"caption-attachment-5607\" style=\"width: 660px\" class=\"wp-caption aligncenter\"><img data-recalc-dims=\"1\" loading=\"lazy\" decoding=\"async\" data-attachment-id=\"5607\" data-permalink=\"https:\/\/le-fort.org\/cocina\/queque-volteado-de-pina-anana\/img_0077\/\" data-orig-file=\"https:\/\/i0.wp.com\/le-fort.org\/cocina\/wp-content\/uploads\/2013\/11\/IMG_0077.jpg?fit=801%2C1200&amp;ssl=1\" data-orig-size=\"801,1200\" data-comments-opened=\"0\" data-image-meta=\"{&quot;aperture&quot;:&quot;3.5&quot;,&quot;credit&quot;:&quot;@roduar&quot;,&quot;camera&quot;:&quot;Canon PowerShot SX50 HS&quot;,&quot;caption&quot;:&quot;&quot;,&quot;created_timestamp&quot;:&quot;1408358561&quot;,&quot;copyright&quot;:&quot;&quot;,&quot;focal_length&quot;:&quot;5.332&quot;,&quot;iso&quot;:&quot;200&quot;,&quot;shutter_speed&quot;:&quot;0.033333333333333&quot;,&quot;title&quot;:&quot;&quot;,&quot;orientation&quot;:&quot;0&quot;}\" data-image-title=\"IMG_0077\" data-image-description=\"\" data-image-caption=\"&lt;p&gt;Queque volteado de pi\u00f1a&lt;\/p&gt;\n\" data-large-file=\"https:\/\/i0.wp.com\/le-fort.org\/cocina\/wp-content\/uploads\/2013\/11\/IMG_0077.jpg?fit=641%2C960&amp;ssl=1\" class=\"size-large wp-image-5607\" src=\"https:\/\/i0.wp.com\/www.le-fort.org\/wp-content\/uploads\/2013\/11\/IMG_0077-683x1024.jpg?resize=660%2C989&#038;ssl=1\" alt=\"Queque volteado de pi\u00f1a\" width=\"660\" height=\"989\" \/><figcaption id=\"caption-attachment-5607\" class=\"wp-caption-text\">Queque volteado de pi\u00f1a<\/figcaption><\/figure>\n<p>Esta vez experimentamos con un queque volteado de pi\u00f1a con la pi\u00f1a cortada en pedacitos y cocida con anterioridad. Quedamos muy contentos.<\/p>\n<figure id=\"attachment_5004\" aria-describedby=\"caption-attachment-5004\" style=\"width: 700px\" class=\"wp-caption aligncenter\"><img data-recalc-dims=\"1\" loading=\"lazy\" decoding=\"async\" data-attachment-id=\"5004\" data-permalink=\"https:\/\/le-fort.org\/cocina\/queque-volteado-pinna\/\" data-orig-file=\"https:\/\/i0.wp.com\/le-fort.org\/cocina\/wp-content\/uploads\/2013\/11\/queque-volteado-pinna.jpg?fit=700%2C400&amp;ssl=1\" data-orig-size=\"700,400\" data-comments-opened=\"0\" data-image-meta=\"{&quot;aperture&quot;:&quot;0&quot;,&quot;credit&quot;:&quot;&quot;,&quot;camera&quot;:&quot;&quot;,&quot;caption&quot;:&quot;&quot;,&quot;created_timestamp&quot;:&quot;0&quot;,&quot;copyright&quot;:&quot;&quot;,&quot;focal_length&quot;:&quot;0&quot;,&quot;iso&quot;:&quot;0&quot;,&quot;shutter_speed&quot;:&quot;0&quot;,&quot;title&quot;:&quot;&quot;,&quot;orientation&quot;:&quot;0&quot;}\" data-image-title=\"queque-volteado-pinna\" data-image-description=\"\" data-image-caption=\"&lt;p&gt;Queque volteado de pi\u00f1a. Qued\u00f3 muy bueno.&lt;\/p&gt;\n\" data-large-file=\"https:\/\/i0.wp.com\/le-fort.org\/cocina\/wp-content\/uploads\/2013\/11\/queque-volteado-pinna.jpg?fit=700%2C400&amp;ssl=1\" class=\"size-full wp-image-5004\" src=\"https:\/\/i0.wp.com\/www.le-fort.org\/wp-content\/uploads\/2013\/11\/queque-volteado-pinna.jpg?resize=700%2C400&#038;ssl=1\" alt=\"Queque volteado de pi\u00f1a. Qued\u00f3 muy bueno.\" width=\"700\" height=\"400\" srcset=\"https:\/\/i0.wp.com\/le-fort.org\/cocina\/wp-content\/uploads\/2013\/11\/queque-volteado-pinna.jpg?w=700&amp;ssl=1 700w, https:\/\/i0.wp.com\/le-fort.org\/cocina\/wp-content\/uploads\/2013\/11\/queque-volteado-pinna.jpg?resize=600%2C343&amp;ssl=1 600w\" sizes=\"auto, (max-width: 700px) 100vw, 700px\" \/><figcaption id=\"caption-attachment-5004\" class=\"wp-caption-text\">Queque volteado de pi\u00f1a. Qued\u00f3 muy bueno.<\/figcaption><\/figure>\n<p>El queque es simple, y se prepara as\u00ed:<\/p>\n<h2>Ingredientes<\/h2>\n<p>Para el caramelo:<\/p>\n<ul>\n<li>1\/2 taza de az\u00facar morena<\/li>\n<li>1 cucharada sopera de mantequilla<\/li>\n<\/ul>\n<p>La fruta:<\/p>\n<ul>\n<li>Media pi\u00f1a mediana pelada y picada en cubitos, y luego hervida 5 minutos en poca agua.:<\/li>\n<\/ul>\n<p>El Bizcochuelo:<\/p>\n<ul>\n<li>1\/2 taza de az\u00facar<\/li>\n<li>dos huevos, separados<\/li>\n<li>1 taza de harina<\/li>\n<li>1 cucharadita de polvo de hornear<\/li>\n<li>125 grs. de mantequilla a temperatura ambiente<\/li>\n<li>1 cucharada de esencia de vainilla<\/li>\n<li>1\/2 taza del agua de cocci\u00f3n de la pi\u00f1a<\/li>\n<\/ul>\n<h2>Preparaci\u00f3n<\/h2>\n<p>El caramelo lo preparamos poniendo az\u00facar y mantequilla en una olla a fuego medio. Lo dejamos hasta que se derrita el az\u00facar, revolviendo s\u00f3lo si es preciso para evitar que se queme. Cuando toda el az\u00facar est\u00e9 derretida, vertemos el caramelo en un molde de 20 cm. de di\u00e1metro aprox.<\/p>\n<p>Colamos la pi\u00f1a cocida, reservando el agua de cocci\u00f3n, y la disponemos sobre el caramelo.<\/p>\n<p>Aparte, batimos el az\u00facar del bizcocho con las dos yemas hasta obtener un color amarillo p\u00e1lido. A\u00f1adimos vainilla, mantequilla, harina y polvos de hornear. Batimos hasta homogeneizar.<\/p>\n<p>Agregamos la media taza del agua de cocci\u00f3n de la pi\u00f1a y volvemos a batir.<\/p>\n<p>Aparte, batimos las dos claras a nieve y mezclamos revolviendo suavemente con el batido que ya tenemos.<\/p>\n<p>Luego, es cosa de verter el batido de queque sobre la pi\u00f1a, y nivelarlo con una esp\u00e1tula.<\/p>\n<p>Horneamos por una hora a 150\u00baC., dejamos reposar 5 minutos y desmoldamos.<\/p>\n<p>Dejamos enfriar, y a comer.<\/p>\n<figure id=\"attachment_5003\" aria-describedby=\"caption-attachment-5003\" style=\"width: 700px\" class=\"wp-caption aligncenter\"><img data-recalc-dims=\"1\" loading=\"lazy\" decoding=\"async\" data-attachment-id=\"5003\" data-permalink=\"https:\/\/le-fort.org\/cocina\/comiendo-2\/\" data-orig-file=\"https:\/\/i0.wp.com\/le-fort.org\/cocina\/wp-content\/uploads\/2013\/11\/comiendo.jpg?fit=700%2C400&amp;ssl=1\" data-orig-size=\"700,400\" data-comments-opened=\"0\" data-image-meta=\"{&quot;aperture&quot;:&quot;0&quot;,&quot;credit&quot;:&quot;&quot;,&quot;camera&quot;:&quot;&quot;,&quot;caption&quot;:&quot;&quot;,&quot;created_timestamp&quot;:&quot;0&quot;,&quot;copyright&quot;:&quot;&quot;,&quot;focal_length&quot;:&quot;0&quot;,&quot;iso&quot;:&quot;0&quot;,&quot;shutter_speed&quot;:&quot;0&quot;,&quot;title&quot;:&quot;&quot;,&quot;orientation&quot;:&quot;0&quot;}\" data-image-title=\"comiendo\" data-image-description=\"\" data-image-caption=\"&lt;p&gt;\u00a1Buen provecho!&lt;\/p&gt;\n\" data-large-file=\"https:\/\/i0.wp.com\/le-fort.org\/cocina\/wp-content\/uploads\/2013\/11\/comiendo.jpg?fit=700%2C400&amp;ssl=1\" class=\"size-full wp-image-5003\" src=\"https:\/\/i0.wp.com\/www.le-fort.org\/wp-content\/uploads\/2013\/11\/comiendo.jpg?resize=700%2C400&#038;ssl=1\" alt=\"\u00a1Buen provecho!\" width=\"700\" height=\"400\" srcset=\"https:\/\/i0.wp.com\/le-fort.org\/cocina\/wp-content\/uploads\/2013\/11\/comiendo.jpg?w=700&amp;ssl=1 700w, https:\/\/i0.wp.com\/le-fort.org\/cocina\/wp-content\/uploads\/2013\/11\/comiendo.jpg?resize=600%2C343&amp;ssl=1 600w\" sizes=\"auto, (max-width: 700px) 100vw, 700px\" \/><figcaption id=\"caption-attachment-5003\" class=\"wp-caption-text\">\u00a1Buen provecho!<\/figcaption><\/figure>\n<p>[fin]<\/p>\n","protected":false},"excerpt":{"rendered":"<p>Receta del queque volteado de pi\u00f1a (anan\u00e1). F\u00e1cil, r\u00e1pido y delicioso.<\/p>\n","protected":false},"author":1,"featured_media":5006,"comment_status":"open","ping_status":"closed","sticky":false,"template":"","format":"standard","meta":{"_jetpack_newsletter_access":"","_jetpack_dont_email_post_to_subs":false,"_jetpack_newsletter_tier_id":0,"_jetpack_memberships_contains_paywalled_content":false,"_jetpack_memberships_contains_paid_content":false,"footnotes":""},"categories":[2,25],"tags":[194,30],"class_list":["post-5005","post","type-post","status-publish","format-standard","has-post-thumbnail","hentry","category-recetas","category-reposteria","tag-queque-volteado","tag-reposteria","entry","has-media"],"jetpack_featured_media_url":"https:\/\/i0.wp.com\/le-fort.org\/cocina\/wp-content\/uploads\/2013\/11\/queque-volteado-pinna-hd.jpg?fit=1200%2C400&ssl=1","jetpack_shortlink":"https:\/\/wp.me\/pghKer-1iJ","jetpack_sharing_enabled":true,"jetpack-related-posts":[{"id":1952,"url":"https:\/\/le-fort.org\/cocina\/receta-queque-de-peras\/","url_meta":{"origin":5005,"position":0},"title":"Receta: Queque Volteado de Peras","author":"Le-Fort.org","date":"13 de Mayo, 2012","format":false,"excerpt":"Este queque o bizcocho volteado de peras es tan simple como excelente. Se recomienda con \u00e9nfasis.","rel":"","context":"En &quot;Recetas&quot;","block_context":{"text":"Recetas","link":"https:\/\/le-fort.org\/cocina\/categoria\/recetas\/"},"img":{"alt_text":"","src":"https:\/\/i0.wp.com\/le-fort.org\/cocina\/wp-content\/uploads\/2012\/05\/pera-hd-1.jpg?fit=1200%2C400&ssl=1&resize=350%2C200","width":350,"height":200,"srcset":"https:\/\/i0.wp.com\/le-fort.org\/cocina\/wp-content\/uploads\/2012\/05\/pera-hd-1.jpg?fit=1200%2C400&ssl=1&resize=350%2C200 1x, https:\/\/i0.wp.com\/le-fort.org\/cocina\/wp-content\/uploads\/2012\/05\/pera-hd-1.jpg?fit=1200%2C400&ssl=1&resize=525%2C300 1.5x, https:\/\/i0.wp.com\/le-fort.org\/cocina\/wp-content\/uploads\/2012\/05\/pera-hd-1.jpg?fit=1200%2C400&ssl=1&resize=700%2C400 2x, https:\/\/i0.wp.com\/le-fort.org\/cocina\/wp-content\/uploads\/2012\/05\/pera-hd-1.jpg?fit=1200%2C400&ssl=1&resize=1050%2C600 3x"},"classes":[]},{"id":1815,"url":"https:\/\/le-fort.org\/cocina\/queque-de-platano-y-coco\/","url_meta":{"origin":5005,"position":1},"title":"Queque de Pl\u00e1tano y Coco: Receta","author":"Le-Fort.org","date":"24 de Abril, 2012","format":false,"excerpt":"Receta de un queque volteado experimental de pl\u00e1tano y coco.","rel":"","context":"En &quot;Comida&quot;","block_context":{"text":"Comida","link":"https:\/\/le-fort.org\/cocina\/categoria\/cocina-comida\/"},"img":{"alt_text":"","src":"https:\/\/i0.wp.com\/le-fort.org\/cocina\/wp-content\/uploads\/2012\/04\/platano-queque-hd.jpg?fit=700%2C350&ssl=1&resize=350%2C200","width":350,"height":200,"srcset":"https:\/\/i0.wp.com\/le-fort.org\/cocina\/wp-content\/uploads\/2012\/04\/platano-queque-hd.jpg?fit=700%2C350&ssl=1&resize=350%2C200 1x, https:\/\/i0.wp.com\/le-fort.org\/cocina\/wp-content\/uploads\/2012\/04\/platano-queque-hd.jpg?fit=700%2C350&ssl=1&resize=525%2C300 1.5x, https:\/\/i0.wp.com\/le-fort.org\/cocina\/wp-content\/uploads\/2012\/04\/platano-queque-hd.jpg?fit=700%2C350&ssl=1&resize=700%2C400 2x"},"classes":[]},{"id":2077,"url":"https:\/\/le-fort.org\/cocina\/receta-de-queque-de-limon\/","url_meta":{"origin":5005,"position":2},"title":"Receta de Queque de Lim\u00f3n","author":"Le-Fort.org","date":"27 de Agosto, 2012","format":false,"excerpt":"Receta de un queque de lim\u00f3n arom\u00e1tico, \u00e1cido y no demasiado dulce.","rel":"","context":"En &quot;Comida&quot;","block_context":{"text":"Comida","link":"https:\/\/le-fort.org\/cocina\/categoria\/cocina-comida\/"},"img":{"alt_text":"","src":"https:\/\/i0.wp.com\/le-fort.org\/cocina\/wp-content\/uploads\/2012\/08\/queque-de-limon-header.jpg?fit=614%2C225&ssl=1&resize=350%2C200","width":350,"height":200,"srcset":"https:\/\/i0.wp.com\/le-fort.org\/cocina\/wp-content\/uploads\/2012\/08\/queque-de-limon-header.jpg?fit=614%2C225&ssl=1&resize=350%2C200 1x, https:\/\/i0.wp.com\/le-fort.org\/cocina\/wp-content\/uploads\/2012\/08\/queque-de-limon-header.jpg?fit=614%2C225&ssl=1&resize=525%2C300 1.5x"},"classes":[]},{"id":3155,"url":"https:\/\/le-fort.org\/cocina\/queque-vegano-de-chocolate\/","url_meta":{"origin":5005,"position":3},"title":"Queque Vegano de Chocolate","author":"Le-Fort.org","date":"13 de Febrero, 2013","format":false,"excerpt":"Receta de queque r\u00e1pido y vegano de chocolate.","rel":"","context":"En &quot;Recetas&quot;","block_context":{"text":"Recetas","link":"https:\/\/le-fort.org\/cocina\/categoria\/recetas\/"},"img":{"alt_text":"","src":"https:\/\/i0.wp.com\/le-fort.org\/cocina\/wp-content\/uploads\/2013\/02\/P1280105.jpg?fit=960%2C249&ssl=1&resize=350%2C200","width":350,"height":200,"srcset":"https:\/\/i0.wp.com\/le-fort.org\/cocina\/wp-content\/uploads\/2013\/02\/P1280105.jpg?fit=960%2C249&ssl=1&resize=350%2C200 1x, https:\/\/i0.wp.com\/le-fort.org\/cocina\/wp-content\/uploads\/2013\/02\/P1280105.jpg?fit=960%2C249&ssl=1&resize=525%2C300 1.5x, https:\/\/i0.wp.com\/le-fort.org\/cocina\/wp-content\/uploads\/2013\/02\/P1280105.jpg?fit=960%2C249&ssl=1&resize=700%2C400 2x"},"classes":[]},{"id":5403,"url":"https:\/\/le-fort.org\/cocina\/queque-vegano-de-chocolate-y-platano\/","url_meta":{"origin":5005,"position":4},"title":"Queque Vegano de Chocolate y Pl\u00e1tano","author":"Le-Fort.org","date":"16 de Abril, 2014","format":false,"excerpt":"Receta de queque vegano de chocolate con pl\u00e1tano. Lo curioso es que tiene un poco de vinagre, pero queda excelente.","rel":"","context":"En &quot;Recetas&quot;","block_context":{"text":"Recetas","link":"https:\/\/le-fort.org\/cocina\/categoria\/recetas\/"},"img":{"alt_text":"","src":"https:\/\/i0.wp.com\/le-fort.org\/cocina\/wp-content\/uploads\/2014\/04\/queque-vegano-platano-chocolate-hd.jpg?fit=1200%2C400&ssl=1&resize=350%2C200","width":350,"height":200,"srcset":"https:\/\/i0.wp.com\/le-fort.org\/cocina\/wp-content\/uploads\/2014\/04\/queque-vegano-platano-chocolate-hd.jpg?fit=1200%2C400&ssl=1&resize=350%2C200 1x, https:\/\/i0.wp.com\/le-fort.org\/cocina\/wp-content\/uploads\/2014\/04\/queque-vegano-platano-chocolate-hd.jpg?fit=1200%2C400&ssl=1&resize=525%2C300 1.5x, https:\/\/i0.wp.com\/le-fort.org\/cocina\/wp-content\/uploads\/2014\/04\/queque-vegano-platano-chocolate-hd.jpg?fit=1200%2C400&ssl=1&resize=700%2C400 2x, https:\/\/i0.wp.com\/le-fort.org\/cocina\/wp-content\/uploads\/2014\/04\/queque-vegano-platano-chocolate-hd.jpg?fit=1200%2C400&ssl=1&resize=1050%2C600 3x"},"classes":[]},{"id":1529,"url":"https:\/\/le-fort.org\/cocina\/receta-queque-de-platano\/","url_meta":{"origin":5005,"position":5},"title":"Queque de pl\u00e1tano de Diego Mollenhauer: La Receta","author":"Le-Fort.org","date":"13 de Octubre, 2011","format":false,"excerpt":"Receta de un excelente queque de pl\u00e1tano que nos prepar\u00f3 Diego cuando lo fuimos a visitar a \u00e9l y Graciela el 2011 \u2013 tambi\u00e9n le dicen pan de pl\u00e1tano.","rel":"","context":"En &quot;Comida&quot;","block_context":{"text":"Comida","link":"https:\/\/le-fort.org\/cocina\/categoria\/cocina-comida\/"},"img":{"alt_text":"Trozo de queque de pl\u00e1tano y un buen caf\u00e9","src":"https:\/\/i0.wp.com\/www.le-fort.org\/wp-content\/uploads\/2011\/10\/P1230970-520x390.jpg?resize=350%2C200&ssl=1","width":350,"height":200},"classes":[]}],"_links":{"self":[{"href":"https:\/\/le-fort.org\/cocina\/wp-json\/wp\/v2\/posts\/5005","targetHints":{"allow":["GET"]}}],"collection":[{"href":"https:\/\/le-fort.org\/cocina\/wp-json\/wp\/v2\/posts"}],"about":[{"href":"https:\/\/le-fort.org\/cocina\/wp-json\/wp\/v2\/types\/post"}],"author":[{"embeddable":true,"href":"https:\/\/le-fort.org\/cocina\/wp-json\/wp\/v2\/users\/1"}],"replies":[{"embeddable":true,"href":"https:\/\/le-fort.org\/cocina\/wp-json\/wp\/v2\/comments?post=5005"}],"version-history":[{"count":1,"href":"https:\/\/le-fort.org\/cocina\/wp-json\/wp\/v2\/posts\/5005\/revisions"}],"predecessor-version":[{"id":14913,"href":"https:\/\/le-fort.org\/cocina\/wp-json\/wp\/v2\/posts\/5005\/revisions\/14913"}],"wp:featuredmedia":[{"embeddable":true,"href":"https:\/\/le-fort.org\/cocina\/wp-json\/wp\/v2\/media\/5006"}],"wp:attachment":[{"href":"https:\/\/le-fort.org\/cocina\/wp-json\/wp\/v2\/media?parent=5005"}],"wp:term":[{"taxonomy":"category","embeddable":true,"href":"https:\/\/le-fort.org\/cocina\/wp-json\/wp\/v2\/categories?post=5005"},{"taxonomy":"post_tag","embeddable":true,"href":"https:\/\/le-fort.org\/cocina\/wp-json\/wp\/v2\/tags?post=5005"}],"curies":[{"name":"wp","href":"https:\/\/api.w.org\/{rel}","templated":true}]}}