{"id":5299,"date":"2015-02-22T17:57:16","date_gmt":"2015-02-22T22:57:16","guid":{"rendered":"http:\/\/www.loquecomemos.com\/?p=5299"},"modified":"2017-10-15T09:19:25","modified_gmt":"2017-10-15T14:19:25","slug":"especias-la-alcaravea","status":"publish","type":"post","link":"https:\/\/le-fort.org\/cocina\/especias-la-alcaravea\/","title":{"rendered":"Alcaravea"},"content":{"rendered":"<p>La alcaravea (<em>Carum Carvi<\/em>, si te gusta el Correcaminos) es una especia que se ve poco en Am\u00e9rica Latina, y a la que se confunde con frecuencia con el comino, del que es prima. Ambas pertenecen a la familia <em>Apiaceae<\/em> (o Umbelliferae) a la que pertenece una serie de vegetales y especias comestibles. A la familia pertenecen, entre otros, adem\u00e1s de la alcaravea: an\u00eds, zanahoria, apio, <a title=\"Semillas de Cilantro\" href=\"http:\/\/www.loquecomemos.com\/semillas-de-cilantro\/\">cilantro<\/a>, culantro, comino, <a title=\"La Semilla de Eneldo\" href=\"https:\/\/le-fort.org\/la-semilla-de-eneldo\/\">eneldo<\/a>, hinojo, perejil, e incluso la delet\u00e9rea y socr\u00e1tica cicuta.<!--more--><\/p>\n<p>La palabra <em>Alcaravea<\/em> es de origen \u00e1rabe <em>al-karawiya<\/em> a trav\u00e9s del lat\u00edn <em>carvum<\/em>, y existe en el espa\u00f1ol desde el siglo XV. Tambi\u00e9n se le conoce como comino persa.<\/p>\n<p><a href=\"https:\/\/i0.wp.com\/le-fort.org\/wp-content\/uploads\/2015\/02\/alcaravea.jpg?ssl=1\"><img data-recalc-dims=\"1\" loading=\"lazy\" decoding=\"async\" data-attachment-id=\"6089\" data-permalink=\"https:\/\/le-fort.org\/cocina\/especias-la-alcaravea\/alcaravea\/\" data-orig-file=\"https:\/\/i0.wp.com\/le-fort.org\/cocina\/wp-content\/uploads\/2015\/02\/alcaravea.jpg?fit=960%2C600&amp;ssl=1\" data-orig-size=\"960,600\" data-comments-opened=\"0\" data-image-meta=\"{&quot;aperture&quot;:&quot;0&quot;,&quot;credit&quot;:&quot;&quot;,&quot;camera&quot;:&quot;&quot;,&quot;caption&quot;:&quot;&quot;,&quot;created_timestamp&quot;:&quot;0&quot;,&quot;copyright&quot;:&quot;&quot;,&quot;focal_length&quot;:&quot;0&quot;,&quot;iso&quot;:&quot;0&quot;,&quot;shutter_speed&quot;:&quot;0&quot;,&quot;title&quot;:&quot;&quot;,&quot;orientation&quot;:&quot;0&quot;}\" data-image-title=\"alcaravea\" data-image-description=\"\" data-image-caption=\"\" data-large-file=\"https:\/\/i0.wp.com\/le-fort.org\/cocina\/wp-content\/uploads\/2015\/02\/alcaravea.jpg?fit=960%2C600&amp;ssl=1\" class=\"aligncenter size-full wp-image-6089\" src=\"https:\/\/i0.wp.com\/www.le-fort.org\/wp-content\/uploads\/2015\/02\/alcaravea.jpg?resize=960%2C600&#038;ssl=1\" alt=\"Semillas de alcaravea\" width=\"960\" height=\"600\" srcset=\"https:\/\/i0.wp.com\/le-fort.org\/cocina\/wp-content\/uploads\/2015\/02\/alcaravea.jpg?w=960&amp;ssl=1 960w, https:\/\/i0.wp.com\/le-fort.org\/cocina\/wp-content\/uploads\/2015\/02\/alcaravea.jpg?resize=600%2C375&amp;ssl=1 600w\" sizes=\"auto, (max-width: 960px) 100vw, 960px\" \/><\/a><\/p>\n<p>Contra lo que pueda parecer, la especia no es la semilla sino el fruto de la planta. Tiene un sabor especial, vagamente similar al del an\u00eds, pero distinto por la presencia de otros productos arom\u00e1ticos.<\/p>\n<figure id=\"attachment_6090\" aria-describedby=\"caption-attachment-6090\" style=\"width: 300px\" class=\"wp-caption alignright\"><img data-recalc-dims=\"1\" loading=\"lazy\" decoding=\"async\" data-attachment-id=\"6090\" data-permalink=\"https:\/\/le-fort.org\/cocina\/especias-la-alcaravea\/rachel-detalle-2\/\" data-orig-file=\"https:\/\/i0.wp.com\/le-fort.org\/cocina\/wp-content\/uploads\/2015\/02\/rachel-detalle-2.jpg?fit=960%2C600&amp;ssl=1\" data-orig-size=\"960,600\" data-comments-opened=\"0\" data-image-meta=\"{&quot;aperture&quot;:&quot;0&quot;,&quot;credit&quot;:&quot;&quot;,&quot;camera&quot;:&quot;&quot;,&quot;caption&quot;:&quot;&quot;,&quot;created_timestamp&quot;:&quot;0&quot;,&quot;copyright&quot;:&quot;&quot;,&quot;focal_length&quot;:&quot;0&quot;,&quot;iso&quot;:&quot;0&quot;,&quot;shutter_speed&quot;:&quot;0&quot;,&quot;title&quot;:&quot;&quot;,&quot;orientation&quot;:&quot;0&quot;}\" data-image-title=\"Rachel Sandwich\" data-image-description=\"\" data-image-caption=\"&lt;p&gt;Gracias sean dadas por el sandwich&lt;\/p&gt;\n\" data-large-file=\"https:\/\/i0.wp.com\/le-fort.org\/cocina\/wp-content\/uploads\/2015\/02\/rachel-detalle-2.jpg?fit=960%2C600&amp;ssl=1\" class=\"size-medium wp-image-6090\" src=\"https:\/\/i0.wp.com\/www.le-fort.org\/wp-content\/uploads\/2015\/02\/rachel-detalle-2-300x188.jpg?resize=300%2C188&#038;ssl=1\" alt=\"Detalle del Rachel Sandwich.\" width=\"300\" height=\"188\" \/><figcaption id=\"caption-attachment-6090\" class=\"wp-caption-text\">Detalle del Rachel Sandwich. Favor notar la alcaravea en el repollo.<\/figcaption><\/figure>\n<p>Nos ha costado encontrar alcaravea. Le encargamos a un amigo que fue a Alemania, sabiendo que en alem\u00e1n se llama <em>K\u00fcmmel<\/em>, al igual que el comino. Afortunadamente nos trajo (encontr\u00f3 en un local de ingredientes austr\u00edacos) bajo el nombre de <em>Echter K\u00fcmmel<\/em> (el comino normal se llama <em>Kreuz K\u00fcmmel<\/em>, al parecer). Curiosamente en ingl\u00e9s no existe esta confusi\u00f3n: <em>caraway<\/em> y <em>cumin<\/em> son especias claramente distinguibles y distinguidas. Lo bueno es que nos trajo y lo pudimos usar en un maravilloso <em>Rachel sandwich<\/em>.<\/p>\n<p>Se utiliza mucho en panes integrales, sopas y guisos de Europa Oriental, y por extensi\u00f3n, en comida <em>yiddish<\/em>. Se utiliza tambi\u00e9n ampliamente en cocina de Medio Oriente y en cocina India.<\/p>\n<p>\u00bfTu la usas? \u00bfC\u00f3mo?<\/p>\n<p>[fin]<\/p>\n<p>[wp_ad_camp_5]<\/p>\n","protected":false},"excerpt":{"rendered":"<p>La alcaravea es una especia de la misma familia del comino y el cilantro, com\u00fan en la cocina de Europa oriental y medio oriente. <\/p>\n","protected":false},"author":1,"featured_media":6088,"comment_status":"open","ping_status":"closed","sticky":false,"template":"","format":"standard","meta":{"_jetpack_newsletter_access":"","_jetpack_dont_email_post_to_subs":true,"_jetpack_newsletter_tier_id":0,"_jetpack_memberships_contains_paywalled_content":false,"_jetpack_memberships_contains_paid_content":false,"footnotes":""},"categories":[14],"tags":[263,354,343],"class_list":["post-5299","post","type-post","status-publish","format-standard","has-post-thumbnail","hentry","category-condimentos-especias","tag-alcaravea","tag-especias","tag-glosario","entry","has-media"],"jetpack_featured_media_url":"https:\/\/i0.wp.com\/le-fort.org\/cocina\/wp-content\/uploads\/2015\/02\/alcaravea-hd.jpg?fit=1200%2C400&ssl=1","jetpack_shortlink":"https:\/\/wp.me\/pghKer-1nt","jetpack_sharing_enabled":true,"jetpack-related-posts":[{"id":565,"url":"https:\/\/le-fort.org\/cocina\/semillas-de-cilantro\/","url_meta":{"origin":5299,"position":0},"title":"Semillas de Cilantro (Especia)","author":"Le-Fort.org","date":"30 de Julio, 2011","format":false,"excerpt":"El cilantro es m\u00e1s que la hoja. Aqu\u00ed hablamos de la semilla de cilantro, que se usa mucho en cocina india, entre otras.","rel":"","context":"En &quot;Comida&quot;","block_context":{"text":"Comida","link":"https:\/\/le-fort.org\/cocina\/categoria\/cocina-comida\/"},"img":{"alt_text":"","src":"https:\/\/i0.wp.com\/le-fort.org\/cocina\/wp-content\/uploads\/2011\/07\/cilantro-1.jpg?fit=1200%2C400&ssl=1&resize=350%2C200","width":350,"height":200,"srcset":"https:\/\/i0.wp.com\/le-fort.org\/cocina\/wp-content\/uploads\/2011\/07\/cilantro-1.jpg?fit=1200%2C400&ssl=1&resize=350%2C200 1x, https:\/\/i0.wp.com\/le-fort.org\/cocina\/wp-content\/uploads\/2011\/07\/cilantro-1.jpg?fit=1200%2C400&ssl=1&resize=525%2C300 1.5x, https:\/\/i0.wp.com\/le-fort.org\/cocina\/wp-content\/uploads\/2011\/07\/cilantro-1.jpg?fit=1200%2C400&ssl=1&resize=700%2C400 2x, https:\/\/i0.wp.com\/le-fort.org\/cocina\/wp-content\/uploads\/2011\/07\/cilantro-1.jpg?fit=1200%2C400&ssl=1&resize=1050%2C600 3x"},"classes":[]},{"id":4895,"url":"https:\/\/le-fort.org\/cocina\/la-semilla-de-eneldo\/","url_meta":{"origin":5299,"position":1},"title":"Eneldo (Semilla)","author":"Le-Fort.org","date":"19 de Agosto, 2013","format":false,"excerpt":"La semilla de eneldo es un ingrediente no muy frecuente pero esencial para la manufactura de pickles (encurtidos) y muy bueno con papas y en la elaboraci\u00f3n de panes.","rel":"","context":"En &quot;Condimentos y Especias&quot;","block_context":{"text":"Condimentos y Especias","link":"https:\/\/le-fort.org\/cocina\/categoria\/condimentos-especias\/"},"img":{"alt_text":"","src":"https:\/\/i0.wp.com\/le-fort.org\/cocina\/wp-content\/uploads\/2013\/08\/eneldo-hd.jpg?fit=1200%2C400&ssl=1&resize=350%2C200","width":350,"height":200,"srcset":"https:\/\/i0.wp.com\/le-fort.org\/cocina\/wp-content\/uploads\/2013\/08\/eneldo-hd.jpg?fit=1200%2C400&ssl=1&resize=350%2C200 1x, https:\/\/i0.wp.com\/le-fort.org\/cocina\/wp-content\/uploads\/2013\/08\/eneldo-hd.jpg?fit=1200%2C400&ssl=1&resize=525%2C300 1.5x, https:\/\/i0.wp.com\/le-fort.org\/cocina\/wp-content\/uploads\/2013\/08\/eneldo-hd.jpg?fit=1200%2C400&ssl=1&resize=700%2C400 2x, https:\/\/i0.wp.com\/le-fort.org\/cocina\/wp-content\/uploads\/2013\/08\/eneldo-hd.jpg?fit=1200%2C400&ssl=1&resize=1050%2C600 3x"},"classes":[]},{"id":8391,"url":"https:\/\/le-fort.org\/cocina\/anis\/","url_meta":{"origin":5299,"position":2},"title":"An\u00eds (semilla)","author":"Le-Fort.org","date":"9 de Julio, 2016","format":false,"excerpt":"El an\u00eds es una especia de la misma familia que el comino, el hinojo y otras. Se usa como planta medicinal, en reposter\u00eda, licores y en platos salados.","rel":"","context":"En &quot;Condimentos y Especias&quot;","block_context":{"text":"Condimentos y Especias","link":"https:\/\/le-fort.org\/cocina\/categoria\/condimentos-especias\/"},"img":{"alt_text":"","src":"https:\/\/i0.wp.com\/le-fort.org\/cocina\/wp-content\/uploads\/2016\/07\/anis-hd.jpg?fit=1200%2C400&ssl=1&resize=350%2C200","width":350,"height":200,"srcset":"https:\/\/i0.wp.com\/le-fort.org\/cocina\/wp-content\/uploads\/2016\/07\/anis-hd.jpg?fit=1200%2C400&ssl=1&resize=350%2C200 1x, https:\/\/i0.wp.com\/le-fort.org\/cocina\/wp-content\/uploads\/2016\/07\/anis-hd.jpg?fit=1200%2C400&ssl=1&resize=525%2C300 1.5x, https:\/\/i0.wp.com\/le-fort.org\/cocina\/wp-content\/uploads\/2016\/07\/anis-hd.jpg?fit=1200%2C400&ssl=1&resize=700%2C400 2x, https:\/\/i0.wp.com\/le-fort.org\/cocina\/wp-content\/uploads\/2016\/07\/anis-hd.jpg?fit=1200%2C400&ssl=1&resize=1050%2C600 3x"},"classes":[]},{"id":10158,"url":"https:\/\/le-fort.org\/cocina\/shakshuka\/","url_meta":{"origin":5299,"position":3},"title":"Shakshuka","author":"Le-Fort.org","date":"2 de Noviembre, 2017","format":false,"excerpt":"La shakshuka es un plato de huevos y tomate de origen levantino, que es una delicia a la hora del desayuno.","rel":"","context":"En &quot;Recetas&quot;","block_context":{"text":"Recetas","link":"https:\/\/le-fort.org\/cocina\/categoria\/recetas\/"},"img":{"alt_text":"","src":"https:\/\/i0.wp.com\/le-fort.org\/cocina\/wp-content\/uploads\/2017\/11\/shakshuka-hd.jpg?fit=1200%2C400&ssl=1&resize=350%2C200","width":350,"height":200,"srcset":"https:\/\/i0.wp.com\/le-fort.org\/cocina\/wp-content\/uploads\/2017\/11\/shakshuka-hd.jpg?fit=1200%2C400&ssl=1&resize=350%2C200 1x, https:\/\/i0.wp.com\/le-fort.org\/cocina\/wp-content\/uploads\/2017\/11\/shakshuka-hd.jpg?fit=1200%2C400&ssl=1&resize=525%2C300 1.5x, https:\/\/i0.wp.com\/le-fort.org\/cocina\/wp-content\/uploads\/2017\/11\/shakshuka-hd.jpg?fit=1200%2C400&ssl=1&resize=700%2C400 2x, https:\/\/i0.wp.com\/le-fort.org\/cocina\/wp-content\/uploads\/2017\/11\/shakshuka-hd.jpg?fit=1200%2C400&ssl=1&resize=1050%2C600 3x"},"classes":[]},{"id":7510,"url":"https:\/\/le-fort.org\/cocina\/murgh-mughlai-curry-de-pollo\/","url_meta":{"origin":5299,"position":4},"title":"Murgh Mughlai \u2014 Curry de Pollo","author":"Le-Fort.org","date":"1 de Febrero, 2016","format":false,"excerpt":"Pollo al estilo mongol. Cocina del norte de India.","rel":"","context":"En &quot;Recetas&quot;","block_context":{"text":"Recetas","link":"https:\/\/le-fort.org\/cocina\/categoria\/recetas\/"},"img":{"alt_text":"","src":"https:\/\/i0.wp.com\/le-fort.org\/cocina\/wp-content\/uploads\/2016\/02\/murgh-mughlai-hd.jpg?fit=1200%2C400&ssl=1&resize=350%2C200","width":350,"height":200,"srcset":"https:\/\/i0.wp.com\/le-fort.org\/cocina\/wp-content\/uploads\/2016\/02\/murgh-mughlai-hd.jpg?fit=1200%2C400&ssl=1&resize=350%2C200 1x, https:\/\/i0.wp.com\/le-fort.org\/cocina\/wp-content\/uploads\/2016\/02\/murgh-mughlai-hd.jpg?fit=1200%2C400&ssl=1&resize=525%2C300 1.5x, https:\/\/i0.wp.com\/le-fort.org\/cocina\/wp-content\/uploads\/2016\/02\/murgh-mughlai-hd.jpg?fit=1200%2C400&ssl=1&resize=700%2C400 2x, https:\/\/i0.wp.com\/le-fort.org\/cocina\/wp-content\/uploads\/2016\/02\/murgh-mughlai-hd.jpg?fit=1200%2C400&ssl=1&resize=1050%2C600 3x"},"classes":[]},{"id":10586,"url":"https:\/\/le-fort.org\/cocina\/kashmiri-pulao\/","url_meta":{"origin":5299,"position":5},"title":"Kashmiri Pulao","author":"Le-Fort.org","date":"6 de Diciembre, 2017","format":false,"excerpt":"Receta de arroz con frutos secos de India","rel":"","context":"En &quot;Recetas&quot;","block_context":{"text":"Recetas","link":"https:\/\/le-fort.org\/cocina\/categoria\/recetas\/"},"img":{"alt_text":"","src":"https:\/\/i0.wp.com\/le-fort.org\/cocina\/wp-content\/uploads\/2017\/12\/kashmiri-hd.jpg?fit=1200%2C400&ssl=1&resize=350%2C200","width":350,"height":200,"srcset":"https:\/\/i0.wp.com\/le-fort.org\/cocina\/wp-content\/uploads\/2017\/12\/kashmiri-hd.jpg?fit=1200%2C400&ssl=1&resize=350%2C200 1x, https:\/\/i0.wp.com\/le-fort.org\/cocina\/wp-content\/uploads\/2017\/12\/kashmiri-hd.jpg?fit=1200%2C400&ssl=1&resize=525%2C300 1.5x, https:\/\/i0.wp.com\/le-fort.org\/cocina\/wp-content\/uploads\/2017\/12\/kashmiri-hd.jpg?fit=1200%2C400&ssl=1&resize=700%2C400 2x, https:\/\/i0.wp.com\/le-fort.org\/cocina\/wp-content\/uploads\/2017\/12\/kashmiri-hd.jpg?fit=1200%2C400&ssl=1&resize=1050%2C600 3x"},"classes":[]}],"_links":{"self":[{"href":"https:\/\/le-fort.org\/cocina\/wp-json\/wp\/v2\/posts\/5299","targetHints":{"allow":["GET"]}}],"collection":[{"href":"https:\/\/le-fort.org\/cocina\/wp-json\/wp\/v2\/posts"}],"about":[{"href":"https:\/\/le-fort.org\/cocina\/wp-json\/wp\/v2\/types\/post"}],"author":[{"embeddable":true,"href":"https:\/\/le-fort.org\/cocina\/wp-json\/wp\/v2\/users\/1"}],"replies":[{"embeddable":true,"href":"https:\/\/le-fort.org\/cocina\/wp-json\/wp\/v2\/comments?post=5299"}],"version-history":[{"count":0,"href":"https:\/\/le-fort.org\/cocina\/wp-json\/wp\/v2\/posts\/5299\/revisions"}],"wp:featuredmedia":[{"embeddable":true,"href":"https:\/\/le-fort.org\/cocina\/wp-json\/wp\/v2\/media\/6088"}],"wp:attachment":[{"href":"https:\/\/le-fort.org\/cocina\/wp-json\/wp\/v2\/media?parent=5299"}],"wp:term":[{"taxonomy":"category","embeddable":true,"href":"https:\/\/le-fort.org\/cocina\/wp-json\/wp\/v2\/categories?post=5299"},{"taxonomy":"post_tag","embeddable":true,"href":"https:\/\/le-fort.org\/cocina\/wp-json\/wp\/v2\/tags?post=5299"}],"curies":[{"name":"wp","href":"https:\/\/api.w.org\/{rel}","templated":true}]}}