{"id":5403,"date":"2014-04-16T14:08:36","date_gmt":"2014-04-16T19:08:36","guid":{"rendered":"http:\/\/www.loquecomemos.com\/?p=5403"},"modified":"2021-12-17T18:28:39","modified_gmt":"2021-12-17T23:28:39","slug":"queque-vegano-de-chocolate-y-platano","status":"publish","type":"post","link":"https:\/\/le-fort.org\/cocina\/queque-vegano-de-chocolate-y-platano\/","title":{"rendered":"Queque Vegano de Chocolate y Pl\u00e1tano"},"content":{"rendered":"<p>Ya hemos comentado sobre un <a title=\"Queque Vegano de Chocolate\" href=\"https:\/\/www.loquecomemos.com\/queque-vegano-de-chocolate\/\">queque vegano de chocolate<\/a> que es muy bueno. Esta es una variaci\u00f3n sobre el mismo que adem\u00e1s tiene pl\u00e1tano.<\/p>\n<p><a href=\"https:\/\/i0.wp.com\/le-fort.org\/wp-content\/uploads\/2014\/04\/queque-vegano-platano-chocolate-hd.jpg?ssl=1\"><img data-recalc-dims=\"1\" loading=\"lazy\" decoding=\"async\" data-attachment-id=\"5404\" data-permalink=\"https:\/\/le-fort.org\/cocina\/queque-vegano-de-chocolate-y-platano\/queque-vegano-platano-chocolate-hd\/\" data-orig-file=\"https:\/\/i0.wp.com\/le-fort.org\/cocina\/wp-content\/uploads\/2014\/04\/queque-vegano-platano-chocolate-hd.jpg?fit=1200%2C400&amp;ssl=1\" data-orig-size=\"1200,400\" data-comments-opened=\"0\" data-image-meta=\"{&quot;aperture&quot;:&quot;0&quot;,&quot;credit&quot;:&quot;&quot;,&quot;camera&quot;:&quot;&quot;,&quot;caption&quot;:&quot;&quot;,&quot;created_timestamp&quot;:&quot;0&quot;,&quot;copyright&quot;:&quot;&quot;,&quot;focal_length&quot;:&quot;0&quot;,&quot;iso&quot;:&quot;0&quot;,&quot;shutter_speed&quot;:&quot;0&quot;,&quot;title&quot;:&quot;&quot;,&quot;orientation&quot;:&quot;0&quot;}\" data-image-title=\"queque-vegano-platano-chocolate-hd\" data-image-description=\"\" data-image-caption=\"\" data-large-file=\"https:\/\/i0.wp.com\/le-fort.org\/cocina\/wp-content\/uploads\/2014\/04\/queque-vegano-platano-chocolate-hd.jpg?fit=1200%2C400&amp;ssl=1\" class=\"aligncenter size-large wp-image-5404\" alt=\"queque-vegano-platano-chocolate-hd\" src=\"https:\/\/i0.wp.com\/www.le-fort.org\/wp-content\/uploads\/2014\/04\/queque-vegano-platano-chocolate-hd-1024x341.jpg?resize=660%2C219&#038;ssl=1\" width=\"660\" height=\"219\" \/><\/a>Queda m\u00e1s h\u00famedo que el simple queque de chocolate, y definitivamente nos gust\u00f3 m\u00e1s.<\/p>\n<p>Se prepara de la siguiente forma:<!--more--><\/p>\n<h2>Ingredientes<\/h2>\n<ul>\n<li>2 pl\u00e1tanos (bananas)<\/li>\n<li>1 taza de az\u00facar<\/li>\n<li>1 taza y media de harina sin polvos de hornear<\/li>\n<li>1 cucharada de polvos de hornear<\/li>\n<li>1\/4 de taza de cacao amargo en polvo<\/li>\n<li>1\/2 taza de caf\u00e9<\/li>\n<li>1\/2 taza de agua<\/li>\n<li>1 cucharada de vinagre blanco<\/li>\n<li>1\/2 cucharadita de sal<\/li>\n<\/ul>\n<h2>Preparaci\u00f3n<\/h2>\n<p>Moler los pl\u00e1tanos y mezclar con una taza de az\u00facar. Idealmente dejar reposar una hora.<\/p>\n<p>A\u00f1adir el caf\u00e9, agua y vinagre a la mezcla. Mezclar bien.<\/p>\n<p>Mezclar los ingredientes s\u00f3lidos (harina, cacao, polvos de hornear, sal) y cernirlos sobre la mezcla. Mezclar todo bien y r\u00e1pido, porque la reacci\u00f3n entre el vinagre y los polvos de hornear es r\u00e1pida. Verter sobre un molde aceitado y llevar una hora a horno a 170\u00baC.<\/p>\n<p>Una vez horneado dejar reposar 5 minutos y desmoldar.<\/p>\n<p><img data-recalc-dims=\"1\" loading=\"lazy\" decoding=\"async\" data-attachment-id=\"5406\" data-permalink=\"https:\/\/le-fort.org\/cocina\/queque-vegano-de-chocolate-y-platano\/queque-vegano-platano-chocolate\/\" data-orig-file=\"https:\/\/i0.wp.com\/le-fort.org\/cocina\/wp-content\/uploads\/2014\/04\/queque-vegano-platano-chocolate.jpg?fit=700%2C525&amp;ssl=1\" data-orig-size=\"700,525\" data-comments-opened=\"0\" data-image-meta=\"{&quot;aperture&quot;:&quot;0&quot;,&quot;credit&quot;:&quot;&quot;,&quot;camera&quot;:&quot;&quot;,&quot;caption&quot;:&quot;&quot;,&quot;created_timestamp&quot;:&quot;0&quot;,&quot;copyright&quot;:&quot;&quot;,&quot;focal_length&quot;:&quot;0&quot;,&quot;iso&quot;:&quot;0&quot;,&quot;shutter_speed&quot;:&quot;0&quot;,&quot;title&quot;:&quot;&quot;,&quot;orientation&quot;:&quot;0&quot;}\" data-image-title=\"queque-vegano-platano-chocolate\" data-image-description=\"\" data-image-caption=\"\" data-large-file=\"https:\/\/i0.wp.com\/le-fort.org\/cocina\/wp-content\/uploads\/2014\/04\/queque-vegano-platano-chocolate.jpg?fit=700%2C525&amp;ssl=1\" class=\"aligncenter size-full wp-image-5406\" alt=\"queque-vegano-platano-chocolate\" src=\"https:\/\/i0.wp.com\/www.le-fort.org\/wp-content\/uploads\/2014\/04\/queque-vegano-platano-chocolate.jpg?resize=700%2C525&#038;ssl=1\" width=\"700\" height=\"525\" srcset=\"https:\/\/i0.wp.com\/le-fort.org\/cocina\/wp-content\/uploads\/2014\/04\/queque-vegano-platano-chocolate.jpg?w=700&amp;ssl=1 700w, https:\/\/i0.wp.com\/le-fort.org\/cocina\/wp-content\/uploads\/2014\/04\/queque-vegano-platano-chocolate.jpg?resize=600%2C450&amp;ssl=1 600w\" sizes=\"auto, (max-width: 700px) 100vw, 700px\" \/><\/p>\n<p>Dejar enfriar y comer.<\/p>\n<p><a href=\"https:\/\/i0.wp.com\/le-fort.org\/wp-content\/uploads\/2014\/04\/tajada.jpg?ssl=1\"><img data-recalc-dims=\"1\" loading=\"lazy\" decoding=\"async\" data-attachment-id=\"5405\" data-permalink=\"https:\/\/le-fort.org\/cocina\/queque-vegano-de-chocolate-y-platano\/tajada-3\/\" data-orig-file=\"https:\/\/i0.wp.com\/le-fort.org\/cocina\/wp-content\/uploads\/2014\/04\/tajada.jpg?fit=700%2C525&amp;ssl=1\" data-orig-size=\"700,525\" data-comments-opened=\"0\" data-image-meta=\"{&quot;aperture&quot;:&quot;0&quot;,&quot;credit&quot;:&quot;&quot;,&quot;camera&quot;:&quot;&quot;,&quot;caption&quot;:&quot;&quot;,&quot;created_timestamp&quot;:&quot;0&quot;,&quot;copyright&quot;:&quot;&quot;,&quot;focal_length&quot;:&quot;0&quot;,&quot;iso&quot;:&quot;0&quot;,&quot;shutter_speed&quot;:&quot;0&quot;,&quot;title&quot;:&quot;&quot;,&quot;orientation&quot;:&quot;0&quot;}\" data-image-title=\"tajada\" data-image-description=\"\" data-image-caption=\"\" data-large-file=\"https:\/\/i0.wp.com\/le-fort.org\/cocina\/wp-content\/uploads\/2014\/04\/tajada.jpg?fit=700%2C525&amp;ssl=1\" class=\"aligncenter size-full wp-image-5405\" alt=\"tajada\" src=\"https:\/\/i0.wp.com\/www.le-fort.org\/wp-content\/uploads\/2014\/04\/tajada.jpg?resize=700%2C525&#038;ssl=1\" width=\"700\" height=\"525\" srcset=\"https:\/\/i0.wp.com\/le-fort.org\/cocina\/wp-content\/uploads\/2014\/04\/tajada.jpg?w=700&amp;ssl=1 700w, https:\/\/i0.wp.com\/le-fort.org\/cocina\/wp-content\/uploads\/2014\/04\/tajada.jpg?resize=600%2C450&amp;ssl=1 600w\" sizes=\"auto, (max-width: 700px) 100vw, 700px\" \/><\/a><\/p>\n<p>&nbsp;<\/p>\n<p>Como aqu\u00ed en casa somos locos por las especias, le ponemos 1\/2 cucharadita de canela molida y 1\/2 cucharadita de jengibre en polvo y queda incre\u00edble. Se recomienda a\u00f1adirle especias.<\/p>\n<p>[fin]<\/p>\n<p>&nbsp;<\/p>\n","protected":false},"excerpt":{"rendered":"<p>Receta de queque vegano de chocolate con pl\u00e1tano. Lo curioso es que tiene un poco de vinagre, pero queda excelente.<\/p>\n","protected":false},"author":1,"featured_media":5404,"comment_status":"open","ping_status":"closed","sticky":false,"template":"","format":"standard","meta":{"_jetpack_newsletter_access":"","_jetpack_dont_email_post_to_subs":false,"_jetpack_newsletter_tier_id":0,"_jetpack_memberships_contains_paywalled_content":false,"_jetpack_memberships_contains_paid_content":false,"footnotes":""},"categories":[2,25],"tags":[358,68,55],"class_list":["post-5403","post","type-post","status-publish","format-standard","has-post-thumbnail","hentry","category-recetas","category-reposteria","tag-chocolate","tag-queque","tag-vegano","entry","has-media"],"jetpack_featured_media_url":"https:\/\/i0.wp.com\/le-fort.org\/cocina\/wp-content\/uploads\/2014\/04\/queque-vegano-platano-chocolate-hd.jpg?fit=1200%2C400&ssl=1","jetpack_shortlink":"https:\/\/wp.me\/pghKer-1p9","jetpack_sharing_enabled":true,"jetpack-related-posts":[{"id":3155,"url":"https:\/\/le-fort.org\/cocina\/queque-vegano-de-chocolate\/","url_meta":{"origin":5403,"position":0},"title":"Queque Vegano de Chocolate","author":"Le-Fort.org","date":"13 de Febrero, 2013","format":false,"excerpt":"Receta de queque r\u00e1pido y vegano de chocolate.","rel":"","context":"En &quot;Recetas&quot;","block_context":{"text":"Recetas","link":"https:\/\/le-fort.org\/cocina\/categoria\/recetas\/"},"img":{"alt_text":"","src":"https:\/\/i0.wp.com\/le-fort.org\/cocina\/wp-content\/uploads\/2013\/02\/P1280105.jpg?fit=960%2C249&ssl=1&resize=350%2C200","width":350,"height":200,"srcset":"https:\/\/i0.wp.com\/le-fort.org\/cocina\/wp-content\/uploads\/2013\/02\/P1280105.jpg?fit=960%2C249&ssl=1&resize=350%2C200 1x, https:\/\/i0.wp.com\/le-fort.org\/cocina\/wp-content\/uploads\/2013\/02\/P1280105.jpg?fit=960%2C249&ssl=1&resize=525%2C300 1.5x, https:\/\/i0.wp.com\/le-fort.org\/cocina\/wp-content\/uploads\/2013\/02\/P1280105.jpg?fit=960%2C249&ssl=1&resize=700%2C400 2x"},"classes":[]},{"id":1529,"url":"https:\/\/le-fort.org\/cocina\/receta-queque-de-platano\/","url_meta":{"origin":5403,"position":1},"title":"Queque de pl\u00e1tano de Diego Mollenhauer: La Receta","author":"Le-Fort.org","date":"13 de Octubre, 2011","format":false,"excerpt":"Receta de un excelente queque de pl\u00e1tano que nos prepar\u00f3 Diego cuando lo fuimos a visitar a \u00e9l y Graciela el 2011 \u2013 tambi\u00e9n le dicen pan de pl\u00e1tano.","rel":"","context":"En &quot;Comida&quot;","block_context":{"text":"Comida","link":"https:\/\/le-fort.org\/cocina\/categoria\/cocina-comida\/"},"img":{"alt_text":"Trozo de queque de pl\u00e1tano y un buen caf\u00e9","src":"https:\/\/i0.wp.com\/www.le-fort.org\/wp-content\/uploads\/2011\/10\/P1230970-520x390.jpg?resize=350%2C200&ssl=1","width":350,"height":200},"classes":[]},{"id":1815,"url":"https:\/\/le-fort.org\/cocina\/queque-de-platano-y-coco\/","url_meta":{"origin":5403,"position":2},"title":"Queque de Pl\u00e1tano y Coco: Receta","author":"Le-Fort.org","date":"24 de Abril, 2012","format":false,"excerpt":"Receta de un queque volteado experimental de pl\u00e1tano y coco.","rel":"","context":"En &quot;Comida&quot;","block_context":{"text":"Comida","link":"https:\/\/le-fort.org\/cocina\/categoria\/cocina-comida\/"},"img":{"alt_text":"","src":"https:\/\/i0.wp.com\/le-fort.org\/cocina\/wp-content\/uploads\/2012\/04\/platano-queque-hd.jpg?fit=700%2C350&ssl=1&resize=350%2C200","width":350,"height":200,"srcset":"https:\/\/i0.wp.com\/le-fort.org\/cocina\/wp-content\/uploads\/2012\/04\/platano-queque-hd.jpg?fit=700%2C350&ssl=1&resize=350%2C200 1x, https:\/\/i0.wp.com\/le-fort.org\/cocina\/wp-content\/uploads\/2012\/04\/platano-queque-hd.jpg?fit=700%2C350&ssl=1&resize=525%2C300 1.5x, https:\/\/i0.wp.com\/le-fort.org\/cocina\/wp-content\/uploads\/2012\/04\/platano-queque-hd.jpg?fit=700%2C350&ssl=1&resize=700%2C400 2x"},"classes":[]},{"id":2061,"url":"https:\/\/le-fort.org\/cocina\/receta-de-brownies\/","url_meta":{"origin":5403,"position":3},"title":"Receta de Brownies B\u00e1sica y Chocolatosa","author":"Le-Fort.org","date":"2 de Agosto, 2012","format":false,"excerpt":"Los Brownies \u2013negritos en nuestro idioma\u2013 son un h\u00edbrido entre queque y \u00bfcaluga? de chocolate de origen estadounidense. Aqu\u00ed est\u00e1 la receta de los brownies de chocolate.","rel":"","context":"En &quot;Comida&quot;","block_context":{"text":"Comida","link":"https:\/\/le-fort.org\/cocina\/categoria\/cocina-comida\/"},"img":{"alt_text":"","src":"https:\/\/i0.wp.com\/le-fort.org\/cocina\/wp-content\/uploads\/2012\/08\/brownies-800x288.jpg?fit=800%2C288&ssl=1&resize=350%2C200","width":350,"height":200,"srcset":"https:\/\/i0.wp.com\/le-fort.org\/cocina\/wp-content\/uploads\/2012\/08\/brownies-800x288.jpg?fit=800%2C288&ssl=1&resize=350%2C200 1x, https:\/\/i0.wp.com\/le-fort.org\/cocina\/wp-content\/uploads\/2012\/08\/brownies-800x288.jpg?fit=800%2C288&ssl=1&resize=525%2C300 1.5x, https:\/\/i0.wp.com\/le-fort.org\/cocina\/wp-content\/uploads\/2012\/08\/brownies-800x288.jpg?fit=800%2C288&ssl=1&resize=700%2C400 2x"},"classes":[]},{"id":5005,"url":"https:\/\/le-fort.org\/cocina\/queque-volteado-de-pina-anana\/","url_meta":{"origin":5403,"position":4},"title":"Queque Volteado de Pi\u00f1a (Anan\u00e1)","author":"Le-Fort.org","date":"9 de Noviembre, 2013","format":false,"excerpt":"Receta del queque volteado de pi\u00f1a (anan\u00e1). F\u00e1cil, r\u00e1pido y delicioso.","rel":"","context":"En &quot;Recetas&quot;","block_context":{"text":"Recetas","link":"https:\/\/le-fort.org\/cocina\/categoria\/recetas\/"},"img":{"alt_text":"","src":"https:\/\/i0.wp.com\/le-fort.org\/cocina\/wp-content\/uploads\/2013\/11\/queque-volteado-pinna-hd.jpg?fit=1200%2C400&ssl=1&resize=350%2C200","width":350,"height":200,"srcset":"https:\/\/i0.wp.com\/le-fort.org\/cocina\/wp-content\/uploads\/2013\/11\/queque-volteado-pinna-hd.jpg?fit=1200%2C400&ssl=1&resize=350%2C200 1x, https:\/\/i0.wp.com\/le-fort.org\/cocina\/wp-content\/uploads\/2013\/11\/queque-volteado-pinna-hd.jpg?fit=1200%2C400&ssl=1&resize=525%2C300 1.5x, https:\/\/i0.wp.com\/le-fort.org\/cocina\/wp-content\/uploads\/2013\/11\/queque-volteado-pinna-hd.jpg?fit=1200%2C400&ssl=1&resize=700%2C400 2x, https:\/\/i0.wp.com\/le-fort.org\/cocina\/wp-content\/uploads\/2013\/11\/queque-volteado-pinna-hd.jpg?fit=1200%2C400&ssl=1&resize=1050%2C600 3x"},"classes":[]},{"id":2077,"url":"https:\/\/le-fort.org\/cocina\/receta-de-queque-de-limon\/","url_meta":{"origin":5403,"position":5},"title":"Receta de Queque de Lim\u00f3n","author":"Le-Fort.org","date":"27 de Agosto, 2012","format":false,"excerpt":"Receta de un queque de lim\u00f3n arom\u00e1tico, \u00e1cido y no demasiado dulce.","rel":"","context":"En &quot;Comida&quot;","block_context":{"text":"Comida","link":"https:\/\/le-fort.org\/cocina\/categoria\/cocina-comida\/"},"img":{"alt_text":"","src":"https:\/\/i0.wp.com\/le-fort.org\/cocina\/wp-content\/uploads\/2012\/08\/queque-de-limon-header.jpg?fit=614%2C225&ssl=1&resize=350%2C200","width":350,"height":200,"srcset":"https:\/\/i0.wp.com\/le-fort.org\/cocina\/wp-content\/uploads\/2012\/08\/queque-de-limon-header.jpg?fit=614%2C225&ssl=1&resize=350%2C200 1x, https:\/\/i0.wp.com\/le-fort.org\/cocina\/wp-content\/uploads\/2012\/08\/queque-de-limon-header.jpg?fit=614%2C225&ssl=1&resize=525%2C300 1.5x"},"classes":[]}],"_links":{"self":[{"href":"https:\/\/le-fort.org\/cocina\/wp-json\/wp\/v2\/posts\/5403","targetHints":{"allow":["GET"]}}],"collection":[{"href":"https:\/\/le-fort.org\/cocina\/wp-json\/wp\/v2\/posts"}],"about":[{"href":"https:\/\/le-fort.org\/cocina\/wp-json\/wp\/v2\/types\/post"}],"author":[{"embeddable":true,"href":"https:\/\/le-fort.org\/cocina\/wp-json\/wp\/v2\/users\/1"}],"replies":[{"embeddable":true,"href":"https:\/\/le-fort.org\/cocina\/wp-json\/wp\/v2\/comments?post=5403"}],"version-history":[{"count":1,"href":"https:\/\/le-fort.org\/cocina\/wp-json\/wp\/v2\/posts\/5403\/revisions"}],"predecessor-version":[{"id":16166,"href":"https:\/\/le-fort.org\/cocina\/wp-json\/wp\/v2\/posts\/5403\/revisions\/16166"}],"wp:featuredmedia":[{"embeddable":true,"href":"https:\/\/le-fort.org\/cocina\/wp-json\/wp\/v2\/media\/5404"}],"wp:attachment":[{"href":"https:\/\/le-fort.org\/cocina\/wp-json\/wp\/v2\/media?parent=5403"}],"wp:term":[{"taxonomy":"category","embeddable":true,"href":"https:\/\/le-fort.org\/cocina\/wp-json\/wp\/v2\/categories?post=5403"},{"taxonomy":"post_tag","embeddable":true,"href":"https:\/\/le-fort.org\/cocina\/wp-json\/wp\/v2\/tags?post=5403"}],"curies":[{"name":"wp","href":"https:\/\/api.w.org\/{rel}","templated":true}]}}