{"id":5440,"date":"2014-04-30T14:18:12","date_gmt":"2014-04-30T19:18:12","guid":{"rendered":"http:\/\/www.loquecomemos.com\/?p=5440"},"modified":"2022-04-16T21:31:49","modified_gmt":"2022-04-17T02:31:49","slug":"empanaditas-de-camaron-estilo-oriental","status":"publish","type":"post","link":"https:\/\/le-fort.org\/cocina\/empanaditas-de-camaron-estilo-oriental\/","title":{"rendered":"Empanaditas de Camar\u00f3n Estilo Oriental"},"content":{"rendered":"<p>Estas empanaditas de camar\u00f3n surgieron porque nuestros vecinos nos regalaron amablemente un mont\u00f3n de camarones muy frescos. Hemos hecho hartas cosas con ellos.<\/p>\n<p>Lo primero que hicimos, siguiendo con un ataque de comida china que nos ha dado fue intentar emular las empanaditas de restaurante chino de Santiago de Chile. Quedamos cerca del \u00e9xito.<!--more--><\/p>\n<p><img data-recalc-dims=\"1\" loading=\"lazy\" decoding=\"async\" data-attachment-id=\"5442\" data-permalink=\"https:\/\/le-fort.org\/cocina\/empanaditas-de-camaron-estilo-oriental\/camaron-mandarin\/\" data-orig-file=\"https:\/\/i0.wp.com\/le-fort.org\/cocina\/wp-content\/uploads\/2014\/04\/camaron-mandarin.jpg?fit=700%2C500&amp;ssl=1\" data-orig-size=\"700,500\" data-comments-opened=\"0\" data-image-meta=\"{&quot;aperture&quot;:&quot;0&quot;,&quot;credit&quot;:&quot;&quot;,&quot;camera&quot;:&quot;&quot;,&quot;caption&quot;:&quot;&quot;,&quot;created_timestamp&quot;:&quot;0&quot;,&quot;copyright&quot;:&quot;&quot;,&quot;focal_length&quot;:&quot;0&quot;,&quot;iso&quot;:&quot;0&quot;,&quot;shutter_speed&quot;:&quot;0&quot;,&quot;title&quot;:&quot;&quot;,&quot;orientation&quot;:&quot;0&quot;}\" data-image-title=\"camaron-mandarin\" data-image-description=\"\" data-image-caption=\"&lt;p&gt;Camar\u00f3n mandar\u00edn&lt;\/p&gt;\n\" data-large-file=\"https:\/\/i0.wp.com\/le-fort.org\/cocina\/wp-content\/uploads\/2014\/04\/camaron-mandarin.jpg?fit=700%2C500&amp;ssl=1\" class=\"aligncenter wp-image-5442 size-full\" src=\"https:\/\/i0.wp.com\/www.le-fort.org\/wp-content\/uploads\/2014\/04\/camaron-mandarin.jpg?resize=700%2C500&#038;ssl=1\" alt=\"Acercamiento de las Empanaditas de camar\u00f3n\" width=\"700\" height=\"500\" srcset=\"https:\/\/i0.wp.com\/le-fort.org\/cocina\/wp-content\/uploads\/2014\/04\/camaron-mandarin.jpg?w=700&amp;ssl=1 700w, https:\/\/i0.wp.com\/le-fort.org\/cocina\/wp-content\/uploads\/2014\/04\/camaron-mandarin.jpg?resize=600%2C429&amp;ssl=1 600w\" sizes=\"auto, (max-width: 700px) 100vw, 700px\" \/><\/p>\n<div class=\"vitrina\">\n<h2>Otras sugerencias<\/h2>\n<p>Ya que estamos hablando de empanadas, quiz\u00e1 te interese:<\/p>\n<div class=\"display-posts-listing grid\"><div class=\"listing-item\"><a class=\"image\" href=\"https:\/\/le-fort.org\/cocina\/empanaditas-de-camaron-estilo-oriental\/\"><img loading=\"lazy\" decoding=\"async\" width=\"150\" height=\"150\" src=\"https:\/\/i0.wp.com\/le-fort.org\/cocina\/wp-content\/uploads\/2014\/04\/camaron-mandarin-hd.jpg?resize=150%2C150&amp;ssl=1\" class=\"attachment-thumbnail size-thumbnail wp-post-image\" alt=\"\" srcset=\"https:\/\/i0.wp.com\/le-fort.org\/cocina\/wp-content\/uploads\/2014\/04\/camaron-mandarin-hd.jpg?resize=150%2C150&amp;ssl=1 150w, https:\/\/i0.wp.com\/le-fort.org\/cocina\/wp-content\/uploads\/2014\/04\/camaron-mandarin-hd.jpg?zoom=2&amp;resize=150%2C150&amp;ssl=1 300w, https:\/\/i0.wp.com\/le-fort.org\/cocina\/wp-content\/uploads\/2014\/04\/camaron-mandarin-hd.jpg?zoom=3&amp;resize=150%2C150&amp;ssl=1 450w\" sizes=\"auto, (max-width: 150px) 100vw, 150px\" data-attachment-id=\"5441\" data-permalink=\"https:\/\/le-fort.org\/cocina\/empanaditas-de-camaron-estilo-oriental\/camaron-mandarin-hd\/\" data-orig-file=\"https:\/\/i0.wp.com\/le-fort.org\/cocina\/wp-content\/uploads\/2014\/04\/camaron-mandarin-hd.jpg?fit=1200%2C400&amp;ssl=1\" data-orig-size=\"1200,400\" data-comments-opened=\"0\" data-image-meta=\"{&quot;aperture&quot;:&quot;0&quot;,&quot;credit&quot;:&quot;&quot;,&quot;camera&quot;:&quot;&quot;,&quot;caption&quot;:&quot;&quot;,&quot;created_timestamp&quot;:&quot;0&quot;,&quot;copyright&quot;:&quot;&quot;,&quot;focal_length&quot;:&quot;0&quot;,&quot;iso&quot;:&quot;0&quot;,&quot;shutter_speed&quot;:&quot;0&quot;,&quot;title&quot;:&quot;&quot;,&quot;orientation&quot;:&quot;0&quot;}\" data-image-title=\"camaron-mandarin-hd\" data-image-description=\"\" data-image-caption=\"\" data-large-file=\"https:\/\/i0.wp.com\/le-fort.org\/cocina\/wp-content\/uploads\/2014\/04\/camaron-mandarin-hd.jpg?fit=1200%2C400&amp;ssl=1\" \/><\/a> <a class=\"title\" href=\"https:\/\/le-fort.org\/cocina\/empanaditas-de-camaron-estilo-oriental\/\">Empanaditas de Camar\u00f3n Estilo Oriental<\/a><\/div><div class=\"listing-item\"><a class=\"image\" href=\"https:\/\/le-fort.org\/cocina\/receta-de-samosas-vegetarianas\/\"><img loading=\"lazy\" decoding=\"async\" width=\"150\" height=\"150\" src=\"https:\/\/i0.wp.com\/le-fort.org\/cocina\/wp-content\/uploads\/2011\/08\/samosas-hd.jpg?resize=150%2C150&amp;ssl=1\" class=\"attachment-thumbnail size-thumbnail wp-post-image\" alt=\"\" srcset=\"https:\/\/i0.wp.com\/le-fort.org\/cocina\/wp-content\/uploads\/2011\/08\/samosas-hd.jpg?resize=150%2C150&amp;ssl=1 150w, https:\/\/i0.wp.com\/le-fort.org\/cocina\/wp-content\/uploads\/2011\/08\/samosas-hd.jpg?zoom=2&amp;resize=150%2C150&amp;ssl=1 300w, https:\/\/i0.wp.com\/le-fort.org\/cocina\/wp-content\/uploads\/2011\/08\/samosas-hd.jpg?zoom=3&amp;resize=150%2C150&amp;ssl=1 450w\" sizes=\"auto, (max-width: 150px) 100vw, 150px\" data-attachment-id=\"14030\" data-permalink=\"https:\/\/le-fort.org\/cocina\/receta-de-samosas-vegetarianas\/samosas-hd\/\" data-orig-file=\"https:\/\/i0.wp.com\/le-fort.org\/cocina\/wp-content\/uploads\/2011\/08\/samosas-hd.jpg?fit=1500%2C500&amp;ssl=1\" data-orig-size=\"1500,500\" data-comments-opened=\"0\" data-image-meta=\"{&quot;aperture&quot;:&quot;0&quot;,&quot;credit&quot;:&quot;&quot;,&quot;camera&quot;:&quot;&quot;,&quot;caption&quot;:&quot;&quot;,&quot;created_timestamp&quot;:&quot;0&quot;,&quot;copyright&quot;:&quot;&quot;,&quot;focal_length&quot;:&quot;0&quot;,&quot;iso&quot;:&quot;0&quot;,&quot;shutter_speed&quot;:&quot;0&quot;,&quot;title&quot;:&quot;&quot;,&quot;orientation&quot;:&quot;0&quot;}\" data-image-title=\"samosas-hd\" data-image-description=\"\" data-image-caption=\"\" data-large-file=\"https:\/\/i0.wp.com\/le-fort.org\/cocina\/wp-content\/uploads\/2011\/08\/samosas-hd.jpg?fit=1200%2C400&amp;ssl=1\" \/><\/a> <a class=\"title\" href=\"https:\/\/le-fort.org\/cocina\/receta-de-samosas-vegetarianas\/\">Samosas Vegetarianas<\/a><\/div><div class=\"listing-item\"><a class=\"image\" href=\"https:\/\/le-fort.org\/cocina\/empanadas-de-queso-bam-bam-en-guayaquil\/\"><img loading=\"lazy\" decoding=\"async\" width=\"150\" height=\"150\" src=\"https:\/\/i0.wp.com\/le-fort.org\/cocina\/wp-content\/uploads\/2014\/03\/empanadas-hd.jpg?resize=150%2C150&amp;ssl=1\" class=\"attachment-thumbnail size-thumbnail wp-post-image\" alt=\"\" srcset=\"https:\/\/i0.wp.com\/le-fort.org\/cocina\/wp-content\/uploads\/2014\/03\/empanadas-hd.jpg?resize=150%2C150&amp;ssl=1 150w, https:\/\/i0.wp.com\/le-fort.org\/cocina\/wp-content\/uploads\/2014\/03\/empanadas-hd.jpg?zoom=2&amp;resize=150%2C150&amp;ssl=1 300w, https:\/\/i0.wp.com\/le-fort.org\/cocina\/wp-content\/uploads\/2014\/03\/empanadas-hd.jpg?zoom=3&amp;resize=150%2C150&amp;ssl=1 450w\" sizes=\"auto, (max-width: 150px) 100vw, 150px\" data-attachment-id=\"5380\" data-permalink=\"https:\/\/le-fort.org\/cocina\/empanadas-de-queso-bam-bam-en-guayaquil\/empanadas-hd\/\" data-orig-file=\"https:\/\/i0.wp.com\/le-fort.org\/cocina\/wp-content\/uploads\/2014\/03\/empanadas-hd.jpg?fit=1200%2C400&amp;ssl=1\" data-orig-size=\"1200,400\" data-comments-opened=\"0\" data-image-meta=\"{&quot;aperture&quot;:&quot;0&quot;,&quot;credit&quot;:&quot;&quot;,&quot;camera&quot;:&quot;&quot;,&quot;caption&quot;:&quot;&quot;,&quot;created_timestamp&quot;:&quot;0&quot;,&quot;copyright&quot;:&quot;&quot;,&quot;focal_length&quot;:&quot;0&quot;,&quot;iso&quot;:&quot;0&quot;,&quot;shutter_speed&quot;:&quot;0&quot;,&quot;title&quot;:&quot;&quot;,&quot;orientation&quot;:&quot;0&quot;}\" data-image-title=\"empanadas-hd\" data-image-description=\"\" data-image-caption=\"\" data-large-file=\"https:\/\/i0.wp.com\/le-fort.org\/cocina\/wp-content\/uploads\/2014\/03\/empanadas-hd.jpg?fit=1200%2C400&amp;ssl=1\" \/><\/a> <a class=\"title\" href=\"https:\/\/le-fort.org\/cocina\/empanadas-de-queso-bam-bam-en-guayaquil\/\">Empanadas Bam-Bam<\/a><\/div><\/div>\n<div class=\"clear\"><\/div>\n<\/div>\n<p>Lo que hicimos fue lo siguiente:<!--more--><\/p>\n<h2>Ingredientes para las empanaditas de camar\u00f3n<\/h2>\n<p>Para el relleno<\/p>\n<ul>\n<li>200 grs. de camarones peque\u00f1os, pelados<\/li>\n<li>1 ceboll\u00edn picado finamente<\/li>\n<li>2 cucharadas de salsa de soya<\/li>\n<li>1 cucharada de aceite de s\u00e9samo<\/li>\n<li>1 diente de ajo picado finamente<\/li>\n<li>1 cucharadita de jengibre fresco rallado<\/li>\n<li>1 cucharada de semillas de s\u00e9samo<\/li>\n<\/ul>\n<p>Para la masa:<\/p>\n<ul>\n<li>1 taza de harina<\/li>\n<li>1\/4 de taza de agua tibia<\/li>\n<li>1 cucharada de aceite<\/li>\n<li>1\/2 cucharadita de sal<\/li>\n<\/ul>\n<h2>Preparaci\u00f3n<\/h2>\n<p>Unir los ingredientes de la masa en un bol y amasar hasta obtener una masa el\u00e1stica. Dejarla reposar, tapada, mientras preparamos el relleno.<\/p>\n<p>Para el relleno, echar todos los ingredientes en uns sart\u00e9n y revolver a fuego medio hasta que los camarones est\u00e9n blancos.<\/p>\n<figure id=\"attachment_5446\" aria-describedby=\"caption-attachment-5446\" style=\"width: 700px\" class=\"wp-caption aligncenter\"><a href=\"https:\/\/i0.wp.com\/le-fort.org\/wp-content\/uploads\/2014\/04\/relleno.jpg?ssl=1\"><img data-recalc-dims=\"1\" loading=\"lazy\" decoding=\"async\" data-attachment-id=\"5446\" data-permalink=\"https:\/\/le-fort.org\/cocina\/empanaditas-de-camaron-estilo-oriental\/relleno-3\/\" data-orig-file=\"https:\/\/i0.wp.com\/le-fort.org\/cocina\/wp-content\/uploads\/2014\/04\/relleno.jpg?fit=700%2C500&amp;ssl=1\" data-orig-size=\"700,500\" data-comments-opened=\"0\" data-image-meta=\"{&quot;aperture&quot;:&quot;0&quot;,&quot;credit&quot;:&quot;&quot;,&quot;camera&quot;:&quot;&quot;,&quot;caption&quot;:&quot;&quot;,&quot;created_timestamp&quot;:&quot;0&quot;,&quot;copyright&quot;:&quot;&quot;,&quot;focal_length&quot;:&quot;0&quot;,&quot;iso&quot;:&quot;0&quot;,&quot;shutter_speed&quot;:&quot;0&quot;,&quot;title&quot;:&quot;&quot;,&quot;orientation&quot;:&quot;0&quot;}\" data-image-title=\"relleno\" data-image-description=\"\" data-image-caption=\"&lt;p&gt;El relleno, listo para armar las empanaditas&lt;\/p&gt;\n\" data-large-file=\"https:\/\/i0.wp.com\/le-fort.org\/cocina\/wp-content\/uploads\/2014\/04\/relleno.jpg?fit=700%2C500&amp;ssl=1\" class=\"size-full wp-image-5446\" src=\"https:\/\/i0.wp.com\/www.le-fort.org\/wp-content\/uploads\/2014\/04\/relleno.jpg?resize=700%2C500&#038;ssl=1\" alt=\"El relleno, listo para armar las empanaditas\" width=\"700\" height=\"500\" srcset=\"https:\/\/i0.wp.com\/le-fort.org\/cocina\/wp-content\/uploads\/2014\/04\/relleno.jpg?w=700&amp;ssl=1 700w, https:\/\/i0.wp.com\/le-fort.org\/cocina\/wp-content\/uploads\/2014\/04\/relleno.jpg?resize=600%2C429&amp;ssl=1 600w\" sizes=\"auto, (max-width: 700px) 100vw, 700px\" \/><\/a><figcaption id=\"caption-attachment-5446\" class=\"wp-caption-text\">El relleno, listo para armar las empanaditas<\/figcaption><\/figure>\n<p>Para armar las empanaditas, uslerear la masa hasta que quede delgada (menos de 1mm. de espesor). cortar cintas largas de masa, de unos 7cm. de ancho.<\/p>\n<p>Poner una cucharadita de relleno en el extremo de la masa.<\/p>\n<figure id=\"attachment_5445\" aria-describedby=\"caption-attachment-5445\" style=\"width: 700px\" class=\"wp-caption aligncenter\"><img data-recalc-dims=\"1\" loading=\"lazy\" decoding=\"async\" data-attachment-id=\"5445\" data-permalink=\"https:\/\/le-fort.org\/cocina\/empanaditas-de-camaron-estilo-oriental\/rellenando\/\" data-orig-file=\"https:\/\/i0.wp.com\/le-fort.org\/cocina\/wp-content\/uploads\/2014\/04\/rellenando.jpg?fit=700%2C500&amp;ssl=1\" data-orig-size=\"700,500\" data-comments-opened=\"0\" data-image-meta=\"{&quot;aperture&quot;:&quot;0&quot;,&quot;credit&quot;:&quot;&quot;,&quot;camera&quot;:&quot;&quot;,&quot;caption&quot;:&quot;&quot;,&quot;created_timestamp&quot;:&quot;0&quot;,&quot;copyright&quot;:&quot;&quot;,&quot;focal_length&quot;:&quot;0&quot;,&quot;iso&quot;:&quot;0&quot;,&quot;shutter_speed&quot;:&quot;0&quot;,&quot;title&quot;:&quot;&quot;,&quot;orientation&quot;:&quot;0&quot;}\" data-image-title=\"rellenando\" data-image-description=\"\" data-image-caption=\"&lt;p&gt;Comenzando a enrollar&lt;\/p&gt;\n\" data-large-file=\"https:\/\/i0.wp.com\/le-fort.org\/cocina\/wp-content\/uploads\/2014\/04\/rellenando.jpg?fit=700%2C500&amp;ssl=1\" class=\"size-full wp-image-5445\" src=\"https:\/\/i0.wp.com\/www.le-fort.org\/wp-content\/uploads\/2014\/04\/rellenando.jpg?resize=700%2C500&#038;ssl=1\" alt=\"Comenzando a enrollar\" width=\"700\" height=\"500\" srcset=\"https:\/\/i0.wp.com\/le-fort.org\/cocina\/wp-content\/uploads\/2014\/04\/rellenando.jpg?w=700&amp;ssl=1 700w, https:\/\/i0.wp.com\/le-fort.org\/cocina\/wp-content\/uploads\/2014\/04\/rellenando.jpg?resize=600%2C429&amp;ssl=1 600w\" sizes=\"auto, (max-width: 700px) 100vw, 700px\" \/><figcaption id=\"caption-attachment-5445\" class=\"wp-caption-text\">Comenzando a enrollar<\/figcaption><\/figure>\n<figure id=\"attachment_5443\" aria-describedby=\"caption-attachment-5443\" style=\"width: 700px\" class=\"wp-caption aligncenter\"><img data-recalc-dims=\"1\" loading=\"lazy\" decoding=\"async\" data-attachment-id=\"5443\" data-permalink=\"https:\/\/le-fort.org\/cocina\/empanaditas-de-camaron-estilo-oriental\/enrollando-2\/\" data-orig-file=\"https:\/\/i0.wp.com\/le-fort.org\/cocina\/wp-content\/uploads\/2014\/04\/enrollando.jpg?fit=700%2C500&amp;ssl=1\" data-orig-size=\"700,500\" data-comments-opened=\"0\" data-image-meta=\"{&quot;aperture&quot;:&quot;0&quot;,&quot;credit&quot;:&quot;&quot;,&quot;camera&quot;:&quot;&quot;,&quot;caption&quot;:&quot;&quot;,&quot;created_timestamp&quot;:&quot;0&quot;,&quot;copyright&quot;:&quot;&quot;,&quot;focal_length&quot;:&quot;0&quot;,&quot;iso&quot;:&quot;0&quot;,&quot;shutter_speed&quot;:&quot;0&quot;,&quot;title&quot;:&quot;&quot;,&quot;orientation&quot;:&quot;0&quot;}\" data-image-title=\"enrollando\" data-image-description=\"\" data-image-caption=\"&lt;p&gt;El enrollado es en forma triangular&lt;\/p&gt;\n\" data-large-file=\"https:\/\/i0.wp.com\/le-fort.org\/cocina\/wp-content\/uploads\/2014\/04\/enrollando.jpg?fit=700%2C500&amp;ssl=1\" class=\"size-full wp-image-5443\" src=\"https:\/\/i0.wp.com\/www.le-fort.org\/wp-content\/uploads\/2014\/04\/enrollando.jpg?resize=700%2C500&#038;ssl=1\" alt=\"El enrollado es en forma triangular\" width=\"700\" height=\"500\" srcset=\"https:\/\/i0.wp.com\/le-fort.org\/cocina\/wp-content\/uploads\/2014\/04\/enrollando.jpg?w=700&amp;ssl=1 700w, https:\/\/i0.wp.com\/le-fort.org\/cocina\/wp-content\/uploads\/2014\/04\/enrollando.jpg?resize=600%2C429&amp;ssl=1 600w\" sizes=\"auto, (max-width: 700px) 100vw, 700px\" \/><figcaption id=\"caption-attachment-5443\" class=\"wp-caption-text\">El enrollado es en forma triangular<\/figcaption><\/figure>\n<p>Enrollar en &#8220;tri\u00e1ngulos&#8221; para darle forma a la empanada. Cuando el relleno est\u00e9 cubierto por todos lados, cortar la masa y sellar con agua si es necesario.<\/p>\n<p>Luego fre\u00edmos en aceite caliente hasta que queden doradas.<\/p>\n<figure id=\"attachment_5444\" aria-describedby=\"caption-attachment-5444\" style=\"width: 700px\" class=\"wp-caption aligncenter\"><img data-recalc-dims=\"1\" loading=\"lazy\" decoding=\"async\" data-attachment-id=\"5444\" data-permalink=\"https:\/\/le-fort.org\/cocina\/empanaditas-de-camaron-estilo-oriental\/friendo-7\/\" data-orig-file=\"https:\/\/i0.wp.com\/le-fort.org\/cocina\/wp-content\/uploads\/2014\/04\/friendo1.jpg?fit=700%2C500&amp;ssl=1\" data-orig-size=\"700,500\" data-comments-opened=\"0\" data-image-meta=\"{&quot;aperture&quot;:&quot;0&quot;,&quot;credit&quot;:&quot;&quot;,&quot;camera&quot;:&quot;&quot;,&quot;caption&quot;:&quot;&quot;,&quot;created_timestamp&quot;:&quot;0&quot;,&quot;copyright&quot;:&quot;&quot;,&quot;focal_length&quot;:&quot;0&quot;,&quot;iso&quot;:&quot;0&quot;,&quot;shutter_speed&quot;:&quot;0&quot;,&quot;title&quot;:&quot;&quot;,&quot;orientation&quot;:&quot;0&quot;}\" data-image-title=\"friendo\" data-image-description=\"\" data-image-caption=\"&lt;p&gt;Friendo&lt;\/p&gt;\n\" data-large-file=\"https:\/\/i0.wp.com\/le-fort.org\/cocina\/wp-content\/uploads\/2014\/04\/friendo1.jpg?fit=700%2C500&amp;ssl=1\" class=\"wp-image-5444 size-full\" src=\"https:\/\/i0.wp.com\/le-fort.org\/wp-content\/uploads\/2014\/04\/friendo1.jpg?resize=700%2C500&#038;ssl=1\" alt=\"Friendo las empanaditas de camar\u00f3n\" width=\"700\" height=\"500\" srcset=\"https:\/\/i0.wp.com\/le-fort.org\/cocina\/wp-content\/uploads\/2014\/04\/friendo1.jpg?w=700&amp;ssl=1 700w, https:\/\/i0.wp.com\/le-fort.org\/cocina\/wp-content\/uploads\/2014\/04\/friendo1.jpg?resize=600%2C429&amp;ssl=1 600w\" sizes=\"auto, (max-width: 700px) 100vw, 700px\" \/><figcaption id=\"caption-attachment-5444\" class=\"wp-caption-text\">Friendo<\/figcaption><\/figure>\n<p>Las dejamos enfriar unos minutos para no quemarnos, y ya nos las podemos comer, con salsa de soya, <a title=\"Salsa Agridulce China, mal llamada Salsa de Tamarindo en Chile\" href=\"http:\/\/www.loquecomemos.com\/salsa-agridulce-china-mal-llamada-salsa-de-tamarindo-en-chile\/\">salsa agridulce<\/a> o como prefiramos.<\/p>\n<p><img data-recalc-dims=\"1\" loading=\"lazy\" decoding=\"async\" data-attachment-id=\"5442\" data-permalink=\"https:\/\/le-fort.org\/cocina\/empanaditas-de-camaron-estilo-oriental\/camaron-mandarin\/\" data-orig-file=\"https:\/\/i0.wp.com\/le-fort.org\/cocina\/wp-content\/uploads\/2014\/04\/camaron-mandarin.jpg?fit=700%2C500&amp;ssl=1\" data-orig-size=\"700,500\" data-comments-opened=\"0\" data-image-meta=\"{&quot;aperture&quot;:&quot;0&quot;,&quot;credit&quot;:&quot;&quot;,&quot;camera&quot;:&quot;&quot;,&quot;caption&quot;:&quot;&quot;,&quot;created_timestamp&quot;:&quot;0&quot;,&quot;copyright&quot;:&quot;&quot;,&quot;focal_length&quot;:&quot;0&quot;,&quot;iso&quot;:&quot;0&quot;,&quot;shutter_speed&quot;:&quot;0&quot;,&quot;title&quot;:&quot;&quot;,&quot;orientation&quot;:&quot;0&quot;}\" data-image-title=\"camaron-mandarin\" data-image-description=\"\" data-image-caption=\"&lt;p&gt;Camar\u00f3n mandar\u00edn&lt;\/p&gt;\n\" data-large-file=\"https:\/\/i0.wp.com\/le-fort.org\/cocina\/wp-content\/uploads\/2014\/04\/camaron-mandarin.jpg?fit=700%2C500&amp;ssl=1\" class=\"aligncenter wp-image-5442 size-full\" src=\"https:\/\/i0.wp.com\/le-fort.org\/wp-content\/uploads\/2014\/04\/camaron-mandarin.jpg?resize=700%2C500&#038;ssl=1\" alt=\"empanaditas de camar\u00f3n estilo oriental, con salsa de soya\" width=\"700\" height=\"500\" srcset=\"https:\/\/i0.wp.com\/le-fort.org\/cocina\/wp-content\/uploads\/2014\/04\/camaron-mandarin.jpg?w=700&amp;ssl=1 700w, https:\/\/i0.wp.com\/le-fort.org\/cocina\/wp-content\/uploads\/2014\/04\/camaron-mandarin.jpg?resize=600%2C429&amp;ssl=1 600w\" sizes=\"auto, (max-width: 700px) 100vw, 700px\" \/><\/p>\n<p>La masa nos qued\u00f3 con burbujitas t\u00edpicas de empanada frita, mientras que las de restaurante chino suelen no tenerlas. Investigaremos al respecto, pero estas quedaron muy buenas.<\/p>\n<p>\u00a1Que las disfrutes!<\/p>\n<p>[fin]<\/p>\n","protected":false},"excerpt":{"rendered":"<p>Receta de empanaditas de camar\u00f3n estilo oriental, como las de restaurante chino de Chile. No quedaron perfectas, pero s\u00ed deliciosas.<\/p>\n","protected":false},"author":1,"featured_media":5441,"comment_status":"closed","ping_status":"closed","sticky":false,"template":"","format":"standard","meta":{"_jetpack_newsletter_access":"","_jetpack_dont_email_post_to_subs":true,"_jetpack_newsletter_tier_id":0,"_jetpack_memberships_contains_paywalled_content":false,"_jetpack_memberships_contains_paid_content":false,"footnotes":""},"categories":[2],"tags":[117,214,46,97],"class_list":["post-5440","post","type-post","status-publish","format-standard","has-post-thumbnail","hentry","category-recetas","tag-camarones","tag-comida-china","tag-empanadas","tag-frituras","entry","has-media"],"jetpack_featured_media_url":"https:\/\/i0.wp.com\/le-fort.org\/cocina\/wp-content\/uploads\/2014\/04\/camaron-mandarin-hd.jpg?fit=1200%2C400&ssl=1","jetpack_shortlink":"https:\/\/wp.me\/pghKer-1pK","jetpack_sharing_enabled":true,"jetpack-related-posts":[{"id":14003,"url":"https:\/\/le-fort.org\/cocina\/bocaditos-loja\/","url_meta":{"origin":5440,"position":0},"title":"Bocaditos de Sal en Loja","author":"Le-Fort.org","date":"14 de Abril, 2019","format":false,"excerpt":"El s\u00e1bado 13 de abril de 2019 realizamos un taller de picaditas de sal (o sea bocaditos) en la ciudad de Loja. Recibimos para la clase a caras nuevas y caras conocidas. Bocaditos de Sal En el taller realizamos y degustamos los siguientes bocaditos: Canap\u00e9s de pasta rusa, huevo-anchoa y\u2026","rel":"","context":"En &quot;Educaci\u00f3n&quot;","block_context":{"text":"Educaci\u00f3n","link":"https:\/\/le-fort.org\/cocina\/categoria\/educacion\/"},"img":{"alt_text":"","src":"https:\/\/i0.wp.com\/le-fort.org\/cocina\/wp-content\/uploads\/2019\/04\/picaditas-hd.jpg?fit=1200%2C400&ssl=1&resize=350%2C200","width":350,"height":200,"srcset":"https:\/\/i0.wp.com\/le-fort.org\/cocina\/wp-content\/uploads\/2019\/04\/picaditas-hd.jpg?fit=1200%2C400&ssl=1&resize=350%2C200 1x, https:\/\/i0.wp.com\/le-fort.org\/cocina\/wp-content\/uploads\/2019\/04\/picaditas-hd.jpg?fit=1200%2C400&ssl=1&resize=525%2C300 1.5x, https:\/\/i0.wp.com\/le-fort.org\/cocina\/wp-content\/uploads\/2019\/04\/picaditas-hd.jpg?fit=1200%2C400&ssl=1&resize=700%2C400 2x, https:\/\/i0.wp.com\/le-fort.org\/cocina\/wp-content\/uploads\/2019\/04\/picaditas-hd.jpg?fit=1200%2C400&ssl=1&resize=1050%2C600 3x"},"classes":[]},{"id":5987,"url":"https:\/\/le-fort.org\/cocina\/como-comprar-y-cocinar-camarones\/","url_meta":{"origin":5440,"position":1},"title":"C\u00f3mo Comprar y Cocinar Camarones","author":"Le-Fort.org","date":"2 de Febrero, 2015","format":false,"excerpt":"Algunas sugerencias para comprar y cocinar camarones de forma tal que queden espectaculares","rel":"","context":"En &quot;T\u00e9cnicas&quot;","block_context":{"text":"T\u00e9cnicas","link":"https:\/\/le-fort.org\/cocina\/categoria\/tecnicas\/"},"img":{"alt_text":"","src":"https:\/\/i0.wp.com\/le-fort.org\/cocina\/wp-content\/uploads\/2015\/02\/camarones-hd.jpg?fit=1200%2C400&ssl=1&resize=350%2C200","width":350,"height":200,"srcset":"https:\/\/i0.wp.com\/le-fort.org\/cocina\/wp-content\/uploads\/2015\/02\/camarones-hd.jpg?fit=1200%2C400&ssl=1&resize=350%2C200 1x, https:\/\/i0.wp.com\/le-fort.org\/cocina\/wp-content\/uploads\/2015\/02\/camarones-hd.jpg?fit=1200%2C400&ssl=1&resize=525%2C300 1.5x, https:\/\/i0.wp.com\/le-fort.org\/cocina\/wp-content\/uploads\/2015\/02\/camarones-hd.jpg?fit=1200%2C400&ssl=1&resize=700%2C400 2x, https:\/\/i0.wp.com\/le-fort.org\/cocina\/wp-content\/uploads\/2015\/02\/camarones-hd.jpg?fit=1200%2C400&ssl=1&resize=1050%2C600 3x"},"classes":[]},{"id":834,"url":"https:\/\/le-fort.org\/cocina\/receta-de-samosas-vegetarianas\/","url_meta":{"origin":5440,"position":2},"title":"Samosas Vegetarianas","author":"Le-Fort.org","date":"14 de Agosto, 2011","format":false,"excerpt":"Receta de samosas vegetarianas. Empanaditas de la cocina india rellenas de papas, arvejas, y pasas.","rel":"","context":"En &quot;Comida&quot;","block_context":{"text":"Comida","link":"https:\/\/le-fort.org\/cocina\/categoria\/cocina-comida\/"},"img":{"alt_text":"","src":"https:\/\/i0.wp.com\/le-fort.org\/cocina\/wp-content\/uploads\/2011\/08\/samosas-hd.jpg?fit=1200%2C400&ssl=1&resize=350%2C200","width":350,"height":200,"srcset":"https:\/\/i0.wp.com\/le-fort.org\/cocina\/wp-content\/uploads\/2011\/08\/samosas-hd.jpg?fit=1200%2C400&ssl=1&resize=350%2C200 1x, https:\/\/i0.wp.com\/le-fort.org\/cocina\/wp-content\/uploads\/2011\/08\/samosas-hd.jpg?fit=1200%2C400&ssl=1&resize=525%2C300 1.5x, https:\/\/i0.wp.com\/le-fort.org\/cocina\/wp-content\/uploads\/2011\/08\/samosas-hd.jpg?fit=1200%2C400&ssl=1&resize=700%2C400 2x, https:\/\/i0.wp.com\/le-fort.org\/cocina\/wp-content\/uploads\/2011\/08\/samosas-hd.jpg?fit=1200%2C400&ssl=1&resize=1050%2C600 3x"},"classes":[]},{"id":11561,"url":"https:\/\/le-fort.org\/cocina\/taller-de-empanadas-chilenas-nayon\/","url_meta":{"origin":5440,"position":3},"title":"Taller de Empanadas chilenas en Nay\u00f3n","author":"Le-Fort.org","date":"28 de Enero, 2018","format":false,"excerpt":"Dimos un taller de empanadas chilenas a particulares en Nay\u00f3n. Como chilenos nos encanta tener la posibilidad de difundir el patrimonio culinario de Chile (y de comer empanadas, por supuesto). No conoc\u00edamos Nay\u00f3n, as\u00ed es que el curso nos sirvi\u00f3 para ampliar un poco nuestros horizontes. Nos encant\u00f3 la zona,\u2026","rel":"","context":"En &quot;Educaci\u00f3n&quot;","block_context":{"text":"Educaci\u00f3n","link":"https:\/\/le-fort.org\/cocina\/categoria\/educacion\/"},"img":{"alt_text":"","src":"https:\/\/i0.wp.com\/le-fort.org\/cocina\/wp-content\/uploads\/2018\/01\/empanadas-hd.jpg?fit=1200%2C400&ssl=1&resize=350%2C200","width":350,"height":200,"srcset":"https:\/\/i0.wp.com\/le-fort.org\/cocina\/wp-content\/uploads\/2018\/01\/empanadas-hd.jpg?fit=1200%2C400&ssl=1&resize=350%2C200 1x, https:\/\/i0.wp.com\/le-fort.org\/cocina\/wp-content\/uploads\/2018\/01\/empanadas-hd.jpg?fit=1200%2C400&ssl=1&resize=525%2C300 1.5x, https:\/\/i0.wp.com\/le-fort.org\/cocina\/wp-content\/uploads\/2018\/01\/empanadas-hd.jpg?fit=1200%2C400&ssl=1&resize=700%2C400 2x, https:\/\/i0.wp.com\/le-fort.org\/cocina\/wp-content\/uploads\/2018\/01\/empanadas-hd.jpg?fit=1200%2C400&ssl=1&resize=1050%2C600 3x"},"classes":[]},{"id":5976,"url":"https:\/\/le-fort.org\/cocina\/ceviche-de-camarones-ecuatoriano\/","url_meta":{"origin":5440,"position":4},"title":"Ceviche de Camarones Ecuatoriano","author":"Le-Fort.org","date":"9 de Septiembre, 2015","format":false,"excerpt":"Receta ecuatoriana de ceviche de camarones, con jugo de naranja, que com\u00fanmente se sirve con ketchup y mostaza. El ceviche de camarones de Ecuador es delicioso.","rel":"","context":"En &quot;Recetas&quot;","block_context":{"text":"Recetas","link":"https:\/\/le-fort.org\/cocina\/categoria\/recetas\/"},"img":{"alt_text":"","src":"https:\/\/i0.wp.com\/le-fort.org\/cocina\/wp-content\/uploads\/2015\/01\/ceviche-camaron-hd.jpg?fit=1200%2C400&ssl=1&resize=350%2C200","width":350,"height":200,"srcset":"https:\/\/i0.wp.com\/le-fort.org\/cocina\/wp-content\/uploads\/2015\/01\/ceviche-camaron-hd.jpg?fit=1200%2C400&ssl=1&resize=350%2C200 1x, https:\/\/i0.wp.com\/le-fort.org\/cocina\/wp-content\/uploads\/2015\/01\/ceviche-camaron-hd.jpg?fit=1200%2C400&ssl=1&resize=525%2C300 1.5x, https:\/\/i0.wp.com\/le-fort.org\/cocina\/wp-content\/uploads\/2015\/01\/ceviche-camaron-hd.jpg?fit=1200%2C400&ssl=1&resize=700%2C400 2x, https:\/\/i0.wp.com\/le-fort.org\/cocina\/wp-content\/uploads\/2015\/01\/ceviche-camaron-hd.jpg?fit=1200%2C400&ssl=1&resize=1050%2C600 3x"},"classes":[]},{"id":3434,"url":"https:\/\/le-fort.org\/cocina\/camarones-al-pil-pil\/","url_meta":{"origin":5440,"position":5},"title":"Camarones al Pil-pil","author":"Le-Fort.org","date":"16 de Abril, 2013","format":false,"excerpt":"Receta de camarones al pilpil. Camarones fritos en aceite de oliva con ajo y aj\u00ed.","rel":"","context":"En &quot;Comida&quot;","block_context":{"text":"Comida","link":"https:\/\/le-fort.org\/cocina\/categoria\/cocina-comida\/"},"img":{"alt_text":"","src":"https:\/\/i0.wp.com\/le-fort.org\/cocina\/wp-content\/uploads\/2013\/04\/hd3.jpg?fit=800%2C300&ssl=1&resize=350%2C200","width":350,"height":200,"srcset":"https:\/\/i0.wp.com\/le-fort.org\/cocina\/wp-content\/uploads\/2013\/04\/hd3.jpg?fit=800%2C300&ssl=1&resize=350%2C200 1x, https:\/\/i0.wp.com\/le-fort.org\/cocina\/wp-content\/uploads\/2013\/04\/hd3.jpg?fit=800%2C300&ssl=1&resize=525%2C300 1.5x, https:\/\/i0.wp.com\/le-fort.org\/cocina\/wp-content\/uploads\/2013\/04\/hd3.jpg?fit=800%2C300&ssl=1&resize=700%2C400 2x"},"classes":[]}],"_links":{"self":[{"href":"https:\/\/le-fort.org\/cocina\/wp-json\/wp\/v2\/posts\/5440","targetHints":{"allow":["GET"]}}],"collection":[{"href":"https:\/\/le-fort.org\/cocina\/wp-json\/wp\/v2\/posts"}],"about":[{"href":"https:\/\/le-fort.org\/cocina\/wp-json\/wp\/v2\/types\/post"}],"author":[{"embeddable":true,"href":"https:\/\/le-fort.org\/cocina\/wp-json\/wp\/v2\/users\/1"}],"replies":[{"embeddable":true,"href":"https:\/\/le-fort.org\/cocina\/wp-json\/wp\/v2\/comments?post=5440"}],"version-history":[{"count":4,"href":"https:\/\/le-fort.org\/cocina\/wp-json\/wp\/v2\/posts\/5440\/revisions"}],"predecessor-version":[{"id":16482,"href":"https:\/\/le-fort.org\/cocina\/wp-json\/wp\/v2\/posts\/5440\/revisions\/16482"}],"wp:featuredmedia":[{"embeddable":true,"href":"https:\/\/le-fort.org\/cocina\/wp-json\/wp\/v2\/media\/5441"}],"wp:attachment":[{"href":"https:\/\/le-fort.org\/cocina\/wp-json\/wp\/v2\/media?parent=5440"}],"wp:term":[{"taxonomy":"category","embeddable":true,"href":"https:\/\/le-fort.org\/cocina\/wp-json\/wp\/v2\/categories?post=5440"},{"taxonomy":"post_tag","embeddable":true,"href":"https:\/\/le-fort.org\/cocina\/wp-json\/wp\/v2\/tags?post=5440"}],"curies":[{"name":"wp","href":"https:\/\/api.w.org\/{rel}","templated":true}]}}