{"id":5483,"date":"2014-05-26T12:29:14","date_gmt":"2014-05-26T17:29:14","guid":{"rendered":"http:\/\/www.loquecomemos.com\/?p=5483"},"modified":"2014-12-15T01:04:30","modified_gmt":"2014-12-15T06:04:30","slug":"sushi-vegetariano","status":"publish","type":"post","link":"https:\/\/le-fort.org\/cocina\/sushi-vegetariano\/","title":{"rendered":"Sushi Vegetariano"},"content":{"rendered":"<p><a href=\"https:\/\/i0.wp.com\/le-fort.org\/wp-content\/uploads\/2014\/05\/sushi-vegetariano-hd.jpg?ssl=1\"><img data-recalc-dims=\"1\" loading=\"lazy\" decoding=\"async\" data-attachment-id=\"5487\" data-permalink=\"https:\/\/le-fort.org\/cocina\/sushi-vegetariano\/sushi-vegetariano-hd\/\" data-orig-file=\"https:\/\/i0.wp.com\/le-fort.org\/cocina\/wp-content\/uploads\/2014\/05\/sushi-vegetariano-hd.jpg?fit=1200%2C400&amp;ssl=1\" data-orig-size=\"1200,400\" data-comments-opened=\"0\" data-image-meta=\"{&quot;aperture&quot;:&quot;0&quot;,&quot;credit&quot;:&quot;&quot;,&quot;camera&quot;:&quot;&quot;,&quot;caption&quot;:&quot;&quot;,&quot;created_timestamp&quot;:&quot;0&quot;,&quot;copyright&quot;:&quot;&quot;,&quot;focal_length&quot;:&quot;0&quot;,&quot;iso&quot;:&quot;0&quot;,&quot;shutter_speed&quot;:&quot;0&quot;,&quot;title&quot;:&quot;&quot;,&quot;orientation&quot;:&quot;0&quot;}\" data-image-title=\"sushi-vegetariano-hd\" data-image-description=\"\" data-image-caption=\"\" data-large-file=\"https:\/\/i0.wp.com\/le-fort.org\/cocina\/wp-content\/uploads\/2014\/05\/sushi-vegetariano-hd.jpg?fit=1200%2C400&amp;ssl=1\" class=\"aligncenter size-full wp-image-5487\" src=\"https:\/\/i0.wp.com\/www.le-fort.org\/wp-content\/uploads\/2014\/05\/sushi-vegetariano-hd.jpg?resize=1200%2C400&#038;ssl=1\" alt=\"sushi-vegetariano-hd\" width=\"1200\" height=\"400\" srcset=\"https:\/\/i0.wp.com\/le-fort.org\/cocina\/wp-content\/uploads\/2014\/05\/sushi-vegetariano-hd.jpg?w=1200&amp;ssl=1 1200w, https:\/\/i0.wp.com\/le-fort.org\/cocina\/wp-content\/uploads\/2014\/05\/sushi-vegetariano-hd.jpg?resize=600%2C200&amp;ssl=1 600w\" sizes=\"auto, (max-width: 1200px) 100vw, 1200px\" \/><\/a><\/p>\n<p>Nos encanta el <strong>sushi<\/strong>, y <a title=\"Sushi\" href=\"http:\/\/www.loquecomemos.com\/sushi\/\">ya hemos publicado c\u00f3mo lo preparamos<\/a>.<\/p>\n<p>Ayer nos dio flojera ir al mercado a comprar pescado, por lo que preparamos sushi vegetariano.<\/p>\n<p>Qued\u00f3 muy bueno.<\/p>\n<figure id=\"attachment_5488\" aria-describedby=\"caption-attachment-5488\" style=\"width: 700px\" class=\"wp-caption aligncenter\"><a href=\"https:\/\/le-fort.org\/sushi-vegetariano\/attachment\/sushi-2\/\" rel=\"attachment wp-att-5488\"><img data-recalc-dims=\"1\" loading=\"lazy\" decoding=\"async\" data-attachment-id=\"5488\" data-permalink=\"https:\/\/le-fort.org\/cocina\/sushi-vegetariano\/sushi-2\/\" data-orig-file=\"https:\/\/i0.wp.com\/le-fort.org\/cocina\/wp-content\/uploads\/2014\/05\/sushi.jpg?fit=700%2C525&amp;ssl=1\" data-orig-size=\"700,525\" data-comments-opened=\"0\" data-image-meta=\"{&quot;aperture&quot;:&quot;0&quot;,&quot;credit&quot;:&quot;&quot;,&quot;camera&quot;:&quot;&quot;,&quot;caption&quot;:&quot;&quot;,&quot;created_timestamp&quot;:&quot;0&quot;,&quot;copyright&quot;:&quot;&quot;,&quot;focal_length&quot;:&quot;0&quot;,&quot;iso&quot;:&quot;0&quot;,&quot;shutter_speed&quot;:&quot;0&quot;,&quot;title&quot;:&quot;&quot;,&quot;orientation&quot;:&quot;0&quot;}\" data-image-title=\"sushi\" data-image-description=\"\" data-image-caption=\"\" data-large-file=\"https:\/\/i0.wp.com\/le-fort.org\/cocina\/wp-content\/uploads\/2014\/05\/sushi.jpg?fit=700%2C525&amp;ssl=1\" class=\"size-full wp-image-5488\" src=\"https:\/\/i0.wp.com\/www.le-fort.org\/wp-content\/uploads\/2014\/05\/sushi.jpg?resize=700%2C525&#038;ssl=1\" alt=\"Sushi vegetariano\" width=\"700\" height=\"525\" srcset=\"https:\/\/i0.wp.com\/le-fort.org\/cocina\/wp-content\/uploads\/2014\/05\/sushi.jpg?w=700&amp;ssl=1 700w, https:\/\/i0.wp.com\/le-fort.org\/cocina\/wp-content\/uploads\/2014\/05\/sushi.jpg?resize=600%2C450&amp;ssl=1 600w\" sizes=\"auto, (max-width: 700px) 100vw, 700px\" \/><\/a><figcaption id=\"caption-attachment-5488\" class=\"wp-caption-text\">Sushi vegetariano<\/figcaption><\/figure>\n<p>Utilizamos los siguientes elementos para relleno:<\/p>\n<ul>\n<li>Tomates (pelados y con las pepas sacadas)<\/li>\n<li>Piment\u00f3n verde<\/li>\n<li>Tortilla de huevo<\/li>\n<li>Queso crema<\/li>\n<li>Pepino<\/li>\n<\/ul>\n<figure id=\"attachment_5486\" aria-describedby=\"caption-attachment-5486\" style=\"width: 700px\" class=\"wp-caption aligncenter\"><a href=\"https:\/\/i0.wp.com\/le-fort.org\/wp-content\/uploads\/2014\/05\/ingredientes.jpg?ssl=1\"><img data-recalc-dims=\"1\" loading=\"lazy\" decoding=\"async\" data-attachment-id=\"5486\" data-permalink=\"https:\/\/le-fort.org\/cocina\/sushi-vegetariano\/ingredientes-4\/\" data-orig-file=\"https:\/\/i0.wp.com\/le-fort.org\/cocina\/wp-content\/uploads\/2014\/05\/ingredientes.jpg?fit=700%2C525&amp;ssl=1\" data-orig-size=\"700,525\" data-comments-opened=\"0\" data-image-meta=\"{&quot;aperture&quot;:&quot;0&quot;,&quot;credit&quot;:&quot;&quot;,&quot;camera&quot;:&quot;&quot;,&quot;caption&quot;:&quot;&quot;,&quot;created_timestamp&quot;:&quot;0&quot;,&quot;copyright&quot;:&quot;&quot;,&quot;focal_length&quot;:&quot;0&quot;,&quot;iso&quot;:&quot;0&quot;,&quot;shutter_speed&quot;:&quot;0&quot;,&quot;title&quot;:&quot;&quot;,&quot;orientation&quot;:&quot;0&quot;}\" data-image-title=\"ingredientes\" data-image-description=\"\" data-image-caption=\"&lt;p&gt;Ingredientes para sushi vegetariano&lt;\/p&gt;\n\" data-large-file=\"https:\/\/i0.wp.com\/le-fort.org\/cocina\/wp-content\/uploads\/2014\/05\/ingredientes.jpg?fit=700%2C525&amp;ssl=1\" class=\"size-full wp-image-5486\" src=\"https:\/\/i0.wp.com\/www.le-fort.org\/wp-content\/uploads\/2014\/05\/ingredientes.jpg?resize=700%2C525&#038;ssl=1\" alt=\"Ingredientes para sushi vegetariano\" width=\"700\" height=\"525\" srcset=\"https:\/\/i0.wp.com\/le-fort.org\/cocina\/wp-content\/uploads\/2014\/05\/ingredientes.jpg?w=700&amp;ssl=1 700w, https:\/\/i0.wp.com\/le-fort.org\/cocina\/wp-content\/uploads\/2014\/05\/ingredientes.jpg?resize=600%2C450&amp;ssl=1 600w\" sizes=\"auto, (max-width: 700px) 100vw, 700px\" \/><\/a><figcaption id=\"caption-attachment-5486\" class=\"wp-caption-text\">Ingredientes para sushi vegetariano<\/figcaption><\/figure>\n<p>El resultado fue muy bueno. Todo indica que vamos a hacer m\u00e1s seguido.<\/p>\n<figure id=\"attachment_5485\" aria-describedby=\"caption-attachment-5485\" style=\"width: 700px\" class=\"wp-caption aligncenter\"><a href=\"https:\/\/le-fort.org\/sushi-vegetariano\/attachment\/armando-2\/\" rel=\"attachment wp-att-5485\"><img data-recalc-dims=\"1\" loading=\"lazy\" decoding=\"async\" data-attachment-id=\"5485\" data-permalink=\"https:\/\/le-fort.org\/cocina\/sushi-vegetariano\/armando-2\/\" data-orig-file=\"https:\/\/i0.wp.com\/le-fort.org\/cocina\/wp-content\/uploads\/2014\/05\/armando.jpg?fit=700%2C525&amp;ssl=1\" data-orig-size=\"700,525\" data-comments-opened=\"0\" data-image-meta=\"{&quot;aperture&quot;:&quot;0&quot;,&quot;credit&quot;:&quot;&quot;,&quot;camera&quot;:&quot;&quot;,&quot;caption&quot;:&quot;&quot;,&quot;created_timestamp&quot;:&quot;0&quot;,&quot;copyright&quot;:&quot;&quot;,&quot;focal_length&quot;:&quot;0&quot;,&quot;iso&quot;:&quot;0&quot;,&quot;shutter_speed&quot;:&quot;0&quot;,&quot;title&quot;:&quot;&quot;,&quot;orientation&quot;:&quot;0&quot;}\" data-image-title=\"armando\" data-image-description=\"\" data-image-caption=\"&lt;p&gt;Armando sushi vegetariano&lt;\/p&gt;\n\" data-large-file=\"https:\/\/i0.wp.com\/le-fort.org\/cocina\/wp-content\/uploads\/2014\/05\/armando.jpg?fit=700%2C525&amp;ssl=1\" class=\"size-full wp-image-5485\" src=\"https:\/\/i0.wp.com\/www.le-fort.org\/wp-content\/uploads\/2014\/05\/armando.jpg?resize=700%2C525&#038;ssl=1\" alt=\"Armando sushi vegetariano\" width=\"700\" height=\"525\" srcset=\"https:\/\/i0.wp.com\/le-fort.org\/cocina\/wp-content\/uploads\/2014\/05\/armando.jpg?w=700&amp;ssl=1 700w, https:\/\/i0.wp.com\/le-fort.org\/cocina\/wp-content\/uploads\/2014\/05\/armando.jpg?resize=600%2C450&amp;ssl=1 600w\" sizes=\"auto, (max-width: 700px) 100vw, 700px\" \/><\/a><figcaption id=\"caption-attachment-5485\" class=\"wp-caption-text\">Armando sushi vegetariano<\/figcaption><\/figure>\n<figure id=\"attachment_5484\" aria-describedby=\"caption-attachment-5484\" style=\"width: 700px\" class=\"wp-caption aligncenter\"><a href=\"https:\/\/le-fort.org\/sushi-vegetariano\/attachment\/_sushi-2\/\" rel=\"attachment wp-att-5484\"><img data-recalc-dims=\"1\" loading=\"lazy\" decoding=\"async\" data-attachment-id=\"5484\" data-permalink=\"https:\/\/le-fort.org\/cocina\/sushi-vegetariano\/_sushi-2\/\" data-orig-file=\"https:\/\/i0.wp.com\/le-fort.org\/cocina\/wp-content\/uploads\/2014\/05\/sushi-2.jpg?fit=700%2C525&amp;ssl=1\" data-orig-size=\"700,525\" data-comments-opened=\"0\" data-image-meta=\"{&quot;aperture&quot;:&quot;0&quot;,&quot;credit&quot;:&quot;&quot;,&quot;camera&quot;:&quot;&quot;,&quot;caption&quot;:&quot;&quot;,&quot;created_timestamp&quot;:&quot;0&quot;,&quot;copyright&quot;:&quot;&quot;,&quot;focal_length&quot;:&quot;0&quot;,&quot;iso&quot;:&quot;0&quot;,&quot;shutter_speed&quot;:&quot;0&quot;,&quot;title&quot;:&quot;&quot;,&quot;orientation&quot;:&quot;0&quot;}\" data-image-title=\"_sushi-2\" data-image-description=\"\" data-image-caption=\"&lt;p&gt;\u00a1A comer!&lt;\/p&gt;\n\" data-large-file=\"https:\/\/i0.wp.com\/le-fort.org\/cocina\/wp-content\/uploads\/2014\/05\/sushi-2.jpg?fit=700%2C525&amp;ssl=1\" class=\"size-full wp-image-5484\" src=\"https:\/\/i0.wp.com\/www.le-fort.org\/wp-content\/uploads\/2014\/05\/sushi-2.jpg?resize=700%2C525&#038;ssl=1\" alt=\"\u00a1A comer!\" width=\"700\" height=\"525\" srcset=\"https:\/\/i0.wp.com\/le-fort.org\/cocina\/wp-content\/uploads\/2014\/05\/sushi-2.jpg?w=700&amp;ssl=1 700w, https:\/\/i0.wp.com\/le-fort.org\/cocina\/wp-content\/uploads\/2014\/05\/sushi-2.jpg?resize=600%2C450&amp;ssl=1 600w\" sizes=\"auto, (max-width: 700px) 100vw, 700px\" \/><\/a><figcaption id=\"caption-attachment-5484\" class=\"wp-caption-text\">\u00a1A comer!<\/figcaption><\/figure>\n<p>Si queremos una opci\u00f3n vegana, podemos eliminar la tortilla y el queso crema y a\u00f1adir, por ejemplo tofu.<\/p>\n<p>Esta es s\u00f3lo una muestra de las posibilidades que hay al hacer sushi.<\/p>\n<p>Deber\u00edamos hacer sushi m\u00e1s seguido.<\/p>\n<p>\u00bfC\u00f3mo preparas tu sushi vegetariano?<\/p>\n<p>[fin]<\/p>\n","protected":false},"excerpt":{"rendered":"<p>Algunas ideas para preparar sushi vegetariano, con pepino, piment\u00f3n, tomate, tortilla de huevo y queso crema.<\/p>\n","protected":false},"author":1,"featured_media":5487,"comment_status":"open","ping_status":"closed","sticky":false,"template":"","format":"standard","meta":{"_jetpack_newsletter_access":"","_jetpack_dont_email_post_to_subs":false,"_jetpack_newsletter_tier_id":0,"_jetpack_memberships_contains_paywalled_content":false,"_jetpack_memberships_contains_paid_content":false,"footnotes":""},"categories":[2],"tags":[163,50,56],"class_list":["post-5483","post","type-post","status-publish","format-standard","has-post-thumbnail","hentry","category-recetas","tag-comida-japonesa","tag-sushi","tag-vegetariano","entry","has-media"],"jetpack_featured_media_url":"https:\/\/i0.wp.com\/le-fort.org\/cocina\/wp-content\/uploads\/2014\/05\/sushi-vegetariano-hd.jpg?fit=1200%2C400&ssl=1","jetpack_shortlink":"https:\/\/wp.me\/pghKer-1qr","jetpack_sharing_enabled":true,"jetpack-related-posts":[{"id":746,"url":"https:\/\/le-fort.org\/cocina\/sushi-de-platano-en-guayaquil\/","url_meta":{"origin":5483,"position":0},"title":"Sushi de pl\u00e1tano en Guayaquil","author":"Le-Fort.org","date":"10 de Agosto, 2011","format":false,"excerpt":"El sushi de pl\u00e1tano del Topi Sushi en Guayaquil es excelente. Pl\u00e1tano, queso crema y kanikama.","rel":"","context":"En &quot;Comida&quot;","block_context":{"text":"Comida","link":"https:\/\/le-fort.org\/cocina\/categoria\/cocina-comida\/"},"img":{"alt_text":"","src":"https:\/\/i0.wp.com\/le-fort.org\/cocina\/wp-content\/uploads\/2011\/08\/MG_3213-800x288.jpg?fit=800%2C288&ssl=1&resize=350%2C200","width":350,"height":200,"srcset":"https:\/\/i0.wp.com\/le-fort.org\/cocina\/wp-content\/uploads\/2011\/08\/MG_3213-800x288.jpg?fit=800%2C288&ssl=1&resize=350%2C200 1x, https:\/\/i0.wp.com\/le-fort.org\/cocina\/wp-content\/uploads\/2011\/08\/MG_3213-800x288.jpg?fit=800%2C288&ssl=1&resize=525%2C300 1.5x, https:\/\/i0.wp.com\/le-fort.org\/cocina\/wp-content\/uploads\/2011\/08\/MG_3213-800x288.jpg?fit=800%2C288&ssl=1&resize=700%2C400 2x"},"classes":[]},{"id":4539,"url":"https:\/\/le-fort.org\/cocina\/sushi\/","url_meta":{"origin":5483,"position":1},"title":"Sushi","author":"Le-Fort.org","date":"2 de Julio, 2013","format":false,"excerpt":"El sushi es un poco laborioso pero muy rico. Es mejor cuando hay hartas manos haci\u00e9ndolo, porque se transforma en una actividad social Este tiene at\u00fan fresco o camar\u00f3n, palta, queso crema y s\u00e9samo.","rel":"","context":"En &quot;Recetas&quot;","block_context":{"text":"Recetas","link":"https:\/\/le-fort.org\/cocina\/categoria\/recetas\/"},"img":{"alt_text":"","src":"https:\/\/i0.wp.com\/le-fort.org\/cocina\/wp-content\/uploads\/2013\/07\/sushi-hd.jpg?fit=700%2C350&ssl=1&resize=350%2C200","width":350,"height":200,"srcset":"https:\/\/i0.wp.com\/le-fort.org\/cocina\/wp-content\/uploads\/2013\/07\/sushi-hd.jpg?fit=700%2C350&ssl=1&resize=350%2C200 1x, https:\/\/i0.wp.com\/le-fort.org\/cocina\/wp-content\/uploads\/2013\/07\/sushi-hd.jpg?fit=700%2C350&ssl=1&resize=525%2C300 1.5x, https:\/\/i0.wp.com\/le-fort.org\/cocina\/wp-content\/uploads\/2013\/07\/sushi-hd.jpg?fit=700%2C350&ssl=1&resize=700%2C400 2x"},"classes":[]},{"id":1412,"url":"https:\/\/le-fort.org\/cocina\/sandwich-vegetariano-de-berenjena-tomate-y-mozarella\/","url_meta":{"origin":5483,"position":2},"title":"Sandwich Vegetariano de Berenjena, Tomate y Mozarella","author":"Maestro Sanguchero","date":"17 de Septiembre, 2014","format":false,"excerpt":"S\u00e1nguche vegetariano de Berenjena, tomate, queso mozarell ay albahaca en pan baguette. Delicioso.","rel":"","context":"En &quot;Hecho en casa&quot;","block_context":{"text":"Hecho en casa","link":"https:\/\/le-fort.org\/cocina\/categoria\/hecho-en-casa\/"},"img":{"alt_text":"S\u00e1nguche de berenjena, tomate y mozarella en baguette. Lo recomendamos.","src":"https:\/\/i0.wp.com\/www.le-fort.org\/wp-content\/uploads\/2014\/09\/sanguche-berenjena.jpg?resize=350%2C200&ssl=1","width":350,"height":200,"srcset":"https:\/\/i0.wp.com\/www.le-fort.org\/wp-content\/uploads\/2014\/09\/sanguche-berenjena.jpg?resize=350%2C200&ssl=1 1x, https:\/\/i0.wp.com\/www.le-fort.org\/wp-content\/uploads\/2014\/09\/sanguche-berenjena.jpg?resize=525%2C300&ssl=1 1.5x, https:\/\/i0.wp.com\/www.le-fort.org\/wp-content\/uploads\/2014\/09\/sanguche-berenjena.jpg?resize=700%2C400&ssl=1 2x"},"classes":[]},{"id":5019,"url":"https:\/\/le-fort.org\/cocina\/malai-kofta-albondigas-vegetarianas-en-salsa\/","url_meta":{"origin":5483,"position":3},"title":"Malai Kofta: Alb\u00f3ndigas Vegetarianas en Salsa","author":"Le-Fort.org","date":"16 de Noviembre, 2013","format":false,"excerpt":"Receta de Malai Kofta, alb\u00f3ndigas de papa con queso, fritas y luego servidas en una salsa de tomate, crema y jengibre.","rel":"","context":"En &quot;Recetas&quot;","block_context":{"text":"Recetas","link":"https:\/\/le-fort.org\/cocina\/categoria\/recetas\/"},"img":{"alt_text":"","src":"https:\/\/i0.wp.com\/le-fort.org\/cocina\/wp-content\/uploads\/2013\/11\/malai-kofta-hd.jpg?fit=1200%2C400&ssl=1&resize=350%2C200","width":350,"height":200,"srcset":"https:\/\/i0.wp.com\/le-fort.org\/cocina\/wp-content\/uploads\/2013\/11\/malai-kofta-hd.jpg?fit=1200%2C400&ssl=1&resize=350%2C200 1x, https:\/\/i0.wp.com\/le-fort.org\/cocina\/wp-content\/uploads\/2013\/11\/malai-kofta-hd.jpg?fit=1200%2C400&ssl=1&resize=525%2C300 1.5x, https:\/\/i0.wp.com\/le-fort.org\/cocina\/wp-content\/uploads\/2013\/11\/malai-kofta-hd.jpg?fit=1200%2C400&ssl=1&resize=700%2C400 2x, https:\/\/i0.wp.com\/le-fort.org\/cocina\/wp-content\/uploads\/2013\/11\/malai-kofta-hd.jpg?fit=1200%2C400&ssl=1&resize=1050%2C600 3x"},"classes":[]},{"id":1168,"url":"https:\/\/le-fort.org\/cocina\/sushipleto\/","url_meta":{"origin":5483,"position":4},"title":"Sushipleto \u2013 H\u00edbrido entre Hot-Dog y Sushi","author":"Maestro Sanguchero","date":"16 de Julio, 2013","format":false,"excerpt":"Os damos nuestra receta de sushipleto, o pletomaki, o sushi-dog. En fin, es cosa de gustos","rel":"","context":"En &quot;Hot-Dogs&quot;","block_context":{"text":"Hot-Dogs","link":"https:\/\/le-fort.org\/cocina\/categoria\/hot-dogs\/"},"img":{"alt_text":"","src":"https:\/\/i0.wp.com\/le-fort.org\/cocina\/wp-content\/uploads\/2013\/07\/sushipleto-hd.jpg?fit=1200%2C400&ssl=1&resize=350%2C200","width":350,"height":200,"srcset":"https:\/\/i0.wp.com\/le-fort.org\/cocina\/wp-content\/uploads\/2013\/07\/sushipleto-hd.jpg?fit=1200%2C400&ssl=1&resize=350%2C200 1x, https:\/\/i0.wp.com\/le-fort.org\/cocina\/wp-content\/uploads\/2013\/07\/sushipleto-hd.jpg?fit=1200%2C400&ssl=1&resize=525%2C300 1.5x, https:\/\/i0.wp.com\/le-fort.org\/cocina\/wp-content\/uploads\/2013\/07\/sushipleto-hd.jpg?fit=1200%2C400&ssl=1&resize=700%2C400 2x, https:\/\/i0.wp.com\/le-fort.org\/cocina\/wp-content\/uploads\/2013\/07\/sushipleto-hd.jpg?fit=1200%2C400&ssl=1&resize=1050%2C600 3x"},"classes":[]},{"id":7389,"url":"https:\/\/le-fort.org\/cocina\/kyoto-sushi-en-salinas-ecuador\/","url_meta":{"origin":5483,"position":5},"title":"Kyoto: Sushi en Salinas, Ecuador","author":"Le-Fort.org","date":"21 de Enero, 2016","format":false,"excerpt":"Fuimos a comer sushi al restaurant Kyoto, del hotel Barcel\u00f3 en Salinas. Como somos hambrientos fuimos a los famosos mi\u00e9rcoles 2x1, en los que sirven una selecci\u00f3n limitada de la carta en modalidad 2x1. Llegamos entre las 20:30 y las 21:00 y el local ten\u00eda gente, sin estar lleno. Quiz\u00e1\u2026","rel":"","context":"En &quot;Ecuador&quot;","block_context":{"text":"Ecuador","link":"https:\/\/le-fort.org\/cocina\/categoria\/ecuador\/"},"img":{"alt_text":"","src":"https:\/\/i0.wp.com\/le-fort.org\/cocina\/wp-content\/uploads\/2016\/01\/kyoto-hd2.jpg?fit=1200%2C400&ssl=1&resize=350%2C200","width":350,"height":200,"srcset":"https:\/\/i0.wp.com\/le-fort.org\/cocina\/wp-content\/uploads\/2016\/01\/kyoto-hd2.jpg?fit=1200%2C400&ssl=1&resize=350%2C200 1x, https:\/\/i0.wp.com\/le-fort.org\/cocina\/wp-content\/uploads\/2016\/01\/kyoto-hd2.jpg?fit=1200%2C400&ssl=1&resize=525%2C300 1.5x, https:\/\/i0.wp.com\/le-fort.org\/cocina\/wp-content\/uploads\/2016\/01\/kyoto-hd2.jpg?fit=1200%2C400&ssl=1&resize=700%2C400 2x, https:\/\/i0.wp.com\/le-fort.org\/cocina\/wp-content\/uploads\/2016\/01\/kyoto-hd2.jpg?fit=1200%2C400&ssl=1&resize=1050%2C600 3x"},"classes":[]}],"_links":{"self":[{"href":"https:\/\/le-fort.org\/cocina\/wp-json\/wp\/v2\/posts\/5483","targetHints":{"allow":["GET"]}}],"collection":[{"href":"https:\/\/le-fort.org\/cocina\/wp-json\/wp\/v2\/posts"}],"about":[{"href":"https:\/\/le-fort.org\/cocina\/wp-json\/wp\/v2\/types\/post"}],"author":[{"embeddable":true,"href":"https:\/\/le-fort.org\/cocina\/wp-json\/wp\/v2\/users\/1"}],"replies":[{"embeddable":true,"href":"https:\/\/le-fort.org\/cocina\/wp-json\/wp\/v2\/comments?post=5483"}],"version-history":[{"count":0,"href":"https:\/\/le-fort.org\/cocina\/wp-json\/wp\/v2\/posts\/5483\/revisions"}],"wp:featuredmedia":[{"embeddable":true,"href":"https:\/\/le-fort.org\/cocina\/wp-json\/wp\/v2\/media\/5487"}],"wp:attachment":[{"href":"https:\/\/le-fort.org\/cocina\/wp-json\/wp\/v2\/media?parent=5483"}],"wp:term":[{"taxonomy":"category","embeddable":true,"href":"https:\/\/le-fort.org\/cocina\/wp-json\/wp\/v2\/categories?post=5483"},{"taxonomy":"post_tag","embeddable":true,"href":"https:\/\/le-fort.org\/cocina\/wp-json\/wp\/v2\/tags?post=5483"}],"curies":[{"name":"wp","href":"https:\/\/api.w.org\/{rel}","templated":true}]}}