{"id":5592,"date":"2014-08-16T21:22:16","date_gmt":"2014-08-17T02:22:16","guid":{"rendered":"http:\/\/www.loquecomemos.com\/?p=5592"},"modified":"2014-08-16T21:22:16","modified_gmt":"2014-08-17T02:22:16","slug":"trocitos-de-cafe-cubiertos-de-chocolate-de-republica-del-cacao","status":"publish","type":"post","link":"https:\/\/le-fort.org\/cocina\/trocitos-de-cafe-cubiertos-de-chocolate-de-republica-del-cacao\/","title":{"rendered":"Trocitos de Caf\u00e9 Cubiertos de Chocolate de Rep\u00fablica del Cacao."},"content":{"rendered":"<p><img data-recalc-dims=\"1\" loading=\"lazy\" decoding=\"async\" data-attachment-id=\"5593\" data-permalink=\"https:\/\/le-fort.org\/cocina\/trocitos-de-cafe-cubiertos-de-chocolate-de-republica-del-cacao\/nibs\/\" data-orig-file=\"https:\/\/i0.wp.com\/le-fort.org\/cocina\/wp-content\/uploads\/2014\/08\/nibs.jpg?fit=700%2C500&amp;ssl=1\" data-orig-size=\"700,500\" data-comments-opened=\"0\" data-image-meta=\"{&quot;aperture&quot;:&quot;0&quot;,&quot;credit&quot;:&quot;&quot;,&quot;camera&quot;:&quot;&quot;,&quot;caption&quot;:&quot;&quot;,&quot;created_timestamp&quot;:&quot;0&quot;,&quot;copyright&quot;:&quot;&quot;,&quot;focal_length&quot;:&quot;0&quot;,&quot;iso&quot;:&quot;0&quot;,&quot;shutter_speed&quot;:&quot;0&quot;,&quot;title&quot;:&quot;&quot;,&quot;orientation&quot;:&quot;0&quot;}\" data-image-title=\"nibs\" data-image-description=\"\" data-image-caption=\"\" data-large-file=\"https:\/\/i0.wp.com\/le-fort.org\/cocina\/wp-content\/uploads\/2014\/08\/nibs.jpg?fit=700%2C500&amp;ssl=1\" class=\"aligncenter size-full wp-image-5593\" src=\"https:\/\/i0.wp.com\/www.le-fort.org\/wp-content\/uploads\/2014\/08\/nibs.jpg?resize=700%2C500&#038;ssl=1\" alt=\"nibs\" width=\"700\" height=\"500\" srcset=\"https:\/\/i0.wp.com\/le-fort.org\/cocina\/wp-content\/uploads\/2014\/08\/nibs.jpg?w=700&amp;ssl=1 700w, https:\/\/i0.wp.com\/le-fort.org\/cocina\/wp-content\/uploads\/2014\/08\/nibs.jpg?resize=600%2C429&amp;ssl=1 600w\" sizes=\"auto, (max-width: 700px) 100vw, 700px\" \/><\/p>\n<p>Unos amigos vinieron a comer y nos trajeron, muy acertadamente, unos chocolates de nuestros conocidos chocolateros Rep\u00fablica del Cacao. Son trocitos de granos de caf\u00e9 cubiertos de chocolate.<!--more--><\/p>\n<p>Nos gustaron mucho y los consideramos muy superiores a otros caf\u00e9 cubiertos de chocolate que conoc\u00edamos, que son medio grano de caf\u00e9 recubierto de chocolate. Esta idea de usar trozos m\u00e1s peque\u00f1os de caf\u00e9 nos gust\u00f3 much\u00edsimo m\u00e1s.<\/p>\n<p>Ten\u00edamos altas expectativas despu\u00e9s de nuestras anteriores experiencias con Rep\u00fablica del Cacao y nuestras expectativas fueron satisfechas. Muy buenos.<\/p>\n<p>No son para comer muchos de una sola vez, pero eso es bueno. As\u00ed duran m\u00e1s \ud83d\ude09<\/p>\n<p>[fin]<\/p>\n","protected":false},"excerpt":{"rendered":"<p>Trocitos de granos de caf\u00e9 cubiertos de chocolate de Rep\u00fablica del Cacao<\/p>\n","protected":false},"author":1,"featured_media":5594,"comment_status":"open","ping_status":"closed","sticky":false,"template":"","format":"standard","meta":{"_jetpack_newsletter_access":"","_jetpack_dont_email_post_to_subs":false,"_jetpack_newsletter_tier_id":0,"_jetpack_memberships_contains_paywalled_content":false,"_jetpack_memberships_contains_paid_content":false,"footnotes":""},"categories":[40],"tags":[358,220,239],"class_list":["post-5592","post","type-post","status-publish","format-standard","has-post-thumbnail","hentry","category-chocolate","tag-chocolate","tag-chocolate-ecuatoriano","tag-republica-del-cacao","entry","has-media"],"jetpack_featured_media_url":"https:\/\/i0.wp.com\/le-fort.org\/cocina\/wp-content\/uploads\/2014\/08\/nibs-hd.jpg?fit=1200%2C400&ssl=1","jetpack_shortlink":"https:\/\/wp.me\/pghKer-1sc","jetpack_sharing_enabled":true,"jetpack-related-posts":[{"id":5524,"url":"https:\/\/le-fort.org\/cocina\/chocolate-ecuatoriano-republica-del-cacao-75-vinces\/","url_meta":{"origin":5592,"position":0},"title":"Chocolate Ecuatoriano: Rep\u00fablica del Cacao 75% Vinces","author":"Le-Fort.org","date":"28 de Junio, 2014","format":false,"excerpt":"Comentarios sobre la barra de chocolate Rep\u00fablica del Cacao 75% Vinces. Nos gust\u00f3 much\u00edsimo.","rel":"","context":"En &quot;Chocolate&quot;","block_context":{"text":"Chocolate","link":"https:\/\/le-fort.org\/cocina\/categoria\/chocolate\/"},"img":{"alt_text":"","src":"https:\/\/i0.wp.com\/le-fort.org\/cocina\/wp-content\/uploads\/2014\/06\/repcacao-75-hd.jpg?fit=1200%2C400&ssl=1&resize=350%2C200","width":350,"height":200,"srcset":"https:\/\/i0.wp.com\/le-fort.org\/cocina\/wp-content\/uploads\/2014\/06\/repcacao-75-hd.jpg?fit=1200%2C400&ssl=1&resize=350%2C200 1x, https:\/\/i0.wp.com\/le-fort.org\/cocina\/wp-content\/uploads\/2014\/06\/repcacao-75-hd.jpg?fit=1200%2C400&ssl=1&resize=525%2C300 1.5x, https:\/\/i0.wp.com\/le-fort.org\/cocina\/wp-content\/uploads\/2014\/06\/repcacao-75-hd.jpg?fit=1200%2C400&ssl=1&resize=700%2C400 2x, https:\/\/i0.wp.com\/le-fort.org\/cocina\/wp-content\/uploads\/2014\/06\/repcacao-75-hd.jpg?fit=1200%2C400&ssl=1&resize=1050%2C600 3x"},"classes":[]},{"id":5403,"url":"https:\/\/le-fort.org\/cocina\/queque-vegano-de-chocolate-y-platano\/","url_meta":{"origin":5592,"position":1},"title":"Queque Vegano de Chocolate y Pl\u00e1tano","author":"Le-Fort.org","date":"16 de Abril, 2014","format":false,"excerpt":"Receta de queque vegano de chocolate con pl\u00e1tano. Lo curioso es que tiene un poco de vinagre, pero queda excelente.","rel":"","context":"En &quot;Recetas&quot;","block_context":{"text":"Recetas","link":"https:\/\/le-fort.org\/cocina\/categoria\/recetas\/"},"img":{"alt_text":"","src":"https:\/\/i0.wp.com\/le-fort.org\/cocina\/wp-content\/uploads\/2014\/04\/queque-vegano-platano-chocolate-hd.jpg?fit=1200%2C400&ssl=1&resize=350%2C200","width":350,"height":200,"srcset":"https:\/\/i0.wp.com\/le-fort.org\/cocina\/wp-content\/uploads\/2014\/04\/queque-vegano-platano-chocolate-hd.jpg?fit=1200%2C400&ssl=1&resize=350%2C200 1x, https:\/\/i0.wp.com\/le-fort.org\/cocina\/wp-content\/uploads\/2014\/04\/queque-vegano-platano-chocolate-hd.jpg?fit=1200%2C400&ssl=1&resize=525%2C300 1.5x, https:\/\/i0.wp.com\/le-fort.org\/cocina\/wp-content\/uploads\/2014\/04\/queque-vegano-platano-chocolate-hd.jpg?fit=1200%2C400&ssl=1&resize=700%2C400 2x, https:\/\/i0.wp.com\/le-fort.org\/cocina\/wp-content\/uploads\/2014\/04\/queque-vegano-platano-chocolate-hd.jpg?fit=1200%2C400&ssl=1&resize=1050%2C600 3x"},"classes":[]},{"id":5396,"url":"https:\/\/le-fort.org\/cocina\/chocolate-ecuatoriano-kallari-70\/","url_meta":{"origin":5592,"position":2},"title":"Chocolate Ecuatoriano: Kallari 70% de Cacao","author":"Le-Fort.org","date":"12 de Abril, 2014","format":false,"excerpt":"Opiniones sobre el chocolate Kallari 70% de origen Ecuatoriano. Rico, suave, con fuerte sabor a chocolate, notas de caramelo y sin esa acidez que a veces acompa\u00f1a al chocolate amargo.","rel":"","context":"En &quot;Chocolate&quot;","block_context":{"text":"Chocolate","link":"https:\/\/le-fort.org\/cocina\/categoria\/chocolate\/"},"img":{"alt_text":"","src":"https:\/\/i0.wp.com\/le-fort.org\/cocina\/wp-content\/uploads\/2014\/04\/kallari-70-hd.jpg?fit=1200%2C400&ssl=1&resize=350%2C200","width":350,"height":200,"srcset":"https:\/\/i0.wp.com\/le-fort.org\/cocina\/wp-content\/uploads\/2014\/04\/kallari-70-hd.jpg?fit=1200%2C400&ssl=1&resize=350%2C200 1x, https:\/\/i0.wp.com\/le-fort.org\/cocina\/wp-content\/uploads\/2014\/04\/kallari-70-hd.jpg?fit=1200%2C400&ssl=1&resize=525%2C300 1.5x, https:\/\/i0.wp.com\/le-fort.org\/cocina\/wp-content\/uploads\/2014\/04\/kallari-70-hd.jpg?fit=1200%2C400&ssl=1&resize=700%2C400 2x, https:\/\/i0.wp.com\/le-fort.org\/cocina\/wp-content\/uploads\/2014\/04\/kallari-70-hd.jpg?fit=1200%2C400&ssl=1&resize=1050%2C600 3x"},"classes":[]},{"id":5492,"url":"https:\/\/le-fort.org\/cocina\/chocolate-ecuatoriano-caoni-55-de-cacao\/","url_meta":{"origin":5592,"position":3},"title":"Chocolate Ecuatoriano: Caoni 55% de Cacao","author":"Le-Fort.org","date":"27 de Mayo, 2014","format":false,"excerpt":"Comentarios sobre la barra de chocolate ecuatoriano Caoni 55%","rel":"","context":"En &quot;Chocolate&quot;","block_context":{"text":"Chocolate","link":"https:\/\/le-fort.org\/cocina\/categoria\/chocolate\/"},"img":{"alt_text":"","src":"https:\/\/i0.wp.com\/le-fort.org\/cocina\/wp-content\/uploads\/2014\/05\/caoni-55-hd.jpg?fit=1200%2C400&ssl=1&resize=350%2C200","width":350,"height":200,"srcset":"https:\/\/i0.wp.com\/le-fort.org\/cocina\/wp-content\/uploads\/2014\/05\/caoni-55-hd.jpg?fit=1200%2C400&ssl=1&resize=350%2C200 1x, https:\/\/i0.wp.com\/le-fort.org\/cocina\/wp-content\/uploads\/2014\/05\/caoni-55-hd.jpg?fit=1200%2C400&ssl=1&resize=525%2C300 1.5x, https:\/\/i0.wp.com\/le-fort.org\/cocina\/wp-content\/uploads\/2014\/05\/caoni-55-hd.jpg?fit=1200%2C400&ssl=1&resize=700%2C400 2x, https:\/\/i0.wp.com\/le-fort.org\/cocina\/wp-content\/uploads\/2014\/05\/caoni-55-hd.jpg?fit=1200%2C400&ssl=1&resize=1050%2C600 3x"},"classes":[]},{"id":23,"url":"https:\/\/le-fort.org\/cocina\/heladeria-sorbetto-de-salinas-santa-elena-ecuador\/","url_meta":{"origin":5592,"position":4},"title":"Helader\u00eda Sorbetto de Salinas, Santa Elena, Ecuador","author":"Le-Fort.org","date":"28 de Abril, 2013","format":false,"excerpt":"La helader\u00eda Sorbetto de Salinas tiene helados notables. Les mostramos la Copa Scandalo","rel":"","context":"En &quot;Helader\u00edas&quot;","block_context":{"text":"Helader\u00edas","link":"https:\/\/le-fort.org\/cocina\/categoria\/heladerias\/"},"img":{"alt_text":"","src":"https:\/\/i0.wp.com\/le-fort.org\/cocina\/wp-content\/uploads\/2013\/04\/head.jpg?fit=800%2C300&ssl=1&resize=350%2C200","width":350,"height":200,"srcset":"https:\/\/i0.wp.com\/le-fort.org\/cocina\/wp-content\/uploads\/2013\/04\/head.jpg?fit=800%2C300&ssl=1&resize=350%2C200 1x, https:\/\/i0.wp.com\/le-fort.org\/cocina\/wp-content\/uploads\/2013\/04\/head.jpg?fit=800%2C300&ssl=1&resize=525%2C300 1.5x, https:\/\/i0.wp.com\/le-fort.org\/cocina\/wp-content\/uploads\/2013\/04\/head.jpg?fit=800%2C300&ssl=1&resize=700%2C400 2x"},"classes":[]},{"id":4994,"url":"https:\/\/le-fort.org\/cocina\/pie-de-chocolate-rapido\/","url_meta":{"origin":5592,"position":5},"title":"Pie de Chocolate r\u00e1pido","author":"Le-Fort.org","date":"4 de Noviembre, 2013","format":false,"excerpt":"Receta de pie r\u00e1pido de chocolate","rel":"","context":"En &quot;Recetas&quot;","block_context":{"text":"Recetas","link":"https:\/\/le-fort.org\/cocina\/categoria\/recetas\/"},"img":{"alt_text":"","src":"https:\/\/i0.wp.com\/le-fort.org\/cocina\/wp-content\/uploads\/2013\/11\/pie-de-chocolate-hd.jpg?fit=1200%2C420&ssl=1&resize=350%2C200","width":350,"height":200,"srcset":"https:\/\/i0.wp.com\/le-fort.org\/cocina\/wp-content\/uploads\/2013\/11\/pie-de-chocolate-hd.jpg?fit=1200%2C420&ssl=1&resize=350%2C200 1x, https:\/\/i0.wp.com\/le-fort.org\/cocina\/wp-content\/uploads\/2013\/11\/pie-de-chocolate-hd.jpg?fit=1200%2C420&ssl=1&resize=525%2C300 1.5x, https:\/\/i0.wp.com\/le-fort.org\/cocina\/wp-content\/uploads\/2013\/11\/pie-de-chocolate-hd.jpg?fit=1200%2C420&ssl=1&resize=700%2C400 2x, https:\/\/i0.wp.com\/le-fort.org\/cocina\/wp-content\/uploads\/2013\/11\/pie-de-chocolate-hd.jpg?fit=1200%2C420&ssl=1&resize=1050%2C600 3x"},"classes":[]}],"_links":{"self":[{"href":"https:\/\/le-fort.org\/cocina\/wp-json\/wp\/v2\/posts\/5592","targetHints":{"allow":["GET"]}}],"collection":[{"href":"https:\/\/le-fort.org\/cocina\/wp-json\/wp\/v2\/posts"}],"about":[{"href":"https:\/\/le-fort.org\/cocina\/wp-json\/wp\/v2\/types\/post"}],"author":[{"embeddable":true,"href":"https:\/\/le-fort.org\/cocina\/wp-json\/wp\/v2\/users\/1"}],"replies":[{"embeddable":true,"href":"https:\/\/le-fort.org\/cocina\/wp-json\/wp\/v2\/comments?post=5592"}],"version-history":[{"count":0,"href":"https:\/\/le-fort.org\/cocina\/wp-json\/wp\/v2\/posts\/5592\/revisions"}],"wp:featuredmedia":[{"embeddable":true,"href":"https:\/\/le-fort.org\/cocina\/wp-json\/wp\/v2\/media\/5594"}],"wp:attachment":[{"href":"https:\/\/le-fort.org\/cocina\/wp-json\/wp\/v2\/media?parent=5592"}],"wp:term":[{"taxonomy":"category","embeddable":true,"href":"https:\/\/le-fort.org\/cocina\/wp-json\/wp\/v2\/categories?post=5592"},{"taxonomy":"post_tag","embeddable":true,"href":"https:\/\/le-fort.org\/cocina\/wp-json\/wp\/v2\/tags?post=5592"}],"curies":[{"name":"wp","href":"https:\/\/api.w.org\/{rel}","templated":true}]}}