{"id":5597,"date":"2014-08-17T20:30:27","date_gmt":"2014-08-18T01:30:27","guid":{"rendered":"http:\/\/www.loquecomemos.com\/?p=5597"},"modified":"2021-12-07T21:27:28","modified_gmt":"2021-12-08T02:27:28","slug":"comiendo-indio-con-amigos","status":"publish","type":"post","link":"https:\/\/le-fort.org\/cocina\/comiendo-indio-con-amigos\/","title":{"rendered":"Comiendo Indio con Amigos"},"content":{"rendered":"<p>Hac\u00eda un tiempo que no cocin\u00e1bamos comida india.<\/p>\n<p><img data-recalc-dims=\"1\" loading=\"lazy\" decoding=\"async\" data-attachment-id=\"3673\" data-permalink=\"https:\/\/le-fort.org\/cocina\/pan-plano-chapati\/2013-04-05_14-38-54_571\/\" data-orig-file=\"https:\/\/i0.wp.com\/le-fort.org\/cocina\/wp-content\/uploads\/2013\/04\/2013-04-05_14-38-54_571.jpg?fit=800%2C600&amp;ssl=1\" data-orig-size=\"800,600\" data-comments-opened=\"0\" data-image-meta=\"{&quot;aperture&quot;:&quot;2.4&quot;,&quot;credit&quot;:&quot;Picasa&quot;,&quot;camera&quot;:&quot;MB865&quot;,&quot;caption&quot;:&quot;&quot;,&quot;created_timestamp&quot;:&quot;1365190734&quot;,&quot;copyright&quot;:&quot;&quot;,&quot;focal_length&quot;:&quot;4.6&quot;,&quot;iso&quot;:&quot;282&quot;,&quot;shutter_speed&quot;:&quot;0.058308&quot;,&quot;title&quot;:&quot;&quot;,&quot;orientation&quot;:&quot;0&quot;}\" data-image-title=\"Chapatis con Murgh Shahi Korma\" data-image-description=\"\" data-image-caption=\"\" data-large-file=\"https:\/\/i0.wp.com\/le-fort.org\/cocina\/wp-content\/uploads\/2013\/04\/2013-04-05_14-38-54_571.jpg?fit=800%2C600&amp;ssl=1\" class=\"aligncenter size-full wp-image-3673\" src=\"https:\/\/i0.wp.com\/www.le-fort.org\/wp-content\/uploads\/2013\/04\/2013-04-05_14-38-54_571.jpg?resize=800%2C600&#038;ssl=1\" alt=\"Chapatis con Murgh Shahi Korma\" width=\"800\" height=\"600\" srcset=\"https:\/\/i0.wp.com\/le-fort.org\/cocina\/wp-content\/uploads\/2013\/04\/2013-04-05_14-38-54_571.jpg?w=800&amp;ssl=1 800w, https:\/\/i0.wp.com\/le-fort.org\/cocina\/wp-content\/uploads\/2013\/04\/2013-04-05_14-38-54_571.jpg?resize=600%2C450&amp;ssl=1 600w\" sizes=\"auto, (max-width: 800px) 100vw, 800px\" \/><\/p>\n<p>Tuvimos oportunidad de hacerlo invitando amistades\u00a0a conocer la comida india. Fuimos muy felices cocinando y comiendo.<\/p>\n<p>Cocinamos para gente con poca experiencia en comida india, y el dise\u00f1o lo reflej\u00f3.<\/p>\n<p>\u00bfQu\u00e9 preparamos?<!--more--><\/p>\n<ul>\n<li style=\"clear: both;\"><a href=\"https:\/\/le-fort.org\/mattar-paneer-curry-de-arvejitas-y-queso\/\"><img data-recalc-dims=\"1\" loading=\"lazy\" decoding=\"async\" data-attachment-id=\"3657\" data-permalink=\"https:\/\/le-fort.org\/cocina\/mattar-paneer-curry-de-arvejitas-y-queso\/mattar-paneer\/\" data-orig-file=\"https:\/\/i0.wp.com\/le-fort.org\/cocina\/wp-content\/uploads\/2013\/05\/mattar-paneer.jpg?fit=600%2C450&amp;ssl=1\" data-orig-size=\"600,450\" data-comments-opened=\"0\" data-image-meta=\"{&quot;aperture&quot;:&quot;0&quot;,&quot;credit&quot;:&quot;&quot;,&quot;camera&quot;:&quot;&quot;,&quot;caption&quot;:&quot;&quot;,&quot;created_timestamp&quot;:&quot;0&quot;,&quot;copyright&quot;:&quot;&quot;,&quot;focal_length&quot;:&quot;0&quot;,&quot;iso&quot;:&quot;0&quot;,&quot;shutter_speed&quot;:&quot;0&quot;,&quot;title&quot;:&quot;&quot;,&quot;orientation&quot;:&quot;0&quot;}\" data-image-title=\"mattar-paneer\" data-image-description=\"\" data-image-caption=\"\" data-large-file=\"https:\/\/i0.wp.com\/le-fort.org\/cocina\/wp-content\/uploads\/2013\/05\/mattar-paneer.jpg?fit=600%2C450&amp;ssl=1\" class=\"alignright wp-image-3657 size-thumbnail\" src=\"https:\/\/i0.wp.com\/www.le-fort.org\/wp-content\/uploads\/2013\/05\/mattar-paneer-150x150.jpg?resize=150%2C150&#038;ssl=1\" alt=\"mattar-paneer\" width=\"150\" height=\"150\" srcset=\"https:\/\/i0.wp.com\/le-fort.org\/cocina\/wp-content\/uploads\/2013\/05\/mattar-paneer.jpg?resize=150%2C150&amp;ssl=1 150w, https:\/\/i0.wp.com\/le-fort.org\/cocina\/wp-content\/uploads\/2013\/05\/mattar-paneer.jpg?zoom=2&amp;resize=150%2C150&amp;ssl=1 300w, https:\/\/i0.wp.com\/le-fort.org\/cocina\/wp-content\/uploads\/2013\/05\/mattar-paneer.jpg?zoom=3&amp;resize=150%2C150&amp;ssl=1 450w\" sizes=\"auto, (max-width: 150px) 100vw, 150px\" \/><\/a><a title=\"Mattar Paneer: Curry de Arvejitas y Queso\" href=\"http:\/\/www.loquecomemos.com\/mattar-paneer-curry-de-arvejitas-y-queso\/\">Mattar Paneer<br \/>\n<\/a>El mattar paneer es un curry vegetariano de arvejitas con queso frito.<\/li>\n<li style=\"clear: both;\"><a href=\"https:\/\/www.le-fort.org\/receta-de-rogan-josh-comida-india\/\"><img data-recalc-dims=\"1\" loading=\"lazy\" decoding=\"async\" data-attachment-id=\"5600\" data-permalink=\"https:\/\/le-fort.org\/cocina\/comiendo-indio-con-amigos\/roganjosh\/\" data-orig-file=\"https:\/\/i0.wp.com\/le-fort.org\/cocina\/wp-content\/uploads\/2014\/08\/roganjosh.jpg?fit=700%2C500&amp;ssl=1\" data-orig-size=\"700,500\" data-comments-opened=\"0\" data-image-meta=\"{&quot;aperture&quot;:&quot;0&quot;,&quot;credit&quot;:&quot;&quot;,&quot;camera&quot;:&quot;&quot;,&quot;caption&quot;:&quot;&quot;,&quot;created_timestamp&quot;:&quot;0&quot;,&quot;copyright&quot;:&quot;&quot;,&quot;focal_length&quot;:&quot;0&quot;,&quot;iso&quot;:&quot;0&quot;,&quot;shutter_speed&quot;:&quot;0&quot;,&quot;title&quot;:&quot;&quot;,&quot;orientation&quot;:&quot;0&quot;}\" data-image-title=\"roganjosh\" data-image-description=\"\" data-image-caption=\"&lt;p&gt;Rogan Josh con arroz blanco.&lt;\/p&gt;\n\" data-large-file=\"https:\/\/i0.wp.com\/le-fort.org\/cocina\/wp-content\/uploads\/2014\/08\/roganjosh.jpg?fit=700%2C500&amp;ssl=1\" class=\"alignright size-thumbnail wp-image-5600\" src=\"https:\/\/i0.wp.com\/www.le-fort.org\/wp-content\/uploads\/2014\/08\/roganjosh-150x150.jpg?resize=150%2C150&#038;ssl=1\" alt=\"roganjosh\" width=\"150\" height=\"150\" srcset=\"https:\/\/i0.wp.com\/le-fort.org\/cocina\/wp-content\/uploads\/2014\/08\/roganjosh.jpg?resize=150%2C150&amp;ssl=1 150w, https:\/\/i0.wp.com\/le-fort.org\/cocina\/wp-content\/uploads\/2014\/08\/roganjosh.jpg?zoom=2&amp;resize=150%2C150&amp;ssl=1 300w, https:\/\/i0.wp.com\/le-fort.org\/cocina\/wp-content\/uploads\/2014\/08\/roganjosh.jpg?zoom=3&amp;resize=150%2C150&amp;ssl=1 450w\" sizes=\"auto, (max-width: 150px) 100vw, 150px\" \/><\/a><a title=\"Receta de Rogan Josh (comida india)\" href=\"https:\/\/www.le-fort.org\/receta-de-rogan-josh-comida-india\/\">Rogan Josh<\/a><br \/>\nEl Rogan Josh es un curry de carne con tomates (si bien la versi\u00f3n original es de cordero y sin tomates) que es una delicia.<\/li>\n<li style=\"clear: both;\"><img data-recalc-dims=\"1\" loading=\"lazy\" decoding=\"async\" data-attachment-id=\"3673\" data-permalink=\"https:\/\/le-fort.org\/cocina\/pan-plano-chapati\/2013-04-05_14-38-54_571\/\" data-orig-file=\"https:\/\/i0.wp.com\/le-fort.org\/cocina\/wp-content\/uploads\/2013\/04\/2013-04-05_14-38-54_571.jpg?fit=800%2C600&amp;ssl=1\" data-orig-size=\"800,600\" data-comments-opened=\"0\" data-image-meta=\"{&quot;aperture&quot;:&quot;2.4&quot;,&quot;credit&quot;:&quot;Picasa&quot;,&quot;camera&quot;:&quot;MB865&quot;,&quot;caption&quot;:&quot;&quot;,&quot;created_timestamp&quot;:&quot;1365190734&quot;,&quot;copyright&quot;:&quot;&quot;,&quot;focal_length&quot;:&quot;4.6&quot;,&quot;iso&quot;:&quot;282&quot;,&quot;shutter_speed&quot;:&quot;0.058308&quot;,&quot;title&quot;:&quot;&quot;,&quot;orientation&quot;:&quot;0&quot;}\" data-image-title=\"Chapatis con Murgh Shahi Korma\" data-image-description=\"\" data-image-caption=\"\" data-large-file=\"https:\/\/i0.wp.com\/le-fort.org\/cocina\/wp-content\/uploads\/2013\/04\/2013-04-05_14-38-54_571.jpg?fit=800%2C600&amp;ssl=1\" class=\"alignright size-thumbnail wp-image-3673\" src=\"https:\/\/i0.wp.com\/www.le-fort.org\/wp-content\/uploads\/2013\/04\/2013-04-05_14-38-54_571-150x150.jpg?resize=150%2C150&#038;ssl=1\" alt=\"Chapatis con Murgh Shahi Korma\" width=\"150\" height=\"150\" srcset=\"https:\/\/i0.wp.com\/le-fort.org\/cocina\/wp-content\/uploads\/2013\/04\/2013-04-05_14-38-54_571.jpg?resize=150%2C150&amp;ssl=1 150w, https:\/\/i0.wp.com\/le-fort.org\/cocina\/wp-content\/uploads\/2013\/04\/2013-04-05_14-38-54_571.jpg?zoom=2&amp;resize=150%2C150&amp;ssl=1 300w, https:\/\/i0.wp.com\/le-fort.org\/cocina\/wp-content\/uploads\/2013\/04\/2013-04-05_14-38-54_571.jpg?zoom=3&amp;resize=150%2C150&amp;ssl=1 450w\" sizes=\"auto, (max-width: 150px) 100vw, 150px\" \/>Murgh Shahi Korma<br \/>\nEste plato es un curry de pollo con almendras, yoghurt y cardamomo. Es novedoso pero no de sabor fuerte, y es excelente para gente no familiarizada con la cocina india.<\/li>\n<li style=\"clear: both;\"><a href=\"https:\/\/le-fort.org\/makhani-masala-salsa-india-de-tomates-y-mantequilla\/\"><img data-recalc-dims=\"1\" loading=\"lazy\" decoding=\"async\" data-attachment-id=\"5541\" data-permalink=\"https:\/\/le-fort.org\/cocina\/makhani-masala-salsa-india-de-tomates-y-mantequilla\/kofta-makhani\/\" data-orig-file=\"https:\/\/i0.wp.com\/le-fort.org\/cocina\/wp-content\/uploads\/2014\/06\/kofta-makhani.jpg?fit=700%2C500&amp;ssl=1\" data-orig-size=\"700,500\" data-comments-opened=\"0\" data-image-meta=\"{&quot;aperture&quot;:&quot;0&quot;,&quot;credit&quot;:&quot;&quot;,&quot;camera&quot;:&quot;&quot;,&quot;caption&quot;:&quot;&quot;,&quot;created_timestamp&quot;:&quot;0&quot;,&quot;copyright&quot;:&quot;&quot;,&quot;focal_length&quot;:&quot;0&quot;,&quot;iso&quot;:&quot;0&quot;,&quot;shutter_speed&quot;:&quot;0&quot;,&quot;title&quot;:&quot;&quot;,&quot;orientation&quot;:&quot;0&quot;}\" data-image-title=\"kofta-makhani\" data-image-description=\"\" data-image-caption=\"\" data-large-file=\"https:\/\/i0.wp.com\/le-fort.org\/cocina\/wp-content\/uploads\/2014\/06\/kofta-makhani.jpg?fit=700%2C500&amp;ssl=1\" class=\"alignright size-thumbnail wp-image-5541\" src=\"https:\/\/i0.wp.com\/www.le-fort.org\/wp-content\/uploads\/2014\/06\/kofta-makhani-150x150.jpg?resize=150%2C150&#038;ssl=1\" alt=\"kofta-makhani\" width=\"150\" height=\"150\" srcset=\"https:\/\/i0.wp.com\/le-fort.org\/cocina\/wp-content\/uploads\/2014\/06\/kofta-makhani.jpg?resize=150%2C150&amp;ssl=1 150w, https:\/\/i0.wp.com\/le-fort.org\/cocina\/wp-content\/uploads\/2014\/06\/kofta-makhani.jpg?zoom=2&amp;resize=150%2C150&amp;ssl=1 300w, https:\/\/i0.wp.com\/le-fort.org\/cocina\/wp-content\/uploads\/2014\/06\/kofta-makhani.jpg?zoom=3&amp;resize=150%2C150&amp;ssl=1 450w\" sizes=\"auto, (max-width: 150px) 100vw, 150px\" \/><\/a><strong>Curry de koftas<\/strong><br \/>\nPreparamos unas koftas con<a title=\"Makhani Masala \u2013 Salsa India de Tomates y Mantequilla\" href=\"http:\/\/www.loquecomemos.com\/makhani-masala-salsa-india-de-tomates-y-mantequilla\/\"> Makhani Masala<\/a>, que es una salsa de tomates y mantequilla.<\/li>\n<li style=\"clear: both;\"><strong>Arroz<\/strong><br \/>\nHicimos arroz con comino y an\u00eds, y almendras salteadas en un poco de mantequilla. Esa receta se las debemos.<\/li>\n<li style=\"clear: both;\"><a href=\"https:\/\/le-fort.org\/naan-pan-indio\/\"><img data-recalc-dims=\"1\" loading=\"lazy\" decoding=\"async\" data-attachment-id=\"4957\" data-permalink=\"https:\/\/le-fort.org\/cocina\/naan-pan-indio\/naan-listo\/\" data-orig-file=\"https:\/\/i0.wp.com\/le-fort.org\/cocina\/wp-content\/uploads\/2013\/10\/naan-listo.jpg?fit=700%2C420&amp;ssl=1\" data-orig-size=\"700,420\" data-comments-opened=\"0\" data-image-meta=\"{&quot;aperture&quot;:&quot;0&quot;,&quot;credit&quot;:&quot;&quot;,&quot;camera&quot;:&quot;&quot;,&quot;caption&quot;:&quot;&quot;,&quot;created_timestamp&quot;:&quot;0&quot;,&quot;copyright&quot;:&quot;&quot;,&quot;focal_length&quot;:&quot;0&quot;,&quot;iso&quot;:&quot;0&quot;,&quot;shutter_speed&quot;:&quot;0&quot;,&quot;title&quot;:&quot;&quot;,&quot;orientation&quot;:&quot;0&quot;}\" data-image-title=\"naan-listo\" data-image-description=\"\" data-image-caption=\"\" data-large-file=\"https:\/\/i0.wp.com\/le-fort.org\/cocina\/wp-content\/uploads\/2013\/10\/naan-listo.jpg?fit=700%2C420&amp;ssl=1\" class=\"alignright wp-image-4957 size-thumbnail\" src=\"https:\/\/i0.wp.com\/www.le-fort.org\/wp-content\/uploads\/2013\/10\/naan-listo-150x150.jpg?resize=150%2C150&#038;ssl=1\" alt=\"naan-listo\" width=\"150\" height=\"150\" srcset=\"https:\/\/i0.wp.com\/le-fort.org\/cocina\/wp-content\/uploads\/2013\/10\/naan-listo.jpg?resize=150%2C150&amp;ssl=1 150w, https:\/\/i0.wp.com\/le-fort.org\/cocina\/wp-content\/uploads\/2013\/10\/naan-listo.jpg?zoom=2&amp;resize=150%2C150&amp;ssl=1 300w, https:\/\/i0.wp.com\/le-fort.org\/cocina\/wp-content\/uploads\/2013\/10\/naan-listo.jpg?zoom=3&amp;resize=150%2C150&amp;ssl=1 450w\" sizes=\"auto, (max-width: 150px) 100vw, 150px\" \/><\/a><a title=\"Naan \u2013 Pan Indio\" href=\"https:\/\/le-fort.org\/naan-pan-indio\/\">Naan<\/a><br \/>\nPan indio con levadura y pincelado con mantequilla<\/li>\n<\/ul>\n<hr style=\"clear: both;\" \/>\n<p>Fue una buena comida, que incluso dio de s\u00ed para alimentar amistades tard\u00edas con todo \u00e9xito, e incluso la mejor expresi\u00f3n de la comida india, que es comer restos calentados al d\u00eda siguiente.<\/p>\n<p>Esta es quiz\u00e1 una buena forma de comenzar con la cocina india. Despu\u00e9s nos podemos poner a hacer cosas m\u00e1s raras, pero a nivel introductorio les recomendamos esto.<\/p>\n<figure id=\"attachment_5600\" aria-describedby=\"caption-attachment-5600\" style=\"width: 700px\" class=\"wp-caption aligncenter\"><img data-recalc-dims=\"1\" loading=\"lazy\" decoding=\"async\" data-attachment-id=\"5600\" data-permalink=\"https:\/\/le-fort.org\/cocina\/comiendo-indio-con-amigos\/roganjosh\/\" data-orig-file=\"https:\/\/i0.wp.com\/le-fort.org\/cocina\/wp-content\/uploads\/2014\/08\/roganjosh.jpg?fit=700%2C500&amp;ssl=1\" data-orig-size=\"700,500\" data-comments-opened=\"0\" data-image-meta=\"{&quot;aperture&quot;:&quot;0&quot;,&quot;credit&quot;:&quot;&quot;,&quot;camera&quot;:&quot;&quot;,&quot;caption&quot;:&quot;&quot;,&quot;created_timestamp&quot;:&quot;0&quot;,&quot;copyright&quot;:&quot;&quot;,&quot;focal_length&quot;:&quot;0&quot;,&quot;iso&quot;:&quot;0&quot;,&quot;shutter_speed&quot;:&quot;0&quot;,&quot;title&quot;:&quot;&quot;,&quot;orientation&quot;:&quot;0&quot;}\" data-image-title=\"roganjosh\" data-image-description=\"\" data-image-caption=\"&lt;p&gt;Rogan Josh con arroz blanco.&lt;\/p&gt;\n\" data-large-file=\"https:\/\/i0.wp.com\/le-fort.org\/cocina\/wp-content\/uploads\/2014\/08\/roganjosh.jpg?fit=700%2C500&amp;ssl=1\" class=\"size-full wp-image-5600\" src=\"https:\/\/i0.wp.com\/www.le-fort.org\/wp-content\/uploads\/2014\/08\/roganjosh.jpg?resize=700%2C500&#038;ssl=1\" alt=\"Rogan Josh\" width=\"700\" height=\"500\" srcset=\"https:\/\/i0.wp.com\/le-fort.org\/cocina\/wp-content\/uploads\/2014\/08\/roganjosh.jpg?w=700&amp;ssl=1 700w, https:\/\/i0.wp.com\/le-fort.org\/cocina\/wp-content\/uploads\/2014\/08\/roganjosh.jpg?resize=600%2C429&amp;ssl=1 600w\" sizes=\"auto, (max-width: 700px) 100vw, 700px\" \/><figcaption id=\"caption-attachment-5600\" class=\"wp-caption-text\">Rogan Josh<\/figcaption><\/figure>\n<p>[fin]<\/p>\n","protected":false},"excerpt":{"rendered":"<p>Sugerencias de men\u00fa de cocina india para gente con poca o ninguna experiencia comiendo indio.<\/p>\n","protected":false},"author":1,"featured_media":3835,"comment_status":"open","ping_status":"closed","sticky":false,"template":"","format":"standard","meta":{"_jetpack_newsletter_access":"","_jetpack_dont_email_post_to_subs":false,"_jetpack_newsletter_tier_id":0,"_jetpack_memberships_contains_paywalled_content":false,"_jetpack_memberships_contains_paid_content":false,"footnotes":""},"categories":[103],"tags":[12],"class_list":["post-5597","post","type-post","status-publish","format-standard","has-post-thumbnail","hentry","category-disquisiciones","tag-comida-india","entry","has-media"],"jetpack_featured_media_url":"https:\/\/i0.wp.com\/le-fort.org\/cocina\/wp-content\/uploads\/2011\/07\/hd-saag-paneer.jpg?fit=600%2C225&ssl=1","jetpack_shortlink":"https:\/\/wp.me\/pghKer-1sh","jetpack_sharing_enabled":true,"jetpack-related-posts":[{"id":15075,"url":"https:\/\/le-fort.org\/cocina\/semana-nacional-del-curry-2020\/","url_meta":{"origin":5597,"position":0},"title":"Semana Nacional del Curry: Siete D\u00edas para Experimentar","author":"Le-Fort.org","date":"5 de Octubre, 2020","format":false,"excerpt":"La semana del 5 al 11 de octubre de 2020 es nada menos que la semana nacional del curry (enlace). Es del Reino Unido, no de nuestros pa\u00edses, pero es una excusa perfecta en un tema que no requiere excusas. Hemos preparado menos curry del que nos gustar\u00eda porque hemos\u2026","rel":"","context":"En &quot;General&quot;","block_context":{"text":"General","link":"https:\/\/le-fort.org\/cocina\/categoria\/general\/"},"img":{"alt_text":"","src":"https:\/\/i0.wp.com\/le-fort.org\/cocina\/wp-content\/uploads\/2018\/02\/anis-hd.jpg?fit=1200%2C400&ssl=1&resize=350%2C200","width":350,"height":200,"srcset":"https:\/\/i0.wp.com\/le-fort.org\/cocina\/wp-content\/uploads\/2018\/02\/anis-hd.jpg?fit=1200%2C400&ssl=1&resize=350%2C200 1x, https:\/\/i0.wp.com\/le-fort.org\/cocina\/wp-content\/uploads\/2018\/02\/anis-hd.jpg?fit=1200%2C400&ssl=1&resize=525%2C300 1.5x, https:\/\/i0.wp.com\/le-fort.org\/cocina\/wp-content\/uploads\/2018\/02\/anis-hd.jpg?fit=1200%2C400&ssl=1&resize=700%2C400 2x, https:\/\/i0.wp.com\/le-fort.org\/cocina\/wp-content\/uploads\/2018\/02\/anis-hd.jpg?fit=1200%2C400&ssl=1&resize=1050%2C600 3x"},"classes":[]},{"id":12342,"url":"https:\/\/le-fort.org\/cocina\/babel-vii-comida-india\/","url_meta":{"origin":5597,"position":1},"title":"Babel VII: Comida India","author":"Le-Fort.org","date":"14 de Abril, 2018","format":false,"excerpt":"Nos demoramos con Babel VII, pero lleg\u00f3. El tema elegido fue cocina india, y preparamos nuestros favoritos. Se sumaron amigos para una muy buena velada.","rel":"","context":"En &quot;General&quot;","block_context":{"text":"General","link":"https:\/\/le-fort.org\/cocina\/categoria\/general\/"},"img":{"alt_text":"","src":"https:\/\/i0.wp.com\/le-fort.org\/cocina\/wp-content\/uploads\/2018\/04\/babel-vii-hd.jpg?fit=1200%2C400&ssl=1&resize=350%2C200","width":350,"height":200,"srcset":"https:\/\/i0.wp.com\/le-fort.org\/cocina\/wp-content\/uploads\/2018\/04\/babel-vii-hd.jpg?fit=1200%2C400&ssl=1&resize=350%2C200 1x, https:\/\/i0.wp.com\/le-fort.org\/cocina\/wp-content\/uploads\/2018\/04\/babel-vii-hd.jpg?fit=1200%2C400&ssl=1&resize=525%2C300 1.5x, https:\/\/i0.wp.com\/le-fort.org\/cocina\/wp-content\/uploads\/2018\/04\/babel-vii-hd.jpg?fit=1200%2C400&ssl=1&resize=700%2C400 2x, https:\/\/i0.wp.com\/le-fort.org\/cocina\/wp-content\/uploads\/2018\/04\/babel-vii-hd.jpg?fit=1200%2C400&ssl=1&resize=1050%2C600 3x"},"classes":[]},{"id":13630,"url":"https:\/\/le-fort.org\/cocina\/cocina-india-vegetariana-en-loja\/","url_meta":{"origin":5597,"position":2},"title":"Cocina India Vegetariana en Loja","author":"Le-Fort.org","date":"11 de Febrero, 2019","format":false,"excerpt":"Taller de cocina india vegetariana","rel":"","context":"En &quot;Educaci\u00f3n&quot;","block_context":{"text":"Educaci\u00f3n","link":"https:\/\/le-fort.org\/cocina\/categoria\/educacion\/"},"img":{"alt_text":"","src":"https:\/\/i0.wp.com\/le-fort.org\/cocina\/wp-content\/uploads\/2013\/10\/naan-2-hd.jpg?fit=1200%2C400&ssl=1&resize=350%2C200","width":350,"height":200,"srcset":"https:\/\/i0.wp.com\/le-fort.org\/cocina\/wp-content\/uploads\/2013\/10\/naan-2-hd.jpg?fit=1200%2C400&ssl=1&resize=350%2C200 1x, https:\/\/i0.wp.com\/le-fort.org\/cocina\/wp-content\/uploads\/2013\/10\/naan-2-hd.jpg?fit=1200%2C400&ssl=1&resize=525%2C300 1.5x, https:\/\/i0.wp.com\/le-fort.org\/cocina\/wp-content\/uploads\/2013\/10\/naan-2-hd.jpg?fit=1200%2C400&ssl=1&resize=700%2C400 2x, https:\/\/i0.wp.com\/le-fort.org\/cocina\/wp-content\/uploads\/2013\/10\/naan-2-hd.jpg?fit=1200%2C400&ssl=1&resize=1050%2C600 3x"},"classes":[]},{"id":9139,"url":"https:\/\/le-fort.org\/cocina\/clase-comida-india-vegetariana\/","url_meta":{"origin":5597,"position":3},"title":"Cocina India Vegetariana en La Libertad","author":"Le-Fort.org","date":"24 de Enero, 2017","format":false,"excerpt":"Curso de cocina india vegetariana.","rel":"","context":"En &quot;Educaci\u00f3n&quot;","block_context":{"text":"Educaci\u00f3n","link":"https:\/\/le-fort.org\/cocina\/categoria\/educacion\/"},"img":{"alt_text":"","src":"https:\/\/i0.wp.com\/le-fort.org\/cocina\/wp-content\/uploads\/2017\/01\/india-hd.jpg?fit=1200%2C400&ssl=1&resize=350%2C200","width":350,"height":200,"srcset":"https:\/\/i0.wp.com\/le-fort.org\/cocina\/wp-content\/uploads\/2017\/01\/india-hd.jpg?fit=1200%2C400&ssl=1&resize=350%2C200 1x, https:\/\/i0.wp.com\/le-fort.org\/cocina\/wp-content\/uploads\/2017\/01\/india-hd.jpg?fit=1200%2C400&ssl=1&resize=525%2C300 1.5x, https:\/\/i0.wp.com\/le-fort.org\/cocina\/wp-content\/uploads\/2017\/01\/india-hd.jpg?fit=1200%2C400&ssl=1&resize=700%2C400 2x, https:\/\/i0.wp.com\/le-fort.org\/cocina\/wp-content\/uploads\/2017\/01\/india-hd.jpg?fit=1200%2C400&ssl=1&resize=1050%2C600 3x"},"classes":[]},{"id":11659,"url":"https:\/\/le-fort.org\/cocina\/taller-comida-india-vegetariana-cuenca\/","url_meta":{"origin":5597,"position":4},"title":"Taller de Comida India Vegetariana en Cuenca","author":"Le-Fort.org","date":"3 de Febrero, 2018","format":false,"excerpt":"Taller biling\u00fce","rel":"","context":"En &quot;Educaci\u00f3n&quot;","block_context":{"text":"Educaci\u00f3n","link":"https:\/\/le-fort.org\/cocina\/categoria\/educacion\/"},"img":{"alt_text":"","src":"https:\/\/i0.wp.com\/le-fort.org\/cocina\/wp-content\/uploads\/2018\/02\/anis-hd.jpg?fit=1200%2C400&ssl=1&resize=350%2C200","width":350,"height":200,"srcset":"https:\/\/i0.wp.com\/le-fort.org\/cocina\/wp-content\/uploads\/2018\/02\/anis-hd.jpg?fit=1200%2C400&ssl=1&resize=350%2C200 1x, https:\/\/i0.wp.com\/le-fort.org\/cocina\/wp-content\/uploads\/2018\/02\/anis-hd.jpg?fit=1200%2C400&ssl=1&resize=525%2C300 1.5x, https:\/\/i0.wp.com\/le-fort.org\/cocina\/wp-content\/uploads\/2018\/02\/anis-hd.jpg?fit=1200%2C400&ssl=1&resize=700%2C400 2x, https:\/\/i0.wp.com\/le-fort.org\/cocina\/wp-content\/uploads\/2018\/02\/anis-hd.jpg?fit=1200%2C400&ssl=1&resize=1050%2C600 3x"},"classes":[]},{"id":3651,"url":"https:\/\/le-fort.org\/cocina\/mattar-paneer-curry-de-arvejitas-y-queso\/","url_meta":{"origin":5597,"position":5},"title":"Mattar Paneer: Curry de Arvejitas y Queso","author":"Le-Fort.org","date":"22 de Mayo, 2013","format":false,"excerpt":"Receta de Mattar Paneer: Curry vegetariano (no vegano) de arvejas y queso, originario del norte de la India.","rel":"","context":"En &quot;Recetas&quot;","block_context":{"text":"Recetas","link":"https:\/\/le-fort.org\/cocina\/categoria\/recetas\/"},"img":{"alt_text":"","src":"https:\/\/i0.wp.com\/le-fort.org\/cocina\/wp-content\/uploads\/2013\/05\/hd-mattar-paneer.jpg?fit=600%2C225&ssl=1&resize=350%2C200","width":350,"height":200,"srcset":"https:\/\/i0.wp.com\/le-fort.org\/cocina\/wp-content\/uploads\/2013\/05\/hd-mattar-paneer.jpg?fit=600%2C225&ssl=1&resize=350%2C200 1x, https:\/\/i0.wp.com\/le-fort.org\/cocina\/wp-content\/uploads\/2013\/05\/hd-mattar-paneer.jpg?fit=600%2C225&ssl=1&resize=525%2C300 1.5x"},"classes":[]}],"_links":{"self":[{"href":"https:\/\/le-fort.org\/cocina\/wp-json\/wp\/v2\/posts\/5597","targetHints":{"allow":["GET"]}}],"collection":[{"href":"https:\/\/le-fort.org\/cocina\/wp-json\/wp\/v2\/posts"}],"about":[{"href":"https:\/\/le-fort.org\/cocina\/wp-json\/wp\/v2\/types\/post"}],"author":[{"embeddable":true,"href":"https:\/\/le-fort.org\/cocina\/wp-json\/wp\/v2\/users\/1"}],"replies":[{"embeddable":true,"href":"https:\/\/le-fort.org\/cocina\/wp-json\/wp\/v2\/comments?post=5597"}],"version-history":[{"count":1,"href":"https:\/\/le-fort.org\/cocina\/wp-json\/wp\/v2\/posts\/5597\/revisions"}],"predecessor-version":[{"id":15921,"href":"https:\/\/le-fort.org\/cocina\/wp-json\/wp\/v2\/posts\/5597\/revisions\/15921"}],"wp:featuredmedia":[{"embeddable":true,"href":"https:\/\/le-fort.org\/cocina\/wp-json\/wp\/v2\/media\/3835"}],"wp:attachment":[{"href":"https:\/\/le-fort.org\/cocina\/wp-json\/wp\/v2\/media?parent=5597"}],"wp:term":[{"taxonomy":"category","embeddable":true,"href":"https:\/\/le-fort.org\/cocina\/wp-json\/wp\/v2\/categories?post=5597"},{"taxonomy":"post_tag","embeddable":true,"href":"https:\/\/le-fort.org\/cocina\/wp-json\/wp\/v2\/tags?post=5597"}],"curies":[{"name":"wp","href":"https:\/\/api.w.org\/{rel}","templated":true}]}}