{"id":5663,"date":"2014-08-27T20:53:55","date_gmt":"2014-08-28T01:53:55","guid":{"rendered":"http:\/\/www.loquecomemos.com\/?p=5663"},"modified":"2021-12-07T21:27:28","modified_gmt":"2021-12-08T02:27:28","slug":"merken-aji-rojo-seco-ahumado-con-sal-y-cilantro","status":"publish","type":"post","link":"https:\/\/le-fort.org\/cocina\/merken-aji-rojo-seco-ahumado-con-sal-y-cilantro\/","title":{"rendered":"Merk\u00e9n"},"content":{"rendered":"<p>El <strong>merk\u00e9n<\/strong> se ha puesto de moda en estos \u00faltimos a\u00f1os, lo que es de agradecer, ya que mejora la difusi\u00f3n y la disponibilidad. Tambi\u00e9n sabemos que es condimento y no especia.<\/p>\n<p>El merk\u00e9n es un condimento de origen Mapuche, etnia del sur de Chile y Argentina, y se compone de aj\u00ed cacho de cabra seco y ahumado, molido con sal, y usualmente pero no siempre, <a href=\"https:\/\/le-fort.org\/semillas-de-cilantro\/\">semillas de cilantro<\/a> tostadas. Quiz\u00e1 derive de los pimientos ahumados espa\u00f1oles. No lo sabemos.<!--more--><\/p>\n<p>Sobre su preparaci\u00f3n, Wikipedia nos dice:<\/p>\n<blockquote><p>El proceso tradicional de su preparaci\u00f3n es lento, puesto que implica cosechar los aj\u00ed\u00ades verdes y luego dejarlos madurar hasta tomar una tonalidad rojiza intensa, m\u00e1s tarde se secan naturalmente al sol y luego son ahumadas sobre fuego de madera. Luego, \u00e9stos se guardan colgados a la espera de su molienda. El aj\u00ed se muele completo incluyendo sus semillas en morteros de piedra, aunque actualmente esta molienda se realiza en molinos de martillo el\u00e9ctricos. Una vez reducido el aj\u00ed a polvo o escamas, se mezclan con sal m\u00e1s semillas de cilantro tostadas y trituradas.<\/p><\/blockquote>\n<p>Existen tambi\u00e9n versiones comerciales, que tienen sabor a humo l\u00edquido y artificialidades varias. Dentro de lo posible, creemos que lo mejor es buscar una preparaci\u00f3n\u00a0lo m\u00e1s artesanal que podamos (como todo).<\/p>\n<p>Afortunadamente, por conexiones familiares, nos lleg\u00f3 un merk\u00e9n maravilloso, comprado a sus productores en\u00a0la zona de Villarrica, en la IX regi\u00f3n de Chile.<\/p>\n<figure id=\"attachment_5664\" aria-describedby=\"caption-attachment-5664\" style=\"width: 700px\" class=\"wp-caption aligncenter\"><img data-recalc-dims=\"1\" loading=\"lazy\" decoding=\"async\" data-attachment-id=\"5664\" data-permalink=\"https:\/\/le-fort.org\/cocina\/merken-aji-rojo-seco-ahumado-con-sal-y-cilantro\/merken\/\" data-orig-file=\"https:\/\/i0.wp.com\/le-fort.org\/cocina\/wp-content\/uploads\/2014\/08\/merken.jpg?fit=700%2C500&amp;ssl=1\" data-orig-size=\"700,500\" data-comments-opened=\"0\" data-image-meta=\"{&quot;aperture&quot;:&quot;0&quot;,&quot;credit&quot;:&quot;&quot;,&quot;camera&quot;:&quot;&quot;,&quot;caption&quot;:&quot;&quot;,&quot;created_timestamp&quot;:&quot;0&quot;,&quot;copyright&quot;:&quot;&quot;,&quot;focal_length&quot;:&quot;0&quot;,&quot;iso&quot;:&quot;0&quot;,&quot;shutter_speed&quot;:&quot;0&quot;,&quot;title&quot;:&quot;&quot;,&quot;orientation&quot;:&quot;0&quot;}\" data-image-title=\"merken\" data-image-description=\"\" data-image-caption=\"\" data-large-file=\"https:\/\/i0.wp.com\/le-fort.org\/cocina\/wp-content\/uploads\/2014\/08\/merken.jpg?fit=700%2C500&amp;ssl=1\" class=\"size-full wp-image-5664\" src=\"https:\/\/i0.wp.com\/www.le-fort.org\/wp-content\/uploads\/2014\/08\/merken.jpg?resize=700%2C500&#038;ssl=1\" alt=\"Merk\u00e9n de Villarrica. Delicioso.\" width=\"700\" height=\"500\" srcset=\"https:\/\/i0.wp.com\/le-fort.org\/cocina\/wp-content\/uploads\/2014\/08\/merken.jpg?w=700&amp;ssl=1 700w, https:\/\/i0.wp.com\/le-fort.org\/cocina\/wp-content\/uploads\/2014\/08\/merken.jpg?resize=600%2C429&amp;ssl=1 600w\" sizes=\"auto, (max-width: 700px) 100vw, 700px\" \/><figcaption id=\"caption-attachment-5664\" class=\"wp-caption-text\">Merk\u00e9n de Villarrica. Delicioso.<\/figcaption><\/figure>\n<p>Un amigo nos envi\u00f3 un merk\u00e9n con ajo hace un par de a\u00f1os, y la verdad es que era muy interesante.<\/p>\n<h2>Aplicaciones del Merk\u00e9n<\/h2>\n<p>Sus aplicaciones\u00a0son legi\u00f3n. Podemos reemplazar el aj\u00ed \u00a0seco por merk\u00e9n; lo podemos utilizar en tragos, como un <em>Bloody Mary<\/em> o una michelada con un toque distinto; lo podemos utilizar para darle un toque ahumado a platos tales como el <a title=\"Receta de Rogan Josh (comida india)\" href=\"https:\/\/www.le-fort.org\/receta-de-rogan-josh-comida-india\/\">Rogan Josh<\/a> o una salsa <a title=\"Receta de Pasta a la Puttanesca\" href=\"http:\/\/www.loquecomemos.com\/receta-de-pasta-a-la-puttanesca\/\">Puttanesca<\/a>&#8230; en fin, las posibilidades son ilimitadas.<\/p>\n<p>Si no lo conoces a\u00fan, creemos que puede ser una adici\u00f3n interesante a tu repertorio de condimentos, sobre todo si te gusta el picante.<\/p>\n<p>[wp_ad_camp_4]<\/p>\n","protected":false},"excerpt":{"rendered":"<p>Merk\u00e9n, condimento Mapuche (Chile) de aj\u00ed rojo seco ahumado con sal y semillas de cilantro tostadas.<\/p>\n","protected":false},"author":1,"featured_media":5665,"comment_status":"open","ping_status":"closed","sticky":false,"template":"","format":"standard","meta":{"_jetpack_newsletter_access":"","_jetpack_dont_email_post_to_subs":false,"_jetpack_newsletter_tier_id":0,"_jetpack_memberships_contains_paywalled_content":false,"_jetpack_memberships_contains_paid_content":false,"footnotes":""},"categories":[14,44],"tags":[138,241,354,240],"class_list":["post-5663","post","type-post","status-publish","format-standard","has-post-thumbnail","hentry","category-condimentos-especias","category-ingredientes","tag-comida-chilena","tag-condimentos","tag-especias","tag-merken","entry","has-media"],"jetpack_featured_media_url":"https:\/\/i0.wp.com\/le-fort.org\/cocina\/wp-content\/uploads\/2014\/08\/merken-hd.jpg?fit=1200%2C400&ssl=1","jetpack_shortlink":"https:\/\/wp.me\/pghKer-1tl","jetpack_sharing_enabled":true,"jetpack-related-posts":[{"id":418,"url":"https:\/\/le-fort.org\/cocina\/aceite-de-fuego-mongoliano\/","url_meta":{"origin":5663,"position":0},"title":"Aceite de Fuego Mongoliano","author":"Rod","date":"5 de Agosto, 2021","format":false,"excerpt":"Condimento oriental muy vers\u00e1til","rel":"","context":"En &quot;F\u00edsico Qu\u00edmica Alimentaria&quot;","block_context":{"text":"F\u00edsico Qu\u00edmica Alimentaria","link":"https:\/\/le-fort.org\/cocina\/categoria\/fisico-quimica-alimentaria\/"},"img":{"alt_text":"","src":"https:\/\/i0.wp.com\/le-fort.org\/cocina\/wp-content\/uploads\/2021\/08\/mongoliano-hd.jpg?fit=1200%2C400&ssl=1&resize=350%2C200","width":350,"height":200,"srcset":"https:\/\/i0.wp.com\/le-fort.org\/cocina\/wp-content\/uploads\/2021\/08\/mongoliano-hd.jpg?fit=1200%2C400&ssl=1&resize=350%2C200 1x, https:\/\/i0.wp.com\/le-fort.org\/cocina\/wp-content\/uploads\/2021\/08\/mongoliano-hd.jpg?fit=1200%2C400&ssl=1&resize=525%2C300 1.5x, https:\/\/i0.wp.com\/le-fort.org\/cocina\/wp-content\/uploads\/2021\/08\/mongoliano-hd.jpg?fit=1200%2C400&ssl=1&resize=700%2C400 2x, https:\/\/i0.wp.com\/le-fort.org\/cocina\/wp-content\/uploads\/2021\/08\/mongoliano-hd.jpg?fit=1200%2C400&ssl=1&resize=1050%2C600 3x"},"classes":[]},{"id":5728,"url":"https:\/\/le-fort.org\/cocina\/pimienta-de-jamaica-una-especia-del-nuevo-mundo\/","url_meta":{"origin":5663,"position":1},"title":"Pimienta de Jamaica","author":"Le-Fort.org","date":"8 de Septiembre, 2014","format":false,"excerpt":"La Pimienta de Jamaica se conoce tambi\u00e9n por una serie de otros nombres: pimienta dulce, pimienta de olor, pimienta gorda, todaespecia (traducido del ingl\u00e9s Allspice), pimienta inglesa, malagueta, Tabasca, pimienta de chapa, etc. Es -junto con la vainilla y el aj\u00ed- de las pocas especias de origen americano que se\u2026","rel":"","context":"En &quot;Condimentos y Especias&quot;","block_context":{"text":"Condimentos y Especias","link":"https:\/\/le-fort.org\/cocina\/categoria\/condimentos-especias\/"},"img":{"alt_text":"","src":"https:\/\/i0.wp.com\/le-fort.org\/cocina\/wp-content\/uploads\/2011\/07\/pimienta-de-jamaica-hd.jpg?fit=1200%2C400&ssl=1&resize=350%2C200","width":350,"height":200,"srcset":"https:\/\/i0.wp.com\/le-fort.org\/cocina\/wp-content\/uploads\/2011\/07\/pimienta-de-jamaica-hd.jpg?fit=1200%2C400&ssl=1&resize=350%2C200 1x, https:\/\/i0.wp.com\/le-fort.org\/cocina\/wp-content\/uploads\/2011\/07\/pimienta-de-jamaica-hd.jpg?fit=1200%2C400&ssl=1&resize=525%2C300 1.5x, https:\/\/i0.wp.com\/le-fort.org\/cocina\/wp-content\/uploads\/2011\/07\/pimienta-de-jamaica-hd.jpg?fit=1200%2C400&ssl=1&resize=700%2C400 2x, https:\/\/i0.wp.com\/le-fort.org\/cocina\/wp-content\/uploads\/2011\/07\/pimienta-de-jamaica-hd.jpg?fit=1200%2C400&ssl=1&resize=1050%2C600 3x"},"classes":[]},{"id":16790,"url":"https:\/\/le-fort.org\/cocina\/aji-manaba\/","url_meta":{"origin":5663,"position":2},"title":"Aj\u00ed Manaba","author":"Le-Fort.org","date":"29 de Diciembre, 2022","format":false,"excerpt":"Receta base de aj\u00ed manaba, que se puede adaptar a las preferencias de cada uno.","rel":"","context":"En &quot;Recetas&quot;","block_context":{"text":"Recetas","link":"https:\/\/le-fort.org\/cocina\/categoria\/recetas\/"},"img":{"alt_text":"","src":"https:\/\/i0.wp.com\/le-fort.org\/cocina\/wp-content\/uploads\/2022\/12\/aji-manaba-hd.jpg?fit=1200%2C400&ssl=1&resize=350%2C200","width":350,"height":200,"srcset":"https:\/\/i0.wp.com\/le-fort.org\/cocina\/wp-content\/uploads\/2022\/12\/aji-manaba-hd.jpg?fit=1200%2C400&ssl=1&resize=350%2C200 1x, https:\/\/i0.wp.com\/le-fort.org\/cocina\/wp-content\/uploads\/2022\/12\/aji-manaba-hd.jpg?fit=1200%2C400&ssl=1&resize=525%2C300 1.5x, https:\/\/i0.wp.com\/le-fort.org\/cocina\/wp-content\/uploads\/2022\/12\/aji-manaba-hd.jpg?fit=1200%2C400&ssl=1&resize=700%2C400 2x, https:\/\/i0.wp.com\/le-fort.org\/cocina\/wp-content\/uploads\/2022\/12\/aji-manaba-hd.jpg?fit=1200%2C400&ssl=1&resize=1050%2C600 3x"},"classes":[]},{"id":6981,"url":"https:\/\/le-fort.org\/cocina\/aros-de-cebolla\/","url_meta":{"origin":5663,"position":3},"title":"Aros de Cebolla","author":"Le-Fort.org","date":"23 de Noviembre, 2015","format":false,"excerpt":"Con frecuencia, cuando vamos a comer chatarra, pedimos que nos cambien las papas fritas por aros de cebolla (cuando hay). Es mucho m\u00e1s frecuente hacer papas fritas en casa que aros de cebolla en casa, y la verdad, es que no es mucho trabajo. Veamos c\u00f3mo se hacen. Para preparar\u2026","rel":"","context":"En &quot;Recetas&quot;","block_context":{"text":"Recetas","link":"https:\/\/le-fort.org\/cocina\/categoria\/recetas\/"},"img":{"alt_text":"","src":"https:\/\/i0.wp.com\/le-fort.org\/cocina\/wp-content\/uploads\/2015\/11\/aros-de-cebolla-hd.jpg?fit=1200%2C400&ssl=1&resize=350%2C200","width":350,"height":200,"srcset":"https:\/\/i0.wp.com\/le-fort.org\/cocina\/wp-content\/uploads\/2015\/11\/aros-de-cebolla-hd.jpg?fit=1200%2C400&ssl=1&resize=350%2C200 1x, https:\/\/i0.wp.com\/le-fort.org\/cocina\/wp-content\/uploads\/2015\/11\/aros-de-cebolla-hd.jpg?fit=1200%2C400&ssl=1&resize=525%2C300 1.5x, https:\/\/i0.wp.com\/le-fort.org\/cocina\/wp-content\/uploads\/2015\/11\/aros-de-cebolla-hd.jpg?fit=1200%2C400&ssl=1&resize=700%2C400 2x, https:\/\/i0.wp.com\/le-fort.org\/cocina\/wp-content\/uploads\/2015\/11\/aros-de-cebolla-hd.jpg?fit=1200%2C400&ssl=1&resize=1050%2C600 3x"},"classes":[]},{"id":1755,"url":"https:\/\/le-fort.org\/cocina\/receta-pescado-amritsari-amritsari-fish\/","url_meta":{"origin":5663,"position":4},"title":"Receta: Pescado Amritsari (Amritsari Fish)","author":"Le-Fort.org","date":"4 de Abril, 2012","format":false,"excerpt":"Receta de Amritsari Fish, una variante del norte de la india del pescado frito.","rel":"","context":"En &quot;Comida&quot;","block_context":{"text":"Comida","link":"https:\/\/le-fort.org\/cocina\/categoria\/cocina-comida\/"},"img":{"alt_text":"","src":"https:\/\/i0.wp.com\/le-fort.org\/cocina\/wp-content\/uploads\/2012\/04\/hd-amritsari.jpg?fit=600%2C225&ssl=1&resize=350%2C200","width":350,"height":200,"srcset":"https:\/\/i0.wp.com\/le-fort.org\/cocina\/wp-content\/uploads\/2012\/04\/hd-amritsari.jpg?fit=600%2C225&ssl=1&resize=350%2C200 1x, https:\/\/i0.wp.com\/le-fort.org\/cocina\/wp-content\/uploads\/2012\/04\/hd-amritsari.jpg?fit=600%2C225&ssl=1&resize=525%2C300 1.5x"},"classes":[]},{"id":3095,"url":"https:\/\/le-fort.org\/cocina\/chili-con-carne\/","url_meta":{"origin":5663,"position":5},"title":"Chili con Carne","author":"Le-Fort.org","date":"3 de Febrero, 2013","format":false,"excerpt":"Receta del Chili con Carne, plato Tex-Mex que tiene carne, porotos, verduras y picante.","rel":"","context":"En &quot;Comida&quot;","block_context":{"text":"Comida","link":"https:\/\/le-fort.org\/cocina\/categoria\/cocina-comida\/"},"img":{"alt_text":"","src":"","width":0,"height":0},"classes":[]}],"_links":{"self":[{"href":"https:\/\/le-fort.org\/cocina\/wp-json\/wp\/v2\/posts\/5663","targetHints":{"allow":["GET"]}}],"collection":[{"href":"https:\/\/le-fort.org\/cocina\/wp-json\/wp\/v2\/posts"}],"about":[{"href":"https:\/\/le-fort.org\/cocina\/wp-json\/wp\/v2\/types\/post"}],"author":[{"embeddable":true,"href":"https:\/\/le-fort.org\/cocina\/wp-json\/wp\/v2\/users\/1"}],"replies":[{"embeddable":true,"href":"https:\/\/le-fort.org\/cocina\/wp-json\/wp\/v2\/comments?post=5663"}],"version-history":[{"count":1,"href":"https:\/\/le-fort.org\/cocina\/wp-json\/wp\/v2\/posts\/5663\/revisions"}],"predecessor-version":[{"id":15922,"href":"https:\/\/le-fort.org\/cocina\/wp-json\/wp\/v2\/posts\/5663\/revisions\/15922"}],"wp:featuredmedia":[{"embeddable":true,"href":"https:\/\/le-fort.org\/cocina\/wp-json\/wp\/v2\/media\/5665"}],"wp:attachment":[{"href":"https:\/\/le-fort.org\/cocina\/wp-json\/wp\/v2\/media?parent=5663"}],"wp:term":[{"taxonomy":"category","embeddable":true,"href":"https:\/\/le-fort.org\/cocina\/wp-json\/wp\/v2\/categories?post=5663"},{"taxonomy":"post_tag","embeddable":true,"href":"https:\/\/le-fort.org\/cocina\/wp-json\/wp\/v2\/tags?post=5663"}],"curies":[{"name":"wp","href":"https:\/\/api.w.org\/{rel}","templated":true}]}}