{"id":5684,"date":"2016-01-12T09:39:13","date_gmt":"2016-01-12T14:39:13","guid":{"rendered":"http:\/\/www.loquecomemos.com\/?p=5684"},"modified":"2016-07-23T15:44:29","modified_gmt":"2016-07-23T20:44:29","slug":"especias-cocina-india","status":"publish","type":"post","link":"https:\/\/le-fort.org\/cocina\/especias-cocina-india\/","title":{"rendered":"Especias para Cocina India"},"content":{"rendered":"<p>Hay una serie de especias -comunes y no tanto- que son las m\u00e1s comunes para preparar <a href=\"https:\/\/le-fort.org\/recopilaciones\/comida-india\/\">comida india<\/a>. Aqu\u00ed te contamos qu\u00e9 necesitas para comenzar a explorar esta deliciosa cocina.<\/p>\n<p><img data-recalc-dims=\"1\" loading=\"lazy\" decoding=\"async\" data-attachment-id=\"8424\" data-permalink=\"https:\/\/le-fort.org\/cocina\/receta-de-garam-masala\/garam-masala-entero-hd\/\" data-orig-file=\"https:\/\/i0.wp.com\/le-fort.org\/cocina\/wp-content\/uploads\/2011\/12\/garam-masala-entero-hd.jpg?fit=1500%2C500&amp;ssl=1\" data-orig-size=\"1500,500\" data-comments-opened=\"0\" data-image-meta=\"{&quot;aperture&quot;:&quot;0&quot;,&quot;credit&quot;:&quot;&quot;,&quot;camera&quot;:&quot;&quot;,&quot;caption&quot;:&quot;&quot;,&quot;created_timestamp&quot;:&quot;0&quot;,&quot;copyright&quot;:&quot;&quot;,&quot;focal_length&quot;:&quot;0&quot;,&quot;iso&quot;:&quot;0&quot;,&quot;shutter_speed&quot;:&quot;0&quot;,&quot;title&quot;:&quot;&quot;,&quot;orientation&quot;:&quot;0&quot;}\" data-image-title=\"garam-masala-entero-hd\" data-image-description=\"\" data-image-caption=\"\" data-large-file=\"https:\/\/i0.wp.com\/le-fort.org\/cocina\/wp-content\/uploads\/2011\/12\/garam-masala-entero-hd.jpg?fit=1200%2C400&amp;ssl=1\" class=\"aligncenter wp-image-8424 size-large\" src=\"https:\/\/i0.wp.com\/loquecomemos.com\/wp-content\/uploads\/2011\/12\/garam-masala-entero-hd-1280x427.jpg?resize=1000%2C334\" width=\"1000\" height=\"334\" srcset=\"https:\/\/i0.wp.com\/le-fort.org\/cocina\/wp-content\/uploads\/2011\/12\/garam-masala-entero-hd.jpg?resize=1280%2C427&amp;ssl=1 1280w, https:\/\/i0.wp.com\/le-fort.org\/cocina\/wp-content\/uploads\/2011\/12\/garam-masala-entero-hd.jpg?resize=600%2C200&amp;ssl=1 600w, https:\/\/i0.wp.com\/le-fort.org\/cocina\/wp-content\/uploads\/2011\/12\/garam-masala-entero-hd.jpg?w=1500&amp;ssl=1 1500w\" sizes=\"auto, (max-width: 1000px) 100vw, 1000px\" \/><\/p>\n<p>Comenzaremos por algo que no es una especia, eso s\u00ed: el sofrito.<!--more--><\/p>\n<p>El sofrito es la base de una serie de cocinas. Pensemos en la cocina italiana y su sofrito de cebolla, zanahoria y piment\u00f3n, y en tantas otras cocinas y sus sofritos (mi abuela hac\u00eda cebolla, zanahoria y ajo).<\/p>\n<h2>Cebolla, Jengibre y Ajo<\/h2>\n<p>Una de las caracter\u00edsticas de la cocina india es su sofrito, que est\u00e1 compuesto por cebolla, jengibre y ajo, con predominancia de la cebolla. Usualmente (pero depende de cada receta) la proporci\u00f3n es: de medio a un diente de ajo y un trozo de jengibre de aprox. 1cm. de longitud por cebolla.<\/p>\n<p>Como todo sofrito, este deber\u00eda hacerse lentamente, a\u00f1adiendo el jengibre y el ajo cuando la cebolla ya est\u00e1 transparente.<\/p>\n<p>Es frecuente utilizar pasta de jengibre y ajo ya preparada, pero trabajar con ingredientes frescos es mejor, ya que hay una serie de aromas sutiles que se pierden en las preparaciones comerciales.<\/p>\n<p>Eso s\u00ed, el sofrito no es lo primero. La cosa comienza\u00a0con especias.<\/p>\n<h2>Ahora s\u00ed: las especias<\/h2>\n<p>Comencemos con las especias.<\/p>\n<h3>Curry<\/h3>\n<p><img data-recalc-dims=\"1\" loading=\"lazy\" decoding=\"async\" data-attachment-id=\"5130\" data-permalink=\"https:\/\/le-fort.org\/cocina\/diferencias-entre-la-curcuma-y-el-curry\/curcuma-curry-hd\/\" data-orig-file=\"https:\/\/i0.wp.com\/le-fort.org\/cocina\/wp-content\/uploads\/2014\/01\/curcuma-curry-hd.jpg?fit=1200%2C400&amp;ssl=1\" data-orig-size=\"1200,400\" data-comments-opened=\"0\" data-image-meta=\"{&quot;aperture&quot;:&quot;0&quot;,&quot;credit&quot;:&quot;&quot;,&quot;camera&quot;:&quot;&quot;,&quot;caption&quot;:&quot;&quot;,&quot;created_timestamp&quot;:&quot;0&quot;,&quot;copyright&quot;:&quot;&quot;,&quot;focal_length&quot;:&quot;0&quot;,&quot;iso&quot;:&quot;0&quot;,&quot;shutter_speed&quot;:&quot;0&quot;,&quot;title&quot;:&quot;&quot;,&quot;orientation&quot;:&quot;0&quot;}\" data-image-title=\"curcuma-curry-hd\" data-image-description=\"\" data-image-caption=\"\" data-large-file=\"https:\/\/i0.wp.com\/le-fort.org\/cocina\/wp-content\/uploads\/2014\/01\/curcuma-curry-hd.jpg?fit=1200%2C400&amp;ssl=1\" class=\"aligncenter size-medium wp-image-5130\" src=\"https:\/\/i0.wp.com\/www.le-fort.org\/wp-content\/uploads\/2014\/01\/curcuma-curry-hd-600x200.jpg?resize=600%2C200&#038;ssl=1\" alt=\"curcuma-curry-hd\" width=\"600\" height=\"200\" srcset=\"https:\/\/i0.wp.com\/le-fort.org\/cocina\/wp-content\/uploads\/2014\/01\/curcuma-curry-hd.jpg?resize=600%2C200&amp;ssl=1 600w, https:\/\/i0.wp.com\/le-fort.org\/cocina\/wp-content\/uploads\/2014\/01\/curcuma-curry-hd.jpg?w=1200&amp;ssl=1 1200w\" sizes=\"auto, (max-width: 600px) 100vw, 600px\" \/><\/p>\n<p>El curry para muchos es lo que define la cocina india. No es totalmente cierto, pero tampoco est\u00e1n tan perdidos. El curry en polvo es un ingrediente m\u00e1s brit\u00e1nico que indio.<\/p>\n<p>El curry es una mezcla de especias de composici\u00f3n variable. C\u00farcuma, semillas de cilantro, alholva y aj\u00ed son componentes frecuentes.<\/p>\n<p>Recordemos que<a href=\"https:\/\/le-fort.org\/ingredientes\/diferencias-entre-la-curcuma-y-el-curry\/\"> el curry no es lo mismo que la c\u00farcuma<\/a>.<\/p>\n<h3>Comino<\/h3>\n<p><img data-recalc-dims=\"1\" loading=\"lazy\" decoding=\"async\" data-attachment-id=\"5703\" data-permalink=\"https:\/\/le-fort.org\/cocina\/listado-de-especias\/comino-hd\/\" data-orig-file=\"https:\/\/i0.wp.com\/le-fort.org\/cocina\/wp-content\/uploads\/2011\/07\/comino-hd.jpg?fit=1200%2C400&amp;ssl=1\" data-orig-size=\"1200,400\" data-comments-opened=\"0\" data-image-meta=\"{&quot;aperture&quot;:&quot;0&quot;,&quot;credit&quot;:&quot;&quot;,&quot;camera&quot;:&quot;&quot;,&quot;caption&quot;:&quot;&quot;,&quot;created_timestamp&quot;:&quot;0&quot;,&quot;copyright&quot;:&quot;&quot;,&quot;focal_length&quot;:&quot;0&quot;,&quot;iso&quot;:&quot;0&quot;,&quot;shutter_speed&quot;:&quot;0&quot;,&quot;title&quot;:&quot;&quot;,&quot;orientation&quot;:&quot;0&quot;}\" data-image-title=\"comino-hd\" data-image-description=\"\" data-image-caption=\"\" data-large-file=\"https:\/\/i0.wp.com\/le-fort.org\/cocina\/wp-content\/uploads\/2011\/07\/comino-hd.jpg?fit=1200%2C400&amp;ssl=1\" class=\"aligncenter size-medium wp-image-5703\" src=\"https:\/\/i0.wp.com\/www.le-fort.org\/wp-content\/uploads\/2011\/07\/comino-hd-600x200.jpg?resize=600%2C200&#038;ssl=1\" alt=\"comino-hd\" width=\"600\" height=\"200\" srcset=\"https:\/\/i0.wp.com\/le-fort.org\/cocina\/wp-content\/uploads\/2011\/07\/comino-hd.jpg?resize=600%2C200&amp;ssl=1 600w, https:\/\/i0.wp.com\/le-fort.org\/cocina\/wp-content\/uploads\/2011\/07\/comino-hd.jpg?w=1200&amp;ssl=1 1200w\" sizes=\"auto, (max-width: 600px) 100vw, 600px\" \/><\/p>\n<p>El comino es quiz\u00e1 la especia india por antonomasia. No se nota tanto, pero es omnipresente. Pr\u00e1cticamente todo lleva comino en la cocina india. Es com\u00fan utilizarlo tanto entero como en polvo.<\/p>\n<p>El comino entero se suele tostar\u00a0al comenzar a cocinar y el comino en polvo se a\u00f1ade con posterioridad.<\/p>\n<p>Es tambi\u00e9n frecuente fre\u00edr el comino antes de a\u00f1adir el sofrito, ya sea solo o como parte de un garam masala entero, y tambi\u00e9n es frecuente fre\u00edrlo con otras especias en aceite muy caliente para finalizar un plato (tarke o tadka).<\/p>\n<h3>Canela<\/h3>\n<p>La canela se utiliza mucho. Se utiliza entera como parte del <a href=\"https:\/\/le-fort.org\/condimentos-especias\/receta-de-garam-masala\/\">Garam masala<\/a> entero y tambi\u00e9n molida como parte de una serie de mezclas de especias. Se utiliza tanto en platos dulces como salados.<\/p>\n<h3>Clavo de olor<\/h3>\n<p><img data-recalc-dims=\"1\" loading=\"lazy\" decoding=\"async\" data-attachment-id=\"5701\" data-permalink=\"https:\/\/le-fort.org\/cocina\/listado-de-especias\/clavo-hd\/\" data-orig-file=\"https:\/\/i0.wp.com\/le-fort.org\/cocina\/wp-content\/uploads\/2011\/07\/clavo-hd.jpg?fit=1200%2C400&amp;ssl=1\" data-orig-size=\"1200,400\" data-comments-opened=\"0\" data-image-meta=\"{&quot;aperture&quot;:&quot;0&quot;,&quot;credit&quot;:&quot;&quot;,&quot;camera&quot;:&quot;&quot;,&quot;caption&quot;:&quot;&quot;,&quot;created_timestamp&quot;:&quot;0&quot;,&quot;copyright&quot;:&quot;&quot;,&quot;focal_length&quot;:&quot;0&quot;,&quot;iso&quot;:&quot;0&quot;,&quot;shutter_speed&quot;:&quot;0&quot;,&quot;title&quot;:&quot;&quot;,&quot;orientation&quot;:&quot;0&quot;}\" data-image-title=\"clavo-hd\" data-image-description=\"\" data-image-caption=\"&lt;p&gt;Clavo de olor. Inicialmente la vainillina se sintetizaba a partir del eugenol, presente en el clavo.&lt;\/p&gt;\n\" data-large-file=\"https:\/\/i0.wp.com\/le-fort.org\/cocina\/wp-content\/uploads\/2011\/07\/clavo-hd.jpg?fit=1200%2C400&amp;ssl=1\" class=\"aligncenter size-medium wp-image-5701\" src=\"https:\/\/i0.wp.com\/www.le-fort.org\/wp-content\/uploads\/2011\/07\/clavo-hd-600x200.jpg?resize=600%2C200&#038;ssl=1\" alt=\"clavo-hd\" width=\"600\" height=\"200\" srcset=\"https:\/\/i0.wp.com\/le-fort.org\/cocina\/wp-content\/uploads\/2011\/07\/clavo-hd.jpg?resize=600%2C200&amp;ssl=1 600w, https:\/\/i0.wp.com\/le-fort.org\/cocina\/wp-content\/uploads\/2011\/07\/clavo-hd.jpg?w=1200&amp;ssl=1 1200w\" sizes=\"auto, (max-width: 600px) 100vw, 600px\" \/><\/p>\n<p>El clavo se utiliza mucho entero en el sofrito, y en ocasiones en polvo. Es parte importante dle aroma de los\u00a0platos indios.<\/p>\n<h3>Cardamomo<\/h3>\n<p><img data-recalc-dims=\"1\" loading=\"lazy\" decoding=\"async\" data-attachment-id=\"5711\" data-permalink=\"https:\/\/le-fort.org\/cocina\/especias-cardamomo\/cardamomo-hd\/\" data-orig-file=\"https:\/\/i0.wp.com\/le-fort.org\/cocina\/wp-content\/uploads\/2011\/08\/cardamomo-hd.jpg?fit=1200%2C400&amp;ssl=1\" data-orig-size=\"1200,400\" data-comments-opened=\"0\" data-image-meta=\"{&quot;aperture&quot;:&quot;0&quot;,&quot;credit&quot;:&quot;&quot;,&quot;camera&quot;:&quot;&quot;,&quot;caption&quot;:&quot;&quot;,&quot;created_timestamp&quot;:&quot;0&quot;,&quot;copyright&quot;:&quot;&quot;,&quot;focal_length&quot;:&quot;0&quot;,&quot;iso&quot;:&quot;0&quot;,&quot;shutter_speed&quot;:&quot;0&quot;,&quot;title&quot;:&quot;&quot;,&quot;orientation&quot;:&quot;0&quot;}\" data-image-title=\"cardamomo-hd\" data-image-description=\"\" data-image-caption=\"\" data-large-file=\"https:\/\/i0.wp.com\/le-fort.org\/cocina\/wp-content\/uploads\/2011\/08\/cardamomo-hd.jpg?fit=1200%2C400&amp;ssl=1\" class=\"aligncenter size-medium wp-image-5711\" src=\"https:\/\/i0.wp.com\/www.le-fort.org\/wp-content\/uploads\/2011\/08\/cardamomo-hd-600x200.jpg?resize=600%2C200&#038;ssl=1\" alt=\"cardamomo-hd\" width=\"600\" height=\"200\" srcset=\"https:\/\/i0.wp.com\/le-fort.org\/cocina\/wp-content\/uploads\/2011\/08\/cardamomo-hd.jpg?resize=600%2C200&amp;ssl=1 600w, https:\/\/i0.wp.com\/le-fort.org\/cocina\/wp-content\/uploads\/2011\/08\/cardamomo-hd.jpg?w=1200&amp;ssl=1 1200w\" sizes=\"auto, (max-width: 600px) 100vw, 600px\" \/><\/p>\n<p>El cardamomo es &#8220;la especia extra\u00f1a&#8221; y se puede encontrar entero, en semillas y en polvo. Es parte del garam masala entero, y se utiliza tambi\u00e9n en polvo en etapas posteriores de los\u00a0platos.<\/p>\n<p><a href=\"https:\/\/le-fort.org\/condimentos-especias\/especias-cardamomo\/\">Aqu\u00ed puedes leer mas sobre el cardamomo&gt;&gt;<\/a><\/p>\n<h3>Alholva<\/h3>\n<p><img data-recalc-dims=\"1\" loading=\"lazy\" decoding=\"async\" data-attachment-id=\"6914\" data-permalink=\"https:\/\/le-fort.org\/cocina\/la-alholva-fenogreco-triticum-foenum-grecum\/alholva-hd\/\" data-orig-file=\"https:\/\/i0.wp.com\/le-fort.org\/cocina\/wp-content\/uploads\/2011\/07\/alholva-hd.jpg?fit=1200%2C400&amp;ssl=1\" data-orig-size=\"1200,400\" data-comments-opened=\"0\" data-image-meta=\"{&quot;aperture&quot;:&quot;0&quot;,&quot;credit&quot;:&quot;&quot;,&quot;camera&quot;:&quot;&quot;,&quot;caption&quot;:&quot;&quot;,&quot;created_timestamp&quot;:&quot;0&quot;,&quot;copyright&quot;:&quot;&quot;,&quot;focal_length&quot;:&quot;0&quot;,&quot;iso&quot;:&quot;0&quot;,&quot;shutter_speed&quot;:&quot;0&quot;,&quot;title&quot;:&quot;&quot;,&quot;orientation&quot;:&quot;0&quot;}\" data-image-title=\"alholva-hd\" data-image-description=\"\" data-image-caption=\"\" data-large-file=\"https:\/\/i0.wp.com\/le-fort.org\/cocina\/wp-content\/uploads\/2011\/07\/alholva-hd.jpg?fit=1200%2C400&amp;ssl=1\" class=\"aligncenter size-medium wp-image-6914\" src=\"https:\/\/i0.wp.com\/www.le-fort.org\/wp-content\/uploads\/2011\/07\/alholva-hd-600x200.jpg?resize=600%2C200&#038;ssl=1\" alt=\"alholva-hd\" width=\"600\" height=\"200\" srcset=\"https:\/\/i0.wp.com\/le-fort.org\/cocina\/wp-content\/uploads\/2011\/07\/alholva-hd.jpg?resize=600%2C200&amp;ssl=1 600w, https:\/\/i0.wp.com\/le-fort.org\/cocina\/wp-content\/uploads\/2011\/07\/alholva-hd.jpg?w=1200&amp;ssl=1 1200w\" sizes=\"auto, (max-width: 600px) 100vw, 600px\" \/><\/p>\n<p>Alholva o fenogreco. Esta especia, aparte de sus m\u00faltiples propiedades medicinales, es constituyente del <em>curry<\/em> y del <em>panch phoron<\/em>. Es amarga si se usa en exceso.<\/p>\n<p><a href=\"https:\/\/le-fort.org\/condimentos-especias\/la-alholva-fenogreco-triticum-foenum-grecum\/\">Aqu\u00ed hay m\u00e1s informaci\u00f3n sobre la alholva&gt;&gt;<\/a><\/p>\n<h3>Laurel<\/h3>\n<p>El laurel se utiliza en el Garam Masala molido, y tambi\u00e9n se usa la hoja entera en el garam masala entero y como hoja en las salsas. Por supuesto, lo sacamos antes de servir.<\/p>\n<h3>An\u00eds<\/h3>\n<p><img data-recalc-dims=\"1\" loading=\"lazy\" decoding=\"async\" data-attachment-id=\"6947\" data-permalink=\"https:\/\/le-fort.org\/cocina\/anis-estrella\/estrella-hd\/\" data-orig-file=\"https:\/\/i0.wp.com\/le-fort.org\/cocina\/wp-content\/uploads\/2015\/11\/estrella-hd.jpg?fit=1200%2C398&amp;ssl=1\" data-orig-size=\"1200,398\" data-comments-opened=\"0\" data-image-meta=\"{&quot;aperture&quot;:&quot;0&quot;,&quot;credit&quot;:&quot;&quot;,&quot;camera&quot;:&quot;&quot;,&quot;caption&quot;:&quot;&quot;,&quot;created_timestamp&quot;:&quot;0&quot;,&quot;copyright&quot;:&quot;&quot;,&quot;focal_length&quot;:&quot;0&quot;,&quot;iso&quot;:&quot;0&quot;,&quot;shutter_speed&quot;:&quot;0&quot;,&quot;title&quot;:&quot;&quot;,&quot;orientation&quot;:&quot;0&quot;}\" data-image-title=\"estrella-hd\" data-image-description=\"\" data-image-caption=\"\" data-large-file=\"https:\/\/i0.wp.com\/le-fort.org\/cocina\/wp-content\/uploads\/2015\/11\/estrella-hd.jpg?fit=1200%2C398&amp;ssl=1\" class=\"aligncenter wp-image-6947 size-full\" src=\"https:\/\/i0.wp.com\/loquecomemos.com\/wp-content\/uploads\/2015\/11\/estrella-hd.jpg?resize=1200%2C398\" width=\"1200\" height=\"398\" srcset=\"https:\/\/i0.wp.com\/le-fort.org\/cocina\/wp-content\/uploads\/2015\/11\/estrella-hd.jpg?w=1200&amp;ssl=1 1200w, https:\/\/i0.wp.com\/le-fort.org\/cocina\/wp-content\/uploads\/2015\/11\/estrella-hd.jpg?resize=600%2C199&amp;ssl=1 600w\" sizes=\"auto, (max-width: 1200px) 100vw, 1200px\" \/><\/p>\n<p>El an\u00eds (an\u00eds estrella en la foto) es componente frecuente del Garam Masala entero. Se utiliza principalmente para saborizar el aceite.<\/p>\n<p>Tambi\u00e9n se utiliza el anis en grano (an\u00eds espa\u00f1ol en algunas partes) para mezclas de especias en polvo.<\/p>\n<p><img data-recalc-dims=\"1\" loading=\"lazy\" decoding=\"async\" data-attachment-id=\"5699\" data-permalink=\"https:\/\/le-fort.org\/cocina\/listado-de-especias\/anis-hd\/\" data-orig-file=\"https:\/\/i0.wp.com\/le-fort.org\/cocina\/wp-content\/uploads\/2011\/07\/anis-hd.jpg?fit=1200%2C400&amp;ssl=1\" data-orig-size=\"1200,400\" data-comments-opened=\"0\" data-image-meta=\"{&quot;aperture&quot;:&quot;0&quot;,&quot;credit&quot;:&quot;&quot;,&quot;camera&quot;:&quot;&quot;,&quot;caption&quot;:&quot;&quot;,&quot;created_timestamp&quot;:&quot;0&quot;,&quot;copyright&quot;:&quot;&quot;,&quot;focal_length&quot;:&quot;0&quot;,&quot;iso&quot;:&quot;0&quot;,&quot;shutter_speed&quot;:&quot;0&quot;,&quot;title&quot;:&quot;&quot;,&quot;orientation&quot;:&quot;0&quot;}\" data-image-title=\"anis-hd\" data-image-description=\"\" data-image-caption=\"\" data-large-file=\"https:\/\/i0.wp.com\/le-fort.org\/cocina\/wp-content\/uploads\/2011\/07\/anis-hd.jpg?fit=1200%2C400&amp;ssl=1\" class=\"aligncenter size-medium wp-image-5699\" src=\"https:\/\/i0.wp.com\/www.le-fort.org\/wp-content\/uploads\/2011\/07\/anis-hd-600x200.jpg?resize=600%2C200&#038;ssl=1\" alt=\"anis-hd\" width=\"600\" height=\"200\" srcset=\"https:\/\/i0.wp.com\/le-fort.org\/cocina\/wp-content\/uploads\/2011\/07\/anis-hd.jpg?resize=600%2C200&amp;ssl=1 600w, https:\/\/i0.wp.com\/le-fort.org\/cocina\/wp-content\/uploads\/2011\/07\/anis-hd.jpg?w=1200&amp;ssl=1 1200w\" sizes=\"auto, (max-width: 600px) 100vw, 600px\" \/><\/p>\n<h3>Semillas de mostaza<\/h3>\n<p>Las semillas de mostaza se hacen crepitar en aceite, un poco como el pop-corn. Se utiliza tambi\u00e9n en el <em><a href=\"https:\/\/le-fort.org\/ingredientes\/panch-phoron-mezcla-de-especias-india\/\">Panch Phoron<\/a><\/em>, una mezcla de 5 especias com\u00fan en el sur de India.<\/p>\n<p><img data-recalc-dims=\"1\" loading=\"lazy\" decoding=\"async\" data-attachment-id=\"5361\" data-permalink=\"https:\/\/le-fort.org\/cocina\/panch-phoron-mezcla-de-especias-india\/panch-phoron\/\" data-orig-file=\"https:\/\/i0.wp.com\/le-fort.org\/cocina\/wp-content\/uploads\/2014\/03\/panch-phoron.jpg?fit=700%2C525&amp;ssl=1\" data-orig-size=\"700,525\" data-comments-opened=\"0\" data-image-meta=\"{&quot;aperture&quot;:&quot;0&quot;,&quot;credit&quot;:&quot;&quot;,&quot;camera&quot;:&quot;&quot;,&quot;caption&quot;:&quot;&quot;,&quot;created_timestamp&quot;:&quot;0&quot;,&quot;copyright&quot;:&quot;&quot;,&quot;focal_length&quot;:&quot;0&quot;,&quot;iso&quot;:&quot;0&quot;,&quot;shutter_speed&quot;:&quot;0&quot;,&quot;title&quot;:&quot;&quot;,&quot;orientation&quot;:&quot;0&quot;}\" data-image-title=\"panch-phoron\" data-image-description=\"\" data-image-caption=\"\" data-large-file=\"https:\/\/i0.wp.com\/le-fort.org\/cocina\/wp-content\/uploads\/2014\/03\/panch-phoron.jpg?fit=700%2C525&amp;ssl=1\" class=\"aligncenter size-medium wp-image-5361\" src=\"https:\/\/i0.wp.com\/www.le-fort.org\/wp-content\/uploads\/2014\/03\/panch-phoron-600x450.jpg?resize=600%2C450&#038;ssl=1\" alt=\"panch-phoron\" width=\"600\" height=\"450\" srcset=\"https:\/\/i0.wp.com\/le-fort.org\/cocina\/wp-content\/uploads\/2014\/03\/panch-phoron.jpg?resize=600%2C450&amp;ssl=1 600w, https:\/\/i0.wp.com\/le-fort.org\/cocina\/wp-content\/uploads\/2014\/03\/panch-phoron.jpg?w=700&amp;ssl=1 700w\" sizes=\"auto, (max-width: 600px) 100vw, 600px\" \/><\/p>\n<h3>Semillas de cilantro<\/h3>\n<p>Esf\u00e9ricas o elipsoidales, se suelen utilizar en polvo, porque son un poco le\u00f1osas enteras. Antes de molerlas es frecuente tostarlas para obtener un sabor m\u00e1s complejo.<\/p>\n<p>&nbsp;<\/p>\n<h2>\u00a1A Jugar!<\/h2>\n<p>Con esto ya puede comenzar a jugar con la cocina india. Revisa <a href=\"https:\/\/le-fort.org\/etiqueta\/comida-india\/\">nuestras recetas<\/a> para m\u00e1s informaci\u00f3n. <a href=\"http:\/\/www.directoalpaladar.com\/ingredientes-y-alimentos\/las-especias-de-la-india-i\" target=\"_blank\">Aqu\u00ed hay otro\u00a0buen art\u00edculo al respecto<\/a>.<\/p>\n","protected":false},"excerpt":{"rendered":"<p>Algunas especias esenciales para cocinar comida india.<\/p>\n","protected":false},"author":1,"featured_media":5362,"comment_status":"closed","ping_status":"closed","sticky":false,"template":"","format":"standard","meta":{"_jetpack_newsletter_access":"","_jetpack_dont_email_post_to_subs":false,"_jetpack_newsletter_tier_id":0,"_jetpack_memberships_contains_paywalled_content":false,"_jetpack_memberships_contains_paid_content":false,"footnotes":""},"categories":[44],"tags":[12,354],"class_list":["post-5684","post","type-post","status-publish","format-standard","has-post-thumbnail","hentry","category-ingredientes","tag-comida-india","tag-especias","entry","has-media"],"jetpack_featured_media_url":"https:\/\/i0.wp.com\/le-fort.org\/cocina\/wp-content\/uploads\/2014\/03\/panch-phoron-hd.jpg?fit=1200%2C400&ssl=1","jetpack_shortlink":"https:\/\/wp.me\/pghKer-1tG","jetpack_sharing_enabled":true,"jetpack-related-posts":[{"id":6456,"url":"https:\/\/le-fort.org\/cocina\/curry-de-pollo-con-mango\/","url_meta":{"origin":5684,"position":0},"title":"Curry de Pollo con Mango","author":"Le-Fort.org","date":"22 de Mayo, 2015","format":false,"excerpt":"Receta de curry de pollo con mango. Es una delicia de la cocina india. Es tan, pero tan bueno que una vez nos pidieron matrimonio por \u00e9l.","rel":"","context":"En &quot;Recetas&quot;","block_context":{"text":"Recetas","link":"https:\/\/le-fort.org\/cocina\/categoria\/recetas\/"},"img":{"alt_text":"","src":"https:\/\/i0.wp.com\/le-fort.org\/cocina\/wp-content\/uploads\/2015\/05\/pollo-mango-hd.jpg?fit=1200%2C400&ssl=1&resize=350%2C200","width":350,"height":200,"srcset":"https:\/\/i0.wp.com\/le-fort.org\/cocina\/wp-content\/uploads\/2015\/05\/pollo-mango-hd.jpg?fit=1200%2C400&ssl=1&resize=350%2C200 1x, https:\/\/i0.wp.com\/le-fort.org\/cocina\/wp-content\/uploads\/2015\/05\/pollo-mango-hd.jpg?fit=1200%2C400&ssl=1&resize=525%2C300 1.5x, https:\/\/i0.wp.com\/le-fort.org\/cocina\/wp-content\/uploads\/2015\/05\/pollo-mango-hd.jpg?fit=1200%2C400&ssl=1&resize=700%2C400 2x, https:\/\/i0.wp.com\/le-fort.org\/cocina\/wp-content\/uploads\/2015\/05\/pollo-mango-hd.jpg?fit=1200%2C400&ssl=1&resize=1050%2C600 3x"},"classes":[]},{"id":9704,"url":"https:\/\/le-fort.org\/cocina\/brocoli-manchuriano-comida-indo-china\/","url_meta":{"origin":5684,"position":1},"title":"Br\u00f3coli Manchuriano","author":"Le-Fort.org","date":"26 de Octubre, 2017","format":false,"excerpt":"Cocina fusi\u00f3n entre la India y China.","rel":"","context":"En &quot;Recetas&quot;","block_context":{"text":"Recetas","link":"https:\/\/le-fort.org\/cocina\/categoria\/recetas\/"},"img":{"alt_text":"","src":"https:\/\/i0.wp.com\/le-fort.org\/cocina\/wp-content\/uploads\/2017\/10\/brocoli-hd-1.jpg?fit=1200%2C400&ssl=1&resize=350%2C200","width":350,"height":200,"srcset":"https:\/\/i0.wp.com\/le-fort.org\/cocina\/wp-content\/uploads\/2017\/10\/brocoli-hd-1.jpg?fit=1200%2C400&ssl=1&resize=350%2C200 1x, https:\/\/i0.wp.com\/le-fort.org\/cocina\/wp-content\/uploads\/2017\/10\/brocoli-hd-1.jpg?fit=1200%2C400&ssl=1&resize=525%2C300 1.5x, https:\/\/i0.wp.com\/le-fort.org\/cocina\/wp-content\/uploads\/2017\/10\/brocoli-hd-1.jpg?fit=1200%2C400&ssl=1&resize=700%2C400 2x, https:\/\/i0.wp.com\/le-fort.org\/cocina\/wp-content\/uploads\/2017\/10\/brocoli-hd-1.jpg?fit=1200%2C400&ssl=1&resize=1050%2C600 3x"},"classes":[]},{"id":5118,"url":"https:\/\/le-fort.org\/cocina\/molee-curry-de-pescado-con-leche-de-coco\/","url_meta":{"origin":5684,"position":2},"title":"Molee \u2013 Curry de Pescado con Leche de Coco","author":"Le-Fort.org","date":"7 de Enero, 2014","format":false,"excerpt":"Receta de Molee, curry del sur de India (Kerala) que consiste en pescado previamente marinado y frito, y luego cocinado en una salsa de leche de coco.","rel":"","context":"En &quot;Recetas&quot;","block_context":{"text":"Recetas","link":"https:\/\/le-fort.org\/cocina\/categoria\/recetas\/"},"img":{"alt_text":"","src":"https:\/\/i0.wp.com\/le-fort.org\/cocina\/wp-content\/uploads\/2014\/01\/molee-hd.jpg?fit=1200%2C400&ssl=1&resize=350%2C200","width":350,"height":200,"srcset":"https:\/\/i0.wp.com\/le-fort.org\/cocina\/wp-content\/uploads\/2014\/01\/molee-hd.jpg?fit=1200%2C400&ssl=1&resize=350%2C200 1x, https:\/\/i0.wp.com\/le-fort.org\/cocina\/wp-content\/uploads\/2014\/01\/molee-hd.jpg?fit=1200%2C400&ssl=1&resize=525%2C300 1.5x, https:\/\/i0.wp.com\/le-fort.org\/cocina\/wp-content\/uploads\/2014\/01\/molee-hd.jpg?fit=1200%2C400&ssl=1&resize=700%2C400 2x, https:\/\/i0.wp.com\/le-fort.org\/cocina\/wp-content\/uploads\/2014\/01\/molee-hd.jpg?fit=1200%2C400&ssl=1&resize=1050%2C600 3x"},"classes":[]},{"id":7510,"url":"https:\/\/le-fort.org\/cocina\/murgh-mughlai-curry-de-pollo\/","url_meta":{"origin":5684,"position":3},"title":"Murgh Mughlai \u2014 Curry de Pollo","author":"Le-Fort.org","date":"1 de Febrero, 2016","format":false,"excerpt":"Pollo al estilo mongol. Cocina del norte de India.","rel":"","context":"En &quot;Recetas&quot;","block_context":{"text":"Recetas","link":"https:\/\/le-fort.org\/cocina\/categoria\/recetas\/"},"img":{"alt_text":"","src":"https:\/\/i0.wp.com\/le-fort.org\/cocina\/wp-content\/uploads\/2016\/02\/murgh-mughlai-hd.jpg?fit=1200%2C400&ssl=1&resize=350%2C200","width":350,"height":200,"srcset":"https:\/\/i0.wp.com\/le-fort.org\/cocina\/wp-content\/uploads\/2016\/02\/murgh-mughlai-hd.jpg?fit=1200%2C400&ssl=1&resize=350%2C200 1x, https:\/\/i0.wp.com\/le-fort.org\/cocina\/wp-content\/uploads\/2016\/02\/murgh-mughlai-hd.jpg?fit=1200%2C400&ssl=1&resize=525%2C300 1.5x, https:\/\/i0.wp.com\/le-fort.org\/cocina\/wp-content\/uploads\/2016\/02\/murgh-mughlai-hd.jpg?fit=1200%2C400&ssl=1&resize=700%2C400 2x, https:\/\/i0.wp.com\/le-fort.org\/cocina\/wp-content\/uploads\/2016\/02\/murgh-mughlai-hd.jpg?fit=1200%2C400&ssl=1&resize=1050%2C600 3x"},"classes":[]},{"id":7831,"url":"https:\/\/le-fort.org\/cocina\/tallarines-al-pesto-cebolla-jengibre\/","url_meta":{"origin":5684,"position":4},"title":"Tallarines al Pesto con Cebolla y Jengibre","author":"Le-Fort.org","date":"5 de Mayo, 2016","format":false,"excerpt":"Vemos pasar recetas constantemente. Muchas veces, quedan en un rinc\u00f3n de la memoria hasta que, por ejemplo, uno ve un ramito de albahaca en el supermercado y ah\u00ed vuelven. Eso fue exactamente lo que nos sucedi\u00f3 con este\u00a0pesto con cebolla y jengibre, que tiene un aire medio Thai. Nos encant\u00f3\u2026","rel":"","context":"En &quot;Recetas&quot;","block_context":{"text":"Recetas","link":"https:\/\/le-fort.org\/cocina\/categoria\/recetas\/"},"img":{"alt_text":"","src":"https:\/\/i0.wp.com\/le-fort.org\/cocina\/wp-content\/uploads\/2016\/05\/pesto-hd.jpg?fit=1200%2C400&ssl=1&resize=350%2C200","width":350,"height":200,"srcset":"https:\/\/i0.wp.com\/le-fort.org\/cocina\/wp-content\/uploads\/2016\/05\/pesto-hd.jpg?fit=1200%2C400&ssl=1&resize=350%2C200 1x, https:\/\/i0.wp.com\/le-fort.org\/cocina\/wp-content\/uploads\/2016\/05\/pesto-hd.jpg?fit=1200%2C400&ssl=1&resize=525%2C300 1.5x, https:\/\/i0.wp.com\/le-fort.org\/cocina\/wp-content\/uploads\/2016\/05\/pesto-hd.jpg?fit=1200%2C400&ssl=1&resize=700%2C400 2x, https:\/\/i0.wp.com\/le-fort.org\/cocina\/wp-content\/uploads\/2016\/05\/pesto-hd.jpg?fit=1200%2C400&ssl=1&resize=1050%2C600 3x"},"classes":[]},{"id":509,"url":"https:\/\/le-fort.org\/cocina\/receta-saag-paneer-espinaca-quesillo\/","url_meta":{"origin":5684,"position":5},"title":"Receta de Saag Paneer (espinaca con quesillo)","author":"Le-Fort.org","date":"28 de Julio, 2011","format":false,"excerpt":"Receta de Saag Paneer, plato indio de espinaca con quesillo. Es un curry vegetariano.","rel":"","context":"En &quot;Comida&quot;","block_context":{"text":"Comida","link":"https:\/\/le-fort.org\/cocina\/categoria\/cocina-comida\/"},"img":{"alt_text":"","src":"https:\/\/i0.wp.com\/le-fort.org\/cocina\/wp-content\/uploads\/2011\/07\/hd-saag-paneer.jpg?fit=600%2C225&ssl=1&resize=350%2C200","width":350,"height":200,"srcset":"https:\/\/i0.wp.com\/le-fort.org\/cocina\/wp-content\/uploads\/2011\/07\/hd-saag-paneer.jpg?fit=600%2C225&ssl=1&resize=350%2C200 1x, https:\/\/i0.wp.com\/le-fort.org\/cocina\/wp-content\/uploads\/2011\/07\/hd-saag-paneer.jpg?fit=600%2C225&ssl=1&resize=525%2C300 1.5x"},"classes":[]}],"_links":{"self":[{"href":"https:\/\/le-fort.org\/cocina\/wp-json\/wp\/v2\/posts\/5684","targetHints":{"allow":["GET"]}}],"collection":[{"href":"https:\/\/le-fort.org\/cocina\/wp-json\/wp\/v2\/posts"}],"about":[{"href":"https:\/\/le-fort.org\/cocina\/wp-json\/wp\/v2\/types\/post"}],"author":[{"embeddable":true,"href":"https:\/\/le-fort.org\/cocina\/wp-json\/wp\/v2\/users\/1"}],"replies":[{"embeddable":true,"href":"https:\/\/le-fort.org\/cocina\/wp-json\/wp\/v2\/comments?post=5684"}],"version-history":[{"count":0,"href":"https:\/\/le-fort.org\/cocina\/wp-json\/wp\/v2\/posts\/5684\/revisions"}],"wp:featuredmedia":[{"embeddable":true,"href":"https:\/\/le-fort.org\/cocina\/wp-json\/wp\/v2\/media\/5362"}],"wp:attachment":[{"href":"https:\/\/le-fort.org\/cocina\/wp-json\/wp\/v2\/media?parent=5684"}],"wp:term":[{"taxonomy":"category","embeddable":true,"href":"https:\/\/le-fort.org\/cocina\/wp-json\/wp\/v2\/categories?post=5684"},{"taxonomy":"post_tag","embeddable":true,"href":"https:\/\/le-fort.org\/cocina\/wp-json\/wp\/v2\/tags?post=5684"}],"curies":[{"name":"wp","href":"https:\/\/api.w.org\/{rel}","templated":true}]}}