{"id":5728,"date":"2014-09-08T21:24:10","date_gmt":"2014-09-09T02:24:10","guid":{"rendered":"http:\/\/www.loquecomemos.com\/?p=5728"},"modified":"2017-10-15T09:58:01","modified_gmt":"2017-10-15T14:58:01","slug":"pimienta-de-jamaica-una-especia-del-nuevo-mundo","status":"publish","type":"post","link":"https:\/\/le-fort.org\/cocina\/pimienta-de-jamaica-una-especia-del-nuevo-mundo\/","title":{"rendered":"Pimienta de Jamaica"},"content":{"rendered":"<p><img data-recalc-dims=\"1\" loading=\"lazy\" decoding=\"async\" data-attachment-id=\"5706\" data-permalink=\"https:\/\/le-fort.org\/cocina\/listado-de-especias\/pimienta-de-jamaica\/\" data-orig-file=\"https:\/\/i0.wp.com\/le-fort.org\/cocina\/wp-content\/uploads\/2011\/07\/pimienta-de-jamaica.jpg?fit=700%2C500&amp;ssl=1\" data-orig-size=\"700,500\" data-comments-opened=\"0\" data-image-meta=\"{&quot;aperture&quot;:&quot;0&quot;,&quot;credit&quot;:&quot;&quot;,&quot;camera&quot;:&quot;&quot;,&quot;caption&quot;:&quot;&quot;,&quot;created_timestamp&quot;:&quot;0&quot;,&quot;copyright&quot;:&quot;&quot;,&quot;focal_length&quot;:&quot;0&quot;,&quot;iso&quot;:&quot;0&quot;,&quot;shutter_speed&quot;:&quot;0&quot;,&quot;title&quot;:&quot;&quot;,&quot;orientation&quot;:&quot;0&quot;}\" data-image-title=\"pimienta-de-jamaica\" data-image-description=\"\" data-image-caption=\"\" data-large-file=\"https:\/\/i0.wp.com\/le-fort.org\/cocina\/wp-content\/uploads\/2011\/07\/pimienta-de-jamaica.jpg?fit=700%2C500&amp;ssl=1\" class=\"aligncenter size-full wp-image-5706\" src=\"https:\/\/i0.wp.com\/www.le-fort.org\/wp-content\/uploads\/2011\/07\/pimienta-de-jamaica.jpg?resize=700%2C500&#038;ssl=1\" alt=\"pimienta-de-jamaica\" width=\"700\" height=\"500\" srcset=\"https:\/\/i0.wp.com\/le-fort.org\/cocina\/wp-content\/uploads\/2011\/07\/pimienta-de-jamaica.jpg?w=700&amp;ssl=1 700w, https:\/\/i0.wp.com\/le-fort.org\/cocina\/wp-content\/uploads\/2011\/07\/pimienta-de-jamaica.jpg?resize=600%2C429&amp;ssl=1 600w\" sizes=\"auto, (max-width: 700px) 100vw, 700px\" \/><\/p>\n<p>La <strong>Pimienta de Jamaica<\/strong> se conoce tambi\u00e9n por una serie de otros nombres: pimienta dulce, pimienta de olor, pimienta gorda, todaespecia (traducido del ingl\u00e9s <em>Allspice<\/em>), pimienta inglesa, malagueta, Tabasca, pimienta de chapa, etc. Es -junto con la vainilla y el aj\u00ed- de las pocas especias de\u00a0origen americano\u00a0que se han instalado en los especieros del mundo.<!--more--><\/p>\n<p>Son los frutos secos de un \u00e1rbol originario de Guatemala, M\u00e9xico, Cuba y Jamaica, y tiene variados usos para condimentar carnes, dulces, embutidos, conservas, quesos y otros y su uso se ha expandido desde Am\u00e9rica Central y el Caribe hasta la cocina de Inglaterra y Palestina. Se puede utilizar entera o molida.<\/p>\n<p>Los ingleses la denominaron <em>Allspice<\/em> porque recuerda a la vez a la <a title=\"Especias: La Canela (Cinamomum Verum)\" href=\"https:\/\/le-fort.org\/la-canela-cinamomum-verum\/\">canela<\/a>, la nuez moscada y el <a title=\"Clavo de Olor\" href=\"http:\/\/www.loquecomemos.com\/clavo-de-olor\/\">clavo de olor<\/a>. Es interesante notar que no es una pimienta en el sentido estricto, porque no pica, pero los frutos secos tienen un cierto parecido a la <a title=\"Especias: Pimienta Negra\" href=\"https:\/\/le-fort.org\/especias-pimienta-negra\/\">pimienta negra<\/a>.<\/p>\n<p>A diferencia de otras especias, morder un grano de pimienta de Jamaica no tiene mucho gusto ni mucho aroma. No da ese placer que se siente al morder por ejemplo un grano de pimienta entera o una semilla de <a title=\"Especias: El Cardamomo\" href=\"http:\/\/www.loquecomemos.com\/especias-cardamomo\/\">cardamomo<\/a>.<\/p>\n<p><img data-recalc-dims=\"1\" loading=\"lazy\" decoding=\"async\" data-attachment-id=\"5707\" data-permalink=\"https:\/\/le-fort.org\/cocina\/listado-de-especias\/pimienta-de-jamaica-hd\/\" data-orig-file=\"https:\/\/i0.wp.com\/le-fort.org\/cocina\/wp-content\/uploads\/2011\/07\/pimienta-de-jamaica-hd.jpg?fit=1200%2C400&amp;ssl=1\" data-orig-size=\"1200,400\" data-comments-opened=\"0\" data-image-meta=\"{&quot;aperture&quot;:&quot;0&quot;,&quot;credit&quot;:&quot;&quot;,&quot;camera&quot;:&quot;&quot;,&quot;caption&quot;:&quot;&quot;,&quot;created_timestamp&quot;:&quot;0&quot;,&quot;copyright&quot;:&quot;&quot;,&quot;focal_length&quot;:&quot;0&quot;,&quot;iso&quot;:&quot;0&quot;,&quot;shutter_speed&quot;:&quot;0&quot;,&quot;title&quot;:&quot;&quot;,&quot;orientation&quot;:&quot;0&quot;}\" data-image-title=\"pimienta-de-jamaica-hd\" data-image-description=\"\" data-image-caption=\"\" data-large-file=\"https:\/\/i0.wp.com\/le-fort.org\/cocina\/wp-content\/uploads\/2011\/07\/pimienta-de-jamaica-hd.jpg?fit=1200%2C400&amp;ssl=1\" class=\"aligncenter size-full wp-image-5707\" src=\"https:\/\/i0.wp.com\/www.le-fort.org\/wp-content\/uploads\/2011\/07\/pimienta-de-jamaica-hd.jpg?resize=1200%2C400&#038;ssl=1\" alt=\"pimienta-de-jamaica-hd\" width=\"1200\" height=\"400\" srcset=\"https:\/\/i0.wp.com\/le-fort.org\/cocina\/wp-content\/uploads\/2011\/07\/pimienta-de-jamaica-hd.jpg?w=1200&amp;ssl=1 1200w, https:\/\/i0.wp.com\/le-fort.org\/cocina\/wp-content\/uploads\/2011\/07\/pimienta-de-jamaica-hd.jpg?resize=600%2C200&amp;ssl=1 600w\" sizes=\"auto, (max-width: 1200px) 100vw, 1200px\" \/><\/p>\n<p>\u00bfPara qu\u00e9 usas la pimienta de Jamaica en tu cocina?<\/p>\n<p>[fin]<\/p>\n","protected":false},"excerpt":{"rendered":"<p>La Pimienta de Jamaica se conoce tambi\u00e9n por una serie de otros nombres: pimienta dulce, pimienta de olor, pimienta gorda, todaespecia (traducido del ingl\u00e9s Allspice), pimienta inglesa, malagueta, Tabasca, pimienta de chapa, etc. Es -junto con la vainilla y el aj\u00ed- de las pocas especias de origen americano que se han instalado en los especieros del mundo.<\/p>\n","protected":false},"author":1,"featured_media":5707,"comment_status":"open","ping_status":"closed","sticky":false,"template":"","format":"standard","meta":{"_jetpack_newsletter_access":"","_jetpack_dont_email_post_to_subs":false,"_jetpack_newsletter_tier_id":0,"_jetpack_memberships_contains_paywalled_content":false,"_jetpack_memberships_contains_paid_content":false,"footnotes":""},"categories":[14],"tags":[354,343,364],"class_list":["post-5728","post","type-post","status-publish","format-standard","has-post-thumbnail","hentry","category-condimentos-especias","tag-especias","tag-glosario","tag-pimienta-de-jamaica","entry","has-media"],"jetpack_featured_media_url":"https:\/\/i0.wp.com\/le-fort.org\/cocina\/wp-content\/uploads\/2011\/07\/pimienta-de-jamaica-hd.jpg?fit=1200%2C400&ssl=1","jetpack_shortlink":"https:\/\/wp.me\/pghKer-1uo","jetpack_sharing_enabled":true,"jetpack-related-posts":[{"id":1745,"url":"https:\/\/le-fort.org\/cocina\/especias-pimienta-negra\/","url_meta":{"origin":5728,"position":0},"title":"Pimienta Negra (Especia)","author":"Le-Fort.org","date":"14 de Enero, 2013","format":false,"excerpt":"Hablemos sobre la pimienta.","rel":"","context":"En &quot;Comida&quot;","block_context":{"text":"Comida","link":"https:\/\/le-fort.org\/cocina\/categoria\/cocina-comida\/"},"img":{"alt_text":"","src":"https:\/\/i0.wp.com\/le-fort.org\/cocina\/wp-content\/uploads\/2013\/01\/pimienta-hd.jpg?fit=1200%2C398&ssl=1&resize=350%2C200","width":350,"height":200,"srcset":"https:\/\/i0.wp.com\/le-fort.org\/cocina\/wp-content\/uploads\/2013\/01\/pimienta-hd.jpg?fit=1200%2C398&ssl=1&resize=350%2C200 1x, https:\/\/i0.wp.com\/le-fort.org\/cocina\/wp-content\/uploads\/2013\/01\/pimienta-hd.jpg?fit=1200%2C398&ssl=1&resize=525%2C300 1.5x, https:\/\/i0.wp.com\/le-fort.org\/cocina\/wp-content\/uploads\/2013\/01\/pimienta-hd.jpg?fit=1200%2C398&ssl=1&resize=700%2C400 2x, https:\/\/i0.wp.com\/le-fort.org\/cocina\/wp-content\/uploads\/2013\/01\/pimienta-hd.jpg?fit=1200%2C398&ssl=1&resize=1050%2C600 3x"},"classes":[]},{"id":9280,"url":"https:\/\/le-fort.org\/cocina\/pepinillos-dill-encurtidos\/","url_meta":{"origin":5728,"position":1},"title":"Pepinillos Dill: Encurtidos","author":"Le-Fort.org","date":"26 de Abril, 2017","format":false,"excerpt":"Receta de pepinillos dill: un pickle (o encurtido) de pepinillos m\u00e1s suave y arom\u00e1tico que el t\u00edpico que encontramos en los supermercados.","rel":"","context":"En &quot;General&quot;","block_context":{"text":"General","link":"https:\/\/le-fort.org\/cocina\/categoria\/general\/"},"img":{"alt_text":"","src":"https:\/\/i0.wp.com\/le-fort.org\/cocina\/wp-content\/uploads\/2017\/04\/pepinillos-hd.jpg?fit=1200%2C400&ssl=1&resize=350%2C200","width":350,"height":200,"srcset":"https:\/\/i0.wp.com\/le-fort.org\/cocina\/wp-content\/uploads\/2017\/04\/pepinillos-hd.jpg?fit=1200%2C400&ssl=1&resize=350%2C200 1x, https:\/\/i0.wp.com\/le-fort.org\/cocina\/wp-content\/uploads\/2017\/04\/pepinillos-hd.jpg?fit=1200%2C400&ssl=1&resize=525%2C300 1.5x, https:\/\/i0.wp.com\/le-fort.org\/cocina\/wp-content\/uploads\/2017\/04\/pepinillos-hd.jpg?fit=1200%2C400&ssl=1&resize=700%2C400 2x, https:\/\/i0.wp.com\/le-fort.org\/cocina\/wp-content\/uploads\/2017\/04\/pepinillos-hd.jpg?fit=1200%2C400&ssl=1&resize=1050%2C600 3x"},"classes":[]},{"id":7979,"url":"https:\/\/le-fort.org\/cocina\/el-ishpingo\/","url_meta":{"origin":5728,"position":2},"title":"Ishpingo o Canela Amaz\u00f3nica","author":"Le-Fort.org","date":"28 de Mayo, 2016","format":false,"excerpt":"Las especias y condimentos son un mundo de nunca acabar, y cada lugar tiene su\u00a0propia variedad,\u00a0que en otros lugares no se conoce o no se considera como tal. Ese es el caso del Ishpingo, que es propio de la Amazon\u00eda ecuatoriana y peruana. El Ishpingo (Ocotea quixos en nombre taxon\u00f3mico)\u2026","rel":"","context":"En &quot;Condimentos y Especias&quot;","block_context":{"text":"Condimentos y Especias","link":"https:\/\/le-fort.org\/cocina\/categoria\/condimentos-especias\/"},"img":{"alt_text":"","src":"https:\/\/i0.wp.com\/le-fort.org\/cocina\/wp-content\/uploads\/2016\/05\/ishpingo-2-hd.jpg?fit=1200%2C400&ssl=1&resize=350%2C200","width":350,"height":200,"srcset":"https:\/\/i0.wp.com\/le-fort.org\/cocina\/wp-content\/uploads\/2016\/05\/ishpingo-2-hd.jpg?fit=1200%2C400&ssl=1&resize=350%2C200 1x, https:\/\/i0.wp.com\/le-fort.org\/cocina\/wp-content\/uploads\/2016\/05\/ishpingo-2-hd.jpg?fit=1200%2C400&ssl=1&resize=525%2C300 1.5x, https:\/\/i0.wp.com\/le-fort.org\/cocina\/wp-content\/uploads\/2016\/05\/ishpingo-2-hd.jpg?fit=1200%2C400&ssl=1&resize=700%2C400 2x, https:\/\/i0.wp.com\/le-fort.org\/cocina\/wp-content\/uploads\/2016\/05\/ishpingo-2-hd.jpg?fit=1200%2C400&ssl=1&resize=1050%2C600 3x"},"classes":[]},{"id":13484,"url":"https:\/\/le-fort.org\/cocina\/especias-de-navidad\/","url_meta":{"origin":5728,"position":3},"title":"Especias de Navidad","author":"Le-Fort.org","date":"22 de Noviembre, 2018","format":false,"excerpt":"Receta de mezcla de especias de navidad alemanas (Lebkuchengew\u00fcrz)","rel":"","context":"En &quot;Recetas&quot;","block_context":{"text":"Recetas","link":"https:\/\/le-fort.org\/cocina\/categoria\/recetas\/"},"img":{"alt_text":"","src":"https:\/\/i0.wp.com\/le-fort.org\/cocina\/wp-content\/uploads\/2018\/11\/especias-lebkuchen-hd.jpg?fit=1200%2C400&ssl=1&resize=350%2C200","width":350,"height":200,"srcset":"https:\/\/i0.wp.com\/le-fort.org\/cocina\/wp-content\/uploads\/2018\/11\/especias-lebkuchen-hd.jpg?fit=1200%2C400&ssl=1&resize=350%2C200 1x, https:\/\/i0.wp.com\/le-fort.org\/cocina\/wp-content\/uploads\/2018\/11\/especias-lebkuchen-hd.jpg?fit=1200%2C400&ssl=1&resize=525%2C300 1.5x, https:\/\/i0.wp.com\/le-fort.org\/cocina\/wp-content\/uploads\/2018\/11\/especias-lebkuchen-hd.jpg?fit=1200%2C400&ssl=1&resize=700%2C400 2x, https:\/\/i0.wp.com\/le-fort.org\/cocina\/wp-content\/uploads\/2018\/11\/especias-lebkuchen-hd.jpg?fit=1200%2C400&ssl=1&resize=1050%2C600 3x"},"classes":[]},{"id":54,"url":"https:\/\/le-fort.org\/cocina\/ave-pimiento-caliente-ave-y-pimiento\/","url_meta":{"origin":5728,"position":4},"title":"Ave pimiento caliente: ave y pimiento","author":"Maestro Sanguchero","date":"11 de Febrero, 2010","format":false,"excerpt":"El Ave Pimiento aparece en dos variantes: fr\u00edo y caliente. Hoy nos dedicaremos al Ave Pimiento caliente. El Ave pimiento fr\u00edo est\u00e1 comentado en otro art\u00edculo. Usualmente en pan de molde. A veces en pan de frica Ave desmenuzada Trozos grandes de pimiento morr\u00f3n Usualmente sin mayonesa Buena opci\u00f3n para\u2026","rel":"","context":"En &quot;Sandwich&quot;","block_context":{"text":"Sandwich","link":"https:\/\/le-fort.org\/cocina\/categoria\/sandwich\/"},"img":{"alt_text":"","src":"https:\/\/i0.wp.com\/le-fort.org\/cocina\/wp-content\/uploads\/2010\/03\/ave-pimiento.jpg?fit=480%2C360&ssl=1&resize=350%2C200","width":350,"height":200},"classes":[]},{"id":71,"url":"https:\/\/le-fort.org\/cocina\/ave-pimiento-frio-ave-pimiento-mayonesa\/","url_meta":{"origin":5728,"position":5},"title":"Ave pimiento fr\u00edo: ave, pimiento, mayonesa","author":"Maestro Sanguchero","date":"8 de Marzo, 2010","format":false,"excerpt":"El Ave pimiento tiene dos caras: una caliente y una fr\u00eda; una en frica y otra en molde. La versi\u00f3n fr\u00eda es\u00a0un sandwich en pan de molde, idealmente sin bordes, y es una mezcla m\u00e1s o menos corpuscular de pechuga de pollo cocida y desmenuzada, pimiento rojo asado y pelado,\u2026","rel":"","context":"En &quot;Sandwich&quot;","block_context":{"text":"Sandwich","link":"https:\/\/le-fort.org\/cocina\/categoria\/sandwich\/"},"img":{"alt_text":"","src":"https:\/\/i0.wp.com\/le-fort.org\/cocina\/wp-content\/uploads\/2010\/03\/ave-pimiento.jpg?fit=480%2C360&ssl=1&resize=350%2C200","width":350,"height":200},"classes":[]}],"_links":{"self":[{"href":"https:\/\/le-fort.org\/cocina\/wp-json\/wp\/v2\/posts\/5728","targetHints":{"allow":["GET"]}}],"collection":[{"href":"https:\/\/le-fort.org\/cocina\/wp-json\/wp\/v2\/posts"}],"about":[{"href":"https:\/\/le-fort.org\/cocina\/wp-json\/wp\/v2\/types\/post"}],"author":[{"embeddable":true,"href":"https:\/\/le-fort.org\/cocina\/wp-json\/wp\/v2\/users\/1"}],"replies":[{"embeddable":true,"href":"https:\/\/le-fort.org\/cocina\/wp-json\/wp\/v2\/comments?post=5728"}],"version-history":[{"count":0,"href":"https:\/\/le-fort.org\/cocina\/wp-json\/wp\/v2\/posts\/5728\/revisions"}],"wp:featuredmedia":[{"embeddable":true,"href":"https:\/\/le-fort.org\/cocina\/wp-json\/wp\/v2\/media\/5707"}],"wp:attachment":[{"href":"https:\/\/le-fort.org\/cocina\/wp-json\/wp\/v2\/media?parent=5728"}],"wp:term":[{"taxonomy":"category","embeddable":true,"href":"https:\/\/le-fort.org\/cocina\/wp-json\/wp\/v2\/categories?post=5728"},{"taxonomy":"post_tag","embeddable":true,"href":"https:\/\/le-fort.org\/cocina\/wp-json\/wp\/v2\/tags?post=5728"}],"curies":[{"name":"wp","href":"https:\/\/api.w.org\/{rel}","templated":true}]}}