{"id":5866,"date":"2014-12-11T08:30:43","date_gmt":"2014-12-11T13:30:43","guid":{"rendered":"http:\/\/www.loquecomemos.com\/?p=5866"},"modified":"2014-12-10T23:11:57","modified_gmt":"2014-12-11T04:11:57","slug":"comiendo-cangrejos-de-manglar","status":"publish","type":"post","link":"https:\/\/le-fort.org\/cocina\/comiendo-cangrejos-de-manglar\/","title":{"rendered":"Comiendo Cangrejos de Manglar"},"content":{"rendered":"<p><img data-recalc-dims=\"1\" loading=\"lazy\" decoding=\"async\" data-attachment-id=\"5892\" data-permalink=\"https:\/\/le-fort.org\/cocina\/comiendo-cangrejos-de-manglar\/cangrejos\/\" data-orig-file=\"https:\/\/i0.wp.com\/le-fort.org\/cocina\/wp-content\/uploads\/2014\/12\/cangrejos.jpg?fit=700%2C500&amp;ssl=1\" data-orig-size=\"700,500\" data-comments-opened=\"0\" data-image-meta=\"{&quot;aperture&quot;:&quot;0&quot;,&quot;credit&quot;:&quot;&quot;,&quot;camera&quot;:&quot;&quot;,&quot;caption&quot;:&quot;&quot;,&quot;created_timestamp&quot;:&quot;0&quot;,&quot;copyright&quot;:&quot;&quot;,&quot;focal_length&quot;:&quot;0&quot;,&quot;iso&quot;:&quot;0&quot;,&quot;shutter_speed&quot;:&quot;0&quot;,&quot;title&quot;:&quot;&quot;,&quot;orientation&quot;:&quot;0&quot;}\" data-image-title=\"cangrejos\" data-image-description=\"\" data-image-caption=\"\" data-large-file=\"https:\/\/i0.wp.com\/le-fort.org\/cocina\/wp-content\/uploads\/2014\/12\/cangrejos.jpg?fit=700%2C500&amp;ssl=1\" class=\"alignleft size-thumbnail wp-image-5892\" src=\"https:\/\/i0.wp.com\/www.le-fort.org\/wp-content\/uploads\/2014\/12\/cangrejos-150x150.jpg?resize=150%2C150&#038;ssl=1\" alt=\"cangrejos\" width=\"150\" height=\"150\" srcset=\"https:\/\/i0.wp.com\/le-fort.org\/cocina\/wp-content\/uploads\/2014\/12\/cangrejos.jpg?resize=150%2C150&amp;ssl=1 150w, https:\/\/i0.wp.com\/le-fort.org\/cocina\/wp-content\/uploads\/2014\/12\/cangrejos.jpg?zoom=2&amp;resize=150%2C150&amp;ssl=1 300w, https:\/\/i0.wp.com\/le-fort.org\/cocina\/wp-content\/uploads\/2014\/12\/cangrejos.jpg?zoom=3&amp;resize=150%2C150&amp;ssl=1 450w\" sizes=\"auto, (max-width: 150px) 100vw, 150px\" \/>Nuestros amigos Sole y Fede, siempre atentos a nuestra educaci\u00f3n, nos invitaron a comer cangrejo. Comer cangrejo es toda una instituci\u00f3n cultural aqu\u00ed en Ecuador. Tanto as\u00ed, que tiene una temporada de veda en Per\u00fa y Ecuador. Aqu\u00ed en Ecuador la veda es desde el 1 al 31 de marzo, para permitir la reproducci\u00f3n del crust\u00e1ceo que nos ocupa.<\/p>\n<p>Llegamos a casa de Sole y Fede \u00a0y nos estaban esperando con todo listo.<\/p>\n<p>Todo es una serie de cosas:<!--more--><\/p>\n<p>Los cangrejos ya cocidos, mayonesa, papas en cubitos, maduro cocido en la misma agua que los cangrejos, etc., y por supuesto, cerveza y la herramienta para comer cangrejos: el mazo\u00a0y la tabla.<\/p>\n<figure id=\"attachment_5896\" aria-describedby=\"caption-attachment-5896\" style=\"width: 700px\" class=\"wp-caption aligncenter\"><img data-recalc-dims=\"1\" loading=\"lazy\" decoding=\"async\" data-attachment-id=\"5896\" data-permalink=\"https:\/\/le-fort.org\/cocina\/comiendo-cangrejos-de-manglar\/cangrejos-martillo\/\" data-orig-file=\"https:\/\/i0.wp.com\/le-fort.org\/cocina\/wp-content\/uploads\/2014\/12\/cangrejos-martillo.jpg?fit=700%2C500&amp;ssl=1\" data-orig-size=\"700,500\" data-comments-opened=\"0\" data-image-meta=\"{&quot;aperture&quot;:&quot;0&quot;,&quot;credit&quot;:&quot;&quot;,&quot;camera&quot;:&quot;&quot;,&quot;caption&quot;:&quot;&quot;,&quot;created_timestamp&quot;:&quot;0&quot;,&quot;copyright&quot;:&quot;&quot;,&quot;focal_length&quot;:&quot;0&quot;,&quot;iso&quot;:&quot;0&quot;,&quot;shutter_speed&quot;:&quot;0&quot;,&quot;title&quot;:&quot;&quot;,&quot;orientation&quot;:&quot;0&quot;}\" data-image-title=\"cangrejos-martillo\" data-image-description=\"\" data-image-caption=\"&lt;p&gt;Tabla y mazo&lt;\/p&gt;\n\" data-large-file=\"https:\/\/i0.wp.com\/le-fort.org\/cocina\/wp-content\/uploads\/2014\/12\/cangrejos-martillo.jpg?fit=700%2C500&amp;ssl=1\" class=\"size-full wp-image-5896\" src=\"https:\/\/i0.wp.com\/www.le-fort.org\/wp-content\/uploads\/2014\/12\/cangrejos-martillo.jpg?resize=700%2C500&#038;ssl=1\" alt=\"Tabla y mazo\" width=\"700\" height=\"500\" srcset=\"https:\/\/i0.wp.com\/le-fort.org\/cocina\/wp-content\/uploads\/2014\/12\/cangrejos-martillo.jpg?w=700&amp;ssl=1 700w, https:\/\/i0.wp.com\/le-fort.org\/cocina\/wp-content\/uploads\/2014\/12\/cangrejos-martillo.jpg?resize=600%2C429&amp;ssl=1 600w\" sizes=\"auto, (max-width: 700px) 100vw, 700px\" \/><figcaption id=\"caption-attachment-5896\" class=\"wp-caption-text\">Tabla y mazo<\/figcaption><\/figure>\n<p>Notemos por favor el papel de peri\u00f3dico bajo la tabla. Es necesario.<\/p>\n<p>Llegaron los cangrejos a la mesa.<\/p>\n<figure id=\"attachment_5895\" aria-describedby=\"caption-attachment-5895\" style=\"width: 700px\" class=\"wp-caption aligncenter\"><a href=\"https:\/\/i0.wp.com\/le-fort.org\/wp-content\/uploads\/2014\/12\/cangrejos-listos.jpg?ssl=1\"><img data-recalc-dims=\"1\" loading=\"lazy\" decoding=\"async\" data-attachment-id=\"5895\" data-permalink=\"https:\/\/le-fort.org\/cocina\/comiendo-cangrejos-de-manglar\/cangrejos-listos\/\" data-orig-file=\"https:\/\/i0.wp.com\/le-fort.org\/cocina\/wp-content\/uploads\/2014\/12\/cangrejos-listos.jpg?fit=700%2C500&amp;ssl=1\" data-orig-size=\"700,500\" data-comments-opened=\"0\" data-image-meta=\"{&quot;aperture&quot;:&quot;0&quot;,&quot;credit&quot;:&quot;&quot;,&quot;camera&quot;:&quot;&quot;,&quot;caption&quot;:&quot;&quot;,&quot;created_timestamp&quot;:&quot;0&quot;,&quot;copyright&quot;:&quot;&quot;,&quot;focal_length&quot;:&quot;0&quot;,&quot;iso&quot;:&quot;0&quot;,&quot;shutter_speed&quot;:&quot;0&quot;,&quot;title&quot;:&quot;&quot;,&quot;orientation&quot;:&quot;0&quot;}\" data-image-title=\"cangrejos-listos\" data-image-description=\"\" data-image-caption=\"&lt;p&gt;Cangrejos&lt;\/p&gt;\n\" data-large-file=\"https:\/\/i0.wp.com\/le-fort.org\/cocina\/wp-content\/uploads\/2014\/12\/cangrejos-listos.jpg?fit=700%2C500&amp;ssl=1\" class=\"size-full wp-image-5895\" src=\"https:\/\/i0.wp.com\/www.le-fort.org\/wp-content\/uploads\/2014\/12\/cangrejos-listos.jpg?resize=700%2C500&#038;ssl=1\" alt=\"Cangrejos\" width=\"700\" height=\"500\" srcset=\"https:\/\/i0.wp.com\/le-fort.org\/cocina\/wp-content\/uploads\/2014\/12\/cangrejos-listos.jpg?w=700&amp;ssl=1 700w, https:\/\/i0.wp.com\/le-fort.org\/cocina\/wp-content\/uploads\/2014\/12\/cangrejos-listos.jpg?resize=600%2C429&amp;ssl=1 600w\" sizes=\"auto, (max-width: 700px) 100vw, 700px\" \/><\/a><figcaption id=\"caption-attachment-5895\" class=\"wp-caption-text\">Cangrejos en su plato<em> ad hoc<\/em>.<\/figcaption><\/figure>\n<p>El procedimiento consiste en romper pa caparaz\u00f3n de las patas con el mazo y comerse la carne. Hay una serie de posibles variaciones, dependiendo de la destreza con el mazo, si se prefiere separar la carne primero (es de novato, al parecer), etc.<\/p>\n<p>Luego viene la parte inici\u00e1tica, y es comerse la parte comestible del carapacho, sacando lo no comestible, chupando lo chupable y luego a\u00f1adiendo papas y salsas al carapacho con lo comestible y cuchare\u00e1ndolo.<\/p>\n<figure id=\"attachment_5897\" aria-describedby=\"caption-attachment-5897\" style=\"width: 700px\" class=\"wp-caption aligncenter\"><img data-recalc-dims=\"1\" loading=\"lazy\" decoding=\"async\" data-attachment-id=\"5897\" data-permalink=\"https:\/\/le-fort.org\/cocina\/comiendo-cangrejos-de-manglar\/carapacho\/\" data-orig-file=\"https:\/\/i0.wp.com\/le-fort.org\/cocina\/wp-content\/uploads\/2014\/12\/carapacho.jpg?fit=700%2C500&amp;ssl=1\" data-orig-size=\"700,500\" data-comments-opened=\"0\" data-image-meta=\"{&quot;aperture&quot;:&quot;0&quot;,&quot;credit&quot;:&quot;&quot;,&quot;camera&quot;:&quot;&quot;,&quot;caption&quot;:&quot;&quot;,&quot;created_timestamp&quot;:&quot;0&quot;,&quot;copyright&quot;:&quot;&quot;,&quot;focal_length&quot;:&quot;0&quot;,&quot;iso&quot;:&quot;0&quot;,&quot;shutter_speed&quot;:&quot;0&quot;,&quot;title&quot;:&quot;&quot;,&quot;orientation&quot;:&quot;0&quot;}\" data-image-title=\"carapacho\" data-image-description=\"\" data-image-caption=\"&lt;p&gt;Cuchareando el carapacho&lt;\/p&gt;\n\" data-large-file=\"https:\/\/i0.wp.com\/le-fort.org\/cocina\/wp-content\/uploads\/2014\/12\/carapacho.jpg?fit=700%2C500&amp;ssl=1\" class=\"size-full wp-image-5897\" src=\"https:\/\/i0.wp.com\/www.le-fort.org\/wp-content\/uploads\/2014\/12\/carapacho.jpg?resize=700%2C500&#038;ssl=1\" alt=\"Cuchareando el carapacho\" width=\"700\" height=\"500\" srcset=\"https:\/\/i0.wp.com\/le-fort.org\/cocina\/wp-content\/uploads\/2014\/12\/carapacho.jpg?w=700&amp;ssl=1 700w, https:\/\/i0.wp.com\/le-fort.org\/cocina\/wp-content\/uploads\/2014\/12\/carapacho.jpg?resize=600%2C429&amp;ssl=1 600w\" sizes=\"auto, (max-width: 700px) 100vw, 700px\" \/><figcaption id=\"caption-attachment-5897\" class=\"wp-caption-text\">Cuchareando el carapacho<\/figcaption><\/figure>\n<p>Es todo un tema de saber comer, el del carapacho. Hay que conocer los cangrejos por dentro, cosa que nosotros no hicimos.<\/p>\n<figure id=\"attachment_5898\" aria-describedby=\"caption-attachment-5898\" style=\"width: 700px\" class=\"wp-caption aligncenter\"><img data-recalc-dims=\"1\" loading=\"lazy\" decoding=\"async\" data-attachment-id=\"5898\" data-permalink=\"https:\/\/le-fort.org\/cocina\/comiendo-cangrejos-de-manglar\/carapacho-2\/\" data-orig-file=\"https:\/\/i0.wp.com\/le-fort.org\/cocina\/wp-content\/uploads\/2014\/12\/carapacho-2.jpg?fit=700%2C500&amp;ssl=1\" data-orig-size=\"700,500\" data-comments-opened=\"0\" data-image-meta=\"{&quot;aperture&quot;:&quot;0&quot;,&quot;credit&quot;:&quot;&quot;,&quot;camera&quot;:&quot;&quot;,&quot;caption&quot;:&quot;&quot;,&quot;created_timestamp&quot;:&quot;0&quot;,&quot;copyright&quot;:&quot;&quot;,&quot;focal_length&quot;:&quot;0&quot;,&quot;iso&quot;:&quot;0&quot;,&quot;shutter_speed&quot;:&quot;0&quot;,&quot;title&quot;:&quot;&quot;,&quot;orientation&quot;:&quot;0&quot;}\" data-image-title=\"carapacho-2\" data-image-description=\"\" data-image-caption=\"&lt;p&gt;\u00bfVes las papas?&lt;\/p&gt;\n\" data-large-file=\"https:\/\/i0.wp.com\/le-fort.org\/cocina\/wp-content\/uploads\/2014\/12\/carapacho-2.jpg?fit=700%2C500&amp;ssl=1\" class=\"size-full wp-image-5898\" src=\"https:\/\/i0.wp.com\/www.le-fort.org\/wp-content\/uploads\/2014\/12\/carapacho-2.jpg?resize=700%2C500&#038;ssl=1\" alt=\"\u00bfVes las papas?\" width=\"700\" height=\"500\" srcset=\"https:\/\/i0.wp.com\/le-fort.org\/cocina\/wp-content\/uploads\/2014\/12\/carapacho-2.jpg?w=700&amp;ssl=1 700w, https:\/\/i0.wp.com\/le-fort.org\/cocina\/wp-content\/uploads\/2014\/12\/carapacho-2.jpg?resize=600%2C429&amp;ssl=1 600w\" sizes=\"auto, (max-width: 700px) 100vw, 700px\" \/><figcaption id=\"caption-attachment-5898\" class=\"wp-caption-text\">\u00bfVes las papas?<\/figcaption><\/figure>\n<p>En lo personal no compartimos la fruici\u00f3n local por los cangrejos. Las patas nos gustaron a ambos y el carapacho no nos entusiasm\u00f3 mucho a ninguno de los dos, por lo que nuestros anfitriones, graciosamente, nos cedieron las patas y se abocaron a los carapachos.<\/p>\n<p>Tanto ellos como nosotros consideramos que salimos ganando con el intercambio.<\/p>\n<p>[fin]<\/p>\n<p>&nbsp;<\/p>\n","protected":false},"excerpt":{"rendered":"<p>Los cangrejos son una comida muy apreciada en Ecuador Tanto as\u00ed, que el cangrejo de manglar tiene un per\u00edodo de veda. Nuestros amigos Sole y Fede nos invitaron a comer cangrejos a su casa un domingo.<\/p>\n","protected":false},"author":1,"featured_media":5893,"comment_status":"open","ping_status":"closed","sticky":false,"template":"","format":"standard","meta":{"_jetpack_newsletter_access":"","_jetpack_dont_email_post_to_subs":false,"_jetpack_newsletter_tier_id":0,"_jetpack_memberships_contains_paywalled_content":false,"_jetpack_memberships_contains_paid_content":false,"footnotes":""},"categories":[19],"tags":[252,96],"class_list":["post-5866","post","type-post","status-publish","format-standard","has-post-thumbnail","hentry","category-cocina-comida","tag-cangrejos","tag-comida-ecuatoriana","entry","has-media"],"jetpack_featured_media_url":"https:\/\/i0.wp.com\/le-fort.org\/cocina\/wp-content\/uploads\/2014\/12\/cangrejos-hd.jpg?fit=1200%2C400&ssl=1","jetpack_shortlink":"https:\/\/wp.me\/pghKer-1wC","jetpack_sharing_enabled":true,"jetpack-related-posts":[{"id":664,"url":"https:\/\/le-fort.org\/cocina\/sanduche-de-chancho\/","url_meta":{"origin":5866,"position":0},"title":"S\u00e1nduche de Chancho","author":"Maestro Sanguchero","date":"16 de Marzo, 2013","format":false,"excerpt":"El s\u00e1nduche de chancho ecuatoriano es un s\u00e1nduche t\u00edpico y excelente. En su versi\u00f3n m\u00e1s simple consiste en chancho hornado y cebolla encurtida.","rel":"","context":"En &quot;Cerdo&quot;","block_context":{"text":"Cerdo","link":"https:\/\/le-fort.org\/cocina\/categoria\/cerdo\/"},"img":{"alt_text":"","src":"https:\/\/i0.wp.com\/le-fort.org\/cocina\/wp-content\/uploads\/2013\/06\/sanduche-hd.jpg?fit=700%2C350&ssl=1&resize=350%2C200","width":350,"height":200,"srcset":"https:\/\/i0.wp.com\/le-fort.org\/cocina\/wp-content\/uploads\/2013\/06\/sanduche-hd.jpg?fit=700%2C350&ssl=1&resize=350%2C200 1x, https:\/\/i0.wp.com\/le-fort.org\/cocina\/wp-content\/uploads\/2013\/06\/sanduche-hd.jpg?fit=700%2C350&ssl=1&resize=525%2C300 1.5x, https:\/\/i0.wp.com\/le-fort.org\/cocina\/wp-content\/uploads\/2013\/06\/sanduche-hd.jpg?fit=700%2C350&ssl=1&resize=700%2C400 2x"},"classes":[]},{"id":13148,"url":"https:\/\/le-fort.org\/cocina\/de-visita-en-orellana\/","url_meta":{"origin":5866,"position":1},"title":"De Visita en Orellana","author":"Le-Fort.org","date":"30 de Agosto, 2018","format":false,"excerpt":"Viaje a la provincia de Orellana, trabajando con la Asociaci\u00f3n de Chefs del Ecuador.","rel":"","context":"En &quot;General&quot;","block_context":{"text":"General","link":"https:\/\/le-fort.org\/cocina\/categoria\/general\/"},"img":{"alt_text":"","src":"https:\/\/i0.wp.com\/le-fort.org\/cocina\/wp-content\/uploads\/2018\/08\/orellana-hd.jpg?fit=1200%2C400&ssl=1&resize=350%2C200","width":350,"height":200,"srcset":"https:\/\/i0.wp.com\/le-fort.org\/cocina\/wp-content\/uploads\/2018\/08\/orellana-hd.jpg?fit=1200%2C400&ssl=1&resize=350%2C200 1x, https:\/\/i0.wp.com\/le-fort.org\/cocina\/wp-content\/uploads\/2018\/08\/orellana-hd.jpg?fit=1200%2C400&ssl=1&resize=525%2C300 1.5x, https:\/\/i0.wp.com\/le-fort.org\/cocina\/wp-content\/uploads\/2018\/08\/orellana-hd.jpg?fit=1200%2C400&ssl=1&resize=700%2C400 2x, https:\/\/i0.wp.com\/le-fort.org\/cocina\/wp-content\/uploads\/2018\/08\/orellana-hd.jpg?fit=1200%2C400&ssl=1&resize=1050%2C600 3x"},"classes":[]},{"id":12185,"url":"https:\/\/le-fort.org\/cocina\/cacao-blanco\/","url_meta":{"origin":5866,"position":2},"title":"El Cacao Blanco o Patas Muyo","author":"Le-Fort.org","date":"27 de Marzo, 2018","format":false,"excerpt":"Te contamos algo sobre el cacao blanco, uno de los alimentos de la gastronom\u00eda amaz\u00f3nica, particularmente apreciado en la provincia de Orellana, en Ecuador.","rel":"","context":"En &quot;Ecuador&quot;","block_context":{"text":"Ecuador","link":"https:\/\/le-fort.org\/cocina\/categoria\/ecuador\/"},"img":{"alt_text":"","src":"https:\/\/i0.wp.com\/le-fort.org\/cocina\/wp-content\/uploads\/2018\/03\/cacao-blanco-hd.jpg?fit=1200%2C400&ssl=1&resize=350%2C200","width":350,"height":200,"srcset":"https:\/\/i0.wp.com\/le-fort.org\/cocina\/wp-content\/uploads\/2018\/03\/cacao-blanco-hd.jpg?fit=1200%2C400&ssl=1&resize=350%2C200 1x, https:\/\/i0.wp.com\/le-fort.org\/cocina\/wp-content\/uploads\/2018\/03\/cacao-blanco-hd.jpg?fit=1200%2C400&ssl=1&resize=525%2C300 1.5x, https:\/\/i0.wp.com\/le-fort.org\/cocina\/wp-content\/uploads\/2018\/03\/cacao-blanco-hd.jpg?fit=1200%2C400&ssl=1&resize=700%2C400 2x, https:\/\/i0.wp.com\/le-fort.org\/cocina\/wp-content\/uploads\/2018\/03\/cacao-blanco-hd.jpg?fit=1200%2C400&ssl=1&resize=1050%2C600 3x"},"classes":[]},{"id":11954,"url":"https:\/\/le-fort.org\/cocina\/mapa-gastronomico-del-ecuador\/","url_meta":{"origin":5866,"position":3},"title":"Mapa Gastron\u00f3mico del Ecuador","author":"Le-Fort.org","date":"6 de Marzo, 2018","format":false,"excerpt":"Sesi\u00f3n de producci\u00f3n fotogr\u00e1fica para el Mapa Gastron\u00f3mico del Ecuador del MINTUR, con el apoyo de la Asociaci\u00f3n de Chefs del Ecuador.","rel":"","context":"En &quot;Ecuador&quot;","block_context":{"text":"Ecuador","link":"https:\/\/le-fort.org\/cocina\/categoria\/ecuador\/"},"img":{"alt_text":"","src":"https:\/\/i0.wp.com\/le-fort.org\/cocina\/wp-content\/uploads\/2018\/03\/mintur-hd.jpg?fit=1200%2C400&ssl=1&resize=350%2C200","width":350,"height":200,"srcset":"https:\/\/i0.wp.com\/le-fort.org\/cocina\/wp-content\/uploads\/2018\/03\/mintur-hd.jpg?fit=1200%2C400&ssl=1&resize=350%2C200 1x, https:\/\/i0.wp.com\/le-fort.org\/cocina\/wp-content\/uploads\/2018\/03\/mintur-hd.jpg?fit=1200%2C400&ssl=1&resize=525%2C300 1.5x, https:\/\/i0.wp.com\/le-fort.org\/cocina\/wp-content\/uploads\/2018\/03\/mintur-hd.jpg?fit=1200%2C400&ssl=1&resize=700%2C400 2x, https:\/\/i0.wp.com\/le-fort.org\/cocina\/wp-content\/uploads\/2018\/03\/mintur-hd.jpg?fit=1200%2C400&ssl=1&resize=1050%2C600 3x"},"classes":[]},{"id":23,"url":"https:\/\/le-fort.org\/cocina\/heladeria-sorbetto-de-salinas-santa-elena-ecuador\/","url_meta":{"origin":5866,"position":4},"title":"Helader\u00eda Sorbetto de Salinas, Santa Elena, Ecuador","author":"Le-Fort.org","date":"28 de Abril, 2013","format":false,"excerpt":"La helader\u00eda Sorbetto de Salinas tiene helados notables. Les mostramos la Copa Scandalo","rel":"","context":"En &quot;Helader\u00edas&quot;","block_context":{"text":"Helader\u00edas","link":"https:\/\/le-fort.org\/cocina\/categoria\/heladerias\/"},"img":{"alt_text":"","src":"https:\/\/i0.wp.com\/le-fort.org\/cocina\/wp-content\/uploads\/2013\/04\/head.jpg?fit=800%2C300&ssl=1&resize=350%2C200","width":350,"height":200,"srcset":"https:\/\/i0.wp.com\/le-fort.org\/cocina\/wp-content\/uploads\/2013\/04\/head.jpg?fit=800%2C300&ssl=1&resize=350%2C200 1x, https:\/\/i0.wp.com\/le-fort.org\/cocina\/wp-content\/uploads\/2013\/04\/head.jpg?fit=800%2C300&ssl=1&resize=525%2C300 1.5x, https:\/\/i0.wp.com\/le-fort.org\/cocina\/wp-content\/uploads\/2013\/04\/head.jpg?fit=800%2C300&ssl=1&resize=700%2C400 2x"},"classes":[]},{"id":10770,"url":"https:\/\/le-fort.org\/cocina\/hot-dogs-chilenos-cuenca\/","url_meta":{"origin":5866,"position":5},"title":"Hot Dogs Chilenos en Cuenca","author":"Le-Fort.org","date":"13 de Diciembre, 2017","format":false,"excerpt":"Parte de nuestra b\u00fasqueda para preparar hot dogs chilenos en Cuenca, Ecuador. Es una historia con final feliz.","rel":"","context":"En &quot;Ecuador&quot;","block_context":{"text":"Ecuador","link":"https:\/\/le-fort.org\/cocina\/categoria\/ecuador\/"},"img":{"alt_text":"","src":"https:\/\/i0.wp.com\/le-fort.org\/cocina\/wp-content\/uploads\/2017\/12\/hot-dog-chileno-hd.jpg?fit=1200%2C400&ssl=1&resize=350%2C200","width":350,"height":200,"srcset":"https:\/\/i0.wp.com\/le-fort.org\/cocina\/wp-content\/uploads\/2017\/12\/hot-dog-chileno-hd.jpg?fit=1200%2C400&ssl=1&resize=350%2C200 1x, https:\/\/i0.wp.com\/le-fort.org\/cocina\/wp-content\/uploads\/2017\/12\/hot-dog-chileno-hd.jpg?fit=1200%2C400&ssl=1&resize=525%2C300 1.5x, https:\/\/i0.wp.com\/le-fort.org\/cocina\/wp-content\/uploads\/2017\/12\/hot-dog-chileno-hd.jpg?fit=1200%2C400&ssl=1&resize=700%2C400 2x, https:\/\/i0.wp.com\/le-fort.org\/cocina\/wp-content\/uploads\/2017\/12\/hot-dog-chileno-hd.jpg?fit=1200%2C400&ssl=1&resize=1050%2C600 3x"},"classes":[]}],"_links":{"self":[{"href":"https:\/\/le-fort.org\/cocina\/wp-json\/wp\/v2\/posts\/5866","targetHints":{"allow":["GET"]}}],"collection":[{"href":"https:\/\/le-fort.org\/cocina\/wp-json\/wp\/v2\/posts"}],"about":[{"href":"https:\/\/le-fort.org\/cocina\/wp-json\/wp\/v2\/types\/post"}],"author":[{"embeddable":true,"href":"https:\/\/le-fort.org\/cocina\/wp-json\/wp\/v2\/users\/1"}],"replies":[{"embeddable":true,"href":"https:\/\/le-fort.org\/cocina\/wp-json\/wp\/v2\/comments?post=5866"}],"version-history":[{"count":0,"href":"https:\/\/le-fort.org\/cocina\/wp-json\/wp\/v2\/posts\/5866\/revisions"}],"wp:featuredmedia":[{"embeddable":true,"href":"https:\/\/le-fort.org\/cocina\/wp-json\/wp\/v2\/media\/5893"}],"wp:attachment":[{"href":"https:\/\/le-fort.org\/cocina\/wp-json\/wp\/v2\/media?parent=5866"}],"wp:term":[{"taxonomy":"category","embeddable":true,"href":"https:\/\/le-fort.org\/cocina\/wp-json\/wp\/v2\/categories?post=5866"},{"taxonomy":"post_tag","embeddable":true,"href":"https:\/\/le-fort.org\/cocina\/wp-json\/wp\/v2\/tags?post=5866"}],"curies":[{"name":"wp","href":"https:\/\/api.w.org\/{rel}","templated":true}]}}