{"id":5868,"date":"2014-12-10T14:26:28","date_gmt":"2014-12-10T19:26:28","guid":{"rendered":"http:\/\/www.loquecomemos.com\/?p=5868"},"modified":"2014-12-10T14:26:28","modified_gmt":"2014-12-10T19:26:28","slug":"cafeto","status":"publish","type":"post","link":"https:\/\/le-fort.org\/cocina\/cafeto\/","title":{"rendered":"Cafeto"},"content":{"rendered":"<figure id=\"attachment_5884\" aria-describedby=\"caption-attachment-5884\" style=\"width: 700px\" class=\"wp-caption aligncenter\"><img data-recalc-dims=\"1\" loading=\"lazy\" decoding=\"async\" data-attachment-id=\"5884\" data-permalink=\"https:\/\/le-fort.org\/cocina\/cafeto\/cafeto-servido\/\" data-orig-file=\"https:\/\/i0.wp.com\/le-fort.org\/cocina\/wp-content\/uploads\/2014\/12\/cafeto-servido.jpg?fit=700%2C500&amp;ssl=1\" data-orig-size=\"700,500\" data-comments-opened=\"0\" data-image-meta=\"{&quot;aperture&quot;:&quot;0&quot;,&quot;credit&quot;:&quot;&quot;,&quot;camera&quot;:&quot;&quot;,&quot;caption&quot;:&quot;&quot;,&quot;created_timestamp&quot;:&quot;0&quot;,&quot;copyright&quot;:&quot;&quot;,&quot;focal_length&quot;:&quot;0&quot;,&quot;iso&quot;:&quot;0&quot;,&quot;shutter_speed&quot;:&quot;0&quot;,&quot;title&quot;:&quot;&quot;,&quot;orientation&quot;:&quot;0&quot;}\" data-image-title=\"cafeto-servido\" data-image-description=\"\" data-image-caption=\"&lt;p&gt;Una porci\u00f3n de Cafeto&lt;\/p&gt;\n\" data-large-file=\"https:\/\/i0.wp.com\/le-fort.org\/cocina\/wp-content\/uploads\/2014\/12\/cafeto-servido.jpg?fit=700%2C500&amp;ssl=1\" class=\"size-full wp-image-5884\" src=\"https:\/\/i0.wp.com\/www.le-fort.org\/wp-content\/uploads\/2014\/12\/cafeto-servido.jpg?resize=700%2C500&#038;ssl=1\" alt=\"Una porci\u00f3n de Cafeto\" width=\"700\" height=\"500\" srcset=\"https:\/\/i0.wp.com\/le-fort.org\/cocina\/wp-content\/uploads\/2014\/12\/cafeto-servido.jpg?w=700&amp;ssl=1 700w, https:\/\/i0.wp.com\/le-fort.org\/cocina\/wp-content\/uploads\/2014\/12\/cafeto-servido.jpg?resize=600%2C429&amp;ssl=1 600w\" sizes=\"auto, (max-width: 700px) 100vw, 700px\" \/><figcaption id=\"caption-attachment-5884\" class=\"wp-caption-text\">Una porci\u00f3n de Cafeto<\/figcaption><\/figure>\n<p>Nuestro amigo Fede prepar\u00f3 Cafeto el otro d\u00eda, y tuvimos la suerte de estar ah\u00ed para documentar y probar, con \u00e9nfasis en lo segundo.<\/p>\n<p>El cafeto es una variaci\u00f3n del tiramis\u00fa, como veremos.<!--more--><\/p>\n<figure id=\"attachment_5877\" aria-describedby=\"caption-attachment-5877\" style=\"width: 700px\" class=\"wp-caption aligncenter\"><img data-recalc-dims=\"1\" loading=\"lazy\" decoding=\"async\" data-attachment-id=\"5877\" data-permalink=\"https:\/\/le-fort.org\/cocina\/cafeto\/cafeto-galletas-uno\/\" data-orig-file=\"https:\/\/i0.wp.com\/le-fort.org\/cocina\/wp-content\/uploads\/2014\/12\/cafeto-galletas-uno.jpg?fit=700%2C500&amp;ssl=1\" data-orig-size=\"700,500\" data-comments-opened=\"0\" data-image-meta=\"{&quot;aperture&quot;:&quot;0&quot;,&quot;credit&quot;:&quot;&quot;,&quot;camera&quot;:&quot;&quot;,&quot;caption&quot;:&quot;&quot;,&quot;created_timestamp&quot;:&quot;0&quot;,&quot;copyright&quot;:&quot;&quot;,&quot;focal_length&quot;:&quot;0&quot;,&quot;iso&quot;:&quot;0&quot;,&quot;shutter_speed&quot;:&quot;0&quot;,&quot;title&quot;:&quot;&quot;,&quot;orientation&quot;:&quot;0&quot;}\" data-image-title=\"cafeto-galletas-uno\" data-image-description=\"\" data-image-caption=\"\" data-large-file=\"https:\/\/i0.wp.com\/le-fort.org\/cocina\/wp-content\/uploads\/2014\/12\/cafeto-galletas-uno.jpg?fit=700%2C500&amp;ssl=1\" class=\"wp-image-5877 size-full\" src=\"https:\/\/i0.wp.com\/www.le-fort.org\/wp-content\/uploads\/2014\/12\/cafeto-galletas-uno.jpg?resize=700%2C500&#038;ssl=1\" alt=\"cafeto-galletas-uno\" width=\"700\" height=\"500\" srcset=\"https:\/\/i0.wp.com\/le-fort.org\/cocina\/wp-content\/uploads\/2014\/12\/cafeto-galletas-uno.jpg?w=700&amp;ssl=1 700w, https:\/\/i0.wp.com\/le-fort.org\/cocina\/wp-content\/uploads\/2014\/12\/cafeto-galletas-uno.jpg?resize=600%2C429&amp;ssl=1 600w\" sizes=\"auto, (max-width: 700px) 100vw, 700px\" \/><figcaption id=\"caption-attachment-5877\" class=\"wp-caption-text\">Se comienza con galletas de champa\u00f1a (bizcotelas)<\/figcaption><\/figure>\n<figure id=\"attachment_5875\" aria-describedby=\"caption-attachment-5875\" style=\"width: 700px\" class=\"wp-caption aligncenter\"><img data-recalc-dims=\"1\" loading=\"lazy\" decoding=\"async\" data-attachment-id=\"5875\" data-permalink=\"https:\/\/le-fort.org\/cocina\/cafeto\/cafeto-flan-preparando\/\" data-orig-file=\"https:\/\/i0.wp.com\/le-fort.org\/cocina\/wp-content\/uploads\/2014\/12\/cafeto-flan-preparando.jpg?fit=700%2C500&amp;ssl=1\" data-orig-size=\"700,500\" data-comments-opened=\"0\" data-image-meta=\"{&quot;aperture&quot;:&quot;0&quot;,&quot;credit&quot;:&quot;&quot;,&quot;camera&quot;:&quot;&quot;,&quot;caption&quot;:&quot;&quot;,&quot;created_timestamp&quot;:&quot;0&quot;,&quot;copyright&quot;:&quot;&quot;,&quot;focal_length&quot;:&quot;0&quot;,&quot;iso&quot;:&quot;0&quot;,&quot;shutter_speed&quot;:&quot;0&quot;,&quot;title&quot;:&quot;&quot;,&quot;orientation&quot;:&quot;0&quot;}\" data-image-title=\"cafeto-flan-preparando\" data-image-description=\"\" data-image-caption=\"\" data-large-file=\"https:\/\/i0.wp.com\/le-fort.org\/cocina\/wp-content\/uploads\/2014\/12\/cafeto-flan-preparando.jpg?fit=700%2C500&amp;ssl=1\" class=\"wp-image-5875 size-full\" src=\"https:\/\/i0.wp.com\/www.le-fort.org\/wp-content\/uploads\/2014\/12\/cafeto-flan-preparando.jpg?resize=700%2C500&#038;ssl=1\" alt=\"cafeto-flan-preparando\" width=\"700\" height=\"500\" srcset=\"https:\/\/i0.wp.com\/le-fort.org\/cocina\/wp-content\/uploads\/2014\/12\/cafeto-flan-preparando.jpg?w=700&amp;ssl=1 700w, https:\/\/i0.wp.com\/le-fort.org\/cocina\/wp-content\/uploads\/2014\/12\/cafeto-flan-preparando.jpg?resize=600%2C429&amp;ssl=1 600w\" sizes=\"auto, (max-width: 700px) 100vw, 700px\" \/><figcaption id=\"caption-attachment-5875\" class=\"wp-caption-text\">Se prepara un sobre de flan sin que llegue a espesar del todo<\/figcaption><\/figure>\n<figure id=\"attachment_5876\" aria-describedby=\"caption-attachment-5876\" style=\"width: 700px\" class=\"wp-caption aligncenter\"><img data-recalc-dims=\"1\" loading=\"lazy\" decoding=\"async\" data-attachment-id=\"5876\" data-permalink=\"https:\/\/le-fort.org\/cocina\/cafeto\/cafeto-flan-primera\/\" data-orig-file=\"https:\/\/i0.wp.com\/le-fort.org\/cocina\/wp-content\/uploads\/2014\/12\/cafeto-flan-primera.jpg?fit=700%2C500&amp;ssl=1\" data-orig-size=\"700,500\" data-comments-opened=\"0\" data-image-meta=\"{&quot;aperture&quot;:&quot;0&quot;,&quot;credit&quot;:&quot;&quot;,&quot;camera&quot;:&quot;&quot;,&quot;caption&quot;:&quot;&quot;,&quot;created_timestamp&quot;:&quot;0&quot;,&quot;copyright&quot;:&quot;&quot;,&quot;focal_length&quot;:&quot;0&quot;,&quot;iso&quot;:&quot;0&quot;,&quot;shutter_speed&quot;:&quot;0&quot;,&quot;title&quot;:&quot;&quot;,&quot;orientation&quot;:&quot;0&quot;}\" data-image-title=\"cafeto-flan-primera\" data-image-description=\"\" data-image-caption=\"\" data-large-file=\"https:\/\/i0.wp.com\/le-fort.org\/cocina\/wp-content\/uploads\/2014\/12\/cafeto-flan-primera.jpg?fit=700%2C500&amp;ssl=1\" class=\"wp-image-5876 size-full\" src=\"https:\/\/i0.wp.com\/www.le-fort.org\/wp-content\/uploads\/2014\/12\/cafeto-flan-primera.jpg?resize=700%2C500&#038;ssl=1\" alt=\"cafeto-flan-primera\" width=\"700\" height=\"500\" srcset=\"https:\/\/i0.wp.com\/le-fort.org\/cocina\/wp-content\/uploads\/2014\/12\/cafeto-flan-primera.jpg?w=700&amp;ssl=1 700w, https:\/\/i0.wp.com\/le-fort.org\/cocina\/wp-content\/uploads\/2014\/12\/cafeto-flan-primera.jpg?resize=600%2C429&amp;ssl=1 600w\" sizes=\"auto, (max-width: 700px) 100vw, 700px\" \/><figcaption id=\"caption-attachment-5876\" class=\"wp-caption-text\">Luego se humedece la primera capa de galletas con la mitad del flan<\/figcaption><\/figure>\n<figure id=\"attachment_5882\" aria-describedby=\"caption-attachment-5882\" style=\"width: 700px\" class=\"wp-caption aligncenter\"><img data-recalc-dims=\"1\" loading=\"lazy\" decoding=\"async\" data-attachment-id=\"5882\" data-permalink=\"https:\/\/le-fort.org\/cocina\/cafeto\/cafeto-reduccion-primera\/\" data-orig-file=\"https:\/\/i0.wp.com\/le-fort.org\/cocina\/wp-content\/uploads\/2014\/12\/cafeto-reduccion-primera.jpg?fit=700%2C500&amp;ssl=1\" data-orig-size=\"700,500\" data-comments-opened=\"0\" data-image-meta=\"{&quot;aperture&quot;:&quot;0&quot;,&quot;credit&quot;:&quot;&quot;,&quot;camera&quot;:&quot;&quot;,&quot;caption&quot;:&quot;&quot;,&quot;created_timestamp&quot;:&quot;0&quot;,&quot;copyright&quot;:&quot;&quot;,&quot;focal_length&quot;:&quot;0&quot;,&quot;iso&quot;:&quot;0&quot;,&quot;shutter_speed&quot;:&quot;0&quot;,&quot;title&quot;:&quot;&quot;,&quot;orientation&quot;:&quot;0&quot;}\" data-image-title=\"cafeto-reduccion-primera\" data-image-description=\"\" data-image-caption=\"\" data-large-file=\"https:\/\/i0.wp.com\/le-fort.org\/cocina\/wp-content\/uploads\/2014\/12\/cafeto-reduccion-primera.jpg?fit=700%2C500&amp;ssl=1\" class=\"wp-image-5882 size-full\" src=\"https:\/\/i0.wp.com\/www.le-fort.org\/wp-content\/uploads\/2014\/12\/cafeto-reduccion-primera.jpg?resize=700%2C500&#038;ssl=1\" alt=\"cafeto-reduccion-primera\" width=\"700\" height=\"500\" srcset=\"https:\/\/i0.wp.com\/le-fort.org\/cocina\/wp-content\/uploads\/2014\/12\/cafeto-reduccion-primera.jpg?w=700&amp;ssl=1 700w, https:\/\/i0.wp.com\/le-fort.org\/cocina\/wp-content\/uploads\/2014\/12\/cafeto-reduccion-primera.jpg?resize=600%2C429&amp;ssl=1 600w\" sizes=\"auto, (max-width: 700px) 100vw, 700px\" \/><figcaption id=\"caption-attachment-5882\" class=\"wp-caption-text\">Aqu\u00ed viene la reducci\u00f3n de caf\u00e9, cubriendo la primera capa de galletas.<\/figcaption><\/figure>\n<figure id=\"attachment_5869\" aria-describedby=\"caption-attachment-5869\" style=\"width: 700px\" class=\"wp-caption aligncenter\"><img data-recalc-dims=\"1\" loading=\"lazy\" decoding=\"async\" data-attachment-id=\"5869\" data-permalink=\"https:\/\/le-fort.org\/cocina\/cafeto\/cafeto-batiendo-crema\/\" data-orig-file=\"https:\/\/i0.wp.com\/le-fort.org\/cocina\/wp-content\/uploads\/2014\/12\/cafeto-batiendo-crema.jpg?fit=700%2C500&amp;ssl=1\" data-orig-size=\"700,500\" data-comments-opened=\"0\" data-image-meta=\"{&quot;aperture&quot;:&quot;0&quot;,&quot;credit&quot;:&quot;&quot;,&quot;camera&quot;:&quot;&quot;,&quot;caption&quot;:&quot;&quot;,&quot;created_timestamp&quot;:&quot;0&quot;,&quot;copyright&quot;:&quot;&quot;,&quot;focal_length&quot;:&quot;0&quot;,&quot;iso&quot;:&quot;0&quot;,&quot;shutter_speed&quot;:&quot;0&quot;,&quot;title&quot;:&quot;&quot;,&quot;orientation&quot;:&quot;0&quot;}\" data-image-title=\"cafeto-batiendo-crema\" data-image-description=\"\" data-image-caption=\"&lt;p&gt;Se bate crema de leche con mascarpone o queso crema.&lt;\/p&gt;\n\" data-large-file=\"https:\/\/i0.wp.com\/le-fort.org\/cocina\/wp-content\/uploads\/2014\/12\/cafeto-batiendo-crema.jpg?fit=700%2C500&amp;ssl=1\" class=\"size-full wp-image-5869\" src=\"https:\/\/i0.wp.com\/www.le-fort.org\/wp-content\/uploads\/2014\/12\/cafeto-batiendo-crema.jpg?resize=700%2C500&#038;ssl=1\" alt=\"Se bate crema de leche con mascarpone o queso crema.\" width=\"700\" height=\"500\" srcset=\"https:\/\/i0.wp.com\/le-fort.org\/cocina\/wp-content\/uploads\/2014\/12\/cafeto-batiendo-crema.jpg?w=700&amp;ssl=1 700w, https:\/\/i0.wp.com\/le-fort.org\/cocina\/wp-content\/uploads\/2014\/12\/cafeto-batiendo-crema.jpg?resize=600%2C429&amp;ssl=1 600w\" sizes=\"auto, (max-width: 700px) 100vw, 700px\" \/><figcaption id=\"caption-attachment-5869\" class=\"wp-caption-text\">Se bate crema de leche con mascarpone o queso crema.<\/figcaption><\/figure>\n<figure id=\"attachment_5886\" aria-describedby=\"caption-attachment-5886\" style=\"width: 700px\" class=\"wp-caption aligncenter\"><img data-recalc-dims=\"1\" loading=\"lazy\" decoding=\"async\" data-attachment-id=\"5886\" data-permalink=\"https:\/\/le-fort.org\/cocina\/cafeto\/cafeto-vertiendo-crema\/\" data-orig-file=\"https:\/\/i0.wp.com\/le-fort.org\/cocina\/wp-content\/uploads\/2014\/12\/cafeto-vertiendo-crema.jpg?fit=700%2C500&amp;ssl=1\" data-orig-size=\"700,500\" data-comments-opened=\"0\" data-image-meta=\"{&quot;aperture&quot;:&quot;0&quot;,&quot;credit&quot;:&quot;&quot;,&quot;camera&quot;:&quot;&quot;,&quot;caption&quot;:&quot;&quot;,&quot;created_timestamp&quot;:&quot;0&quot;,&quot;copyright&quot;:&quot;&quot;,&quot;focal_length&quot;:&quot;0&quot;,&quot;iso&quot;:&quot;0&quot;,&quot;shutter_speed&quot;:&quot;0&quot;,&quot;title&quot;:&quot;&quot;,&quot;orientation&quot;:&quot;0&quot;}\" data-image-title=\"cafeto-vertiendo-crema\" data-image-description=\"\" data-image-caption=\"\" data-large-file=\"https:\/\/i0.wp.com\/le-fort.org\/cocina\/wp-content\/uploads\/2014\/12\/cafeto-vertiendo-crema.jpg?fit=700%2C500&amp;ssl=1\" class=\"wp-image-5886 size-full\" src=\"https:\/\/i0.wp.com\/www.le-fort.org\/wp-content\/uploads\/2014\/12\/cafeto-vertiendo-crema.jpg?resize=700%2C500&#038;ssl=1\" alt=\"cafeto-vertiendo-crema\" width=\"700\" height=\"500\" srcset=\"https:\/\/i0.wp.com\/le-fort.org\/cocina\/wp-content\/uploads\/2014\/12\/cafeto-vertiendo-crema.jpg?w=700&amp;ssl=1 700w, https:\/\/i0.wp.com\/le-fort.org\/cocina\/wp-content\/uploads\/2014\/12\/cafeto-vertiendo-crema.jpg?resize=600%2C429&amp;ssl=1 600w\" sizes=\"auto, (max-width: 700px) 100vw, 700px\" \/><figcaption id=\"caption-attachment-5886\" class=\"wp-caption-text\">Se cubren las galletas con la mitad de la crema&#8230; y comenzamos todo de nuevo.<\/figcaption><\/figure>\n<figure id=\"attachment_5870\" aria-describedby=\"caption-attachment-5870\" style=\"width: 700px\" class=\"wp-caption aligncenter\"><img data-recalc-dims=\"1\" loading=\"lazy\" decoding=\"async\" data-attachment-id=\"5870\" data-permalink=\"https:\/\/le-fort.org\/cocina\/cafeto\/cafeto-biscotelas-segundacapa\/\" data-orig-file=\"https:\/\/i0.wp.com\/le-fort.org\/cocina\/wp-content\/uploads\/2014\/12\/cafeto-biscotelas-segundacapa.jpg?fit=700%2C500&amp;ssl=1\" data-orig-size=\"700,500\" data-comments-opened=\"0\" data-image-meta=\"{&quot;aperture&quot;:&quot;0&quot;,&quot;credit&quot;:&quot;&quot;,&quot;camera&quot;:&quot;&quot;,&quot;caption&quot;:&quot;&quot;,&quot;created_timestamp&quot;:&quot;0&quot;,&quot;copyright&quot;:&quot;&quot;,&quot;focal_length&quot;:&quot;0&quot;,&quot;iso&quot;:&quot;0&quot;,&quot;shutter_speed&quot;:&quot;0&quot;,&quot;title&quot;:&quot;&quot;,&quot;orientation&quot;:&quot;0&quot;}\" data-image-title=\"cafeto-biscotelas-segundacapa\" data-image-description=\"\" data-image-caption=\"\" data-large-file=\"https:\/\/i0.wp.com\/le-fort.org\/cocina\/wp-content\/uploads\/2014\/12\/cafeto-biscotelas-segundacapa.jpg?fit=700%2C500&amp;ssl=1\" class=\"wp-image-5870 size-full\" src=\"https:\/\/i0.wp.com\/www.le-fort.org\/wp-content\/uploads\/2014\/12\/cafeto-biscotelas-segundacapa.jpg?resize=700%2C500&#038;ssl=1\" alt=\"cafeto-biscotelas-segundacapa\" width=\"700\" height=\"500\" srcset=\"https:\/\/i0.wp.com\/le-fort.org\/cocina\/wp-content\/uploads\/2014\/12\/cafeto-biscotelas-segundacapa.jpg?w=700&amp;ssl=1 700w, https:\/\/i0.wp.com\/le-fort.org\/cocina\/wp-content\/uploads\/2014\/12\/cafeto-biscotelas-segundacapa.jpg?resize=600%2C429&amp;ssl=1 600w\" sizes=\"auto, (max-width: 700px) 100vw, 700px\" \/><figcaption id=\"caption-attachment-5870\" class=\"wp-caption-text\">Segunda capa de galletas.<\/figcaption><\/figure>\n<figure id=\"attachment_5874\" aria-describedby=\"caption-attachment-5874\" style=\"width: 700px\" class=\"wp-caption aligncenter\"><img data-recalc-dims=\"1\" loading=\"lazy\" decoding=\"async\" data-attachment-id=\"5874\" data-permalink=\"https:\/\/le-fort.org\/cocina\/cafeto\/cafeto-flan-2\/\" data-orig-file=\"https:\/\/i0.wp.com\/le-fort.org\/cocina\/wp-content\/uploads\/2014\/12\/cafeto-flan-2.jpg?fit=700%2C500&amp;ssl=1\" data-orig-size=\"700,500\" data-comments-opened=\"0\" data-image-meta=\"{&quot;aperture&quot;:&quot;0&quot;,&quot;credit&quot;:&quot;&quot;,&quot;camera&quot;:&quot;&quot;,&quot;caption&quot;:&quot;&quot;,&quot;created_timestamp&quot;:&quot;0&quot;,&quot;copyright&quot;:&quot;&quot;,&quot;focal_length&quot;:&quot;0&quot;,&quot;iso&quot;:&quot;0&quot;,&quot;shutter_speed&quot;:&quot;0&quot;,&quot;title&quot;:&quot;&quot;,&quot;orientation&quot;:&quot;0&quot;}\" data-image-title=\"cafeto-flan-2\" data-image-description=\"\" data-image-caption=\"\" data-large-file=\"https:\/\/i0.wp.com\/le-fort.org\/cocina\/wp-content\/uploads\/2014\/12\/cafeto-flan-2.jpg?fit=700%2C500&amp;ssl=1\" class=\"wp-image-5874 size-full\" src=\"https:\/\/i0.wp.com\/www.le-fort.org\/wp-content\/uploads\/2014\/12\/cafeto-flan-2.jpg?resize=700%2C500&#038;ssl=1\" alt=\"cafeto-flan-2\" width=\"700\" height=\"500\" srcset=\"https:\/\/i0.wp.com\/le-fort.org\/cocina\/wp-content\/uploads\/2014\/12\/cafeto-flan-2.jpg?w=700&amp;ssl=1 700w, https:\/\/i0.wp.com\/le-fort.org\/cocina\/wp-content\/uploads\/2014\/12\/cafeto-flan-2.jpg?resize=600%2C429&amp;ssl=1 600w\" sizes=\"auto, (max-width: 700px) 100vw, 700px\" \/><figcaption id=\"caption-attachment-5874\" class=\"wp-caption-text\">Segunda mitad del flan.<\/figcaption><\/figure>\n<figure id=\"attachment_5881\" aria-describedby=\"caption-attachment-5881\" style=\"width: 700px\" class=\"wp-caption aligncenter\"><a href=\"https:\/\/i0.wp.com\/le-fort.org\/wp-content\/uploads\/2014\/12\/cafeto-reduccion-final.jpg?ssl=1\"><img data-recalc-dims=\"1\" loading=\"lazy\" decoding=\"async\" data-attachment-id=\"5881\" data-permalink=\"https:\/\/le-fort.org\/cocina\/cafeto\/cafeto-reduccion-final\/\" data-orig-file=\"https:\/\/i0.wp.com\/le-fort.org\/cocina\/wp-content\/uploads\/2014\/12\/cafeto-reduccion-final.jpg?fit=700%2C500&amp;ssl=1\" data-orig-size=\"700,500\" data-comments-opened=\"0\" data-image-meta=\"{&quot;aperture&quot;:&quot;0&quot;,&quot;credit&quot;:&quot;&quot;,&quot;camera&quot;:&quot;&quot;,&quot;caption&quot;:&quot;&quot;,&quot;created_timestamp&quot;:&quot;0&quot;,&quot;copyright&quot;:&quot;&quot;,&quot;focal_length&quot;:&quot;0&quot;,&quot;iso&quot;:&quot;0&quot;,&quot;shutter_speed&quot;:&quot;0&quot;,&quot;title&quot;:&quot;&quot;,&quot;orientation&quot;:&quot;0&quot;}\" data-image-title=\"cafeto-reduccion-final\" data-image-description=\"\" data-image-caption=\"\" data-large-file=\"https:\/\/i0.wp.com\/le-fort.org\/cocina\/wp-content\/uploads\/2014\/12\/cafeto-reduccion-final.jpg?fit=700%2C500&amp;ssl=1\" class=\"wp-image-5881 size-full\" src=\"https:\/\/i0.wp.com\/www.le-fort.org\/wp-content\/uploads\/2014\/12\/cafeto-reduccion-final.jpg?resize=700%2C500&#038;ssl=1\" alt=\"cafeto-reduccion-final\" width=\"700\" height=\"500\" srcset=\"https:\/\/i0.wp.com\/le-fort.org\/cocina\/wp-content\/uploads\/2014\/12\/cafeto-reduccion-final.jpg?w=700&amp;ssl=1 700w, https:\/\/i0.wp.com\/le-fort.org\/cocina\/wp-content\/uploads\/2014\/12\/cafeto-reduccion-final.jpg?resize=600%2C429&amp;ssl=1 600w\" sizes=\"auto, (max-width: 700px) 100vw, 700px\" \/><\/a><figcaption id=\"caption-attachment-5881\" class=\"wp-caption-text\">M\u00e1s reducci\u00f3n de caf\u00e9.<\/figcaption><\/figure>\n<figure id=\"attachment_5873\" aria-describedby=\"caption-attachment-5873\" style=\"width: 700px\" class=\"wp-caption aligncenter\"><img data-recalc-dims=\"1\" loading=\"lazy\" decoding=\"async\" data-attachment-id=\"5873\" data-permalink=\"https:\/\/le-fort.org\/cocina\/cafeto\/cafeto-cremando\/\" data-orig-file=\"https:\/\/i0.wp.com\/le-fort.org\/cocina\/wp-content\/uploads\/2014\/12\/cafeto-cremando.jpg?fit=700%2C500&amp;ssl=1\" data-orig-size=\"700,500\" data-comments-opened=\"0\" data-image-meta=\"{&quot;aperture&quot;:&quot;0&quot;,&quot;credit&quot;:&quot;&quot;,&quot;camera&quot;:&quot;&quot;,&quot;caption&quot;:&quot;&quot;,&quot;created_timestamp&quot;:&quot;0&quot;,&quot;copyright&quot;:&quot;&quot;,&quot;focal_length&quot;:&quot;0&quot;,&quot;iso&quot;:&quot;0&quot;,&quot;shutter_speed&quot;:&quot;0&quot;,&quot;title&quot;:&quot;&quot;,&quot;orientation&quot;:&quot;0&quot;}\" data-image-title=\"cafeto-cremando\" data-image-description=\"\" data-image-caption=\"\" data-large-file=\"https:\/\/i0.wp.com\/le-fort.org\/cocina\/wp-content\/uploads\/2014\/12\/cafeto-cremando.jpg?fit=700%2C500&amp;ssl=1\" class=\"wp-image-5873 size-full\" src=\"https:\/\/i0.wp.com\/www.le-fort.org\/wp-content\/uploads\/2014\/12\/cafeto-cremando.jpg?resize=700%2C500&#038;ssl=1\" alt=\"cafeto-cremando\" width=\"700\" height=\"500\" srcset=\"https:\/\/i0.wp.com\/le-fort.org\/cocina\/wp-content\/uploads\/2014\/12\/cafeto-cremando.jpg?w=700&amp;ssl=1 700w, https:\/\/i0.wp.com\/le-fort.org\/cocina\/wp-content\/uploads\/2014\/12\/cafeto-cremando.jpg?resize=600%2C429&amp;ssl=1 600w\" sizes=\"auto, (max-width: 700px) 100vw, 700px\" \/><figcaption id=\"caption-attachment-5873\" class=\"wp-caption-text\">La segunda mitad de la crema.<\/figcaption><\/figure>\n<figure id=\"attachment_5872\" aria-describedby=\"caption-attachment-5872\" style=\"width: 700px\" class=\"wp-caption aligncenter\"><a href=\"https:\/\/i0.wp.com\/le-fort.org\/wp-content\/uploads\/2014\/12\/cafeto-crema.jpg?ssl=1\"><img data-recalc-dims=\"1\" loading=\"lazy\" decoding=\"async\" data-attachment-id=\"5872\" data-permalink=\"https:\/\/le-fort.org\/cocina\/cafeto\/cafeto-crema\/\" data-orig-file=\"https:\/\/i0.wp.com\/le-fort.org\/cocina\/wp-content\/uploads\/2014\/12\/cafeto-crema.jpg?fit=700%2C500&amp;ssl=1\" data-orig-size=\"700,500\" data-comments-opened=\"0\" data-image-meta=\"{&quot;aperture&quot;:&quot;0&quot;,&quot;credit&quot;:&quot;&quot;,&quot;camera&quot;:&quot;&quot;,&quot;caption&quot;:&quot;&quot;,&quot;created_timestamp&quot;:&quot;0&quot;,&quot;copyright&quot;:&quot;&quot;,&quot;focal_length&quot;:&quot;0&quot;,&quot;iso&quot;:&quot;0&quot;,&quot;shutter_speed&quot;:&quot;0&quot;,&quot;title&quot;:&quot;&quot;,&quot;orientation&quot;:&quot;0&quot;}\" data-image-title=\"cafeto-crema\" data-image-description=\"\" data-image-caption=\"\" data-large-file=\"https:\/\/i0.wp.com\/le-fort.org\/cocina\/wp-content\/uploads\/2014\/12\/cafeto-crema.jpg?fit=700%2C500&amp;ssl=1\" class=\"wp-image-5872 size-full\" src=\"https:\/\/i0.wp.com\/www.le-fort.org\/wp-content\/uploads\/2014\/12\/cafeto-crema.jpg?resize=700%2C500&#038;ssl=1\" alt=\"cafeto-crema\" width=\"700\" height=\"500\" srcset=\"https:\/\/i0.wp.com\/le-fort.org\/cocina\/wp-content\/uploads\/2014\/12\/cafeto-crema.jpg?w=700&amp;ssl=1 700w, https:\/\/i0.wp.com\/le-fort.org\/cocina\/wp-content\/uploads\/2014\/12\/cafeto-crema.jpg?resize=600%2C429&amp;ssl=1 600w\" sizes=\"auto, (max-width: 700px) 100vw, 700px\" \/><\/a><figcaption id=\"caption-attachment-5872\" class=\"wp-caption-text\">Listo el armado.<\/figcaption><\/figure>\n<figure id=\"attachment_5880\" aria-describedby=\"caption-attachment-5880\" style=\"width: 700px\" class=\"wp-caption aligncenter\"><img data-recalc-dims=\"1\" loading=\"lazy\" decoding=\"async\" data-attachment-id=\"5880\" data-permalink=\"https:\/\/le-fort.org\/cocina\/cafeto\/cafeto-rallando-2\/\" data-orig-file=\"https:\/\/i0.wp.com\/le-fort.org\/cocina\/wp-content\/uploads\/2014\/12\/cafeto-rallando-2.jpg?fit=700%2C500&amp;ssl=1\" data-orig-size=\"700,500\" data-comments-opened=\"0\" data-image-meta=\"{&quot;aperture&quot;:&quot;0&quot;,&quot;credit&quot;:&quot;&quot;,&quot;camera&quot;:&quot;&quot;,&quot;caption&quot;:&quot;&quot;,&quot;created_timestamp&quot;:&quot;0&quot;,&quot;copyright&quot;:&quot;&quot;,&quot;focal_length&quot;:&quot;0&quot;,&quot;iso&quot;:&quot;0&quot;,&quot;shutter_speed&quot;:&quot;0&quot;,&quot;title&quot;:&quot;&quot;,&quot;orientation&quot;:&quot;0&quot;}\" data-image-title=\"cafeto-rallando-2\" data-image-description=\"\" data-image-caption=\"\" data-large-file=\"https:\/\/i0.wp.com\/le-fort.org\/cocina\/wp-content\/uploads\/2014\/12\/cafeto-rallando-2.jpg?fit=700%2C500&amp;ssl=1\" class=\"wp-image-5880 size-full\" src=\"https:\/\/i0.wp.com\/www.le-fort.org\/wp-content\/uploads\/2014\/12\/cafeto-rallando-2.jpg?resize=700%2C500&#038;ssl=1\" alt=\"cafeto-rallando-2\" width=\"700\" height=\"500\" srcset=\"https:\/\/i0.wp.com\/le-fort.org\/cocina\/wp-content\/uploads\/2014\/12\/cafeto-rallando-2.jpg?w=700&amp;ssl=1 700w, https:\/\/i0.wp.com\/le-fort.org\/cocina\/wp-content\/uploads\/2014\/12\/cafeto-rallando-2.jpg?resize=600%2C429&amp;ssl=1 600w\" sizes=\"auto, (max-width: 700px) 100vw, 700px\" \/><figcaption id=\"caption-attachment-5880\" class=\"wp-caption-text\">Rallamos un poco de cobertura de chocolate.<\/figcaption><\/figure>\n<figure id=\"attachment_5871\" aria-describedby=\"caption-attachment-5871\" style=\"width: 700px\" class=\"wp-caption aligncenter\"><img data-recalc-dims=\"1\" loading=\"lazy\" decoding=\"async\" data-attachment-id=\"5871\" data-permalink=\"https:\/\/le-fort.org\/cocina\/cafeto\/cafeto-chocolatado\/\" data-orig-file=\"https:\/\/i0.wp.com\/le-fort.org\/cocina\/wp-content\/uploads\/2014\/12\/cafeto-chocolatado.jpg?fit=700%2C500&amp;ssl=1\" data-orig-size=\"700,500\" data-comments-opened=\"0\" data-image-meta=\"{&quot;aperture&quot;:&quot;0&quot;,&quot;credit&quot;:&quot;&quot;,&quot;camera&quot;:&quot;&quot;,&quot;caption&quot;:&quot;&quot;,&quot;created_timestamp&quot;:&quot;0&quot;,&quot;copyright&quot;:&quot;&quot;,&quot;focal_length&quot;:&quot;0&quot;,&quot;iso&quot;:&quot;0&quot;,&quot;shutter_speed&quot;:&quot;0&quot;,&quot;title&quot;:&quot;&quot;,&quot;orientation&quot;:&quot;0&quot;}\" data-image-title=\"cafeto-chocolatado\" data-image-description=\"\" data-image-caption=\"\" data-large-file=\"https:\/\/i0.wp.com\/le-fort.org\/cocina\/wp-content\/uploads\/2014\/12\/cafeto-chocolatado.jpg?fit=700%2C500&amp;ssl=1\" class=\"wp-image-5871 size-full\" src=\"https:\/\/i0.wp.com\/www.le-fort.org\/wp-content\/uploads\/2014\/12\/cafeto-chocolatado.jpg?resize=700%2C500&#038;ssl=1\" alt=\"cafeto-chocolatado\" width=\"700\" height=\"500\" srcset=\"https:\/\/i0.wp.com\/le-fort.org\/cocina\/wp-content\/uploads\/2014\/12\/cafeto-chocolatado.jpg?w=700&amp;ssl=1 700w, https:\/\/i0.wp.com\/le-fort.org\/cocina\/wp-content\/uploads\/2014\/12\/cafeto-chocolatado.jpg?resize=600%2C429&amp;ssl=1 600w\" sizes=\"auto, (max-width: 700px) 100vw, 700px\" \/><figcaption id=\"caption-attachment-5871\" class=\"wp-caption-text\">Listo para refrigerar un par de horas<\/figcaption><\/figure>\n<figure id=\"attachment_5885\" aria-describedby=\"caption-attachment-5885\" style=\"width: 700px\" class=\"wp-caption aligncenter\"><img data-recalc-dims=\"1\" loading=\"lazy\" decoding=\"async\" data-attachment-id=\"5885\" data-permalink=\"https:\/\/le-fort.org\/cocina\/cafeto\/cafeto-servido-2\/\" data-orig-file=\"https:\/\/i0.wp.com\/le-fort.org\/cocina\/wp-content\/uploads\/2014\/12\/cafeto-servido-2.jpg?fit=700%2C500&amp;ssl=1\" data-orig-size=\"700,500\" data-comments-opened=\"0\" data-image-meta=\"{&quot;aperture&quot;:&quot;0&quot;,&quot;credit&quot;:&quot;&quot;,&quot;camera&quot;:&quot;&quot;,&quot;caption&quot;:&quot;&quot;,&quot;created_timestamp&quot;:&quot;0&quot;,&quot;copyright&quot;:&quot;&quot;,&quot;focal_length&quot;:&quot;0&quot;,&quot;iso&quot;:&quot;0&quot;,&quot;shutter_speed&quot;:&quot;0&quot;,&quot;title&quot;:&quot;&quot;,&quot;orientation&quot;:&quot;0&quot;}\" data-image-title=\"cafeto-servido-2\" data-image-description=\"\" data-image-caption=\"\" data-large-file=\"https:\/\/i0.wp.com\/le-fort.org\/cocina\/wp-content\/uploads\/2014\/12\/cafeto-servido-2.jpg?fit=700%2C500&amp;ssl=1\" class=\"wp-image-5885 size-full\" src=\"https:\/\/i0.wp.com\/www.le-fort.org\/wp-content\/uploads\/2014\/12\/cafeto-servido-2.jpg?resize=700%2C500&#038;ssl=1\" alt=\"cafeto-servido-2\" width=\"700\" height=\"500\" srcset=\"https:\/\/i0.wp.com\/le-fort.org\/cocina\/wp-content\/uploads\/2014\/12\/cafeto-servido-2.jpg?w=700&amp;ssl=1 700w, https:\/\/i0.wp.com\/le-fort.org\/cocina\/wp-content\/uploads\/2014\/12\/cafeto-servido-2.jpg?resize=600%2C429&amp;ssl=1 600w\" sizes=\"auto, (max-width: 700px) 100vw, 700px\" \/><figcaption id=\"caption-attachment-5885\" class=\"wp-caption-text\">Delicioso resultado.<\/figcaption><\/figure>\n<p>Muy bueno. Es como un tiramis\u00fa pero a la vez no lo es. El caf\u00e9 e sm\u00e1s fuerte y el postre es m\u00e1s dulce.<\/p>\n<p>Nos encant\u00f3.<\/p>\n<p>[fin]<\/p>\n","protected":false},"excerpt":{"rendered":"<p>El cafeto es una variaci\u00f3n del Tiramis\u00fa preparada por nuestro amigo el Dr. Federico Riquetti. El gran aporte es una reducci\u00f3n de caf\u00e9 poderosa. Se recomienda probarlo.<\/p>\n","protected":false},"author":1,"featured_media":5878,"comment_status":"open","ping_status":"closed","sticky":false,"template":"","format":"standard","meta":{"_jetpack_newsletter_access":"","_jetpack_dont_email_post_to_subs":false,"_jetpack_newsletter_tier_id":0,"_jetpack_memberships_contains_paywalled_content":false,"_jetpack_memberships_contains_paid_content":false,"footnotes":""},"categories":[25],"tags":[189,178,30],"class_list":["post-5868","post","type-post","status-publish","format-standard","has-post-thumbnail","hentry","category-reposteria","tag-cafe","tag-galletas","tag-reposteria","entry","has-media"],"jetpack_featured_media_url":"https:\/\/i0.wp.com\/le-fort.org\/cocina\/wp-content\/uploads\/2014\/12\/cafeto-hd.jpg?fit=1200%2C400&ssl=1","jetpack_shortlink":"https:\/\/wp.me\/sghKer-cafeto","jetpack_sharing_enabled":true,"jetpack-related-posts":[{"id":8599,"url":"https:\/\/le-fort.org\/cocina\/tiramisu\/","url_meta":{"origin":5868,"position":0},"title":"Tiramisu: de Dulce y de Erotismo","author":"Le-Fort.org","date":"26 de Agosto, 2016","format":false,"excerpt":"El Tiramisu es un postre sexy: conozc\u00e1moslo mejor.","rel":"","context":"En &quot;Reposter\u00eda&quot;","block_context":{"text":"Reposter\u00eda","link":"https:\/\/le-fort.org\/cocina\/categoria\/reposteria\/"},"img":{"alt_text":"","src":"https:\/\/i0.wp.com\/le-fort.org\/cocina\/wp-content\/uploads\/2016\/08\/tiramisu-hd.jpg?fit=1200%2C400&ssl=1&resize=350%2C200","width":350,"height":200,"srcset":"https:\/\/i0.wp.com\/le-fort.org\/cocina\/wp-content\/uploads\/2016\/08\/tiramisu-hd.jpg?fit=1200%2C400&ssl=1&resize=350%2C200 1x, https:\/\/i0.wp.com\/le-fort.org\/cocina\/wp-content\/uploads\/2016\/08\/tiramisu-hd.jpg?fit=1200%2C400&ssl=1&resize=525%2C300 1.5x, https:\/\/i0.wp.com\/le-fort.org\/cocina\/wp-content\/uploads\/2016\/08\/tiramisu-hd.jpg?fit=1200%2C400&ssl=1&resize=700%2C400 2x, https:\/\/i0.wp.com\/le-fort.org\/cocina\/wp-content\/uploads\/2016\/08\/tiramisu-hd.jpg?fit=1200%2C400&ssl=1&resize=1050%2C600 3x"},"classes":[]},{"id":664,"url":"https:\/\/le-fort.org\/cocina\/sanduche-de-chancho\/","url_meta":{"origin":5868,"position":1},"title":"S\u00e1nduche de Chancho","author":"Maestro Sanguchero","date":"16 de Marzo, 2013","format":false,"excerpt":"El s\u00e1nduche de chancho ecuatoriano es un s\u00e1nduche t\u00edpico y excelente. En su versi\u00f3n m\u00e1s simple consiste en chancho hornado y cebolla encurtida.","rel":"","context":"En &quot;Cerdo&quot;","block_context":{"text":"Cerdo","link":"https:\/\/le-fort.org\/cocina\/categoria\/cerdo\/"},"img":{"alt_text":"","src":"https:\/\/i0.wp.com\/le-fort.org\/cocina\/wp-content\/uploads\/2013\/06\/sanduche-hd.jpg?fit=700%2C350&ssl=1&resize=350%2C200","width":350,"height":200,"srcset":"https:\/\/i0.wp.com\/le-fort.org\/cocina\/wp-content\/uploads\/2013\/06\/sanduche-hd.jpg?fit=700%2C350&ssl=1&resize=350%2C200 1x, https:\/\/i0.wp.com\/le-fort.org\/cocina\/wp-content\/uploads\/2013\/06\/sanduche-hd.jpg?fit=700%2C350&ssl=1&resize=525%2C300 1.5x, https:\/\/i0.wp.com\/le-fort.org\/cocina\/wp-content\/uploads\/2013\/06\/sanduche-hd.jpg?fit=700%2C350&ssl=1&resize=700%2C400 2x"},"classes":[]},{"id":11637,"url":"https:\/\/le-fort.org\/cocina\/barras-de-limon-frutas\/","url_meta":{"origin":5868,"position":2},"title":"Barras de Lim\u00f3n (o de otras frutas)","author":"Le-Fort.org","date":"2 de Febrero, 2018","format":false,"excerpt":"Las barras de lim\u00f3n (lemon bars) son unas galletas del tipo galletas de lata, debido a que se hornean en una lata y se cortan una vez fr\u00edas. La base de estas galletas es la preparaci\u00f3n escocesa conocida como Shortbread: tradicionalmente es az\u00facar mantequilla y harina en proporci\u00f3n 1:2:3. En\u2026","rel":"","context":"En &quot;General&quot;","block_context":{"text":"General","link":"https:\/\/le-fort.org\/cocina\/categoria\/general\/"},"img":{"alt_text":"","src":"https:\/\/i0.wp.com\/le-fort.org\/cocina\/wp-content\/uploads\/2018\/02\/barras-hd-1.jpg?fit=1200%2C400&ssl=1&resize=350%2C200","width":350,"height":200,"srcset":"https:\/\/i0.wp.com\/le-fort.org\/cocina\/wp-content\/uploads\/2018\/02\/barras-hd-1.jpg?fit=1200%2C400&ssl=1&resize=350%2C200 1x, https:\/\/i0.wp.com\/le-fort.org\/cocina\/wp-content\/uploads\/2018\/02\/barras-hd-1.jpg?fit=1200%2C400&ssl=1&resize=525%2C300 1.5x, https:\/\/i0.wp.com\/le-fort.org\/cocina\/wp-content\/uploads\/2018\/02\/barras-hd-1.jpg?fit=1200%2C400&ssl=1&resize=700%2C400 2x, https:\/\/i0.wp.com\/le-fort.org\/cocina\/wp-content\/uploads\/2018\/02\/barras-hd-1.jpg?fit=1200%2C400&ssl=1&resize=1050%2C600 3x"},"classes":[]},{"id":5110,"url":"https:\/\/le-fort.org\/cocina\/cheesecake-de-galletas-oreo-ii\/","url_meta":{"origin":5868,"position":3},"title":"Cheesecake de Galletas Oreo Horneado","author":"Le-Fort.org","date":"5 de Enero, 2014","format":false,"excerpt":"Receta de cheesecake de galletas Oreo, con base de galletas oreo y relleno de queso crema, crema y huevos, horneado.","rel":"","context":"En &quot;Recetas&quot;","block_context":{"text":"Recetas","link":"https:\/\/le-fort.org\/cocina\/categoria\/recetas\/"},"img":{"alt_text":"","src":"https:\/\/i0.wp.com\/le-fort.org\/cocina\/wp-content\/uploads\/2014\/01\/cheesecake-oreo-hd.jpg?fit=1200%2C400&ssl=1&resize=350%2C200","width":350,"height":200,"srcset":"https:\/\/i0.wp.com\/le-fort.org\/cocina\/wp-content\/uploads\/2014\/01\/cheesecake-oreo-hd.jpg?fit=1200%2C400&ssl=1&resize=350%2C200 1x, https:\/\/i0.wp.com\/le-fort.org\/cocina\/wp-content\/uploads\/2014\/01\/cheesecake-oreo-hd.jpg?fit=1200%2C400&ssl=1&resize=525%2C300 1.5x, https:\/\/i0.wp.com\/le-fort.org\/cocina\/wp-content\/uploads\/2014\/01\/cheesecake-oreo-hd.jpg?fit=1200%2C400&ssl=1&resize=700%2C400 2x, https:\/\/i0.wp.com\/le-fort.org\/cocina\/wp-content\/uploads\/2014\/01\/cheesecake-oreo-hd.jpg?fit=1200%2C400&ssl=1&resize=1050%2C600 3x"},"classes":[]},{"id":8210,"url":"https:\/\/le-fort.org\/cocina\/jumbals\/","url_meta":{"origin":5868,"position":4},"title":"Jumbals","author":"Le-Fort.org","date":"27 de Junio, 2016","format":false,"excerpt":"Preparamos estas galletas llamadas Jumbals como parte de un curso muy interesante que estamos tomando en l\u00ednea, sobre la historia de la comida bajo distintos reyes y reinas de Inglaterra.\u00a0La receta es de la lecci\u00f3n sobre Isabel I, y est\u00e1 en el contexto del descenso del precio del az\u00facar en\u2026","rel":"","context":"En &quot;Reposter\u00eda&quot;","block_context":{"text":"Reposter\u00eda","link":"https:\/\/le-fort.org\/cocina\/categoria\/reposteria\/"},"img":{"alt_text":"","src":"https:\/\/i0.wp.com\/le-fort.org\/cocina\/wp-content\/uploads\/2016\/06\/jumbal-hd.jpg?fit=1200%2C400&ssl=1&resize=350%2C200","width":350,"height":200,"srcset":"https:\/\/i0.wp.com\/le-fort.org\/cocina\/wp-content\/uploads\/2016\/06\/jumbal-hd.jpg?fit=1200%2C400&ssl=1&resize=350%2C200 1x, https:\/\/i0.wp.com\/le-fort.org\/cocina\/wp-content\/uploads\/2016\/06\/jumbal-hd.jpg?fit=1200%2C400&ssl=1&resize=525%2C300 1.5x, https:\/\/i0.wp.com\/le-fort.org\/cocina\/wp-content\/uploads\/2016\/06\/jumbal-hd.jpg?fit=1200%2C400&ssl=1&resize=700%2C400 2x, https:\/\/i0.wp.com\/le-fort.org\/cocina\/wp-content\/uploads\/2016\/06\/jumbal-hd.jpg?fit=1200%2C400&ssl=1&resize=1050%2C600 3x"},"classes":[]},{"id":15572,"url":"https:\/\/le-fort.org\/cocina\/banoffee-receta-original\/","url_meta":{"origin":5868,"position":5},"title":"Banoffee &#8211; Receta Original","author":"Le-Fort.org","date":"10 de Abril, 2021","format":false,"excerpt":"Receta original del Banoffee o Banofi, tarta de la d\u00e9cada de 1970. Esta versi\u00f3n tiene caf\u00e9 en la crema y usa simplemente dulce de leche.","rel":"","context":"En &quot;Reposter\u00eda&quot;","block_context":{"text":"Reposter\u00eda","link":"https:\/\/le-fort.org\/cocina\/categoria\/reposteria\/"},"img":{"alt_text":"","src":"https:\/\/i0.wp.com\/le-fort.org\/cocina\/wp-content\/uploads\/2015\/02\/banoffee_hd.jpg?fit=1200%2C400&ssl=1&resize=350%2C200","width":350,"height":200,"srcset":"https:\/\/i0.wp.com\/le-fort.org\/cocina\/wp-content\/uploads\/2015\/02\/banoffee_hd.jpg?fit=1200%2C400&ssl=1&resize=350%2C200 1x, https:\/\/i0.wp.com\/le-fort.org\/cocina\/wp-content\/uploads\/2015\/02\/banoffee_hd.jpg?fit=1200%2C400&ssl=1&resize=525%2C300 1.5x, https:\/\/i0.wp.com\/le-fort.org\/cocina\/wp-content\/uploads\/2015\/02\/banoffee_hd.jpg?fit=1200%2C400&ssl=1&resize=700%2C400 2x, https:\/\/i0.wp.com\/le-fort.org\/cocina\/wp-content\/uploads\/2015\/02\/banoffee_hd.jpg?fit=1200%2C400&ssl=1&resize=1050%2C600 3x"},"classes":[]}],"_links":{"self":[{"href":"https:\/\/le-fort.org\/cocina\/wp-json\/wp\/v2\/posts\/5868","targetHints":{"allow":["GET"]}}],"collection":[{"href":"https:\/\/le-fort.org\/cocina\/wp-json\/wp\/v2\/posts"}],"about":[{"href":"https:\/\/le-fort.org\/cocina\/wp-json\/wp\/v2\/types\/post"}],"author":[{"embeddable":true,"href":"https:\/\/le-fort.org\/cocina\/wp-json\/wp\/v2\/users\/1"}],"replies":[{"embeddable":true,"href":"https:\/\/le-fort.org\/cocina\/wp-json\/wp\/v2\/comments?post=5868"}],"version-history":[{"count":0,"href":"https:\/\/le-fort.org\/cocina\/wp-json\/wp\/v2\/posts\/5868\/revisions"}],"wp:featuredmedia":[{"embeddable":true,"href":"https:\/\/le-fort.org\/cocina\/wp-json\/wp\/v2\/media\/5878"}],"wp:attachment":[{"href":"https:\/\/le-fort.org\/cocina\/wp-json\/wp\/v2\/media?parent=5868"}],"wp:term":[{"taxonomy":"category","embeddable":true,"href":"https:\/\/le-fort.org\/cocina\/wp-json\/wp\/v2\/categories?post=5868"},{"taxonomy":"post_tag","embeddable":true,"href":"https:\/\/le-fort.org\/cocina\/wp-json\/wp\/v2\/tags?post=5868"}],"curies":[{"name":"wp","href":"https:\/\/api.w.org\/{rel}","templated":true}]}}