{"id":5932,"date":"2015-01-05T13:16:09","date_gmt":"2015-01-05T18:16:09","guid":{"rendered":"http:\/\/www.loquecomemos.com\/?p=5932"},"modified":"2017-10-16T08:31:51","modified_gmt":"2017-10-16T13:31:51","slug":"torta-mille-crepe-de-nutella","status":"publish","type":"post","link":"https:\/\/le-fort.org\/cocina\/torta-mille-crepe-de-nutella\/","title":{"rendered":"Torta Mille Cr\u00eape de Nutella"},"content":{"rendered":"<p><a title=\"Mille Cr\u00eape de Ganache de Nutella\" href=\"https:\/\/le-fort.org\/mille-crepe-de-ganache-de-nutella\/\"><em>Mille Cr\u00eape<\/em><\/a> suena s\u00faper franc\u00e9s, pero la verdad es que s\u00f3lo quiere decir &#8220;mil panqueques.&#8221; Esta es una de las soluciones f\u00e1ciles que existen para hacer tortas: Una serie de panqueques, un par de frascos de Nutella, y estamos listos.<\/p>\n<figure id=\"attachment_5935\" aria-describedby=\"caption-attachment-5935\" style=\"width: 960px\" class=\"wp-caption aligncenter\"><a href=\"https:\/\/i0.wp.com\/le-fort.org\/wp-content\/uploads\/2015\/01\/torta-velas.jpg?ssl=1\"><img data-recalc-dims=\"1\" loading=\"lazy\" decoding=\"async\" data-attachment-id=\"5935\" data-permalink=\"https:\/\/le-fort.org\/cocina\/torta-mille-crepe-de-nutella\/torta-velas\/\" data-orig-file=\"https:\/\/i0.wp.com\/le-fort.org\/cocina\/wp-content\/uploads\/2015\/01\/torta-velas.jpg?fit=960%2C600&amp;ssl=1\" data-orig-size=\"960,600\" data-comments-opened=\"0\" data-image-meta=\"{&quot;aperture&quot;:&quot;0&quot;,&quot;credit&quot;:&quot;&quot;,&quot;camera&quot;:&quot;&quot;,&quot;caption&quot;:&quot;&quot;,&quot;created_timestamp&quot;:&quot;0&quot;,&quot;copyright&quot;:&quot;&quot;,&quot;focal_length&quot;:&quot;0&quot;,&quot;iso&quot;:&quot;0&quot;,&quot;shutter_speed&quot;:&quot;0&quot;,&quot;title&quot;:&quot;&quot;,&quot;orientation&quot;:&quot;0&quot;}\" data-image-title=\"torta-velas\" data-image-description=\"\" data-image-caption=\"&lt;p&gt;Cumplea\u00f1os feliz&lt;\/p&gt;\n\" data-large-file=\"https:\/\/i0.wp.com\/le-fort.org\/cocina\/wp-content\/uploads\/2015\/01\/torta-velas.jpg?fit=960%2C600&amp;ssl=1\" class=\"size-full wp-image-5935\" src=\"https:\/\/i0.wp.com\/www.le-fort.org\/wp-content\/uploads\/2015\/01\/torta-velas.jpg?resize=960%2C600&#038;ssl=1\" alt=\"Cumplea\u00f1os feliz\" width=\"960\" height=\"600\" srcset=\"https:\/\/i0.wp.com\/le-fort.org\/cocina\/wp-content\/uploads\/2015\/01\/torta-velas.jpg?w=960&amp;ssl=1 960w, https:\/\/i0.wp.com\/le-fort.org\/cocina\/wp-content\/uploads\/2015\/01\/torta-velas.jpg?resize=600%2C375&amp;ssl=1 600w\" sizes=\"auto, (max-width: 960px) 100vw, 960px\" \/><\/a><figcaption id=\"caption-attachment-5935\" class=\"wp-caption-text\">Cumplea\u00f1os feliz<\/figcaption><\/figure>\n<p><!--more--><\/p>\n<p>Todo comenz\u00f3 porque la nieta mayor quer\u00eda cosas con nutella para su d\u00e9cimo cumplea\u00f1os. Esto nos pareci\u00f3 lo m\u00e1s f\u00e1cil y fue un \u00e9xito resonante. No sobr\u00f3 nada. Ni para nosotros.<\/p>\n<p>Es una torta sin mayor ciencia. Una receta de panqueques, uno o dos frascos de Nutella, seg\u00fan nuestra generosidad indique, un par de horas de refrigerador, y estamos listos.<\/p>\n<p><a title=\"Receta: Panqueques\" href=\"http:\/\/www.loquecomemos.com\/receta-panqueques\/\">La receta de panqueques la puedes ver aqu\u00ed<\/a>. Lo ideal es trabajar con los panqueques fr\u00edos o a temperatura ambiente.<\/p>\n<p>El armado es igualmente simple.<\/p>\n<figure id=\"attachment_5933\" aria-describedby=\"caption-attachment-5933\" style=\"width: 960px\" class=\"wp-caption aligncenter\"><a href=\"https:\/\/i0.wp.com\/le-fort.org\/wp-content\/uploads\/2015\/01\/armando.jpg?ssl=1\"><img data-recalc-dims=\"1\" loading=\"lazy\" decoding=\"async\" data-attachment-id=\"5933\" data-permalink=\"https:\/\/le-fort.org\/cocina\/torta-mille-crepe-de-nutella\/armando-4\/\" data-orig-file=\"https:\/\/i0.wp.com\/le-fort.org\/cocina\/wp-content\/uploads\/2015\/01\/armando.jpg?fit=960%2C600&amp;ssl=1\" data-orig-size=\"960,600\" data-comments-opened=\"0\" data-image-meta=\"{&quot;aperture&quot;:&quot;0&quot;,&quot;credit&quot;:&quot;&quot;,&quot;camera&quot;:&quot;&quot;,&quot;caption&quot;:&quot;&quot;,&quot;created_timestamp&quot;:&quot;0&quot;,&quot;copyright&quot;:&quot;&quot;,&quot;focal_length&quot;:&quot;0&quot;,&quot;iso&quot;:&quot;0&quot;,&quot;shutter_speed&quot;:&quot;0&quot;,&quot;title&quot;:&quot;&quot;,&quot;orientation&quot;:&quot;0&quot;}\" data-image-title=\"armando\" data-image-description=\"\" data-image-caption=\"&lt;p&gt;Panqueque, nutella, panqueque, nutella, etc.&lt;\/p&gt;\n\" data-large-file=\"https:\/\/i0.wp.com\/le-fort.org\/cocina\/wp-content\/uploads\/2015\/01\/armando.jpg?fit=960%2C600&amp;ssl=1\" class=\"size-full wp-image-5933\" src=\"https:\/\/i0.wp.com\/www.le-fort.org\/wp-content\/uploads\/2015\/01\/armando.jpg?resize=960%2C600&#038;ssl=1\" alt=\"Panqueque, nutella, panqueque, nutella, etc.\" width=\"960\" height=\"600\" srcset=\"https:\/\/i0.wp.com\/le-fort.org\/cocina\/wp-content\/uploads\/2015\/01\/armando.jpg?w=960&amp;ssl=1 960w, https:\/\/i0.wp.com\/le-fort.org\/cocina\/wp-content\/uploads\/2015\/01\/armando.jpg?resize=600%2C375&amp;ssl=1 600w\" sizes=\"auto, (max-width: 960px) 100vw, 960px\" \/><\/a><figcaption id=\"caption-attachment-5933\" class=\"wp-caption-text\">Panqueque, nutella, panqueque, nutella, etc.<\/figcaption><\/figure>\n<p>Una vez que se acaben los panqueques, dibujar con nutella encima de la torta seg\u00fan la inspiraci\u00f3n dicte.<\/p>\n<p><a href=\"https:\/\/i0.wp.com\/le-fort.org\/wp-content\/uploads\/2015\/01\/torta.jpg?ssl=1\"><img data-recalc-dims=\"1\" loading=\"lazy\" decoding=\"async\" data-attachment-id=\"5936\" data-permalink=\"https:\/\/le-fort.org\/cocina\/torta-mille-crepe-de-nutella\/torta-2\/\" data-orig-file=\"https:\/\/i0.wp.com\/le-fort.org\/cocina\/wp-content\/uploads\/2015\/01\/torta.jpg?fit=960%2C600&amp;ssl=1\" data-orig-size=\"960,600\" data-comments-opened=\"0\" data-image-meta=\"{&quot;aperture&quot;:&quot;0&quot;,&quot;credit&quot;:&quot;&quot;,&quot;camera&quot;:&quot;&quot;,&quot;caption&quot;:&quot;&quot;,&quot;created_timestamp&quot;:&quot;0&quot;,&quot;copyright&quot;:&quot;&quot;,&quot;focal_length&quot;:&quot;0&quot;,&quot;iso&quot;:&quot;0&quot;,&quot;shutter_speed&quot;:&quot;0&quot;,&quot;title&quot;:&quot;&quot;,&quot;orientation&quot;:&quot;0&quot;}\" data-image-title=\"torta\" data-image-description=\"\" data-image-caption=\"\" data-large-file=\"https:\/\/i0.wp.com\/le-fort.org\/cocina\/wp-content\/uploads\/2015\/01\/torta.jpg?fit=960%2C600&amp;ssl=1\" class=\"aligncenter size-full wp-image-5936\" src=\"https:\/\/i0.wp.com\/www.le-fort.org\/wp-content\/uploads\/2015\/01\/torta.jpg?resize=960%2C600&#038;ssl=1\" alt=\"torta\" width=\"960\" height=\"600\" srcset=\"https:\/\/i0.wp.com\/le-fort.org\/cocina\/wp-content\/uploads\/2015\/01\/torta.jpg?w=960&amp;ssl=1 960w, https:\/\/i0.wp.com\/le-fort.org\/cocina\/wp-content\/uploads\/2015\/01\/torta.jpg?resize=600%2C375&amp;ssl=1 600w\" sizes=\"auto, (max-width: 960px) 100vw, 960px\" \/><\/a><\/p>\n<p>Luego, un par de horas de refrigerador, o idealmente, toda una noche.<\/p>\n<p>De ah\u00ed es cosa de poner velas, y a cantar!<\/p>\n<p><a href=\"https:\/\/i0.wp.com\/le-fort.org\/wp-content\/uploads\/2015\/01\/tortalista.jpg?ssl=1\"><img data-recalc-dims=\"1\" loading=\"lazy\" decoding=\"async\" data-attachment-id=\"5937\" data-permalink=\"https:\/\/le-fort.org\/cocina\/torta-mille-crepe-de-nutella\/tortalista\/\" data-orig-file=\"https:\/\/i0.wp.com\/le-fort.org\/cocina\/wp-content\/uploads\/2015\/01\/tortalista.jpg?fit=960%2C600&amp;ssl=1\" data-orig-size=\"960,600\" data-comments-opened=\"0\" data-image-meta=\"{&quot;aperture&quot;:&quot;0&quot;,&quot;credit&quot;:&quot;&quot;,&quot;camera&quot;:&quot;&quot;,&quot;caption&quot;:&quot;&quot;,&quot;created_timestamp&quot;:&quot;0&quot;,&quot;copyright&quot;:&quot;&quot;,&quot;focal_length&quot;:&quot;0&quot;,&quot;iso&quot;:&quot;0&quot;,&quot;shutter_speed&quot;:&quot;0&quot;,&quot;title&quot;:&quot;&quot;,&quot;orientation&quot;:&quot;0&quot;}\" data-image-title=\"tortalista\" data-image-description=\"\" data-image-caption=\"\" data-large-file=\"https:\/\/i0.wp.com\/le-fort.org\/cocina\/wp-content\/uploads\/2015\/01\/tortalista.jpg?fit=960%2C600&amp;ssl=1\" class=\"aligncenter size-full wp-image-5937\" src=\"https:\/\/i0.wp.com\/www.le-fort.org\/wp-content\/uploads\/2015\/01\/tortalista.jpg?resize=960%2C600&#038;ssl=1\" alt=\"tortalista\" width=\"960\" height=\"600\" srcset=\"https:\/\/i0.wp.com\/le-fort.org\/cocina\/wp-content\/uploads\/2015\/01\/tortalista.jpg?w=960&amp;ssl=1 960w, https:\/\/i0.wp.com\/le-fort.org\/cocina\/wp-content\/uploads\/2015\/01\/tortalista.jpg?resize=600%2C375&amp;ssl=1 600w\" sizes=\"auto, (max-width: 960px) 100vw, 960px\" \/><\/a><\/p>\n<p>[fin]<\/p>\n","protected":false},"excerpt":{"rendered":"<p>Receta de torta de panqueques y nutella, llamada Mille Cr\u00eape. Es muy simple y r\u00e1pida de armar y fue un \u00e9xito en el cumplea\u00f1os.<\/p>\n","protected":false},"author":1,"featured_media":5934,"comment_status":"open","ping_status":"closed","sticky":false,"template":"","format":"standard","meta":{"_jetpack_newsletter_access":"","_jetpack_dont_email_post_to_subs":false,"_jetpack_newsletter_tier_id":0,"_jetpack_memberships_contains_paywalled_content":false,"_jetpack_memberships_contains_paid_content":false,"footnotes":""},"categories":[40,2],"tags":[358,26,85,30,161],"class_list":["post-5932","post","type-post","status-publish","format-standard","has-post-thumbnail","hentry","category-chocolate","category-recetas","tag-chocolate","tag-nutella","tag-panqueques","tag-reposteria","tag-torta","entry","has-media"],"jetpack_featured_media_url":"https:\/\/i0.wp.com\/le-fort.org\/cocina\/wp-content\/uploads\/2015\/01\/mille-crepe-nutella-hd.jpg?fit=1200%2C400&ssl=1","jetpack_shortlink":"https:\/\/wp.me\/pghKer-1xG","jetpack_sharing_enabled":true,"jetpack-related-posts":[{"id":5755,"url":"https:\/\/le-fort.org\/cocina\/mille-crepe-de-ganache-de-nutella\/","url_meta":{"origin":5932,"position":0},"title":"Mille Cr\u00eape de Ganache de Nutella","author":"Le-Fort.org","date":"21 de Septiembre, 2014","format":false,"excerpt":"Mille Cr\u00eape de Ganache de Nutella, una torta r\u00e1pida y f\u00e1cil, sobre todo si eres bueno para hacer panqueques y te gusta la nutella. Pru\u00e9bala y cu\u00e9ntanos qu\u00e9 opinas.","rel":"","context":"En &quot;Chocolate&quot;","block_context":{"text":"Chocolate","link":"https:\/\/le-fort.org\/cocina\/categoria\/chocolate\/"},"img":{"alt_text":"","src":"https:\/\/i0.wp.com\/le-fort.org\/cocina\/wp-content\/uploads\/2014\/09\/mille-crepe-nutella-hd.jpg?fit=1200%2C400&ssl=1&resize=350%2C200","width":350,"height":200,"srcset":"https:\/\/i0.wp.com\/le-fort.org\/cocina\/wp-content\/uploads\/2014\/09\/mille-crepe-nutella-hd.jpg?fit=1200%2C400&ssl=1&resize=350%2C200 1x, https:\/\/i0.wp.com\/le-fort.org\/cocina\/wp-content\/uploads\/2014\/09\/mille-crepe-nutella-hd.jpg?fit=1200%2C400&ssl=1&resize=525%2C300 1.5x, https:\/\/i0.wp.com\/le-fort.org\/cocina\/wp-content\/uploads\/2014\/09\/mille-crepe-nutella-hd.jpg?fit=1200%2C400&ssl=1&resize=700%2C400 2x, https:\/\/i0.wp.com\/le-fort.org\/cocina\/wp-content\/uploads\/2014\/09\/mille-crepe-nutella-hd.jpg?fit=1200%2C400&ssl=1&resize=1050%2C600 3x"},"classes":[]},{"id":5242,"url":"https:\/\/le-fort.org\/cocina\/lasana-de-panqueques\/","url_meta":{"origin":5932,"position":1},"title":"Lasa\u00f1a de Panqueques","author":"Le-Fort.org","date":"16 de Febrero, 2014","format":false,"excerpt":"Receta de lasa\u00f1a de panqueques, en que reemplazamos la masa de la lasa\u00f1a por panqueques (cr\u00eapes). F\u00e1cil y m\u00e1s r\u00e1pido de lo que parece.","rel":"","context":"En &quot;Recetas&quot;","block_context":{"text":"Recetas","link":"https:\/\/le-fort.org\/cocina\/categoria\/recetas\/"},"img":{"alt_text":"","src":"https:\/\/i0.wp.com\/le-fort.org\/cocina\/wp-content\/uploads\/2014\/02\/lasanna-panqueques-hd.jpg?fit=1200%2C400&ssl=1&resize=350%2C200","width":350,"height":200,"srcset":"https:\/\/i0.wp.com\/le-fort.org\/cocina\/wp-content\/uploads\/2014\/02\/lasanna-panqueques-hd.jpg?fit=1200%2C400&ssl=1&resize=350%2C200 1x, https:\/\/i0.wp.com\/le-fort.org\/cocina\/wp-content\/uploads\/2014\/02\/lasanna-panqueques-hd.jpg?fit=1200%2C400&ssl=1&resize=525%2C300 1.5x, https:\/\/i0.wp.com\/le-fort.org\/cocina\/wp-content\/uploads\/2014\/02\/lasanna-panqueques-hd.jpg?fit=1200%2C400&ssl=1&resize=700%2C400 2x, https:\/\/i0.wp.com\/le-fort.org\/cocina\/wp-content\/uploads\/2014\/02\/lasanna-panqueques-hd.jpg?fit=1200%2C400&ssl=1&resize=1050%2C600 3x"},"classes":[]},{"id":7736,"url":"https:\/\/le-fort.org\/cocina\/curso-de-crepes\/","url_meta":{"origin":5932,"position":2},"title":"Curso de Cr\u00eapes","author":"Le-Fort.org","date":"4 de Abril, 2016","format":false,"excerpt":"Tuvimos el agrado de dictar un peque\u00f1o curso de cr\u00eapes a nuestros amigos de La Ideota Guesthouse de Salinas. El curso comenz\u00f3 con una receta b\u00e1sica de, que es una leve adaptaci\u00f3n de la receta de Julia Child: 3 huevos 3\/4 taza de agua 3\/4 taza de leche 1 taza\u2026","rel":"","context":"En &quot;Educaci\u00f3n&quot;","block_context":{"text":"Educaci\u00f3n","link":"https:\/\/le-fort.org\/cocina\/categoria\/educacion\/"},"img":{"alt_text":"","src":"https:\/\/i0.wp.com\/le-fort.org\/cocina\/wp-content\/uploads\/2016\/04\/crepes-hd.jpg?fit=1200%2C400&ssl=1&resize=350%2C200","width":350,"height":200,"srcset":"https:\/\/i0.wp.com\/le-fort.org\/cocina\/wp-content\/uploads\/2016\/04\/crepes-hd.jpg?fit=1200%2C400&ssl=1&resize=350%2C200 1x, https:\/\/i0.wp.com\/le-fort.org\/cocina\/wp-content\/uploads\/2016\/04\/crepes-hd.jpg?fit=1200%2C400&ssl=1&resize=525%2C300 1.5x, https:\/\/i0.wp.com\/le-fort.org\/cocina\/wp-content\/uploads\/2016\/04\/crepes-hd.jpg?fit=1200%2C400&ssl=1&resize=700%2C400 2x, https:\/\/i0.wp.com\/le-fort.org\/cocina\/wp-content\/uploads\/2016\/04\/crepes-hd.jpg?fit=1200%2C400&ssl=1&resize=1050%2C600 3x"},"classes":[]},{"id":623,"url":"https:\/\/le-fort.org\/cocina\/nutella-chocolate-avellanas-adiccion\/","url_meta":{"origin":5932,"position":3},"title":"Nutella: chocolate, avellanas y adicci\u00f3n","author":"Le-Fort.org","date":"4 de Agosto, 2011","format":false,"excerpt":"Qu\u00e9 rica es la nutella. Es una pasta de avellanas, chocolate y leche que es adictiva.","rel":"","context":"En &quot;Comida&quot;","block_context":{"text":"Comida","link":"https:\/\/le-fort.org\/cocina\/categoria\/cocina-comida\/"},"img":{"alt_text":"","src":"https:\/\/i0.wp.com\/le-fort.org\/cocina\/wp-content\/uploads\/2011\/08\/nutella1.jpg?fit=620%2C250&ssl=1&resize=350%2C200","width":350,"height":200,"srcset":"https:\/\/i0.wp.com\/le-fort.org\/cocina\/wp-content\/uploads\/2011\/08\/nutella1.jpg?fit=620%2C250&ssl=1&resize=350%2C200 1x, https:\/\/i0.wp.com\/le-fort.org\/cocina\/wp-content\/uploads\/2011\/08\/nutella1.jpg?fit=620%2C250&ssl=1&resize=525%2C300 1.5x"},"classes":[]},{"id":2092,"url":"https:\/\/le-fort.org\/cocina\/receta-panqueques\/","url_meta":{"origin":5932,"position":4},"title":"Panqueques o Cr\u00eapes","author":"Le-Fort.org","date":"1 de Septiembre, 2012","format":false,"excerpt":"Receta de panqueques (cr\u00eapes) ideales par aun desayuno, o para un almuerzo o una once\u2026 ideales para cuando quieras.","rel":"","context":"En &quot;Comida&quot;","block_context":{"text":"Comida","link":"https:\/\/le-fort.org\/cocina\/categoria\/cocina-comida\/"},"img":{"alt_text":"","src":"https:\/\/i0.wp.com\/le-fort.org\/cocina\/wp-content\/uploads\/2012\/09\/head.jpg?fit=1000%2C288&ssl=1&resize=350%2C200","width":350,"height":200,"srcset":"https:\/\/i0.wp.com\/le-fort.org\/cocina\/wp-content\/uploads\/2012\/09\/head.jpg?fit=1000%2C288&ssl=1&resize=350%2C200 1x, https:\/\/i0.wp.com\/le-fort.org\/cocina\/wp-content\/uploads\/2012\/09\/head.jpg?fit=1000%2C288&ssl=1&resize=525%2C300 1.5x, https:\/\/i0.wp.com\/le-fort.org\/cocina\/wp-content\/uploads\/2012\/09\/head.jpg?fit=1000%2C288&ssl=1&resize=700%2C400 2x"},"classes":[]},{"id":8337,"url":"https:\/\/le-fort.org\/cocina\/torta-de-panqueques\/","url_meta":{"origin":5932,"position":5},"title":"Torta de Panqueques","author":"Le-Fort.org","date":"7 de Julio, 2016","format":false,"excerpt":"Deliciosa torta de panqueques basada en recetas alemanas (schichttorte y baumkuchen). Es una de nuestras nuevas favoritas.","rel":"","context":"En &quot;Reposter\u00eda&quot;","block_context":{"text":"Reposter\u00eda","link":"https:\/\/le-fort.org\/cocina\/categoria\/reposteria\/"},"img":{"alt_text":"","src":"https:\/\/i0.wp.com\/le-fort.org\/cocina\/wp-content\/uploads\/2016\/07\/torte-hd.jpg?fit=1200%2C400&ssl=1&resize=350%2C200","width":350,"height":200,"srcset":"https:\/\/i0.wp.com\/le-fort.org\/cocina\/wp-content\/uploads\/2016\/07\/torte-hd.jpg?fit=1200%2C400&ssl=1&resize=350%2C200 1x, https:\/\/i0.wp.com\/le-fort.org\/cocina\/wp-content\/uploads\/2016\/07\/torte-hd.jpg?fit=1200%2C400&ssl=1&resize=525%2C300 1.5x, https:\/\/i0.wp.com\/le-fort.org\/cocina\/wp-content\/uploads\/2016\/07\/torte-hd.jpg?fit=1200%2C400&ssl=1&resize=700%2C400 2x, https:\/\/i0.wp.com\/le-fort.org\/cocina\/wp-content\/uploads\/2016\/07\/torte-hd.jpg?fit=1200%2C400&ssl=1&resize=1050%2C600 3x"},"classes":[]}],"_links":{"self":[{"href":"https:\/\/le-fort.org\/cocina\/wp-json\/wp\/v2\/posts\/5932","targetHints":{"allow":["GET"]}}],"collection":[{"href":"https:\/\/le-fort.org\/cocina\/wp-json\/wp\/v2\/posts"}],"about":[{"href":"https:\/\/le-fort.org\/cocina\/wp-json\/wp\/v2\/types\/post"}],"author":[{"embeddable":true,"href":"https:\/\/le-fort.org\/cocina\/wp-json\/wp\/v2\/users\/1"}],"replies":[{"embeddable":true,"href":"https:\/\/le-fort.org\/cocina\/wp-json\/wp\/v2\/comments?post=5932"}],"version-history":[{"count":0,"href":"https:\/\/le-fort.org\/cocina\/wp-json\/wp\/v2\/posts\/5932\/revisions"}],"wp:featuredmedia":[{"embeddable":true,"href":"https:\/\/le-fort.org\/cocina\/wp-json\/wp\/v2\/media\/5934"}],"wp:attachment":[{"href":"https:\/\/le-fort.org\/cocina\/wp-json\/wp\/v2\/media?parent=5932"}],"wp:term":[{"taxonomy":"category","embeddable":true,"href":"https:\/\/le-fort.org\/cocina\/wp-json\/wp\/v2\/categories?post=5932"},{"taxonomy":"post_tag","embeddable":true,"href":"https:\/\/le-fort.org\/cocina\/wp-json\/wp\/v2\/tags?post=5932"}],"curies":[{"name":"wp","href":"https:\/\/api.w.org\/{rel}","templated":true}]}}