{"id":5940,"date":"2015-01-09T23:25:58","date_gmt":"2015-01-10T04:25:58","guid":{"rendered":"http:\/\/www.loquecomemos.com\/?p=5940"},"modified":"2017-05-06T09:58:59","modified_gmt":"2017-05-06T14:58:59","slug":"torrijas-aprovechando-el-pan-viejo","status":"publish","type":"post","link":"https:\/\/le-fort.org\/cocina\/torrijas-aprovechando-el-pan-viejo\/","title":{"rendered":"Torrijas: Aprovechando el Pan Viejo"},"content":{"rendered":"<p>Las torrijas son una excelente forma de aprovechar el pan viejo. Son de origen espa\u00f1ol, aunque hay recetas similares bajo distintos nombres en gran parte de Europa. En estos tiempos de hegemon\u00eda cultural estadounidense se conocen m\u00e1s como <em>french toast<\/em> o tostadas francesas.<!--more--><\/p>\n<figure id=\"attachment_5945\" aria-describedby=\"caption-attachment-5945\" style=\"width: 960px\" class=\"wp-caption aligncenter\"><img data-recalc-dims=\"1\" loading=\"lazy\" decoding=\"async\" data-attachment-id=\"5945\" data-permalink=\"https:\/\/le-fort.org\/cocina\/torrijas-aprovechando-el-pan-viejo\/servida-4\/\" data-orig-file=\"https:\/\/i0.wp.com\/le-fort.org\/cocina\/wp-content\/uploads\/2015\/01\/servida.jpg?fit=960%2C600&amp;ssl=1\" data-orig-size=\"960,600\" data-comments-opened=\"0\" data-image-meta=\"{&quot;aperture&quot;:&quot;0&quot;,&quot;credit&quot;:&quot;&quot;,&quot;camera&quot;:&quot;&quot;,&quot;caption&quot;:&quot;&quot;,&quot;created_timestamp&quot;:&quot;0&quot;,&quot;copyright&quot;:&quot;&quot;,&quot;focal_length&quot;:&quot;0&quot;,&quot;iso&quot;:&quot;0&quot;,&quot;shutter_speed&quot;:&quot;0&quot;,&quot;title&quot;:&quot;&quot;,&quot;orientation&quot;:&quot;0&quot;}\" data-image-title=\"Torrijas al desayuno\" data-image-description=\"\" data-image-caption=\"&lt;p&gt;Comiendo torrijas de pan del d\u00eda anterior. Delicioso reciclaje&lt;\/p&gt;\n\" data-large-file=\"https:\/\/i0.wp.com\/le-fort.org\/cocina\/wp-content\/uploads\/2015\/01\/servida.jpg?fit=960%2C600&amp;ssl=1\" class=\"size-full wp-image-5945\" src=\"https:\/\/i0.wp.com\/www.le-fort.org\/wp-content\/uploads\/2015\/01\/servida.jpg?resize=960%2C600&#038;ssl=1\" alt=\"Comiendo torrijas de pan del d\u00eda anterior. Delicioso reciclaje\" width=\"960\" height=\"600\" srcset=\"https:\/\/i0.wp.com\/le-fort.org\/cocina\/wp-content\/uploads\/2015\/01\/servida.jpg?w=960&amp;ssl=1 960w, https:\/\/i0.wp.com\/le-fort.org\/cocina\/wp-content\/uploads\/2015\/01\/servida.jpg?resize=600%2C375&amp;ssl=1 600w\" sizes=\"auto, (max-width: 960px) 100vw, 960px\" \/><figcaption id=\"caption-attachment-5945\" class=\"wp-caption-text\">Comiendo torrijas de pan del d\u00eda anterior. Delicioso reciclaje<\/figcaption><\/figure>\n<p>En este caso, aprovechamos un par de panes que nos sobraron una noche en la que hicimos Barros Luco casero.<\/p>\n<p>La ma\u00f1ana siguiente tomamos dos panes, una taza de leche, un huevo, az\u00facar, canela, nuez moscada y unas gotas de esencia de vainilla, y manos a la obra.<!--more--><\/p>\n<p>El procedimiento es muy simple. Cortamos el pan en tajadas gruesas, de un cent\u00edmetro o un cent\u00edmetro y medio de espesor, las remojamos brevemente en la leche con el huevo y la vainilla, las fre\u00edmos en abundante mantequilla, y una vez doradas. las pasamos por una mezcla de una taza de az\u00facar, una cucharada de canela en polvo y media cucharadita de nuez moscada en polvo, bien mezcladas.<\/p>\n<figure id=\"attachment_5941\" aria-describedby=\"caption-attachment-5941\" style=\"width: 960px\" class=\"wp-caption aligncenter\"><img data-recalc-dims=\"1\" loading=\"lazy\" decoding=\"async\" data-attachment-id=\"5941\" data-permalink=\"https:\/\/le-fort.org\/cocina\/torrijas-aprovechando-el-pan-viejo\/torrijas-listas-2\/\" data-orig-file=\"https:\/\/i0.wp.com\/le-fort.org\/cocina\/wp-content\/uploads\/2015\/01\/torrijas-listas-2.jpg?fit=960%2C600&amp;ssl=1\" data-orig-size=\"960,600\" data-comments-opened=\"0\" data-image-meta=\"{&quot;aperture&quot;:&quot;0&quot;,&quot;credit&quot;:&quot;&quot;,&quot;camera&quot;:&quot;&quot;,&quot;caption&quot;:&quot;&quot;,&quot;created_timestamp&quot;:&quot;0&quot;,&quot;copyright&quot;:&quot;&quot;,&quot;focal_length&quot;:&quot;0&quot;,&quot;iso&quot;:&quot;0&quot;,&quot;shutter_speed&quot;:&quot;0&quot;,&quot;title&quot;:&quot;&quot;,&quot;orientation&quot;:&quot;0&quot;}\" data-image-title=\"Las torrijas listas para comer.\" data-image-description=\"\" data-image-caption=\"\" data-large-file=\"https:\/\/i0.wp.com\/le-fort.org\/cocina\/wp-content\/uploads\/2015\/01\/torrijas-listas-2.jpg?fit=960%2C600&amp;ssl=1\" class=\"wp-image-5941 size-full\" src=\"https:\/\/i0.wp.com\/www.le-fort.org\/wp-content\/uploads\/2015\/01\/torrijas-listas-2.jpg?resize=960%2C600&#038;ssl=1\" alt=\"Las torrijas listas para comer.\" width=\"960\" height=\"600\" srcset=\"https:\/\/i0.wp.com\/le-fort.org\/cocina\/wp-content\/uploads\/2015\/01\/torrijas-listas-2.jpg?w=960&amp;ssl=1 960w, https:\/\/i0.wp.com\/le-fort.org\/cocina\/wp-content\/uploads\/2015\/01\/torrijas-listas-2.jpg?resize=600%2C375&amp;ssl=1 600w\" sizes=\"auto, (max-width: 960px) 100vw, 960px\" \/><figcaption id=\"caption-attachment-5941\" class=\"wp-caption-text\">Las torrijas listas para comer.<\/figcaption><\/figure>\n<p>Son s\u00faper llenadoras. Con estos dos panes desayunamos cuatro personas bien, y quedamos satisfechos.<\/p>\n<figure id=\"attachment_5946\" aria-describedby=\"caption-attachment-5946\" style=\"width: 960px\" class=\"wp-caption aligncenter\"><img data-recalc-dims=\"1\" loading=\"lazy\" decoding=\"async\" data-attachment-id=\"5946\" data-permalink=\"https:\/\/le-fort.org\/cocina\/torrijas-aprovechando-el-pan-viejo\/torrijas\/\" data-orig-file=\"https:\/\/i0.wp.com\/le-fort.org\/cocina\/wp-content\/uploads\/2015\/01\/torrijas.jpg?fit=960%2C600&amp;ssl=1\" data-orig-size=\"960,600\" data-comments-opened=\"0\" data-image-meta=\"{&quot;aperture&quot;:&quot;0&quot;,&quot;credit&quot;:&quot;&quot;,&quot;camera&quot;:&quot;&quot;,&quot;caption&quot;:&quot;&quot;,&quot;created_timestamp&quot;:&quot;0&quot;,&quot;copyright&quot;:&quot;&quot;,&quot;focal_length&quot;:&quot;0&quot;,&quot;iso&quot;:&quot;0&quot;,&quot;shutter_speed&quot;:&quot;0&quot;,&quot;title&quot;:&quot;&quot;,&quot;orientation&quot;:&quot;0&quot;}\" data-image-title=\"torrijas\" data-image-description=\"\" data-image-caption=\"&lt;p&gt;Las toriijas son una delicia&lt;\/p&gt;\n\" data-large-file=\"https:\/\/i0.wp.com\/le-fort.org\/cocina\/wp-content\/uploads\/2015\/01\/torrijas.jpg?fit=960%2C600&amp;ssl=1\" class=\"size-full wp-image-5946\" src=\"https:\/\/i0.wp.com\/www.le-fort.org\/wp-content\/uploads\/2015\/01\/torrijas.jpg?resize=960%2C600&#038;ssl=1\" alt=\"Las toriijas son una delicia\" width=\"960\" height=\"600\" srcset=\"https:\/\/i0.wp.com\/le-fort.org\/cocina\/wp-content\/uploads\/2015\/01\/torrijas.jpg?w=960&amp;ssl=1 960w, https:\/\/i0.wp.com\/le-fort.org\/cocina\/wp-content\/uploads\/2015\/01\/torrijas.jpg?resize=600%2C375&amp;ssl=1 600w\" sizes=\"auto, (max-width: 960px) 100vw, 960px\" \/><figcaption id=\"caption-attachment-5946\" class=\"wp-caption-text\">Las toriijas son una delicia<\/figcaption><\/figure>\n<h2>Variaciones<\/h2>\n<p>Las variaciones son much\u00edsimas. Hemos visto desde pan remojado en vino tinto y frito en aceite, hasta mezclas cuidad\u00edsimas de leche de remojo con especias, licores y un largo etc\u00e9tera.<\/p>\n<p>Se pueden preparar torrijas veganas sustituyendo la leche de vaca por leche vegetal, el huevo por harina de garbanzo y friendo en margarina.<\/p>\n<p>Se le puede verter un jarabe o alm\u00edbar en vez de pasarlas por az\u00facar especiada.<\/p>\n<p>En fin, las posibilidades son legi\u00f3n.<\/p>\n<p>\u00bfC\u00f3mo preparas tu las torrijas?<\/p>\n<p>[fin]<\/p>\n<p>&nbsp;<\/p>\n","protected":false},"excerpt":{"rendered":"<p>Receta de Torrijas, una forma tradicional de aprovechar el pan viejo que data de la Espa\u00f1a medieval, remoj\u00e1ndolo en leche y huevos y fri\u00e9ndolo. Son deliciosas.<\/p>\n","protected":false},"author":1,"featured_media":5944,"comment_status":"open","ping_status":"closed","sticky":false,"template":"","format":"standard","meta":{"_jetpack_newsletter_access":"","_jetpack_dont_email_post_to_subs":false,"_jetpack_newsletter_tier_id":0,"_jetpack_memberships_contains_paywalled_content":false,"_jetpack_memberships_contains_paid_content":false,"footnotes":""},"categories":[2,25],"tags":[113,51,30],"class_list":["post-5940","post","type-post","status-publish","format-standard","has-post-thumbnail","hentry","category-recetas","category-reposteria","tag-comida-espanola","tag-pan","tag-reposteria","entry","has-media"],"jetpack_featured_media_url":"https:\/\/i0.wp.com\/le-fort.org\/cocina\/wp-content\/uploads\/2015\/01\/torrijas-hd.jpg?fit=1200%2C400&ssl=1","jetpack_shortlink":"https:\/\/wp.me\/pghKer-1xO","jetpack_sharing_enabled":true,"jetpack-related-posts":[{"id":3690,"url":"https:\/\/le-fort.org\/cocina\/como-resucitar-el-pan-anejo\/","url_meta":{"origin":5940,"position":0},"title":"C\u00f3mo Resucitar el Pan A\u00f1ejo","author":"Le-Fort.org","date":"23 de Mayo, 2013","format":false,"excerpt":"M\u00e9todo para resucitar el pan viejo (no m\u00e1s de un par de d\u00edas) moj\u00e1ndolo y tost\u00e1ndolo.","rel":"","context":"En &quot;T\u00e9cnicas&quot;","block_context":{"text":"T\u00e9cnicas","link":"https:\/\/le-fort.org\/cocina\/categoria\/tecnicas\/"},"img":{"alt_text":"","src":"https:\/\/i0.wp.com\/le-fort.org\/cocina\/wp-content\/uploads\/2013\/05\/hd-pan.jpg?fit=600%2C225&ssl=1&resize=350%2C200","width":350,"height":200,"srcset":"https:\/\/i0.wp.com\/le-fort.org\/cocina\/wp-content\/uploads\/2013\/05\/hd-pan.jpg?fit=600%2C225&ssl=1&resize=350%2C200 1x, https:\/\/i0.wp.com\/le-fort.org\/cocina\/wp-content\/uploads\/2013\/05\/hd-pan.jpg?fit=600%2C225&ssl=1&resize=525%2C300 1.5x"},"classes":[]},{"id":14480,"url":"https:\/\/le-fort.org\/cocina\/challah-pan-judio\/","url_meta":{"origin":5940,"position":1},"title":"Challah: Pan Jud\u00edo","author":"Le-Fort.org","date":"3 de Octubre, 2019","format":false,"excerpt":"Receta de challah o jal\u00e1: pan jud\u00edo, usualmente trenzado, para festividades religiosas, excepto pesaj. Tambi\u00e9n es una excelente base para rollos de canela, trenza rusa, tostadas francesas y otras preparaciones.","rel":"","context":"En &quot;General&quot;","block_context":{"text":"General","link":"https:\/\/le-fort.org\/cocina\/categoria\/general\/"},"img":{"alt_text":"","src":"https:\/\/i0.wp.com\/le-fort.org\/cocina\/wp-content\/uploads\/2017\/04\/challah-hd.jpg?fit=1200%2C400&ssl=1&resize=350%2C200","width":350,"height":200,"srcset":"https:\/\/i0.wp.com\/le-fort.org\/cocina\/wp-content\/uploads\/2017\/04\/challah-hd.jpg?fit=1200%2C400&ssl=1&resize=350%2C200 1x, https:\/\/i0.wp.com\/le-fort.org\/cocina\/wp-content\/uploads\/2017\/04\/challah-hd.jpg?fit=1200%2C400&ssl=1&resize=525%2C300 1.5x, https:\/\/i0.wp.com\/le-fort.org\/cocina\/wp-content\/uploads\/2017\/04\/challah-hd.jpg?fit=1200%2C400&ssl=1&resize=700%2C400 2x, https:\/\/i0.wp.com\/le-fort.org\/cocina\/wp-content\/uploads\/2017\/04\/challah-hd.jpg?fit=1200%2C400&ssl=1&resize=1050%2C600 3x"},"classes":[]},{"id":14810,"url":"https:\/\/le-fort.org\/cocina\/pan-de-guineo\/","url_meta":{"origin":5940,"position":2},"title":"Pan de Guineo","author":"Le-Fort.org","date":"29 de Febrero, 2020","format":false,"excerpt":"El 23 de febrero se conmemora el \"d\u00eda del pan de guineo\" en los EE.UU. Justo estamos revisando el curriculum de pasteler\u00eda del Culinary Institute of America, y su receta de pan de guineo se ve s\u00faper interesante. La preparamos para conmemorar la fecha. Nos encant\u00f3. Ingredientes del pan de\u2026","rel":"","context":"En &quot;Recetas&quot;","block_context":{"text":"Recetas","link":"https:\/\/le-fort.org\/cocina\/categoria\/recetas\/"},"img":{"alt_text":"","src":"https:\/\/i0.wp.com\/le-fort.org\/cocina\/wp-content\/uploads\/2020\/02\/guineo-hd.jpg?fit=1200%2C400&ssl=1&resize=350%2C200","width":350,"height":200,"srcset":"https:\/\/i0.wp.com\/le-fort.org\/cocina\/wp-content\/uploads\/2020\/02\/guineo-hd.jpg?fit=1200%2C400&ssl=1&resize=350%2C200 1x, https:\/\/i0.wp.com\/le-fort.org\/cocina\/wp-content\/uploads\/2020\/02\/guineo-hd.jpg?fit=1200%2C400&ssl=1&resize=525%2C300 1.5x, https:\/\/i0.wp.com\/le-fort.org\/cocina\/wp-content\/uploads\/2020\/02\/guineo-hd.jpg?fit=1200%2C400&ssl=1&resize=700%2C400 2x, https:\/\/i0.wp.com\/le-fort.org\/cocina\/wp-content\/uploads\/2020\/02\/guineo-hd.jpg?fit=1200%2C400&ssl=1&resize=1050%2C600 3x"},"classes":[]},{"id":16472,"url":"https:\/\/le-fort.org\/cocina\/pan-amasado\/","url_meta":{"origin":5940,"position":3},"title":"Pan Amasado","author":"Le-Fort.org","date":"15 de Abril, 2022","format":false,"excerpt":"El pan amasado es una receta t\u00edpica de Chile. A nosotros nos encanta como pan de s\u00e1ndwich. Este pan es tambi\u00e9n perfecto para comer con pebre, aj\u00ed o con dulce de membrillo y queso. Es m\u00e1s rural que urbano. Receta del Pan Amasado Esta receta rinde 8 unidades de 110g\u2026","rel":"","context":"En &quot;Chile&quot;","block_context":{"text":"Chile","link":"https:\/\/le-fort.org\/cocina\/categoria\/chile\/"},"img":{"alt_text":"","src":"https:\/\/i0.wp.com\/le-fort.org\/cocina\/wp-content\/uploads\/2022\/04\/pan-amasado-hd.jpg?fit=1200%2C400&ssl=1&resize=350%2C200","width":350,"height":200,"srcset":"https:\/\/i0.wp.com\/le-fort.org\/cocina\/wp-content\/uploads\/2022\/04\/pan-amasado-hd.jpg?fit=1200%2C400&ssl=1&resize=350%2C200 1x, https:\/\/i0.wp.com\/le-fort.org\/cocina\/wp-content\/uploads\/2022\/04\/pan-amasado-hd.jpg?fit=1200%2C400&ssl=1&resize=525%2C300 1.5x, https:\/\/i0.wp.com\/le-fort.org\/cocina\/wp-content\/uploads\/2022\/04\/pan-amasado-hd.jpg?fit=1200%2C400&ssl=1&resize=700%2C400 2x, https:\/\/i0.wp.com\/le-fort.org\/cocina\/wp-content\/uploads\/2022\/04\/pan-amasado-hd.jpg?fit=1200%2C400&ssl=1&resize=1050%2C600 3x"},"classes":[]},{"id":14508,"url":"https:\/\/le-fort.org\/cocina\/culmina-curso-de-panaderia-en-loja\/","url_meta":{"origin":5940,"position":4},"title":"Culmina curso de Panader\u00eda en Loja","author":"Le-Fort.org","date":"13 de Octubre, 2019","format":false,"excerpt":"Curso de panader\u00eda en Loja. Concluimos ya la primera parte de nuestro curso de panader\u00eda y reposter\u00eda en la ciudad de Loja. A lo largo de ocho semanas comenzamos desde cero, eliminando el almid\u00f3n para dejar el gluten y preparar seitan, y terminamos elaborando una serie de panes de diversos\u2026","rel":"","context":"En &quot;Educaci\u00f3n&quot;","block_context":{"text":"Educaci\u00f3n","link":"https:\/\/le-fort.org\/cocina\/categoria\/educacion\/"},"img":{"alt_text":"","src":"https:\/\/i0.wp.com\/le-fort.org\/cocina\/wp-content\/uploads\/2019\/10\/panaderia-hd.jpg?fit=1200%2C400&ssl=1&resize=350%2C200","width":350,"height":200,"srcset":"https:\/\/i0.wp.com\/le-fort.org\/cocina\/wp-content\/uploads\/2019\/10\/panaderia-hd.jpg?fit=1200%2C400&ssl=1&resize=350%2C200 1x, https:\/\/i0.wp.com\/le-fort.org\/cocina\/wp-content\/uploads\/2019\/10\/panaderia-hd.jpg?fit=1200%2C400&ssl=1&resize=525%2C300 1.5x, https:\/\/i0.wp.com\/le-fort.org\/cocina\/wp-content\/uploads\/2019\/10\/panaderia-hd.jpg?fit=1200%2C400&ssl=1&resize=700%2C400 2x, https:\/\/i0.wp.com\/le-fort.org\/cocina\/wp-content\/uploads\/2019\/10\/panaderia-hd.jpg?fit=1200%2C400&ssl=1&resize=1050%2C600 3x"},"classes":[]},{"id":5843,"url":"https:\/\/le-fort.org\/cocina\/curso-pan-de-pascua\/","url_meta":{"origin":5940,"position":5},"title":"Curso de Pan de Pascua","author":"Le-Fort.org","date":"8 de Diciembre, 2014","format":false,"excerpt":"Estamos ense\u00f1ando a hacer pan de pascua con receta chilena en Salinas, Ecuador. Si te interesa, cont\u00e1ctanos!","rel":"","context":"En &quot;Educaci\u00f3n&quot;","block_context":{"text":"Educaci\u00f3n","link":"https:\/\/le-fort.org\/cocina\/categoria\/educacion\/"},"img":{"alt_text":"","src":"https:\/\/i0.wp.com\/le-fort.org\/cocina\/wp-content\/uploads\/2014\/12\/pan-de-pascua-hd.jpg?fit=1200%2C400&ssl=1&resize=350%2C200","width":350,"height":200,"srcset":"https:\/\/i0.wp.com\/le-fort.org\/cocina\/wp-content\/uploads\/2014\/12\/pan-de-pascua-hd.jpg?fit=1200%2C400&ssl=1&resize=350%2C200 1x, https:\/\/i0.wp.com\/le-fort.org\/cocina\/wp-content\/uploads\/2014\/12\/pan-de-pascua-hd.jpg?fit=1200%2C400&ssl=1&resize=525%2C300 1.5x, https:\/\/i0.wp.com\/le-fort.org\/cocina\/wp-content\/uploads\/2014\/12\/pan-de-pascua-hd.jpg?fit=1200%2C400&ssl=1&resize=700%2C400 2x, https:\/\/i0.wp.com\/le-fort.org\/cocina\/wp-content\/uploads\/2014\/12\/pan-de-pascua-hd.jpg?fit=1200%2C400&ssl=1&resize=1050%2C600 3x"},"classes":[]}],"_links":{"self":[{"href":"https:\/\/le-fort.org\/cocina\/wp-json\/wp\/v2\/posts\/5940","targetHints":{"allow":["GET"]}}],"collection":[{"href":"https:\/\/le-fort.org\/cocina\/wp-json\/wp\/v2\/posts"}],"about":[{"href":"https:\/\/le-fort.org\/cocina\/wp-json\/wp\/v2\/types\/post"}],"author":[{"embeddable":true,"href":"https:\/\/le-fort.org\/cocina\/wp-json\/wp\/v2\/users\/1"}],"replies":[{"embeddable":true,"href":"https:\/\/le-fort.org\/cocina\/wp-json\/wp\/v2\/comments?post=5940"}],"version-history":[{"count":0,"href":"https:\/\/le-fort.org\/cocina\/wp-json\/wp\/v2\/posts\/5940\/revisions"}],"wp:featuredmedia":[{"embeddable":true,"href":"https:\/\/le-fort.org\/cocina\/wp-json\/wp\/v2\/media\/5944"}],"wp:attachment":[{"href":"https:\/\/le-fort.org\/cocina\/wp-json\/wp\/v2\/media?parent=5940"}],"wp:term":[{"taxonomy":"category","embeddable":true,"href":"https:\/\/le-fort.org\/cocina\/wp-json\/wp\/v2\/categories?post=5940"},{"taxonomy":"post_tag","embeddable":true,"href":"https:\/\/le-fort.org\/cocina\/wp-json\/wp\/v2\/tags?post=5940"}],"curies":[{"name":"wp","href":"https:\/\/api.w.org\/{rel}","templated":true}]}}