{"id":5956,"date":"2015-01-14T07:30:03","date_gmt":"2015-01-14T12:30:03","guid":{"rendered":"http:\/\/www.loquecomemos.com\/?p=5956"},"modified":"2021-12-14T22:33:46","modified_gmt":"2021-12-15T03:33:46","slug":"como-preparar-una-lasana-clasica-con-amor-y-algunos-detalles","status":"publish","type":"post","link":"https:\/\/le-fort.org\/cocina\/como-preparar-una-lasana-clasica-con-amor-y-algunos-detalles\/","title":{"rendered":"C\u00f3mo Preparar una Lasa\u00f1a Cl\u00e1sica: con Amor y Algunos Detalles"},"content":{"rendered":"<p>Entendiendo que lo cl\u00e1sico es sumamente variable, aqu\u00ed hablaremos de la lasa\u00f1a de salsa bolo\u00f1esa alternada con salsa blanca y queso.<\/p>\n<figure id=\"attachment_5957\" aria-describedby=\"caption-attachment-5957\" style=\"width: 960px\" class=\"wp-caption aligncenter\"><img data-recalc-dims=\"1\" loading=\"lazy\" decoding=\"async\" data-attachment-id=\"5957\" data-permalink=\"https:\/\/le-fort.org\/cocina\/como-preparar-una-lasana-clasica-con-amor-y-algunos-detalles\/lasagna-para-cortar\/\" data-orig-file=\"https:\/\/i0.wp.com\/le-fort.org\/cocina\/wp-content\/uploads\/2015\/01\/lasagna-para-cortar.jpg?fit=960%2C600&amp;ssl=1\" data-orig-size=\"960,600\" data-comments-opened=\"0\" data-image-meta=\"{&quot;aperture&quot;:&quot;0&quot;,&quot;credit&quot;:&quot;&quot;,&quot;camera&quot;:&quot;&quot;,&quot;caption&quot;:&quot;&quot;,&quot;created_timestamp&quot;:&quot;0&quot;,&quot;copyright&quot;:&quot;&quot;,&quot;focal_length&quot;:&quot;0&quot;,&quot;iso&quot;:&quot;0&quot;,&quot;shutter_speed&quot;:&quot;0&quot;,&quot;title&quot;:&quot;&quot;,&quot;orientation&quot;:&quot;0&quot;}\" data-image-title=\"lasagna-para-cortar\" data-image-description=\"\" data-image-caption=\"&lt;p&gt;Lasa\u00f1a lista para ser disfrutada en familia&lt;\/p&gt;\n\" data-large-file=\"https:\/\/i0.wp.com\/le-fort.org\/cocina\/wp-content\/uploads\/2015\/01\/lasagna-para-cortar.jpg?fit=960%2C600&amp;ssl=1\" class=\"size-full wp-image-5957\" src=\"https:\/\/i0.wp.com\/www.le-fort.org\/wp-content\/uploads\/2015\/01\/lasagna-para-cortar.jpg?resize=960%2C600&#038;ssl=1\" alt=\"Lasa\u00f1a lista para ser disfrutada en familia\" width=\"960\" height=\"600\" srcset=\"https:\/\/i0.wp.com\/le-fort.org\/cocina\/wp-content\/uploads\/2015\/01\/lasagna-para-cortar.jpg?w=960&amp;ssl=1 960w, https:\/\/i0.wp.com\/le-fort.org\/cocina\/wp-content\/uploads\/2015\/01\/lasagna-para-cortar.jpg?resize=600%2C375&amp;ssl=1 600w\" sizes=\"auto, (max-width: 960px) 100vw, 960px\" \/><figcaption id=\"caption-attachment-5957\" class=\"wp-caption-text\">Lasa\u00f1a lista para ser disfrutada en familia<\/figcaption><\/figure>\n<p>Pondremos el \u00e9nfasis en las salsas, que pueden hacer toda la diferencia.<!--more--><\/p>\n<p>La idea de este art\u00edculo no es dar <a title=\"Receta de Lasagna de mil capas\" href=\"http:\/\/www.loquecomemos.com\/receta-de-lasagna-de-mil-capas\/\">la receta, que ya dimos en su momento<\/a> incluyento tambi\u00e9n <a title=\"Receta de Lasa\u00f1a Vegetariana\" href=\"http:\/\/www.loquecomemos.com\/receta-de-lasana-vegetariana\/\">una lasa\u00f1a vegetariana<\/a>, sino hablar un poco de c\u00f3mo el hacer las cosas con amor hace que cambie de algo bueno a algo sublime.<\/p>\n<h2>La Salsa Bolo\u00f1esa<\/h2>\n<p>La salsa de tomates puede ser encarada desde dos extremos: Abrir el tarro de salsa de tomates y ya, o contactarnos con nuestra <em>nonna<\/em>\u00a0y esclavizarnos largas horas frente al fuego. En serio. <a title=\"Rag\u00fa napolitano de 7 horas\" href=\"http:\/\/fxcuisine.com\/Default.asp?language=5&amp;Display=41&amp;resolution=high\" target=\"_blank\" rel=\"noopener\">Hay salsas de tomate napolitanas\u00a0que requieren 7 horas<\/a>.<\/p>\n<p>Nosotros optamos por la senda media, en una suerte de bolo\u00f1esa budista.<\/p>\n<p>Comencemos por la ortodoxia. Digamos desde ya que creemos que la ortodoxia y la cocina no van muy de la mano, salvo quiz\u00e1 en la pasteler\u00eda, que es una t\u00e9cnica mucho m\u00e1s exacta que la lasa\u00f1olog\u00eda.<\/p>\n<h3 style=\"clear: both;\">\u00bfCan\u00f3nica o no can\u00f3nica?<\/h3>\n<figure id=\"attachment_3782\" aria-describedby=\"caption-attachment-3782\" style=\"width: 600px\" class=\"wp-caption aligncenter\"><img data-recalc-dims=\"1\" loading=\"lazy\" decoding=\"async\" data-attachment-id=\"3782\" data-permalink=\"https:\/\/le-fort.org\/cocina\/receta-salsa-bolonesa-casi-canonica-con-tallarines-claro\/salsa-2\/\" data-orig-file=\"https:\/\/i0.wp.com\/le-fort.org\/cocina\/wp-content\/uploads\/2012\/04\/salsa.jpg?fit=600%2C450&amp;ssl=1\" data-orig-size=\"600,450\" data-comments-opened=\"0\" data-image-meta=\"{&quot;aperture&quot;:&quot;0&quot;,&quot;credit&quot;:&quot;&quot;,&quot;camera&quot;:&quot;&quot;,&quot;caption&quot;:&quot;&quot;,&quot;created_timestamp&quot;:&quot;0&quot;,&quot;copyright&quot;:&quot;&quot;,&quot;focal_length&quot;:&quot;0&quot;,&quot;iso&quot;:&quot;0&quot;,&quot;shutter_speed&quot;:&quot;0&quot;,&quot;title&quot;:&quot;&quot;,&quot;orientation&quot;:&quot;0&quot;}\" data-image-title=\"salsa\" data-image-description=\"\" data-image-caption=\"\" data-large-file=\"https:\/\/i0.wp.com\/le-fort.org\/cocina\/wp-content\/uploads\/2012\/04\/salsa.jpg?fit=600%2C450&amp;ssl=1\" class=\"wp-image-3782 size-full\" src=\"https:\/\/i0.wp.com\/www.le-fort.org\/wp-content\/uploads\/2012\/04\/salsa.jpg?resize=600%2C450&#038;ssl=1\" alt=\"salsa\" width=\"600\" height=\"450\" \/><figcaption id=\"caption-attachment-3782\" class=\"wp-caption-text\">Salsa bolo\u00f1esa esperando a sus tallarines<\/figcaption><\/figure>\n<p><a title=\"Receta: Salsa Bolo\u00f1esa (casi) can\u00f3nica. Con tallarines, claro\" href=\"https:\/\/www.le-fort.org\/receta-salsa-bolonesa-casi-canonica-con-tallarines-claro\/\">La salsa bolo\u00f1esa est\u00e1 normada<\/a>. Eso quiere decir que nosotros nunca hacemos salsa bolo\u00f1esa porque estamos siempre buscando vueltas y variaciones, y a veces cocinamos por impulso y nos adaptamos a lo que tenemos en la despensa. Dej\u00e1ndonos de purismos, hablemos sobre nuestra salsa levemente no bolo\u00f1esa.<\/p>\n<p>Como dec\u00edamos antes, utilizamos la tradici\u00f3n como base y desde ah\u00ed vamos ejerciendo la heterodoxia.<\/p>\n<h3>El sofrito es s\u00faper importante<\/h3>\n<p>Parte de la gracia de una buena salsa bolo\u00f1esa es el sofrito.<\/p>\n<figure id=\"attachment_3778\" aria-describedby=\"caption-attachment-3778\" style=\"width: 600px\" class=\"wp-caption aligncenter\"><img data-recalc-dims=\"1\" loading=\"lazy\" decoding=\"async\" data-attachment-id=\"3778\" data-permalink=\"https:\/\/le-fort.org\/cocina\/receta-salsa-bolonesa-casi-canonica-con-tallarines-claro\/ingredientes-2\/\" data-orig-file=\"https:\/\/i0.wp.com\/le-fort.org\/cocina\/wp-content\/uploads\/2012\/04\/ingredientes.jpg?fit=600%2C450&amp;ssl=1\" data-orig-size=\"600,450\" data-comments-opened=\"0\" data-image-meta=\"{&quot;aperture&quot;:&quot;0&quot;,&quot;credit&quot;:&quot;&quot;,&quot;camera&quot;:&quot;&quot;,&quot;caption&quot;:&quot;&quot;,&quot;created_timestamp&quot;:&quot;0&quot;,&quot;copyright&quot;:&quot;&quot;,&quot;focal_length&quot;:&quot;0&quot;,&quot;iso&quot;:&quot;0&quot;,&quot;shutter_speed&quot;:&quot;0&quot;,&quot;title&quot;:&quot;&quot;,&quot;orientation&quot;:&quot;0&quot;}\" data-image-title=\"ingredientes\" data-image-description=\"\" data-image-caption=\"&lt;p&gt;Cebolla, zanahoria y apio&lt;\/p&gt;\n\" data-large-file=\"https:\/\/i0.wp.com\/le-fort.org\/cocina\/wp-content\/uploads\/2012\/04\/ingredientes.jpg?fit=600%2C450&amp;ssl=1\" class=\"size-full wp-image-3778\" src=\"https:\/\/i0.wp.com\/www.le-fort.org\/wp-content\/uploads\/2012\/04\/ingredientes.jpg?resize=600%2C450&#038;ssl=1\" alt=\"Cebolla, zanahoria y apio\" width=\"600\" height=\"450\" \/><figcaption id=\"caption-attachment-3778\" class=\"wp-caption-text\">Cebolla, zanahoria y apio, sofrito de salsa bolo\u00f1esa<\/figcaption><\/figure>\n<p>La clave de un sofrito es la lentitud y la paciencia. La idea es fre\u00edr lentamente los vegetales. Esto ser\u00e1 la base de una excelente salsa.<\/p>\n<h3>Dorar la Carne<\/h3>\n<p>Si doramos la carne (carne picada muy fina con un poco de tocino en nuestro caso) en una sart\u00e9n muy caliente, sellaremos los jugos dentro de ella y tostaremos su exterior (las mencionadas reacciones Maillard, que tanto placer nos dan). La idea es trabajar en tandas peque\u00f1as para que la carne no se cueza en los jugos que suelte sino que se fr\u00eda.<\/p>\n<h3>El Deglaseado<\/h3>\n<p>Despu\u00e9s de todo lo que se peg\u00f3 en la sart\u00e9n al dorar la carne, deglaseamos con un poco de vino. Este proceso devuelve a la salsa todos esos trocitos tostados que seg\u00fan el Sargento Vimes de Terry Pratchett, son un grupo alimenticio en s\u00ed mismo.<\/p>\n<blockquote><p>\u2026comer algo que estuviera adecuadamente equilibrado entre los cuatro grandes grupos alimenticios: el az\u00facar, el almid\u00f3n, la grasa, y los trocitos quemados y crujientes. (Terry Pratchett, Hombres de Armas)<\/p><\/blockquote>\n<figure id=\"attachment_3779\" aria-describedby=\"caption-attachment-3779\" style=\"width: 600px\" class=\"wp-caption aligncenter\"><img data-recalc-dims=\"1\" loading=\"lazy\" decoding=\"async\" data-attachment-id=\"3779\" data-permalink=\"https:\/\/le-fort.org\/cocina\/receta-salsa-bolonesa-casi-canonica-con-tallarines-claro\/olla\/\" data-orig-file=\"https:\/\/i0.wp.com\/le-fort.org\/cocina\/wp-content\/uploads\/2012\/04\/olla.jpg?fit=600%2C450&amp;ssl=1\" data-orig-size=\"600,450\" data-comments-opened=\"0\" data-image-meta=\"{&quot;aperture&quot;:&quot;0&quot;,&quot;credit&quot;:&quot;&quot;,&quot;camera&quot;:&quot;&quot;,&quot;caption&quot;:&quot;&quot;,&quot;created_timestamp&quot;:&quot;0&quot;,&quot;copyright&quot;:&quot;&quot;,&quot;focal_length&quot;:&quot;0&quot;,&quot;iso&quot;:&quot;0&quot;,&quot;shutter_speed&quot;:&quot;0&quot;,&quot;title&quot;:&quot;&quot;,&quot;orientation&quot;:&quot;0&quot;}\" data-image-title=\"olla\" data-image-description=\"\" data-image-caption=\"\" data-large-file=\"https:\/\/i0.wp.com\/le-fort.org\/cocina\/wp-content\/uploads\/2012\/04\/olla.jpg?fit=600%2C450&amp;ssl=1\" class=\"wp-image-3779 size-full\" src=\"https:\/\/i0.wp.com\/www.le-fort.org\/wp-content\/uploads\/2012\/04\/olla.jpg?resize=600%2C450&#038;ssl=1\" alt=\"olla\" width=\"600\" height=\"450\" \/><figcaption id=\"caption-attachment-3779\" class=\"wp-caption-text\">La paciencia tiene su recompensa<\/figcaption><\/figure>\n<h3>El Tomate<\/h3>\n<p>Nosotros optamos por el concentrado de tomate. Queda buen\u00edsima tambi\u00e9n con tomates en conserva o incluso tomates frescos. Tratamos, eso s\u00ed, de evitar las salsas ya preparadas, por una cosa del control de los ingredientes. Si quieres, puedes caramelizar el tomate a\u00f1adi\u00e9ndolo de a poco y fri\u00e9ndolo hasta que oscurezca. Nosotros no lo hacemos.<\/p>\n<h3>Las Especias y las Hierbas<\/h3>\n<p>Este es uno de los temas importantes, realmente importantes. Algunas opciones para darle sabor a una salsa de tomates son la <a title=\"Especias: Pimienta Negra\" href=\"https:\/\/le-fort.org\/especias-pimienta-negra\/\">pimienta<\/a>, la pimienta dulce, el <a title=\"Clavo  de Olor\" href=\"http:\/\/www.loquecomemos.com\/clavo-de-olor\/\">clavo de olor<\/a>, la <a title=\"Especias: La Canela (Cinamomum Verum)\" href=\"https:\/\/le-fort.org\/la-canela-cinamomum-verum\/\">canela<\/a> y el an\u00eds estrella. Salvo la pimienta, las especias de la lista pueden sonar extra\u00f1as, pero haz la prueba y puede que te encante. Puede que no, as\u00ed es que hazla con moderaci\u00f3n y sin testigos.<\/p>\n<p>Las hierbas son un tema amplio aqu\u00ed. or\u00e9gano, tomillo, albahaca, romero, salvia&#8230; la lista es larga.<\/p>\n<figure id=\"attachment_5962\" aria-describedby=\"caption-attachment-5962\" style=\"width: 960px\" class=\"wp-caption aligncenter\"><img data-recalc-dims=\"1\" loading=\"lazy\" decoding=\"async\" data-attachment-id=\"5962\" data-permalink=\"https:\/\/le-fort.org\/cocina\/como-preparar-una-lasana-clasica-con-amor-y-algunos-detalles\/ramito\/\" data-orig-file=\"https:\/\/i0.wp.com\/le-fort.org\/cocina\/wp-content\/uploads\/2015\/01\/ramito.jpg?fit=960%2C600&amp;ssl=1\" data-orig-size=\"960,600\" data-comments-opened=\"0\" data-image-meta=\"{&quot;aperture&quot;:&quot;0&quot;,&quot;credit&quot;:&quot;&quot;,&quot;camera&quot;:&quot;&quot;,&quot;caption&quot;:&quot;&quot;,&quot;created_timestamp&quot;:&quot;0&quot;,&quot;copyright&quot;:&quot;&quot;,&quot;focal_length&quot;:&quot;0&quot;,&quot;iso&quot;:&quot;0&quot;,&quot;shutter_speed&quot;:&quot;0&quot;,&quot;title&quot;:&quot;&quot;,&quot;orientation&quot;:&quot;0&quot;}\" data-image-title=\"ramito\" data-image-description=\"\" data-image-caption=\"&lt;p&gt;Albahaca an\u00eds, tomillo y romero&lt;\/p&gt;\n\" data-large-file=\"https:\/\/i0.wp.com\/le-fort.org\/cocina\/wp-content\/uploads\/2015\/01\/ramito.jpg?fit=960%2C600&amp;ssl=1\" class=\"size-full wp-image-5962\" src=\"https:\/\/i0.wp.com\/www.le-fort.org\/wp-content\/uploads\/2015\/01\/ramito.jpg?resize=960%2C600&#038;ssl=1\" alt=\"Albahaca an\u00eds, tomillo y romero\" width=\"960\" height=\"600\" srcset=\"https:\/\/i0.wp.com\/le-fort.org\/cocina\/wp-content\/uploads\/2015\/01\/ramito.jpg?w=960&amp;ssl=1 960w, https:\/\/i0.wp.com\/le-fort.org\/cocina\/wp-content\/uploads\/2015\/01\/ramito.jpg?resize=600%2C375&amp;ssl=1 600w\" sizes=\"auto, (max-width: 960px) 100vw, 960px\" \/><figcaption id=\"caption-attachment-5962\" class=\"wp-caption-text\">Albahaca an\u00eds, tomillo y romero<\/figcaption><\/figure>\n<p>Finalmente, con todos estos detalles, obtendremos una salsa de tomates que ser\u00e1 totalmente otra cosa que simplemente abrir un tarro y olvidarnos.<\/p>\n<h2>Salsa Blanca<\/h2>\n<p>O salsa Bechamel, si prefieres. harina rehogada en mantequilla a la que se le a\u00f1ade leche o crema hasta obtener una salsa cremosa y sin grumos. Esta \u00faltima condici\u00f3n a veces requiere de un colador.<\/p>\n<p>Es importante rehogar la harina en aceite de oliva, mantequilla o una mezcla 50\/50 de ambos. Con esto desarrolla su sabor y mejora la textura de la salsa.<\/p>\n<p>Luego viene el trabajo de agregar leche \u2013o crema de leche\u2013 de a poco revolviendo hasta formar un engrudo primero y luego una salsa progresivamente m\u00e1s fluida.<\/p>\n<p>Sal, pimienta, nuez moscada y un par de hojas de laurel, son las opciones para sazonar aqu\u00ed. En ocasiones le a\u00f1adimos queso parmesano, mantecoso o incluso <a title=\"Gnocchi de Zapallo con Queso Azul\" href=\"http:\/\/www.loquecomemos.com\/gnocchi-de-zapallo-con-queso-azul\/\">queso azul<\/a>.<\/p>\n<h2>Hablando de Queso<\/h2>\n<p>El queso es tambi\u00e9n vital. Abundante pero no en exceso (s\u00ed, se puede tener un exceso de queso en la lasa\u00f1a). Nosotros optamos por poner el queso entre salsas para que no quede en contacto directo con la pasta y esta se pueda hidratar bien.<\/p>\n<p>Mozzarella, Cheddar, Holand\u00e9s, Ricotta, hay una serie de posibilidades, y la gracia est\u00e1 en experimentar.<\/p>\n<h3>Parmesano arriba, por favor<\/h3>\n<p>Cubrir la lasa\u00f1a con queso parmesano es importante, aunque tampoco es malo poner un poco del mismo entre las capas de la misma. M\u00e1s campo para experimentar.<\/p>\n<h2>\u00bfY la masa?<\/h2>\n<p>Hemos llegado hasta aqu\u00ed sin mencionar la masa de la lasa\u00f1a. Mal hecho.<\/p>\n<p>Lo ideal es preparar nuestra propia pasta y hacer las lasa\u00f1as con una m\u00e1quina de pasta.<\/p>\n<p>Si no, vamos sin problemas con las masas comerciales. Confesamos no tener problema alguno con utilizar de esas masas precocidas. Cuando lo hacemos, las remojamos un par de minutos en agua tibia antes de ponerlas en su lugar al armas la lasa\u00f1a y dejamos reposar la lasa\u00f1a armada un par de horas antes de hornearla.<\/p>\n<p>Aunque cozamos la pasta, preferimos dejarla reposar despu\u00e9s de armada y antes de hornearla, de hecho.<\/p>\n<h2><img data-recalc-dims=\"1\" loading=\"lazy\" decoding=\"async\" data-attachment-id=\"5959\" data-permalink=\"https:\/\/le-fort.org\/cocina\/como-preparar-una-lasana-clasica-con-amor-y-algunos-detalles\/porcion-lasagna\/\" data-orig-file=\"https:\/\/i0.wp.com\/le-fort.org\/cocina\/wp-content\/uploads\/2015\/01\/porcion-lasagna.jpg?fit=960%2C600&amp;ssl=1\" data-orig-size=\"960,600\" data-comments-opened=\"0\" data-image-meta=\"{&quot;aperture&quot;:&quot;0&quot;,&quot;credit&quot;:&quot;&quot;,&quot;camera&quot;:&quot;&quot;,&quot;caption&quot;:&quot;&quot;,&quot;created_timestamp&quot;:&quot;0&quot;,&quot;copyright&quot;:&quot;&quot;,&quot;focal_length&quot;:&quot;0&quot;,&quot;iso&quot;:&quot;0&quot;,&quot;shutter_speed&quot;:&quot;0&quot;,&quot;title&quot;:&quot;&quot;,&quot;orientation&quot;:&quot;0&quot;}\" data-image-title=\"porcion-lasagna\" data-image-description=\"\" data-image-caption=\"&lt;p&gt;Por fin \u00a1A comer!&lt;\/p&gt;\n\" data-large-file=\"https:\/\/i0.wp.com\/le-fort.org\/cocina\/wp-content\/uploads\/2015\/01\/porcion-lasagna.jpg?fit=960%2C600&amp;ssl=1\" class=\"alignright size-medium wp-image-5959\" src=\"https:\/\/i0.wp.com\/www.le-fort.org\/wp-content\/uploads\/2015\/01\/porcion-lasagna-300x188.jpg?resize=300%2C188&#038;ssl=1\" alt=\"porcion-lasagna\" width=\"300\" height=\"188\" \/>El Armado<\/h2>\n<p>Vamos armando nuestra lasa\u00f1a. La secuencia, con algunas variaciones, es la siguiente:<\/p>\n<ul>\n<li>Salsa de tomates abajo.<\/li>\n<li>Pasta<\/li>\n<li>Salsa blanca<\/li>\n<li>queso<\/li>\n<li>Pasta<\/li>\n<li>Salsa de tomates<\/li>\n<li>Repetir<\/li>\n<\/ul>\n<p>La parte superior preferimos cubrirla con salsa blanca y el queso parmesano ya mencionado. Si la cubierta de la lasa\u00f1a es blanca es m\u00e1s f\u00e1cil ver el gratinado de la parte superior para evitar que se queme.<\/p>\n<h2>El Horneado<\/h2>\n<p>Cuarenta y cinco minutos a ciento ochenta grados celsius, dice la regla. Nosotros la aplicamos pero siempre con un ojo en le horno, para que no se nos pase el gratinado ni se nos seque la masa de la parte superior. En caso de que la masa se levante, la hundimos con una cuchara de palo como en el poema del garbanzo de Rumi.<\/p>\n<p>Es un horneado en el que le montamos guardia al horno, para evitar sorpresas. Nos asomamos aproximadamente cada 10 o 15 minutos para ver c\u00f3mo va la cosa.<\/p>\n<h3>El reposo<\/h3>\n<p>Despu\u00e9s de hornear, la dejamos reposar quince minutos fuera del horno. As\u00ed se afirma un poco y no se esparce por todo e plato sino que queda bien armada, y tiene tambi\u00e9n la gran ventaja de que uno no se quema al comer, lo que es sumamente importante.<\/p>\n<figure id=\"attachment_5968\" aria-describedby=\"caption-attachment-5968\" style=\"width: 960px\" class=\"wp-caption aligncenter\"><img data-recalc-dims=\"1\" loading=\"lazy\" decoding=\"async\" data-attachment-id=\"5968\" data-permalink=\"https:\/\/le-fort.org\/cocina\/como-preparar-una-lasana-clasica-con-amor-y-algunos-detalles\/desarmada\/\" data-orig-file=\"https:\/\/i0.wp.com\/le-fort.org\/cocina\/wp-content\/uploads\/2015\/01\/desarmada.jpg?fit=960%2C600&amp;ssl=1\" data-orig-size=\"960,600\" data-comments-opened=\"0\" data-image-meta=\"{&quot;aperture&quot;:&quot;0&quot;,&quot;credit&quot;:&quot;&quot;,&quot;camera&quot;:&quot;&quot;,&quot;caption&quot;:&quot;&quot;,&quot;created_timestamp&quot;:&quot;0&quot;,&quot;copyright&quot;:&quot;&quot;,&quot;focal_length&quot;:&quot;0&quot;,&quot;iso&quot;:&quot;0&quot;,&quot;shutter_speed&quot;:&quot;0&quot;,&quot;title&quot;:&quot;&quot;,&quot;orientation&quot;:&quot;0&quot;}\" data-image-title=\"lasagna desarmada\" data-image-description=\"\" data-image-caption=\"&lt;p&gt;Deliciosa pero desarmada lasa\u00f1a. No la dejamos reposar de puro hambrientos.&lt;\/p&gt;\n\" data-large-file=\"https:\/\/i0.wp.com\/le-fort.org\/cocina\/wp-content\/uploads\/2015\/01\/desarmada.jpg?fit=960%2C600&amp;ssl=1\" class=\"size-full wp-image-5968\" src=\"https:\/\/i0.wp.com\/www.le-fort.org\/wp-content\/uploads\/2015\/01\/desarmada.jpg?resize=960%2C600&#038;ssl=1\" alt=\"Deliciosa pero desarmada lasa\u00f1a. No la dejamos reposar de puro hambrientos.\" width=\"960\" height=\"600\" srcset=\"https:\/\/i0.wp.com\/le-fort.org\/cocina\/wp-content\/uploads\/2015\/01\/desarmada.jpg?w=960&amp;ssl=1 960w, https:\/\/i0.wp.com\/le-fort.org\/cocina\/wp-content\/uploads\/2015\/01\/desarmada.jpg?resize=600%2C375&amp;ssl=1 600w\" sizes=\"auto, (max-width: 960px) 100vw, 960px\" \/><figcaption id=\"caption-attachment-5968\" class=\"wp-caption-text\">Deliciosa pero desarmada lasa\u00f1a. No la dejamos reposar de puro hambrientos.<\/figcaption><\/figure>\n<p>Finalmente podemos comer.<\/p>\n<figure id=\"attachment_5959\" aria-describedby=\"caption-attachment-5959\" style=\"width: 960px\" class=\"wp-caption aligncenter\"><img data-recalc-dims=\"1\" loading=\"lazy\" decoding=\"async\" data-attachment-id=\"5959\" data-permalink=\"https:\/\/le-fort.org\/cocina\/como-preparar-una-lasana-clasica-con-amor-y-algunos-detalles\/porcion-lasagna\/\" data-orig-file=\"https:\/\/i0.wp.com\/le-fort.org\/cocina\/wp-content\/uploads\/2015\/01\/porcion-lasagna.jpg?fit=960%2C600&amp;ssl=1\" data-orig-size=\"960,600\" data-comments-opened=\"0\" data-image-meta=\"{&quot;aperture&quot;:&quot;0&quot;,&quot;credit&quot;:&quot;&quot;,&quot;camera&quot;:&quot;&quot;,&quot;caption&quot;:&quot;&quot;,&quot;created_timestamp&quot;:&quot;0&quot;,&quot;copyright&quot;:&quot;&quot;,&quot;focal_length&quot;:&quot;0&quot;,&quot;iso&quot;:&quot;0&quot;,&quot;shutter_speed&quot;:&quot;0&quot;,&quot;title&quot;:&quot;&quot;,&quot;orientation&quot;:&quot;0&quot;}\" data-image-title=\"porcion-lasagna\" data-image-description=\"\" data-image-caption=\"&lt;p&gt;Por fin \u00a1A comer!&lt;\/p&gt;\n\" data-large-file=\"https:\/\/i0.wp.com\/le-fort.org\/cocina\/wp-content\/uploads\/2015\/01\/porcion-lasagna.jpg?fit=960%2C600&amp;ssl=1\" class=\"size-full wp-image-5959\" src=\"https:\/\/i0.wp.com\/www.le-fort.org\/wp-content\/uploads\/2015\/01\/porcion-lasagna.jpg?resize=960%2C600&#038;ssl=1\" alt=\"Por fin \u00a1A comer!\" width=\"960\" height=\"600\" srcset=\"https:\/\/i0.wp.com\/le-fort.org\/cocina\/wp-content\/uploads\/2015\/01\/porcion-lasagna.jpg?w=960&amp;ssl=1 960w, https:\/\/i0.wp.com\/le-fort.org\/cocina\/wp-content\/uploads\/2015\/01\/porcion-lasagna.jpg?resize=600%2C375&amp;ssl=1 600w\" sizes=\"auto, (max-width: 960px) 100vw, 960px\" \/><figcaption id=\"caption-attachment-5959\" class=\"wp-caption-text\">Por fin \u00a1A comer!<\/figcaption><\/figure>\n<p>Y esa es la historia de nuestra lasa\u00f1a. Es m\u00e1s r\u00e1pida de lo que esta larga disquisici\u00f3n te puede haber hecho pensar, y definitivamente vale la pena comparada con una lasa\u00f1a congelada con gusto a glutamato monos\u00f3dico.<\/p>\n<p>\u00bfC\u00f3mo preparas t\u00fa tu lasa\u00f1a con cari\u00f1o? \u00a1Cu\u00e9ntanos!<\/p>\n<p>[fin]<\/p>\n<p>&nbsp;<\/p>\n<p>&nbsp;<\/p>\n","protected":false},"excerpt":{"rendered":"<p>Algunas reflexiones sobre qu\u00e9 constituye una buena lasa\u00f1a: salsa con cari\u00f1o, buena salsa blanca, y queso generoso, adem\u00e1s de otros detalles.<\/p>\n","protected":false},"author":1,"featured_media":5958,"comment_status":"open","ping_status":"closed","sticky":false,"template":"","format":"standard","meta":{"_jetpack_newsletter_access":"","_jetpack_dont_email_post_to_subs":false,"_jetpack_newsletter_tier_id":0,"_jetpack_memberships_contains_paywalled_content":false,"_jetpack_memberships_contains_paid_content":false,"footnotes":""},"categories":[103],"tags":[70,54,61,64],"class_list":["post-5956","post","type-post","status-publish","format-standard","has-post-thumbnail","hentry","category-disquisiciones","tag-comida-italiana","tag-lasagna","tag-pasta","tag-salsas-para-pasta","entry","has-media"],"jetpack_featured_media_url":"https:\/\/i0.wp.com\/le-fort.org\/cocina\/wp-content\/uploads\/2015\/01\/lasagna-hd.jpg?fit=1200%2C400&ssl=1","jetpack_shortlink":"https:\/\/wp.me\/pghKer-1y4","jetpack_sharing_enabled":true,"jetpack-related-posts":[{"id":4859,"url":"https:\/\/le-fort.org\/cocina\/lasanoquiausa-lasana-noqui-causa-un-dia-con-muchas-efemerides\/","url_meta":{"origin":5956,"position":0},"title":"Lasa\u00f1oquiausa: Lasa\u00f1a+\u00d1oqui+Causa \u2013 Un d\u00eda con muchas efem\u00e9rides","author":"Le-Fort.org","date":"30 de Julio, 2013","format":false,"excerpt":"La lasa\u00f1oquiausa es un h\u00edbrido que intenta unir el d\u00eda del \u00f1oqui con el d\u00eda de la lasa\u00f1a, y de rebote constituye un gui\u00f1o al d\u00eda del Per\u00fa. S\u00f3lo se puede preparar los 29 de julio.","rel":"","context":"En &quot;Disquisiciones&quot;","block_context":{"text":"Disquisiciones","link":"https:\/\/le-fort.org\/cocina\/categoria\/disquisiciones\/"},"img":{"alt_text":"","src":"https:\/\/i0.wp.com\/le-fort.org\/cocina\/wp-content\/uploads\/2013\/07\/lasannoqui-hd.jpg?fit=1200%2C400&ssl=1&resize=350%2C200","width":350,"height":200,"srcset":"https:\/\/i0.wp.com\/le-fort.org\/cocina\/wp-content\/uploads\/2013\/07\/lasannoqui-hd.jpg?fit=1200%2C400&ssl=1&resize=350%2C200 1x, https:\/\/i0.wp.com\/le-fort.org\/cocina\/wp-content\/uploads\/2013\/07\/lasannoqui-hd.jpg?fit=1200%2C400&ssl=1&resize=525%2C300 1.5x, https:\/\/i0.wp.com\/le-fort.org\/cocina\/wp-content\/uploads\/2013\/07\/lasannoqui-hd.jpg?fit=1200%2C400&ssl=1&resize=700%2C400 2x, https:\/\/i0.wp.com\/le-fort.org\/cocina\/wp-content\/uploads\/2013\/07\/lasannoqui-hd.jpg?fit=1200%2C400&ssl=1&resize=1050%2C600 3x"},"classes":[]},{"id":5242,"url":"https:\/\/le-fort.org\/cocina\/lasana-de-panqueques\/","url_meta":{"origin":5956,"position":1},"title":"Lasa\u00f1a de Panqueques","author":"Le-Fort.org","date":"16 de Febrero, 2014","format":false,"excerpt":"Receta de lasa\u00f1a de panqueques, en que reemplazamos la masa de la lasa\u00f1a por panqueques (cr\u00eapes). F\u00e1cil y m\u00e1s r\u00e1pido de lo que parece.","rel":"","context":"En &quot;Recetas&quot;","block_context":{"text":"Recetas","link":"https:\/\/le-fort.org\/cocina\/categoria\/recetas\/"},"img":{"alt_text":"","src":"https:\/\/i0.wp.com\/le-fort.org\/cocina\/wp-content\/uploads\/2014\/02\/lasanna-panqueques-hd.jpg?fit=1200%2C400&ssl=1&resize=350%2C200","width":350,"height":200,"srcset":"https:\/\/i0.wp.com\/le-fort.org\/cocina\/wp-content\/uploads\/2014\/02\/lasanna-panqueques-hd.jpg?fit=1200%2C400&ssl=1&resize=350%2C200 1x, https:\/\/i0.wp.com\/le-fort.org\/cocina\/wp-content\/uploads\/2014\/02\/lasanna-panqueques-hd.jpg?fit=1200%2C400&ssl=1&resize=525%2C300 1.5x, https:\/\/i0.wp.com\/le-fort.org\/cocina\/wp-content\/uploads\/2014\/02\/lasanna-panqueques-hd.jpg?fit=1200%2C400&ssl=1&resize=700%2C400 2x, https:\/\/i0.wp.com\/le-fort.org\/cocina\/wp-content\/uploads\/2014\/02\/lasanna-panqueques-hd.jpg?fit=1200%2C400&ssl=1&resize=1050%2C600 3x"},"classes":[]},{"id":1242,"url":"https:\/\/le-fort.org\/cocina\/lasananguche-lo-mejor-de-dos-mundos\/","url_meta":{"origin":5956,"position":2},"title":"Lasa\u00f1\u00e1nguche \u2013 Lo Mejor de Dos Mundos","author":"Maestro Sanguchero","date":"8 de Agosto, 2013","format":false,"excerpt":"Creamos el lasa\u00f1\u00e1nguche, replicando la estructura de una lasa\u00f1a utilizando pan de molde aplanado y tostado en vez de masa. Se recomienda con gula.","rel":"","context":"En &quot;Dise\u00f1os de S\u00e1nguche&quot;","block_context":{"text":"Dise\u00f1os de S\u00e1nguche","link":"https:\/\/le-fort.org\/cocina\/categoria\/disenos-de-sanguche\/"},"img":{"alt_text":"","src":"https:\/\/i0.wp.com\/le-fort.org\/cocina\/wp-content\/uploads\/2013\/08\/lasannanguche-hd.jpg?fit=1200%2C400&ssl=1&resize=350%2C200","width":350,"height":200,"srcset":"https:\/\/i0.wp.com\/le-fort.org\/cocina\/wp-content\/uploads\/2013\/08\/lasannanguche-hd.jpg?fit=1200%2C400&ssl=1&resize=350%2C200 1x, https:\/\/i0.wp.com\/le-fort.org\/cocina\/wp-content\/uploads\/2013\/08\/lasannanguche-hd.jpg?fit=1200%2C400&ssl=1&resize=525%2C300 1.5x, https:\/\/i0.wp.com\/le-fort.org\/cocina\/wp-content\/uploads\/2013\/08\/lasannanguche-hd.jpg?fit=1200%2C400&ssl=1&resize=700%2C400 2x, https:\/\/i0.wp.com\/le-fort.org\/cocina\/wp-content\/uploads\/2013\/08\/lasannanguche-hd.jpg?fit=1200%2C400&ssl=1&resize=1050%2C600 3x"},"classes":[]},{"id":1235,"url":"https:\/\/le-fort.org\/cocina\/receta-de-lasana-vegetariana\/","url_meta":{"origin":5956,"position":3},"title":"Receta de Lasa\u00f1a Vegetariana","author":"Le-Fort.org","date":"20 de Agosto, 2011","format":false,"excerpt":"Receta de lasa\u00f1a vegetariana, con relleno de espinaca-ricotta y tomate, adem\u00e1s de much\u00edsimo queso.","rel":"","context":"En &quot;Recetas&quot;","block_context":{"text":"Recetas","link":"https:\/\/le-fort.org\/cocina\/categoria\/recetas\/"},"img":{"alt_text":"","src":"https:\/\/i0.wp.com\/le-fort.org\/cocina\/wp-content\/uploads\/2011\/08\/lasagna.jpg?fit=400%2C300&ssl=1&resize=350%2C200","width":350,"height":200},"classes":[]},{"id":5166,"url":"https:\/\/le-fort.org\/cocina\/salsa-de-tomates-rapida-y-natural\/","url_meta":{"origin":5956,"position":4},"title":"Salsa de Tomates R\u00e1pida y Natural","author":"Le-Fort.org","date":"27 de Enero, 2014","format":false,"excerpt":"Receta de salsa r\u00e1pida de tomates naturales, ideal para un paquete de pasta para un almuerzo r\u00e1pido de verano.","rel":"","context":"En &quot;Recetas&quot;","block_context":{"text":"Recetas","link":"https:\/\/le-fort.org\/cocina\/categoria\/recetas\/"},"img":{"alt_text":"","src":"https:\/\/i0.wp.com\/le-fort.org\/cocina\/wp-content\/uploads\/2014\/01\/salsa-de-tomates-hd.jpg?fit=1200%2C400&ssl=1&resize=350%2C200","width":350,"height":200,"srcset":"https:\/\/i0.wp.com\/le-fort.org\/cocina\/wp-content\/uploads\/2014\/01\/salsa-de-tomates-hd.jpg?fit=1200%2C400&ssl=1&resize=350%2C200 1x, https:\/\/i0.wp.com\/le-fort.org\/cocina\/wp-content\/uploads\/2014\/01\/salsa-de-tomates-hd.jpg?fit=1200%2C400&ssl=1&resize=525%2C300 1.5x, https:\/\/i0.wp.com\/le-fort.org\/cocina\/wp-content\/uploads\/2014\/01\/salsa-de-tomates-hd.jpg?fit=1200%2C400&ssl=1&resize=700%2C400 2x, https:\/\/i0.wp.com\/le-fort.org\/cocina\/wp-content\/uploads\/2014\/01\/salsa-de-tomates-hd.jpg?fit=1200%2C400&ssl=1&resize=1050%2C600 3x"},"classes":[]},{"id":13891,"url":"https:\/\/le-fort.org\/cocina\/pasta-loja\/","url_meta":{"origin":5956,"position":5},"title":"Pasta en Loja","author":"Le-Fort.org","date":"31 de Marzo, 2019","format":false,"excerpt":"Clase de pastas, salsas y lasa\u00f1a en la ciudad de Loja","rel":"","context":"En &quot;Educaci\u00f3n&quot;","block_context":{"text":"Educaci\u00f3n","link":"https:\/\/le-fort.org\/cocina\/categoria\/educacion\/"},"img":{"alt_text":"","src":"https:\/\/i0.wp.com\/le-fort.org\/cocina\/wp-content\/uploads\/2019\/03\/salsas-hd.jpg?fit=1200%2C400&ssl=1&resize=350%2C200","width":350,"height":200,"srcset":"https:\/\/i0.wp.com\/le-fort.org\/cocina\/wp-content\/uploads\/2019\/03\/salsas-hd.jpg?fit=1200%2C400&ssl=1&resize=350%2C200 1x, https:\/\/i0.wp.com\/le-fort.org\/cocina\/wp-content\/uploads\/2019\/03\/salsas-hd.jpg?fit=1200%2C400&ssl=1&resize=525%2C300 1.5x, https:\/\/i0.wp.com\/le-fort.org\/cocina\/wp-content\/uploads\/2019\/03\/salsas-hd.jpg?fit=1200%2C400&ssl=1&resize=700%2C400 2x, https:\/\/i0.wp.com\/le-fort.org\/cocina\/wp-content\/uploads\/2019\/03\/salsas-hd.jpg?fit=1200%2C400&ssl=1&resize=1050%2C600 3x"},"classes":[]}],"_links":{"self":[{"href":"https:\/\/le-fort.org\/cocina\/wp-json\/wp\/v2\/posts\/5956","targetHints":{"allow":["GET"]}}],"collection":[{"href":"https:\/\/le-fort.org\/cocina\/wp-json\/wp\/v2\/posts"}],"about":[{"href":"https:\/\/le-fort.org\/cocina\/wp-json\/wp\/v2\/types\/post"}],"author":[{"embeddable":true,"href":"https:\/\/le-fort.org\/cocina\/wp-json\/wp\/v2\/users\/1"}],"replies":[{"embeddable":true,"href":"https:\/\/le-fort.org\/cocina\/wp-json\/wp\/v2\/comments?post=5956"}],"version-history":[{"count":2,"href":"https:\/\/le-fort.org\/cocina\/wp-json\/wp\/v2\/posts\/5956\/revisions"}],"predecessor-version":[{"id":16135,"href":"https:\/\/le-fort.org\/cocina\/wp-json\/wp\/v2\/posts\/5956\/revisions\/16135"}],"wp:featuredmedia":[{"embeddable":true,"href":"https:\/\/le-fort.org\/cocina\/wp-json\/wp\/v2\/media\/5958"}],"wp:attachment":[{"href":"https:\/\/le-fort.org\/cocina\/wp-json\/wp\/v2\/media?parent=5956"}],"wp:term":[{"taxonomy":"category","embeddable":true,"href":"https:\/\/le-fort.org\/cocina\/wp-json\/wp\/v2\/categories?post=5956"},{"taxonomy":"post_tag","embeddable":true,"href":"https:\/\/le-fort.org\/cocina\/wp-json\/wp\/v2\/tags?post=5956"}],"curies":[{"name":"wp","href":"https:\/\/api.w.org\/{rel}","templated":true}]}}