{"id":6062,"date":"2015-02-13T08:53:11","date_gmt":"2015-02-13T13:53:11","guid":{"rendered":"http:\/\/www.loquecomemos.com\/?p=6062"},"modified":"2015-02-13T08:53:11","modified_gmt":"2015-02-13T13:53:11","slug":"fritaderia-faby","status":"publish","type":"post","link":"https:\/\/le-fort.org\/cocina\/fritaderia-faby\/","title":{"rendered":"Fritader\u00eda Faby"},"content":{"rendered":"<p>Hace unos d\u00edas fuimos a almorzar a la <a title=\"Facebook de la Fritader\u00eda Faby\" href=\"https:\/\/www.facebook.com\/pages\/Fritaderia-Faby\/201295103397396\">Fritader\u00eda Faby<\/a>, en La Libertad. M\u00e1s exactamente en el\u00a0Barrio Rocafuerte, Av Tercera y calle 23.<\/p>\n<figure id=\"attachment_6065\" aria-describedby=\"caption-attachment-6065\" style=\"width: 960px\" class=\"wp-caption aligncenter\"><img data-recalc-dims=\"1\" loading=\"lazy\" decoding=\"async\" data-attachment-id=\"6065\" data-permalink=\"https:\/\/le-fort.org\/cocina\/fritaderia-faby\/fritaderia\/\" data-orig-file=\"https:\/\/i0.wp.com\/le-fort.org\/cocina\/wp-content\/uploads\/2015\/02\/fritaderia.jpg?fit=960%2C600&amp;ssl=1\" data-orig-size=\"960,600\" data-comments-opened=\"0\" data-image-meta=\"{&quot;aperture&quot;:&quot;0&quot;,&quot;credit&quot;:&quot;&quot;,&quot;camera&quot;:&quot;&quot;,&quot;caption&quot;:&quot;&quot;,&quot;created_timestamp&quot;:&quot;0&quot;,&quot;copyright&quot;:&quot;&quot;,&quot;focal_length&quot;:&quot;0&quot;,&quot;iso&quot;:&quot;0&quot;,&quot;shutter_speed&quot;:&quot;0&quot;,&quot;title&quot;:&quot;&quot;,&quot;orientation&quot;:&quot;0&quot;}\" data-image-title=\"fritaderia\" data-image-description=\"\" data-image-caption=\"&lt;p&gt;La Fritader\u00eda Faby&lt;\/p&gt;\n\" data-large-file=\"https:\/\/i0.wp.com\/le-fort.org\/cocina\/wp-content\/uploads\/2015\/02\/fritaderia.jpg?fit=960%2C600&amp;ssl=1\" class=\"size-full wp-image-6065\" src=\"https:\/\/i0.wp.com\/www.le-fort.org\/wp-content\/uploads\/2015\/02\/fritaderia.jpg?resize=960%2C600&#038;ssl=1\" alt=\"La Fritader\u00eda Faby\" width=\"960\" height=\"600\" srcset=\"https:\/\/i0.wp.com\/le-fort.org\/cocina\/wp-content\/uploads\/2015\/02\/fritaderia.jpg?w=960&amp;ssl=1 960w, https:\/\/i0.wp.com\/le-fort.org\/cocina\/wp-content\/uploads\/2015\/02\/fritaderia.jpg?resize=600%2C375&amp;ssl=1 600w\" sizes=\"auto, (max-width: 960px) 100vw, 960px\" \/><figcaption id=\"caption-attachment-6065\" class=\"wp-caption-text\">La Fritader\u00eda Faby<\/figcaption><\/figure>\n<p>Fuimos a un almuerzo tard\u00edo, y nos gust\u00f3. Pedimos sendos platos de fritada.<!--more--><\/p>\n<figure id=\"attachment_6063\" aria-describedby=\"caption-attachment-6063\" style=\"width: 960px\" class=\"wp-caption aligncenter\"><img data-recalc-dims=\"1\" loading=\"lazy\" decoding=\"async\" data-attachment-id=\"6063\" data-permalink=\"https:\/\/le-fort.org\/cocina\/fritaderia-faby\/fritada\/\" data-orig-file=\"https:\/\/i0.wp.com\/le-fort.org\/cocina\/wp-content\/uploads\/2015\/02\/fritada.jpg?fit=960%2C600&amp;ssl=1\" data-orig-size=\"960,600\" data-comments-opened=\"0\" data-image-meta=\"{&quot;aperture&quot;:&quot;0&quot;,&quot;credit&quot;:&quot;&quot;,&quot;camera&quot;:&quot;&quot;,&quot;caption&quot;:&quot;&quot;,&quot;created_timestamp&quot;:&quot;0&quot;,&quot;copyright&quot;:&quot;&quot;,&quot;focal_length&quot;:&quot;0&quot;,&quot;iso&quot;:&quot;0&quot;,&quot;shutter_speed&quot;:&quot;0&quot;,&quot;title&quot;:&quot;&quot;,&quot;orientation&quot;:&quot;0&quot;}\" data-image-title=\"fritada\" data-image-description=\"\" data-image-caption=\"\" data-large-file=\"https:\/\/i0.wp.com\/le-fort.org\/cocina\/wp-content\/uploads\/2015\/02\/fritada.jpg?fit=960%2C600&amp;ssl=1\" class=\"wp-image-6063 size-full\" src=\"https:\/\/i0.wp.com\/www.le-fort.org\/wp-content\/uploads\/2015\/02\/fritada.jpg?resize=960%2C600&#038;ssl=1\" alt=\"fritada\" width=\"960\" height=\"600\" srcset=\"https:\/\/i0.wp.com\/le-fort.org\/cocina\/wp-content\/uploads\/2015\/02\/fritada.jpg?w=960&amp;ssl=1 960w, https:\/\/i0.wp.com\/le-fort.org\/cocina\/wp-content\/uploads\/2015\/02\/fritada.jpg?resize=600%2C375&amp;ssl=1 600w\" sizes=\"auto, (max-width: 960px) 100vw, 960px\" \/><figcaption id=\"caption-attachment-6063\" class=\"wp-caption-text\">Chancho frito, ma\u00edz tostado, mote, chifles y ensalada.<\/figcaption><\/figure>\n<p>El servicio no fue muy r\u00e1pido, quiz\u00e1 porque fuimos a una hora de poco movimiento. La comida nos gust\u00f3 mucho. Dicen ser la mejor fritada de la pen\u00ednsula y quiz\u00e1 sea cierto. El plato consisti\u00f3 en chancho frito, ma\u00edz tostado (o canchita, como le dicen en Per\u00fa), mote de ma\u00edz, chifles y ensalada de pepino y cebolla con harto lim\u00f3n. Muy bueno todo.<\/p>\n<p>Almorzamos tres personas por menos de USD 15, incluyendo los l\u00edquidos.<\/p>\n<p>Recomendable lugar.<\/p>\n<p>[fin]<\/p>\n<p>&nbsp;<\/p>\n","protected":false},"excerpt":{"rendered":"<p>Almorzamos en la fritader\u00eda Faby en La Libertad y nos gust\u00f3 mucho. Un buen plato de fritada con algo para tomar por menos de USD 5 por persona.<\/p>\n","protected":false},"author":1,"featured_media":6064,"comment_status":"open","ping_status":"closed","sticky":false,"template":"","format":"standard","meta":{"_jetpack_newsletter_access":"","_jetpack_dont_email_post_to_subs":false,"_jetpack_newsletter_tier_id":0,"_jetpack_memberships_contains_paywalled_content":false,"_jetpack_memberships_contains_paid_content":false,"footnotes":""},"categories":[8],"tags":[96,259],"class_list":["post-6062","post","type-post","status-publish","format-standard","has-post-thumbnail","hentry","category-locales","tag-comida-ecuatoriana","tag-fritada","entry","has-media"],"jetpack_featured_media_url":"https:\/\/i0.wp.com\/le-fort.org\/cocina\/wp-content\/uploads\/2015\/02\/fritaderia-faby-hd.jpg?fit=1200%2C400&ssl=1","jetpack_shortlink":"https:\/\/wp.me\/pghKer-1zM","jetpack_sharing_enabled":true,"jetpack-related-posts":[{"id":5471,"url":"https:\/\/le-fort.org\/cocina\/costillar-cantones-chancho-agridulce-chino\/","url_meta":{"origin":6062,"position":0},"title":"Costillar Agridulce Chino","author":"Le-Fort.org","date":"25 de Mayo, 2014","format":false,"excerpt":"Receta de costillar canton\u00e9s, un plato de cocina china de chancho rebozado y frito en una salsa agridulce.","rel":"","context":"En &quot;Recetas&quot;","block_context":{"text":"Recetas","link":"https:\/\/le-fort.org\/cocina\/categoria\/recetas\/"},"img":{"alt_text":"","src":"https:\/\/i0.wp.com\/le-fort.org\/cocina\/wp-content\/uploads\/2014\/05\/chancho-agridulce-hd.jpg?fit=1200%2C400&ssl=1&resize=350%2C200","width":350,"height":200,"srcset":"https:\/\/i0.wp.com\/le-fort.org\/cocina\/wp-content\/uploads\/2014\/05\/chancho-agridulce-hd.jpg?fit=1200%2C400&ssl=1&resize=350%2C200 1x, https:\/\/i0.wp.com\/le-fort.org\/cocina\/wp-content\/uploads\/2014\/05\/chancho-agridulce-hd.jpg?fit=1200%2C400&ssl=1&resize=525%2C300 1.5x, https:\/\/i0.wp.com\/le-fort.org\/cocina\/wp-content\/uploads\/2014\/05\/chancho-agridulce-hd.jpg?fit=1200%2C400&ssl=1&resize=700%2C400 2x, https:\/\/i0.wp.com\/le-fort.org\/cocina\/wp-content\/uploads\/2014\/05\/chancho-agridulce-hd.jpg?fit=1200%2C400&ssl=1&resize=1050%2C600 3x"},"classes":[]},{"id":8752,"url":"https:\/\/le-fort.org\/cocina\/sandwich-de-chicharron\/","url_meta":{"origin":6062,"position":1},"title":"Sandwich de Chicharr\u00f3n: Un Golpe de Genio","author":"Le-Fort.org","date":"19 de Septiembre, 2016","format":false,"excerpt":"El Sandwich de Chicharr\u00f3n es una oda a la simpleza y a la nobleza de sus ingredientes.","rel":"","context":"En &quot;Sandwich&quot;","block_context":{"text":"Sandwich","link":"https:\/\/le-fort.org\/cocina\/categoria\/sandwich\/"},"img":{"alt_text":"","src":"https:\/\/i0.wp.com\/le-fort.org\/cocina\/wp-content\/uploads\/2016\/09\/chicharron-hd.jpg?fit=1200%2C400&ssl=1&resize=350%2C200","width":350,"height":200,"srcset":"https:\/\/i0.wp.com\/le-fort.org\/cocina\/wp-content\/uploads\/2016\/09\/chicharron-hd.jpg?fit=1200%2C400&ssl=1&resize=350%2C200 1x, https:\/\/i0.wp.com\/le-fort.org\/cocina\/wp-content\/uploads\/2016\/09\/chicharron-hd.jpg?fit=1200%2C400&ssl=1&resize=525%2C300 1.5x, https:\/\/i0.wp.com\/le-fort.org\/cocina\/wp-content\/uploads\/2016\/09\/chicharron-hd.jpg?fit=1200%2C400&ssl=1&resize=700%2C400 2x, https:\/\/i0.wp.com\/le-fort.org\/cocina\/wp-content\/uploads\/2016\/09\/chicharron-hd.jpg?fit=1200%2C400&ssl=1&resize=1050%2C600 3x"},"classes":[]},{"id":664,"url":"https:\/\/le-fort.org\/cocina\/sanduche-de-chancho\/","url_meta":{"origin":6062,"position":2},"title":"S\u00e1nduche de Chancho","author":"Maestro Sanguchero","date":"16 de Marzo, 2013","format":false,"excerpt":"El s\u00e1nduche de chancho ecuatoriano es un s\u00e1nduche t\u00edpico y excelente. En su versi\u00f3n m\u00e1s simple consiste en chancho hornado y cebolla encurtida.","rel":"","context":"En &quot;Cerdo&quot;","block_context":{"text":"Cerdo","link":"https:\/\/le-fort.org\/cocina\/categoria\/cerdo\/"},"img":{"alt_text":"","src":"https:\/\/i0.wp.com\/le-fort.org\/cocina\/wp-content\/uploads\/2013\/06\/sanduche-hd.jpg?fit=700%2C350&ssl=1&resize=350%2C200","width":350,"height":200,"srcset":"https:\/\/i0.wp.com\/le-fort.org\/cocina\/wp-content\/uploads\/2013\/06\/sanduche-hd.jpg?fit=700%2C350&ssl=1&resize=350%2C200 1x, https:\/\/i0.wp.com\/le-fort.org\/cocina\/wp-content\/uploads\/2013\/06\/sanduche-hd.jpg?fit=700%2C350&ssl=1&resize=525%2C300 1.5x, https:\/\/i0.wp.com\/le-fort.org\/cocina\/wp-content\/uploads\/2013\/06\/sanduche-hd.jpg?fit=700%2C350&ssl=1&resize=700%2C400 2x"},"classes":[]},{"id":4984,"url":"https:\/\/le-fort.org\/cocina\/tortilla-de-papas-heretica\/","url_meta":{"origin":6062,"position":3},"title":"Tortilla de Papas Her\u00e9tica","author":"Le-Fort.org","date":"2 de Noviembre, 2013","format":false,"excerpt":"Receta de tortilla de patatas, tortilla de papas o tortilla espa\u00f1ola her\u00e9tica. R\u00e1pida y muy buena aunque inferior a una tortilla can\u00f3nica.","rel":"","context":"En &quot;Recetas&quot;","block_context":{"text":"Recetas","link":"https:\/\/le-fort.org\/cocina\/categoria\/recetas\/"},"img":{"alt_text":"","src":"https:\/\/i0.wp.com\/le-fort.org\/cocina\/wp-content\/uploads\/2013\/11\/tortilla-de-papas-heretica-hd.jpg?fit=1200%2C400&ssl=1&resize=350%2C200","width":350,"height":200,"srcset":"https:\/\/i0.wp.com\/le-fort.org\/cocina\/wp-content\/uploads\/2013\/11\/tortilla-de-papas-heretica-hd.jpg?fit=1200%2C400&ssl=1&resize=350%2C200 1x, https:\/\/i0.wp.com\/le-fort.org\/cocina\/wp-content\/uploads\/2013\/11\/tortilla-de-papas-heretica-hd.jpg?fit=1200%2C400&ssl=1&resize=525%2C300 1.5x, https:\/\/i0.wp.com\/le-fort.org\/cocina\/wp-content\/uploads\/2013\/11\/tortilla-de-papas-heretica-hd.jpg?fit=1200%2C400&ssl=1&resize=700%2C400 2x, https:\/\/i0.wp.com\/le-fort.org\/cocina\/wp-content\/uploads\/2013\/11\/tortilla-de-papas-heretica-hd.jpg?fit=1200%2C400&ssl=1&resize=1050%2C600 3x"},"classes":[]},{"id":6070,"url":"https:\/\/le-fort.org\/cocina\/almuerzo-de-carnaval-cuencano-en-la-yunta\/","url_meta":{"origin":6062,"position":4},"title":"La Yunta","author":"Le-Fort.org","date":"19 de Febrero, 2015","format":false,"excerpt":"Tuvimos oportunidad de probar el men\u00fa cuencano cl\u00e1sico de carnaval (mote pata, fritada, dulces) en La Yunta. Nos encant\u00f3.","rel":"","context":"En &quot;Locales&quot;","block_context":{"text":"Locales","link":"https:\/\/le-fort.org\/cocina\/categoria\/locales\/"},"img":{"alt_text":"","src":"https:\/\/i0.wp.com\/le-fort.org\/cocina\/wp-content\/uploads\/2015\/02\/la-yunta-hd.jpg?fit=1200%2C400&ssl=1&resize=350%2C200","width":350,"height":200,"srcset":"https:\/\/i0.wp.com\/le-fort.org\/cocina\/wp-content\/uploads\/2015\/02\/la-yunta-hd.jpg?fit=1200%2C400&ssl=1&resize=350%2C200 1x, https:\/\/i0.wp.com\/le-fort.org\/cocina\/wp-content\/uploads\/2015\/02\/la-yunta-hd.jpg?fit=1200%2C400&ssl=1&resize=525%2C300 1.5x, https:\/\/i0.wp.com\/le-fort.org\/cocina\/wp-content\/uploads\/2015\/02\/la-yunta-hd.jpg?fit=1200%2C400&ssl=1&resize=700%2C400 2x, https:\/\/i0.wp.com\/le-fort.org\/cocina\/wp-content\/uploads\/2015\/02\/la-yunta-hd.jpg?fit=1200%2C400&ssl=1&resize=1050%2C600 3x"},"classes":[]},{"id":5433,"url":"https:\/\/le-fort.org\/cocina\/chorrillana-chilena\/","url_meta":{"origin":6062,"position":5},"title":"Chorrillana Chilena","author":"Le-Fort.org","date":"29 de Abril, 2014","format":false,"excerpt":"Receta de chorrillana, plato t\u00edpico de Valpara\u00edso en Chile, consistente en carne picada, cebolla frita, papas fritas y huevo frito.","rel":"","context":"En &quot;Recetas&quot;","block_context":{"text":"Recetas","link":"https:\/\/le-fort.org\/cocina\/categoria\/recetas\/"},"img":{"alt_text":"","src":"https:\/\/i0.wp.com\/le-fort.org\/cocina\/wp-content\/uploads\/2014\/04\/chorrillana-hd.jpg?fit=1200%2C400&ssl=1&resize=350%2C200","width":350,"height":200,"srcset":"https:\/\/i0.wp.com\/le-fort.org\/cocina\/wp-content\/uploads\/2014\/04\/chorrillana-hd.jpg?fit=1200%2C400&ssl=1&resize=350%2C200 1x, https:\/\/i0.wp.com\/le-fort.org\/cocina\/wp-content\/uploads\/2014\/04\/chorrillana-hd.jpg?fit=1200%2C400&ssl=1&resize=525%2C300 1.5x, https:\/\/i0.wp.com\/le-fort.org\/cocina\/wp-content\/uploads\/2014\/04\/chorrillana-hd.jpg?fit=1200%2C400&ssl=1&resize=700%2C400 2x, https:\/\/i0.wp.com\/le-fort.org\/cocina\/wp-content\/uploads\/2014\/04\/chorrillana-hd.jpg?fit=1200%2C400&ssl=1&resize=1050%2C600 3x"},"classes":[]}],"_links":{"self":[{"href":"https:\/\/le-fort.org\/cocina\/wp-json\/wp\/v2\/posts\/6062","targetHints":{"allow":["GET"]}}],"collection":[{"href":"https:\/\/le-fort.org\/cocina\/wp-json\/wp\/v2\/posts"}],"about":[{"href":"https:\/\/le-fort.org\/cocina\/wp-json\/wp\/v2\/types\/post"}],"author":[{"embeddable":true,"href":"https:\/\/le-fort.org\/cocina\/wp-json\/wp\/v2\/users\/1"}],"replies":[{"embeddable":true,"href":"https:\/\/le-fort.org\/cocina\/wp-json\/wp\/v2\/comments?post=6062"}],"version-history":[{"count":0,"href":"https:\/\/le-fort.org\/cocina\/wp-json\/wp\/v2\/posts\/6062\/revisions"}],"wp:featuredmedia":[{"embeddable":true,"href":"https:\/\/le-fort.org\/cocina\/wp-json\/wp\/v2\/media\/6064"}],"wp:attachment":[{"href":"https:\/\/le-fort.org\/cocina\/wp-json\/wp\/v2\/media?parent=6062"}],"wp:term":[{"taxonomy":"category","embeddable":true,"href":"https:\/\/le-fort.org\/cocina\/wp-json\/wp\/v2\/categories?post=6062"},{"taxonomy":"post_tag","embeddable":true,"href":"https:\/\/le-fort.org\/cocina\/wp-json\/wp\/v2\/tags?post=6062"}],"curies":[{"name":"wp","href":"https:\/\/api.w.org\/{rel}","templated":true}]}}