{"id":6070,"date":"2015-02-19T14:40:01","date_gmt":"2015-02-19T19:40:01","guid":{"rendered":"http:\/\/www.loquecomemos.com\/?p=6070"},"modified":"2017-11-30T12:50:15","modified_gmt":"2017-11-30T17:50:15","slug":"almuerzo-de-carnaval-cuencano-en-la-yunta","status":"publish","type":"post","link":"https:\/\/le-fort.org\/cocina\/almuerzo-de-carnaval-cuencano-en-la-yunta\/","title":{"rendered":"La Yunta"},"content":{"rendered":"<p>Fuimos invitados a <strong>La Yunta<\/strong>, a la salida de Cuenca por los due\u00f1os. Tuvimos la suerte de ir para Carnaval, raz\u00f3n por la que probamos el men\u00fa t\u00edpico de estas fechas, lo que fue excelente.<\/p>\n<p>Nos unimos a un <em>tour<\/em> de canadienses y estadounidenses que pas\u00f3 primero por un vivero y luego fuimos a almorzar a La Yunta.<!--more--><\/p>\n<figure id=\"attachment_6073\" aria-describedby=\"caption-attachment-6073\" style=\"width: 960px\" class=\"wp-caption aligncenter\"><img data-recalc-dims=\"1\" loading=\"lazy\" decoding=\"async\" data-attachment-id=\"6073\" data-permalink=\"https:\/\/le-fort.org\/cocina\/almuerzo-de-carnaval-cuencano-en-la-yunta\/entrada-yunta\/\" data-orig-file=\"https:\/\/i0.wp.com\/le-fort.org\/cocina\/wp-content\/uploads\/2015\/02\/entrada-yunta.jpg?fit=960%2C600&amp;ssl=1\" data-orig-size=\"960,600\" data-comments-opened=\"0\" data-image-meta=\"{&quot;aperture&quot;:&quot;0&quot;,&quot;credit&quot;:&quot;&quot;,&quot;camera&quot;:&quot;&quot;,&quot;caption&quot;:&quot;&quot;,&quot;created_timestamp&quot;:&quot;0&quot;,&quot;copyright&quot;:&quot;&quot;,&quot;focal_length&quot;:&quot;0&quot;,&quot;iso&quot;:&quot;0&quot;,&quot;shutter_speed&quot;:&quot;0&quot;,&quot;title&quot;:&quot;&quot;,&quot;orientation&quot;:&quot;0&quot;}\" data-image-title=\"entrada-yunta\" data-image-description=\"\" data-image-caption=\"&lt;p&gt;Llegando a La yunta&lt;\/p&gt;\n\" data-large-file=\"https:\/\/i0.wp.com\/le-fort.org\/cocina\/wp-content\/uploads\/2015\/02\/entrada-yunta.jpg?fit=960%2C600&amp;ssl=1\" class=\"size-full wp-image-6073\" src=\"https:\/\/i0.wp.com\/www.le-fort.org\/wp-content\/uploads\/2015\/02\/entrada-yunta.jpg?resize=960%2C600&#038;ssl=1\" alt=\"Llegando a La yunta\" width=\"960\" height=\"600\" srcset=\"https:\/\/i0.wp.com\/le-fort.org\/cocina\/wp-content\/uploads\/2015\/02\/entrada-yunta.jpg?w=960&amp;ssl=1 960w, https:\/\/i0.wp.com\/le-fort.org\/cocina\/wp-content\/uploads\/2015\/02\/entrada-yunta.jpg?resize=600%2C375&amp;ssl=1 600w\" sizes=\"auto, (max-width: 960px) 100vw, 960px\" \/><figcaption id=\"caption-attachment-6073\" class=\"wp-caption-text\">Llegando a La Yunta<\/figcaption><\/figure>\n<figure id=\"attachment_6076\" aria-describedby=\"caption-attachment-6076\" style=\"width: 901px\" class=\"wp-caption aligncenter\"><a href=\"https:\/\/i0.wp.com\/le-fort.org\/wp-content\/uploads\/2015\/02\/la-yunta.jpg?ssl=1\"><img data-recalc-dims=\"1\" loading=\"lazy\" decoding=\"async\" data-attachment-id=\"6076\" data-permalink=\"https:\/\/le-fort.org\/cocina\/almuerzo-de-carnaval-cuencano-en-la-yunta\/la-yunta\/\" data-orig-file=\"https:\/\/i0.wp.com\/le-fort.org\/cocina\/wp-content\/uploads\/2015\/02\/la-yunta.jpg?fit=901%2C600&amp;ssl=1\" data-orig-size=\"901,600\" data-comments-opened=\"0\" data-image-meta=\"{&quot;aperture&quot;:&quot;0&quot;,&quot;credit&quot;:&quot;&quot;,&quot;camera&quot;:&quot;&quot;,&quot;caption&quot;:&quot;&quot;,&quot;created_timestamp&quot;:&quot;0&quot;,&quot;copyright&quot;:&quot;&quot;,&quot;focal_length&quot;:&quot;0&quot;,&quot;iso&quot;:&quot;0&quot;,&quot;shutter_speed&quot;:&quot;0&quot;,&quot;title&quot;:&quot;&quot;,&quot;orientation&quot;:&quot;0&quot;}\" data-image-title=\"la-yunta\" data-image-description=\"\" data-image-caption=\"&lt;p&gt;El local combina restaurante y tienda, y es precioso.&lt;\/p&gt;\n\" data-large-file=\"https:\/\/i0.wp.com\/le-fort.org\/cocina\/wp-content\/uploads\/2015\/02\/la-yunta.jpg?fit=901%2C600&amp;ssl=1\" class=\"size-full wp-image-6076\" src=\"https:\/\/i0.wp.com\/www.le-fort.org\/wp-content\/uploads\/2015\/02\/la-yunta.jpg?resize=901%2C600&#038;ssl=1\" alt=\"El local combina restaurante y tienda, y es precioso.\" width=\"901\" height=\"600\" srcset=\"https:\/\/i0.wp.com\/le-fort.org\/cocina\/wp-content\/uploads\/2015\/02\/la-yunta.jpg?w=901&amp;ssl=1 901w, https:\/\/i0.wp.com\/le-fort.org\/cocina\/wp-content\/uploads\/2015\/02\/la-yunta.jpg?resize=600%2C400&amp;ssl=1 600w\" sizes=\"auto, (max-width: 901px) 100vw, 901px\" \/><\/a><figcaption id=\"caption-attachment-6076\" class=\"wp-caption-text\">El local combina restaurante y tienda, y es precioso.<\/figcaption><\/figure>\n<figure id=\"attachment_6074\" aria-describedby=\"caption-attachment-6074\" style=\"width: 901px\" class=\"wp-caption aligncenter\"><img data-recalc-dims=\"1\" loading=\"lazy\" decoding=\"async\" data-attachment-id=\"6074\" data-permalink=\"https:\/\/le-fort.org\/cocina\/almuerzo-de-carnaval-cuencano-en-la-yunta\/gringosidades\/\" data-orig-file=\"https:\/\/i0.wp.com\/le-fort.org\/cocina\/wp-content\/uploads\/2015\/02\/gringosidades.jpg?fit=901%2C600&amp;ssl=1\" data-orig-size=\"901,600\" data-comments-opened=\"0\" data-image-meta=\"{&quot;aperture&quot;:&quot;0&quot;,&quot;credit&quot;:&quot;&quot;,&quot;camera&quot;:&quot;&quot;,&quot;caption&quot;:&quot;&quot;,&quot;created_timestamp&quot;:&quot;0&quot;,&quot;copyright&quot;:&quot;&quot;,&quot;focal_length&quot;:&quot;0&quot;,&quot;iso&quot;:&quot;0&quot;,&quot;shutter_speed&quot;:&quot;0&quot;,&quot;title&quot;:&quot;&quot;,&quot;orientation&quot;:&quot;0&quot;}\" data-image-title=\"Todos listos para almorzar\" data-image-description=\"\" data-image-caption=\"&lt;p&gt;Todos listos para almorzar&lt;\/p&gt;\n\" data-large-file=\"https:\/\/i0.wp.com\/le-fort.org\/cocina\/wp-content\/uploads\/2015\/02\/gringosidades.jpg?fit=901%2C600&amp;ssl=1\" class=\"size-full wp-image-6074\" src=\"https:\/\/i0.wp.com\/www.le-fort.org\/wp-content\/uploads\/2015\/02\/gringosidades.jpg?resize=901%2C600&#038;ssl=1\" alt=\"Todos listos para almorzar\" width=\"901\" height=\"600\" srcset=\"https:\/\/i0.wp.com\/le-fort.org\/cocina\/wp-content\/uploads\/2015\/02\/gringosidades.jpg?w=901&amp;ssl=1 901w, https:\/\/i0.wp.com\/le-fort.org\/cocina\/wp-content\/uploads\/2015\/02\/gringosidades.jpg?resize=600%2C400&amp;ssl=1 600w\" sizes=\"auto, (max-width: 901px) 100vw, 901px\" \/><figcaption id=\"caption-attachment-6074\" class=\"wp-caption-text\">Todos listos para almorzar<\/figcaption><\/figure>\n<p>El almuerzo comenz\u00f3 con un excelente <strong>mote pata<\/strong>, sopa t\u00edpica de carnaval, con chancho en diversas formas, choclo, pepa de sambo y qui\u00e9n sabe qu\u00e9 m\u00e1s. Nos encant\u00f3. Es un al\u00e1stima que haya que esperar al pr\u00f3ximo carnaval para comerla de nuevo.<\/p>\n<figure id=\"attachment_6077\" aria-describedby=\"caption-attachment-6077\" style=\"width: 901px\" class=\"wp-caption aligncenter\"><img data-recalc-dims=\"1\" loading=\"lazy\" decoding=\"async\" data-attachment-id=\"6077\" data-permalink=\"https:\/\/le-fort.org\/cocina\/almuerzo-de-carnaval-cuencano-en-la-yunta\/motepata-2\/\" data-orig-file=\"https:\/\/i0.wp.com\/le-fort.org\/cocina\/wp-content\/uploads\/2015\/02\/motepata-2.jpg?fit=901%2C600&amp;ssl=1\" data-orig-size=\"901,600\" data-comments-opened=\"0\" data-image-meta=\"{&quot;aperture&quot;:&quot;0&quot;,&quot;credit&quot;:&quot;&quot;,&quot;camera&quot;:&quot;&quot;,&quot;caption&quot;:&quot;&quot;,&quot;created_timestamp&quot;:&quot;0&quot;,&quot;copyright&quot;:&quot;&quot;,&quot;focal_length&quot;:&quot;0&quot;,&quot;iso&quot;:&quot;0&quot;,&quot;shutter_speed&quot;:&quot;0&quot;,&quot;title&quot;:&quot;&quot;,&quot;orientation&quot;:&quot;0&quot;}\" data-image-title=\"motepata-2\" data-image-description=\"\" data-image-caption=\"&lt;p&gt;Motepata de Carnaval, de la Yunta&lt;\/p&gt;\n\" data-large-file=\"https:\/\/i0.wp.com\/le-fort.org\/cocina\/wp-content\/uploads\/2015\/02\/motepata-2.jpg?fit=901%2C600&amp;ssl=1\" class=\"wp-image-6077 size-full\" src=\"https:\/\/i0.wp.com\/www.le-fort.org\/wp-content\/uploads\/2015\/02\/motepata-2.jpg?resize=901%2C600&#038;ssl=1\" alt=\"Mote Pata, sopa t\u00edpica de carnaval en Cuenca\" width=\"901\" height=\"600\" srcset=\"https:\/\/i0.wp.com\/le-fort.org\/cocina\/wp-content\/uploads\/2015\/02\/motepata-2.jpg?w=901&amp;ssl=1 901w, https:\/\/i0.wp.com\/le-fort.org\/cocina\/wp-content\/uploads\/2015\/02\/motepata-2.jpg?resize=600%2C400&amp;ssl=1 600w\" sizes=\"auto, (max-width: 901px) 100vw, 901px\" \/><figcaption id=\"caption-attachment-6077\" class=\"wp-caption-text\">Mote Pata, sopa t\u00edpica de carnaval en Cuenca<\/figcaption><\/figure>\n<figure id=\"attachment_6078\" aria-describedby=\"caption-attachment-6078\" style=\"width: 901px\" class=\"wp-caption aligncenter\"><img data-recalc-dims=\"1\" loading=\"lazy\" decoding=\"async\" data-attachment-id=\"6078\" data-permalink=\"https:\/\/le-fort.org\/cocina\/almuerzo-de-carnaval-cuencano-en-la-yunta\/motepata\/\" data-orig-file=\"https:\/\/i0.wp.com\/le-fort.org\/cocina\/wp-content\/uploads\/2015\/02\/motepata.jpg?fit=901%2C600&amp;ssl=1\" data-orig-size=\"901,600\" data-comments-opened=\"0\" data-image-meta=\"{&quot;aperture&quot;:&quot;0&quot;,&quot;credit&quot;:&quot;&quot;,&quot;camera&quot;:&quot;&quot;,&quot;caption&quot;:&quot;&quot;,&quot;created_timestamp&quot;:&quot;0&quot;,&quot;copyright&quot;:&quot;&quot;,&quot;focal_length&quot;:&quot;0&quot;,&quot;iso&quot;:&quot;0&quot;,&quot;shutter_speed&quot;:&quot;0&quot;,&quot;title&quot;:&quot;&quot;,&quot;orientation&quot;:&quot;0&quot;}\" data-image-title=\"motepata\" data-image-description=\"\" data-image-caption=\"\" data-large-file=\"https:\/\/i0.wp.com\/le-fort.org\/cocina\/wp-content\/uploads\/2015\/02\/motepata.jpg?fit=901%2C600&amp;ssl=1\" class=\"wp-image-6078 size-full\" src=\"https:\/\/i0.wp.com\/www.le-fort.org\/wp-content\/uploads\/2015\/02\/motepata.jpg?resize=901%2C600&#038;ssl=1\" alt=\"Acrcamiento dle Mote pata de La yunta\" width=\"901\" height=\"600\" srcset=\"https:\/\/i0.wp.com\/le-fort.org\/cocina\/wp-content\/uploads\/2015\/02\/motepata.jpg?w=901&amp;ssl=1 901w, https:\/\/i0.wp.com\/le-fort.org\/cocina\/wp-content\/uploads\/2015\/02\/motepata.jpg?resize=600%2C400&amp;ssl=1 600w\" sizes=\"auto, (max-width: 901px) 100vw, 901px\" \/><figcaption id=\"caption-attachment-6078\" class=\"wp-caption-text\">Nos encant\u00f3 el mote pata<\/figcaption><\/figure>\n<p>Como si esto no fuera suficiente, de segundo hubo fritada con llapingacho, mote, morcilla, ensalada y ma\u00edz tostado. El plato era gigante.<\/p>\n<figure id=\"attachment_6072\" aria-describedby=\"caption-attachment-6072\" style=\"width: 960px\" class=\"wp-caption aligncenter\"><a href=\"https:\/\/i0.wp.com\/le-fort.org\/wp-content\/uploads\/2015\/02\/carnaval.jpg?ssl=1\"><img data-recalc-dims=\"1\" loading=\"lazy\" decoding=\"async\" data-attachment-id=\"6072\" data-permalink=\"https:\/\/le-fort.org\/cocina\/almuerzo-de-carnaval-cuencano-en-la-yunta\/carnaval\/\" data-orig-file=\"https:\/\/i0.wp.com\/le-fort.org\/cocina\/wp-content\/uploads\/2015\/02\/carnaval.jpg?fit=960%2C600&amp;ssl=1\" data-orig-size=\"960,600\" data-comments-opened=\"0\" data-image-meta=\"{&quot;aperture&quot;:&quot;0&quot;,&quot;credit&quot;:&quot;&quot;,&quot;camera&quot;:&quot;&quot;,&quot;caption&quot;:&quot;&quot;,&quot;created_timestamp&quot;:&quot;0&quot;,&quot;copyright&quot;:&quot;&quot;,&quot;focal_length&quot;:&quot;0&quot;,&quot;iso&quot;:&quot;0&quot;,&quot;shutter_speed&quot;:&quot;0&quot;,&quot;title&quot;:&quot;&quot;,&quot;orientation&quot;:&quot;0&quot;}\" data-image-title=\"carnaval\" data-image-description=\"\" data-image-caption=\"&lt;p&gt;Sancocho con morcilla, llapingacho, ma\u00edz tostado, mote y ensalada&lt;\/p&gt;\n\" data-large-file=\"https:\/\/i0.wp.com\/le-fort.org\/cocina\/wp-content\/uploads\/2015\/02\/carnaval.jpg?fit=960%2C600&amp;ssl=1\" class=\"size-full wp-image-6072\" src=\"https:\/\/i0.wp.com\/www.le-fort.org\/wp-content\/uploads\/2015\/02\/carnaval.jpg?resize=960%2C600&#038;ssl=1\" alt=\"Sancocho con morcilla, llapingacho, ma\u00edz tostado, mote y ensalada en La yunta\" width=\"960\" height=\"600\" srcset=\"https:\/\/i0.wp.com\/le-fort.org\/cocina\/wp-content\/uploads\/2015\/02\/carnaval.jpg?w=960&amp;ssl=1 960w, https:\/\/i0.wp.com\/le-fort.org\/cocina\/wp-content\/uploads\/2015\/02\/carnaval.jpg?resize=600%2C375&amp;ssl=1 600w\" sizes=\"auto, (max-width: 960px) 100vw, 960px\" \/><\/a><figcaption id=\"caption-attachment-6072\" class=\"wp-caption-text\">Sancocho con morcilla, llapingacho, ma\u00edz tostado, mote y ensalada<\/figcaption><\/figure>\n<p>Como comprender\u00e1n, quedamos rodando con tan op\u00edparo almuerzo.<\/p>\n<p>De postre comimos dos cl\u00e1sicos de carnaval: dulce de higo en miel de panela y dulce de durazno.<\/p>\n<figure id=\"attachment_6079\" aria-describedby=\"caption-attachment-6079\" style=\"width: 901px\" class=\"wp-caption aligncenter\"><img data-recalc-dims=\"1\" loading=\"lazy\" decoding=\"async\" data-attachment-id=\"6079\" data-permalink=\"https:\/\/le-fort.org\/cocina\/almuerzo-de-carnaval-cuencano-en-la-yunta\/postre\/\" data-orig-file=\"https:\/\/i0.wp.com\/le-fort.org\/cocina\/wp-content\/uploads\/2015\/02\/postre.jpg?fit=901%2C600&amp;ssl=1\" data-orig-size=\"901,600\" data-comments-opened=\"0\" data-image-meta=\"{&quot;aperture&quot;:&quot;0&quot;,&quot;credit&quot;:&quot;&quot;,&quot;camera&quot;:&quot;&quot;,&quot;caption&quot;:&quot;&quot;,&quot;created_timestamp&quot;:&quot;0&quot;,&quot;copyright&quot;:&quot;&quot;,&quot;focal_length&quot;:&quot;0&quot;,&quot;iso&quot;:&quot;0&quot;,&quot;shutter_speed&quot;:&quot;0&quot;,&quot;title&quot;:&quot;&quot;,&quot;orientation&quot;:&quot;0&quot;}\" data-image-title=\"postre\" data-image-description=\"\" data-image-caption=\"&lt;p&gt;Dulce de durazno y dulce de higo, postres de carnaval&lt;\/p&gt;\n\" data-large-file=\"https:\/\/i0.wp.com\/le-fort.org\/cocina\/wp-content\/uploads\/2015\/02\/postre.jpg?fit=901%2C600&amp;ssl=1\" class=\"wp-image-6079 size-full\" src=\"https:\/\/i0.wp.com\/www.le-fort.org\/wp-content\/uploads\/2015\/02\/postre.jpg?resize=901%2C600&#038;ssl=1\" alt=\"Dulce de durazno y dulce de higo, postres de carnaval en La yunta\" width=\"901\" height=\"600\" srcset=\"https:\/\/i0.wp.com\/le-fort.org\/cocina\/wp-content\/uploads\/2015\/02\/postre.jpg?w=901&amp;ssl=1 901w, https:\/\/i0.wp.com\/le-fort.org\/cocina\/wp-content\/uploads\/2015\/02\/postre.jpg?resize=600%2C400&amp;ssl=1 600w\" sizes=\"auto, (max-width: 901px) 100vw, 901px\" \/><figcaption id=\"caption-attachment-6079\" class=\"wp-caption-text\">Dulce de durazno y dulce de higo, postres de carnaval<\/figcaption><\/figure>\n<p>Para completar la cosa festiva, nos dieron rompope y luego canelazo. Afortunadamente era en d\u00eda feriado el almuerzo.<\/p>\n<figure id=\"attachment_6080\" aria-describedby=\"caption-attachment-6080\" style=\"width: 901px\" class=\"wp-caption aligncenter\"><img data-recalc-dims=\"1\" loading=\"lazy\" decoding=\"async\" data-attachment-id=\"6080\" data-permalink=\"https:\/\/le-fort.org\/cocina\/almuerzo-de-carnaval-cuencano-en-la-yunta\/rompon\/\" data-orig-file=\"https:\/\/i0.wp.com\/le-fort.org\/cocina\/wp-content\/uploads\/2015\/02\/rompon.jpg?fit=901%2C600&amp;ssl=1\" data-orig-size=\"901,600\" data-comments-opened=\"0\" data-image-meta=\"{&quot;aperture&quot;:&quot;0&quot;,&quot;credit&quot;:&quot;&quot;,&quot;camera&quot;:&quot;&quot;,&quot;caption&quot;:&quot;&quot;,&quot;created_timestamp&quot;:&quot;0&quot;,&quot;copyright&quot;:&quot;&quot;,&quot;focal_length&quot;:&quot;0&quot;,&quot;iso&quot;:&quot;0&quot;,&quot;shutter_speed&quot;:&quot;0&quot;,&quot;title&quot;:&quot;&quot;,&quot;orientation&quot;:&quot;0&quot;}\" data-image-title=\"rompope\" data-image-description=\"\" data-image-caption=\"&lt;p&gt;Rompope&lt;\/p&gt;\n\" data-large-file=\"https:\/\/i0.wp.com\/le-fort.org\/cocina\/wp-content\/uploads\/2015\/02\/rompon.jpg?fit=901%2C600&amp;ssl=1\" class=\"size-full wp-image-6080\" src=\"https:\/\/i0.wp.com\/www.le-fort.org\/wp-content\/uploads\/2015\/02\/rompon.jpg?resize=901%2C600&#038;ssl=1\" alt=\"Rompope\" width=\"901\" height=\"600\" srcset=\"https:\/\/i0.wp.com\/le-fort.org\/cocina\/wp-content\/uploads\/2015\/02\/rompon.jpg?w=901&amp;ssl=1 901w, https:\/\/i0.wp.com\/le-fort.org\/cocina\/wp-content\/uploads\/2015\/02\/rompon.jpg?resize=600%2C400&amp;ssl=1 600w\" sizes=\"auto, (max-width: 901px) 100vw, 901px\" \/><figcaption id=\"caption-attachment-6080\" class=\"wp-caption-text\">Rompope<\/figcaption><\/figure>\n<figure id=\"attachment_6071\" aria-describedby=\"caption-attachment-6071\" style=\"width: 600px\" class=\"wp-caption aligncenter\"><img data-recalc-dims=\"1\" loading=\"lazy\" decoding=\"async\" data-attachment-id=\"6071\" data-permalink=\"https:\/\/le-fort.org\/cocina\/almuerzo-de-carnaval-cuencano-en-la-yunta\/canelazo\/\" data-orig-file=\"https:\/\/i0.wp.com\/le-fort.org\/cocina\/wp-content\/uploads\/2015\/02\/canelazo.jpg?fit=600%2C901&amp;ssl=1\" data-orig-size=\"600,901\" data-comments-opened=\"0\" data-image-meta=\"{&quot;aperture&quot;:&quot;0&quot;,&quot;credit&quot;:&quot;&quot;,&quot;camera&quot;:&quot;&quot;,&quot;caption&quot;:&quot;&quot;,&quot;created_timestamp&quot;:&quot;0&quot;,&quot;copyright&quot;:&quot;&quot;,&quot;focal_length&quot;:&quot;0&quot;,&quot;iso&quot;:&quot;0&quot;,&quot;shutter_speed&quot;:&quot;0&quot;,&quot;title&quot;:&quot;&quot;,&quot;orientation&quot;:&quot;0&quot;}\" data-image-title=\"canelazo\" data-image-description=\"\" data-image-caption=\"&lt;p&gt;Y como boche de oro, un Canelazo.&lt;\/p&gt;\n\" data-large-file=\"https:\/\/i0.wp.com\/le-fort.org\/cocina\/wp-content\/uploads\/2015\/02\/canelazo.jpg?fit=600%2C901&amp;ssl=1\" class=\"size-full wp-image-6071\" src=\"https:\/\/i0.wp.com\/www.le-fort.org\/wp-content\/uploads\/2015\/02\/canelazo.jpg?resize=600%2C901&#038;ssl=1\" alt=\"Canelazo en La yunta\" width=\"600\" height=\"901\" srcset=\"https:\/\/i0.wp.com\/le-fort.org\/cocina\/wp-content\/uploads\/2015\/02\/canelazo.jpg?w=600&amp;ssl=1 600w, https:\/\/i0.wp.com\/le-fort.org\/cocina\/wp-content\/uploads\/2015\/02\/canelazo.jpg?resize=400%2C600&amp;ssl=1 400w\" sizes=\"auto, (max-width: 600px) 100vw, 600px\" \/><figcaption id=\"caption-attachment-6071\" class=\"wp-caption-text\">Y como boche de oro, un Canelazo.<\/figcaption><\/figure>\n<p>Nos encant\u00f3 La Yunta, y fuimos afortunados al ir justo para carnaval, teniendo la oportunidad de probar un men\u00fa que se da s\u00f3lo una vez al a\u00f1o.<\/p>\n<p>Habr\u00e1 que volver para ver qu\u00e9 tienen el resto del a\u00f1o \ud83d\ude42<\/p>\n<p><img data-recalc-dims=\"1\" loading=\"lazy\" decoding=\"async\" data-attachment-id=\"6075\" data-permalink=\"https:\/\/le-fort.org\/cocina\/almuerzo-de-carnaval-cuencano-en-la-yunta\/la-yunta-hd\/\" data-orig-file=\"https:\/\/i0.wp.com\/le-fort.org\/cocina\/wp-content\/uploads\/2015\/02\/la-yunta-hd.jpg?fit=1200%2C400&amp;ssl=1\" data-orig-size=\"1200,400\" data-comments-opened=\"0\" data-image-meta=\"{&quot;aperture&quot;:&quot;0&quot;,&quot;credit&quot;:&quot;&quot;,&quot;camera&quot;:&quot;&quot;,&quot;caption&quot;:&quot;&quot;,&quot;created_timestamp&quot;:&quot;0&quot;,&quot;copyright&quot;:&quot;&quot;,&quot;focal_length&quot;:&quot;0&quot;,&quot;iso&quot;:&quot;0&quot;,&quot;shutter_speed&quot;:&quot;0&quot;,&quot;title&quot;:&quot;&quot;,&quot;orientation&quot;:&quot;0&quot;}\" data-image-title=\"la-yunta-hd\" data-image-description=\"\" data-image-caption=\"\" data-large-file=\"https:\/\/i0.wp.com\/le-fort.org\/cocina\/wp-content\/uploads\/2015\/02\/la-yunta-hd.jpg?fit=1200%2C400&amp;ssl=1\" class=\"aligncenter size-full wp-image-6075\" src=\"https:\/\/i0.wp.com\/www.le-fort.org\/wp-content\/uploads\/2015\/02\/la-yunta-hd.jpg?resize=1200%2C400&#038;ssl=1\" alt=\"la-yunta-hd\" width=\"1200\" height=\"400\" srcset=\"https:\/\/i0.wp.com\/le-fort.org\/cocina\/wp-content\/uploads\/2015\/02\/la-yunta-hd.jpg?w=1200&amp;ssl=1 1200w, https:\/\/i0.wp.com\/le-fort.org\/cocina\/wp-content\/uploads\/2015\/02\/la-yunta-hd.jpg?resize=600%2C200&amp;ssl=1 600w\" sizes=\"auto, (max-width: 1200px) 100vw, 1200px\" \/><\/p>\n<p>[fin]<\/p>\n<p>&nbsp;<\/p>\n","protected":false},"excerpt":{"rendered":"<p>Tuvimos oportunidad de probar el men\u00fa cuencano cl\u00e1sico de carnaval (mote pata, fritada, dulces) en La Yunta. Nos encant\u00f3.<\/p>\n","protected":false},"author":1,"featured_media":6075,"comment_status":"open","ping_status":"closed","sticky":false,"template":"","format":"standard","meta":{"_jetpack_newsletter_access":"","_jetpack_dont_email_post_to_subs":false,"_jetpack_newsletter_tier_id":0,"_jetpack_memberships_contains_paywalled_content":false,"_jetpack_memberships_contains_paid_content":false,"footnotes":""},"categories":[8],"tags":[262,260,96,261],"class_list":["post-6070","post","type-post","status-publish","format-standard","has-post-thumbnail","hentry","category-locales","tag-gastronomia-del-azuay","tag-carnaval","tag-comida-ecuatoriana","tag-la-yunta","entry","has-media"],"jetpack_featured_media_url":"https:\/\/i0.wp.com\/le-fort.org\/cocina\/wp-content\/uploads\/2015\/02\/la-yunta-hd.jpg?fit=1200%2C400&ssl=1","jetpack_shortlink":"https:\/\/wp.me\/pghKer-1zU","jetpack_sharing_enabled":true,"jetpack-related-posts":[{"id":664,"url":"https:\/\/le-fort.org\/cocina\/sanduche-de-chancho\/","url_meta":{"origin":6070,"position":0},"title":"S\u00e1nduche de Chancho","author":"Maestro Sanguchero","date":"16 de Marzo, 2013","format":false,"excerpt":"El s\u00e1nduche de chancho ecuatoriano es un s\u00e1nduche t\u00edpico y excelente. En su versi\u00f3n m\u00e1s simple consiste en chancho hornado y cebolla encurtida.","rel":"","context":"En &quot;Cerdo&quot;","block_context":{"text":"Cerdo","link":"https:\/\/le-fort.org\/cocina\/categoria\/cerdo\/"},"img":{"alt_text":"","src":"https:\/\/i0.wp.com\/le-fort.org\/cocina\/wp-content\/uploads\/2013\/06\/sanduche-hd.jpg?fit=700%2C350&ssl=1&resize=350%2C200","width":350,"height":200,"srcset":"https:\/\/i0.wp.com\/le-fort.org\/cocina\/wp-content\/uploads\/2013\/06\/sanduche-hd.jpg?fit=700%2C350&ssl=1&resize=350%2C200 1x, https:\/\/i0.wp.com\/le-fort.org\/cocina\/wp-content\/uploads\/2013\/06\/sanduche-hd.jpg?fit=700%2C350&ssl=1&resize=525%2C300 1.5x, https:\/\/i0.wp.com\/le-fort.org\/cocina\/wp-content\/uploads\/2013\/06\/sanduche-hd.jpg?fit=700%2C350&ssl=1&resize=700%2C400 2x"},"classes":[]},{"id":11789,"url":"https:\/\/le-fort.org\/cocina\/motepata\/","url_meta":{"origin":6070,"position":1},"title":"Motepata","author":"Le-Fort.org","date":"25 de Febrero, 2018","format":false,"excerpt":"El Motepata es una sopa ecuatoriana, emblem\u00e1tica de la provincia del Azuay, que se prepara y consume tradicionalmente para Carnaval. Tiene mote (ma\u00edz) como buen plato azuayo, y como corresponde a una cultura porc\u00f3fila, lleva chancho en diversas formas. Vamos por partes. El Mote El mote (ma\u00edz pelado y cocido)\u2026","rel":"","context":"En &quot;Cavilaciones&quot;","block_context":{"text":"Cavilaciones","link":"https:\/\/le-fort.org\/cocina\/categoria\/cavilaciones\/"},"img":{"alt_text":"","src":"https:\/\/i0.wp.com\/le-fort.org\/cocina\/wp-content\/uploads\/2018\/02\/motepata-hd.jpg?fit=1200%2C400&ssl=1&resize=350%2C200","width":350,"height":200,"srcset":"https:\/\/i0.wp.com\/le-fort.org\/cocina\/wp-content\/uploads\/2018\/02\/motepata-hd.jpg?fit=1200%2C400&ssl=1&resize=350%2C200 1x, https:\/\/i0.wp.com\/le-fort.org\/cocina\/wp-content\/uploads\/2018\/02\/motepata-hd.jpg?fit=1200%2C400&ssl=1&resize=525%2C300 1.5x, https:\/\/i0.wp.com\/le-fort.org\/cocina\/wp-content\/uploads\/2018\/02\/motepata-hd.jpg?fit=1200%2C400&ssl=1&resize=700%2C400 2x, https:\/\/i0.wp.com\/le-fort.org\/cocina\/wp-content\/uploads\/2018\/02\/motepata-hd.jpg?fit=1200%2C400&ssl=1&resize=1050%2C600 3x"},"classes":[]},{"id":92,"url":"https:\/\/le-fort.org\/cocina\/chivito-de-la-ciudad-vieja-pantagruelico-pero-no-tanto\/","url_meta":{"origin":6070,"position":2},"title":"Chivito de la Ciudad Vieja. Pantagru\u00e9lico pero no tanto","author":"Maestro Sanguchero","date":"30 de Marzo, 2010","format":false,"excerpt":"El chivito (o canadiense como se le denomina tambi\u00e9n) deber\u00eda ser patrimonio de la humanidad, algo as\u00ed como de la UNESCO. El chivito es un s\u00e1nguche de origen Uruguayo que consiste en: lomo u otro corte de vacuno, huevo \u2013usualmente frito\u2013, panceta, mayonesa, lechuga, tomate y queso. \u00a0 La versi\u00f3n\u2026","rel":"","context":"En &quot;Chile&quot;","block_context":{"text":"Chile","link":"https:\/\/le-fort.org\/cocina\/categoria\/chile\/"},"img":{"alt_text":"Chivito","src":"https:\/\/i0.wp.com\/loquecomemos.com\/wp-content\/uploads\/2010\/03\/chivito-1.jpg?resize=350%2C200","width":350,"height":200},"classes":[]},{"id":6548,"url":"https:\/\/le-fort.org\/cocina\/de-verde-pinton-y-maduro\/","url_meta":{"origin":6070,"position":3},"title":"De Verde, Pint\u00f3n y Maduro","author":"Le-Fort.org","date":"9 de Junio, 2015","format":false,"excerpt":"Delicioso bol\u00f3n y tigrillo en De Verde, Pint\u00f3n y Maduro de la Sauces 8 en Guayaquil. Muy Recomendable.","rel":"","context":"En &quot;Locales&quot;","block_context":{"text":"Locales","link":"https:\/\/le-fort.org\/cocina\/categoria\/locales\/"},"img":{"alt_text":"","src":"https:\/\/i0.wp.com\/le-fort.org\/cocina\/wp-content\/uploads\/2015\/06\/verdepintonymaduro-hd.jpg?fit=1200%2C400&ssl=1&resize=350%2C200","width":350,"height":200,"srcset":"https:\/\/i0.wp.com\/le-fort.org\/cocina\/wp-content\/uploads\/2015\/06\/verdepintonymaduro-hd.jpg?fit=1200%2C400&ssl=1&resize=350%2C200 1x, https:\/\/i0.wp.com\/le-fort.org\/cocina\/wp-content\/uploads\/2015\/06\/verdepintonymaduro-hd.jpg?fit=1200%2C400&ssl=1&resize=525%2C300 1.5x, https:\/\/i0.wp.com\/le-fort.org\/cocina\/wp-content\/uploads\/2015\/06\/verdepintonymaduro-hd.jpg?fit=1200%2C400&ssl=1&resize=700%2C400 2x, https:\/\/i0.wp.com\/le-fort.org\/cocina\/wp-content\/uploads\/2015\/06\/verdepintonymaduro-hd.jpg?fit=1200%2C400&ssl=1&resize=1050%2C600 3x"},"classes":[]},{"id":12203,"url":"https:\/\/le-fort.org\/cocina\/la-fanesca\/","url_meta":{"origin":6070,"position":4},"title":"La Fanesca, una sopa sincr\u00e9tica.","author":"Le-Fort.org","date":"27 de Marzo, 2016","format":false,"excerpt":"Reflexiones sobre la tradicional sopa fanesca, propia de la semana santa ecuatoriana.","rel":"","context":"En &quot;Ecuador&quot;","block_context":{"text":"Ecuador","link":"https:\/\/le-fort.org\/cocina\/categoria\/ecuador\/"},"img":{"alt_text":"Fanesca: Gastronom\u00eda del Ecuador","src":"https:\/\/i0.wp.com\/le-fort.org\/cocina\/wp-content\/uploads\/2017\/03\/fanesca-hd.jpg?fit=1200%2C400&ssl=1&resize=350%2C200","width":350,"height":200,"srcset":"https:\/\/i0.wp.com\/le-fort.org\/cocina\/wp-content\/uploads\/2017\/03\/fanesca-hd.jpg?fit=1200%2C400&ssl=1&resize=350%2C200 1x, https:\/\/i0.wp.com\/le-fort.org\/cocina\/wp-content\/uploads\/2017\/03\/fanesca-hd.jpg?fit=1200%2C400&ssl=1&resize=525%2C300 1.5x, https:\/\/i0.wp.com\/le-fort.org\/cocina\/wp-content\/uploads\/2017\/03\/fanesca-hd.jpg?fit=1200%2C400&ssl=1&resize=700%2C400 2x, https:\/\/i0.wp.com\/le-fort.org\/cocina\/wp-content\/uploads\/2017\/03\/fanesca-hd.jpg?fit=1200%2C400&ssl=1&resize=1050%2C600 3x"},"classes":[]},{"id":4465,"url":"https:\/\/le-fort.org\/cocina\/cheesecake-de-nutella-y-pistacho-de-los-dulces-de-benito-de-salinas\/","url_meta":{"origin":6070,"position":5},"title":"Cheesecake de Nutella y Pistacho de Los Dulces de Benito de Salinas","author":"Le-Fort.org","date":"25 de Junio, 2013","format":false,"excerpt":"Delicioso Cheesecake de Nutella y Pistacho de Los Dulces de Benito. Este es un local que queda en Salinas, Santa Elena, Ecuador.","rel":"","context":"En &quot;Locales&quot;","block_context":{"text":"Locales","link":"https:\/\/le-fort.org\/cocina\/categoria\/locales\/"},"img":{"alt_text":"","src":"https:\/\/i0.wp.com\/le-fort.org\/cocina\/wp-content\/uploads\/2013\/06\/benito-hd.jpg?fit=700%2C350&ssl=1&resize=350%2C200","width":350,"height":200,"srcset":"https:\/\/i0.wp.com\/le-fort.org\/cocina\/wp-content\/uploads\/2013\/06\/benito-hd.jpg?fit=700%2C350&ssl=1&resize=350%2C200 1x, https:\/\/i0.wp.com\/le-fort.org\/cocina\/wp-content\/uploads\/2013\/06\/benito-hd.jpg?fit=700%2C350&ssl=1&resize=525%2C300 1.5x, https:\/\/i0.wp.com\/le-fort.org\/cocina\/wp-content\/uploads\/2013\/06\/benito-hd.jpg?fit=700%2C350&ssl=1&resize=700%2C400 2x"},"classes":[]}],"_links":{"self":[{"href":"https:\/\/le-fort.org\/cocina\/wp-json\/wp\/v2\/posts\/6070","targetHints":{"allow":["GET"]}}],"collection":[{"href":"https:\/\/le-fort.org\/cocina\/wp-json\/wp\/v2\/posts"}],"about":[{"href":"https:\/\/le-fort.org\/cocina\/wp-json\/wp\/v2\/types\/post"}],"author":[{"embeddable":true,"href":"https:\/\/le-fort.org\/cocina\/wp-json\/wp\/v2\/users\/1"}],"replies":[{"embeddable":true,"href":"https:\/\/le-fort.org\/cocina\/wp-json\/wp\/v2\/comments?post=6070"}],"version-history":[{"count":0,"href":"https:\/\/le-fort.org\/cocina\/wp-json\/wp\/v2\/posts\/6070\/revisions"}],"wp:featuredmedia":[{"embeddable":true,"href":"https:\/\/le-fort.org\/cocina\/wp-json\/wp\/v2\/media\/6075"}],"wp:attachment":[{"href":"https:\/\/le-fort.org\/cocina\/wp-json\/wp\/v2\/media?parent=6070"}],"wp:term":[{"taxonomy":"category","embeddable":true,"href":"https:\/\/le-fort.org\/cocina\/wp-json\/wp\/v2\/categories?post=6070"},{"taxonomy":"post_tag","embeddable":true,"href":"https:\/\/le-fort.org\/cocina\/wp-json\/wp\/v2\/tags?post=6070"}],"curies":[{"name":"wp","href":"https:\/\/api.w.org\/{rel}","templated":true}]}}