{"id":6094,"date":"2015-02-25T23:51:58","date_gmt":"2015-02-26T04:51:58","guid":{"rendered":"http:\/\/www.loquecomemos.com\/?p=6094"},"modified":"2021-12-22T09:32:29","modified_gmt":"2021-12-22T14:32:29","slug":"ninos-envueltos-de-carne","status":"publish","type":"post","link":"https:\/\/le-fort.org\/cocina\/ninos-envueltos-de-carne\/","title":{"rendered":"Ni\u00f1os Envueltos de Carne"},"content":{"rendered":"<p>Para comenzar, hay un caso de anfibolog\u00eda con los ni\u00f1os envueltos. Se conocen como ni\u00f1os envueltos las hojas de repollo o de parra rellenas de arroz con carne \u2013de origen levantino, y se conocen tambi\u00e9n como ni\u00f1os envueltos estos rollitos de carne rellenos de tocino y vegetales, que al parecer son de origen italiano y que aparecen con frecuencia en Internet como receta argentina. Nos ocuparemos de los ni\u00f1os envueltos argentinos\/italianos, si es que es un nombre correcto.<!--more--><\/p>\n<figure id=\"attachment_6099\" aria-describedby=\"caption-attachment-6099\" style=\"width: 960px\" class=\"wp-caption aligncenter\"><a href=\"https:\/\/i0.wp.com\/le-fort.org\/wp-content\/uploads\/2015\/02\/ninos-envueltos.jpg?ssl=1\"><img data-recalc-dims=\"1\" loading=\"lazy\" decoding=\"async\" data-attachment-id=\"6099\" data-permalink=\"https:\/\/le-fort.org\/cocina\/ninos-envueltos-de-carne\/ninos-envueltos\/\" data-orig-file=\"https:\/\/i0.wp.com\/le-fort.org\/cocina\/wp-content\/uploads\/2015\/02\/ninos-envueltos.jpg?fit=960%2C600&amp;ssl=1\" data-orig-size=\"960,600\" data-comments-opened=\"0\" data-image-meta=\"{&quot;aperture&quot;:&quot;0&quot;,&quot;credit&quot;:&quot;&quot;,&quot;camera&quot;:&quot;&quot;,&quot;caption&quot;:&quot;&quot;,&quot;created_timestamp&quot;:&quot;0&quot;,&quot;copyright&quot;:&quot;&quot;,&quot;focal_length&quot;:&quot;0&quot;,&quot;iso&quot;:&quot;0&quot;,&quot;shutter_speed&quot;:&quot;0&quot;,&quot;title&quot;:&quot;&quot;,&quot;orientation&quot;:&quot;0&quot;}\" data-image-title=\"ninos-envueltos\" data-image-description=\"\" data-image-caption=\"&lt;p&gt;Ni\u00f1os envueltos con Kartoffelkl\u00f6\u222be&lt;\/p&gt;\n\" data-large-file=\"https:\/\/i0.wp.com\/le-fort.org\/cocina\/wp-content\/uploads\/2015\/02\/ninos-envueltos.jpg?fit=960%2C600&amp;ssl=1\" class=\"wp-image-6099 size-full\" src=\"https:\/\/i0.wp.com\/www.le-fort.org\/wp-content\/uploads\/2015\/02\/ninos-envueltos.jpg?resize=960%2C600&#038;ssl=1\" alt=\"Ni\u00f1os envueltos con Kartoffelkl\u00f6\u222be\" width=\"960\" height=\"600\" srcset=\"https:\/\/i0.wp.com\/le-fort.org\/cocina\/wp-content\/uploads\/2015\/02\/ninos-envueltos.jpg?w=960&amp;ssl=1 960w, https:\/\/i0.wp.com\/le-fort.org\/cocina\/wp-content\/uploads\/2015\/02\/ninos-envueltos.jpg?resize=600%2C375&amp;ssl=1 600w\" sizes=\"auto, (max-width: 960px) 100vw, 960px\" \/><\/a><figcaption id=\"caption-attachment-6099\" class=\"wp-caption-text\">Ni\u00f1os envueltos con <em>Kartoffelkl\u00f6\u00dfe<\/em><\/figcaption><\/figure>\n<p>Este plato fue preparado por la mitad m\u00e1s bella\u00a0de nuestro equipo para una evaluaci\u00f3n de su curso de cocina en la Escuela Arte Chef.<!--more--><\/p>\n<h2>Los Ni\u00f1os Envueltos<\/h2>\n<p>Los ni\u00f1os envueltos se preparan con carne de res cortada para escalopa (o milanesa).\u00a0Estos est\u00e1n hechos con delgados filetes de Sal\u00f3n (corte Ecuatoriano), salpimentados y dejados reposar unos minutos.<\/p>\n<p>Necesitamos un trozo delgadito de carne de unos 20&#215;10 cm., una lonja de tocino y verduras a gusto.<\/p>\n<figure id=\"attachment_6100\" aria-describedby=\"caption-attachment-6100\" style=\"width: 960px\" class=\"wp-caption aligncenter\"><img data-recalc-dims=\"1\" loading=\"lazy\" decoding=\"async\" data-attachment-id=\"6100\" data-permalink=\"https:\/\/le-fort.org\/cocina\/ninos-envueltos-de-carne\/pre-enrollado\/\" data-orig-file=\"https:\/\/i0.wp.com\/le-fort.org\/cocina\/wp-content\/uploads\/2015\/02\/pre-enrollado.jpg?fit=960%2C600&amp;ssl=1\" data-orig-size=\"960,600\" data-comments-opened=\"0\" data-image-meta=\"{&quot;aperture&quot;:&quot;0&quot;,&quot;credit&quot;:&quot;&quot;,&quot;camera&quot;:&quot;&quot;,&quot;caption&quot;:&quot;&quot;,&quot;created_timestamp&quot;:&quot;0&quot;,&quot;copyright&quot;:&quot;&quot;,&quot;focal_length&quot;:&quot;0&quot;,&quot;iso&quot;:&quot;0&quot;,&quot;shutter_speed&quot;:&quot;0&quot;,&quot;title&quot;:&quot;&quot;,&quot;orientation&quot;:&quot;0&quot;}\" data-image-title=\"pre-enrollado\" data-image-description=\"\" data-image-caption=\"&lt;p&gt;Carne salpimentada, tocino, zanahoria y ceboll\u00edn, listos para enrollar&lt;\/p&gt;\n\" data-large-file=\"https:\/\/i0.wp.com\/le-fort.org\/cocina\/wp-content\/uploads\/2015\/02\/pre-enrollado.jpg?fit=960%2C600&amp;ssl=1\" class=\"size-full wp-image-6100\" src=\"https:\/\/i0.wp.com\/www.le-fort.org\/wp-content\/uploads\/2015\/02\/pre-enrollado.jpg?resize=960%2C600&#038;ssl=1\" alt=\"Carne salpimentada, tocino, zanahoria y ceboll\u00edn, listos para enrollar\" width=\"960\" height=\"600\" srcset=\"https:\/\/i0.wp.com\/le-fort.org\/cocina\/wp-content\/uploads\/2015\/02\/pre-enrollado.jpg?w=960&amp;ssl=1 960w, https:\/\/i0.wp.com\/le-fort.org\/cocina\/wp-content\/uploads\/2015\/02\/pre-enrollado.jpg?resize=600%2C375&amp;ssl=1 600w\" sizes=\"auto, (max-width: 960px) 100vw, 960px\" \/><figcaption id=\"caption-attachment-6100\" class=\"wp-caption-text\">Carne salpimentada, tocino, zanahoria y ceboll\u00edn, listos para enrollar<\/figcaption><\/figure>\n<p>Vamos enrollando cada uno y los dejamos en un plato, idealmente con el borde hacia abajo, para que no se abran.<\/p>\n<figure id=\"attachment_6101\" aria-describedby=\"caption-attachment-6101\" style=\"width: 960px\" class=\"wp-caption aligncenter\"><a href=\"https:\/\/i0.wp.com\/le-fort.org\/wp-content\/uploads\/2015\/02\/rollos.jpg?ssl=1\"><img data-recalc-dims=\"1\" loading=\"lazy\" decoding=\"async\" data-attachment-id=\"6101\" data-permalink=\"https:\/\/le-fort.org\/cocina\/ninos-envueltos-de-carne\/rollos-2\/\" data-orig-file=\"https:\/\/i0.wp.com\/le-fort.org\/cocina\/wp-content\/uploads\/2015\/02\/rollos.jpg?fit=960%2C600&amp;ssl=1\" data-orig-size=\"960,600\" data-comments-opened=\"0\" data-image-meta=\"{&quot;aperture&quot;:&quot;0&quot;,&quot;credit&quot;:&quot;&quot;,&quot;camera&quot;:&quot;&quot;,&quot;caption&quot;:&quot;&quot;,&quot;created_timestamp&quot;:&quot;0&quot;,&quot;copyright&quot;:&quot;&quot;,&quot;focal_length&quot;:&quot;0&quot;,&quot;iso&quot;:&quot;0&quot;,&quot;shutter_speed&quot;:&quot;0&quot;,&quot;title&quot;:&quot;&quot;,&quot;orientation&quot;:&quot;0&quot;}\" data-image-title=\"rollos\" data-image-description=\"\" data-image-caption=\"&lt;p&gt;Ni\u00f1os envueltos listos para amarrar&lt;\/p&gt;\n\" data-large-file=\"https:\/\/i0.wp.com\/le-fort.org\/cocina\/wp-content\/uploads\/2015\/02\/rollos.jpg?fit=960%2C600&amp;ssl=1\" class=\"size-full wp-image-6101\" src=\"https:\/\/i0.wp.com\/www.le-fort.org\/wp-content\/uploads\/2015\/02\/rollos.jpg?resize=960%2C600&#038;ssl=1\" alt=\"Ni\u00f1os envueltos listos para amarrar\" width=\"960\" height=\"600\" srcset=\"https:\/\/i0.wp.com\/le-fort.org\/cocina\/wp-content\/uploads\/2015\/02\/rollos.jpg?w=960&amp;ssl=1 960w, https:\/\/i0.wp.com\/le-fort.org\/cocina\/wp-content\/uploads\/2015\/02\/rollos.jpg?resize=600%2C375&amp;ssl=1 600w\" sizes=\"auto, (max-width: 960px) 100vw, 960px\" \/><\/a><figcaption id=\"caption-attachment-6101\" class=\"wp-caption-text\">Ni\u00f1os envueltos listos para amarrar<\/figcaption><\/figure>\n<p>Para amarrar los ni\u00f1os envueltos, les tenemos esta video explicaci\u00f3n:<\/p>\n<p><span class=\"embed-youtube\" style=\"text-align:center; display: block;\"><iframe loading=\"lazy\" class=\"youtube-player\" width=\"1200\" height=\"675\" src=\"https:\/\/www.youtube.com\/embed\/_fENZtENhGE?version=3&#038;rel=1&#038;showsearch=0&#038;showinfo=1&#038;iv_load_policy=1&#038;fs=1&#038;hl=es-CL&#038;autohide=2&#038;wmode=transparent\" allowfullscreen=\"true\" style=\"border:0;\" sandbox=\"allow-scripts allow-same-origin allow-popups allow-presentation allow-popups-to-escape-sandbox\"><\/iframe><\/span><\/p>\n<p>&nbsp;<\/p>\n<p>Una vez amarrados, es el momento de dorarlos en una sart\u00e9n con un poco de aceite bien caliente.<\/p>\n<figure id=\"attachment_6095\" aria-describedby=\"caption-attachment-6095\" style=\"width: 960px\" class=\"wp-caption aligncenter\"><img data-recalc-dims=\"1\" loading=\"lazy\" decoding=\"async\" data-attachment-id=\"6095\" data-permalink=\"https:\/\/le-fort.org\/cocina\/ninos-envueltos-de-carne\/dorando-3\/\" data-orig-file=\"https:\/\/i0.wp.com\/le-fort.org\/cocina\/wp-content\/uploads\/2015\/02\/dorando.jpg?fit=960%2C600&amp;ssl=1\" data-orig-size=\"960,600\" data-comments-opened=\"0\" data-image-meta=\"{&quot;aperture&quot;:&quot;0&quot;,&quot;credit&quot;:&quot;&quot;,&quot;camera&quot;:&quot;&quot;,&quot;caption&quot;:&quot;&quot;,&quot;created_timestamp&quot;:&quot;0&quot;,&quot;copyright&quot;:&quot;&quot;,&quot;focal_length&quot;:&quot;0&quot;,&quot;iso&quot;:&quot;0&quot;,&quot;shutter_speed&quot;:&quot;0&quot;,&quot;title&quot;:&quot;&quot;,&quot;orientation&quot;:&quot;0&quot;}\" data-image-title=\"dorando\" data-image-description=\"\" data-image-caption=\"&lt;p&gt;Ni\u00f1os envueltos en proceso de dorado&lt;\/p&gt;\n\" data-large-file=\"https:\/\/i0.wp.com\/le-fort.org\/cocina\/wp-content\/uploads\/2015\/02\/dorando.jpg?fit=960%2C600&amp;ssl=1\" class=\"size-full wp-image-6095\" src=\"https:\/\/i0.wp.com\/www.le-fort.org\/wp-content\/uploads\/2015\/02\/dorando.jpg?resize=960%2C600&#038;ssl=1\" alt=\"Ni\u00f1os envueltos en proceso de dorado\" width=\"960\" height=\"600\" srcset=\"https:\/\/i0.wp.com\/le-fort.org\/cocina\/wp-content\/uploads\/2015\/02\/dorando.jpg?w=960&amp;ssl=1 960w, https:\/\/i0.wp.com\/le-fort.org\/cocina\/wp-content\/uploads\/2015\/02\/dorando.jpg?resize=600%2C375&amp;ssl=1 600w\" sizes=\"auto, (max-width: 960px) 100vw, 960px\" \/><figcaption id=\"caption-attachment-6095\" class=\"wp-caption-text\">Ni\u00f1os envueltos en proceso de dorado<\/figcaption><\/figure>\n<p>Una vez dorados, se van a la olla a presi\u00f3n con cebolla picada grueso, zanahoria en trozos, un poco de apio y lo que dicte el entendimiento. Cubrir los ni\u00f1os envueltos con vino blanco y cocer en la olla a presi\u00f3n 20 minutos. Dejar enfriar un poco en la misma olla.<\/p>\n<p>Sacamos los ni\u00f1os envueltos y cortamos el cordel, cuidando de no dejar trozos de cordel.<\/p>\n<p>Licuamos\u00a0lo que qued\u00f3 del l\u00edquido de cocci\u00f3n con las verduras y reducimos para hacer una salsa. Si se desea se le puede dar un toque de harina para espesar, o de crema. Corregir sal y condimentos.<\/p>\n<p>Para armar el plato, volvemos a dorar los ni\u00f1os envueltos en una sart\u00e9n con un poco de aceite y servimos con la salsa y alg\u00fan acompa\u00f1amiento como arroz, papas, o como en este caso, con <em>Kartoffelkl\u00f6\u00dfe<\/em>, una especie de alb\u00f3ndigas de masa de origen alem\u00e1n, que son primos de los \u00f1oquis.<\/p>\n<figure id=\"attachment_6096\" aria-describedby=\"caption-attachment-6096\" style=\"width: 960px\" class=\"wp-caption aligncenter\"><a href=\"https:\/\/i0.wp.com\/le-fort.org\/wp-content\/uploads\/2015\/02\/klose.jpg?ssl=1\"><img data-recalc-dims=\"1\" loading=\"lazy\" decoding=\"async\" data-attachment-id=\"6096\" data-permalink=\"https:\/\/le-fort.org\/cocina\/ninos-envueltos-de-carne\/klose\/\" data-orig-file=\"https:\/\/i0.wp.com\/le-fort.org\/cocina\/wp-content\/uploads\/2015\/02\/klose.jpg?fit=960%2C600&amp;ssl=1\" data-orig-size=\"960,600\" data-comments-opened=\"0\" data-image-meta=\"{&quot;aperture&quot;:&quot;0&quot;,&quot;credit&quot;:&quot;&quot;,&quot;camera&quot;:&quot;&quot;,&quot;caption&quot;:&quot;&quot;,&quot;created_timestamp&quot;:&quot;0&quot;,&quot;copyright&quot;:&quot;&quot;,&quot;focal_length&quot;:&quot;0&quot;,&quot;iso&quot;:&quot;0&quot;,&quot;shutter_speed&quot;:&quot;0&quot;,&quot;title&quot;:&quot;&quot;,&quot;orientation&quot;:&quot;0&quot;}\" data-image-title=\"klose\" data-image-description=\"\" data-image-caption=\"&lt;p&gt;Kartoffelkl\u00f6\u00dfe listos para cocer. Son s\u00faper parecidos a los \u00f1oquis&lt;\/p&gt;\n\" data-large-file=\"https:\/\/i0.wp.com\/le-fort.org\/cocina\/wp-content\/uploads\/2015\/02\/klose.jpg?fit=960%2C600&amp;ssl=1\" class=\"size-full wp-image-6096\" src=\"https:\/\/i0.wp.com\/www.le-fort.org\/wp-content\/uploads\/2015\/02\/klose.jpg?resize=960%2C600&#038;ssl=1\" alt=\"Kartoffelkl\u00f6\u00dfe listos para cocer. Son s\u00faper parecidos a los \u00f1oquis\" width=\"960\" height=\"600\" srcset=\"https:\/\/i0.wp.com\/le-fort.org\/cocina\/wp-content\/uploads\/2015\/02\/klose.jpg?w=960&amp;ssl=1 960w, https:\/\/i0.wp.com\/le-fort.org\/cocina\/wp-content\/uploads\/2015\/02\/klose.jpg?resize=600%2C375&amp;ssl=1 600w\" sizes=\"auto, (max-width: 960px) 100vw, 960px\" \/><\/a><figcaption id=\"caption-attachment-6096\" class=\"wp-caption-text\">Kartoffelkl\u00f6\u00dfe listos para cocer. Son s\u00faper parecidos a los \u00f1oquis<\/figcaption><\/figure>\n<p>El plato est\u00e1 armado para presentar en clases de cocina, por eso est\u00e1 tan elegante \ud83d\ude42<\/p>\n<figure id=\"attachment_6097\" aria-describedby=\"caption-attachment-6097\" style=\"width: 960px\" class=\"wp-caption aligncenter\"><a href=\"https:\/\/i0.wp.com\/le-fort.org\/wp-content\/uploads\/2015\/02\/ninos-envueltos-2.jpg?ssl=1\"><img data-recalc-dims=\"1\" loading=\"lazy\" decoding=\"async\" data-attachment-id=\"6097\" data-permalink=\"https:\/\/le-fort.org\/cocina\/ninos-envueltos-de-carne\/ninos-envueltos-2\/\" data-orig-file=\"https:\/\/i0.wp.com\/le-fort.org\/cocina\/wp-content\/uploads\/2015\/02\/ninos-envueltos-2.jpg?fit=960%2C600&amp;ssl=1\" data-orig-size=\"960,600\" data-comments-opened=\"0\" data-image-meta=\"{&quot;aperture&quot;:&quot;0&quot;,&quot;credit&quot;:&quot;&quot;,&quot;camera&quot;:&quot;&quot;,&quot;caption&quot;:&quot;&quot;,&quot;created_timestamp&quot;:&quot;0&quot;,&quot;copyright&quot;:&quot;&quot;,&quot;focal_length&quot;:&quot;0&quot;,&quot;iso&quot;:&quot;0&quot;,&quot;shutter_speed&quot;:&quot;0&quot;,&quot;title&quot;:&quot;&quot;,&quot;orientation&quot;:&quot;0&quot;}\" data-image-title=\"Ni\u00f1os Envueltos\" data-image-description=\"\" data-image-caption=\"&lt;p&gt;El plato listo&lt;\/p&gt;\n\" data-large-file=\"https:\/\/i0.wp.com\/le-fort.org\/cocina\/wp-content\/uploads\/2015\/02\/ninos-envueltos-2.jpg?fit=960%2C600&amp;ssl=1\" class=\"size-full wp-image-6097\" src=\"https:\/\/i0.wp.com\/www.le-fort.org\/wp-content\/uploads\/2015\/02\/ninos-envueltos-2.jpg?resize=960%2C600&#038;ssl=1\" alt=\"El plato listo\" width=\"960\" height=\"600\" srcset=\"https:\/\/i0.wp.com\/le-fort.org\/cocina\/wp-content\/uploads\/2015\/02\/ninos-envueltos-2.jpg?w=960&amp;ssl=1 960w, https:\/\/i0.wp.com\/le-fort.org\/cocina\/wp-content\/uploads\/2015\/02\/ninos-envueltos-2.jpg?resize=600%2C375&amp;ssl=1 600w\" sizes=\"auto, (max-width: 960px) 100vw, 960px\" \/><\/a><figcaption id=\"caption-attachment-6097\" class=\"wp-caption-text\">El plato listo<\/figcaption><\/figure>\n<p>A nosotros nos encant\u00f3, y al parecer le fue bien a la mitad m\u00e1s agradable de nuestro equipo en su clase.<\/p>\n<p>[fin]<\/p>\n","protected":false},"excerpt":{"rendered":"<p>Receta de Ni\u00f1os Envueltos, en versi\u00f3n italoargentina, con carne de milanesa, tocino y verduras.<\/p>\n","protected":false},"author":1,"featured_media":6098,"comment_status":"open","ping_status":"closed","sticky":false,"template":"","format":"standard","meta":{"_jetpack_newsletter_access":"","_jetpack_dont_email_post_to_subs":false,"_jetpack_newsletter_tier_id":0,"_jetpack_memberships_contains_paywalled_content":false,"_jetpack_memberships_contains_paid_content":false,"footnotes":""},"categories":[2],"tags":[228,114,264,70,248],"class_list":["post-6094","post","type-post","status-publish","format-standard","has-post-thumbnail","hentry","category-recetas","tag-carne","tag-comida-alemana","tag-comida-argentina","tag-comida-italiana","tag-escuela-de-alta-cocina-arte-chef","entry","has-media"],"jetpack_featured_media_url":"https:\/\/i0.wp.com\/le-fort.org\/cocina\/wp-content\/uploads\/2015\/02\/ninos-envueltos-hd.jpg?fit=1200%2C400&ssl=1","jetpack_shortlink":"https:\/\/wp.me\/pghKer-1Ai","jetpack_sharing_enabled":true,"jetpack-related-posts":[{"id":11607,"url":"https:\/\/le-fort.org\/cocina\/mini-chef-kids-2015\/","url_meta":{"origin":6094,"position":0},"title":"Mini Chef KIDS 2015","author":"Le-Fort.org","date":"5 de Abril, 2015","format":false,"excerpt":"Trabajamos como parte de la Escuela de Alta Cocina Arte Chef en un vacacional para ni\u00f1os llamado Mini Chef KIDS. Fue un \u00e9xito. El objetivo es acercar a los ni\u00f1os a la cocina desde una forma l\u00fadica y ense\u00f1arles rudimentos de inocuidad alimentaria y nutrici\u00f3n, adem\u00e1s de potenciar su autosuficiencia\u2026","rel":"","context":"En &quot;Educaci\u00f3n&quot;","block_context":{"text":"Educaci\u00f3n","link":"https:\/\/le-fort.org\/cocina\/categoria\/educacion\/"},"img":{"alt_text":"","src":"https:\/\/i0.wp.com\/le-fort.org\/cocina\/wp-content\/uploads\/2018\/01\/kids-inicio-hd.jpg?fit=1200%2C400&ssl=1&resize=350%2C200","width":350,"height":200,"srcset":"https:\/\/i0.wp.com\/le-fort.org\/cocina\/wp-content\/uploads\/2018\/01\/kids-inicio-hd.jpg?fit=1200%2C400&ssl=1&resize=350%2C200 1x, https:\/\/i0.wp.com\/le-fort.org\/cocina\/wp-content\/uploads\/2018\/01\/kids-inicio-hd.jpg?fit=1200%2C400&ssl=1&resize=525%2C300 1.5x, https:\/\/i0.wp.com\/le-fort.org\/cocina\/wp-content\/uploads\/2018\/01\/kids-inicio-hd.jpg?fit=1200%2C400&ssl=1&resize=700%2C400 2x, https:\/\/i0.wp.com\/le-fort.org\/cocina\/wp-content\/uploads\/2018\/01\/kids-inicio-hd.jpg?fit=1200%2C400&ssl=1&resize=1050%2C600 3x"},"classes":[]},{"id":13402,"url":"https:\/\/le-fort.org\/cocina\/historia-hamburguesa\/","url_meta":{"origin":6094,"position":1},"title":"Historia y Mitolog\u00eda de la Hamburguesa","author":"Le-Fort.org","date":"2 de Noviembre, 2018","format":false,"excerpt":"Historia de la hamburguesa: desde Asia Central hasta tu plato.","rel":"","context":"En &quot;Sandwich&quot;","block_context":{"text":"Sandwich","link":"https:\/\/le-fort.org\/cocina\/categoria\/sandwich\/"},"img":{"alt_text":"","src":"https:\/\/i0.wp.com\/le-fort.org\/cocina\/wp-content\/uploads\/2015\/10\/cheeseburger-hd.jpg?fit=1200%2C400&ssl=1&resize=350%2C200","width":350,"height":200,"srcset":"https:\/\/i0.wp.com\/le-fort.org\/cocina\/wp-content\/uploads\/2015\/10\/cheeseburger-hd.jpg?fit=1200%2C400&ssl=1&resize=350%2C200 1x, https:\/\/i0.wp.com\/le-fort.org\/cocina\/wp-content\/uploads\/2015\/10\/cheeseburger-hd.jpg?fit=1200%2C400&ssl=1&resize=525%2C300 1.5x, https:\/\/i0.wp.com\/le-fort.org\/cocina\/wp-content\/uploads\/2015\/10\/cheeseburger-hd.jpg?fit=1200%2C400&ssl=1&resize=700%2C400 2x, https:\/\/i0.wp.com\/le-fort.org\/cocina\/wp-content\/uploads\/2015\/10\/cheeseburger-hd.jpg?fit=1200%2C400&ssl=1&resize=1050%2C600 3x"},"classes":[]},{"id":7408,"url":"https:\/\/le-fort.org\/cocina\/danger-dog-salchichas-tocino\/","url_meta":{"origin":6094,"position":2},"title":"Danger Dogs &#8211; Salchichas envueltas en Tocino","author":"Le-Fort.org","date":"26 de Enero, 2016","format":false,"excerpt":"Receta de danger dogs: hot-dogs con la salchicha cubierta con una l\u00e1mina de tocino. Se recomienda utilizar aderezos y salsas frutales.","rel":"","context":"En &quot;Hot-Dogs&quot;","block_context":{"text":"Hot-Dogs","link":"https:\/\/le-fort.org\/cocina\/categoria\/hot-dogs\/"},"img":{"alt_text":"","src":"https:\/\/i0.wp.com\/le-fort.org\/cocina\/wp-content\/uploads\/2016\/01\/danger-dogs-hd.jpg?fit=1200%2C400&ssl=1&resize=350%2C200","width":350,"height":200,"srcset":"https:\/\/i0.wp.com\/le-fort.org\/cocina\/wp-content\/uploads\/2016\/01\/danger-dogs-hd.jpg?fit=1200%2C400&ssl=1&resize=350%2C200 1x, https:\/\/i0.wp.com\/le-fort.org\/cocina\/wp-content\/uploads\/2016\/01\/danger-dogs-hd.jpg?fit=1200%2C400&ssl=1&resize=525%2C300 1.5x, https:\/\/i0.wp.com\/le-fort.org\/cocina\/wp-content\/uploads\/2016\/01\/danger-dogs-hd.jpg?fit=1200%2C400&ssl=1&resize=700%2C400 2x, https:\/\/i0.wp.com\/le-fort.org\/cocina\/wp-content\/uploads\/2016\/01\/danger-dogs-hd.jpg?fit=1200%2C400&ssl=1&resize=1050%2C600 3x"},"classes":[]},{"id":834,"url":"https:\/\/le-fort.org\/cocina\/receta-de-samosas-vegetarianas\/","url_meta":{"origin":6094,"position":3},"title":"Samosas Vegetarianas","author":"Le-Fort.org","date":"14 de Agosto, 2011","format":false,"excerpt":"Receta de samosas vegetarianas. Empanaditas de la cocina india rellenas de papas, arvejas, y pasas.","rel":"","context":"En &quot;Comida&quot;","block_context":{"text":"Comida","link":"https:\/\/le-fort.org\/cocina\/categoria\/cocina-comida\/"},"img":{"alt_text":"","src":"https:\/\/i0.wp.com\/le-fort.org\/cocina\/wp-content\/uploads\/2011\/08\/samosas-hd.jpg?fit=1200%2C400&ssl=1&resize=350%2C200","width":350,"height":200,"srcset":"https:\/\/i0.wp.com\/le-fort.org\/cocina\/wp-content\/uploads\/2011\/08\/samosas-hd.jpg?fit=1200%2C400&ssl=1&resize=350%2C200 1x, https:\/\/i0.wp.com\/le-fort.org\/cocina\/wp-content\/uploads\/2011\/08\/samosas-hd.jpg?fit=1200%2C400&ssl=1&resize=525%2C300 1.5x, https:\/\/i0.wp.com\/le-fort.org\/cocina\/wp-content\/uploads\/2011\/08\/samosas-hd.jpg?fit=1200%2C400&ssl=1&resize=700%2C400 2x, https:\/\/i0.wp.com\/le-fort.org\/cocina\/wp-content\/uploads\/2011\/08\/samosas-hd.jpg?fit=1200%2C400&ssl=1&resize=1050%2C600 3x"},"classes":[]},{"id":6991,"url":"https:\/\/le-fort.org\/cocina\/5-salsas-clasicas-para-pasta\/","url_meta":{"origin":6094,"position":4},"title":"5 Salsas Cl\u00e1sicas para Pasta","author":"Le-Fort.org","date":"24 de Noviembre, 2015","format":false,"excerpt":"Estas 5 Salsas para pasta son lo que todos deber\u00edamos conocer cuando tengamos que cocinar tallarines para nosotros, nuestra familia o nuestros amigos.","rel":"","context":"En &quot;Recetas&quot;","block_context":{"text":"Recetas","link":"https:\/\/le-fort.org\/cocina\/categoria\/recetas\/"},"img":{"alt_text":"","src":"https:\/\/i0.wp.com\/le-fort.org\/cocina\/wp-content\/uploads\/2015\/11\/5-salsas-hd.jpg?fit=1200%2C400&ssl=1&resize=350%2C200","width":350,"height":200,"srcset":"https:\/\/i0.wp.com\/le-fort.org\/cocina\/wp-content\/uploads\/2015\/11\/5-salsas-hd.jpg?fit=1200%2C400&ssl=1&resize=350%2C200 1x, https:\/\/i0.wp.com\/le-fort.org\/cocina\/wp-content\/uploads\/2015\/11\/5-salsas-hd.jpg?fit=1200%2C400&ssl=1&resize=525%2C300 1.5x, https:\/\/i0.wp.com\/le-fort.org\/cocina\/wp-content\/uploads\/2015\/11\/5-salsas-hd.jpg?fit=1200%2C400&ssl=1&resize=700%2C400 2x, https:\/\/i0.wp.com\/le-fort.org\/cocina\/wp-content\/uploads\/2015\/11\/5-salsas-hd.jpg?fit=1200%2C400&ssl=1&resize=1050%2C600 3x"},"classes":[]},{"id":1257,"url":"https:\/\/le-fort.org\/cocina\/chaparrita-ni-empanada-ni-sanguche\/","url_meta":{"origin":6094,"position":5},"title":"Chaparrita: Ni Empanada ni S\u00e1nguche","author":"Maestro Sanguchero","date":"27 de Agosto, 2013","format":false,"excerpt":"La chaparrita es un hot-dog que consta s\u00f3lo de queso adem\u00e1s de la salchicha. Es una adaptaci\u00f3n de la chaparrita, que consiste en salchicha y queso envuelta en masa y horneada.","rel":"","context":"En &quot;Hot-Dogs&quot;","block_context":{"text":"Hot-Dogs","link":"https:\/\/le-fort.org\/cocina\/categoria\/hot-dogs\/"},"img":{"alt_text":"","src":"https:\/\/i0.wp.com\/le-fort.org\/cocina\/wp-content\/uploads\/2017\/12\/chaparrita-hd.jpg?fit=1200%2C400&ssl=1&resize=350%2C200","width":350,"height":200,"srcset":"https:\/\/i0.wp.com\/le-fort.org\/cocina\/wp-content\/uploads\/2017\/12\/chaparrita-hd.jpg?fit=1200%2C400&ssl=1&resize=350%2C200 1x, https:\/\/i0.wp.com\/le-fort.org\/cocina\/wp-content\/uploads\/2017\/12\/chaparrita-hd.jpg?fit=1200%2C400&ssl=1&resize=525%2C300 1.5x, https:\/\/i0.wp.com\/le-fort.org\/cocina\/wp-content\/uploads\/2017\/12\/chaparrita-hd.jpg?fit=1200%2C400&ssl=1&resize=700%2C400 2x, https:\/\/i0.wp.com\/le-fort.org\/cocina\/wp-content\/uploads\/2017\/12\/chaparrita-hd.jpg?fit=1200%2C400&ssl=1&resize=1050%2C600 3x"},"classes":[]}],"_links":{"self":[{"href":"https:\/\/le-fort.org\/cocina\/wp-json\/wp\/v2\/posts\/6094","targetHints":{"allow":["GET"]}}],"collection":[{"href":"https:\/\/le-fort.org\/cocina\/wp-json\/wp\/v2\/posts"}],"about":[{"href":"https:\/\/le-fort.org\/cocina\/wp-json\/wp\/v2\/types\/post"}],"author":[{"embeddable":true,"href":"https:\/\/le-fort.org\/cocina\/wp-json\/wp\/v2\/users\/1"}],"replies":[{"embeddable":true,"href":"https:\/\/le-fort.org\/cocina\/wp-json\/wp\/v2\/comments?post=6094"}],"version-history":[{"count":1,"href":"https:\/\/le-fort.org\/cocina\/wp-json\/wp\/v2\/posts\/6094\/revisions"}],"predecessor-version":[{"id":16203,"href":"https:\/\/le-fort.org\/cocina\/wp-json\/wp\/v2\/posts\/6094\/revisions\/16203"}],"wp:featuredmedia":[{"embeddable":true,"href":"https:\/\/le-fort.org\/cocina\/wp-json\/wp\/v2\/media\/6098"}],"wp:attachment":[{"href":"https:\/\/le-fort.org\/cocina\/wp-json\/wp\/v2\/media?parent=6094"}],"wp:term":[{"taxonomy":"category","embeddable":true,"href":"https:\/\/le-fort.org\/cocina\/wp-json\/wp\/v2\/categories?post=6094"},{"taxonomy":"post_tag","embeddable":true,"href":"https:\/\/le-fort.org\/cocina\/wp-json\/wp\/v2\/tags?post=6094"}],"curies":[{"name":"wp","href":"https:\/\/api.w.org\/{rel}","templated":true}]}}