{"id":61,"date":"2011-07-23T00:34:43","date_gmt":"2011-07-23T04:34:43","guid":{"rendered":"http:\/\/www.duarte.cl\/?p=61"},"modified":"2021-12-07T21:27:03","modified_gmt":"2021-12-08T02:27:03","slug":"receta-de-pie-de-limon-sin-horno","status":"publish","type":"post","link":"https:\/\/le-fort.org\/cocina\/receta-de-pie-de-limon-sin-horno\/","title":{"rendered":"Receta de Pie de Lim\u00f3n sin horno"},"content":{"rendered":"<p>Preparamos un pie de lim\u00f3n sin horno.<\/p>\n<p><a href=\"https:\/\/i0.wp.com\/le-fort.org\/wp-content\/uploads\/2011\/07\/trozo.jpg?ssl=1\"><img data-recalc-dims=\"1\" loading=\"lazy\" decoding=\"async\" data-attachment-id=\"4101\" data-permalink=\"https:\/\/le-fort.org\/cocina\/receta-de-pie-de-limon-sin-horno\/trozo\/\" data-orig-file=\"https:\/\/i0.wp.com\/le-fort.org\/cocina\/wp-content\/uploads\/2011\/07\/trozo.jpg?fit=620%2C350&amp;ssl=1\" data-orig-size=\"620,350\" data-comments-opened=\"0\" data-image-meta=\"{&quot;aperture&quot;:&quot;0&quot;,&quot;credit&quot;:&quot;&quot;,&quot;camera&quot;:&quot;&quot;,&quot;caption&quot;:&quot;&quot;,&quot;created_timestamp&quot;:&quot;0&quot;,&quot;copyright&quot;:&quot;&quot;,&quot;focal_length&quot;:&quot;0&quot;,&quot;iso&quot;:&quot;0&quot;,&quot;shutter_speed&quot;:&quot;0&quot;,&quot;title&quot;:&quot;&quot;,&quot;orientation&quot;:&quot;0&quot;}\" data-image-title=\"trozo\" data-image-description=\"\" data-image-caption=\"\" data-large-file=\"https:\/\/i0.wp.com\/le-fort.org\/cocina\/wp-content\/uploads\/2011\/07\/trozo.jpg?fit=620%2C350&amp;ssl=1\" class=\"aligncenter size-full wp-image-4101\" src=\"https:\/\/i0.wp.com\/www.le-fort.org\/wp-content\/uploads\/2011\/07\/trozo.jpg?resize=620%2C350&#038;ssl=1\" alt=\"trozo\" width=\"620\" height=\"350\" srcset=\"https:\/\/i0.wp.com\/le-fort.org\/cocina\/wp-content\/uploads\/2011\/07\/trozo.jpg?w=620&amp;ssl=1 620w, https:\/\/i0.wp.com\/le-fort.org\/cocina\/wp-content\/uploads\/2011\/07\/trozo.jpg?resize=600%2C339&amp;ssl=1 600w\" sizes=\"auto, (max-width: 620px) 100vw, 620px\" \/><\/a><\/p>\n<p>&nbsp;<\/p>\n<p>&nbsp;<\/p>\n<p><!--more--><\/p>\n<p>Es m\u00e1s r\u00e1pido que hacer uno horneado, pero mucho depende de la estabilidad del relleno. Veamos c\u00f3mo se prepara.<\/p>\n<p>[wp_ad_camp_1]<\/p>\n<p><a href=\"https:\/\/www.le-fort.org\/pie-de-limon\/?src=inner\"><img data-recalc-dims=\"1\" loading=\"lazy\" decoding=\"async\" data-attachment-id=\"5550\" data-permalink=\"https:\/\/le-fort.org\/cocina\/pie-de-limon-con-lemon-curd\/pie-limon-curd-agar-hd\/\" data-orig-file=\"https:\/\/i0.wp.com\/le-fort.org\/cocina\/wp-content\/uploads\/2014\/07\/pie-limon-curd-agar-hd.jpg?fit=1200%2C400&amp;ssl=1\" data-orig-size=\"1200,400\" data-comments-opened=\"0\" data-image-meta=\"{&quot;aperture&quot;:&quot;0&quot;,&quot;credit&quot;:&quot;&quot;,&quot;camera&quot;:&quot;&quot;,&quot;caption&quot;:&quot;&quot;,&quot;created_timestamp&quot;:&quot;0&quot;,&quot;copyright&quot;:&quot;&quot;,&quot;focal_length&quot;:&quot;0&quot;,&quot;iso&quot;:&quot;0&quot;,&quot;shutter_speed&quot;:&quot;0&quot;,&quot;title&quot;:&quot;&quot;,&quot;orientation&quot;:&quot;0&quot;}\" data-image-title=\"pie-limon-curd-agar-hd\" data-image-description=\"\" data-image-caption=\"\" data-large-file=\"https:\/\/i0.wp.com\/le-fort.org\/cocina\/wp-content\/uploads\/2014\/07\/pie-limon-curd-agar-hd.jpg?fit=1200%2C400&amp;ssl=1\" class=\"aligncenter size-medium wp-image-5550\" src=\"https:\/\/i0.wp.com\/www.le-fort.org\/wp-content\/uploads\/2014\/07\/pie-limon-curd-agar-hd-600x200.jpg?resize=600%2C200&#038;ssl=1\" alt=\"pie-limon-curd-agar-hd\" width=\"600\" height=\"200\" srcset=\"https:\/\/i0.wp.com\/le-fort.org\/cocina\/wp-content\/uploads\/2014\/07\/pie-limon-curd-agar-hd.jpg?resize=600%2C200&amp;ssl=1 600w, https:\/\/i0.wp.com\/le-fort.org\/cocina\/wp-content\/uploads\/2014\/07\/pie-limon-curd-agar-hd.jpg?w=1200&amp;ssl=1 1200w\" sizes=\"auto, (max-width: 600px) 100vw, 600px\" \/><\/a><\/p>\n<p style=\"text-align: center;\"><a href=\"https:\/\/le-fort.org\/pie-de-limon\">M\u00e1s pie de lim\u00f3n<\/a><\/p>\n<h2>Ingredientes<\/h2>\n<h3>Para la &#8220;masa&#8221; del pie de lim\u00f3n<\/h3>\n<ul>\n<li>200 grs. de galletas de vainilla, molidas<\/li>\n<li>50 grs. de mantequilla, o si no queda otra, margarina.<\/li>\n<\/ul>\n<h3>Para el relleno del pie de lim\u00f3n<\/h3>\n<ul>\n<li>Dos tarros de leche condensada<\/li>\n<li>3\/4 taza de jugo de lim\u00f3n, idealmente de pica.<\/li>\n<li>Ralladura de un lim\u00f3n, teniendo cuidado de incorporar la menor cantidad posible de parte blanca de la c\u00e1scara, ya que da un gusto amargo.<\/li>\n<li>15gr de gelatina sin sabor disueltos en 50ml de agua<\/li>\n<\/ul>\n<h3>Para el merengue<\/h3>\n<ul>\n<li>3 claras<\/li>\n<li>180gr de az\u00facar flor<\/li>\n<li>una pizca de sal<\/li>\n<\/ul>\n<p><span class=\"embed-youtube\" style=\"text-align:center; display: block;\"><iframe loading=\"lazy\" class=\"youtube-player\" width=\"1200\" height=\"675\" src=\"https:\/\/www.youtube.com\/embed\/rkeDM9b1KDI?version=3&#038;rel=1&#038;showsearch=0&#038;showinfo=1&#038;iv_load_policy=1&#038;fs=1&#038;hl=es-CL&#038;autohide=2&#038;wmode=transparent\" allowfullscreen=\"true\" style=\"border:0;\" sandbox=\"allow-scripts allow-same-origin allow-popups allow-presentation allow-popups-to-escape-sandbox\"><\/iframe><\/span><\/p>\n<p style=\"text-align: center;\">El video de arriba muestra la preparaci\u00f3n del merengue franc\u00e9s.<\/p>\n<h2>Preparaci\u00f3n<\/h2>\n<h3><img data-recalc-dims=\"1\" loading=\"lazy\" decoding=\"async\" data-attachment-id=\"3953\" data-permalink=\"https:\/\/le-fort.org\/cocina\/receta-de-pie-de-limon-sin-horno\/277570_2202821671171_1266210441_2642794_6961030_o-300x200\/\" data-orig-file=\"https:\/\/i0.wp.com\/le-fort.org\/cocina\/wp-content\/uploads\/2011\/07\/277570_2202821671171_1266210441_2642794_6961030_o-300x200.jpg?fit=300%2C200&amp;ssl=1\" data-orig-size=\"300,200\" data-comments-opened=\"0\" data-image-meta=\"{&quot;aperture&quot;:&quot;0&quot;,&quot;credit&quot;:&quot;&quot;,&quot;camera&quot;:&quot;&quot;,&quot;caption&quot;:&quot;&quot;,&quot;created_timestamp&quot;:&quot;0&quot;,&quot;copyright&quot;:&quot;&quot;,&quot;focal_length&quot;:&quot;0&quot;,&quot;iso&quot;:&quot;0&quot;,&quot;shutter_speed&quot;:&quot;0&quot;,&quot;title&quot;:&quot;&quot;,&quot;orientation&quot;:&quot;0&quot;}\" data-image-title=\"Masa\" data-image-description=\"\" data-image-caption=\"\" data-large-file=\"https:\/\/i0.wp.com\/le-fort.org\/cocina\/wp-content\/uploads\/2011\/07\/277570_2202821671171_1266210441_2642794_6961030_o-300x200.jpg?fit=300%2C200&amp;ssl=1\" class=\"alignright size-full wp-image-3953\" src=\"https:\/\/i0.wp.com\/www.le-fort.org\/wp-content\/uploads\/2011\/07\/277570_2202821671171_1266210441_2642794_6961030_o-300x200.jpg?resize=300%2C200&#038;ssl=1\" alt=\"Masa\" width=\"300\" height=\"200\" \/> La masa<\/h3>\n<p><span style=\"line-height: 1.714285714; font-size: 1rem;\">Para la &#8220;masa&#8221; del pie, molemos las galletas lo m\u00e1s finamente posible. Luego las mezclamos con la mantequilla, asegur\u00e1ndonos de tener una mezcla lo m\u00e1s homog\u00e9nea posible, y que al apretarla retenga su forma.<\/span><br \/>\nCon esta masa cubrimos el interior de un molde de di\u00e1metro adecuado, y si tenemos tiempo lo ponemos en el refrigerador hasta que la mantequilla se solidifique.<\/p>\n<figure id=\"attachment_4092\" aria-describedby=\"caption-attachment-4092\" style=\"width: 620px\" class=\"wp-caption aligncenter\"><img data-recalc-dims=\"1\" loading=\"lazy\" decoding=\"async\" data-attachment-id=\"4092\" data-permalink=\"https:\/\/le-fort.org\/cocina\/receta-de-pie-de-limon-sin-horno\/galleta-molida\/\" data-orig-file=\"https:\/\/i0.wp.com\/le-fort.org\/cocina\/wp-content\/uploads\/2011\/07\/galleta-molida.jpg?fit=620%2C350&amp;ssl=1\" data-orig-size=\"620,350\" data-comments-opened=\"0\" data-image-meta=\"{&quot;aperture&quot;:&quot;0&quot;,&quot;credit&quot;:&quot;&quot;,&quot;camera&quot;:&quot;&quot;,&quot;caption&quot;:&quot;&quot;,&quot;created_timestamp&quot;:&quot;0&quot;,&quot;copyright&quot;:&quot;&quot;,&quot;focal_length&quot;:&quot;0&quot;,&quot;iso&quot;:&quot;0&quot;,&quot;shutter_speed&quot;:&quot;0&quot;,&quot;title&quot;:&quot;&quot;,&quot;orientation&quot;:&quot;0&quot;}\" data-image-title=\"galleta-molida\" data-image-description=\"\" data-image-caption=\"&lt;p&gt;Galletas molidas&lt;\/p&gt;\n\" data-large-file=\"https:\/\/i0.wp.com\/le-fort.org\/cocina\/wp-content\/uploads\/2011\/07\/galleta-molida.jpg?fit=620%2C350&amp;ssl=1\" class=\"size-full wp-image-4092\" src=\"https:\/\/i0.wp.com\/www.le-fort.org\/wp-content\/uploads\/2011\/07\/galleta-molida.jpg?resize=620%2C350&#038;ssl=1\" alt=\"Galletas molidas\" width=\"620\" height=\"350\" srcset=\"https:\/\/i0.wp.com\/le-fort.org\/cocina\/wp-content\/uploads\/2011\/07\/galleta-molida.jpg?w=620&amp;ssl=1 620w, https:\/\/i0.wp.com\/le-fort.org\/cocina\/wp-content\/uploads\/2011\/07\/galleta-molida.jpg?resize=600%2C339&amp;ssl=1 600w\" sizes=\"auto, (max-width: 620px) 100vw, 620px\" \/><figcaption id=\"caption-attachment-4092\" class=\"wp-caption-text\">Galletas molidas<\/figcaption><\/figure>\n<figure id=\"attachment_4093\" aria-describedby=\"caption-attachment-4093\" style=\"width: 620px\" class=\"wp-caption aligncenter\"><a href=\"https:\/\/i0.wp.com\/le-fort.org\/wp-content\/uploads\/2011\/07\/galleta-y-mantequilla.jpg?ssl=1\"><img data-recalc-dims=\"1\" loading=\"lazy\" decoding=\"async\" data-attachment-id=\"4093\" data-permalink=\"https:\/\/le-fort.org\/cocina\/receta-de-pie-de-limon-sin-horno\/galleta-y-mantequilla\/\" data-orig-file=\"https:\/\/i0.wp.com\/le-fort.org\/cocina\/wp-content\/uploads\/2011\/07\/galleta-y-mantequilla.jpg?fit=620%2C350&amp;ssl=1\" data-orig-size=\"620,350\" data-comments-opened=\"0\" data-image-meta=\"{&quot;aperture&quot;:&quot;0&quot;,&quot;credit&quot;:&quot;&quot;,&quot;camera&quot;:&quot;&quot;,&quot;caption&quot;:&quot;&quot;,&quot;created_timestamp&quot;:&quot;0&quot;,&quot;copyright&quot;:&quot;&quot;,&quot;focal_length&quot;:&quot;0&quot;,&quot;iso&quot;:&quot;0&quot;,&quot;shutter_speed&quot;:&quot;0&quot;,&quot;title&quot;:&quot;&quot;,&quot;orientation&quot;:&quot;0&quot;}\" data-image-title=\"galleta-y-mantequilla\" data-image-description=\"\" data-image-caption=\"&lt;p&gt;Con la mantequilla&lt;\/p&gt;\n\" data-large-file=\"https:\/\/i0.wp.com\/le-fort.org\/cocina\/wp-content\/uploads\/2011\/07\/galleta-y-mantequilla.jpg?fit=620%2C350&amp;ssl=1\" class=\"size-full wp-image-4093\" src=\"https:\/\/i0.wp.com\/www.le-fort.org\/wp-content\/uploads\/2011\/07\/galleta-y-mantequilla.jpg?resize=620%2C350&#038;ssl=1\" alt=\"Con la mantequilla\" width=\"620\" height=\"350\" srcset=\"https:\/\/i0.wp.com\/le-fort.org\/cocina\/wp-content\/uploads\/2011\/07\/galleta-y-mantequilla.jpg?w=620&amp;ssl=1 620w, https:\/\/i0.wp.com\/le-fort.org\/cocina\/wp-content\/uploads\/2011\/07\/galleta-y-mantequilla.jpg?resize=600%2C339&amp;ssl=1 600w\" sizes=\"auto, (max-width: 620px) 100vw, 620px\" \/><\/a><figcaption id=\"caption-attachment-4093\" class=\"wp-caption-text\">Con la mantequilla<\/figcaption><\/figure>\n<figure id=\"attachment_4102\" aria-describedby=\"caption-attachment-4102\" style=\"width: 620px\" class=\"wp-caption aligncenter\"><img data-recalc-dims=\"1\" loading=\"lazy\" decoding=\"async\" data-attachment-id=\"4102\" data-permalink=\"https:\/\/le-fort.org\/cocina\/receta-de-pie-de-limon-sin-horno\/forrado\/\" data-orig-file=\"https:\/\/i0.wp.com\/le-fort.org\/cocina\/wp-content\/uploads\/2011\/07\/forrado.jpg?fit=620%2C350&amp;ssl=1\" data-orig-size=\"620,350\" data-comments-opened=\"0\" data-image-meta=\"{&quot;aperture&quot;:&quot;0&quot;,&quot;credit&quot;:&quot;&quot;,&quot;camera&quot;:&quot;&quot;,&quot;caption&quot;:&quot;&quot;,&quot;created_timestamp&quot;:&quot;0&quot;,&quot;copyright&quot;:&quot;&quot;,&quot;focal_length&quot;:&quot;0&quot;,&quot;iso&quot;:&quot;0&quot;,&quot;shutter_speed&quot;:&quot;0&quot;,&quot;title&quot;:&quot;&quot;,&quot;orientation&quot;:&quot;0&quot;}\" data-image-title=\"forrado\" data-image-description=\"\" data-image-caption=\"&lt;p&gt;Molde forrado. Perd\u00f3n por la foto. No est\u00e1 muy buena.&lt;\/p&gt;\n\" data-large-file=\"https:\/\/i0.wp.com\/le-fort.org\/cocina\/wp-content\/uploads\/2011\/07\/forrado.jpg?fit=620%2C350&amp;ssl=1\" class=\"size-full wp-image-4102\" src=\"https:\/\/i0.wp.com\/www.le-fort.org\/wp-content\/uploads\/2011\/07\/forrado.jpg?resize=620%2C350&#038;ssl=1\" alt=\"Molde forrado. Perd\u00f3n por la foto. No est\u00e1 muy buena.\" width=\"620\" height=\"350\" srcset=\"https:\/\/i0.wp.com\/le-fort.org\/cocina\/wp-content\/uploads\/2011\/07\/forrado.jpg?w=620&amp;ssl=1 620w, https:\/\/i0.wp.com\/le-fort.org\/cocina\/wp-content\/uploads\/2011\/07\/forrado.jpg?resize=600%2C339&amp;ssl=1 600w\" sizes=\"auto, (max-width: 620px) 100vw, 620px\" \/><figcaption id=\"caption-attachment-4102\" class=\"wp-caption-text\">Molde forrado. Perd\u00f3n por la foto. No est\u00e1 muy buena.<\/figcaption><\/figure>\n<h3>El relleno<\/h3>\n<p>El relleno se prepara mezclando el jugo de lim\u00f3n con la leche condensada, la gelatina hidratada y la ralladura de lim\u00f3n, revolviendo hasta que espese.<br \/>\n<a href=\"https:\/\/i0.wp.com\/le-fort.org\/wp-content\/uploads\/2011\/07\/ralladura.jpg?ssl=1\"><img data-recalc-dims=\"1\" loading=\"lazy\" decoding=\"async\" data-attachment-id=\"4099\" data-permalink=\"https:\/\/le-fort.org\/cocina\/receta-de-pie-de-limon-sin-horno\/ralladura\/\" data-orig-file=\"https:\/\/i0.wp.com\/le-fort.org\/cocina\/wp-content\/uploads\/2011\/07\/ralladura.jpg?fit=620%2C350&amp;ssl=1\" data-orig-size=\"620,350\" data-comments-opened=\"0\" data-image-meta=\"{&quot;aperture&quot;:&quot;0&quot;,&quot;credit&quot;:&quot;&quot;,&quot;camera&quot;:&quot;&quot;,&quot;caption&quot;:&quot;&quot;,&quot;created_timestamp&quot;:&quot;0&quot;,&quot;copyright&quot;:&quot;&quot;,&quot;focal_length&quot;:&quot;0&quot;,&quot;iso&quot;:&quot;0&quot;,&quot;shutter_speed&quot;:&quot;0&quot;,&quot;title&quot;:&quot;&quot;,&quot;orientation&quot;:&quot;0&quot;}\" data-image-title=\"ralladura\" data-image-description=\"\" data-image-caption=\"\" data-large-file=\"https:\/\/i0.wp.com\/le-fort.org\/cocina\/wp-content\/uploads\/2011\/07\/ralladura.jpg?fit=620%2C350&amp;ssl=1\" class=\"aligncenter size-full wp-image-4099\" src=\"https:\/\/i0.wp.com\/www.le-fort.org\/wp-content\/uploads\/2011\/07\/ralladura.jpg?resize=620%2C350&#038;ssl=1\" alt=\"ralladura\" width=\"620\" height=\"350\" srcset=\"https:\/\/i0.wp.com\/le-fort.org\/cocina\/wp-content\/uploads\/2011\/07\/ralladura.jpg?w=620&amp;ssl=1 620w, https:\/\/i0.wp.com\/le-fort.org\/cocina\/wp-content\/uploads\/2011\/07\/ralladura.jpg?resize=600%2C339&amp;ssl=1 600w\" sizes=\"auto, (max-width: 620px) 100vw, 620px\" \/><\/a><\/p>\n<p><a href=\"https:\/\/i0.wp.com\/le-fort.org\/wp-content\/uploads\/2011\/07\/jugo-de-limon.jpg?ssl=1\"><img data-recalc-dims=\"1\" loading=\"lazy\" decoding=\"async\" data-attachment-id=\"4094\" data-permalink=\"https:\/\/le-fort.org\/cocina\/receta-de-pie-de-limon-sin-horno\/jugo-de-limon\/\" data-orig-file=\"https:\/\/i0.wp.com\/le-fort.org\/cocina\/wp-content\/uploads\/2011\/07\/jugo-de-limon.jpg?fit=350%2C620&amp;ssl=1\" data-orig-size=\"350,620\" data-comments-opened=\"0\" data-image-meta=\"{&quot;aperture&quot;:&quot;0&quot;,&quot;credit&quot;:&quot;&quot;,&quot;camera&quot;:&quot;&quot;,&quot;caption&quot;:&quot;&quot;,&quot;created_timestamp&quot;:&quot;0&quot;,&quot;copyright&quot;:&quot;&quot;,&quot;focal_length&quot;:&quot;0&quot;,&quot;iso&quot;:&quot;0&quot;,&quot;shutter_speed&quot;:&quot;0&quot;,&quot;title&quot;:&quot;&quot;,&quot;orientation&quot;:&quot;0&quot;}\" data-image-title=\"jugo-de-limon\" data-image-description=\"\" data-image-caption=\"\" data-large-file=\"https:\/\/i0.wp.com\/le-fort.org\/cocina\/wp-content\/uploads\/2011\/07\/jugo-de-limon.jpg?fit=350%2C620&amp;ssl=1\" class=\"aligncenter size-full wp-image-4094\" src=\"https:\/\/i0.wp.com\/www.le-fort.org\/wp-content\/uploads\/2011\/07\/jugo-de-limon.jpg?resize=350%2C620&#038;ssl=1\" alt=\"jugo-de-limon\" width=\"350\" height=\"620\" srcset=\"https:\/\/i0.wp.com\/le-fort.org\/cocina\/wp-content\/uploads\/2011\/07\/jugo-de-limon.jpg?w=350&amp;ssl=1 350w, https:\/\/i0.wp.com\/le-fort.org\/cocina\/wp-content\/uploads\/2011\/07\/jugo-de-limon.jpg?resize=339%2C600&amp;ssl=1 339w\" sizes=\"auto, (max-width: 350px) 100vw, 350px\" \/><\/a><\/p>\n<p><img data-recalc-dims=\"1\" loading=\"lazy\" decoding=\"async\" data-attachment-id=\"4091\" data-permalink=\"https:\/\/le-fort.org\/cocina\/receta-de-pie-de-limon-sin-horno\/crema-2\/\" data-orig-file=\"https:\/\/i0.wp.com\/le-fort.org\/cocina\/wp-content\/uploads\/2011\/07\/crema.jpg?fit=620%2C350&amp;ssl=1\" data-orig-size=\"620,350\" data-comments-opened=\"0\" data-image-meta=\"{&quot;aperture&quot;:&quot;0&quot;,&quot;credit&quot;:&quot;&quot;,&quot;camera&quot;:&quot;&quot;,&quot;caption&quot;:&quot;&quot;,&quot;created_timestamp&quot;:&quot;0&quot;,&quot;copyright&quot;:&quot;&quot;,&quot;focal_length&quot;:&quot;0&quot;,&quot;iso&quot;:&quot;0&quot;,&quot;shutter_speed&quot;:&quot;0&quot;,&quot;title&quot;:&quot;&quot;,&quot;orientation&quot;:&quot;0&quot;}\" data-image-title=\"crema\" data-image-description=\"\" data-image-caption=\"\" data-large-file=\"https:\/\/i0.wp.com\/le-fort.org\/cocina\/wp-content\/uploads\/2011\/07\/crema.jpg?fit=620%2C350&amp;ssl=1\" class=\" wp-image-4091\" src=\"https:\/\/i0.wp.com\/www.le-fort.org\/wp-content\/uploads\/2011\/07\/crema.jpg?resize=620%2C350&#038;ssl=1\" alt=\"crema\" width=\"620\" height=\"350\" srcset=\"https:\/\/i0.wp.com\/le-fort.org\/cocina\/wp-content\/uploads\/2011\/07\/crema.jpg?w=620&amp;ssl=1 620w, https:\/\/i0.wp.com\/le-fort.org\/cocina\/wp-content\/uploads\/2011\/07\/crema.jpg?resize=600%2C339&amp;ssl=1 600w\" sizes=\"auto, (max-width: 620px) 100vw, 620px\" \/><\/p>\n<h3>El merengue<\/h3>\n<p>Batir las claras con la pizca de sal hasta que aumenten su volumen y queden blancas y se comiencen a poner firmes. A\u00f1adir el az\u00facar y continuar batiendo hasta que se ponga muy firme.<\/p>\n<p><a href=\"https:\/\/i0.wp.com\/le-fort.org\/wp-content\/uploads\/2011\/07\/merengue-inicio.jpg?ssl=1\"><img data-recalc-dims=\"1\" loading=\"lazy\" decoding=\"async\" data-attachment-id=\"4096\" data-permalink=\"https:\/\/le-fort.org\/cocina\/receta-de-pie-de-limon-sin-horno\/merengue-inicio\/\" data-orig-file=\"https:\/\/i0.wp.com\/le-fort.org\/cocina\/wp-content\/uploads\/2011\/07\/merengue-inicio.jpg?fit=620%2C350&amp;ssl=1\" data-orig-size=\"620,350\" data-comments-opened=\"0\" data-image-meta=\"{&quot;aperture&quot;:&quot;0&quot;,&quot;credit&quot;:&quot;&quot;,&quot;camera&quot;:&quot;&quot;,&quot;caption&quot;:&quot;&quot;,&quot;created_timestamp&quot;:&quot;0&quot;,&quot;copyright&quot;:&quot;&quot;,&quot;focal_length&quot;:&quot;0&quot;,&quot;iso&quot;:&quot;0&quot;,&quot;shutter_speed&quot;:&quot;0&quot;,&quot;title&quot;:&quot;&quot;,&quot;orientation&quot;:&quot;0&quot;}\" data-image-title=\"merengue-inicio\" data-image-description=\"\" data-image-caption=\"\" data-large-file=\"https:\/\/i0.wp.com\/le-fort.org\/cocina\/wp-content\/uploads\/2011\/07\/merengue-inicio.jpg?fit=620%2C350&amp;ssl=1\" class=\"aligncenter size-full wp-image-4096\" src=\"https:\/\/i0.wp.com\/www.le-fort.org\/wp-content\/uploads\/2011\/07\/merengue-inicio.jpg?resize=620%2C350&#038;ssl=1\" alt=\"merengue-inicio\" width=\"620\" height=\"350\" srcset=\"https:\/\/i0.wp.com\/le-fort.org\/cocina\/wp-content\/uploads\/2011\/07\/merengue-inicio.jpg?w=620&amp;ssl=1 620w, https:\/\/i0.wp.com\/le-fort.org\/cocina\/wp-content\/uploads\/2011\/07\/merengue-inicio.jpg?resize=600%2C339&amp;ssl=1 600w\" sizes=\"auto, (max-width: 620px) 100vw, 620px\" \/><\/a> <a href=\"https:\/\/i0.wp.com\/le-fort.org\/wp-content\/uploads\/2011\/07\/merengue-wip.jpg?ssl=1\"><img data-recalc-dims=\"1\" loading=\"lazy\" decoding=\"async\" data-attachment-id=\"4097\" data-permalink=\"https:\/\/le-fort.org\/cocina\/receta-de-pie-de-limon-sin-horno\/merengue-wip\/\" data-orig-file=\"https:\/\/i0.wp.com\/le-fort.org\/cocina\/wp-content\/uploads\/2011\/07\/merengue-wip.jpg?fit=620%2C350&amp;ssl=1\" data-orig-size=\"620,350\" data-comments-opened=\"0\" data-image-meta=\"{&quot;aperture&quot;:&quot;0&quot;,&quot;credit&quot;:&quot;&quot;,&quot;camera&quot;:&quot;&quot;,&quot;caption&quot;:&quot;&quot;,&quot;created_timestamp&quot;:&quot;0&quot;,&quot;copyright&quot;:&quot;&quot;,&quot;focal_length&quot;:&quot;0&quot;,&quot;iso&quot;:&quot;0&quot;,&quot;shutter_speed&quot;:&quot;0&quot;,&quot;title&quot;:&quot;&quot;,&quot;orientation&quot;:&quot;0&quot;}\" data-image-title=\"merengue-wip\" data-image-description=\"\" data-image-caption=\"\" data-large-file=\"https:\/\/i0.wp.com\/le-fort.org\/cocina\/wp-content\/uploads\/2011\/07\/merengue-wip.jpg?fit=620%2C350&amp;ssl=1\" class=\"aligncenter size-full wp-image-4097\" src=\"https:\/\/i0.wp.com\/www.le-fort.org\/wp-content\/uploads\/2011\/07\/merengue-wip.jpg?resize=620%2C350&#038;ssl=1\" alt=\"merengue-wip\" width=\"620\" height=\"350\" srcset=\"https:\/\/i0.wp.com\/le-fort.org\/cocina\/wp-content\/uploads\/2011\/07\/merengue-wip.jpg?w=620&amp;ssl=1 620w, https:\/\/i0.wp.com\/le-fort.org\/cocina\/wp-content\/uploads\/2011\/07\/merengue-wip.jpg?resize=600%2C339&amp;ssl=1 600w\" sizes=\"auto, (max-width: 620px) 100vw, 620px\" \/><\/a><\/p>\n<p><span style=\"line-height: 1.714285714; font-size: 1rem;\">Cubrir el pie con el merengue. Si se dispone de un <\/span><del style=\"line-height: 1.714285714; font-size: 1rem;\" datetime=\"2011-07-23T04:10:23+00:00\">lanzallamas<\/del><span style=\"line-height: 1.714285714; font-size: 1rem;\"> soplete, se puede gratinar a mano, pero es totalmente a gusto\/piroman\u00eda.<\/span><\/p>\n<p><a href=\"https:\/\/i0.wp.com\/le-fort.org\/wp-content\/uploads\/2011\/07\/merengue-cuadriculado.jpg?ssl=1\"><img data-recalc-dims=\"1\" loading=\"lazy\" decoding=\"async\" data-attachment-id=\"4095\" data-permalink=\"https:\/\/le-fort.org\/cocina\/receta-de-pie-de-limon-sin-horno\/merengue-cuadriculado\/\" data-orig-file=\"https:\/\/i0.wp.com\/le-fort.org\/cocina\/wp-content\/uploads\/2011\/07\/merengue-cuadriculado.jpg?fit=620%2C350&amp;ssl=1\" data-orig-size=\"620,350\" data-comments-opened=\"0\" data-image-meta=\"{&quot;aperture&quot;:&quot;0&quot;,&quot;credit&quot;:&quot;&quot;,&quot;camera&quot;:&quot;&quot;,&quot;caption&quot;:&quot;&quot;,&quot;created_timestamp&quot;:&quot;0&quot;,&quot;copyright&quot;:&quot;&quot;,&quot;focal_length&quot;:&quot;0&quot;,&quot;iso&quot;:&quot;0&quot;,&quot;shutter_speed&quot;:&quot;0&quot;,&quot;title&quot;:&quot;&quot;,&quot;orientation&quot;:&quot;0&quot;}\" data-image-title=\"merengue-cuadriculado\" data-image-description=\"\" data-image-caption=\"\" data-large-file=\"https:\/\/i0.wp.com\/le-fort.org\/cocina\/wp-content\/uploads\/2011\/07\/merengue-cuadriculado.jpg?fit=620%2C350&amp;ssl=1\" class=\"aligncenter size-full wp-image-4095\" src=\"https:\/\/i0.wp.com\/www.le-fort.org\/wp-content\/uploads\/2011\/07\/merengue-cuadriculado.jpg?resize=620%2C350&#038;ssl=1\" alt=\"merengue-cuadriculado\" width=\"620\" height=\"350\" srcset=\"https:\/\/i0.wp.com\/le-fort.org\/cocina\/wp-content\/uploads\/2011\/07\/merengue-cuadriculado.jpg?w=620&amp;ssl=1 620w, https:\/\/i0.wp.com\/le-fort.org\/cocina\/wp-content\/uploads\/2011\/07\/merengue-cuadriculado.jpg?resize=600%2C339&amp;ssl=1 600w\" sizes=\"auto, (max-width: 620px) 100vw, 620px\" \/><\/a> <a href=\"https:\/\/i0.wp.com\/le-fort.org\/wp-content\/uploads\/2011\/07\/tostado.jpg?ssl=1\"><img data-recalc-dims=\"1\" loading=\"lazy\" decoding=\"async\" data-attachment-id=\"4100\" data-permalink=\"https:\/\/le-fort.org\/cocina\/receta-de-pie-de-limon-sin-horno\/tostado\/\" data-orig-file=\"https:\/\/i0.wp.com\/le-fort.org\/cocina\/wp-content\/uploads\/2011\/07\/tostado.jpg?fit=620%2C350&amp;ssl=1\" data-orig-size=\"620,350\" data-comments-opened=\"0\" data-image-meta=\"{&quot;aperture&quot;:&quot;0&quot;,&quot;credit&quot;:&quot;&quot;,&quot;camera&quot;:&quot;&quot;,&quot;caption&quot;:&quot;&quot;,&quot;created_timestamp&quot;:&quot;0&quot;,&quot;copyright&quot;:&quot;&quot;,&quot;focal_length&quot;:&quot;0&quot;,&quot;iso&quot;:&quot;0&quot;,&quot;shutter_speed&quot;:&quot;0&quot;,&quot;title&quot;:&quot;&quot;,&quot;orientation&quot;:&quot;0&quot;}\" data-image-title=\"tostado\" data-image-description=\"\" data-image-caption=\"\" data-large-file=\"https:\/\/i0.wp.com\/le-fort.org\/cocina\/wp-content\/uploads\/2011\/07\/tostado.jpg?fit=620%2C350&amp;ssl=1\" class=\"aligncenter size-full wp-image-4100\" src=\"https:\/\/i0.wp.com\/www.le-fort.org\/wp-content\/uploads\/2011\/07\/tostado.jpg?resize=620%2C350&#038;ssl=1\" alt=\"tostado\" width=\"620\" height=\"350\" srcset=\"https:\/\/i0.wp.com\/le-fort.org\/cocina\/wp-content\/uploads\/2011\/07\/tostado.jpg?w=620&amp;ssl=1 620w, https:\/\/i0.wp.com\/le-fort.org\/cocina\/wp-content\/uploads\/2011\/07\/tostado.jpg?resize=600%2C339&amp;ssl=1 600w\" sizes=\"auto, (max-width: 620px) 100vw, 620px\" \/><\/a><\/p>\n<p>Refrigerar, idealmente toda la noche. Mientras m\u00e1s tiempo de refrigerado tiene el pie, m\u00e1s firme queda la masa. Si no importa la firmeza de la masa, se puede comer inmediatamente.<\/p>\n<p><a href=\"https:\/\/i0.wp.com\/le-fort.org\/wp-content\/uploads\/2011\/07\/trozo.jpg?ssl=1\"><img data-recalc-dims=\"1\" loading=\"lazy\" decoding=\"async\" data-attachment-id=\"4101\" data-permalink=\"https:\/\/le-fort.org\/cocina\/receta-de-pie-de-limon-sin-horno\/trozo\/\" data-orig-file=\"https:\/\/i0.wp.com\/le-fort.org\/cocina\/wp-content\/uploads\/2011\/07\/trozo.jpg?fit=620%2C350&amp;ssl=1\" data-orig-size=\"620,350\" data-comments-opened=\"0\" data-image-meta=\"{&quot;aperture&quot;:&quot;0&quot;,&quot;credit&quot;:&quot;&quot;,&quot;camera&quot;:&quot;&quot;,&quot;caption&quot;:&quot;&quot;,&quot;created_timestamp&quot;:&quot;0&quot;,&quot;copyright&quot;:&quot;&quot;,&quot;focal_length&quot;:&quot;0&quot;,&quot;iso&quot;:&quot;0&quot;,&quot;shutter_speed&quot;:&quot;0&quot;,&quot;title&quot;:&quot;&quot;,&quot;orientation&quot;:&quot;0&quot;}\" data-image-title=\"trozo\" data-image-description=\"\" data-image-caption=\"\" data-large-file=\"https:\/\/i0.wp.com\/le-fort.org\/cocina\/wp-content\/uploads\/2011\/07\/trozo.jpg?fit=620%2C350&amp;ssl=1\" class=\"aligncenter size-full wp-image-4101\" src=\"https:\/\/i0.wp.com\/www.le-fort.org\/wp-content\/uploads\/2011\/07\/trozo.jpg?resize=620%2C350&#038;ssl=1\" alt=\"trozo\" width=\"620\" height=\"350\" srcset=\"https:\/\/i0.wp.com\/le-fort.org\/cocina\/wp-content\/uploads\/2011\/07\/trozo.jpg?w=620&amp;ssl=1 620w, https:\/\/i0.wp.com\/le-fort.org\/cocina\/wp-content\/uploads\/2011\/07\/trozo.jpg?resize=600%2C339&amp;ssl=1 600w\" sizes=\"auto, (max-width: 620px) 100vw, 620px\" \/><\/a><\/p>\n<p>[wp_ad_camp_5]<\/p>\n","protected":false},"excerpt":{"rendered":"<p>Receta r\u00e1pida de pie de lim\u00f3n sin horno, con masa de galletas molidas y mantequilla y relleno de leche condensada. Mejora al dejarlo reposar, pero se puede comer inmediatamente sin problemas.<\/p>\n","protected":false},"author":1,"featured_media":4101,"comment_status":"closed","ping_status":"closed","sticky":false,"template":"","format":"standard","meta":{"_jetpack_newsletter_access":"","_jetpack_dont_email_post_to_subs":true,"_jetpack_newsletter_tier_id":0,"_jetpack_memberships_contains_paywalled_content":false,"_jetpack_memberships_contains_paid_content":false,"footnotes":""},"categories":[19,25],"tags":[355,23,24,28,356,351],"class_list":["post-61","post","type-post","status-publish","format-standard","has-post-thumbnail","hentry","category-cocina-comida","category-reposteria","tag-cocina-comida","tag-limon","tag-pie","tag-pie-de-limon","tag-postres","tag-recetas","entry","has-media"],"jetpack_featured_media_url":"https:\/\/i0.wp.com\/le-fort.org\/cocina\/wp-content\/uploads\/2011\/07\/trozo.jpg?fit=620%2C350&ssl=1","jetpack_shortlink":"https:\/\/wp.me\/pghKer-Z","jetpack_sharing_enabled":true,"jetpack-related-posts":[{"id":5272,"url":"https:\/\/le-fort.org\/cocina\/cheesecake-de-limon\/","url_meta":{"origin":61,"position":0},"title":"Cheesecake de Lim\u00f3n","author":"Le-Fort.org","date":"21 de Febrero, 2014","format":false,"excerpt":"Receta de cheesecake de lim\u00f3n, un pie que es a la vez un cheesecake y un pie de lim\u00f3n, con masa de galletas y cubierto de merengue. Nos encant\u00f3 y lo recomendamos.","rel":"","context":"En &quot;Recetas&quot;","block_context":{"text":"Recetas","link":"https:\/\/le-fort.org\/cocina\/categoria\/recetas\/"},"img":{"alt_text":"","src":"https:\/\/i0.wp.com\/le-fort.org\/cocina\/wp-content\/uploads\/2014\/02\/cheesecake-limon-hd.jpg?fit=1200%2C400&ssl=1&resize=350%2C200","width":350,"height":200,"srcset":"https:\/\/i0.wp.com\/le-fort.org\/cocina\/wp-content\/uploads\/2014\/02\/cheesecake-limon-hd.jpg?fit=1200%2C400&ssl=1&resize=350%2C200 1x, https:\/\/i0.wp.com\/le-fort.org\/cocina\/wp-content\/uploads\/2014\/02\/cheesecake-limon-hd.jpg?fit=1200%2C400&ssl=1&resize=525%2C300 1.5x, https:\/\/i0.wp.com\/le-fort.org\/cocina\/wp-content\/uploads\/2014\/02\/cheesecake-limon-hd.jpg?fit=1200%2C400&ssl=1&resize=700%2C400 2x, https:\/\/i0.wp.com\/le-fort.org\/cocina\/wp-content\/uploads\/2014\/02\/cheesecake-limon-hd.jpg?fit=1200%2C400&ssl=1&resize=1050%2C600 3x"},"classes":[]},{"id":5042,"url":"https:\/\/le-fort.org\/cocina\/pie-de-limon-con-leche-evaporada-pie-de-espuma-de-limon\/","url_meta":{"origin":61,"position":1},"title":"Pie de Espuma de Lim\u00f3n","author":"Le-Fort.org","date":"3 de Diciembre, 2013","format":false,"excerpt":"Receta de pie de lim\u00f3n con leche condensada y leche evaporada. Es un pie m\u00e1s ligero que el cl\u00e1sico de leche condensada.","rel":"","context":"En &quot;Recetas&quot;","block_context":{"text":"Recetas","link":"https:\/\/le-fort.org\/cocina\/categoria\/recetas\/"},"img":{"alt_text":"","src":"https:\/\/i0.wp.com\/le-fort.org\/cocina\/wp-content\/uploads\/2013\/12\/hd.jpg?fit=1024%2C400&ssl=1&resize=350%2C200","width":350,"height":200,"srcset":"https:\/\/i0.wp.com\/le-fort.org\/cocina\/wp-content\/uploads\/2013\/12\/hd.jpg?fit=1024%2C400&ssl=1&resize=350%2C200 1x, https:\/\/i0.wp.com\/le-fort.org\/cocina\/wp-content\/uploads\/2013\/12\/hd.jpg?fit=1024%2C400&ssl=1&resize=525%2C300 1.5x, https:\/\/i0.wp.com\/le-fort.org\/cocina\/wp-content\/uploads\/2013\/12\/hd.jpg?fit=1024%2C400&ssl=1&resize=700%2C400 2x"},"classes":[]},{"id":5144,"url":"https:\/\/le-fort.org\/cocina\/pie-de-maracuya-sin-horno\/","url_meta":{"origin":61,"position":2},"title":"Pie de Maracuy\u00e1 sin Horno","author":"Le-Fort.org","date":"10 de Enero, 2014","format":false,"excerpt":"Receta de pie sin horno de maracuy\u00e1 o pie de parchita con leche condensada y gelatina.","rel":"","context":"En &quot;Recetas&quot;","block_context":{"text":"Recetas","link":"https:\/\/le-fort.org\/cocina\/categoria\/recetas\/"},"img":{"alt_text":"","src":"https:\/\/i0.wp.com\/le-fort.org\/cocina\/wp-content\/uploads\/2014\/01\/pie-maracuya-hd.jpg?fit=1200%2C400&ssl=1&resize=350%2C200","width":350,"height":200,"srcset":"https:\/\/i0.wp.com\/le-fort.org\/cocina\/wp-content\/uploads\/2014\/01\/pie-maracuya-hd.jpg?fit=1200%2C400&ssl=1&resize=350%2C200 1x, https:\/\/i0.wp.com\/le-fort.org\/cocina\/wp-content\/uploads\/2014\/01\/pie-maracuya-hd.jpg?fit=1200%2C400&ssl=1&resize=525%2C300 1.5x, https:\/\/i0.wp.com\/le-fort.org\/cocina\/wp-content\/uploads\/2014\/01\/pie-maracuya-hd.jpg?fit=1200%2C400&ssl=1&resize=700%2C400 2x, https:\/\/i0.wp.com\/le-fort.org\/cocina\/wp-content\/uploads\/2014\/01\/pie-maracuya-hd.jpg?fit=1200%2C400&ssl=1&resize=1050%2C600 3x"},"classes":[]},{"id":5065,"url":"https:\/\/le-fort.org\/cocina\/pie-de-limon-con-leche-condensada-y-yemas-horneado\/","url_meta":{"origin":61,"position":3},"title":"Pie de Lim\u00f3n con Leche Condensada y Yemas (horneado)","author":"Le-Fort.org","date":"22 de Diciembre, 2013","format":false,"excerpt":"Receta de pie de lim\u00f3n horneado con relleno de leche condensada, jugo de lim\u00f3n y yemas. En este caso utilizamos merenguitos comprados para decorar. Es f\u00e1cil y r\u00e1pido.","rel":"","context":"En &quot;Recetas&quot;","block_context":{"text":"Recetas","link":"https:\/\/le-fort.org\/cocina\/categoria\/recetas\/"},"img":{"alt_text":"","src":"https:\/\/i0.wp.com\/le-fort.org\/cocina\/wp-content\/uploads\/2013\/12\/pie-limon-hd.jpg?fit=960%2C400&ssl=1&resize=350%2C200","width":350,"height":200,"srcset":"https:\/\/i0.wp.com\/le-fort.org\/cocina\/wp-content\/uploads\/2013\/12\/pie-limon-hd.jpg?fit=960%2C400&ssl=1&resize=350%2C200 1x, https:\/\/i0.wp.com\/le-fort.org\/cocina\/wp-content\/uploads\/2013\/12\/pie-limon-hd.jpg?fit=960%2C400&ssl=1&resize=525%2C300 1.5x, https:\/\/i0.wp.com\/le-fort.org\/cocina\/wp-content\/uploads\/2013\/12\/pie-limon-hd.jpg?fit=960%2C400&ssl=1&resize=700%2C400 2x"},"classes":[]},{"id":6173,"url":"https:\/\/le-fort.org\/cocina\/pie-de-limon-mezclado\/","url_meta":{"origin":61,"position":4},"title":"Pie de Lim\u00f3n Mezclado","author":"Le-Fort.org","date":"23 de Abril, 2015","format":false,"excerpt":"Pie de Lim\u00f3n con un cambio. En vez de que el merengue vaya encima, va integrado en el relleno. Queda m\u00e1s suave y menos dulce. \u00a1Pru\u00e9balo!","rel":"","context":"En &quot;Recetas&quot;","block_context":{"text":"Recetas","link":"https:\/\/le-fort.org\/cocina\/categoria\/recetas\/"},"img":{"alt_text":"","src":"https:\/\/i0.wp.com\/le-fort.org\/cocina\/wp-content\/uploads\/2015\/04\/pie-mezclado.jpg?fit=1200%2C400&ssl=1&resize=350%2C200","width":350,"height":200,"srcset":"https:\/\/i0.wp.com\/le-fort.org\/cocina\/wp-content\/uploads\/2015\/04\/pie-mezclado.jpg?fit=1200%2C400&ssl=1&resize=350%2C200 1x, https:\/\/i0.wp.com\/le-fort.org\/cocina\/wp-content\/uploads\/2015\/04\/pie-mezclado.jpg?fit=1200%2C400&ssl=1&resize=525%2C300 1.5x, https:\/\/i0.wp.com\/le-fort.org\/cocina\/wp-content\/uploads\/2015\/04\/pie-mezclado.jpg?fit=1200%2C400&ssl=1&resize=700%2C400 2x, https:\/\/i0.wp.com\/le-fort.org\/cocina\/wp-content\/uploads\/2015\/04\/pie-mezclado.jpg?fit=1200%2C400&ssl=1&resize=1050%2C600 3x"},"classes":[]},{"id":73,"url":"https:\/\/le-fort.org\/cocina\/receta-pie-de-limon-relleno-maicena\/","url_meta":{"origin":61,"position":5},"title":"Pie de lim\u00f3n con relleno de Maicena","author":"Le-Fort.org","date":"26 de Julio, 2011","format":false,"excerpt":"Receta de Pie de lim\u00f3n con relleno de maicena, menos dulce que el de leche condensada, y m\u00e1s adecuado para los intolerantes a la lactosa.","rel":"","context":"En &quot;Reposter\u00eda&quot;","block_context":{"text":"Reposter\u00eda","link":"https:\/\/le-fort.org\/cocina\/categoria\/reposteria\/"},"img":{"alt_text":"","src":"https:\/\/i0.wp.com\/le-fort.org\/cocina\/wp-content\/uploads\/2011\/07\/pie-limon-hd.jpg?fit=1200%2C400&ssl=1&resize=350%2C200","width":350,"height":200,"srcset":"https:\/\/i0.wp.com\/le-fort.org\/cocina\/wp-content\/uploads\/2011\/07\/pie-limon-hd.jpg?fit=1200%2C400&ssl=1&resize=350%2C200 1x, https:\/\/i0.wp.com\/le-fort.org\/cocina\/wp-content\/uploads\/2011\/07\/pie-limon-hd.jpg?fit=1200%2C400&ssl=1&resize=525%2C300 1.5x, https:\/\/i0.wp.com\/le-fort.org\/cocina\/wp-content\/uploads\/2011\/07\/pie-limon-hd.jpg?fit=1200%2C400&ssl=1&resize=700%2C400 2x, https:\/\/i0.wp.com\/le-fort.org\/cocina\/wp-content\/uploads\/2011\/07\/pie-limon-hd.jpg?fit=1200%2C400&ssl=1&resize=1050%2C600 3x"},"classes":[]}],"_links":{"self":[{"href":"https:\/\/le-fort.org\/cocina\/wp-json\/wp\/v2\/posts\/61","targetHints":{"allow":["GET"]}}],"collection":[{"href":"https:\/\/le-fort.org\/cocina\/wp-json\/wp\/v2\/posts"}],"about":[{"href":"https:\/\/le-fort.org\/cocina\/wp-json\/wp\/v2\/types\/post"}],"author":[{"embeddable":true,"href":"https:\/\/le-fort.org\/cocina\/wp-json\/wp\/v2\/users\/1"}],"replies":[{"embeddable":true,"href":"https:\/\/le-fort.org\/cocina\/wp-json\/wp\/v2\/comments?post=61"}],"version-history":[{"count":1,"href":"https:\/\/le-fort.org\/cocina\/wp-json\/wp\/v2\/posts\/61\/revisions"}],"predecessor-version":[{"id":15918,"href":"https:\/\/le-fort.org\/cocina\/wp-json\/wp\/v2\/posts\/61\/revisions\/15918"}],"wp:featuredmedia":[{"embeddable":true,"href":"https:\/\/le-fort.org\/cocina\/wp-json\/wp\/v2\/media\/4101"}],"wp:attachment":[{"href":"https:\/\/le-fort.org\/cocina\/wp-json\/wp\/v2\/media?parent=61"}],"wp:term":[{"taxonomy":"category","embeddable":true,"href":"https:\/\/le-fort.org\/cocina\/wp-json\/wp\/v2\/categories?post=61"},{"taxonomy":"post_tag","embeddable":true,"href":"https:\/\/le-fort.org\/cocina\/wp-json\/wp\/v2\/tags?post=61"}],"curies":[{"name":"wp","href":"https:\/\/api.w.org\/{rel}","templated":true}]}}